{"id":7488,"date":"2021-08-10T18:05:51","date_gmt":"2021-08-10T18:05:51","guid":{"rendered":"https:\/\/cvinoticias.com\/v3\/?p=7488"},"modified":"2021-08-10T18:05:51","modified_gmt":"2021-08-10T18:05:51","slug":"nuevo-sorteo-procrear-ii-donde-inscribirse-y-cuales-son-los-11-requisitos","status":"publish","type":"post","link":"https:\/\/cvinoticias.com\/v3\/nuevo-sorteo-procrear-ii-donde-inscribirse-y-cuales-son-los-11-requisitos\/","title":{"rendered":"Nuevo sorteo Procrear II: d\u00f3nde inscribirse y cuales son los 11 requisitos"},"content":{"rendered":"\n<h2 class=\"wp-block-heading\">A partir de este martes, el Ministerio de Desarrollo Territorial y H\u00e1bitat que conduce&nbsp;Jorge Ferraresi ofrece a las familias interesadas y que cumplan los requisitos anotarse para participar en el otorgamiento de un cr\u00e9dito hipotecario en marco del programa federal Casa Propia<\/h2>\n\n\n\n<p>A partir de este martes, el\u00a0Ministerio de Desarrollo Territorial y H\u00e1bitat\u00a0que conduce\u00a0Jorge Ferraresi\u00a0abri\u00f3 las inscripciones a\u00a0cr\u00e9ditos hipotecarios\u00a0del\u00a0Procrear II\u00a0de la\u00a0l\u00ednea Desarrollos Urban\u00edsticos\u00a0donde podr\u00e1n incribirse aquellas familias interesadas en 11 provincias del pa\u00eds.<\/p>\n\n\n\n<p>Se trata de<strong>&nbsp;494 viviendas<\/strong>, que forman parte&nbsp;del programa federal<strong>&nbsp;<a href=\"https:\/\/www.baenegocios.com\/tags\/Casa%20Propia\">Casa Propia<\/a><\/strong>, en esta ocasi\u00f3n se sortear\u00e1n&nbsp;unidades funcionales ubicadas en los predios de:<\/p>\n\n\n\n<ul class=\"wp-block-list\"><li>Bah\u00eda Blanca<\/li><li>Canning<\/li><li>Ciudad Evita<\/li><li>Haedo<\/li><li>Ituzaing\u00f3<\/li><li>Lomas de Zamora<\/li><li>Merlo<\/li><li>Mor\u00f3n<\/li><li>San Antonio de Areco<\/li><li>San Mart\u00edn<\/li><li>San Miguel<\/li><li>San Nicol\u00e1s (Buenos Aires)<\/li><li>Estaci\u00f3n Buenos Aires (Ciudad Aut\u00f3noma de Buenos Aires)<\/li><li>Barrio Liceo, San Francisco y Alejandro Roca (C\u00f3rdoba)<\/li><li>Ciudad de Corrientes (Corrientes)<\/li><li>La Dormida, Maip\u00fa, Malarg\u00fce, Mendoza Capital, San Mart\u00edn, San Rafael (Mendoza)<\/li><li>Posadas (Misiones)<\/li><li>Zapala (Neuqu\u00e9n)<\/li><li>Bariloche y Viedma (R\u00edo Negro)<\/li><li>San Luis (San Luis)<\/li><li>R\u00edo Gallegos (Santa Cruz)<\/li><li>La Banda (Santiago del Estero)<\/li><\/ul>\n\n\n\n<p>\u00abEn el marco de la implementaci\u00f3n de acciones comprometidas con la igualdad de oportunidades y la promoci\u00f3n de derechos, Procrear II ofrece soluciones que atienden a la diversidad de las\u00a0demandas habitacionales, as\u00ed como a la particularidad de cada provincia y municipio donde se lleva adelante. Desde una pol\u00edtica p\u00fablica que pone el foco en la vivienda como un derecho fundamental, reconoce el rol estrat\u00e9gico del proceso productivo de la construcci\u00f3n, protege los ingresos de las familias adjudicatarias, y se propone generar espacios p\u00fablicos de calidad, los usos culturales y barriales\u00bb, informa el sitio web oficial.<\/p>\n\n\n\n<p>Sobre esta nueva apertura,\u00a0Ferraresi\u00a0se\u00f1al\u00f3 que\u00a0\u201clas familias que resulten ganadoras y\u00a0puedan recibir las llaves de su casa propia\u00a0van a poder planificar su futuro de una manera distinta, con un sue\u00f1o cumplido. El rol del Estado en esto es fundamental, apoyando con inversi\u00f3n la generaci\u00f3n de nuevas viviendas y promoviendo pol\u00edticas p\u00fablicas que ampl\u00eden derechos para todos los argentinos y argentinas, como siempre dice el presidente Alberto Fern\u00e1ndez\u201d.<\/p>\n\n\n\n<h2 class=\"wp-block-heading\">Procrear II: \u00bfC\u00f3mo participar del sorteo?<\/h2>\n\n\n\n<p>\u00abYa pod\u00e9s anotarte para acceder a una vivienda en distintos\u00a0Desarrollos Urban\u00edsticos\u00a0en todo el pa\u00eds. Verific\u00e1 si cumpl\u00eds con todos los requisitos e inscribite completando el formulario de inscripci\u00f3n\u00bb, informa el sitio web oficial.<\/p>\n\n\n\n<h2 class=\"wp-block-heading\">Requisitos del Procrear II Desarrollos Urbanisticos<\/h2>\n\n\n\n<ul class=\"wp-block-list\"><li>No haber resultado beneficiado\/a con\u00a0planes de vivienda en los \u00faltimos diez (10) a\u00f1os.<\/li><li>No tener, tanto el\/la titular, como el\/la cotitular,\u00a0bienes inmuebles registrados\u00a0a su nombre, ni como propietarios ni como co-propietarios, al momento de iniciar el proceso de inscripci\u00f3n. Con excepci\u00f3n de los casos detallados en las Bases y Condiciones.<\/li><li>Contar con el\u00a0Documento Nacional de Identidad\u00a0vigente (DNI o Libreta de Enrolamiento o Libreta C\u00edvica) de todos los integrantes de la solicitud al momento de iniciar el tr\u00e1mite.<\/li><li>Ser argentinos\/as o extranjeros\/as\u00a0con residencia permanente en el pa\u00eds.<\/li><li>Tener entre 18 y 64 a\u00f1os\u00a0al momento de completar la inscripci\u00f3n.<\/li><li>Acreditar el estado civil declarado en el\u00a0formulario de inscripci\u00f3n, excepto el estado civil soltero.<\/li><li>Presentar\u00a0Certificado de Discapacidad\u00a0en caso de corresponder.<\/li><li>Demostrar\u00a0ingresos netos mensuales\u00a0del grupo familiar conviviente \u2013tanto el\/la solicitante como su c\u00f3nyuge o pareja conviviente\u2013 entre 2 SMVyM y 8 SMVyM. Los ingresos m\u00ednimos necesarios para acceder a una determinada vivienda podr\u00e1n variar seg\u00fan el predio y la tipolog\u00eda seleccionada. De acuerdo a la informaci\u00f3n declarada en el formulario, se indicar\u00e1 si existen o no tipolog\u00edas disponibles.<\/li><li>Demostrar, como m\u00ednimo,\u00a0doce (12) meses de continuidad laboral\u00a0registrada.<\/li><li>No registrar antecedentes negativos\u00a0en el Sistema Financiero durante los \u00faltimos doce (12) meses por falta de pago de obligaciones de todo tipo; no encontrarse inhabilitados por el BCRA o por Orden Judicial; no registrar juicios seg\u00fan informe de antecedentes comerciales en los \u00faltimos cinco (5) a\u00f1os; no registrar embargos; y no registrar peticiones o declaraciones de concurso o quiebra.<\/li><li>Los y las participantes, al momento de completar el formulario de inscripci\u00f3n, podr\u00e1n\u00a0incluir solo un\/a cotitular. Para el caso de los y las participantes de estado civil casado\/a, el\/la c\u00f3nyuge, ser\u00e1 considerado cotitular autom\u00e1ticamente.<\/li><\/ul>\n","protected":false},"excerpt":{"rendered":"<p>A partir de este martes, el Ministerio de Desarrollo Territorial y H\u00e1bitat que conduce&nbsp;Jorge Ferraresi ofrece a las familias interesadas y que cumplan los requisitos anotarse para participar en el otorgamiento de un cr\u00e9dito hipotecario en marco del programa federal Casa Propia A partir de este martes, el\u00a0Ministerio de Desarrollo Territorial y H\u00e1bitat\u00a0que conduce\u00a0Jorge Ferraresi\u00a0abri\u00f3 [&hellip;]<\/p>\n","protected":false},"author":2,"featured_media":7489,"comment_status":"open","ping_status":"open","sticky":false,"template":"","format":"standard","meta":{"footnotes":""},"categories":[35],"tags":[],"class_list":["post-7488","post","type-post","status-publish","format-standard","has-post-thumbnail","hentry","category-informacion-general"],"yoast_head":"<!-- This site is optimized with the Yoast SEO plugin v27.5 - https:\/\/yoast.com\/product\/yoast-seo-wordpress\/ -->\n<title>Nuevo sorteo Procrear II: d\u00f3nde inscribirse y cuales son los 11 requisitos | CVI NOTICIAS<\/title>\n<meta name=\"robots\" content=\"index, follow, max-snippet:-1, max-image-preview:large, max-video-preview:-1\" \/>\n<link rel=\"canonical\" href=\"https:\/\/cvinoticias.com\/v3\/nuevo-sorteo-procrear-ii-donde-inscribirse-y-cuales-son-los-11-requisitos\/\" \/>\n<meta property=\"og:locale\" content=\"es_ES\" \/>\n<meta property=\"og:type\" content=\"article\" \/>\n<meta property=\"og:title\" content=\"Nuevo sorteo Procrear II: d\u00f3nde inscribirse y cuales son los 11 requisitos | CVI NOTICIAS\" \/>\n<meta property=\"og:description\" content=\"A partir de este martes, el Ministerio de Desarrollo Territorial y H\u00e1bitat que conduce&nbsp;Jorge Ferraresi ofrece a las familias interesadas y que cumplan los requisitos anotarse para participar en el otorgamiento de un cr\u00e9dito hipotecario en marco del programa federal Casa Propia A partir de este martes, el\u00a0Ministerio de Desarrollo Territorial y H\u00e1bitat\u00a0que conduce\u00a0Jorge Ferraresi\u00a0abri\u00f3 [&hellip;]\" \/>\n<meta property=\"og:url\" content=\"https:\/\/cvinoticias.com\/v3\/nuevo-sorteo-procrear-ii-donde-inscribirse-y-cuales-son-los-11-requisitos\/\" \/>\n<meta property=\"og:site_name\" content=\"CVI NOTICIAS\" \/>\n<meta property=\"article:publisher\" content=\"https:\/\/www.facebook.com\/cvinoticias\" \/>\n<meta property=\"article:published_time\" content=\"2021-08-10T18:05:51+00:00\" \/>\n<meta property=\"og:image\" content=\"https:\/\/cvinoticias.com\/wp-content\/uploads\/2021\/08\/procrear_1.jpg_1831930985.jpg\" \/>\n\t<meta property=\"og:image:width\" content=\"1200\" \/>\n\t<meta property=\"og:image:height\" content=\"1200\" \/>\n\t<meta property=\"og:image:type\" content=\"image\/jpeg\" \/>\n<meta name=\"author\" content=\"f1000024\" \/>\n<meta name=\"twitter:card\" content=\"summary_large_image\" \/>\n<meta name=\"twitter:label1\" content=\"Escrito por\" \/>\n\t<meta name=\"twitter:data1\" content=\"f1000024\" \/>\n\t<meta name=\"twitter:label2\" content=\"Tiempo de lectura\" \/>\n\t<meta name=\"twitter:data2\" content=\"4 minutos\" \/>\n<script type=\"application\/ld+json\" class=\"yoast-schema-graph\">{\"@context\":\"https:\\\/\\\/schema.org\",\"@graph\":[{\"@type\":\"Article\",\"@id\":\"https:\\\/\\\/cvinoticias.com\\\/v3\\\/nuevo-sorteo-procrear-ii-donde-inscribirse-y-cuales-son-los-11-requisitos\\\/#article\",\"isPartOf\":{\"@id\":\"https:\\\/\\\/cvinoticias.com\\\/v3\\\/nuevo-sorteo-procrear-ii-donde-inscribirse-y-cuales-son-los-11-requisitos\\\/\"},\"author\":{\"name\":\"f1000024\",\"@id\":\"https:\\\/\\\/cvinoticias.com\\\/v3\\\/#\\\/schema\\\/person\\\/2db77e3c6bc03c538495d7b2b8be9b66\"},\"headline\":\"Nuevo sorteo Procrear II: d\u00f3nde inscribirse y cuales son los 11 requisitos\",\"datePublished\":\"2021-08-10T18:05:51+00:00\",\"mainEntityOfPage\":{\"@id\":\"https:\\\/\\\/cvinoticias.com\\\/v3\\\/nuevo-sorteo-procrear-ii-donde-inscribirse-y-cuales-son-los-11-requisitos\\\/\"},\"wordCount\":773,\"commentCount\":1,\"publisher\":{\"@id\":\"https:\\\/\\\/cvinoticias.com\\\/v3\\\/#organization\"},\"image\":{\"@id\":\"https:\\\/\\\/cvinoticias.com\\\/v3\\\/nuevo-sorteo-procrear-ii-donde-inscribirse-y-cuales-son-los-11-requisitos\\\/#primaryimage\"},\"thumbnailUrl\":\"https:\\\/\\\/cvinoticias.com\\\/wp-content\\\/uploads\\\/2021\\\/08\\\/procrear_1.jpg_1831930985.jpg\",\"articleSection\":[\"Informaci\u00f3n General\"],\"inLanguage\":\"es\",\"potentialAction\":[{\"@type\":\"CommentAction\",\"name\":\"Comment\",\"target\":[\"https:\\\/\\\/cvinoticias.com\\\/v3\\\/nuevo-sorteo-procrear-ii-donde-inscribirse-y-cuales-son-los-11-requisitos\\\/#respond\"]}]},{\"@type\":\"WebPage\",\"@id\":\"https:\\\/\\\/cvinoticias.com\\\/v3\\\/nuevo-sorteo-procrear-ii-donde-inscribirse-y-cuales-son-los-11-requisitos\\\/\",\"url\":\"https:\\\/\\\/cvinoticias.com\\\/v3\\\/nuevo-sorteo-procrear-ii-donde-inscribirse-y-cuales-son-los-11-requisitos\\\/\",\"name\":\"Nuevo sorteo Procrear II: d\u00f3nde inscribirse y cuales son los 11 requisitos | CVI NOTICIAS\",\"isPartOf\":{\"@id\":\"https:\\\/\\\/cvinoticias.com\\\/v3\\\/#website\"},\"primaryImageOfPage\":{\"@id\":\"https:\\\/\\\/cvinoticias.com\\\/v3\\\/nuevo-sorteo-procrear-ii-donde-inscribirse-y-cuales-son-los-11-requisitos\\\/#primaryimage\"},\"image\":{\"@id\":\"https:\\\/\\\/cvinoticias.com\\\/v3\\\/nuevo-sorteo-procrear-ii-donde-inscribirse-y-cuales-son-los-11-requisitos\\\/#primaryimage\"},\"thumbnailUrl\":\"https:\\\/\\\/cvinoticias.com\\\/wp-content\\\/uploads\\\/2021\\\/08\\\/procrear_1.jpg_1831930985.jpg\",\"datePublished\":\"2021-08-10T18:05:51+00:00\",\"breadcrumb\":{\"@id\":\"https:\\\/\\\/cvinoticias.com\\\/v3\\\/nuevo-sorteo-procrear-ii-donde-inscribirse-y-cuales-son-los-11-requisitos\\\/#breadcrumb\"},\"inLanguage\":\"es\",\"potentialAction\":[{\"@type\":\"ReadAction\",\"target\":[\"https:\\\/\\\/cvinoticias.com\\\/v3\\\/nuevo-sorteo-procrear-ii-donde-inscribirse-y-cuales-son-los-11-requisitos\\\/\"]}]},{\"@type\":\"ImageObject\",\"inLanguage\":\"es\",\"@id\":\"https:\\\/\\\/cvinoticias.com\\\/v3\\\/nuevo-sorteo-procrear-ii-donde-inscribirse-y-cuales-son-los-11-requisitos\\\/#primaryimage\",\"url\":\"https:\\\/\\\/cvinoticias.com\\\/wp-content\\\/uploads\\\/2021\\\/08\\\/procrear_1.jpg_1831930985.jpg\",\"contentUrl\":\"https:\\\/\\\/cvinoticias.com\\\/wp-content\\\/uploads\\\/2021\\\/08\\\/procrear_1.jpg_1831930985.jpg\",\"width\":1200,\"height\":1200},{\"@type\":\"BreadcrumbList\",\"@id\":\"https:\\\/\\\/cvinoticias.com\\\/v3\\\/nuevo-sorteo-procrear-ii-donde-inscribirse-y-cuales-son-los-11-requisitos\\\/#breadcrumb\",\"itemListElement\":[{\"@type\":\"ListItem\",\"position\":1,\"name\":\"Portada\",\"item\":\"https:\\\/\\\/cvinoticias.com\\\/v3\\\/\"},{\"@type\":\"ListItem\",\"position\":2,\"name\":\"Nuevo sorteo Procrear II: d\u00f3nde inscribirse y cuales son los 11 requisitos\"}]},{\"@type\":\"WebSite\",\"@id\":\"https:\\\/\\\/cvinoticias.com\\\/v3\\\/#website\",\"url\":\"https:\\\/\\\/cvinoticias.com\\\/v3\\\/\",\"name\":\"CVI NOTICIAS\",\"description\":\"\",\"publisher\":{\"@id\":\"https:\\\/\\\/cvinoticias.com\\\/v3\\\/#organization\"},\"alternateName\":\"CVI\",\"potentialAction\":[{\"@type\":\"SearchAction\",\"target\":{\"@type\":\"EntryPoint\",\"urlTemplate\":\"https:\\\/\\\/cvinoticias.com\\\/v3\\\/?s={search_term_string}\"},\"query-input\":{\"@type\":\"PropertyValueSpecification\",\"valueRequired\":true,\"valueName\":\"search_term_string\"}}],\"inLanguage\":\"es\"},{\"@type\":\"Organization\",\"@id\":\"https:\\\/\\\/cvinoticias.com\\\/v3\\\/#organization\",\"name\":\"CVI NOTICIAS\",\"url\":\"https:\\\/\\\/cvinoticias.com\\\/v3\\\/\",\"logo\":{\"@type\":\"ImageObject\",\"inLanguage\":\"es\",\"@id\":\"https:\\\/\\\/cvinoticias.com\\\/v3\\\/#\\\/schema\\\/logo\\\/image\\\/\",\"url\":\"https:\\\/\\\/cvinoticias.com\\\/wp-content\\\/uploads\\\/2023\\\/04\\\/cropped-cropped-cropped-cropped-cropped-3-1.png\",\"contentUrl\":\"https:\\\/\\\/cvinoticias.com\\\/wp-content\\\/uploads\\\/2023\\\/04\\\/cropped-cropped-cropped-cropped-cropped-3-1.png\",\"width\":95,\"height\":122,\"caption\":\"CVI NOTICIAS\"},\"image\":{\"@id\":\"https:\\\/\\\/cvinoticias.com\\\/v3\\\/#\\\/schema\\\/logo\\\/image\\\/\"},\"sameAs\":[\"https:\\\/\\\/www.facebook.com\\\/cvinoticias\",\"https:\\\/\\\/www.instagram.com\\\/cvinoticias\\\/\",\"https:\\\/\\\/www.youtube.com\\\/@CVINOTICIAS\"]},{\"@type\":\"Person\",\"@id\":\"https:\\\/\\\/cvinoticias.com\\\/v3\\\/#\\\/schema\\\/person\\\/2db77e3c6bc03c538495d7b2b8be9b66\",\"name\":\"f1000024\",\"image\":{\"@type\":\"ImageObject\",\"inLanguage\":\"es\",\"@id\":\"https:\\\/\\\/secure.gravatar.com\\\/avatar\\\/d4fe7459cfc51ff5129ce1a732bbef5928568b8092d412ef95611616376bbeed?s=96&d=mm&r=g\",\"url\":\"https:\\\/\\\/secure.gravatar.com\\\/avatar\\\/d4fe7459cfc51ff5129ce1a732bbef5928568b8092d412ef95611616376bbeed?s=96&d=mm&r=g\",\"contentUrl\":\"https:\\\/\\\/secure.gravatar.com\\\/avatar\\\/d4fe7459cfc51ff5129ce1a732bbef5928568b8092d412ef95611616376bbeed?s=96&d=mm&r=g\",\"caption\":\"f1000024\"},\"url\":\"https:\\\/\\\/cvinoticias.com\\\/v3\\\/author\\\/f1000024\\\/\"}]}<\/script>\n<!-- \/ Yoast SEO plugin. -->","yoast_head_json":{"title":"Nuevo sorteo Procrear II: d\u00f3nde inscribirse y cuales son los 11 requisitos | CVI NOTICIAS","robots":{"index":"index","follow":"follow","max-snippet":"max-snippet:-1","max-image-preview":"max-image-preview:large","max-video-preview":"max-video-preview:-1"},"canonical":"https:\/\/cvinoticias.com\/v3\/nuevo-sorteo-procrear-ii-donde-inscribirse-y-cuales-son-los-11-requisitos\/","og_locale":"es_ES","og_type":"article","og_title":"Nuevo sorteo Procrear II: d\u00f3nde inscribirse y cuales son los 11 requisitos | CVI NOTICIAS","og_description":"A partir de este martes, el Ministerio de Desarrollo Territorial y H\u00e1bitat que conduce&nbsp;Jorge Ferraresi ofrece a las familias interesadas y que cumplan los requisitos anotarse para participar en el otorgamiento de un cr\u00e9dito hipotecario en marco del programa federal Casa Propia A partir de este martes, el\u00a0Ministerio de Desarrollo Territorial y H\u00e1bitat\u00a0que conduce\u00a0Jorge Ferraresi\u00a0abri\u00f3 [&hellip;]","og_url":"https:\/\/cvinoticias.com\/v3\/nuevo-sorteo-procrear-ii-donde-inscribirse-y-cuales-son-los-11-requisitos\/","og_site_name":"CVI NOTICIAS","article_publisher":"https:\/\/www.facebook.com\/cvinoticias","article_published_time":"2021-08-10T18:05:51+00:00","og_image":[{"width":1200,"height":1200,"url":"https:\/\/cvinoticias.com\/wp-content\/uploads\/2021\/08\/procrear_1.jpg_1831930985.jpg","type":"image\/jpeg"}],"author":"f1000024","twitter_card":"summary_large_image","twitter_misc":{"Escrito por":"f1000024","Tiempo de lectura":"4 minutos"},"schema":{"@context":"https:\/\/schema.org","@graph":[{"@type":"Article","@id":"https:\/\/cvinoticias.com\/v3\/nuevo-sorteo-procrear-ii-donde-inscribirse-y-cuales-son-los-11-requisitos\/#article","isPartOf":{"@id":"https:\/\/cvinoticias.com\/v3\/nuevo-sorteo-procrear-ii-donde-inscribirse-y-cuales-son-los-11-requisitos\/"},"author":{"name":"f1000024","@id":"https:\/\/cvinoticias.com\/v3\/#\/schema\/person\/2db77e3c6bc03c538495d7b2b8be9b66"},"headline":"Nuevo sorteo Procrear II: d\u00f3nde inscribirse y cuales son los 11 requisitos","datePublished":"2021-08-10T18:05:51+00:00","mainEntityOfPage":{"@id":"https:\/\/cvinoticias.com\/v3\/nuevo-sorteo-procrear-ii-donde-inscribirse-y-cuales-son-los-11-requisitos\/"},"wordCount":773,"commentCount":1,"publisher":{"@id":"https:\/\/cvinoticias.com\/v3\/#organization"},"image":{"@id":"https:\/\/cvinoticias.com\/v3\/nuevo-sorteo-procrear-ii-donde-inscribirse-y-cuales-son-los-11-requisitos\/#primaryimage"},"thumbnailUrl":"https:\/\/cvinoticias.com\/wp-content\/uploads\/2021\/08\/procrear_1.jpg_1831930985.jpg","articleSection":["Informaci\u00f3n General"],"inLanguage":"es","potentialAction":[{"@type":"CommentAction","name":"Comment","target":["https:\/\/cvinoticias.com\/v3\/nuevo-sorteo-procrear-ii-donde-inscribirse-y-cuales-son-los-11-requisitos\/#respond"]}]},{"@type":"WebPage","@id":"https:\/\/cvinoticias.com\/v3\/nuevo-sorteo-procrear-ii-donde-inscribirse-y-cuales-son-los-11-requisitos\/","url":"https:\/\/cvinoticias.com\/v3\/nuevo-sorteo-procrear-ii-donde-inscribirse-y-cuales-son-los-11-requisitos\/","name":"Nuevo sorteo Procrear II: d\u00f3nde inscribirse y cuales son los 11 requisitos | CVI NOTICIAS","isPartOf":{"@id":"https:\/\/cvinoticias.com\/v3\/#website"},"primaryImageOfPage":{"@id":"https:\/\/cvinoticias.com\/v3\/nuevo-sorteo-procrear-ii-donde-inscribirse-y-cuales-son-los-11-requisitos\/#primaryimage"},"image":{"@id":"https:\/\/cvinoticias.com\/v3\/nuevo-sorteo-procrear-ii-donde-inscribirse-y-cuales-son-los-11-requisitos\/#primaryimage"},"thumbnailUrl":"https:\/\/cvinoticias.com\/wp-content\/uploads\/2021\/08\/procrear_1.jpg_1831930985.jpg","datePublished":"2021-08-10T18:05:51+00:00","breadcrumb":{"@id":"https:\/\/cvinoticias.com\/v3\/nuevo-sorteo-procrear-ii-donde-inscribirse-y-cuales-son-los-11-requisitos\/#breadcrumb"},"inLanguage":"es","potentialAction":[{"@type":"ReadAction","target":["https:\/\/cvinoticias.com\/v3\/nuevo-sorteo-procrear-ii-donde-inscribirse-y-cuales-son-los-11-requisitos\/"]}]},{"@type":"ImageObject","inLanguage":"es","@id":"https:\/\/cvinoticias.com\/v3\/nuevo-sorteo-procrear-ii-donde-inscribirse-y-cuales-son-los-11-requisitos\/#primaryimage","url":"https:\/\/cvinoticias.com\/wp-content\/uploads\/2021\/08\/procrear_1.jpg_1831930985.jpg","contentUrl":"https:\/\/cvinoticias.com\/wp-content\/uploads\/2021\/08\/procrear_1.jpg_1831930985.jpg","width":1200,"height":1200},{"@type":"BreadcrumbList","@id":"https:\/\/cvinoticias.com\/v3\/nuevo-sorteo-procrear-ii-donde-inscribirse-y-cuales-son-los-11-requisitos\/#breadcrumb","itemListElement":[{"@type":"ListItem","position":1,"name":"Portada","item":"https:\/\/cvinoticias.com\/v3\/"},{"@type":"ListItem","position":2,"name":"Nuevo sorteo Procrear II: d\u00f3nde inscribirse y cuales son los 11 requisitos"}]},{"@type":"WebSite","@id":"https:\/\/cvinoticias.com\/v3\/#website","url":"https:\/\/cvinoticias.com\/v3\/","name":"CVI NOTICIAS","description":"","publisher":{"@id":"https:\/\/cvinoticias.com\/v3\/#organization"},"alternateName":"CVI","potentialAction":[{"@type":"SearchAction","target":{"@type":"EntryPoint","urlTemplate":"https:\/\/cvinoticias.com\/v3\/?s={search_term_string}"},"query-input":{"@type":"PropertyValueSpecification","valueRequired":true,"valueName":"search_term_string"}}],"inLanguage":"es"},{"@type":"Organization","@id":"https:\/\/cvinoticias.com\/v3\/#organization","name":"CVI NOTICIAS","url":"https:\/\/cvinoticias.com\/v3\/","logo":{"@type":"ImageObject","inLanguage":"es","@id":"https:\/\/cvinoticias.com\/v3\/#\/schema\/logo\/image\/","url":"https:\/\/cvinoticias.com\/wp-content\/uploads\/2023\/04\/cropped-cropped-cropped-cropped-cropped-3-1.png","contentUrl":"https:\/\/cvinoticias.com\/wp-content\/uploads\/2023\/04\/cropped-cropped-cropped-cropped-cropped-3-1.png","width":95,"height":122,"caption":"CVI NOTICIAS"},"image":{"@id":"https:\/\/cvinoticias.com\/v3\/#\/schema\/logo\/image\/"},"sameAs":["https:\/\/www.facebook.com\/cvinoticias","https:\/\/www.instagram.com\/cvinoticias\/","https:\/\/www.youtube.com\/@CVINOTICIAS"]},{"@type":"Person","@id":"https:\/\/cvinoticias.com\/v3\/#\/schema\/person\/2db77e3c6bc03c538495d7b2b8be9b66","name":"f1000024","image":{"@type":"ImageObject","inLanguage":"es","@id":"https:\/\/secure.gravatar.com\/avatar\/d4fe7459cfc51ff5129ce1a732bbef5928568b8092d412ef95611616376bbeed?s=96&d=mm&r=g","url":"https:\/\/secure.gravatar.com\/avatar\/d4fe7459cfc51ff5129ce1a732bbef5928568b8092d412ef95611616376bbeed?s=96&d=mm&r=g","contentUrl":"https:\/\/secure.gravatar.com\/avatar\/d4fe7459cfc51ff5129ce1a732bbef5928568b8092d412ef95611616376bbeed?s=96&d=mm&r=g","caption":"f1000024"},"url":"https:\/\/cvinoticias.com\/v3\/author\/f1000024\/"}]}},"_links":{"self":[{"href":"https:\/\/cvinoticias.com\/v3\/wp-json\/wp\/v2\/posts\/7488","targetHints":{"allow":["GET"]}}],"collection":[{"href":"https:\/\/cvinoticias.com\/v3\/wp-json\/wp\/v2\/posts"}],"about":[{"href":"https:\/\/cvinoticias.com\/v3\/wp-json\/wp\/v2\/types\/post"}],"author":[{"embeddable":true,"href":"https:\/\/cvinoticias.com\/v3\/wp-json\/wp\/v2\/users\/2"}],"replies":[{"embeddable":true,"href":"https:\/\/cvinoticias.com\/v3\/wp-json\/wp\/v2\/comments?post=7488"}],"version-history":[{"count":1,"href":"https:\/\/cvinoticias.com\/v3\/wp-json\/wp\/v2\/posts\/7488\/revisions"}],"predecessor-version":[{"id":7490,"href":"https:\/\/cvinoticias.com\/v3\/wp-json\/wp\/v2\/posts\/7488\/revisions\/7490"}],"wp:featuredmedia":[{"embeddable":true,"href":"https:\/\/cvinoticias.com\/v3\/wp-json\/wp\/v2\/media\/7489"}],"wp:attachment":[{"href":"https:\/\/cvinoticias.com\/v3\/wp-json\/wp\/v2\/media?parent=7488"}],"wp:term":[{"taxonomy":"category","embeddable":true,"href":"https:\/\/cvinoticias.com\/v3\/wp-json\/wp\/v2\/categories?post=7488"},{"taxonomy":"post_tag","embeddable":true,"href":"https:\/\/cvinoticias.com\/v3\/wp-json\/wp\/v2\/tags?post=7488"}],"curies":[{"name":"wp","href":"https:\/\/api.w.org\/{rel}","templated":true}]}}