{"id":7479,"date":"2021-08-10T15:13:51","date_gmt":"2021-08-10T15:13:51","guid":{"rendered":"https:\/\/cvinoticias.com\/v3\/?p=7479"},"modified":"2021-08-10T15:13:51","modified_gmt":"2021-08-10T15:13:51","slug":"la-feria-tembiapo-llega-a-iguazu-y-se-va-consolidando-como-un-espacio-de-intercambio-cultural","status":"publish","type":"post","link":"https:\/\/cvinoticias.com\/v3\/la-feria-tembiapo-llega-a-iguazu-y-se-va-consolidando-como-un-espacio-de-intercambio-cultural\/","title":{"rendered":"La Feria Tembiap\u00f3, llega a Iguaz\u00fa y se va consolidando como un espacio de intercambio cultural"},"content":{"rendered":"\n<p><strong><em>Gran afluencia de p\u00fablico, buenas ventas y la posibilidad de contribuir a un intercambio entre la cultura \u00abblanca\u00bb y la mbya guaran\u00ed, sintetizan el sentir de este evento que, luego de dos d\u00edas de gran \u00e9xito en la Av. Costanera de Posadas, se muda el pr\u00f3ximo fin de semana a Puerto Iguaz\u00fa.<\/em><\/strong><\/p>\n\n\n\n<p>\u00abPresentar a nuestros hermanos guaran\u00edes en estas condiciones de respeto, con todo un armado y log\u00edstica detr\u00e1s, nos enorgullece. Era una deuda pendiente del Estado Provincial: poder acercar a la gente el trabajo de los artesanos de manera digna; ya no verlos en una plaza en condiciones que a nadie le agrada\u00bb, expres\u00f3 Joselo Schuap, ministro de Cultura de la Provincia, en el marco de la tercera edici\u00f3n de la feria \u00abTembiapo\u00bb, realizada en la costanera de Posadas este fin de semana\u00bb. Podemos decir que empezamos a tomar otro rumbo, reencontrarnos de otra forma entre las dos culturas, siempre en base al respeto y la libertad\u00bb.<\/p>\n\n\n\n<p>\u00abTembiap\u00f3 \u2013 Trabajo de Todos\u00bb est\u00e1 organizada por la Secretar\u00eda de Estado de Cultura, en conjunto con Vicegobernaci\u00f3n, Ministerio de Turismo, Direcci\u00f3n de Asuntos Guaran\u00edes y Municipalidad de Posadas. Y en efecto, este formato de feria propone ofrecer al p\u00fablico la artesan\u00eda de las comunidades mbya guaran\u00edes sin intermediarios y poniendo en pr\u00e1ctica un formato sencillo: la representaci\u00f3n de cada comunidad a trav\u00e9s de, en este contexto de pandemia, dos de sus miembros.<\/p>\n\n\n\n<p>Las comunidades presentes en esta tercera edici\u00f3n vinieron de localidades como Pozo Azul, El Alc\u00e1zar, Capiov\u00ed, Arist\u00f3bulo del Valle, Puerto. Leoni, Bonpland y San Ignacio. La cita tuvo lugar en el predio contiguo a la sede de la Direcci\u00f3n de Artesan\u00edas de la Secretar\u00eda de Estado de Cultura, conocida como \u00abLa Casita de los Artesanos\u00bb. Compartieron el espacio de exposici\u00f3n la Fundaci\u00f3n Marangat\u00fa y la Fundaci\u00f3n de Artesan\u00edas Misioneras (FAM), \u00abya que ellas tambi\u00e9n son intermediarias con el trabajo de las aldeas, cuando no est\u00e1n los protagonistas en Posadas\u00bb, explic\u00f3 Jos\u00e9 B\u00e1ez.<\/p>\n\n\n\n<p>El domingo se present\u00f3 en la feria el coro de ni\u00f1os de la aldea \u00abTav\u00e1 Miri\u00bb, cercana a San Ignacio, dirigido por Germ\u00e1n Acosta. El m\u00fasico mby\u00e1 explic\u00f3 que hace 10 a\u00f1os trabaja con los ni\u00f1os que quieran sumarse al grupo y hacer sus propias canciones. Los temas que cantaron se refirieron a una invitaci\u00f3n a celebrar y danzar, y un pedido de que no se da\u00f1e m\u00e1s el monte. Mucha gente instal\u00f3 sus silletas en el espacio contiguo a la feria y aplaudi\u00f3 su paso por la escena.<\/p>\n\n\n\n<p>Asimismo, en las dos jornadas la tarde se ameniz\u00f3 con la Banda de M\u00fasica del Servicio Penitenciario Provincial, que demostr\u00f3 saber c\u00f3mo mantener al p\u00fablico interesado, con un repertorio de jazz, folklore y temas populares, que acompa\u00f1aron a las familias que se acercaron en gran n\u00famero con sus mates y silletas a disfrutar de dos tardes que, a pesar de estar en pleno invierno, se sintieron primaverales.<\/p>\n\n\n\n<p>Una modalidad que funciona<\/p>\n\n\n\n<p>Cester\u00eda de diversos tama\u00f1os, animalitos de madera, collares de semillas, pulseras con su particular guarda, instrumentos y elementos decorativos, son algunos de los objetos que se encuentran en esta feria que no tiene intermediarios entre productores y compradores. \u00abA nosotros nos sirven mucho las ferias, porque sino, no tenemos acceso a turistas ni nada. Y entonces se dejan de hacer las artesan\u00edas, que son parte de nuestra cultura\u00bb, dijo Francisca Ramos, de la comunidad Marangat\u00fa (cerca de Puerto Leoni), quien vino representando a 25 familias. Sergia Ferreira vino de \u00abEl Pocito\u00bb (cerca de Capiov\u00ed). \u00abSomos representantes de la comunidad con mi marido. Yo anoto lo que vendo y luego entrego el dinero al que me dio. Somos 73 familias ah\u00ed, y venir as\u00ed es mejor. Es peligroso traer a los ni\u00f1os ac\u00e1\u00bb, coment\u00f3.<\/p>\n\n\n\n<p>Bajo este formato, Tembiap\u00f3 ha ido creciendo, y luego de tres experiencias en la AV. Costanera, el pr\u00f3ximo fin de semana se mudar\u00e1 a la ciudad de Puerto Iguaz\u00fa, que recibir\u00e1 a los artesanos guaran\u00edes los d\u00edas s\u00e1bado 14 y domingo 15 en la calle Balbino Bra\u00f1as, la ex peatonal de la Ciudad de las Cataratas.<\/p>\n\n\n\n<p>Una feria concurrida<\/p>\n\n\n\n<p>El vicegobernador de la Provincia, Oscar Arce, recorri\u00f3 la feria y felicit\u00f3 a la organizaci\u00f3n por lograr \u00abun espacio digno para los expositores, donde se ve que las familias posade\u00f1as est\u00e1n disfrutando. De esta forma, se ofrece en un solo lugar lo que a veces los paisanos traen a una plaza, de forma aislada y con la inseguridad correspondiente para las familias. Y as\u00ed, gracias al trabajo de muchas instituciones, se da la oportunidad no solo de vender, sino de que la gente conozca el trabajo de artesanos que vienen de lugares muy alejados\u00bb.<\/p>\n\n\n\n<p>Por parte del Ministerio de Cultura, estuvieron presentes Jos\u00e9 Ba\u00e9z, director de Artesan\u00edas; Celina Jedlicka, subsecretaria de Relaciones Publicas e Institucionales, junto a Gabriela Rojas, subsecretaria de Cultura. Asimismo, desde las instituciones cogestoras del evento participaron Norma Silvero, directora de Asuntos Guaran\u00edes y Yolanda Asunci\u00f3n, secretaria de la Unidad de Control y Gesti\u00f3n de la Municipalidad de Posadas, y tambi\u00e9n acompa\u00f1aron Victor Kreimer, ministro de Coordinaci\u00f3n General de Gabinete y Claudia Gauto, presidente del Parque del Conocimiento, adem\u00e1s de gran cantidad de familias y visitantes.<\/p>\n\n\n\n<figure class=\"wp-block-image size-full\"><a href=\"https:\/\/cvinoticias.com\/wp-content\/uploads\/2021\/08\/DSC_6620-768x512-1.jpg\"><img decoding=\"async\" width=\"768\" height=\"512\" data-src=\"https:\/\/cvinoticias.com\/wp-content\/uploads\/2021\/08\/DSC_6620-768x512-1.jpg\" alt=\"\" class=\"wp-image-7480 lazyload\" data-srcset=\"https:\/\/cvinoticias.com\/wp-content\/uploads\/2021\/08\/DSC_6620-768x512-1.jpg 768w, https:\/\/cvinoticias.com\/wp-content\/uploads\/2021\/08\/DSC_6620-768x512-1-300x200.jpg 300w\" data-sizes=\"(max-width: 768px) 100vw, 768px\" src=\"data:image\/svg+xml;base64,PHN2ZyB3aWR0aD0iMSIgaGVpZ2h0PSIxIiB4bWxucz0iaHR0cDovL3d3dy53My5vcmcvMjAwMC9zdmciPjwvc3ZnPg==\" style=\"--smush-placeholder-width: 768px; --smush-placeholder-aspect-ratio: 768\/512;\" \/><\/a><\/figure>\n\n\n\n<figure class=\"wp-block-image size-full\"><a href=\"https:\/\/cvinoticias.com\/wp-content\/uploads\/2021\/08\/DSC_6476-768x512-1.jpg\"><img decoding=\"async\" width=\"768\" height=\"512\" data-src=\"https:\/\/cvinoticias.com\/wp-content\/uploads\/2021\/08\/DSC_6476-768x512-1.jpg\" alt=\"\" class=\"wp-image-7481 lazyload\" data-srcset=\"https:\/\/cvinoticias.com\/wp-content\/uploads\/2021\/08\/DSC_6476-768x512-1.jpg 768w, https:\/\/cvinoticias.com\/wp-content\/uploads\/2021\/08\/DSC_6476-768x512-1-300x200.jpg 300w\" data-sizes=\"(max-width: 768px) 100vw, 768px\" src=\"data:image\/svg+xml;base64,PHN2ZyB3aWR0aD0iMSIgaGVpZ2h0PSIxIiB4bWxucz0iaHR0cDovL3d3dy53My5vcmcvMjAwMC9zdmciPjwvc3ZnPg==\" style=\"--smush-placeholder-width: 768px; --smush-placeholder-aspect-ratio: 768\/512;\" \/><\/a><\/figure>\n","protected":false},"excerpt":{"rendered":"<p>Gran afluencia de p\u00fablico, buenas ventas y la posibilidad de contribuir a un intercambio entre la cultura \u00abblanca\u00bb y la mbya guaran\u00ed, sintetizan el sentir de este evento que, luego de dos d\u00edas de gran \u00e9xito en la Av. Costanera de Posadas, se muda el pr\u00f3ximo fin de semana a Puerto Iguaz\u00fa. \u00abPresentar a nuestros [&hellip;]<\/p>\n","protected":false},"author":2,"featured_media":0,"comment_status":"open","ping_status":"open","sticky":false,"template":"","format":"standard","meta":{"footnotes":""},"categories":[35],"tags":[],"class_list":["post-7479","post","type-post","status-publish","format-standard","hentry","category-informacion-general"],"yoast_head":"<!-- This site is optimized with the Yoast SEO plugin v27.4 - https:\/\/yoast.com\/product\/yoast-seo-wordpress\/ -->\n<title>La Feria Tembiap\u00f3, llega a Iguaz\u00fa y se va consolidando como un espacio de intercambio cultural | CVI NOTICIAS<\/title>\n<meta name=\"robots\" content=\"index, follow, max-snippet:-1, max-image-preview:large, max-video-preview:-1\" \/>\n<link rel=\"canonical\" href=\"https:\/\/cvinoticias.com\/v3\/la-feria-tembiapo-llega-a-iguazu-y-se-va-consolidando-como-un-espacio-de-intercambio-cultural\/\" \/>\n<meta property=\"og:locale\" content=\"es_ES\" \/>\n<meta property=\"og:type\" content=\"article\" \/>\n<meta property=\"og:title\" content=\"La Feria Tembiap\u00f3, llega a Iguaz\u00fa y se va consolidando como un espacio de intercambio cultural | CVI NOTICIAS\" \/>\n<meta property=\"og:description\" content=\"Gran afluencia de p\u00fablico, buenas ventas y la posibilidad de contribuir a un intercambio entre la cultura \u00abblanca\u00bb y la mbya guaran\u00ed, sintetizan el sentir de este evento que, luego de dos d\u00edas de gran \u00e9xito en la Av. Costanera de Posadas, se muda el pr\u00f3ximo fin de semana a Puerto Iguaz\u00fa. \u00abPresentar a nuestros [&hellip;]\" \/>\n<meta property=\"og:url\" content=\"https:\/\/cvinoticias.com\/v3\/la-feria-tembiapo-llega-a-iguazu-y-se-va-consolidando-como-un-espacio-de-intercambio-cultural\/\" \/>\n<meta property=\"og:site_name\" content=\"CVI NOTICIAS\" \/>\n<meta property=\"article:publisher\" content=\"https:\/\/www.facebook.com\/cvinoticias\" \/>\n<meta property=\"article:published_time\" content=\"2021-08-10T15:13:51+00:00\" \/>\n<meta property=\"og:image\" content=\"https:\/\/cvinoticias.com\/wp-content\/uploads\/2021\/08\/DSC_6620-768x512-1.jpg\" \/>\n<meta name=\"author\" content=\"f1000024\" \/>\n<meta name=\"twitter:card\" content=\"summary_large_image\" \/>\n<meta name=\"twitter:label1\" content=\"Escrito por\" \/>\n\t<meta name=\"twitter:data1\" content=\"f1000024\" \/>\n\t<meta name=\"twitter:label2\" content=\"Tiempo de lectura\" \/>\n\t<meta name=\"twitter:data2\" content=\"5 minutos\" \/>\n<script type=\"application\/ld+json\" class=\"yoast-schema-graph\">{\"@context\":\"https:\\\/\\\/schema.org\",\"@graph\":[{\"@type\":\"Article\",\"@id\":\"https:\\\/\\\/cvinoticias.com\\\/v3\\\/la-feria-tembiapo-llega-a-iguazu-y-se-va-consolidando-como-un-espacio-de-intercambio-cultural\\\/#article\",\"isPartOf\":{\"@id\":\"https:\\\/\\\/cvinoticias.com\\\/v3\\\/la-feria-tembiapo-llega-a-iguazu-y-se-va-consolidando-como-un-espacio-de-intercambio-cultural\\\/\"},\"author\":{\"name\":\"f1000024\",\"@id\":\"https:\\\/\\\/cvinoticias.com\\\/v3\\\/#\\\/schema\\\/person\\\/2db77e3c6bc03c538495d7b2b8be9b66\"},\"headline\":\"La Feria Tembiap\u00f3, llega a Iguaz\u00fa y se va consolidando como un espacio de intercambio cultural\",\"datePublished\":\"2021-08-10T15:13:51+00:00\",\"mainEntityOfPage\":{\"@id\":\"https:\\\/\\\/cvinoticias.com\\\/v3\\\/la-feria-tembiapo-llega-a-iguazu-y-se-va-consolidando-como-un-espacio-de-intercambio-cultural\\\/\"},\"wordCount\":928,\"commentCount\":0,\"publisher\":{\"@id\":\"https:\\\/\\\/cvinoticias.com\\\/v3\\\/#organization\"},\"image\":{\"@id\":\"https:\\\/\\\/cvinoticias.com\\\/v3\\\/la-feria-tembiapo-llega-a-iguazu-y-se-va-consolidando-como-un-espacio-de-intercambio-cultural\\\/#primaryimage\"},\"thumbnailUrl\":\"https:\\\/\\\/cvinoticias.com\\\/wp-content\\\/uploads\\\/2021\\\/08\\\/DSC_6620-768x512-1.jpg\",\"articleSection\":[\"Informaci\u00f3n General\"],\"inLanguage\":\"es\",\"potentialAction\":[{\"@type\":\"CommentAction\",\"name\":\"Comment\",\"target\":[\"https:\\\/\\\/cvinoticias.com\\\/v3\\\/la-feria-tembiapo-llega-a-iguazu-y-se-va-consolidando-como-un-espacio-de-intercambio-cultural\\\/#respond\"]}]},{\"@type\":\"WebPage\",\"@id\":\"https:\\\/\\\/cvinoticias.com\\\/v3\\\/la-feria-tembiapo-llega-a-iguazu-y-se-va-consolidando-como-un-espacio-de-intercambio-cultural\\\/\",\"url\":\"https:\\\/\\\/cvinoticias.com\\\/v3\\\/la-feria-tembiapo-llega-a-iguazu-y-se-va-consolidando-como-un-espacio-de-intercambio-cultural\\\/\",\"name\":\"La Feria Tembiap\u00f3, llega a Iguaz\u00fa y se va consolidando como un espacio de intercambio cultural | CVI NOTICIAS\",\"isPartOf\":{\"@id\":\"https:\\\/\\\/cvinoticias.com\\\/v3\\\/#website\"},\"primaryImageOfPage\":{\"@id\":\"https:\\\/\\\/cvinoticias.com\\\/v3\\\/la-feria-tembiapo-llega-a-iguazu-y-se-va-consolidando-como-un-espacio-de-intercambio-cultural\\\/#primaryimage\"},\"image\":{\"@id\":\"https:\\\/\\\/cvinoticias.com\\\/v3\\\/la-feria-tembiapo-llega-a-iguazu-y-se-va-consolidando-como-un-espacio-de-intercambio-cultural\\\/#primaryimage\"},\"thumbnailUrl\":\"https:\\\/\\\/cvinoticias.com\\\/wp-content\\\/uploads\\\/2021\\\/08\\\/DSC_6620-768x512-1.jpg\",\"datePublished\":\"2021-08-10T15:13:51+00:00\",\"breadcrumb\":{\"@id\":\"https:\\\/\\\/cvinoticias.com\\\/v3\\\/la-feria-tembiapo-llega-a-iguazu-y-se-va-consolidando-como-un-espacio-de-intercambio-cultural\\\/#breadcrumb\"},\"inLanguage\":\"es\",\"potentialAction\":[{\"@type\":\"ReadAction\",\"target\":[\"https:\\\/\\\/cvinoticias.com\\\/v3\\\/la-feria-tembiapo-llega-a-iguazu-y-se-va-consolidando-como-un-espacio-de-intercambio-cultural\\\/\"]}]},{\"@type\":\"ImageObject\",\"inLanguage\":\"es\",\"@id\":\"https:\\\/\\\/cvinoticias.com\\\/v3\\\/la-feria-tembiapo-llega-a-iguazu-y-se-va-consolidando-como-un-espacio-de-intercambio-cultural\\\/#primaryimage\",\"url\":\"https:\\\/\\\/cvinoticias.com\\\/wp-content\\\/uploads\\\/2021\\\/08\\\/DSC_6620-768x512-1.jpg\",\"contentUrl\":\"https:\\\/\\\/cvinoticias.com\\\/wp-content\\\/uploads\\\/2021\\\/08\\\/DSC_6620-768x512-1.jpg\"},{\"@type\":\"BreadcrumbList\",\"@id\":\"https:\\\/\\\/cvinoticias.com\\\/v3\\\/la-feria-tembiapo-llega-a-iguazu-y-se-va-consolidando-como-un-espacio-de-intercambio-cultural\\\/#breadcrumb\",\"itemListElement\":[{\"@type\":\"ListItem\",\"position\":1,\"name\":\"Portada\",\"item\":\"https:\\\/\\\/cvinoticias.com\\\/v3\\\/\"},{\"@type\":\"ListItem\",\"position\":2,\"name\":\"La Feria Tembiap\u00f3, llega a Iguaz\u00fa y se va consolidando como un espacio de intercambio cultural\"}]},{\"@type\":\"WebSite\",\"@id\":\"https:\\\/\\\/cvinoticias.com\\\/v3\\\/#website\",\"url\":\"https:\\\/\\\/cvinoticias.com\\\/v3\\\/\",\"name\":\"CVI NOTICIAS\",\"description\":\"\",\"publisher\":{\"@id\":\"https:\\\/\\\/cvinoticias.com\\\/v3\\\/#organization\"},\"alternateName\":\"CVI\",\"potentialAction\":[{\"@type\":\"SearchAction\",\"target\":{\"@type\":\"EntryPoint\",\"urlTemplate\":\"https:\\\/\\\/cvinoticias.com\\\/v3\\\/?s={search_term_string}\"},\"query-input\":{\"@type\":\"PropertyValueSpecification\",\"valueRequired\":true,\"valueName\":\"search_term_string\"}}],\"inLanguage\":\"es\"},{\"@type\":\"Organization\",\"@id\":\"https:\\\/\\\/cvinoticias.com\\\/v3\\\/#organization\",\"name\":\"CVI NOTICIAS\",\"url\":\"https:\\\/\\\/cvinoticias.com\\\/v3\\\/\",\"logo\":{\"@type\":\"ImageObject\",\"inLanguage\":\"es\",\"@id\":\"https:\\\/\\\/cvinoticias.com\\\/v3\\\/#\\\/schema\\\/logo\\\/image\\\/\",\"url\":\"https:\\\/\\\/cvinoticias.com\\\/wp-content\\\/uploads\\\/2023\\\/04\\\/cropped-cropped-cropped-cropped-cropped-3-1.png\",\"contentUrl\":\"https:\\\/\\\/cvinoticias.com\\\/wp-content\\\/uploads\\\/2023\\\/04\\\/cropped-cropped-cropped-cropped-cropped-3-1.png\",\"width\":95,\"height\":122,\"caption\":\"CVI NOTICIAS\"},\"image\":{\"@id\":\"https:\\\/\\\/cvinoticias.com\\\/v3\\\/#\\\/schema\\\/logo\\\/image\\\/\"},\"sameAs\":[\"https:\\\/\\\/www.facebook.com\\\/cvinoticias\",\"https:\\\/\\\/www.instagram.com\\\/cvinoticias\\\/\",\"https:\\\/\\\/www.youtube.com\\\/@CVINOTICIAS\"]},{\"@type\":\"Person\",\"@id\":\"https:\\\/\\\/cvinoticias.com\\\/v3\\\/#\\\/schema\\\/person\\\/2db77e3c6bc03c538495d7b2b8be9b66\",\"name\":\"f1000024\",\"image\":{\"@type\":\"ImageObject\",\"inLanguage\":\"es\",\"@id\":\"https:\\\/\\\/secure.gravatar.com\\\/avatar\\\/d4fe7459cfc51ff5129ce1a732bbef5928568b8092d412ef95611616376bbeed?s=96&d=mm&r=g\",\"url\":\"https:\\\/\\\/secure.gravatar.com\\\/avatar\\\/d4fe7459cfc51ff5129ce1a732bbef5928568b8092d412ef95611616376bbeed?s=96&d=mm&r=g\",\"contentUrl\":\"https:\\\/\\\/secure.gravatar.com\\\/avatar\\\/d4fe7459cfc51ff5129ce1a732bbef5928568b8092d412ef95611616376bbeed?s=96&d=mm&r=g\",\"caption\":\"f1000024\"},\"url\":\"https:\\\/\\\/cvinoticias.com\\\/v3\\\/author\\\/f1000024\\\/\"}]}<\/script>\n<!-- \/ Yoast SEO plugin. -->","yoast_head_json":{"title":"La Feria Tembiap\u00f3, llega a Iguaz\u00fa y se va consolidando como un espacio de intercambio cultural | CVI NOTICIAS","robots":{"index":"index","follow":"follow","max-snippet":"max-snippet:-1","max-image-preview":"max-image-preview:large","max-video-preview":"max-video-preview:-1"},"canonical":"https:\/\/cvinoticias.com\/v3\/la-feria-tembiapo-llega-a-iguazu-y-se-va-consolidando-como-un-espacio-de-intercambio-cultural\/","og_locale":"es_ES","og_type":"article","og_title":"La Feria Tembiap\u00f3, llega a Iguaz\u00fa y se va consolidando como un espacio de intercambio cultural | CVI NOTICIAS","og_description":"Gran afluencia de p\u00fablico, buenas ventas y la posibilidad de contribuir a un intercambio entre la cultura \u00abblanca\u00bb y la mbya guaran\u00ed, sintetizan el sentir de este evento que, luego de dos d\u00edas de gran \u00e9xito en la Av. Costanera de Posadas, se muda el pr\u00f3ximo fin de semana a Puerto Iguaz\u00fa. \u00abPresentar a nuestros [&hellip;]","og_url":"https:\/\/cvinoticias.com\/v3\/la-feria-tembiapo-llega-a-iguazu-y-se-va-consolidando-como-un-espacio-de-intercambio-cultural\/","og_site_name":"CVI NOTICIAS","article_publisher":"https:\/\/www.facebook.com\/cvinoticias","article_published_time":"2021-08-10T15:13:51+00:00","og_image":[{"url":"https:\/\/cvinoticias.com\/wp-content\/uploads\/2021\/08\/DSC_6620-768x512-1.jpg","type":"","width":"","height":""}],"author":"f1000024","twitter_card":"summary_large_image","twitter_misc":{"Escrito por":"f1000024","Tiempo de lectura":"5 minutos"},"schema":{"@context":"https:\/\/schema.org","@graph":[{"@type":"Article","@id":"https:\/\/cvinoticias.com\/v3\/la-feria-tembiapo-llega-a-iguazu-y-se-va-consolidando-como-un-espacio-de-intercambio-cultural\/#article","isPartOf":{"@id":"https:\/\/cvinoticias.com\/v3\/la-feria-tembiapo-llega-a-iguazu-y-se-va-consolidando-como-un-espacio-de-intercambio-cultural\/"},"author":{"name":"f1000024","@id":"https:\/\/cvinoticias.com\/v3\/#\/schema\/person\/2db77e3c6bc03c538495d7b2b8be9b66"},"headline":"La Feria Tembiap\u00f3, llega a Iguaz\u00fa y se va consolidando como un espacio de intercambio cultural","datePublished":"2021-08-10T15:13:51+00:00","mainEntityOfPage":{"@id":"https:\/\/cvinoticias.com\/v3\/la-feria-tembiapo-llega-a-iguazu-y-se-va-consolidando-como-un-espacio-de-intercambio-cultural\/"},"wordCount":928,"commentCount":0,"publisher":{"@id":"https:\/\/cvinoticias.com\/v3\/#organization"},"image":{"@id":"https:\/\/cvinoticias.com\/v3\/la-feria-tembiapo-llega-a-iguazu-y-se-va-consolidando-como-un-espacio-de-intercambio-cultural\/#primaryimage"},"thumbnailUrl":"https:\/\/cvinoticias.com\/wp-content\/uploads\/2021\/08\/DSC_6620-768x512-1.jpg","articleSection":["Informaci\u00f3n General"],"inLanguage":"es","potentialAction":[{"@type":"CommentAction","name":"Comment","target":["https:\/\/cvinoticias.com\/v3\/la-feria-tembiapo-llega-a-iguazu-y-se-va-consolidando-como-un-espacio-de-intercambio-cultural\/#respond"]}]},{"@type":"WebPage","@id":"https:\/\/cvinoticias.com\/v3\/la-feria-tembiapo-llega-a-iguazu-y-se-va-consolidando-como-un-espacio-de-intercambio-cultural\/","url":"https:\/\/cvinoticias.com\/v3\/la-feria-tembiapo-llega-a-iguazu-y-se-va-consolidando-como-un-espacio-de-intercambio-cultural\/","name":"La Feria Tembiap\u00f3, llega a Iguaz\u00fa y se va consolidando como un espacio de intercambio cultural | CVI NOTICIAS","isPartOf":{"@id":"https:\/\/cvinoticias.com\/v3\/#website"},"primaryImageOfPage":{"@id":"https:\/\/cvinoticias.com\/v3\/la-feria-tembiapo-llega-a-iguazu-y-se-va-consolidando-como-un-espacio-de-intercambio-cultural\/#primaryimage"},"image":{"@id":"https:\/\/cvinoticias.com\/v3\/la-feria-tembiapo-llega-a-iguazu-y-se-va-consolidando-como-un-espacio-de-intercambio-cultural\/#primaryimage"},"thumbnailUrl":"https:\/\/cvinoticias.com\/wp-content\/uploads\/2021\/08\/DSC_6620-768x512-1.jpg","datePublished":"2021-08-10T15:13:51+00:00","breadcrumb":{"@id":"https:\/\/cvinoticias.com\/v3\/la-feria-tembiapo-llega-a-iguazu-y-se-va-consolidando-como-un-espacio-de-intercambio-cultural\/#breadcrumb"},"inLanguage":"es","potentialAction":[{"@type":"ReadAction","target":["https:\/\/cvinoticias.com\/v3\/la-feria-tembiapo-llega-a-iguazu-y-se-va-consolidando-como-un-espacio-de-intercambio-cultural\/"]}]},{"@type":"ImageObject","inLanguage":"es","@id":"https:\/\/cvinoticias.com\/v3\/la-feria-tembiapo-llega-a-iguazu-y-se-va-consolidando-como-un-espacio-de-intercambio-cultural\/#primaryimage","url":"https:\/\/cvinoticias.com\/wp-content\/uploads\/2021\/08\/DSC_6620-768x512-1.jpg","contentUrl":"https:\/\/cvinoticias.com\/wp-content\/uploads\/2021\/08\/DSC_6620-768x512-1.jpg"},{"@type":"BreadcrumbList","@id":"https:\/\/cvinoticias.com\/v3\/la-feria-tembiapo-llega-a-iguazu-y-se-va-consolidando-como-un-espacio-de-intercambio-cultural\/#breadcrumb","itemListElement":[{"@type":"ListItem","position":1,"name":"Portada","item":"https:\/\/cvinoticias.com\/v3\/"},{"@type":"ListItem","position":2,"name":"La Feria Tembiap\u00f3, llega a Iguaz\u00fa y se va consolidando como un espacio de intercambio cultural"}]},{"@type":"WebSite","@id":"https:\/\/cvinoticias.com\/v3\/#website","url":"https:\/\/cvinoticias.com\/v3\/","name":"CVI NOTICIAS","description":"","publisher":{"@id":"https:\/\/cvinoticias.com\/v3\/#organization"},"alternateName":"CVI","potentialAction":[{"@type":"SearchAction","target":{"@type":"EntryPoint","urlTemplate":"https:\/\/cvinoticias.com\/v3\/?s={search_term_string}"},"query-input":{"@type":"PropertyValueSpecification","valueRequired":true,"valueName":"search_term_string"}}],"inLanguage":"es"},{"@type":"Organization","@id":"https:\/\/cvinoticias.com\/v3\/#organization","name":"CVI NOTICIAS","url":"https:\/\/cvinoticias.com\/v3\/","logo":{"@type":"ImageObject","inLanguage":"es","@id":"https:\/\/cvinoticias.com\/v3\/#\/schema\/logo\/image\/","url":"https:\/\/cvinoticias.com\/wp-content\/uploads\/2023\/04\/cropped-cropped-cropped-cropped-cropped-3-1.png","contentUrl":"https:\/\/cvinoticias.com\/wp-content\/uploads\/2023\/04\/cropped-cropped-cropped-cropped-cropped-3-1.png","width":95,"height":122,"caption":"CVI NOTICIAS"},"image":{"@id":"https:\/\/cvinoticias.com\/v3\/#\/schema\/logo\/image\/"},"sameAs":["https:\/\/www.facebook.com\/cvinoticias","https:\/\/www.instagram.com\/cvinoticias\/","https:\/\/www.youtube.com\/@CVINOTICIAS"]},{"@type":"Person","@id":"https:\/\/cvinoticias.com\/v3\/#\/schema\/person\/2db77e3c6bc03c538495d7b2b8be9b66","name":"f1000024","image":{"@type":"ImageObject","inLanguage":"es","@id":"https:\/\/secure.gravatar.com\/avatar\/d4fe7459cfc51ff5129ce1a732bbef5928568b8092d412ef95611616376bbeed?s=96&d=mm&r=g","url":"https:\/\/secure.gravatar.com\/avatar\/d4fe7459cfc51ff5129ce1a732bbef5928568b8092d412ef95611616376bbeed?s=96&d=mm&r=g","contentUrl":"https:\/\/secure.gravatar.com\/avatar\/d4fe7459cfc51ff5129ce1a732bbef5928568b8092d412ef95611616376bbeed?s=96&d=mm&r=g","caption":"f1000024"},"url":"https:\/\/cvinoticias.com\/v3\/author\/f1000024\/"}]}},"_links":{"self":[{"href":"https:\/\/cvinoticias.com\/v3\/wp-json\/wp\/v2\/posts\/7479","targetHints":{"allow":["GET"]}}],"collection":[{"href":"https:\/\/cvinoticias.com\/v3\/wp-json\/wp\/v2\/posts"}],"about":[{"href":"https:\/\/cvinoticias.com\/v3\/wp-json\/wp\/v2\/types\/post"}],"author":[{"embeddable":true,"href":"https:\/\/cvinoticias.com\/v3\/wp-json\/wp\/v2\/users\/2"}],"replies":[{"embeddable":true,"href":"https:\/\/cvinoticias.com\/v3\/wp-json\/wp\/v2\/comments?post=7479"}],"version-history":[{"count":1,"href":"https:\/\/cvinoticias.com\/v3\/wp-json\/wp\/v2\/posts\/7479\/revisions"}],"predecessor-version":[{"id":7482,"href":"https:\/\/cvinoticias.com\/v3\/wp-json\/wp\/v2\/posts\/7479\/revisions\/7482"}],"wp:attachment":[{"href":"https:\/\/cvinoticias.com\/v3\/wp-json\/wp\/v2\/media?parent=7479"}],"wp:term":[{"taxonomy":"category","embeddable":true,"href":"https:\/\/cvinoticias.com\/v3\/wp-json\/wp\/v2\/categories?post=7479"},{"taxonomy":"post_tag","embeddable":true,"href":"https:\/\/cvinoticias.com\/v3\/wp-json\/wp\/v2\/tags?post=7479"}],"curies":[{"name":"wp","href":"https:\/\/api.w.org\/{rel}","templated":true}]}}