{"id":7476,"date":"2021-08-10T12:17:04","date_gmt":"2021-08-10T12:17:04","guid":{"rendered":"https:\/\/cvinoticias.com\/v3\/?p=7476"},"modified":"2021-08-10T12:17:04","modified_gmt":"2021-08-10T12:17:04","slug":"misiones-avalaria-la-reactivacion-de-la-frontera-con-brasil-pero-no-a-corto-plazo","status":"publish","type":"post","link":"https:\/\/cvinoticias.com\/v3\/misiones-avalaria-la-reactivacion-de-la-frontera-con-brasil-pero-no-a-corto-plazo\/","title":{"rendered":"Misiones avalar\u00eda la reactivaci\u00f3n de la frontera con Brasil, pero no a corto plazo"},"content":{"rendered":"\n<p><strong><em>El gobernador Herrera Ahuad ratific\u00f3 que por ahora no se pedir\u00e1 la apertura de corredores terrestres, pero la Provincia no ver\u00eda con malos ojos la futura reactivaci\u00f3n inicial del paso Iguaz\u00fa-Foz.<\/em><\/strong><\/p>\n\n\n\n<p>La Casa Rosada public\u00f3 este fin de semana la Decisi\u00f3n Administrativa 793\/2021, firmada por Santiago Cafiero, en la que sostiene el&nbsp;<strong>cierre de las fronteras terrestres hasta el 1 de octubre pr\u00f3ximo<\/strong>, alegando razones sanitarias por la pandemia de COVID-19.<\/p>\n\n\n\n<p>Sin embargo, las versiones sobre la eventual reapertura en 2021 se multiplican, en especial porque esa \u00faltima Decisi\u00f3n Administrativa&nbsp;permite a los gobernadores a pedir \u201ccorredores seguros adicionales a los habilitados\u201d.<\/p>\n\n\n\n<p>Ayer,&nbsp;el gobernador Oscar Herrera Ahuad&nbsp;ratific\u00f3 la postura que tiene Misiones,&nbsp;neg\u00f3 que vaya a pedir uno de esos corredores fronterizos&nbsp;y habl\u00f3 de priorizar el uso de las camas de terapia intensiva para los misioneros.<\/p>\n\n\n\n<p>El Gobernador explic\u00f3, que la posici\u00f3n de la provincia es&nbsp;esperar a octubre para conocer cu\u00e1l ser\u00e1 la propuesta&nbsp;que la Naci\u00f3n tendr\u00e1 sobre el movimiento terrestre de frontera. Reiter\u00f3 que&nbsp;no es conveniente una reapertura del puente San\u2008Roque Gonz\u00e1lez entre Posadas y Encarnaci\u00f3n (Paraguay). Sin embargo, dijo ver \u201ccon buenos ojos la apertura fronteriza con el Brasil,&nbsp;empezando con Iguaz\u00fa y Foz de Iguaz\u00fa, ya que no pone en riesgo la utilizaci\u00f3n de camas cr\u00edticas\u201d.<\/p>\n\n\n\n<p>Aunque ya anticip\u00f3 algunas exigencias para concretarlo: se deber\u00e1 pedir m\u00ednimamente <strong>una&nbsp;restricci\u00f3n horaria<\/strong>&nbsp;de cruce para el control efectivo, la presentaci\u00f3n de un&nbsp;<strong>PCR negativo<\/strong>&nbsp;con no m\u00e1s de 48 horas de anticipaci\u00f3n, y que la persona tenga<strong>&nbsp;al menos una dosis de vacuna<\/strong>&nbsp;contra el COVI-19.<\/p>\n\n\n\n<h5 class=\"wp-block-heading\">\u201cHay que cuidar el sistema sanitario para los misioneros\u201d<\/h5>\n\n\n\n<p>Herrera Ahuad fue consultado en la inauguraci\u00f3n de un espacio maker en el Instituto Santa Mar\u00eda de Posadas sobre la posible reapertura fronteriza. \u201cSemana tras semana me preguntan sobre la apertura de la frontera y la postura de la Provincia ha sido muy clara y lo reitero:&nbsp;<strong>no se trata solamente de un esquema de vacunaci\u00f3n que tenga la provincia muy avanzado, no se trata solamente de que vengan vacunados. Se trata de nuestro sistema sanitario<\/strong>&nbsp;que ya estuvo esta semana atendiendo la demanda contenida de pacientes misioneros que por la pandemia no hab\u00edan podido venir. Cirug\u00edas ampliadas del orden oncol\u00f3gico, neurocirug\u00edas que deb\u00edan realizarse que estamos atendiendo toda esa demanda\u201d.<\/p>\n\n\n\n<p>Sobre los pasos con el Paraguay dijo que \u201cnuestra postura es que no haya una apertura en este tiempo, por lo menos en esta frontera. Sabemos que hay una demanda del otro lado del r\u00edo Paran\u00e1 de la necesidad de resolver una problem\u00e1tica que no se puede resolver en el Paraguay\u201d.<\/p>\n\n\n\n<p>Herrera Ahuad sostuvo que \u201c<strong>primero quiero resguardar que todos los misioneros puedan resolver su problem\u00e1tica<\/strong>&nbsp;que ya la ten\u00edan postergada a ra\u00edz de la pandemia, porque hab\u00eda que cuidar las camas cr\u00edticas de las UTI para los pacientes COVID. Ahora estamos en un equilibrio, ha disminuido la ocupaci\u00f3n de camas al 44% y ese nivel va a ser ocupado por todas las patolog\u00edas que vienen postergadas a su resoluci\u00f3n quir\u00fargica y que necesitan camas de terapia intensiva\u201d.<\/p>\n\n\n\n<h5 class=\"wp-block-heading\">\u201cCorredores seguros\u201d, las excepciones al cierre<\/h5>\n\n\n\n<p>En la Decisi\u00f3n Administrativa 793\/21 de Cafiero, apareci\u00f3 en el art\u00edculo 1, inciso 3, la posibilidad que los mandatarios provinciales puedan pedir la constituci\u00f3n de \u201ccorredores seguros\u201d para ser habilitados como excepci\u00f3n a las restricciones fronterizas.<\/p>\n\n\n\n<p>\u201cAsimismo, de conformidad con la evoluci\u00f3n de la situaci\u00f3n epidemiol\u00f3gica, los Gobernadores y las Gobernadoras de Provincias y el Jefe de Gobierno de la Ciudad Aut\u00f3noma de Buenos Aires, podr\u00e1n proponer al Jefe de Gabinete de Ministros, en su car\u00e1cter de Coordinador de la Unidad de Coordinaci\u00f3n General del Plan Integral para la Prevenci\u00f3n de Eventos de Salud P\u00fablica de Importancia Internacional, la apertura de corredores seguros adicionales a los autorizados\u201d, sostiene la normativa publicada el s\u00e1bado 7 de agosto en el Bolet\u00edn Oficial de la Naci\u00f3n.<\/p>\n\n\n\n<p>Como requisitos, Cafiero estableci\u00f3 que \u201ca tal fin, deber\u00e1n presentar un protocolo aprobado por la autoridad sanitaria provincial, previendo en su caso los mecanismos de testeo, aislamiento y traslado de las muestras respectivas para la secuenciaci\u00f3n gen\u00f3mica de la Administraci\u00f3n Nacional de Laboratorios e Institutos de Salud Dr. Carlos G. Malbr\u00e1n, los cuales deber\u00e1n dar cumplimiento a las recomendaciones e instrucciones de la autoridad sanitaria nacional, la que deber\u00e1 intervenir y expedirse, en forma previa, respecto a su pertinencia\u201d.<\/p>\n\n\n\n<p>As\u00ed, \u201cuna vez cumplida la intervenci\u00f3n de la autoridad sanitaria nacional y otorgada la autorizaci\u00f3n por parte del Jefe de Gabinete de Ministros, la decisi\u00f3n ser\u00e1 comunicada a la Direcci\u00f3n Nacional de Migraciones, a los efectos de su implementaci\u00f3n\u201d.<\/p>\n\n\n\n<p>Hasta ayer, Misiones no ten\u00eda en los planes solicitar hacer uso de las excepciones que marca esta norma dictada por Cafiero.<\/p>\n\n\n\n<p><\/p>\n\n\n\n<p><strong>Fuente: Primera Edici\u00f3n<\/strong> <\/p>\n","protected":false},"excerpt":{"rendered":"<p>El gobernador Herrera Ahuad ratific\u00f3 que por ahora no se pedir\u00e1 la apertura de corredores terrestres, pero la Provincia no ver\u00eda con malos ojos la futura reactivaci\u00f3n inicial del paso Iguaz\u00fa-Foz. La Casa Rosada public\u00f3 este fin de semana la Decisi\u00f3n Administrativa 793\/2021, firmada por Santiago Cafiero, en la que sostiene el&nbsp;cierre de las fronteras [&hellip;]<\/p>\n","protected":false},"author":2,"featured_media":7477,"comment_status":"open","ping_status":"open","sticky":false,"template":"","format":"standard","meta":{"footnotes":""},"categories":[49],"tags":[],"class_list":["post-7476","post","type-post","status-publish","format-standard","has-post-thumbnail","hentry","category-triple-frontera"],"yoast_head":"<!-- This site is optimized with the Yoast SEO plugin v27.4 - https:\/\/yoast.com\/product\/yoast-seo-wordpress\/ -->\n<title>Misiones avalar\u00eda la reactivaci\u00f3n de la frontera con Brasil, pero no a corto plazo | CVI NOTICIAS<\/title>\n<meta name=\"robots\" content=\"index, follow, max-snippet:-1, max-image-preview:large, max-video-preview:-1\" \/>\n<link rel=\"canonical\" href=\"https:\/\/cvinoticias.com\/v3\/misiones-avalaria-la-reactivacion-de-la-frontera-con-brasil-pero-no-a-corto-plazo\/\" \/>\n<meta property=\"og:locale\" content=\"es_ES\" \/>\n<meta property=\"og:type\" content=\"article\" \/>\n<meta property=\"og:title\" content=\"Misiones avalar\u00eda la reactivaci\u00f3n de la frontera con Brasil, pero no a corto plazo | CVI NOTICIAS\" \/>\n<meta property=\"og:description\" content=\"El gobernador Herrera Ahuad ratific\u00f3 que por ahora no se pedir\u00e1 la apertura de corredores terrestres, pero la Provincia no ver\u00eda con malos ojos la futura reactivaci\u00f3n inicial del paso Iguaz\u00fa-Foz. La Casa Rosada public\u00f3 este fin de semana la Decisi\u00f3n Administrativa 793\/2021, firmada por Santiago Cafiero, en la que sostiene el&nbsp;cierre de las fronteras [&hellip;]\" \/>\n<meta property=\"og:url\" content=\"https:\/\/cvinoticias.com\/v3\/misiones-avalaria-la-reactivacion-de-la-frontera-con-brasil-pero-no-a-corto-plazo\/\" \/>\n<meta property=\"og:site_name\" content=\"CVI NOTICIAS\" \/>\n<meta property=\"article:publisher\" content=\"https:\/\/www.facebook.com\/cvinoticias\" \/>\n<meta property=\"article:published_time\" content=\"2021-08-10T12:17:04+00:00\" \/>\n<meta property=\"og:image\" content=\"https:\/\/cvinoticias.com\/wp-content\/uploads\/2021\/08\/Frontera-Argentina-Brasil-puente-tancredo-neves.jpeg\" \/>\n\t<meta property=\"og:image:width\" content=\"800\" \/>\n\t<meta property=\"og:image:height\" content=\"450\" \/>\n\t<meta property=\"og:image:type\" content=\"image\/jpeg\" \/>\n<meta name=\"author\" content=\"f1000024\" \/>\n<meta name=\"twitter:card\" content=\"summary_large_image\" \/>\n<meta name=\"twitter:label1\" content=\"Escrito por\" \/>\n\t<meta name=\"twitter:data1\" content=\"f1000024\" \/>\n\t<meta name=\"twitter:label2\" content=\"Tiempo de lectura\" \/>\n\t<meta name=\"twitter:data2\" content=\"4 minutos\" \/>\n<script type=\"application\/ld+json\" class=\"yoast-schema-graph\">{\"@context\":\"https:\\\/\\\/schema.org\",\"@graph\":[{\"@type\":\"Article\",\"@id\":\"https:\\\/\\\/cvinoticias.com\\\/v3\\\/misiones-avalaria-la-reactivacion-de-la-frontera-con-brasil-pero-no-a-corto-plazo\\\/#article\",\"isPartOf\":{\"@id\":\"https:\\\/\\\/cvinoticias.com\\\/v3\\\/misiones-avalaria-la-reactivacion-de-la-frontera-con-brasil-pero-no-a-corto-plazo\\\/\"},\"author\":{\"name\":\"f1000024\",\"@id\":\"https:\\\/\\\/cvinoticias.com\\\/v3\\\/#\\\/schema\\\/person\\\/2db77e3c6bc03c538495d7b2b8be9b66\"},\"headline\":\"Misiones avalar\u00eda la reactivaci\u00f3n de la frontera con Brasil, pero no a corto plazo\",\"datePublished\":\"2021-08-10T12:17:04+00:00\",\"mainEntityOfPage\":{\"@id\":\"https:\\\/\\\/cvinoticias.com\\\/v3\\\/misiones-avalaria-la-reactivacion-de-la-frontera-con-brasil-pero-no-a-corto-plazo\\\/\"},\"wordCount\":875,\"commentCount\":0,\"publisher\":{\"@id\":\"https:\\\/\\\/cvinoticias.com\\\/v3\\\/#organization\"},\"image\":{\"@id\":\"https:\\\/\\\/cvinoticias.com\\\/v3\\\/misiones-avalaria-la-reactivacion-de-la-frontera-con-brasil-pero-no-a-corto-plazo\\\/#primaryimage\"},\"thumbnailUrl\":\"https:\\\/\\\/cvinoticias.com\\\/wp-content\\\/uploads\\\/2021\\\/08\\\/Frontera-Argentina-Brasil-puente-tancredo-neves.jpeg\",\"articleSection\":[\"Triple Frontera\"],\"inLanguage\":\"es\",\"potentialAction\":[{\"@type\":\"CommentAction\",\"name\":\"Comment\",\"target\":[\"https:\\\/\\\/cvinoticias.com\\\/v3\\\/misiones-avalaria-la-reactivacion-de-la-frontera-con-brasil-pero-no-a-corto-plazo\\\/#respond\"]}]},{\"@type\":\"WebPage\",\"@id\":\"https:\\\/\\\/cvinoticias.com\\\/v3\\\/misiones-avalaria-la-reactivacion-de-la-frontera-con-brasil-pero-no-a-corto-plazo\\\/\",\"url\":\"https:\\\/\\\/cvinoticias.com\\\/v3\\\/misiones-avalaria-la-reactivacion-de-la-frontera-con-brasil-pero-no-a-corto-plazo\\\/\",\"name\":\"Misiones avalar\u00eda la reactivaci\u00f3n de la frontera con Brasil, pero no a corto plazo | CVI NOTICIAS\",\"isPartOf\":{\"@id\":\"https:\\\/\\\/cvinoticias.com\\\/v3\\\/#website\"},\"primaryImageOfPage\":{\"@id\":\"https:\\\/\\\/cvinoticias.com\\\/v3\\\/misiones-avalaria-la-reactivacion-de-la-frontera-con-brasil-pero-no-a-corto-plazo\\\/#primaryimage\"},\"image\":{\"@id\":\"https:\\\/\\\/cvinoticias.com\\\/v3\\\/misiones-avalaria-la-reactivacion-de-la-frontera-con-brasil-pero-no-a-corto-plazo\\\/#primaryimage\"},\"thumbnailUrl\":\"https:\\\/\\\/cvinoticias.com\\\/wp-content\\\/uploads\\\/2021\\\/08\\\/Frontera-Argentina-Brasil-puente-tancredo-neves.jpeg\",\"datePublished\":\"2021-08-10T12:17:04+00:00\",\"breadcrumb\":{\"@id\":\"https:\\\/\\\/cvinoticias.com\\\/v3\\\/misiones-avalaria-la-reactivacion-de-la-frontera-con-brasil-pero-no-a-corto-plazo\\\/#breadcrumb\"},\"inLanguage\":\"es\",\"potentialAction\":[{\"@type\":\"ReadAction\",\"target\":[\"https:\\\/\\\/cvinoticias.com\\\/v3\\\/misiones-avalaria-la-reactivacion-de-la-frontera-con-brasil-pero-no-a-corto-plazo\\\/\"]}]},{\"@type\":\"ImageObject\",\"inLanguage\":\"es\",\"@id\":\"https:\\\/\\\/cvinoticias.com\\\/v3\\\/misiones-avalaria-la-reactivacion-de-la-frontera-con-brasil-pero-no-a-corto-plazo\\\/#primaryimage\",\"url\":\"https:\\\/\\\/cvinoticias.com\\\/wp-content\\\/uploads\\\/2021\\\/08\\\/Frontera-Argentina-Brasil-puente-tancredo-neves.jpeg\",\"contentUrl\":\"https:\\\/\\\/cvinoticias.com\\\/wp-content\\\/uploads\\\/2021\\\/08\\\/Frontera-Argentina-Brasil-puente-tancredo-neves.jpeg\",\"width\":800,\"height\":450},{\"@type\":\"BreadcrumbList\",\"@id\":\"https:\\\/\\\/cvinoticias.com\\\/v3\\\/misiones-avalaria-la-reactivacion-de-la-frontera-con-brasil-pero-no-a-corto-plazo\\\/#breadcrumb\",\"itemListElement\":[{\"@type\":\"ListItem\",\"position\":1,\"name\":\"Portada\",\"item\":\"https:\\\/\\\/cvinoticias.com\\\/v3\\\/\"},{\"@type\":\"ListItem\",\"position\":2,\"name\":\"Misiones avalar\u00eda la reactivaci\u00f3n de la frontera con Brasil, pero no a corto plazo\"}]},{\"@type\":\"WebSite\",\"@id\":\"https:\\\/\\\/cvinoticias.com\\\/v3\\\/#website\",\"url\":\"https:\\\/\\\/cvinoticias.com\\\/v3\\\/\",\"name\":\"CVI NOTICIAS\",\"description\":\"\",\"publisher\":{\"@id\":\"https:\\\/\\\/cvinoticias.com\\\/v3\\\/#organization\"},\"alternateName\":\"CVI\",\"potentialAction\":[{\"@type\":\"SearchAction\",\"target\":{\"@type\":\"EntryPoint\",\"urlTemplate\":\"https:\\\/\\\/cvinoticias.com\\\/v3\\\/?s={search_term_string}\"},\"query-input\":{\"@type\":\"PropertyValueSpecification\",\"valueRequired\":true,\"valueName\":\"search_term_string\"}}],\"inLanguage\":\"es\"},{\"@type\":\"Organization\",\"@id\":\"https:\\\/\\\/cvinoticias.com\\\/v3\\\/#organization\",\"name\":\"CVI NOTICIAS\",\"url\":\"https:\\\/\\\/cvinoticias.com\\\/v3\\\/\",\"logo\":{\"@type\":\"ImageObject\",\"inLanguage\":\"es\",\"@id\":\"https:\\\/\\\/cvinoticias.com\\\/v3\\\/#\\\/schema\\\/logo\\\/image\\\/\",\"url\":\"https:\\\/\\\/cvinoticias.com\\\/wp-content\\\/uploads\\\/2023\\\/04\\\/cropped-cropped-cropped-cropped-cropped-3-1.png\",\"contentUrl\":\"https:\\\/\\\/cvinoticias.com\\\/wp-content\\\/uploads\\\/2023\\\/04\\\/cropped-cropped-cropped-cropped-cropped-3-1.png\",\"width\":95,\"height\":122,\"caption\":\"CVI NOTICIAS\"},\"image\":{\"@id\":\"https:\\\/\\\/cvinoticias.com\\\/v3\\\/#\\\/schema\\\/logo\\\/image\\\/\"},\"sameAs\":[\"https:\\\/\\\/www.facebook.com\\\/cvinoticias\",\"https:\\\/\\\/www.instagram.com\\\/cvinoticias\\\/\",\"https:\\\/\\\/www.youtube.com\\\/@CVINOTICIAS\"]},{\"@type\":\"Person\",\"@id\":\"https:\\\/\\\/cvinoticias.com\\\/v3\\\/#\\\/schema\\\/person\\\/2db77e3c6bc03c538495d7b2b8be9b66\",\"name\":\"f1000024\",\"image\":{\"@type\":\"ImageObject\",\"inLanguage\":\"es\",\"@id\":\"https:\\\/\\\/secure.gravatar.com\\\/avatar\\\/d4fe7459cfc51ff5129ce1a732bbef5928568b8092d412ef95611616376bbeed?s=96&d=mm&r=g\",\"url\":\"https:\\\/\\\/secure.gravatar.com\\\/avatar\\\/d4fe7459cfc51ff5129ce1a732bbef5928568b8092d412ef95611616376bbeed?s=96&d=mm&r=g\",\"contentUrl\":\"https:\\\/\\\/secure.gravatar.com\\\/avatar\\\/d4fe7459cfc51ff5129ce1a732bbef5928568b8092d412ef95611616376bbeed?s=96&d=mm&r=g\",\"caption\":\"f1000024\"},\"url\":\"https:\\\/\\\/cvinoticias.com\\\/v3\\\/author\\\/f1000024\\\/\"}]}<\/script>\n<!-- \/ Yoast SEO plugin. -->","yoast_head_json":{"title":"Misiones avalar\u00eda la reactivaci\u00f3n de la frontera con Brasil, pero no a corto plazo | CVI NOTICIAS","robots":{"index":"index","follow":"follow","max-snippet":"max-snippet:-1","max-image-preview":"max-image-preview:large","max-video-preview":"max-video-preview:-1"},"canonical":"https:\/\/cvinoticias.com\/v3\/misiones-avalaria-la-reactivacion-de-la-frontera-con-brasil-pero-no-a-corto-plazo\/","og_locale":"es_ES","og_type":"article","og_title":"Misiones avalar\u00eda la reactivaci\u00f3n de la frontera con Brasil, pero no a corto plazo | CVI NOTICIAS","og_description":"El gobernador Herrera Ahuad ratific\u00f3 que por ahora no se pedir\u00e1 la apertura de corredores terrestres, pero la Provincia no ver\u00eda con malos ojos la futura reactivaci\u00f3n inicial del paso Iguaz\u00fa-Foz. La Casa Rosada public\u00f3 este fin de semana la Decisi\u00f3n Administrativa 793\/2021, firmada por Santiago Cafiero, en la que sostiene el&nbsp;cierre de las fronteras [&hellip;]","og_url":"https:\/\/cvinoticias.com\/v3\/misiones-avalaria-la-reactivacion-de-la-frontera-con-brasil-pero-no-a-corto-plazo\/","og_site_name":"CVI NOTICIAS","article_publisher":"https:\/\/www.facebook.com\/cvinoticias","article_published_time":"2021-08-10T12:17:04+00:00","og_image":[{"width":800,"height":450,"url":"https:\/\/cvinoticias.com\/wp-content\/uploads\/2021\/08\/Frontera-Argentina-Brasil-puente-tancredo-neves.jpeg","type":"image\/jpeg"}],"author":"f1000024","twitter_card":"summary_large_image","twitter_misc":{"Escrito por":"f1000024","Tiempo de lectura":"4 minutos"},"schema":{"@context":"https:\/\/schema.org","@graph":[{"@type":"Article","@id":"https:\/\/cvinoticias.com\/v3\/misiones-avalaria-la-reactivacion-de-la-frontera-con-brasil-pero-no-a-corto-plazo\/#article","isPartOf":{"@id":"https:\/\/cvinoticias.com\/v3\/misiones-avalaria-la-reactivacion-de-la-frontera-con-brasil-pero-no-a-corto-plazo\/"},"author":{"name":"f1000024","@id":"https:\/\/cvinoticias.com\/v3\/#\/schema\/person\/2db77e3c6bc03c538495d7b2b8be9b66"},"headline":"Misiones avalar\u00eda la reactivaci\u00f3n de la frontera con Brasil, pero no a corto plazo","datePublished":"2021-08-10T12:17:04+00:00","mainEntityOfPage":{"@id":"https:\/\/cvinoticias.com\/v3\/misiones-avalaria-la-reactivacion-de-la-frontera-con-brasil-pero-no-a-corto-plazo\/"},"wordCount":875,"commentCount":0,"publisher":{"@id":"https:\/\/cvinoticias.com\/v3\/#organization"},"image":{"@id":"https:\/\/cvinoticias.com\/v3\/misiones-avalaria-la-reactivacion-de-la-frontera-con-brasil-pero-no-a-corto-plazo\/#primaryimage"},"thumbnailUrl":"https:\/\/cvinoticias.com\/wp-content\/uploads\/2021\/08\/Frontera-Argentina-Brasil-puente-tancredo-neves.jpeg","articleSection":["Triple Frontera"],"inLanguage":"es","potentialAction":[{"@type":"CommentAction","name":"Comment","target":["https:\/\/cvinoticias.com\/v3\/misiones-avalaria-la-reactivacion-de-la-frontera-con-brasil-pero-no-a-corto-plazo\/#respond"]}]},{"@type":"WebPage","@id":"https:\/\/cvinoticias.com\/v3\/misiones-avalaria-la-reactivacion-de-la-frontera-con-brasil-pero-no-a-corto-plazo\/","url":"https:\/\/cvinoticias.com\/v3\/misiones-avalaria-la-reactivacion-de-la-frontera-con-brasil-pero-no-a-corto-plazo\/","name":"Misiones avalar\u00eda la reactivaci\u00f3n de la frontera con Brasil, pero no a corto plazo | CVI NOTICIAS","isPartOf":{"@id":"https:\/\/cvinoticias.com\/v3\/#website"},"primaryImageOfPage":{"@id":"https:\/\/cvinoticias.com\/v3\/misiones-avalaria-la-reactivacion-de-la-frontera-con-brasil-pero-no-a-corto-plazo\/#primaryimage"},"image":{"@id":"https:\/\/cvinoticias.com\/v3\/misiones-avalaria-la-reactivacion-de-la-frontera-con-brasil-pero-no-a-corto-plazo\/#primaryimage"},"thumbnailUrl":"https:\/\/cvinoticias.com\/wp-content\/uploads\/2021\/08\/Frontera-Argentina-Brasil-puente-tancredo-neves.jpeg","datePublished":"2021-08-10T12:17:04+00:00","breadcrumb":{"@id":"https:\/\/cvinoticias.com\/v3\/misiones-avalaria-la-reactivacion-de-la-frontera-con-brasil-pero-no-a-corto-plazo\/#breadcrumb"},"inLanguage":"es","potentialAction":[{"@type":"ReadAction","target":["https:\/\/cvinoticias.com\/v3\/misiones-avalaria-la-reactivacion-de-la-frontera-con-brasil-pero-no-a-corto-plazo\/"]}]},{"@type":"ImageObject","inLanguage":"es","@id":"https:\/\/cvinoticias.com\/v3\/misiones-avalaria-la-reactivacion-de-la-frontera-con-brasil-pero-no-a-corto-plazo\/#primaryimage","url":"https:\/\/cvinoticias.com\/wp-content\/uploads\/2021\/08\/Frontera-Argentina-Brasil-puente-tancredo-neves.jpeg","contentUrl":"https:\/\/cvinoticias.com\/wp-content\/uploads\/2021\/08\/Frontera-Argentina-Brasil-puente-tancredo-neves.jpeg","width":800,"height":450},{"@type":"BreadcrumbList","@id":"https:\/\/cvinoticias.com\/v3\/misiones-avalaria-la-reactivacion-de-la-frontera-con-brasil-pero-no-a-corto-plazo\/#breadcrumb","itemListElement":[{"@type":"ListItem","position":1,"name":"Portada","item":"https:\/\/cvinoticias.com\/v3\/"},{"@type":"ListItem","position":2,"name":"Misiones avalar\u00eda la reactivaci\u00f3n de la frontera con Brasil, pero no a corto plazo"}]},{"@type":"WebSite","@id":"https:\/\/cvinoticias.com\/v3\/#website","url":"https:\/\/cvinoticias.com\/v3\/","name":"CVI NOTICIAS","description":"","publisher":{"@id":"https:\/\/cvinoticias.com\/v3\/#organization"},"alternateName":"CVI","potentialAction":[{"@type":"SearchAction","target":{"@type":"EntryPoint","urlTemplate":"https:\/\/cvinoticias.com\/v3\/?s={search_term_string}"},"query-input":{"@type":"PropertyValueSpecification","valueRequired":true,"valueName":"search_term_string"}}],"inLanguage":"es"},{"@type":"Organization","@id":"https:\/\/cvinoticias.com\/v3\/#organization","name":"CVI NOTICIAS","url":"https:\/\/cvinoticias.com\/v3\/","logo":{"@type":"ImageObject","inLanguage":"es","@id":"https:\/\/cvinoticias.com\/v3\/#\/schema\/logo\/image\/","url":"https:\/\/cvinoticias.com\/wp-content\/uploads\/2023\/04\/cropped-cropped-cropped-cropped-cropped-3-1.png","contentUrl":"https:\/\/cvinoticias.com\/wp-content\/uploads\/2023\/04\/cropped-cropped-cropped-cropped-cropped-3-1.png","width":95,"height":122,"caption":"CVI NOTICIAS"},"image":{"@id":"https:\/\/cvinoticias.com\/v3\/#\/schema\/logo\/image\/"},"sameAs":["https:\/\/www.facebook.com\/cvinoticias","https:\/\/www.instagram.com\/cvinoticias\/","https:\/\/www.youtube.com\/@CVINOTICIAS"]},{"@type":"Person","@id":"https:\/\/cvinoticias.com\/v3\/#\/schema\/person\/2db77e3c6bc03c538495d7b2b8be9b66","name":"f1000024","image":{"@type":"ImageObject","inLanguage":"es","@id":"https:\/\/secure.gravatar.com\/avatar\/d4fe7459cfc51ff5129ce1a732bbef5928568b8092d412ef95611616376bbeed?s=96&d=mm&r=g","url":"https:\/\/secure.gravatar.com\/avatar\/d4fe7459cfc51ff5129ce1a732bbef5928568b8092d412ef95611616376bbeed?s=96&d=mm&r=g","contentUrl":"https:\/\/secure.gravatar.com\/avatar\/d4fe7459cfc51ff5129ce1a732bbef5928568b8092d412ef95611616376bbeed?s=96&d=mm&r=g","caption":"f1000024"},"url":"https:\/\/cvinoticias.com\/v3\/author\/f1000024\/"}]}},"_links":{"self":[{"href":"https:\/\/cvinoticias.com\/v3\/wp-json\/wp\/v2\/posts\/7476","targetHints":{"allow":["GET"]}}],"collection":[{"href":"https:\/\/cvinoticias.com\/v3\/wp-json\/wp\/v2\/posts"}],"about":[{"href":"https:\/\/cvinoticias.com\/v3\/wp-json\/wp\/v2\/types\/post"}],"author":[{"embeddable":true,"href":"https:\/\/cvinoticias.com\/v3\/wp-json\/wp\/v2\/users\/2"}],"replies":[{"embeddable":true,"href":"https:\/\/cvinoticias.com\/v3\/wp-json\/wp\/v2\/comments?post=7476"}],"version-history":[{"count":1,"href":"https:\/\/cvinoticias.com\/v3\/wp-json\/wp\/v2\/posts\/7476\/revisions"}],"predecessor-version":[{"id":7478,"href":"https:\/\/cvinoticias.com\/v3\/wp-json\/wp\/v2\/posts\/7476\/revisions\/7478"}],"wp:featuredmedia":[{"embeddable":true,"href":"https:\/\/cvinoticias.com\/v3\/wp-json\/wp\/v2\/media\/7477"}],"wp:attachment":[{"href":"https:\/\/cvinoticias.com\/v3\/wp-json\/wp\/v2\/media?parent=7476"}],"wp:term":[{"taxonomy":"category","embeddable":true,"href":"https:\/\/cvinoticias.com\/v3\/wp-json\/wp\/v2\/categories?post=7476"},{"taxonomy":"post_tag","embeddable":true,"href":"https:\/\/cvinoticias.com\/v3\/wp-json\/wp\/v2\/tags?post=7476"}],"curies":[{"name":"wp","href":"https:\/\/api.w.org\/{rel}","templated":true}]}}