{"id":7473,"date":"2021-08-10T11:25:12","date_gmt":"2021-08-10T11:25:12","guid":{"rendered":"https:\/\/cvinoticias.com\/v3\/?p=7473"},"modified":"2021-08-10T11:25:12","modified_gmt":"2021-08-10T11:25:12","slug":"cambios-en-el-gabinete-nacional-zabaleta-asume-en-desarrollo-social-y-taiana-en-defensa","status":"publish","type":"post","link":"https:\/\/cvinoticias.com\/v3\/cambios-en-el-gabinete-nacional-zabaleta-asume-en-desarrollo-social-y-taiana-en-defensa\/","title":{"rendered":"Cambios en el Gabinete Nacional: Zabaleta asume en Desarrollo Social y Taiana en Defensa"},"content":{"rendered":"\n<p><strong><em>El jefe de Gabinete, Santiago Cafiero, anunci\u00f3 este lunes que Juan Zabaleta asumir\u00e1 en el Ministerio de Desarrollo Social y Jorge Taiana en el de Defensa. Ocupar\u00e1n el lugar de los precandidatos a diputados Daniel Arroyo y Agust\u00edn Rossi, quienes dejan el Gabinete para hacer su campa\u00f1a pol\u00edtica.<\/em><\/strong><\/p>\n\n\n\n<p>El presidente, Alberto Fern\u00e1ndez, hoy a las 18 les tomar\u00e1 juramento a ambos ministros.<\/p>\n\n\n\n<p>Los ministros salientes debieron presentar sus renuncias a pedido del presidente Alberto Fern\u00e1ndez, quien asegur\u00f3 que es un deber \u00e9tico dar un paso al costado de la funciones gubernamentales para hacer campa\u00f1a para las PASO.<\/p>\n\n\n\n<p>En conferencia de prensa, Cafiero agradeci\u00f3 por su labor en el Gabinete. \u201cFueron excelentes compa\u00f1eros de Gabinete y trabajo en un momento donde la gesti\u00f3n extenu\u00f3 a muchos, donde la gesti\u00f3n de la pandemia hizo que la voluntad de quienes acompa\u00f1\u00e1bamos al presidente est\u00e9 como prioritaria\u201d, afirm\u00f3.<\/p>\n\n\n\n<p>\u201cAgradecerle tanto a Agust\u00edn como a Daniel la entrega, el compromiso y la militancia que han tenido siempre, como el presidente hab\u00eda encomendado\u201d, agreg\u00f3.<\/p>\n\n\n\n<p>Finaliz\u00f3 la rueda de prensa, felicitando a los nuevos ministros. \u201cFelicitamos a llegada al gabinete de Juan Zabaleta y Jorge Taiana\u201d, concluy\u00f3.<\/p>\n","protected":false},"excerpt":{"rendered":"<p>El jefe de Gabinete, Santiago Cafiero, anunci\u00f3 este lunes que Juan Zabaleta asumir\u00e1 en el Ministerio de Desarrollo Social y Jorge Taiana en el de Defensa. Ocupar\u00e1n el lugar de los precandidatos a diputados Daniel Arroyo y Agust\u00edn Rossi, quienes dejan el Gabinete para hacer su campa\u00f1a pol\u00edtica. El presidente, Alberto Fern\u00e1ndez, hoy a las [&hellip;]<\/p>\n","protected":false},"author":2,"featured_media":7474,"comment_status":"open","ping_status":"open","sticky":false,"template":"","format":"standard","meta":{"footnotes":""},"categories":[42],"tags":[],"class_list":["post-7473","post","type-post","status-publish","format-standard","has-post-thumbnail","hentry","category-politica"],"yoast_head":"<!-- This site is optimized with the Yoast SEO plugin v27.5 - https:\/\/yoast.com\/product\/yoast-seo-wordpress\/ -->\n<title>Cambios en el Gabinete Nacional: Zabaleta asume en Desarrollo Social y Taiana en Defensa | CVI NOTICIAS<\/title>\n<meta name=\"robots\" content=\"index, follow, max-snippet:-1, max-image-preview:large, max-video-preview:-1\" \/>\n<link rel=\"canonical\" href=\"https:\/\/cvinoticias.com\/v3\/cambios-en-el-gabinete-nacional-zabaleta-asume-en-desarrollo-social-y-taiana-en-defensa\/\" \/>\n<meta property=\"og:locale\" content=\"es_ES\" \/>\n<meta property=\"og:type\" content=\"article\" \/>\n<meta property=\"og:title\" content=\"Cambios en el Gabinete Nacional: Zabaleta asume en Desarrollo Social y Taiana en Defensa | CVI NOTICIAS\" \/>\n<meta property=\"og:description\" content=\"El jefe de Gabinete, Santiago Cafiero, anunci\u00f3 este lunes que Juan Zabaleta asumir\u00e1 en el Ministerio de Desarrollo Social y Jorge Taiana en el de Defensa. Ocupar\u00e1n el lugar de los precandidatos a diputados Daniel Arroyo y Agust\u00edn Rossi, quienes dejan el Gabinete para hacer su campa\u00f1a pol\u00edtica. El presidente, Alberto Fern\u00e1ndez, hoy a las [&hellip;]\" \/>\n<meta property=\"og:url\" content=\"https:\/\/cvinoticias.com\/v3\/cambios-en-el-gabinete-nacional-zabaleta-asume-en-desarrollo-social-y-taiana-en-defensa\/\" \/>\n<meta property=\"og:site_name\" content=\"CVI NOTICIAS\" \/>\n<meta property=\"article:publisher\" content=\"https:\/\/www.facebook.com\/cvinoticias\" \/>\n<meta property=\"article:published_time\" content=\"2021-08-10T11:25:12+00:00\" \/>\n<meta property=\"og:image\" content=\"https:\/\/cvinoticias.com\/wp-content\/uploads\/2021\/08\/LOA100821-017F03.jpeg\" \/>\n\t<meta property=\"og:image:width\" content=\"1711\" \/>\n\t<meta property=\"og:image:height\" content=\"1001\" \/>\n\t<meta property=\"og:image:type\" content=\"image\/jpeg\" \/>\n<meta name=\"author\" content=\"f1000024\" \/>\n<meta name=\"twitter:card\" content=\"summary_large_image\" \/>\n<meta name=\"twitter:label1\" content=\"Escrito por\" \/>\n\t<meta name=\"twitter:data1\" content=\"f1000024\" \/>\n\t<meta name=\"twitter:label2\" content=\"Tiempo de lectura\" \/>\n\t<meta name=\"twitter:data2\" content=\"1 minuto\" \/>\n<script type=\"application\/ld+json\" class=\"yoast-schema-graph\">{\"@context\":\"https:\\\/\\\/schema.org\",\"@graph\":[{\"@type\":\"Article\",\"@id\":\"https:\\\/\\\/cvinoticias.com\\\/v3\\\/cambios-en-el-gabinete-nacional-zabaleta-asume-en-desarrollo-social-y-taiana-en-defensa\\\/#article\",\"isPartOf\":{\"@id\":\"https:\\\/\\\/cvinoticias.com\\\/v3\\\/cambios-en-el-gabinete-nacional-zabaleta-asume-en-desarrollo-social-y-taiana-en-defensa\\\/\"},\"author\":{\"name\":\"f1000024\",\"@id\":\"https:\\\/\\\/cvinoticias.com\\\/v3\\\/#\\\/schema\\\/person\\\/2db77e3c6bc03c538495d7b2b8be9b66\"},\"headline\":\"Cambios en el Gabinete Nacional: Zabaleta asume en Desarrollo Social y Taiana en Defensa\",\"datePublished\":\"2021-08-10T11:25:12+00:00\",\"mainEntityOfPage\":{\"@id\":\"https:\\\/\\\/cvinoticias.com\\\/v3\\\/cambios-en-el-gabinete-nacional-zabaleta-asume-en-desarrollo-social-y-taiana-en-defensa\\\/\"},\"wordCount\":216,\"commentCount\":0,\"publisher\":{\"@id\":\"https:\\\/\\\/cvinoticias.com\\\/v3\\\/#organization\"},\"image\":{\"@id\":\"https:\\\/\\\/cvinoticias.com\\\/v3\\\/cambios-en-el-gabinete-nacional-zabaleta-asume-en-desarrollo-social-y-taiana-en-defensa\\\/#primaryimage\"},\"thumbnailUrl\":\"https:\\\/\\\/cvinoticias.com\\\/wp-content\\\/uploads\\\/2021\\\/08\\\/LOA100821-017F03.jpeg\",\"articleSection\":[\"Politica\"],\"inLanguage\":\"es\",\"potentialAction\":[{\"@type\":\"CommentAction\",\"name\":\"Comment\",\"target\":[\"https:\\\/\\\/cvinoticias.com\\\/v3\\\/cambios-en-el-gabinete-nacional-zabaleta-asume-en-desarrollo-social-y-taiana-en-defensa\\\/#respond\"]}]},{\"@type\":\"WebPage\",\"@id\":\"https:\\\/\\\/cvinoticias.com\\\/v3\\\/cambios-en-el-gabinete-nacional-zabaleta-asume-en-desarrollo-social-y-taiana-en-defensa\\\/\",\"url\":\"https:\\\/\\\/cvinoticias.com\\\/v3\\\/cambios-en-el-gabinete-nacional-zabaleta-asume-en-desarrollo-social-y-taiana-en-defensa\\\/\",\"name\":\"Cambios en el Gabinete Nacional: Zabaleta asume en Desarrollo Social y Taiana en Defensa | CVI NOTICIAS\",\"isPartOf\":{\"@id\":\"https:\\\/\\\/cvinoticias.com\\\/v3\\\/#website\"},\"primaryImageOfPage\":{\"@id\":\"https:\\\/\\\/cvinoticias.com\\\/v3\\\/cambios-en-el-gabinete-nacional-zabaleta-asume-en-desarrollo-social-y-taiana-en-defensa\\\/#primaryimage\"},\"image\":{\"@id\":\"https:\\\/\\\/cvinoticias.com\\\/v3\\\/cambios-en-el-gabinete-nacional-zabaleta-asume-en-desarrollo-social-y-taiana-en-defensa\\\/#primaryimage\"},\"thumbnailUrl\":\"https:\\\/\\\/cvinoticias.com\\\/wp-content\\\/uploads\\\/2021\\\/08\\\/LOA100821-017F03.jpeg\",\"datePublished\":\"2021-08-10T11:25:12+00:00\",\"breadcrumb\":{\"@id\":\"https:\\\/\\\/cvinoticias.com\\\/v3\\\/cambios-en-el-gabinete-nacional-zabaleta-asume-en-desarrollo-social-y-taiana-en-defensa\\\/#breadcrumb\"},\"inLanguage\":\"es\",\"potentialAction\":[{\"@type\":\"ReadAction\",\"target\":[\"https:\\\/\\\/cvinoticias.com\\\/v3\\\/cambios-en-el-gabinete-nacional-zabaleta-asume-en-desarrollo-social-y-taiana-en-defensa\\\/\"]}]},{\"@type\":\"ImageObject\",\"inLanguage\":\"es\",\"@id\":\"https:\\\/\\\/cvinoticias.com\\\/v3\\\/cambios-en-el-gabinete-nacional-zabaleta-asume-en-desarrollo-social-y-taiana-en-defensa\\\/#primaryimage\",\"url\":\"https:\\\/\\\/cvinoticias.com\\\/wp-content\\\/uploads\\\/2021\\\/08\\\/LOA100821-017F03.jpeg\",\"contentUrl\":\"https:\\\/\\\/cvinoticias.com\\\/wp-content\\\/uploads\\\/2021\\\/08\\\/LOA100821-017F03.jpeg\",\"width\":1711,\"height\":1001},{\"@type\":\"BreadcrumbList\",\"@id\":\"https:\\\/\\\/cvinoticias.com\\\/v3\\\/cambios-en-el-gabinete-nacional-zabaleta-asume-en-desarrollo-social-y-taiana-en-defensa\\\/#breadcrumb\",\"itemListElement\":[{\"@type\":\"ListItem\",\"position\":1,\"name\":\"Portada\",\"item\":\"https:\\\/\\\/cvinoticias.com\\\/v3\\\/\"},{\"@type\":\"ListItem\",\"position\":2,\"name\":\"Cambios en el Gabinete Nacional: Zabaleta asume en Desarrollo Social y Taiana en Defensa\"}]},{\"@type\":\"WebSite\",\"@id\":\"https:\\\/\\\/cvinoticias.com\\\/v3\\\/#website\",\"url\":\"https:\\\/\\\/cvinoticias.com\\\/v3\\\/\",\"name\":\"CVI NOTICIAS\",\"description\":\"\",\"publisher\":{\"@id\":\"https:\\\/\\\/cvinoticias.com\\\/v3\\\/#organization\"},\"alternateName\":\"CVI\",\"potentialAction\":[{\"@type\":\"SearchAction\",\"target\":{\"@type\":\"EntryPoint\",\"urlTemplate\":\"https:\\\/\\\/cvinoticias.com\\\/v3\\\/?s={search_term_string}\"},\"query-input\":{\"@type\":\"PropertyValueSpecification\",\"valueRequired\":true,\"valueName\":\"search_term_string\"}}],\"inLanguage\":\"es\"},{\"@type\":\"Organization\",\"@id\":\"https:\\\/\\\/cvinoticias.com\\\/v3\\\/#organization\",\"name\":\"CVI NOTICIAS\",\"url\":\"https:\\\/\\\/cvinoticias.com\\\/v3\\\/\",\"logo\":{\"@type\":\"ImageObject\",\"inLanguage\":\"es\",\"@id\":\"https:\\\/\\\/cvinoticias.com\\\/v3\\\/#\\\/schema\\\/logo\\\/image\\\/\",\"url\":\"https:\\\/\\\/cvinoticias.com\\\/wp-content\\\/uploads\\\/2023\\\/04\\\/cropped-cropped-cropped-cropped-cropped-3-1.png\",\"contentUrl\":\"https:\\\/\\\/cvinoticias.com\\\/wp-content\\\/uploads\\\/2023\\\/04\\\/cropped-cropped-cropped-cropped-cropped-3-1.png\",\"width\":95,\"height\":122,\"caption\":\"CVI NOTICIAS\"},\"image\":{\"@id\":\"https:\\\/\\\/cvinoticias.com\\\/v3\\\/#\\\/schema\\\/logo\\\/image\\\/\"},\"sameAs\":[\"https:\\\/\\\/www.facebook.com\\\/cvinoticias\",\"https:\\\/\\\/www.instagram.com\\\/cvinoticias\\\/\",\"https:\\\/\\\/www.youtube.com\\\/@CVINOTICIAS\"]},{\"@type\":\"Person\",\"@id\":\"https:\\\/\\\/cvinoticias.com\\\/v3\\\/#\\\/schema\\\/person\\\/2db77e3c6bc03c538495d7b2b8be9b66\",\"name\":\"f1000024\",\"image\":{\"@type\":\"ImageObject\",\"inLanguage\":\"es\",\"@id\":\"https:\\\/\\\/secure.gravatar.com\\\/avatar\\\/d4fe7459cfc51ff5129ce1a732bbef5928568b8092d412ef95611616376bbeed?s=96&d=mm&r=g\",\"url\":\"https:\\\/\\\/secure.gravatar.com\\\/avatar\\\/d4fe7459cfc51ff5129ce1a732bbef5928568b8092d412ef95611616376bbeed?s=96&d=mm&r=g\",\"contentUrl\":\"https:\\\/\\\/secure.gravatar.com\\\/avatar\\\/d4fe7459cfc51ff5129ce1a732bbef5928568b8092d412ef95611616376bbeed?s=96&d=mm&r=g\",\"caption\":\"f1000024\"},\"url\":\"https:\\\/\\\/cvinoticias.com\\\/v3\\\/author\\\/f1000024\\\/\"}]}<\/script>\n<!-- \/ Yoast SEO plugin. -->","yoast_head_json":{"title":"Cambios en el Gabinete Nacional: Zabaleta asume en Desarrollo Social y Taiana en Defensa | CVI NOTICIAS","robots":{"index":"index","follow":"follow","max-snippet":"max-snippet:-1","max-image-preview":"max-image-preview:large","max-video-preview":"max-video-preview:-1"},"canonical":"https:\/\/cvinoticias.com\/v3\/cambios-en-el-gabinete-nacional-zabaleta-asume-en-desarrollo-social-y-taiana-en-defensa\/","og_locale":"es_ES","og_type":"article","og_title":"Cambios en el Gabinete Nacional: Zabaleta asume en Desarrollo Social y Taiana en Defensa | CVI NOTICIAS","og_description":"El jefe de Gabinete, Santiago Cafiero, anunci\u00f3 este lunes que Juan Zabaleta asumir\u00e1 en el Ministerio de Desarrollo Social y Jorge Taiana en el de Defensa. Ocupar\u00e1n el lugar de los precandidatos a diputados Daniel Arroyo y Agust\u00edn Rossi, quienes dejan el Gabinete para hacer su campa\u00f1a pol\u00edtica. El presidente, Alberto Fern\u00e1ndez, hoy a las [&hellip;]","og_url":"https:\/\/cvinoticias.com\/v3\/cambios-en-el-gabinete-nacional-zabaleta-asume-en-desarrollo-social-y-taiana-en-defensa\/","og_site_name":"CVI NOTICIAS","article_publisher":"https:\/\/www.facebook.com\/cvinoticias","article_published_time":"2021-08-10T11:25:12+00:00","og_image":[{"width":1711,"height":1001,"url":"https:\/\/cvinoticias.com\/wp-content\/uploads\/2021\/08\/LOA100821-017F03.jpeg","type":"image\/jpeg"}],"author":"f1000024","twitter_card":"summary_large_image","twitter_misc":{"Escrito por":"f1000024","Tiempo de lectura":"1 minuto"},"schema":{"@context":"https:\/\/schema.org","@graph":[{"@type":"Article","@id":"https:\/\/cvinoticias.com\/v3\/cambios-en-el-gabinete-nacional-zabaleta-asume-en-desarrollo-social-y-taiana-en-defensa\/#article","isPartOf":{"@id":"https:\/\/cvinoticias.com\/v3\/cambios-en-el-gabinete-nacional-zabaleta-asume-en-desarrollo-social-y-taiana-en-defensa\/"},"author":{"name":"f1000024","@id":"https:\/\/cvinoticias.com\/v3\/#\/schema\/person\/2db77e3c6bc03c538495d7b2b8be9b66"},"headline":"Cambios en el Gabinete Nacional: Zabaleta asume en Desarrollo Social y Taiana en Defensa","datePublished":"2021-08-10T11:25:12+00:00","mainEntityOfPage":{"@id":"https:\/\/cvinoticias.com\/v3\/cambios-en-el-gabinete-nacional-zabaleta-asume-en-desarrollo-social-y-taiana-en-defensa\/"},"wordCount":216,"commentCount":0,"publisher":{"@id":"https:\/\/cvinoticias.com\/v3\/#organization"},"image":{"@id":"https:\/\/cvinoticias.com\/v3\/cambios-en-el-gabinete-nacional-zabaleta-asume-en-desarrollo-social-y-taiana-en-defensa\/#primaryimage"},"thumbnailUrl":"https:\/\/cvinoticias.com\/wp-content\/uploads\/2021\/08\/LOA100821-017F03.jpeg","articleSection":["Politica"],"inLanguage":"es","potentialAction":[{"@type":"CommentAction","name":"Comment","target":["https:\/\/cvinoticias.com\/v3\/cambios-en-el-gabinete-nacional-zabaleta-asume-en-desarrollo-social-y-taiana-en-defensa\/#respond"]}]},{"@type":"WebPage","@id":"https:\/\/cvinoticias.com\/v3\/cambios-en-el-gabinete-nacional-zabaleta-asume-en-desarrollo-social-y-taiana-en-defensa\/","url":"https:\/\/cvinoticias.com\/v3\/cambios-en-el-gabinete-nacional-zabaleta-asume-en-desarrollo-social-y-taiana-en-defensa\/","name":"Cambios en el Gabinete Nacional: Zabaleta asume en Desarrollo Social y Taiana en Defensa | CVI NOTICIAS","isPartOf":{"@id":"https:\/\/cvinoticias.com\/v3\/#website"},"primaryImageOfPage":{"@id":"https:\/\/cvinoticias.com\/v3\/cambios-en-el-gabinete-nacional-zabaleta-asume-en-desarrollo-social-y-taiana-en-defensa\/#primaryimage"},"image":{"@id":"https:\/\/cvinoticias.com\/v3\/cambios-en-el-gabinete-nacional-zabaleta-asume-en-desarrollo-social-y-taiana-en-defensa\/#primaryimage"},"thumbnailUrl":"https:\/\/cvinoticias.com\/wp-content\/uploads\/2021\/08\/LOA100821-017F03.jpeg","datePublished":"2021-08-10T11:25:12+00:00","breadcrumb":{"@id":"https:\/\/cvinoticias.com\/v3\/cambios-en-el-gabinete-nacional-zabaleta-asume-en-desarrollo-social-y-taiana-en-defensa\/#breadcrumb"},"inLanguage":"es","potentialAction":[{"@type":"ReadAction","target":["https:\/\/cvinoticias.com\/v3\/cambios-en-el-gabinete-nacional-zabaleta-asume-en-desarrollo-social-y-taiana-en-defensa\/"]}]},{"@type":"ImageObject","inLanguage":"es","@id":"https:\/\/cvinoticias.com\/v3\/cambios-en-el-gabinete-nacional-zabaleta-asume-en-desarrollo-social-y-taiana-en-defensa\/#primaryimage","url":"https:\/\/cvinoticias.com\/wp-content\/uploads\/2021\/08\/LOA100821-017F03.jpeg","contentUrl":"https:\/\/cvinoticias.com\/wp-content\/uploads\/2021\/08\/LOA100821-017F03.jpeg","width":1711,"height":1001},{"@type":"BreadcrumbList","@id":"https:\/\/cvinoticias.com\/v3\/cambios-en-el-gabinete-nacional-zabaleta-asume-en-desarrollo-social-y-taiana-en-defensa\/#breadcrumb","itemListElement":[{"@type":"ListItem","position":1,"name":"Portada","item":"https:\/\/cvinoticias.com\/v3\/"},{"@type":"ListItem","position":2,"name":"Cambios en el Gabinete Nacional: Zabaleta asume en Desarrollo Social y Taiana en Defensa"}]},{"@type":"WebSite","@id":"https:\/\/cvinoticias.com\/v3\/#website","url":"https:\/\/cvinoticias.com\/v3\/","name":"CVI NOTICIAS","description":"","publisher":{"@id":"https:\/\/cvinoticias.com\/v3\/#organization"},"alternateName":"CVI","potentialAction":[{"@type":"SearchAction","target":{"@type":"EntryPoint","urlTemplate":"https:\/\/cvinoticias.com\/v3\/?s={search_term_string}"},"query-input":{"@type":"PropertyValueSpecification","valueRequired":true,"valueName":"search_term_string"}}],"inLanguage":"es"},{"@type":"Organization","@id":"https:\/\/cvinoticias.com\/v3\/#organization","name":"CVI NOTICIAS","url":"https:\/\/cvinoticias.com\/v3\/","logo":{"@type":"ImageObject","inLanguage":"es","@id":"https:\/\/cvinoticias.com\/v3\/#\/schema\/logo\/image\/","url":"https:\/\/cvinoticias.com\/wp-content\/uploads\/2023\/04\/cropped-cropped-cropped-cropped-cropped-3-1.png","contentUrl":"https:\/\/cvinoticias.com\/wp-content\/uploads\/2023\/04\/cropped-cropped-cropped-cropped-cropped-3-1.png","width":95,"height":122,"caption":"CVI NOTICIAS"},"image":{"@id":"https:\/\/cvinoticias.com\/v3\/#\/schema\/logo\/image\/"},"sameAs":["https:\/\/www.facebook.com\/cvinoticias","https:\/\/www.instagram.com\/cvinoticias\/","https:\/\/www.youtube.com\/@CVINOTICIAS"]},{"@type":"Person","@id":"https:\/\/cvinoticias.com\/v3\/#\/schema\/person\/2db77e3c6bc03c538495d7b2b8be9b66","name":"f1000024","image":{"@type":"ImageObject","inLanguage":"es","@id":"https:\/\/secure.gravatar.com\/avatar\/d4fe7459cfc51ff5129ce1a732bbef5928568b8092d412ef95611616376bbeed?s=96&d=mm&r=g","url":"https:\/\/secure.gravatar.com\/avatar\/d4fe7459cfc51ff5129ce1a732bbef5928568b8092d412ef95611616376bbeed?s=96&d=mm&r=g","contentUrl":"https:\/\/secure.gravatar.com\/avatar\/d4fe7459cfc51ff5129ce1a732bbef5928568b8092d412ef95611616376bbeed?s=96&d=mm&r=g","caption":"f1000024"},"url":"https:\/\/cvinoticias.com\/v3\/author\/f1000024\/"}]}},"_links":{"self":[{"href":"https:\/\/cvinoticias.com\/v3\/wp-json\/wp\/v2\/posts\/7473","targetHints":{"allow":["GET"]}}],"collection":[{"href":"https:\/\/cvinoticias.com\/v3\/wp-json\/wp\/v2\/posts"}],"about":[{"href":"https:\/\/cvinoticias.com\/v3\/wp-json\/wp\/v2\/types\/post"}],"author":[{"embeddable":true,"href":"https:\/\/cvinoticias.com\/v3\/wp-json\/wp\/v2\/users\/2"}],"replies":[{"embeddable":true,"href":"https:\/\/cvinoticias.com\/v3\/wp-json\/wp\/v2\/comments?post=7473"}],"version-history":[{"count":1,"href":"https:\/\/cvinoticias.com\/v3\/wp-json\/wp\/v2\/posts\/7473\/revisions"}],"predecessor-version":[{"id":7475,"href":"https:\/\/cvinoticias.com\/v3\/wp-json\/wp\/v2\/posts\/7473\/revisions\/7475"}],"wp:featuredmedia":[{"embeddable":true,"href":"https:\/\/cvinoticias.com\/v3\/wp-json\/wp\/v2\/media\/7474"}],"wp:attachment":[{"href":"https:\/\/cvinoticias.com\/v3\/wp-json\/wp\/v2\/media?parent=7473"}],"wp:term":[{"taxonomy":"category","embeddable":true,"href":"https:\/\/cvinoticias.com\/v3\/wp-json\/wp\/v2\/categories?post=7473"},{"taxonomy":"post_tag","embeddable":true,"href":"https:\/\/cvinoticias.com\/v3\/wp-json\/wp\/v2\/tags?post=7473"}],"curies":[{"name":"wp","href":"https:\/\/api.w.org\/{rel}","templated":true}]}}