{"id":7470,"date":"2021-08-10T10:54:11","date_gmt":"2021-08-10T10:54:11","guid":{"rendered":"https:\/\/cvinoticias.com\/v3\/?p=7470"},"modified":"2021-08-10T10:54:11","modified_gmt":"2021-08-10T10:54:11","slug":"el-chamame-de-los-nunez-llega-desde-misiones-al-jardin-del-club-congo","status":"publish","type":"post","link":"https:\/\/cvinoticias.com\/v3\/el-chamame-de-los-nunez-llega-desde-misiones-al-jardin-del-club-congo\/","title":{"rendered":"El chamam\u00e9 de Los N\u00fa\u00f1ez llega desde Misiones al jard\u00edn del Club Congo"},"content":{"rendered":"\n<p><strong><em>Afincados en su provincia, Los N\u00fa\u00f1ez, que se presentar\u00e1n este jueves, tienen un largo recorrido ya que tocan juntos desde ni\u00f1os y ya adultos y conformados como d\u00fao, giraron por China, Nueva Zelanda, Alemania, Inglaterra, B\u00e9lgica, Francia, Portugal, Espa\u00f1a, Austria, Eslovenia, Holanda, Noruega y Gales.<\/em><\/strong><\/p>\n\n\n\n<p>Los hermanos misioneros Juan y Marcos N\u00fa\u00f1ez, reconocidos artistas chamameceros, volver\u00e1n a la escena musical porte\u00f1a el pr\u00f3ximo jueves para presentarse en formato de cuarteto en el espacio palermitano de Club Cultural Congo.<\/p>\n\n\n\n<p>A bandone\u00f3n (Juan) y guitarra (Marcos), Los N\u00fa\u00f1ez sumar\u00e1n a Diego Vel\u00e1zquez en bajo y Fernando Sol\u00eds en percusi\u00f3n para tocar desde las 19 en el jard\u00edn del espacio sito en Honduras 5329.<\/p>\n\n\n\n<p>\u201cEstamos contentos de poder volver a tocar en Buenos Aires y de hacerlo en un lugar que nos apoya para compartir la m\u00fasica que hacemos y all\u00ed reencontrar a compa\u00f1eros como Juan Pablo Navarro con quien grabaremos algunas cosas\u201d, destaca Marcos N\u00fa\u00f1ez en charla telef\u00f3nica con T\u00e9lam desde la ciudad de Posadas.<\/p>\n\n\n\n<p>Afincados en su provincia, Los N\u00fa\u00f1ez tienen un largo recorrido ya que tocan juntos desde ni\u00f1os y ya adultos y conformados como d\u00fao, giraron por China, Nueva Zelanda, Alemania, Inglaterra, B\u00e9lgica, Francia, Portugal, Espa\u00f1a, Austria, Eslovenia, Holanda, Noruega y Gales.<\/p>\n\n\n\n<p>En ese tr\u00e1nsito compartieron con referentes del g\u00e9nero como Julio Lorman, Ram\u00f3n Ayala, Horacio Castillo, Rudi y Nini Flores, Jorge Suligoy y Chango Spasiuk y publicaros dos discos (ambos con el percusionista mendocino Chacho Ruiz Gui\u00f1az\u00fa: \u201cTierra de agua\u201d, de 2007; y \u201cChamam\u00e9\u201d, de 2011).<\/p>\n\n\n\n<p>De cara a este regreso a los escenarios de Buenos Aires, el guitarrista, de 40 a\u00f1os, adelant\u00f3: \u201cvamos a hacer un repaso de varios temas de nuestro repertorio y tambi\u00e9n vamos a tocar algunas canciones que compusimos en este \u00faltimo tiempo y que integrar\u00e1n nuestro tercer disco\u201d.<\/p>\n\n\n\n<p>T: \u00bfC\u00f3mo se perfila ese cancionero de un pr\u00f3ximo \u00e1lbum?<\/p>\n\n\n\n<p>Marcos N\u00fa\u00f1ez: En el estudio que armamos en pandemia vamos llevando una tem\u00e1tica de composiciones en las que sin olvidarnos de las ra\u00edces y tambi\u00e9n de los grandes creadores, agregamos cosas propias y nuevas en un proceso que lleva su tiempo pero que apunta a poder decir lo que queremos decir. Sentimos que es un momento propicio para eso.<\/p>\n\n\n\n<p>T: \u00bfEn alg\u00fan momento fue m\u00e1s dif\u00edcil incluir obra nueva o con otros matices?<\/p>\n\n\n\n<p>MN: En un comienzo recibimos algunas cr\u00edticas de los sectores m\u00e1s tradicionalistas, pero en general la gente es muy abierta y esa apertura ya es parte del sonido popular. De hecho hay una nueva camada impresionante de talentos que aparecen en toda la regi\u00f3n litorale\u00f1a y que aportan esa novedad.<\/p>\n\n\n\n<p>T: \u00bfEl hecho de que artistas como ustedes decidan vivir en su lugar de origen es un aporte a ese panorama?<\/p>\n\n\n\n<p>MN: Nosotros tocamos muchos a\u00f1os junto al Chango y eso nos tuvo lejos de Misiones y un momento necesitamos volver para empaparnos de lo que es nuestra cultura, conectarnos con el monte, la chacra, la gente y la familia. Y desde ac\u00e1 sentimos que podemos llevar adelante la carrera sin necesidad de vivir en Buenos Aires. Adem\u00e1s estamos trabajando en el Centro del Conocimiento donde damos clases y armamos como una orquesta de g\u00e9neros populares y de alg\u00fan modo sentimos que as\u00ed vamos pasando la posta. Para cualquier cultura es importante tener referentes vivos que le den continuidad al legado.<\/p>\n\n\n\n<p>T: \u00bfQu\u00e9 m\u00e1s hacen en Posadas a\u00fan en este contexto de pandemia?<\/p>\n\n\n\n<p>MN: Por suerte en Misiones la apertura es pr\u00e1cticamente total y nuestra idea es seguir tocando, aprovechando que contamos con nuestro propio espacio, La pe\u00f1a de los N\u00fa\u00f1ez.<\/p>\n\n\n\n<p><strong>Fuente: T\u00e9lam<\/strong><\/p>\n\n\n\n<p><\/p>\n","protected":false},"excerpt":{"rendered":"<p>Afincados en su provincia, Los N\u00fa\u00f1ez, que se presentar\u00e1n este jueves, tienen un largo recorrido ya que tocan juntos desde ni\u00f1os y ya adultos y conformados como d\u00fao, giraron por China, Nueva Zelanda, Alemania, Inglaterra, B\u00e9lgica, Francia, Portugal, Espa\u00f1a, Austria, Eslovenia, Holanda, Noruega y Gales. Los hermanos misioneros Juan y Marcos N\u00fa\u00f1ez, reconocidos artistas chamameceros, [&hellip;]<\/p>\n","protected":false},"author":2,"featured_media":7471,"comment_status":"open","ping_status":"open","sticky":false,"template":"","format":"standard","meta":{"footnotes":""},"categories":[47],"tags":[],"class_list":["post-7470","post","type-post","status-publish","format-standard","has-post-thumbnail","hentry","category-sociedad"],"yoast_head":"<!-- This site is optimized with the Yoast SEO plugin v27.5 - https:\/\/yoast.com\/product\/yoast-seo-wordpress\/ -->\n<title>El chamam\u00e9 de Los N\u00fa\u00f1ez llega desde Misiones al jard\u00edn del Club Congo | CVI NOTICIAS<\/title>\n<meta name=\"robots\" content=\"index, follow, max-snippet:-1, max-image-preview:large, max-video-preview:-1\" \/>\n<link rel=\"canonical\" href=\"https:\/\/cvinoticias.com\/v3\/el-chamame-de-los-nunez-llega-desde-misiones-al-jardin-del-club-congo\/\" \/>\n<meta property=\"og:locale\" content=\"es_ES\" \/>\n<meta property=\"og:type\" content=\"article\" \/>\n<meta property=\"og:title\" content=\"El chamam\u00e9 de Los N\u00fa\u00f1ez llega desde Misiones al jard\u00edn del Club Congo | CVI NOTICIAS\" \/>\n<meta property=\"og:description\" content=\"Afincados en su provincia, Los N\u00fa\u00f1ez, que se presentar\u00e1n este jueves, tienen un largo recorrido ya que tocan juntos desde ni\u00f1os y ya adultos y conformados como d\u00fao, giraron por China, Nueva Zelanda, Alemania, Inglaterra, B\u00e9lgica, Francia, Portugal, Espa\u00f1a, Austria, Eslovenia, Holanda, Noruega y Gales. Los hermanos misioneros Juan y Marcos N\u00fa\u00f1ez, reconocidos artistas chamameceros, [&hellip;]\" \/>\n<meta property=\"og:url\" content=\"https:\/\/cvinoticias.com\/v3\/el-chamame-de-los-nunez-llega-desde-misiones-al-jardin-del-club-congo\/\" \/>\n<meta property=\"og:site_name\" content=\"CVI NOTICIAS\" \/>\n<meta property=\"article:publisher\" content=\"https:\/\/www.facebook.com\/cvinoticias\" \/>\n<meta property=\"article:published_time\" content=\"2021-08-10T10:54:11+00:00\" \/>\n<meta property=\"og:image\" content=\"https:\/\/cvinoticias.com\/wp-content\/uploads\/2021\/08\/611177754f2ff_1004x565.jpg\" \/>\n\t<meta property=\"og:image:width\" content=\"1004\" \/>\n\t<meta property=\"og:image:height\" content=\"565\" \/>\n\t<meta property=\"og:image:type\" content=\"image\/jpeg\" \/>\n<meta name=\"author\" content=\"f1000024\" \/>\n<meta name=\"twitter:card\" content=\"summary_large_image\" \/>\n<meta name=\"twitter:label1\" content=\"Escrito por\" \/>\n\t<meta name=\"twitter:data1\" content=\"f1000024\" \/>\n\t<meta name=\"twitter:label2\" content=\"Tiempo de lectura\" \/>\n\t<meta name=\"twitter:data2\" content=\"3 minutos\" \/>\n<script type=\"application\/ld+json\" class=\"yoast-schema-graph\">{\"@context\":\"https:\\\/\\\/schema.org\",\"@graph\":[{\"@type\":\"Article\",\"@id\":\"https:\\\/\\\/cvinoticias.com\\\/v3\\\/el-chamame-de-los-nunez-llega-desde-misiones-al-jardin-del-club-congo\\\/#article\",\"isPartOf\":{\"@id\":\"https:\\\/\\\/cvinoticias.com\\\/v3\\\/el-chamame-de-los-nunez-llega-desde-misiones-al-jardin-del-club-congo\\\/\"},\"author\":{\"name\":\"f1000024\",\"@id\":\"https:\\\/\\\/cvinoticias.com\\\/v3\\\/#\\\/schema\\\/person\\\/2db77e3c6bc03c538495d7b2b8be9b66\"},\"headline\":\"El chamam\u00e9 de Los N\u00fa\u00f1ez llega desde Misiones al jard\u00edn del Club Congo\",\"datePublished\":\"2021-08-10T10:54:11+00:00\",\"mainEntityOfPage\":{\"@id\":\"https:\\\/\\\/cvinoticias.com\\\/v3\\\/el-chamame-de-los-nunez-llega-desde-misiones-al-jardin-del-club-congo\\\/\"},\"wordCount\":658,\"commentCount\":0,\"publisher\":{\"@id\":\"https:\\\/\\\/cvinoticias.com\\\/v3\\\/#organization\"},\"image\":{\"@id\":\"https:\\\/\\\/cvinoticias.com\\\/v3\\\/el-chamame-de-los-nunez-llega-desde-misiones-al-jardin-del-club-congo\\\/#primaryimage\"},\"thumbnailUrl\":\"https:\\\/\\\/cvinoticias.com\\\/wp-content\\\/uploads\\\/2021\\\/08\\\/611177754f2ff_1004x565.jpg\",\"articleSection\":[\"Sociedad\"],\"inLanguage\":\"es\",\"potentialAction\":[{\"@type\":\"CommentAction\",\"name\":\"Comment\",\"target\":[\"https:\\\/\\\/cvinoticias.com\\\/v3\\\/el-chamame-de-los-nunez-llega-desde-misiones-al-jardin-del-club-congo\\\/#respond\"]}]},{\"@type\":\"WebPage\",\"@id\":\"https:\\\/\\\/cvinoticias.com\\\/v3\\\/el-chamame-de-los-nunez-llega-desde-misiones-al-jardin-del-club-congo\\\/\",\"url\":\"https:\\\/\\\/cvinoticias.com\\\/v3\\\/el-chamame-de-los-nunez-llega-desde-misiones-al-jardin-del-club-congo\\\/\",\"name\":\"El chamam\u00e9 de Los N\u00fa\u00f1ez llega desde Misiones al jard\u00edn del Club Congo | CVI NOTICIAS\",\"isPartOf\":{\"@id\":\"https:\\\/\\\/cvinoticias.com\\\/v3\\\/#website\"},\"primaryImageOfPage\":{\"@id\":\"https:\\\/\\\/cvinoticias.com\\\/v3\\\/el-chamame-de-los-nunez-llega-desde-misiones-al-jardin-del-club-congo\\\/#primaryimage\"},\"image\":{\"@id\":\"https:\\\/\\\/cvinoticias.com\\\/v3\\\/el-chamame-de-los-nunez-llega-desde-misiones-al-jardin-del-club-congo\\\/#primaryimage\"},\"thumbnailUrl\":\"https:\\\/\\\/cvinoticias.com\\\/wp-content\\\/uploads\\\/2021\\\/08\\\/611177754f2ff_1004x565.jpg\",\"datePublished\":\"2021-08-10T10:54:11+00:00\",\"breadcrumb\":{\"@id\":\"https:\\\/\\\/cvinoticias.com\\\/v3\\\/el-chamame-de-los-nunez-llega-desde-misiones-al-jardin-del-club-congo\\\/#breadcrumb\"},\"inLanguage\":\"es\",\"potentialAction\":[{\"@type\":\"ReadAction\",\"target\":[\"https:\\\/\\\/cvinoticias.com\\\/v3\\\/el-chamame-de-los-nunez-llega-desde-misiones-al-jardin-del-club-congo\\\/\"]}]},{\"@type\":\"ImageObject\",\"inLanguage\":\"es\",\"@id\":\"https:\\\/\\\/cvinoticias.com\\\/v3\\\/el-chamame-de-los-nunez-llega-desde-misiones-al-jardin-del-club-congo\\\/#primaryimage\",\"url\":\"https:\\\/\\\/cvinoticias.com\\\/wp-content\\\/uploads\\\/2021\\\/08\\\/611177754f2ff_1004x565.jpg\",\"contentUrl\":\"https:\\\/\\\/cvinoticias.com\\\/wp-content\\\/uploads\\\/2021\\\/08\\\/611177754f2ff_1004x565.jpg\",\"width\":1004,\"height\":565},{\"@type\":\"BreadcrumbList\",\"@id\":\"https:\\\/\\\/cvinoticias.com\\\/v3\\\/el-chamame-de-los-nunez-llega-desde-misiones-al-jardin-del-club-congo\\\/#breadcrumb\",\"itemListElement\":[{\"@type\":\"ListItem\",\"position\":1,\"name\":\"Portada\",\"item\":\"https:\\\/\\\/cvinoticias.com\\\/v3\\\/\"},{\"@type\":\"ListItem\",\"position\":2,\"name\":\"El chamam\u00e9 de Los N\u00fa\u00f1ez llega desde Misiones al jard\u00edn del Club Congo\"}]},{\"@type\":\"WebSite\",\"@id\":\"https:\\\/\\\/cvinoticias.com\\\/v3\\\/#website\",\"url\":\"https:\\\/\\\/cvinoticias.com\\\/v3\\\/\",\"name\":\"CVI NOTICIAS\",\"description\":\"\",\"publisher\":{\"@id\":\"https:\\\/\\\/cvinoticias.com\\\/v3\\\/#organization\"},\"alternateName\":\"CVI\",\"potentialAction\":[{\"@type\":\"SearchAction\",\"target\":{\"@type\":\"EntryPoint\",\"urlTemplate\":\"https:\\\/\\\/cvinoticias.com\\\/v3\\\/?s={search_term_string}\"},\"query-input\":{\"@type\":\"PropertyValueSpecification\",\"valueRequired\":true,\"valueName\":\"search_term_string\"}}],\"inLanguage\":\"es\"},{\"@type\":\"Organization\",\"@id\":\"https:\\\/\\\/cvinoticias.com\\\/v3\\\/#organization\",\"name\":\"CVI NOTICIAS\",\"url\":\"https:\\\/\\\/cvinoticias.com\\\/v3\\\/\",\"logo\":{\"@type\":\"ImageObject\",\"inLanguage\":\"es\",\"@id\":\"https:\\\/\\\/cvinoticias.com\\\/v3\\\/#\\\/schema\\\/logo\\\/image\\\/\",\"url\":\"https:\\\/\\\/cvinoticias.com\\\/wp-content\\\/uploads\\\/2023\\\/04\\\/cropped-cropped-cropped-cropped-cropped-3-1.png\",\"contentUrl\":\"https:\\\/\\\/cvinoticias.com\\\/wp-content\\\/uploads\\\/2023\\\/04\\\/cropped-cropped-cropped-cropped-cropped-3-1.png\",\"width\":95,\"height\":122,\"caption\":\"CVI NOTICIAS\"},\"image\":{\"@id\":\"https:\\\/\\\/cvinoticias.com\\\/v3\\\/#\\\/schema\\\/logo\\\/image\\\/\"},\"sameAs\":[\"https:\\\/\\\/www.facebook.com\\\/cvinoticias\",\"https:\\\/\\\/www.instagram.com\\\/cvinoticias\\\/\",\"https:\\\/\\\/www.youtube.com\\\/@CVINOTICIAS\"]},{\"@type\":\"Person\",\"@id\":\"https:\\\/\\\/cvinoticias.com\\\/v3\\\/#\\\/schema\\\/person\\\/2db77e3c6bc03c538495d7b2b8be9b66\",\"name\":\"f1000024\",\"image\":{\"@type\":\"ImageObject\",\"inLanguage\":\"es\",\"@id\":\"https:\\\/\\\/secure.gravatar.com\\\/avatar\\\/d4fe7459cfc51ff5129ce1a732bbef5928568b8092d412ef95611616376bbeed?s=96&d=mm&r=g\",\"url\":\"https:\\\/\\\/secure.gravatar.com\\\/avatar\\\/d4fe7459cfc51ff5129ce1a732bbef5928568b8092d412ef95611616376bbeed?s=96&d=mm&r=g\",\"contentUrl\":\"https:\\\/\\\/secure.gravatar.com\\\/avatar\\\/d4fe7459cfc51ff5129ce1a732bbef5928568b8092d412ef95611616376bbeed?s=96&d=mm&r=g\",\"caption\":\"f1000024\"},\"url\":\"https:\\\/\\\/cvinoticias.com\\\/v3\\\/author\\\/f1000024\\\/\"}]}<\/script>\n<!-- \/ Yoast SEO plugin. -->","yoast_head_json":{"title":"El chamam\u00e9 de Los N\u00fa\u00f1ez llega desde Misiones al jard\u00edn del Club Congo | CVI NOTICIAS","robots":{"index":"index","follow":"follow","max-snippet":"max-snippet:-1","max-image-preview":"max-image-preview:large","max-video-preview":"max-video-preview:-1"},"canonical":"https:\/\/cvinoticias.com\/v3\/el-chamame-de-los-nunez-llega-desde-misiones-al-jardin-del-club-congo\/","og_locale":"es_ES","og_type":"article","og_title":"El chamam\u00e9 de Los N\u00fa\u00f1ez llega desde Misiones al jard\u00edn del Club Congo | CVI NOTICIAS","og_description":"Afincados en su provincia, Los N\u00fa\u00f1ez, que se presentar\u00e1n este jueves, tienen un largo recorrido ya que tocan juntos desde ni\u00f1os y ya adultos y conformados como d\u00fao, giraron por China, Nueva Zelanda, Alemania, Inglaterra, B\u00e9lgica, Francia, Portugal, Espa\u00f1a, Austria, Eslovenia, Holanda, Noruega y Gales. Los hermanos misioneros Juan y Marcos N\u00fa\u00f1ez, reconocidos artistas chamameceros, [&hellip;]","og_url":"https:\/\/cvinoticias.com\/v3\/el-chamame-de-los-nunez-llega-desde-misiones-al-jardin-del-club-congo\/","og_site_name":"CVI NOTICIAS","article_publisher":"https:\/\/www.facebook.com\/cvinoticias","article_published_time":"2021-08-10T10:54:11+00:00","og_image":[{"width":1004,"height":565,"url":"https:\/\/cvinoticias.com\/wp-content\/uploads\/2021\/08\/611177754f2ff_1004x565.jpg","type":"image\/jpeg"}],"author":"f1000024","twitter_card":"summary_large_image","twitter_misc":{"Escrito por":"f1000024","Tiempo de lectura":"3 minutos"},"schema":{"@context":"https:\/\/schema.org","@graph":[{"@type":"Article","@id":"https:\/\/cvinoticias.com\/v3\/el-chamame-de-los-nunez-llega-desde-misiones-al-jardin-del-club-congo\/#article","isPartOf":{"@id":"https:\/\/cvinoticias.com\/v3\/el-chamame-de-los-nunez-llega-desde-misiones-al-jardin-del-club-congo\/"},"author":{"name":"f1000024","@id":"https:\/\/cvinoticias.com\/v3\/#\/schema\/person\/2db77e3c6bc03c538495d7b2b8be9b66"},"headline":"El chamam\u00e9 de Los N\u00fa\u00f1ez llega desde Misiones al jard\u00edn del Club Congo","datePublished":"2021-08-10T10:54:11+00:00","mainEntityOfPage":{"@id":"https:\/\/cvinoticias.com\/v3\/el-chamame-de-los-nunez-llega-desde-misiones-al-jardin-del-club-congo\/"},"wordCount":658,"commentCount":0,"publisher":{"@id":"https:\/\/cvinoticias.com\/v3\/#organization"},"image":{"@id":"https:\/\/cvinoticias.com\/v3\/el-chamame-de-los-nunez-llega-desde-misiones-al-jardin-del-club-congo\/#primaryimage"},"thumbnailUrl":"https:\/\/cvinoticias.com\/wp-content\/uploads\/2021\/08\/611177754f2ff_1004x565.jpg","articleSection":["Sociedad"],"inLanguage":"es","potentialAction":[{"@type":"CommentAction","name":"Comment","target":["https:\/\/cvinoticias.com\/v3\/el-chamame-de-los-nunez-llega-desde-misiones-al-jardin-del-club-congo\/#respond"]}]},{"@type":"WebPage","@id":"https:\/\/cvinoticias.com\/v3\/el-chamame-de-los-nunez-llega-desde-misiones-al-jardin-del-club-congo\/","url":"https:\/\/cvinoticias.com\/v3\/el-chamame-de-los-nunez-llega-desde-misiones-al-jardin-del-club-congo\/","name":"El chamam\u00e9 de Los N\u00fa\u00f1ez llega desde Misiones al jard\u00edn del Club Congo | CVI NOTICIAS","isPartOf":{"@id":"https:\/\/cvinoticias.com\/v3\/#website"},"primaryImageOfPage":{"@id":"https:\/\/cvinoticias.com\/v3\/el-chamame-de-los-nunez-llega-desde-misiones-al-jardin-del-club-congo\/#primaryimage"},"image":{"@id":"https:\/\/cvinoticias.com\/v3\/el-chamame-de-los-nunez-llega-desde-misiones-al-jardin-del-club-congo\/#primaryimage"},"thumbnailUrl":"https:\/\/cvinoticias.com\/wp-content\/uploads\/2021\/08\/611177754f2ff_1004x565.jpg","datePublished":"2021-08-10T10:54:11+00:00","breadcrumb":{"@id":"https:\/\/cvinoticias.com\/v3\/el-chamame-de-los-nunez-llega-desde-misiones-al-jardin-del-club-congo\/#breadcrumb"},"inLanguage":"es","potentialAction":[{"@type":"ReadAction","target":["https:\/\/cvinoticias.com\/v3\/el-chamame-de-los-nunez-llega-desde-misiones-al-jardin-del-club-congo\/"]}]},{"@type":"ImageObject","inLanguage":"es","@id":"https:\/\/cvinoticias.com\/v3\/el-chamame-de-los-nunez-llega-desde-misiones-al-jardin-del-club-congo\/#primaryimage","url":"https:\/\/cvinoticias.com\/wp-content\/uploads\/2021\/08\/611177754f2ff_1004x565.jpg","contentUrl":"https:\/\/cvinoticias.com\/wp-content\/uploads\/2021\/08\/611177754f2ff_1004x565.jpg","width":1004,"height":565},{"@type":"BreadcrumbList","@id":"https:\/\/cvinoticias.com\/v3\/el-chamame-de-los-nunez-llega-desde-misiones-al-jardin-del-club-congo\/#breadcrumb","itemListElement":[{"@type":"ListItem","position":1,"name":"Portada","item":"https:\/\/cvinoticias.com\/v3\/"},{"@type":"ListItem","position":2,"name":"El chamam\u00e9 de Los N\u00fa\u00f1ez llega desde Misiones al jard\u00edn del Club Congo"}]},{"@type":"WebSite","@id":"https:\/\/cvinoticias.com\/v3\/#website","url":"https:\/\/cvinoticias.com\/v3\/","name":"CVI NOTICIAS","description":"","publisher":{"@id":"https:\/\/cvinoticias.com\/v3\/#organization"},"alternateName":"CVI","potentialAction":[{"@type":"SearchAction","target":{"@type":"EntryPoint","urlTemplate":"https:\/\/cvinoticias.com\/v3\/?s={search_term_string}"},"query-input":{"@type":"PropertyValueSpecification","valueRequired":true,"valueName":"search_term_string"}}],"inLanguage":"es"},{"@type":"Organization","@id":"https:\/\/cvinoticias.com\/v3\/#organization","name":"CVI NOTICIAS","url":"https:\/\/cvinoticias.com\/v3\/","logo":{"@type":"ImageObject","inLanguage":"es","@id":"https:\/\/cvinoticias.com\/v3\/#\/schema\/logo\/image\/","url":"https:\/\/cvinoticias.com\/wp-content\/uploads\/2023\/04\/cropped-cropped-cropped-cropped-cropped-3-1.png","contentUrl":"https:\/\/cvinoticias.com\/wp-content\/uploads\/2023\/04\/cropped-cropped-cropped-cropped-cropped-3-1.png","width":95,"height":122,"caption":"CVI NOTICIAS"},"image":{"@id":"https:\/\/cvinoticias.com\/v3\/#\/schema\/logo\/image\/"},"sameAs":["https:\/\/www.facebook.com\/cvinoticias","https:\/\/www.instagram.com\/cvinoticias\/","https:\/\/www.youtube.com\/@CVINOTICIAS"]},{"@type":"Person","@id":"https:\/\/cvinoticias.com\/v3\/#\/schema\/person\/2db77e3c6bc03c538495d7b2b8be9b66","name":"f1000024","image":{"@type":"ImageObject","inLanguage":"es","@id":"https:\/\/secure.gravatar.com\/avatar\/d4fe7459cfc51ff5129ce1a732bbef5928568b8092d412ef95611616376bbeed?s=96&d=mm&r=g","url":"https:\/\/secure.gravatar.com\/avatar\/d4fe7459cfc51ff5129ce1a732bbef5928568b8092d412ef95611616376bbeed?s=96&d=mm&r=g","contentUrl":"https:\/\/secure.gravatar.com\/avatar\/d4fe7459cfc51ff5129ce1a732bbef5928568b8092d412ef95611616376bbeed?s=96&d=mm&r=g","caption":"f1000024"},"url":"https:\/\/cvinoticias.com\/v3\/author\/f1000024\/"}]}},"_links":{"self":[{"href":"https:\/\/cvinoticias.com\/v3\/wp-json\/wp\/v2\/posts\/7470","targetHints":{"allow":["GET"]}}],"collection":[{"href":"https:\/\/cvinoticias.com\/v3\/wp-json\/wp\/v2\/posts"}],"about":[{"href":"https:\/\/cvinoticias.com\/v3\/wp-json\/wp\/v2\/types\/post"}],"author":[{"embeddable":true,"href":"https:\/\/cvinoticias.com\/v3\/wp-json\/wp\/v2\/users\/2"}],"replies":[{"embeddable":true,"href":"https:\/\/cvinoticias.com\/v3\/wp-json\/wp\/v2\/comments?post=7470"}],"version-history":[{"count":1,"href":"https:\/\/cvinoticias.com\/v3\/wp-json\/wp\/v2\/posts\/7470\/revisions"}],"predecessor-version":[{"id":7472,"href":"https:\/\/cvinoticias.com\/v3\/wp-json\/wp\/v2\/posts\/7470\/revisions\/7472"}],"wp:featuredmedia":[{"embeddable":true,"href":"https:\/\/cvinoticias.com\/v3\/wp-json\/wp\/v2\/media\/7471"}],"wp:attachment":[{"href":"https:\/\/cvinoticias.com\/v3\/wp-json\/wp\/v2\/media?parent=7470"}],"wp:term":[{"taxonomy":"category","embeddable":true,"href":"https:\/\/cvinoticias.com\/v3\/wp-json\/wp\/v2\/categories?post=7470"},{"taxonomy":"post_tag","embeddable":true,"href":"https:\/\/cvinoticias.com\/v3\/wp-json\/wp\/v2\/tags?post=7470"}],"curies":[{"name":"wp","href":"https:\/\/api.w.org\/{rel}","templated":true}]}}