{"id":7464,"date":"2021-08-09T13:13:22","date_gmt":"2021-08-09T13:13:22","guid":{"rendered":"https:\/\/cvinoticias.com\/v3\/?p=7464"},"modified":"2021-08-09T13:13:22","modified_gmt":"2021-08-09T13:13:22","slug":"la-llamativa-amenaza-al-papa-francisco-le-enviaron-una-carta-que-tenia-tres-balas","status":"publish","type":"post","link":"https:\/\/cvinoticias.com\/v3\/la-llamativa-amenaza-al-papa-francisco-le-enviaron-una-carta-que-tenia-tres-balas\/","title":{"rendered":"La llamativa amenaza al papa Francisco: le enviaron una carta que ten\u00eda tres balas"},"content":{"rendered":"\n<p><strong><em>La misiva ten\u00eda adem\u00e1s un mensaje relacionado con el juicio iniciado en el Vaticano hace d\u00edas contra una decena de personas, entre ellas un cardenal, por supuestas irregularidades en la compra de propiedades de la Santa Sede<\/em><\/strong><\/p>\n\n\n\n<p>Los Carabineros de la provincia italiana de Mil\u00e1n interceptaron hoy una carta dirigida al papa Francisco con tres balas, informaron fuentes policiales.<\/p>\n\n\n\n<p>Las fuentes detallaron que la carta dirigida a \u00abIl Papa-Citt\u00e0 del Vaticano-Piazza San Pietro in Roma\u00bb fue interceptada en el centro de clasificaci\u00f3n postal de Peschiera Borromeo, en la provincia del norte italiano.<\/p>\n\n\n\n<p>Dentro de la carta hab\u00eda tres balas sobre las que se est\u00e1 peritando el calibre, informaron las fuentes.<\/p>\n\n\n\n<p>Una vez identificada la carta, las autoridades postales convocaron a los Carabineros del departamento de San Donato Milanese.<\/p>\n\n\n\n<p>El cuerpo policial inici\u00f3 una autorizaci\u00f3n bajo la autorizaci\u00f3n de la fiscal adjunta de Mil\u00e1n, Alessandra Cerreti, informaron las fuentes.<\/p>\n\n\n\n<p>Seg\u00fan el diario Corriere della Sera, la carta ten\u00eda adem\u00e1s un mensaje relacionado con el juicio iniciado en el Vaticano el 27 de julio contra diez personas, entre ellas un cardenal, por supuestas irregularidades en la compra de propiedades de la Santa Sede.<\/p>\n\n\n\n<p><\/p>\n\n\n\n<p><strong>Fuente: T\u00e9lam <\/strong><\/p>\n","protected":false},"excerpt":{"rendered":"<p>La misiva ten\u00eda adem\u00e1s un mensaje relacionado con el juicio iniciado en el Vaticano hace d\u00edas contra una decena de personas, entre ellas un cardenal, por supuestas irregularidades en la compra de propiedades de la Santa Sede Los Carabineros de la provincia italiana de Mil\u00e1n interceptaron hoy una carta dirigida al papa Francisco con tres [&hellip;]<\/p>\n","protected":false},"author":2,"featured_media":7465,"comment_status":"open","ping_status":"open","sticky":false,"template":"","format":"standard","meta":{"footnotes":""},"categories":[36],"tags":[],"class_list":["post-7464","post","type-post","status-publish","format-standard","has-post-thumbnail","hentry","category-internacionales"],"yoast_head":"<!-- This site is optimized with the Yoast SEO plugin v27.4 - https:\/\/yoast.com\/product\/yoast-seo-wordpress\/ -->\n<title>La llamativa amenaza al papa Francisco: le enviaron una carta que ten\u00eda tres balas | CVI NOTICIAS<\/title>\n<meta name=\"robots\" content=\"index, follow, max-snippet:-1, max-image-preview:large, max-video-preview:-1\" \/>\n<link rel=\"canonical\" href=\"https:\/\/cvinoticias.com\/v3\/la-llamativa-amenaza-al-papa-francisco-le-enviaron-una-carta-que-tenia-tres-balas\/\" \/>\n<meta property=\"og:locale\" content=\"es_ES\" \/>\n<meta property=\"og:type\" content=\"article\" \/>\n<meta property=\"og:title\" content=\"La llamativa amenaza al papa Francisco: le enviaron una carta que ten\u00eda tres balas | CVI NOTICIAS\" \/>\n<meta property=\"og:description\" content=\"La misiva ten\u00eda adem\u00e1s un mensaje relacionado con el juicio iniciado en el Vaticano hace d\u00edas contra una decena de personas, entre ellas un cardenal, por supuestas irregularidades en la compra de propiedades de la Santa Sede Los Carabineros de la provincia italiana de Mil\u00e1n interceptaron hoy una carta dirigida al papa Francisco con tres [&hellip;]\" \/>\n<meta property=\"og:url\" content=\"https:\/\/cvinoticias.com\/v3\/la-llamativa-amenaza-al-papa-francisco-le-enviaron-una-carta-que-tenia-tres-balas\/\" \/>\n<meta property=\"og:site_name\" content=\"CVI NOTICIAS\" \/>\n<meta property=\"article:publisher\" content=\"https:\/\/www.facebook.com\/cvinoticias\" \/>\n<meta property=\"article:published_time\" content=\"2021-08-09T13:13:22+00:00\" \/>\n<meta property=\"og:image\" content=\"https:\/\/cvinoticias.com\/wp-content\/uploads\/2021\/08\/descarga-4.jpeg\" \/>\n\t<meta property=\"og:image:width\" content=\"1000\" \/>\n\t<meta property=\"og:image:height\" content=\"665\" \/>\n\t<meta property=\"og:image:type\" content=\"image\/jpeg\" \/>\n<meta name=\"author\" content=\"f1000024\" \/>\n<meta name=\"twitter:card\" content=\"summary_large_image\" \/>\n<meta name=\"twitter:label1\" content=\"Escrito por\" \/>\n\t<meta name=\"twitter:data1\" content=\"f1000024\" \/>\n\t<meta name=\"twitter:label2\" content=\"Tiempo de lectura\" \/>\n\t<meta name=\"twitter:data2\" content=\"1 minuto\" \/>\n<script type=\"application\/ld+json\" class=\"yoast-schema-graph\">{\"@context\":\"https:\\\/\\\/schema.org\",\"@graph\":[{\"@type\":\"Article\",\"@id\":\"https:\\\/\\\/cvinoticias.com\\\/v3\\\/la-llamativa-amenaza-al-papa-francisco-le-enviaron-una-carta-que-tenia-tres-balas\\\/#article\",\"isPartOf\":{\"@id\":\"https:\\\/\\\/cvinoticias.com\\\/v3\\\/la-llamativa-amenaza-al-papa-francisco-le-enviaron-una-carta-que-tenia-tres-balas\\\/\"},\"author\":{\"name\":\"f1000024\",\"@id\":\"https:\\\/\\\/cvinoticias.com\\\/v3\\\/#\\\/schema\\\/person\\\/2db77e3c6bc03c538495d7b2b8be9b66\"},\"headline\":\"La llamativa amenaza al papa Francisco: le enviaron una carta que ten\u00eda tres balas\",\"datePublished\":\"2021-08-09T13:13:22+00:00\",\"mainEntityOfPage\":{\"@id\":\"https:\\\/\\\/cvinoticias.com\\\/v3\\\/la-llamativa-amenaza-al-papa-francisco-le-enviaron-una-carta-que-tenia-tres-balas\\\/\"},\"wordCount\":220,\"commentCount\":0,\"publisher\":{\"@id\":\"https:\\\/\\\/cvinoticias.com\\\/v3\\\/#organization\"},\"image\":{\"@id\":\"https:\\\/\\\/cvinoticias.com\\\/v3\\\/la-llamativa-amenaza-al-papa-francisco-le-enviaron-una-carta-que-tenia-tres-balas\\\/#primaryimage\"},\"thumbnailUrl\":\"https:\\\/\\\/cvinoticias.com\\\/wp-content\\\/uploads\\\/2021\\\/08\\\/descarga-4.jpeg\",\"articleSection\":[\"Internacionales\"],\"inLanguage\":\"es\",\"potentialAction\":[{\"@type\":\"CommentAction\",\"name\":\"Comment\",\"target\":[\"https:\\\/\\\/cvinoticias.com\\\/v3\\\/la-llamativa-amenaza-al-papa-francisco-le-enviaron-una-carta-que-tenia-tres-balas\\\/#respond\"]}]},{\"@type\":\"WebPage\",\"@id\":\"https:\\\/\\\/cvinoticias.com\\\/v3\\\/la-llamativa-amenaza-al-papa-francisco-le-enviaron-una-carta-que-tenia-tres-balas\\\/\",\"url\":\"https:\\\/\\\/cvinoticias.com\\\/v3\\\/la-llamativa-amenaza-al-papa-francisco-le-enviaron-una-carta-que-tenia-tres-balas\\\/\",\"name\":\"La llamativa amenaza al papa Francisco: le enviaron una carta que ten\u00eda tres balas | CVI NOTICIAS\",\"isPartOf\":{\"@id\":\"https:\\\/\\\/cvinoticias.com\\\/v3\\\/#website\"},\"primaryImageOfPage\":{\"@id\":\"https:\\\/\\\/cvinoticias.com\\\/v3\\\/la-llamativa-amenaza-al-papa-francisco-le-enviaron-una-carta-que-tenia-tres-balas\\\/#primaryimage\"},\"image\":{\"@id\":\"https:\\\/\\\/cvinoticias.com\\\/v3\\\/la-llamativa-amenaza-al-papa-francisco-le-enviaron-una-carta-que-tenia-tres-balas\\\/#primaryimage\"},\"thumbnailUrl\":\"https:\\\/\\\/cvinoticias.com\\\/wp-content\\\/uploads\\\/2021\\\/08\\\/descarga-4.jpeg\",\"datePublished\":\"2021-08-09T13:13:22+00:00\",\"breadcrumb\":{\"@id\":\"https:\\\/\\\/cvinoticias.com\\\/v3\\\/la-llamativa-amenaza-al-papa-francisco-le-enviaron-una-carta-que-tenia-tres-balas\\\/#breadcrumb\"},\"inLanguage\":\"es\",\"potentialAction\":[{\"@type\":\"ReadAction\",\"target\":[\"https:\\\/\\\/cvinoticias.com\\\/v3\\\/la-llamativa-amenaza-al-papa-francisco-le-enviaron-una-carta-que-tenia-tres-balas\\\/\"]}]},{\"@type\":\"ImageObject\",\"inLanguage\":\"es\",\"@id\":\"https:\\\/\\\/cvinoticias.com\\\/v3\\\/la-llamativa-amenaza-al-papa-francisco-le-enviaron-una-carta-que-tenia-tres-balas\\\/#primaryimage\",\"url\":\"https:\\\/\\\/cvinoticias.com\\\/wp-content\\\/uploads\\\/2021\\\/08\\\/descarga-4.jpeg\",\"contentUrl\":\"https:\\\/\\\/cvinoticias.com\\\/wp-content\\\/uploads\\\/2021\\\/08\\\/descarga-4.jpeg\",\"width\":1000,\"height\":665},{\"@type\":\"BreadcrumbList\",\"@id\":\"https:\\\/\\\/cvinoticias.com\\\/v3\\\/la-llamativa-amenaza-al-papa-francisco-le-enviaron-una-carta-que-tenia-tres-balas\\\/#breadcrumb\",\"itemListElement\":[{\"@type\":\"ListItem\",\"position\":1,\"name\":\"Portada\",\"item\":\"https:\\\/\\\/cvinoticias.com\\\/v3\\\/\"},{\"@type\":\"ListItem\",\"position\":2,\"name\":\"La llamativa amenaza al papa Francisco: le enviaron una carta que ten\u00eda tres balas\"}]},{\"@type\":\"WebSite\",\"@id\":\"https:\\\/\\\/cvinoticias.com\\\/v3\\\/#website\",\"url\":\"https:\\\/\\\/cvinoticias.com\\\/v3\\\/\",\"name\":\"CVI NOTICIAS\",\"description\":\"\",\"publisher\":{\"@id\":\"https:\\\/\\\/cvinoticias.com\\\/v3\\\/#organization\"},\"alternateName\":\"CVI\",\"potentialAction\":[{\"@type\":\"SearchAction\",\"target\":{\"@type\":\"EntryPoint\",\"urlTemplate\":\"https:\\\/\\\/cvinoticias.com\\\/v3\\\/?s={search_term_string}\"},\"query-input\":{\"@type\":\"PropertyValueSpecification\",\"valueRequired\":true,\"valueName\":\"search_term_string\"}}],\"inLanguage\":\"es\"},{\"@type\":\"Organization\",\"@id\":\"https:\\\/\\\/cvinoticias.com\\\/v3\\\/#organization\",\"name\":\"CVI NOTICIAS\",\"url\":\"https:\\\/\\\/cvinoticias.com\\\/v3\\\/\",\"logo\":{\"@type\":\"ImageObject\",\"inLanguage\":\"es\",\"@id\":\"https:\\\/\\\/cvinoticias.com\\\/v3\\\/#\\\/schema\\\/logo\\\/image\\\/\",\"url\":\"https:\\\/\\\/cvinoticias.com\\\/wp-content\\\/uploads\\\/2023\\\/04\\\/cropped-cropped-cropped-cropped-cropped-3-1.png\",\"contentUrl\":\"https:\\\/\\\/cvinoticias.com\\\/wp-content\\\/uploads\\\/2023\\\/04\\\/cropped-cropped-cropped-cropped-cropped-3-1.png\",\"width\":95,\"height\":122,\"caption\":\"CVI NOTICIAS\"},\"image\":{\"@id\":\"https:\\\/\\\/cvinoticias.com\\\/v3\\\/#\\\/schema\\\/logo\\\/image\\\/\"},\"sameAs\":[\"https:\\\/\\\/www.facebook.com\\\/cvinoticias\",\"https:\\\/\\\/www.instagram.com\\\/cvinoticias\\\/\",\"https:\\\/\\\/www.youtube.com\\\/@CVINOTICIAS\"]},{\"@type\":\"Person\",\"@id\":\"https:\\\/\\\/cvinoticias.com\\\/v3\\\/#\\\/schema\\\/person\\\/2db77e3c6bc03c538495d7b2b8be9b66\",\"name\":\"f1000024\",\"image\":{\"@type\":\"ImageObject\",\"inLanguage\":\"es\",\"@id\":\"https:\\\/\\\/secure.gravatar.com\\\/avatar\\\/d4fe7459cfc51ff5129ce1a732bbef5928568b8092d412ef95611616376bbeed?s=96&d=mm&r=g\",\"url\":\"https:\\\/\\\/secure.gravatar.com\\\/avatar\\\/d4fe7459cfc51ff5129ce1a732bbef5928568b8092d412ef95611616376bbeed?s=96&d=mm&r=g\",\"contentUrl\":\"https:\\\/\\\/secure.gravatar.com\\\/avatar\\\/d4fe7459cfc51ff5129ce1a732bbef5928568b8092d412ef95611616376bbeed?s=96&d=mm&r=g\",\"caption\":\"f1000024\"},\"url\":\"https:\\\/\\\/cvinoticias.com\\\/v3\\\/author\\\/f1000024\\\/\"}]}<\/script>\n<!-- \/ Yoast SEO plugin. -->","yoast_head_json":{"title":"La llamativa amenaza al papa Francisco: le enviaron una carta que ten\u00eda tres balas | CVI NOTICIAS","robots":{"index":"index","follow":"follow","max-snippet":"max-snippet:-1","max-image-preview":"max-image-preview:large","max-video-preview":"max-video-preview:-1"},"canonical":"https:\/\/cvinoticias.com\/v3\/la-llamativa-amenaza-al-papa-francisco-le-enviaron-una-carta-que-tenia-tres-balas\/","og_locale":"es_ES","og_type":"article","og_title":"La llamativa amenaza al papa Francisco: le enviaron una carta que ten\u00eda tres balas | CVI NOTICIAS","og_description":"La misiva ten\u00eda adem\u00e1s un mensaje relacionado con el juicio iniciado en el Vaticano hace d\u00edas contra una decena de personas, entre ellas un cardenal, por supuestas irregularidades en la compra de propiedades de la Santa Sede Los Carabineros de la provincia italiana de Mil\u00e1n interceptaron hoy una carta dirigida al papa Francisco con tres [&hellip;]","og_url":"https:\/\/cvinoticias.com\/v3\/la-llamativa-amenaza-al-papa-francisco-le-enviaron-una-carta-que-tenia-tres-balas\/","og_site_name":"CVI NOTICIAS","article_publisher":"https:\/\/www.facebook.com\/cvinoticias","article_published_time":"2021-08-09T13:13:22+00:00","og_image":[{"width":1000,"height":665,"url":"https:\/\/cvinoticias.com\/wp-content\/uploads\/2021\/08\/descarga-4.jpeg","type":"image\/jpeg"}],"author":"f1000024","twitter_card":"summary_large_image","twitter_misc":{"Escrito por":"f1000024","Tiempo de lectura":"1 minuto"},"schema":{"@context":"https:\/\/schema.org","@graph":[{"@type":"Article","@id":"https:\/\/cvinoticias.com\/v3\/la-llamativa-amenaza-al-papa-francisco-le-enviaron-una-carta-que-tenia-tres-balas\/#article","isPartOf":{"@id":"https:\/\/cvinoticias.com\/v3\/la-llamativa-amenaza-al-papa-francisco-le-enviaron-una-carta-que-tenia-tres-balas\/"},"author":{"name":"f1000024","@id":"https:\/\/cvinoticias.com\/v3\/#\/schema\/person\/2db77e3c6bc03c538495d7b2b8be9b66"},"headline":"La llamativa amenaza al papa Francisco: le enviaron una carta que ten\u00eda tres balas","datePublished":"2021-08-09T13:13:22+00:00","mainEntityOfPage":{"@id":"https:\/\/cvinoticias.com\/v3\/la-llamativa-amenaza-al-papa-francisco-le-enviaron-una-carta-que-tenia-tres-balas\/"},"wordCount":220,"commentCount":0,"publisher":{"@id":"https:\/\/cvinoticias.com\/v3\/#organization"},"image":{"@id":"https:\/\/cvinoticias.com\/v3\/la-llamativa-amenaza-al-papa-francisco-le-enviaron-una-carta-que-tenia-tres-balas\/#primaryimage"},"thumbnailUrl":"https:\/\/cvinoticias.com\/wp-content\/uploads\/2021\/08\/descarga-4.jpeg","articleSection":["Internacionales"],"inLanguage":"es","potentialAction":[{"@type":"CommentAction","name":"Comment","target":["https:\/\/cvinoticias.com\/v3\/la-llamativa-amenaza-al-papa-francisco-le-enviaron-una-carta-que-tenia-tres-balas\/#respond"]}]},{"@type":"WebPage","@id":"https:\/\/cvinoticias.com\/v3\/la-llamativa-amenaza-al-papa-francisco-le-enviaron-una-carta-que-tenia-tres-balas\/","url":"https:\/\/cvinoticias.com\/v3\/la-llamativa-amenaza-al-papa-francisco-le-enviaron-una-carta-que-tenia-tres-balas\/","name":"La llamativa amenaza al papa Francisco: le enviaron una carta que ten\u00eda tres balas | CVI NOTICIAS","isPartOf":{"@id":"https:\/\/cvinoticias.com\/v3\/#website"},"primaryImageOfPage":{"@id":"https:\/\/cvinoticias.com\/v3\/la-llamativa-amenaza-al-papa-francisco-le-enviaron-una-carta-que-tenia-tres-balas\/#primaryimage"},"image":{"@id":"https:\/\/cvinoticias.com\/v3\/la-llamativa-amenaza-al-papa-francisco-le-enviaron-una-carta-que-tenia-tres-balas\/#primaryimage"},"thumbnailUrl":"https:\/\/cvinoticias.com\/wp-content\/uploads\/2021\/08\/descarga-4.jpeg","datePublished":"2021-08-09T13:13:22+00:00","breadcrumb":{"@id":"https:\/\/cvinoticias.com\/v3\/la-llamativa-amenaza-al-papa-francisco-le-enviaron-una-carta-que-tenia-tres-balas\/#breadcrumb"},"inLanguage":"es","potentialAction":[{"@type":"ReadAction","target":["https:\/\/cvinoticias.com\/v3\/la-llamativa-amenaza-al-papa-francisco-le-enviaron-una-carta-que-tenia-tres-balas\/"]}]},{"@type":"ImageObject","inLanguage":"es","@id":"https:\/\/cvinoticias.com\/v3\/la-llamativa-amenaza-al-papa-francisco-le-enviaron-una-carta-que-tenia-tres-balas\/#primaryimage","url":"https:\/\/cvinoticias.com\/wp-content\/uploads\/2021\/08\/descarga-4.jpeg","contentUrl":"https:\/\/cvinoticias.com\/wp-content\/uploads\/2021\/08\/descarga-4.jpeg","width":1000,"height":665},{"@type":"BreadcrumbList","@id":"https:\/\/cvinoticias.com\/v3\/la-llamativa-amenaza-al-papa-francisco-le-enviaron-una-carta-que-tenia-tres-balas\/#breadcrumb","itemListElement":[{"@type":"ListItem","position":1,"name":"Portada","item":"https:\/\/cvinoticias.com\/v3\/"},{"@type":"ListItem","position":2,"name":"La llamativa amenaza al papa Francisco: le enviaron una carta que ten\u00eda tres balas"}]},{"@type":"WebSite","@id":"https:\/\/cvinoticias.com\/v3\/#website","url":"https:\/\/cvinoticias.com\/v3\/","name":"CVI NOTICIAS","description":"","publisher":{"@id":"https:\/\/cvinoticias.com\/v3\/#organization"},"alternateName":"CVI","potentialAction":[{"@type":"SearchAction","target":{"@type":"EntryPoint","urlTemplate":"https:\/\/cvinoticias.com\/v3\/?s={search_term_string}"},"query-input":{"@type":"PropertyValueSpecification","valueRequired":true,"valueName":"search_term_string"}}],"inLanguage":"es"},{"@type":"Organization","@id":"https:\/\/cvinoticias.com\/v3\/#organization","name":"CVI NOTICIAS","url":"https:\/\/cvinoticias.com\/v3\/","logo":{"@type":"ImageObject","inLanguage":"es","@id":"https:\/\/cvinoticias.com\/v3\/#\/schema\/logo\/image\/","url":"https:\/\/cvinoticias.com\/wp-content\/uploads\/2023\/04\/cropped-cropped-cropped-cropped-cropped-3-1.png","contentUrl":"https:\/\/cvinoticias.com\/wp-content\/uploads\/2023\/04\/cropped-cropped-cropped-cropped-cropped-3-1.png","width":95,"height":122,"caption":"CVI NOTICIAS"},"image":{"@id":"https:\/\/cvinoticias.com\/v3\/#\/schema\/logo\/image\/"},"sameAs":["https:\/\/www.facebook.com\/cvinoticias","https:\/\/www.instagram.com\/cvinoticias\/","https:\/\/www.youtube.com\/@CVINOTICIAS"]},{"@type":"Person","@id":"https:\/\/cvinoticias.com\/v3\/#\/schema\/person\/2db77e3c6bc03c538495d7b2b8be9b66","name":"f1000024","image":{"@type":"ImageObject","inLanguage":"es","@id":"https:\/\/secure.gravatar.com\/avatar\/d4fe7459cfc51ff5129ce1a732bbef5928568b8092d412ef95611616376bbeed?s=96&d=mm&r=g","url":"https:\/\/secure.gravatar.com\/avatar\/d4fe7459cfc51ff5129ce1a732bbef5928568b8092d412ef95611616376bbeed?s=96&d=mm&r=g","contentUrl":"https:\/\/secure.gravatar.com\/avatar\/d4fe7459cfc51ff5129ce1a732bbef5928568b8092d412ef95611616376bbeed?s=96&d=mm&r=g","caption":"f1000024"},"url":"https:\/\/cvinoticias.com\/v3\/author\/f1000024\/"}]}},"_links":{"self":[{"href":"https:\/\/cvinoticias.com\/v3\/wp-json\/wp\/v2\/posts\/7464","targetHints":{"allow":["GET"]}}],"collection":[{"href":"https:\/\/cvinoticias.com\/v3\/wp-json\/wp\/v2\/posts"}],"about":[{"href":"https:\/\/cvinoticias.com\/v3\/wp-json\/wp\/v2\/types\/post"}],"author":[{"embeddable":true,"href":"https:\/\/cvinoticias.com\/v3\/wp-json\/wp\/v2\/users\/2"}],"replies":[{"embeddable":true,"href":"https:\/\/cvinoticias.com\/v3\/wp-json\/wp\/v2\/comments?post=7464"}],"version-history":[{"count":1,"href":"https:\/\/cvinoticias.com\/v3\/wp-json\/wp\/v2\/posts\/7464\/revisions"}],"predecessor-version":[{"id":7466,"href":"https:\/\/cvinoticias.com\/v3\/wp-json\/wp\/v2\/posts\/7464\/revisions\/7466"}],"wp:featuredmedia":[{"embeddable":true,"href":"https:\/\/cvinoticias.com\/v3\/wp-json\/wp\/v2\/media\/7465"}],"wp:attachment":[{"href":"https:\/\/cvinoticias.com\/v3\/wp-json\/wp\/v2\/media?parent=7464"}],"wp:term":[{"taxonomy":"category","embeddable":true,"href":"https:\/\/cvinoticias.com\/v3\/wp-json\/wp\/v2\/categories?post=7464"},{"taxonomy":"post_tag","embeddable":true,"href":"https:\/\/cvinoticias.com\/v3\/wp-json\/wp\/v2\/tags?post=7464"}],"curies":[{"name":"wp","href":"https:\/\/api.w.org\/{rel}","templated":true}]}}