{"id":7403,"date":"2021-08-06T10:01:28","date_gmt":"2021-08-06T10:01:28","guid":{"rendered":"https:\/\/cvinoticias.com\/v3\/?p=7403"},"modified":"2021-08-06T10:03:19","modified_gmt":"2021-08-06T10:03:19","slug":"cordoba-tras-20-anos-cautiva-una-mujer-escapo-de-una-red-de-trata-liderada-por-su-propio-padre","status":"publish","type":"post","link":"https:\/\/cvinoticias.com\/v3\/cordoba-tras-20-anos-cautiva-una-mujer-escapo-de-una-red-de-trata-liderada-por-su-propio-padre\/","title":{"rendered":"C\u00f3rdoba: Tras 20 a\u00f1os cautiva, una mujer escap\u00f3 de una red de trata liderada por su propio padre"},"content":{"rendered":"\n<p><strong>Una mujer de 26 a\u00f1os denunci\u00f3 ante la Justicia de C\u00f3rdoba que escap\u00f3 de una red de trata de personas y afirm\u00f3 que cuando era chica presenci\u00f3 escenas de violencia en una casa del barrio Alberdi, donde habr\u00eda personas enterradas.<\/strong> <strong><em>\u201cAsesinaban gente y la enterraban en el lugar\u201d, declar\u00f3 la denunciante, quien dijo que presenci\u00f3 varios cr\u00edmenes.<\/em><\/strong><\/p>\n\n\n\n<p>La denuncia de la mujer dio lugar a dos causas diferentes:\u00a0una por trata de personas que fue transferida a la Justicia cordobesa y otra por los supuestos asesinatos.<\/p>\n\n\n\n<p>El punto en com\u00fan entre ambas ser\u00eda el padre de la v\u00edctima, a quien ella no solo se\u00f1al\u00f3 como el jefe de la red de trata sino que tambi\u00e9n sostuvo que \u00e9l las obligaba a prostituirse a ella y su hermana.<\/p>\n\n\n\n<p>Seg\u00fan el relato de la denunciante,\u00a0ella escap\u00f3 de Buenos Aires, donde dijo que estaba captada en una red de trata y era explotada sexualmente. Tras huir, pudo volver a C\u00f3rdoba y asever\u00f3 que en la casa de barrio Alberdi donde viv\u00eda cuando era menor, en la calle Hualfin al 300, fue testigo de cr\u00edmenes y enterramientos en el patio trasero de la propiedad.<\/p>\n\n\n\n<p>El caso de los supuestos asesinatos es investigado por el fiscal Gustavo Dalma, quien en di\u00e1logo con los medios locales remarc\u00f3 que el trabajo judicial \u201ces muy incipiente\u201d todav\u00eda para hablar de datos certeros. Por otra parte, confirm\u00f3 que este martes se dispuso el allanamiento de la vivienda mencionada por la presunta v\u00edctima, en donde actualmente vive una familia ajena a los hechos.<\/p>\n\n\n\n<p>\u201cSon hechos que llevan alg\u00fan tiempo. El propietario estuvo presente, estamos tratando de identificar el lugar y de verificar los dichos de la denunciante\u201d, detall\u00f3 el fiscal. De acuerdo a la denuncia, la familia viv\u00eda en el barrio Alberdi de C\u00f3rdoba pero se mud\u00f3 a Buenos Aires a mediados de la primera d\u00e9cada del 2000. En su nuevo domicilio siguieron tanto los episodios de abuso sexual del padre como la explotaci\u00f3n sexual de las hijas por parte de otros hombres que le pagaban al acusado para violarlas.<\/p>\n\n\n\n<p>El hombre fue denunciado por una de sus hijas y lo condenaron a 11 a\u00f1os de prisi\u00f3n, pero testigos en Buenos Aires afirmaron que sigue en libertad. Ahora lleg\u00f3 la denuncia de la segunda v\u00edctima.<\/p>\n\n\n\n<p><\/p>\n","protected":false},"excerpt":{"rendered":"<p>Una mujer de 26 a\u00f1os denunci\u00f3 ante la Justicia de C\u00f3rdoba que escap\u00f3 de una red de trata de personas y afirm\u00f3 que cuando era chica presenci\u00f3 escenas de violencia en una casa del barrio Alberdi, donde habr\u00eda personas enterradas. \u201cAsesinaban gente y la enterraban en el lugar\u201d, declar\u00f3 la denunciante, quien dijo que presenci\u00f3 [&hellip;]<\/p>\n","protected":false},"author":2,"featured_media":7405,"comment_status":"open","ping_status":"open","sticky":false,"template":"","format":"standard","meta":{"footnotes":""},"categories":[39],"tags":[],"class_list":["post-7403","post","type-post","status-publish","format-standard","has-post-thumbnail","hentry","category-nacionales"],"yoast_head":"<!-- This site is optimized with the Yoast SEO plugin v27.4 - https:\/\/yoast.com\/product\/yoast-seo-wordpress\/ -->\n<title>C\u00f3rdoba: Tras 20 a\u00f1os cautiva, una mujer escap\u00f3 de una red de trata liderada por su propio padre | CVI NOTICIAS<\/title>\n<meta name=\"robots\" content=\"index, follow, max-snippet:-1, max-image-preview:large, max-video-preview:-1\" \/>\n<link rel=\"canonical\" href=\"https:\/\/cvinoticias.com\/v3\/cordoba-tras-20-anos-cautiva-una-mujer-escapo-de-una-red-de-trata-liderada-por-su-propio-padre\/\" \/>\n<meta property=\"og:locale\" content=\"es_ES\" \/>\n<meta property=\"og:type\" content=\"article\" \/>\n<meta property=\"og:title\" content=\"C\u00f3rdoba: Tras 20 a\u00f1os cautiva, una mujer escap\u00f3 de una red de trata liderada por su propio padre | CVI NOTICIAS\" \/>\n<meta property=\"og:description\" content=\"Una mujer de 26 a\u00f1os denunci\u00f3 ante la Justicia de C\u00f3rdoba que escap\u00f3 de una red de trata de personas y afirm\u00f3 que cuando era chica presenci\u00f3 escenas de violencia en una casa del barrio Alberdi, donde habr\u00eda personas enterradas. \u201cAsesinaban gente y la enterraban en el lugar\u201d, declar\u00f3 la denunciante, quien dijo que presenci\u00f3 [&hellip;]\" \/>\n<meta property=\"og:url\" content=\"https:\/\/cvinoticias.com\/v3\/cordoba-tras-20-anos-cautiva-una-mujer-escapo-de-una-red-de-trata-liderada-por-su-propio-padre\/\" \/>\n<meta property=\"og:site_name\" content=\"CVI NOTICIAS\" \/>\n<meta property=\"article:publisher\" content=\"https:\/\/www.facebook.com\/cvinoticias\" \/>\n<meta property=\"article:published_time\" content=\"2021-08-06T10:01:28+00:00\" \/>\n<meta property=\"article:modified_time\" content=\"2021-08-06T10:03:19+00:00\" \/>\n<meta property=\"og:image\" content=\"https:\/\/cvinoticias.com\/wp-content\/uploads\/2021\/08\/como-evitar-la-trata-de-persona.jpg\" \/>\n\t<meta property=\"og:image:width\" content=\"1620\" \/>\n\t<meta property=\"og:image:height\" content=\"1080\" \/>\n\t<meta property=\"og:image:type\" content=\"image\/jpeg\" \/>\n<meta name=\"author\" content=\"f1000024\" \/>\n<meta name=\"twitter:card\" content=\"summary_large_image\" \/>\n<meta name=\"twitter:label1\" content=\"Escrito por\" \/>\n\t<meta name=\"twitter:data1\" content=\"f1000024\" \/>\n\t<meta name=\"twitter:label2\" content=\"Tiempo de lectura\" \/>\n\t<meta name=\"twitter:data2\" content=\"2 minutos\" \/>\n<script type=\"application\/ld+json\" class=\"yoast-schema-graph\">{\"@context\":\"https:\\\/\\\/schema.org\",\"@graph\":[{\"@type\":\"Article\",\"@id\":\"https:\\\/\\\/cvinoticias.com\\\/v3\\\/cordoba-tras-20-anos-cautiva-una-mujer-escapo-de-una-red-de-trata-liderada-por-su-propio-padre\\\/#article\",\"isPartOf\":{\"@id\":\"https:\\\/\\\/cvinoticias.com\\\/v3\\\/cordoba-tras-20-anos-cautiva-una-mujer-escapo-de-una-red-de-trata-liderada-por-su-propio-padre\\\/\"},\"author\":{\"name\":\"f1000024\",\"@id\":\"https:\\\/\\\/cvinoticias.com\\\/v3\\\/#\\\/schema\\\/person\\\/2db77e3c6bc03c538495d7b2b8be9b66\"},\"headline\":\"C\u00f3rdoba: Tras 20 a\u00f1os cautiva, una mujer escap\u00f3 de una red de trata liderada por su propio padre\",\"datePublished\":\"2021-08-06T10:01:28+00:00\",\"dateModified\":\"2021-08-06T10:03:19+00:00\",\"mainEntityOfPage\":{\"@id\":\"https:\\\/\\\/cvinoticias.com\\\/v3\\\/cordoba-tras-20-anos-cautiva-una-mujer-escapo-de-una-red-de-trata-liderada-por-su-propio-padre\\\/\"},\"wordCount\":415,\"commentCount\":0,\"publisher\":{\"@id\":\"https:\\\/\\\/cvinoticias.com\\\/v3\\\/#organization\"},\"image\":{\"@id\":\"https:\\\/\\\/cvinoticias.com\\\/v3\\\/cordoba-tras-20-anos-cautiva-una-mujer-escapo-de-una-red-de-trata-liderada-por-su-propio-padre\\\/#primaryimage\"},\"thumbnailUrl\":\"https:\\\/\\\/cvinoticias.com\\\/wp-content\\\/uploads\\\/2021\\\/08\\\/como-evitar-la-trata-de-persona.jpg\",\"articleSection\":[\"Nacionales\"],\"inLanguage\":\"es\",\"potentialAction\":[{\"@type\":\"CommentAction\",\"name\":\"Comment\",\"target\":[\"https:\\\/\\\/cvinoticias.com\\\/v3\\\/cordoba-tras-20-anos-cautiva-una-mujer-escapo-de-una-red-de-trata-liderada-por-su-propio-padre\\\/#respond\"]}]},{\"@type\":\"WebPage\",\"@id\":\"https:\\\/\\\/cvinoticias.com\\\/v3\\\/cordoba-tras-20-anos-cautiva-una-mujer-escapo-de-una-red-de-trata-liderada-por-su-propio-padre\\\/\",\"url\":\"https:\\\/\\\/cvinoticias.com\\\/v3\\\/cordoba-tras-20-anos-cautiva-una-mujer-escapo-de-una-red-de-trata-liderada-por-su-propio-padre\\\/\",\"name\":\"C\u00f3rdoba: Tras 20 a\u00f1os cautiva, una mujer escap\u00f3 de una red de trata liderada por su propio padre | CVI NOTICIAS\",\"isPartOf\":{\"@id\":\"https:\\\/\\\/cvinoticias.com\\\/v3\\\/#website\"},\"primaryImageOfPage\":{\"@id\":\"https:\\\/\\\/cvinoticias.com\\\/v3\\\/cordoba-tras-20-anos-cautiva-una-mujer-escapo-de-una-red-de-trata-liderada-por-su-propio-padre\\\/#primaryimage\"},\"image\":{\"@id\":\"https:\\\/\\\/cvinoticias.com\\\/v3\\\/cordoba-tras-20-anos-cautiva-una-mujer-escapo-de-una-red-de-trata-liderada-por-su-propio-padre\\\/#primaryimage\"},\"thumbnailUrl\":\"https:\\\/\\\/cvinoticias.com\\\/wp-content\\\/uploads\\\/2021\\\/08\\\/como-evitar-la-trata-de-persona.jpg\",\"datePublished\":\"2021-08-06T10:01:28+00:00\",\"dateModified\":\"2021-08-06T10:03:19+00:00\",\"breadcrumb\":{\"@id\":\"https:\\\/\\\/cvinoticias.com\\\/v3\\\/cordoba-tras-20-anos-cautiva-una-mujer-escapo-de-una-red-de-trata-liderada-por-su-propio-padre\\\/#breadcrumb\"},\"inLanguage\":\"es\",\"potentialAction\":[{\"@type\":\"ReadAction\",\"target\":[\"https:\\\/\\\/cvinoticias.com\\\/v3\\\/cordoba-tras-20-anos-cautiva-una-mujer-escapo-de-una-red-de-trata-liderada-por-su-propio-padre\\\/\"]}]},{\"@type\":\"ImageObject\",\"inLanguage\":\"es\",\"@id\":\"https:\\\/\\\/cvinoticias.com\\\/v3\\\/cordoba-tras-20-anos-cautiva-una-mujer-escapo-de-una-red-de-trata-liderada-por-su-propio-padre\\\/#primaryimage\",\"url\":\"https:\\\/\\\/cvinoticias.com\\\/wp-content\\\/uploads\\\/2021\\\/08\\\/como-evitar-la-trata-de-persona.jpg\",\"contentUrl\":\"https:\\\/\\\/cvinoticias.com\\\/wp-content\\\/uploads\\\/2021\\\/08\\\/como-evitar-la-trata-de-persona.jpg\",\"width\":1620,\"height\":1080},{\"@type\":\"BreadcrumbList\",\"@id\":\"https:\\\/\\\/cvinoticias.com\\\/v3\\\/cordoba-tras-20-anos-cautiva-una-mujer-escapo-de-una-red-de-trata-liderada-por-su-propio-padre\\\/#breadcrumb\",\"itemListElement\":[{\"@type\":\"ListItem\",\"position\":1,\"name\":\"Portada\",\"item\":\"https:\\\/\\\/cvinoticias.com\\\/v3\\\/\"},{\"@type\":\"ListItem\",\"position\":2,\"name\":\"C\u00f3rdoba: Tras 20 a\u00f1os cautiva, una mujer escap\u00f3 de una red de trata liderada por su propio padre\"}]},{\"@type\":\"WebSite\",\"@id\":\"https:\\\/\\\/cvinoticias.com\\\/v3\\\/#website\",\"url\":\"https:\\\/\\\/cvinoticias.com\\\/v3\\\/\",\"name\":\"CVI NOTICIAS\",\"description\":\"\",\"publisher\":{\"@id\":\"https:\\\/\\\/cvinoticias.com\\\/v3\\\/#organization\"},\"alternateName\":\"CVI\",\"potentialAction\":[{\"@type\":\"SearchAction\",\"target\":{\"@type\":\"EntryPoint\",\"urlTemplate\":\"https:\\\/\\\/cvinoticias.com\\\/v3\\\/?s={search_term_string}\"},\"query-input\":{\"@type\":\"PropertyValueSpecification\",\"valueRequired\":true,\"valueName\":\"search_term_string\"}}],\"inLanguage\":\"es\"},{\"@type\":\"Organization\",\"@id\":\"https:\\\/\\\/cvinoticias.com\\\/v3\\\/#organization\",\"name\":\"CVI NOTICIAS\",\"url\":\"https:\\\/\\\/cvinoticias.com\\\/v3\\\/\",\"logo\":{\"@type\":\"ImageObject\",\"inLanguage\":\"es\",\"@id\":\"https:\\\/\\\/cvinoticias.com\\\/v3\\\/#\\\/schema\\\/logo\\\/image\\\/\",\"url\":\"https:\\\/\\\/cvinoticias.com\\\/wp-content\\\/uploads\\\/2023\\\/04\\\/cropped-cropped-cropped-cropped-cropped-3-1.png\",\"contentUrl\":\"https:\\\/\\\/cvinoticias.com\\\/wp-content\\\/uploads\\\/2023\\\/04\\\/cropped-cropped-cropped-cropped-cropped-3-1.png\",\"width\":95,\"height\":122,\"caption\":\"CVI NOTICIAS\"},\"image\":{\"@id\":\"https:\\\/\\\/cvinoticias.com\\\/v3\\\/#\\\/schema\\\/logo\\\/image\\\/\"},\"sameAs\":[\"https:\\\/\\\/www.facebook.com\\\/cvinoticias\",\"https:\\\/\\\/www.instagram.com\\\/cvinoticias\\\/\",\"https:\\\/\\\/www.youtube.com\\\/@CVINOTICIAS\"]},{\"@type\":\"Person\",\"@id\":\"https:\\\/\\\/cvinoticias.com\\\/v3\\\/#\\\/schema\\\/person\\\/2db77e3c6bc03c538495d7b2b8be9b66\",\"name\":\"f1000024\",\"image\":{\"@type\":\"ImageObject\",\"inLanguage\":\"es\",\"@id\":\"https:\\\/\\\/secure.gravatar.com\\\/avatar\\\/d4fe7459cfc51ff5129ce1a732bbef5928568b8092d412ef95611616376bbeed?s=96&d=mm&r=g\",\"url\":\"https:\\\/\\\/secure.gravatar.com\\\/avatar\\\/d4fe7459cfc51ff5129ce1a732bbef5928568b8092d412ef95611616376bbeed?s=96&d=mm&r=g\",\"contentUrl\":\"https:\\\/\\\/secure.gravatar.com\\\/avatar\\\/d4fe7459cfc51ff5129ce1a732bbef5928568b8092d412ef95611616376bbeed?s=96&d=mm&r=g\",\"caption\":\"f1000024\"},\"url\":\"https:\\\/\\\/cvinoticias.com\\\/v3\\\/author\\\/f1000024\\\/\"}]}<\/script>\n<!-- \/ Yoast SEO plugin. -->","yoast_head_json":{"title":"C\u00f3rdoba: Tras 20 a\u00f1os cautiva, una mujer escap\u00f3 de una red de trata liderada por su propio padre | CVI NOTICIAS","robots":{"index":"index","follow":"follow","max-snippet":"max-snippet:-1","max-image-preview":"max-image-preview:large","max-video-preview":"max-video-preview:-1"},"canonical":"https:\/\/cvinoticias.com\/v3\/cordoba-tras-20-anos-cautiva-una-mujer-escapo-de-una-red-de-trata-liderada-por-su-propio-padre\/","og_locale":"es_ES","og_type":"article","og_title":"C\u00f3rdoba: Tras 20 a\u00f1os cautiva, una mujer escap\u00f3 de una red de trata liderada por su propio padre | CVI NOTICIAS","og_description":"Una mujer de 26 a\u00f1os denunci\u00f3 ante la Justicia de C\u00f3rdoba que escap\u00f3 de una red de trata de personas y afirm\u00f3 que cuando era chica presenci\u00f3 escenas de violencia en una casa del barrio Alberdi, donde habr\u00eda personas enterradas. \u201cAsesinaban gente y la enterraban en el lugar\u201d, declar\u00f3 la denunciante, quien dijo que presenci\u00f3 [&hellip;]","og_url":"https:\/\/cvinoticias.com\/v3\/cordoba-tras-20-anos-cautiva-una-mujer-escapo-de-una-red-de-trata-liderada-por-su-propio-padre\/","og_site_name":"CVI NOTICIAS","article_publisher":"https:\/\/www.facebook.com\/cvinoticias","article_published_time":"2021-08-06T10:01:28+00:00","article_modified_time":"2021-08-06T10:03:19+00:00","og_image":[{"width":1620,"height":1080,"url":"https:\/\/cvinoticias.com\/wp-content\/uploads\/2021\/08\/como-evitar-la-trata-de-persona.jpg","type":"image\/jpeg"}],"author":"f1000024","twitter_card":"summary_large_image","twitter_misc":{"Escrito por":"f1000024","Tiempo de lectura":"2 minutos"},"schema":{"@context":"https:\/\/schema.org","@graph":[{"@type":"Article","@id":"https:\/\/cvinoticias.com\/v3\/cordoba-tras-20-anos-cautiva-una-mujer-escapo-de-una-red-de-trata-liderada-por-su-propio-padre\/#article","isPartOf":{"@id":"https:\/\/cvinoticias.com\/v3\/cordoba-tras-20-anos-cautiva-una-mujer-escapo-de-una-red-de-trata-liderada-por-su-propio-padre\/"},"author":{"name":"f1000024","@id":"https:\/\/cvinoticias.com\/v3\/#\/schema\/person\/2db77e3c6bc03c538495d7b2b8be9b66"},"headline":"C\u00f3rdoba: Tras 20 a\u00f1os cautiva, una mujer escap\u00f3 de una red de trata liderada por su propio padre","datePublished":"2021-08-06T10:01:28+00:00","dateModified":"2021-08-06T10:03:19+00:00","mainEntityOfPage":{"@id":"https:\/\/cvinoticias.com\/v3\/cordoba-tras-20-anos-cautiva-una-mujer-escapo-de-una-red-de-trata-liderada-por-su-propio-padre\/"},"wordCount":415,"commentCount":0,"publisher":{"@id":"https:\/\/cvinoticias.com\/v3\/#organization"},"image":{"@id":"https:\/\/cvinoticias.com\/v3\/cordoba-tras-20-anos-cautiva-una-mujer-escapo-de-una-red-de-trata-liderada-por-su-propio-padre\/#primaryimage"},"thumbnailUrl":"https:\/\/cvinoticias.com\/wp-content\/uploads\/2021\/08\/como-evitar-la-trata-de-persona.jpg","articleSection":["Nacionales"],"inLanguage":"es","potentialAction":[{"@type":"CommentAction","name":"Comment","target":["https:\/\/cvinoticias.com\/v3\/cordoba-tras-20-anos-cautiva-una-mujer-escapo-de-una-red-de-trata-liderada-por-su-propio-padre\/#respond"]}]},{"@type":"WebPage","@id":"https:\/\/cvinoticias.com\/v3\/cordoba-tras-20-anos-cautiva-una-mujer-escapo-de-una-red-de-trata-liderada-por-su-propio-padre\/","url":"https:\/\/cvinoticias.com\/v3\/cordoba-tras-20-anos-cautiva-una-mujer-escapo-de-una-red-de-trata-liderada-por-su-propio-padre\/","name":"C\u00f3rdoba: Tras 20 a\u00f1os cautiva, una mujer escap\u00f3 de una red de trata liderada por su propio padre | CVI NOTICIAS","isPartOf":{"@id":"https:\/\/cvinoticias.com\/v3\/#website"},"primaryImageOfPage":{"@id":"https:\/\/cvinoticias.com\/v3\/cordoba-tras-20-anos-cautiva-una-mujer-escapo-de-una-red-de-trata-liderada-por-su-propio-padre\/#primaryimage"},"image":{"@id":"https:\/\/cvinoticias.com\/v3\/cordoba-tras-20-anos-cautiva-una-mujer-escapo-de-una-red-de-trata-liderada-por-su-propio-padre\/#primaryimage"},"thumbnailUrl":"https:\/\/cvinoticias.com\/wp-content\/uploads\/2021\/08\/como-evitar-la-trata-de-persona.jpg","datePublished":"2021-08-06T10:01:28+00:00","dateModified":"2021-08-06T10:03:19+00:00","breadcrumb":{"@id":"https:\/\/cvinoticias.com\/v3\/cordoba-tras-20-anos-cautiva-una-mujer-escapo-de-una-red-de-trata-liderada-por-su-propio-padre\/#breadcrumb"},"inLanguage":"es","potentialAction":[{"@type":"ReadAction","target":["https:\/\/cvinoticias.com\/v3\/cordoba-tras-20-anos-cautiva-una-mujer-escapo-de-una-red-de-trata-liderada-por-su-propio-padre\/"]}]},{"@type":"ImageObject","inLanguage":"es","@id":"https:\/\/cvinoticias.com\/v3\/cordoba-tras-20-anos-cautiva-una-mujer-escapo-de-una-red-de-trata-liderada-por-su-propio-padre\/#primaryimage","url":"https:\/\/cvinoticias.com\/wp-content\/uploads\/2021\/08\/como-evitar-la-trata-de-persona.jpg","contentUrl":"https:\/\/cvinoticias.com\/wp-content\/uploads\/2021\/08\/como-evitar-la-trata-de-persona.jpg","width":1620,"height":1080},{"@type":"BreadcrumbList","@id":"https:\/\/cvinoticias.com\/v3\/cordoba-tras-20-anos-cautiva-una-mujer-escapo-de-una-red-de-trata-liderada-por-su-propio-padre\/#breadcrumb","itemListElement":[{"@type":"ListItem","position":1,"name":"Portada","item":"https:\/\/cvinoticias.com\/v3\/"},{"@type":"ListItem","position":2,"name":"C\u00f3rdoba: Tras 20 a\u00f1os cautiva, una mujer escap\u00f3 de una red de trata liderada por su propio padre"}]},{"@type":"WebSite","@id":"https:\/\/cvinoticias.com\/v3\/#website","url":"https:\/\/cvinoticias.com\/v3\/","name":"CVI NOTICIAS","description":"","publisher":{"@id":"https:\/\/cvinoticias.com\/v3\/#organization"},"alternateName":"CVI","potentialAction":[{"@type":"SearchAction","target":{"@type":"EntryPoint","urlTemplate":"https:\/\/cvinoticias.com\/v3\/?s={search_term_string}"},"query-input":{"@type":"PropertyValueSpecification","valueRequired":true,"valueName":"search_term_string"}}],"inLanguage":"es"},{"@type":"Organization","@id":"https:\/\/cvinoticias.com\/v3\/#organization","name":"CVI NOTICIAS","url":"https:\/\/cvinoticias.com\/v3\/","logo":{"@type":"ImageObject","inLanguage":"es","@id":"https:\/\/cvinoticias.com\/v3\/#\/schema\/logo\/image\/","url":"https:\/\/cvinoticias.com\/wp-content\/uploads\/2023\/04\/cropped-cropped-cropped-cropped-cropped-3-1.png","contentUrl":"https:\/\/cvinoticias.com\/wp-content\/uploads\/2023\/04\/cropped-cropped-cropped-cropped-cropped-3-1.png","width":95,"height":122,"caption":"CVI NOTICIAS"},"image":{"@id":"https:\/\/cvinoticias.com\/v3\/#\/schema\/logo\/image\/"},"sameAs":["https:\/\/www.facebook.com\/cvinoticias","https:\/\/www.instagram.com\/cvinoticias\/","https:\/\/www.youtube.com\/@CVINOTICIAS"]},{"@type":"Person","@id":"https:\/\/cvinoticias.com\/v3\/#\/schema\/person\/2db77e3c6bc03c538495d7b2b8be9b66","name":"f1000024","image":{"@type":"ImageObject","inLanguage":"es","@id":"https:\/\/secure.gravatar.com\/avatar\/d4fe7459cfc51ff5129ce1a732bbef5928568b8092d412ef95611616376bbeed?s=96&d=mm&r=g","url":"https:\/\/secure.gravatar.com\/avatar\/d4fe7459cfc51ff5129ce1a732bbef5928568b8092d412ef95611616376bbeed?s=96&d=mm&r=g","contentUrl":"https:\/\/secure.gravatar.com\/avatar\/d4fe7459cfc51ff5129ce1a732bbef5928568b8092d412ef95611616376bbeed?s=96&d=mm&r=g","caption":"f1000024"},"url":"https:\/\/cvinoticias.com\/v3\/author\/f1000024\/"}]}},"_links":{"self":[{"href":"https:\/\/cvinoticias.com\/v3\/wp-json\/wp\/v2\/posts\/7403","targetHints":{"allow":["GET"]}}],"collection":[{"href":"https:\/\/cvinoticias.com\/v3\/wp-json\/wp\/v2\/posts"}],"about":[{"href":"https:\/\/cvinoticias.com\/v3\/wp-json\/wp\/v2\/types\/post"}],"author":[{"embeddable":true,"href":"https:\/\/cvinoticias.com\/v3\/wp-json\/wp\/v2\/users\/2"}],"replies":[{"embeddable":true,"href":"https:\/\/cvinoticias.com\/v3\/wp-json\/wp\/v2\/comments?post=7403"}],"version-history":[{"count":3,"href":"https:\/\/cvinoticias.com\/v3\/wp-json\/wp\/v2\/posts\/7403\/revisions"}],"predecessor-version":[{"id":7408,"href":"https:\/\/cvinoticias.com\/v3\/wp-json\/wp\/v2\/posts\/7403\/revisions\/7408"}],"wp:featuredmedia":[{"embeddable":true,"href":"https:\/\/cvinoticias.com\/v3\/wp-json\/wp\/v2\/media\/7405"}],"wp:attachment":[{"href":"https:\/\/cvinoticias.com\/v3\/wp-json\/wp\/v2\/media?parent=7403"}],"wp:term":[{"taxonomy":"category","embeddable":true,"href":"https:\/\/cvinoticias.com\/v3\/wp-json\/wp\/v2\/categories?post=7403"},{"taxonomy":"post_tag","embeddable":true,"href":"https:\/\/cvinoticias.com\/v3\/wp-json\/wp\/v2\/tags?post=7403"}],"curies":[{"name":"wp","href":"https:\/\/api.w.org\/{rel}","templated":true}]}}