{"id":7372,"date":"2021-08-04T21:59:25","date_gmt":"2021-08-04T21:59:25","guid":{"rendered":"https:\/\/cvinoticias.com\/v3\/?p=7372"},"modified":"2021-08-04T21:59:25","modified_gmt":"2021-08-04T21:59:25","slug":"vizzotti-se-podran-combinar-las-vacunas-de-sputnik-v-con-moderna-y-astrazeneca","status":"publish","type":"post","link":"https:\/\/cvinoticias.com\/v3\/vizzotti-se-podran-combinar-las-vacunas-de-sputnik-v-con-moderna-y-astrazeneca\/","title":{"rendered":"Vizzotti: \u00abSe podr\u00e1n combinar las vacunas de Sputnik V con Moderna y AstraZeneca\u00bb"},"content":{"rendered":"\n<p><strong><em>La ministra de Salud, Carla Vizzotti, asegur\u00f3 que Argentina est\u00e1 \u00aben condiciones de avanzar en las 24 jurisdicciones para intercambiar diferentes vacunas empezando con Sputnik V con Moderna y AstraZeneca\u00bb para completar el esquema de inmunizaci\u00f3n en quienes a\u00fan no hayan recibido la segunda dosis.<\/em><\/strong><\/p>\n\n\n\n<p>Vizzotti hizo estas declaraciones al encabezar una conferencia de prensa con los ministros de Salud de la provincia de Buenos Aires, Nicol\u00e1s Kreplak, y de la ciudad de Buenos Aires, Fern\u00e1n Quir\u00f3s, tras una reuni\u00f3n que tuvieron con el jefe de Gabinete Santiago Cafiero, para analizar los resultados del estudio de combinaci\u00f3n de vacunas contra el coronavirus, informaron fuentes oficiales.<\/p>\n\n\n\n<p>La ministra afirm\u00f3 que ser\u00e1n priorizadas para recibir la segunda dosis de la vacuna contra el coronavirus las personas que lleven m\u00e1s tiempo de espera desde que recibieron la primera dosis y aquellas que tengan m\u00e1s de 50 a\u00f1os y con comorbilidades para recibir las primeras combinaciones de inmunizadores.<\/p>\n\n\n\n<p>Adem\u00e1s, detall\u00f3 que \u00abla combinaci\u00f3n de vacunas ser\u00e1 opcional\u00bb para quienes hayan recibido la primera dosis de la Sputnik V y est\u00e9n aguardando la segunda, y ratific\u00f3 que la idea es que \u00abagosto es el mes de las segundas dosis\u00bb para completar los esquemas de inmunizaci\u00f3n de toda la poblaci\u00f3n.<\/p>\n\n\n\n<p>En tanto, Vizzotti anunci\u00f3 que el mill\u00f3n y medio de vacunas del laboratorio Moderna llegado al pa\u00eds empezar\u00e1 a distribuirse este jueves a cada una de las 24 jurisdicciones para \u00abiniciar el aceleramiento\u00bb del plan de inmunizaci\u00f3n, con la posibilidad de ser combinadas.<\/p>\n\n\n\n<p>Por \u00faltimo, record\u00f3 que se recomienda \u00abdesestimar viajes a lugares donde haya circulaci\u00f3n viral, sobre todo de la variante Delta\u00bb, en un momento en el que en Argentina se est\u00e1 desacelerando el crecimiento de casos por coronavirus y avanzando en la vacunaci\u00f3n de la poblaci\u00f3n.<\/p>\n","protected":false},"excerpt":{"rendered":"<p>La ministra de Salud, Carla Vizzotti, asegur\u00f3 que Argentina est\u00e1 \u00aben condiciones de avanzar en las 24 jurisdicciones para intercambiar diferentes vacunas empezando con Sputnik V con Moderna y AstraZeneca\u00bb para completar el esquema de inmunizaci\u00f3n en quienes a\u00fan no hayan recibido la segunda dosis. Vizzotti hizo estas declaraciones al encabezar una conferencia de prensa [&hellip;]<\/p>\n","protected":false},"author":2,"featured_media":7373,"comment_status":"open","ping_status":"open","sticky":false,"template":"","format":"standard","meta":{"footnotes":""},"categories":[23],"tags":[],"class_list":["post-7372","post","type-post","status-publish","format-standard","has-post-thumbnail","hentry","category-covid-19"],"yoast_head":"<!-- This site is optimized with the Yoast SEO plugin v27.4 - https:\/\/yoast.com\/product\/yoast-seo-wordpress\/ -->\n<title>Vizzotti: \u00abSe podr\u00e1n combinar las vacunas de Sputnik V con Moderna y AstraZeneca\u00bb | CVI NOTICIAS<\/title>\n<meta name=\"robots\" content=\"index, follow, max-snippet:-1, max-image-preview:large, max-video-preview:-1\" \/>\n<link rel=\"canonical\" href=\"https:\/\/cvinoticias.com\/v3\/vizzotti-se-podran-combinar-las-vacunas-de-sputnik-v-con-moderna-y-astrazeneca\/\" \/>\n<meta property=\"og:locale\" content=\"es_ES\" \/>\n<meta property=\"og:type\" content=\"article\" \/>\n<meta property=\"og:title\" content=\"Vizzotti: \u00abSe podr\u00e1n combinar las vacunas de Sputnik V con Moderna y AstraZeneca\u00bb | CVI NOTICIAS\" \/>\n<meta property=\"og:description\" content=\"La ministra de Salud, Carla Vizzotti, asegur\u00f3 que Argentina est\u00e1 \u00aben condiciones de avanzar en las 24 jurisdicciones para intercambiar diferentes vacunas empezando con Sputnik V con Moderna y AstraZeneca\u00bb para completar el esquema de inmunizaci\u00f3n en quienes a\u00fan no hayan recibido la segunda dosis. Vizzotti hizo estas declaraciones al encabezar una conferencia de prensa [&hellip;]\" \/>\n<meta property=\"og:url\" content=\"https:\/\/cvinoticias.com\/v3\/vizzotti-se-podran-combinar-las-vacunas-de-sputnik-v-con-moderna-y-astrazeneca\/\" \/>\n<meta property=\"og:site_name\" content=\"CVI NOTICIAS\" \/>\n<meta property=\"article:publisher\" content=\"https:\/\/www.facebook.com\/cvinoticias\" \/>\n<meta property=\"article:published_time\" content=\"2021-08-04T21:59:25+00:00\" \/>\n<meta property=\"og:image\" content=\"https:\/\/cvinoticias.com\/wp-content\/uploads\/2021\/08\/carla-vizzotti-anuncio-que-se___Y8f2UwiD4_340x340__1.jpg\" \/>\n\t<meta property=\"og:image:width\" content=\"340\" \/>\n\t<meta property=\"og:image:height\" content=\"340\" \/>\n\t<meta property=\"og:image:type\" content=\"image\/jpeg\" \/>\n<meta name=\"author\" content=\"f1000024\" \/>\n<meta name=\"twitter:card\" content=\"summary_large_image\" \/>\n<meta name=\"twitter:label1\" content=\"Escrito por\" \/>\n\t<meta name=\"twitter:data1\" content=\"f1000024\" \/>\n\t<meta name=\"twitter:label2\" content=\"Tiempo de lectura\" \/>\n\t<meta name=\"twitter:data2\" content=\"2 minutos\" \/>\n<script type=\"application\/ld+json\" class=\"yoast-schema-graph\">{\"@context\":\"https:\\\/\\\/schema.org\",\"@graph\":[{\"@type\":\"Article\",\"@id\":\"https:\\\/\\\/cvinoticias.com\\\/v3\\\/vizzotti-se-podran-combinar-las-vacunas-de-sputnik-v-con-moderna-y-astrazeneca\\\/#article\",\"isPartOf\":{\"@id\":\"https:\\\/\\\/cvinoticias.com\\\/v3\\\/vizzotti-se-podran-combinar-las-vacunas-de-sputnik-v-con-moderna-y-astrazeneca\\\/\"},\"author\":{\"name\":\"f1000024\",\"@id\":\"https:\\\/\\\/cvinoticias.com\\\/v3\\\/#\\\/schema\\\/person\\\/2db77e3c6bc03c538495d7b2b8be9b66\"},\"headline\":\"Vizzotti: \u00abSe podr\u00e1n combinar las vacunas de Sputnik V con Moderna y AstraZeneca\u00bb\",\"datePublished\":\"2021-08-04T21:59:25+00:00\",\"mainEntityOfPage\":{\"@id\":\"https:\\\/\\\/cvinoticias.com\\\/v3\\\/vizzotti-se-podran-combinar-las-vacunas-de-sputnik-v-con-moderna-y-astrazeneca\\\/\"},\"wordCount\":325,\"commentCount\":0,\"publisher\":{\"@id\":\"https:\\\/\\\/cvinoticias.com\\\/v3\\\/#organization\"},\"image\":{\"@id\":\"https:\\\/\\\/cvinoticias.com\\\/v3\\\/vizzotti-se-podran-combinar-las-vacunas-de-sputnik-v-con-moderna-y-astrazeneca\\\/#primaryimage\"},\"thumbnailUrl\":\"https:\\\/\\\/cvinoticias.com\\\/wp-content\\\/uploads\\\/2021\\\/08\\\/carla-vizzotti-anuncio-que-se___Y8f2UwiD4_340x340__1.jpg\",\"articleSection\":[\"Covid-19\"],\"inLanguage\":\"es\",\"potentialAction\":[{\"@type\":\"CommentAction\",\"name\":\"Comment\",\"target\":[\"https:\\\/\\\/cvinoticias.com\\\/v3\\\/vizzotti-se-podran-combinar-las-vacunas-de-sputnik-v-con-moderna-y-astrazeneca\\\/#respond\"]}]},{\"@type\":\"WebPage\",\"@id\":\"https:\\\/\\\/cvinoticias.com\\\/v3\\\/vizzotti-se-podran-combinar-las-vacunas-de-sputnik-v-con-moderna-y-astrazeneca\\\/\",\"url\":\"https:\\\/\\\/cvinoticias.com\\\/v3\\\/vizzotti-se-podran-combinar-las-vacunas-de-sputnik-v-con-moderna-y-astrazeneca\\\/\",\"name\":\"Vizzotti: \u00abSe podr\u00e1n combinar las vacunas de Sputnik V con Moderna y AstraZeneca\u00bb | CVI NOTICIAS\",\"isPartOf\":{\"@id\":\"https:\\\/\\\/cvinoticias.com\\\/v3\\\/#website\"},\"primaryImageOfPage\":{\"@id\":\"https:\\\/\\\/cvinoticias.com\\\/v3\\\/vizzotti-se-podran-combinar-las-vacunas-de-sputnik-v-con-moderna-y-astrazeneca\\\/#primaryimage\"},\"image\":{\"@id\":\"https:\\\/\\\/cvinoticias.com\\\/v3\\\/vizzotti-se-podran-combinar-las-vacunas-de-sputnik-v-con-moderna-y-astrazeneca\\\/#primaryimage\"},\"thumbnailUrl\":\"https:\\\/\\\/cvinoticias.com\\\/wp-content\\\/uploads\\\/2021\\\/08\\\/carla-vizzotti-anuncio-que-se___Y8f2UwiD4_340x340__1.jpg\",\"datePublished\":\"2021-08-04T21:59:25+00:00\",\"breadcrumb\":{\"@id\":\"https:\\\/\\\/cvinoticias.com\\\/v3\\\/vizzotti-se-podran-combinar-las-vacunas-de-sputnik-v-con-moderna-y-astrazeneca\\\/#breadcrumb\"},\"inLanguage\":\"es\",\"potentialAction\":[{\"@type\":\"ReadAction\",\"target\":[\"https:\\\/\\\/cvinoticias.com\\\/v3\\\/vizzotti-se-podran-combinar-las-vacunas-de-sputnik-v-con-moderna-y-astrazeneca\\\/\"]}]},{\"@type\":\"ImageObject\",\"inLanguage\":\"es\",\"@id\":\"https:\\\/\\\/cvinoticias.com\\\/v3\\\/vizzotti-se-podran-combinar-las-vacunas-de-sputnik-v-con-moderna-y-astrazeneca\\\/#primaryimage\",\"url\":\"https:\\\/\\\/cvinoticias.com\\\/wp-content\\\/uploads\\\/2021\\\/08\\\/carla-vizzotti-anuncio-que-se___Y8f2UwiD4_340x340__1.jpg\",\"contentUrl\":\"https:\\\/\\\/cvinoticias.com\\\/wp-content\\\/uploads\\\/2021\\\/08\\\/carla-vizzotti-anuncio-que-se___Y8f2UwiD4_340x340__1.jpg\",\"width\":340,\"height\":340},{\"@type\":\"BreadcrumbList\",\"@id\":\"https:\\\/\\\/cvinoticias.com\\\/v3\\\/vizzotti-se-podran-combinar-las-vacunas-de-sputnik-v-con-moderna-y-astrazeneca\\\/#breadcrumb\",\"itemListElement\":[{\"@type\":\"ListItem\",\"position\":1,\"name\":\"Portada\",\"item\":\"https:\\\/\\\/cvinoticias.com\\\/v3\\\/\"},{\"@type\":\"ListItem\",\"position\":2,\"name\":\"Vizzotti: \u00abSe podr\u00e1n combinar las vacunas de Sputnik V con Moderna y AstraZeneca\u00bb\"}]},{\"@type\":\"WebSite\",\"@id\":\"https:\\\/\\\/cvinoticias.com\\\/v3\\\/#website\",\"url\":\"https:\\\/\\\/cvinoticias.com\\\/v3\\\/\",\"name\":\"CVI NOTICIAS\",\"description\":\"\",\"publisher\":{\"@id\":\"https:\\\/\\\/cvinoticias.com\\\/v3\\\/#organization\"},\"alternateName\":\"CVI\",\"potentialAction\":[{\"@type\":\"SearchAction\",\"target\":{\"@type\":\"EntryPoint\",\"urlTemplate\":\"https:\\\/\\\/cvinoticias.com\\\/v3\\\/?s={search_term_string}\"},\"query-input\":{\"@type\":\"PropertyValueSpecification\",\"valueRequired\":true,\"valueName\":\"search_term_string\"}}],\"inLanguage\":\"es\"},{\"@type\":\"Organization\",\"@id\":\"https:\\\/\\\/cvinoticias.com\\\/v3\\\/#organization\",\"name\":\"CVI NOTICIAS\",\"url\":\"https:\\\/\\\/cvinoticias.com\\\/v3\\\/\",\"logo\":{\"@type\":\"ImageObject\",\"inLanguage\":\"es\",\"@id\":\"https:\\\/\\\/cvinoticias.com\\\/v3\\\/#\\\/schema\\\/logo\\\/image\\\/\",\"url\":\"https:\\\/\\\/cvinoticias.com\\\/wp-content\\\/uploads\\\/2023\\\/04\\\/cropped-cropped-cropped-cropped-cropped-3-1.png\",\"contentUrl\":\"https:\\\/\\\/cvinoticias.com\\\/wp-content\\\/uploads\\\/2023\\\/04\\\/cropped-cropped-cropped-cropped-cropped-3-1.png\",\"width\":95,\"height\":122,\"caption\":\"CVI NOTICIAS\"},\"image\":{\"@id\":\"https:\\\/\\\/cvinoticias.com\\\/v3\\\/#\\\/schema\\\/logo\\\/image\\\/\"},\"sameAs\":[\"https:\\\/\\\/www.facebook.com\\\/cvinoticias\",\"https:\\\/\\\/www.instagram.com\\\/cvinoticias\\\/\",\"https:\\\/\\\/www.youtube.com\\\/@CVINOTICIAS\"]},{\"@type\":\"Person\",\"@id\":\"https:\\\/\\\/cvinoticias.com\\\/v3\\\/#\\\/schema\\\/person\\\/2db77e3c6bc03c538495d7b2b8be9b66\",\"name\":\"f1000024\",\"image\":{\"@type\":\"ImageObject\",\"inLanguage\":\"es\",\"@id\":\"https:\\\/\\\/secure.gravatar.com\\\/avatar\\\/d4fe7459cfc51ff5129ce1a732bbef5928568b8092d412ef95611616376bbeed?s=96&d=mm&r=g\",\"url\":\"https:\\\/\\\/secure.gravatar.com\\\/avatar\\\/d4fe7459cfc51ff5129ce1a732bbef5928568b8092d412ef95611616376bbeed?s=96&d=mm&r=g\",\"contentUrl\":\"https:\\\/\\\/secure.gravatar.com\\\/avatar\\\/d4fe7459cfc51ff5129ce1a732bbef5928568b8092d412ef95611616376bbeed?s=96&d=mm&r=g\",\"caption\":\"f1000024\"},\"url\":\"https:\\\/\\\/cvinoticias.com\\\/v3\\\/author\\\/f1000024\\\/\"}]}<\/script>\n<!-- \/ Yoast SEO plugin. -->","yoast_head_json":{"title":"Vizzotti: \u00abSe podr\u00e1n combinar las vacunas de Sputnik V con Moderna y AstraZeneca\u00bb | CVI NOTICIAS","robots":{"index":"index","follow":"follow","max-snippet":"max-snippet:-1","max-image-preview":"max-image-preview:large","max-video-preview":"max-video-preview:-1"},"canonical":"https:\/\/cvinoticias.com\/v3\/vizzotti-se-podran-combinar-las-vacunas-de-sputnik-v-con-moderna-y-astrazeneca\/","og_locale":"es_ES","og_type":"article","og_title":"Vizzotti: \u00abSe podr\u00e1n combinar las vacunas de Sputnik V con Moderna y AstraZeneca\u00bb | CVI NOTICIAS","og_description":"La ministra de Salud, Carla Vizzotti, asegur\u00f3 que Argentina est\u00e1 \u00aben condiciones de avanzar en las 24 jurisdicciones para intercambiar diferentes vacunas empezando con Sputnik V con Moderna y AstraZeneca\u00bb para completar el esquema de inmunizaci\u00f3n en quienes a\u00fan no hayan recibido la segunda dosis. Vizzotti hizo estas declaraciones al encabezar una conferencia de prensa [&hellip;]","og_url":"https:\/\/cvinoticias.com\/v3\/vizzotti-se-podran-combinar-las-vacunas-de-sputnik-v-con-moderna-y-astrazeneca\/","og_site_name":"CVI NOTICIAS","article_publisher":"https:\/\/www.facebook.com\/cvinoticias","article_published_time":"2021-08-04T21:59:25+00:00","og_image":[{"width":340,"height":340,"url":"https:\/\/cvinoticias.com\/wp-content\/uploads\/2021\/08\/carla-vizzotti-anuncio-que-se___Y8f2UwiD4_340x340__1.jpg","type":"image\/jpeg"}],"author":"f1000024","twitter_card":"summary_large_image","twitter_misc":{"Escrito por":"f1000024","Tiempo de lectura":"2 minutos"},"schema":{"@context":"https:\/\/schema.org","@graph":[{"@type":"Article","@id":"https:\/\/cvinoticias.com\/v3\/vizzotti-se-podran-combinar-las-vacunas-de-sputnik-v-con-moderna-y-astrazeneca\/#article","isPartOf":{"@id":"https:\/\/cvinoticias.com\/v3\/vizzotti-se-podran-combinar-las-vacunas-de-sputnik-v-con-moderna-y-astrazeneca\/"},"author":{"name":"f1000024","@id":"https:\/\/cvinoticias.com\/v3\/#\/schema\/person\/2db77e3c6bc03c538495d7b2b8be9b66"},"headline":"Vizzotti: \u00abSe podr\u00e1n combinar las vacunas de Sputnik V con Moderna y AstraZeneca\u00bb","datePublished":"2021-08-04T21:59:25+00:00","mainEntityOfPage":{"@id":"https:\/\/cvinoticias.com\/v3\/vizzotti-se-podran-combinar-las-vacunas-de-sputnik-v-con-moderna-y-astrazeneca\/"},"wordCount":325,"commentCount":0,"publisher":{"@id":"https:\/\/cvinoticias.com\/v3\/#organization"},"image":{"@id":"https:\/\/cvinoticias.com\/v3\/vizzotti-se-podran-combinar-las-vacunas-de-sputnik-v-con-moderna-y-astrazeneca\/#primaryimage"},"thumbnailUrl":"https:\/\/cvinoticias.com\/wp-content\/uploads\/2021\/08\/carla-vizzotti-anuncio-que-se___Y8f2UwiD4_340x340__1.jpg","articleSection":["Covid-19"],"inLanguage":"es","potentialAction":[{"@type":"CommentAction","name":"Comment","target":["https:\/\/cvinoticias.com\/v3\/vizzotti-se-podran-combinar-las-vacunas-de-sputnik-v-con-moderna-y-astrazeneca\/#respond"]}]},{"@type":"WebPage","@id":"https:\/\/cvinoticias.com\/v3\/vizzotti-se-podran-combinar-las-vacunas-de-sputnik-v-con-moderna-y-astrazeneca\/","url":"https:\/\/cvinoticias.com\/v3\/vizzotti-se-podran-combinar-las-vacunas-de-sputnik-v-con-moderna-y-astrazeneca\/","name":"Vizzotti: \u00abSe podr\u00e1n combinar las vacunas de Sputnik V con Moderna y AstraZeneca\u00bb | CVI NOTICIAS","isPartOf":{"@id":"https:\/\/cvinoticias.com\/v3\/#website"},"primaryImageOfPage":{"@id":"https:\/\/cvinoticias.com\/v3\/vizzotti-se-podran-combinar-las-vacunas-de-sputnik-v-con-moderna-y-astrazeneca\/#primaryimage"},"image":{"@id":"https:\/\/cvinoticias.com\/v3\/vizzotti-se-podran-combinar-las-vacunas-de-sputnik-v-con-moderna-y-astrazeneca\/#primaryimage"},"thumbnailUrl":"https:\/\/cvinoticias.com\/wp-content\/uploads\/2021\/08\/carla-vizzotti-anuncio-que-se___Y8f2UwiD4_340x340__1.jpg","datePublished":"2021-08-04T21:59:25+00:00","breadcrumb":{"@id":"https:\/\/cvinoticias.com\/v3\/vizzotti-se-podran-combinar-las-vacunas-de-sputnik-v-con-moderna-y-astrazeneca\/#breadcrumb"},"inLanguage":"es","potentialAction":[{"@type":"ReadAction","target":["https:\/\/cvinoticias.com\/v3\/vizzotti-se-podran-combinar-las-vacunas-de-sputnik-v-con-moderna-y-astrazeneca\/"]}]},{"@type":"ImageObject","inLanguage":"es","@id":"https:\/\/cvinoticias.com\/v3\/vizzotti-se-podran-combinar-las-vacunas-de-sputnik-v-con-moderna-y-astrazeneca\/#primaryimage","url":"https:\/\/cvinoticias.com\/wp-content\/uploads\/2021\/08\/carla-vizzotti-anuncio-que-se___Y8f2UwiD4_340x340__1.jpg","contentUrl":"https:\/\/cvinoticias.com\/wp-content\/uploads\/2021\/08\/carla-vizzotti-anuncio-que-se___Y8f2UwiD4_340x340__1.jpg","width":340,"height":340},{"@type":"BreadcrumbList","@id":"https:\/\/cvinoticias.com\/v3\/vizzotti-se-podran-combinar-las-vacunas-de-sputnik-v-con-moderna-y-astrazeneca\/#breadcrumb","itemListElement":[{"@type":"ListItem","position":1,"name":"Portada","item":"https:\/\/cvinoticias.com\/v3\/"},{"@type":"ListItem","position":2,"name":"Vizzotti: \u00abSe podr\u00e1n combinar las vacunas de Sputnik V con Moderna y AstraZeneca\u00bb"}]},{"@type":"WebSite","@id":"https:\/\/cvinoticias.com\/v3\/#website","url":"https:\/\/cvinoticias.com\/v3\/","name":"CVI NOTICIAS","description":"","publisher":{"@id":"https:\/\/cvinoticias.com\/v3\/#organization"},"alternateName":"CVI","potentialAction":[{"@type":"SearchAction","target":{"@type":"EntryPoint","urlTemplate":"https:\/\/cvinoticias.com\/v3\/?s={search_term_string}"},"query-input":{"@type":"PropertyValueSpecification","valueRequired":true,"valueName":"search_term_string"}}],"inLanguage":"es"},{"@type":"Organization","@id":"https:\/\/cvinoticias.com\/v3\/#organization","name":"CVI NOTICIAS","url":"https:\/\/cvinoticias.com\/v3\/","logo":{"@type":"ImageObject","inLanguage":"es","@id":"https:\/\/cvinoticias.com\/v3\/#\/schema\/logo\/image\/","url":"https:\/\/cvinoticias.com\/wp-content\/uploads\/2023\/04\/cropped-cropped-cropped-cropped-cropped-3-1.png","contentUrl":"https:\/\/cvinoticias.com\/wp-content\/uploads\/2023\/04\/cropped-cropped-cropped-cropped-cropped-3-1.png","width":95,"height":122,"caption":"CVI NOTICIAS"},"image":{"@id":"https:\/\/cvinoticias.com\/v3\/#\/schema\/logo\/image\/"},"sameAs":["https:\/\/www.facebook.com\/cvinoticias","https:\/\/www.instagram.com\/cvinoticias\/","https:\/\/www.youtube.com\/@CVINOTICIAS"]},{"@type":"Person","@id":"https:\/\/cvinoticias.com\/v3\/#\/schema\/person\/2db77e3c6bc03c538495d7b2b8be9b66","name":"f1000024","image":{"@type":"ImageObject","inLanguage":"es","@id":"https:\/\/secure.gravatar.com\/avatar\/d4fe7459cfc51ff5129ce1a732bbef5928568b8092d412ef95611616376bbeed?s=96&d=mm&r=g","url":"https:\/\/secure.gravatar.com\/avatar\/d4fe7459cfc51ff5129ce1a732bbef5928568b8092d412ef95611616376bbeed?s=96&d=mm&r=g","contentUrl":"https:\/\/secure.gravatar.com\/avatar\/d4fe7459cfc51ff5129ce1a732bbef5928568b8092d412ef95611616376bbeed?s=96&d=mm&r=g","caption":"f1000024"},"url":"https:\/\/cvinoticias.com\/v3\/author\/f1000024\/"}]}},"_links":{"self":[{"href":"https:\/\/cvinoticias.com\/v3\/wp-json\/wp\/v2\/posts\/7372","targetHints":{"allow":["GET"]}}],"collection":[{"href":"https:\/\/cvinoticias.com\/v3\/wp-json\/wp\/v2\/posts"}],"about":[{"href":"https:\/\/cvinoticias.com\/v3\/wp-json\/wp\/v2\/types\/post"}],"author":[{"embeddable":true,"href":"https:\/\/cvinoticias.com\/v3\/wp-json\/wp\/v2\/users\/2"}],"replies":[{"embeddable":true,"href":"https:\/\/cvinoticias.com\/v3\/wp-json\/wp\/v2\/comments?post=7372"}],"version-history":[{"count":1,"href":"https:\/\/cvinoticias.com\/v3\/wp-json\/wp\/v2\/posts\/7372\/revisions"}],"predecessor-version":[{"id":7374,"href":"https:\/\/cvinoticias.com\/v3\/wp-json\/wp\/v2\/posts\/7372\/revisions\/7374"}],"wp:featuredmedia":[{"embeddable":true,"href":"https:\/\/cvinoticias.com\/v3\/wp-json\/wp\/v2\/media\/7373"}],"wp:attachment":[{"href":"https:\/\/cvinoticias.com\/v3\/wp-json\/wp\/v2\/media?parent=7372"}],"wp:term":[{"taxonomy":"category","embeddable":true,"href":"https:\/\/cvinoticias.com\/v3\/wp-json\/wp\/v2\/categories?post=7372"},{"taxonomy":"post_tag","embeddable":true,"href":"https:\/\/cvinoticias.com\/v3\/wp-json\/wp\/v2\/tags?post=7372"}],"curies":[{"name":"wp","href":"https:\/\/api.w.org\/{rel}","templated":true}]}}