{"id":7354,"date":"2021-08-04T12:11:30","date_gmt":"2021-08-04T12:11:30","guid":{"rendered":"https:\/\/cvinoticias.com\/v3\/?p=7354"},"modified":"2021-08-04T12:11:30","modified_gmt":"2021-08-04T12:11:30","slug":"iguazu-recuperaron-tres-guitarras-criollas-robadas-del-salon-comunitario-de-barrio-los-cedros","status":"publish","type":"post","link":"https:\/\/cvinoticias.com\/v3\/iguazu-recuperaron-tres-guitarras-criollas-robadas-del-salon-comunitario-de-barrio-los-cedros\/","title":{"rendered":"Iguaz\u00fa: Recuperaron tres guitarras criollas robadas del Sal\u00f3n Comunitario de Barrio Los Cedros"},"content":{"rendered":"\n<p><strong><em>Tras un allanamiento llevado a cabo en las \u00faltimas horas en el domicilio del joven, de 21 a\u00f1os, detenido en el marco de la investigaci\u00f3n por el robo al sal\u00f3n comunitario \u00abEl Nido\u00bb del barrio Los Cedros, la Polic\u00eda logr\u00f3 recuperar dos guitarras criollas.<\/em><\/strong><\/p>\n\n\n\n<p>La encargada del lugar, el pasado domingo denunci\u00f3 la sustracci\u00f3n de varios instrumentos musicales que pertenecen a la Direcci\u00f3n de Cultura del municipio.<\/p>\n\n\n\n<p>En la requisa de la habitaci\u00f3n del sospechoso, se hallaron dos guitarras y sus moradores no lograron justificar la procedencia de los mismos. Asimismo la polic\u00eda logr\u00f3 recuperar en el mismo barrio una guitarra m\u00e1s que por sus caracter\u00edsticas ser\u00eda la sustra\u00edda el pasado domingo.<\/p>\n\n\n\n<p>La investigaci\u00f3n contin\u00faa y en las pr\u00f3ximas horas los instrumentos ser\u00e1n restituidos a sus encargados.<\/p>\n\n\n\n<figure class=\"wp-block-image size-full\"><a href=\"https:\/\/cvinoticias.com\/wp-content\/uploads\/2021\/08\/FB_IMG_1628078713955.jpg\"><img decoding=\"async\" width=\"720\" height=\"960\" data-src=\"https:\/\/cvinoticias.com\/wp-content\/uploads\/2021\/08\/FB_IMG_1628078713955.jpg\" alt=\"\" class=\"wp-image-7357 lazyload\" data-srcset=\"https:\/\/cvinoticias.com\/wp-content\/uploads\/2021\/08\/FB_IMG_1628078713955.jpg 720w, https:\/\/cvinoticias.com\/wp-content\/uploads\/2021\/08\/FB_IMG_1628078713955-225x300.jpg 225w\" data-sizes=\"(max-width: 720px) 100vw, 720px\" src=\"data:image\/svg+xml;base64,PHN2ZyB3aWR0aD0iMSIgaGVpZ2h0PSIxIiB4bWxucz0iaHR0cDovL3d3dy53My5vcmcvMjAwMC9zdmciPjwvc3ZnPg==\" style=\"--smush-placeholder-width: 720px; --smush-placeholder-aspect-ratio: 720\/960;\" \/><\/a><\/figure>\n\n\n\n<figure class=\"wp-block-image size-full\"><a href=\"https:\/\/cvinoticias.com\/wp-content\/uploads\/2021\/08\/FB_IMG_1628078719464.jpg\"><img decoding=\"async\" width=\"523\" height=\"960\" data-src=\"https:\/\/cvinoticias.com\/wp-content\/uploads\/2021\/08\/FB_IMG_1628078719464.jpg\" alt=\"\" class=\"wp-image-7358 lazyload\" data-srcset=\"https:\/\/cvinoticias.com\/wp-content\/uploads\/2021\/08\/FB_IMG_1628078719464.jpg 523w, https:\/\/cvinoticias.com\/wp-content\/uploads\/2021\/08\/FB_IMG_1628078719464-163x300.jpg 163w\" data-sizes=\"(max-width: 523px) 100vw, 523px\" src=\"data:image\/svg+xml;base64,PHN2ZyB3aWR0aD0iMSIgaGVpZ2h0PSIxIiB4bWxucz0iaHR0cDovL3d3dy53My5vcmcvMjAwMC9zdmciPjwvc3ZnPg==\" style=\"--smush-placeholder-width: 523px; --smush-placeholder-aspect-ratio: 523\/960;\" \/><\/a><\/figure>\n","protected":false},"excerpt":{"rendered":"<p>Tras un allanamiento llevado a cabo en las \u00faltimas horas en el domicilio del joven, de 21 a\u00f1os, detenido en el marco de la investigaci\u00f3n por el robo al sal\u00f3n comunitario \u00abEl Nido\u00bb del barrio Los Cedros, la Polic\u00eda logr\u00f3 recuperar dos guitarras criollas. La encargada del lugar, el pasado domingo denunci\u00f3 la sustracci\u00f3n de [&hellip;]<\/p>\n","protected":false},"author":2,"featured_media":7356,"comment_status":"open","ping_status":"open","sticky":false,"template":"","format":"standard","meta":{"footnotes":""},"categories":[41],"tags":[],"class_list":["post-7354","post","type-post","status-publish","format-standard","has-post-thumbnail","hentry","category-policiales"],"yoast_head":"<!-- This site is optimized with the Yoast SEO plugin v27.5 - https:\/\/yoast.com\/product\/yoast-seo-wordpress\/ -->\n<title>Iguaz\u00fa: Recuperaron tres guitarras criollas robadas del Sal\u00f3n Comunitario de Barrio Los Cedros | CVI NOTICIAS<\/title>\n<meta name=\"robots\" content=\"index, follow, max-snippet:-1, max-image-preview:large, max-video-preview:-1\" \/>\n<link rel=\"canonical\" href=\"https:\/\/cvinoticias.com\/v3\/iguazu-recuperaron-tres-guitarras-criollas-robadas-del-salon-comunitario-de-barrio-los-cedros\/\" \/>\n<meta property=\"og:locale\" content=\"es_ES\" \/>\n<meta property=\"og:type\" content=\"article\" \/>\n<meta property=\"og:title\" content=\"Iguaz\u00fa: Recuperaron tres guitarras criollas robadas del Sal\u00f3n Comunitario de Barrio Los Cedros | CVI NOTICIAS\" \/>\n<meta property=\"og:description\" content=\"Tras un allanamiento llevado a cabo en las \u00faltimas horas en el domicilio del joven, de 21 a\u00f1os, detenido en el marco de la investigaci\u00f3n por el robo al sal\u00f3n comunitario \u00abEl Nido\u00bb del barrio Los Cedros, la Polic\u00eda logr\u00f3 recuperar dos guitarras criollas. La encargada del lugar, el pasado domingo denunci\u00f3 la sustracci\u00f3n de [&hellip;]\" \/>\n<meta property=\"og:url\" content=\"https:\/\/cvinoticias.com\/v3\/iguazu-recuperaron-tres-guitarras-criollas-robadas-del-salon-comunitario-de-barrio-los-cedros\/\" \/>\n<meta property=\"og:site_name\" content=\"CVI NOTICIAS\" \/>\n<meta property=\"article:publisher\" content=\"https:\/\/www.facebook.com\/cvinoticias\" \/>\n<meta property=\"article:published_time\" content=\"2021-08-04T12:11:30+00:00\" \/>\n<meta property=\"og:image\" content=\"https:\/\/cvinoticias.com\/wp-content\/uploads\/2021\/08\/FB_IMG_1628078711153-1.jpg\" \/>\n\t<meta property=\"og:image:width\" content=\"779\" \/>\n\t<meta property=\"og:image:height\" content=\"960\" \/>\n\t<meta property=\"og:image:type\" content=\"image\/jpeg\" \/>\n<meta name=\"author\" content=\"f1000024\" \/>\n<meta name=\"twitter:card\" content=\"summary_large_image\" \/>\n<meta name=\"twitter:label1\" content=\"Escrito por\" \/>\n\t<meta name=\"twitter:data1\" content=\"f1000024\" \/>\n\t<meta name=\"twitter:label2\" content=\"Tiempo de lectura\" \/>\n\t<meta name=\"twitter:data2\" content=\"1 minuto\" \/>\n<script type=\"application\/ld+json\" class=\"yoast-schema-graph\">{\"@context\":\"https:\\\/\\\/schema.org\",\"@graph\":[{\"@type\":\"Article\",\"@id\":\"https:\\\/\\\/cvinoticias.com\\\/v3\\\/iguazu-recuperaron-tres-guitarras-criollas-robadas-del-salon-comunitario-de-barrio-los-cedros\\\/#article\",\"isPartOf\":{\"@id\":\"https:\\\/\\\/cvinoticias.com\\\/v3\\\/iguazu-recuperaron-tres-guitarras-criollas-robadas-del-salon-comunitario-de-barrio-los-cedros\\\/\"},\"author\":{\"name\":\"f1000024\",\"@id\":\"https:\\\/\\\/cvinoticias.com\\\/v3\\\/#\\\/schema\\\/person\\\/2db77e3c6bc03c538495d7b2b8be9b66\"},\"headline\":\"Iguaz\u00fa: Recuperaron tres guitarras criollas robadas del Sal\u00f3n Comunitario de Barrio Los Cedros\",\"datePublished\":\"2021-08-04T12:11:30+00:00\",\"mainEntityOfPage\":{\"@id\":\"https:\\\/\\\/cvinoticias.com\\\/v3\\\/iguazu-recuperaron-tres-guitarras-criollas-robadas-del-salon-comunitario-de-barrio-los-cedros\\\/\"},\"wordCount\":156,\"commentCount\":0,\"publisher\":{\"@id\":\"https:\\\/\\\/cvinoticias.com\\\/v3\\\/#organization\"},\"image\":{\"@id\":\"https:\\\/\\\/cvinoticias.com\\\/v3\\\/iguazu-recuperaron-tres-guitarras-criollas-robadas-del-salon-comunitario-de-barrio-los-cedros\\\/#primaryimage\"},\"thumbnailUrl\":\"https:\\\/\\\/cvinoticias.com\\\/wp-content\\\/uploads\\\/2021\\\/08\\\/FB_IMG_1628078711153-1.jpg\",\"articleSection\":[\"Policiales\"],\"inLanguage\":\"es\",\"potentialAction\":[{\"@type\":\"CommentAction\",\"name\":\"Comment\",\"target\":[\"https:\\\/\\\/cvinoticias.com\\\/v3\\\/iguazu-recuperaron-tres-guitarras-criollas-robadas-del-salon-comunitario-de-barrio-los-cedros\\\/#respond\"]}]},{\"@type\":\"WebPage\",\"@id\":\"https:\\\/\\\/cvinoticias.com\\\/v3\\\/iguazu-recuperaron-tres-guitarras-criollas-robadas-del-salon-comunitario-de-barrio-los-cedros\\\/\",\"url\":\"https:\\\/\\\/cvinoticias.com\\\/v3\\\/iguazu-recuperaron-tres-guitarras-criollas-robadas-del-salon-comunitario-de-barrio-los-cedros\\\/\",\"name\":\"Iguaz\u00fa: Recuperaron tres guitarras criollas robadas del Sal\u00f3n Comunitario de Barrio Los Cedros | CVI NOTICIAS\",\"isPartOf\":{\"@id\":\"https:\\\/\\\/cvinoticias.com\\\/v3\\\/#website\"},\"primaryImageOfPage\":{\"@id\":\"https:\\\/\\\/cvinoticias.com\\\/v3\\\/iguazu-recuperaron-tres-guitarras-criollas-robadas-del-salon-comunitario-de-barrio-los-cedros\\\/#primaryimage\"},\"image\":{\"@id\":\"https:\\\/\\\/cvinoticias.com\\\/v3\\\/iguazu-recuperaron-tres-guitarras-criollas-robadas-del-salon-comunitario-de-barrio-los-cedros\\\/#primaryimage\"},\"thumbnailUrl\":\"https:\\\/\\\/cvinoticias.com\\\/wp-content\\\/uploads\\\/2021\\\/08\\\/FB_IMG_1628078711153-1.jpg\",\"datePublished\":\"2021-08-04T12:11:30+00:00\",\"breadcrumb\":{\"@id\":\"https:\\\/\\\/cvinoticias.com\\\/v3\\\/iguazu-recuperaron-tres-guitarras-criollas-robadas-del-salon-comunitario-de-barrio-los-cedros\\\/#breadcrumb\"},\"inLanguage\":\"es\",\"potentialAction\":[{\"@type\":\"ReadAction\",\"target\":[\"https:\\\/\\\/cvinoticias.com\\\/v3\\\/iguazu-recuperaron-tres-guitarras-criollas-robadas-del-salon-comunitario-de-barrio-los-cedros\\\/\"]}]},{\"@type\":\"ImageObject\",\"inLanguage\":\"es\",\"@id\":\"https:\\\/\\\/cvinoticias.com\\\/v3\\\/iguazu-recuperaron-tres-guitarras-criollas-robadas-del-salon-comunitario-de-barrio-los-cedros\\\/#primaryimage\",\"url\":\"https:\\\/\\\/cvinoticias.com\\\/wp-content\\\/uploads\\\/2021\\\/08\\\/FB_IMG_1628078711153-1.jpg\",\"contentUrl\":\"https:\\\/\\\/cvinoticias.com\\\/wp-content\\\/uploads\\\/2021\\\/08\\\/FB_IMG_1628078711153-1.jpg\",\"width\":779,\"height\":960},{\"@type\":\"BreadcrumbList\",\"@id\":\"https:\\\/\\\/cvinoticias.com\\\/v3\\\/iguazu-recuperaron-tres-guitarras-criollas-robadas-del-salon-comunitario-de-barrio-los-cedros\\\/#breadcrumb\",\"itemListElement\":[{\"@type\":\"ListItem\",\"position\":1,\"name\":\"Portada\",\"item\":\"https:\\\/\\\/cvinoticias.com\\\/v3\\\/\"},{\"@type\":\"ListItem\",\"position\":2,\"name\":\"Iguaz\u00fa: Recuperaron tres guitarras criollas robadas del Sal\u00f3n Comunitario de Barrio Los Cedros\"}]},{\"@type\":\"WebSite\",\"@id\":\"https:\\\/\\\/cvinoticias.com\\\/v3\\\/#website\",\"url\":\"https:\\\/\\\/cvinoticias.com\\\/v3\\\/\",\"name\":\"CVI NOTICIAS\",\"description\":\"\",\"publisher\":{\"@id\":\"https:\\\/\\\/cvinoticias.com\\\/v3\\\/#organization\"},\"alternateName\":\"CVI\",\"potentialAction\":[{\"@type\":\"SearchAction\",\"target\":{\"@type\":\"EntryPoint\",\"urlTemplate\":\"https:\\\/\\\/cvinoticias.com\\\/v3\\\/?s={search_term_string}\"},\"query-input\":{\"@type\":\"PropertyValueSpecification\",\"valueRequired\":true,\"valueName\":\"search_term_string\"}}],\"inLanguage\":\"es\"},{\"@type\":\"Organization\",\"@id\":\"https:\\\/\\\/cvinoticias.com\\\/v3\\\/#organization\",\"name\":\"CVI NOTICIAS\",\"url\":\"https:\\\/\\\/cvinoticias.com\\\/v3\\\/\",\"logo\":{\"@type\":\"ImageObject\",\"inLanguage\":\"es\",\"@id\":\"https:\\\/\\\/cvinoticias.com\\\/v3\\\/#\\\/schema\\\/logo\\\/image\\\/\",\"url\":\"https:\\\/\\\/cvinoticias.com\\\/wp-content\\\/uploads\\\/2023\\\/04\\\/cropped-cropped-cropped-cropped-cropped-3-1.png\",\"contentUrl\":\"https:\\\/\\\/cvinoticias.com\\\/wp-content\\\/uploads\\\/2023\\\/04\\\/cropped-cropped-cropped-cropped-cropped-3-1.png\",\"width\":95,\"height\":122,\"caption\":\"CVI NOTICIAS\"},\"image\":{\"@id\":\"https:\\\/\\\/cvinoticias.com\\\/v3\\\/#\\\/schema\\\/logo\\\/image\\\/\"},\"sameAs\":[\"https:\\\/\\\/www.facebook.com\\\/cvinoticias\",\"https:\\\/\\\/www.instagram.com\\\/cvinoticias\\\/\",\"https:\\\/\\\/www.youtube.com\\\/@CVINOTICIAS\"]},{\"@type\":\"Person\",\"@id\":\"https:\\\/\\\/cvinoticias.com\\\/v3\\\/#\\\/schema\\\/person\\\/2db77e3c6bc03c538495d7b2b8be9b66\",\"name\":\"f1000024\",\"image\":{\"@type\":\"ImageObject\",\"inLanguage\":\"es\",\"@id\":\"https:\\\/\\\/secure.gravatar.com\\\/avatar\\\/d4fe7459cfc51ff5129ce1a732bbef5928568b8092d412ef95611616376bbeed?s=96&d=mm&r=g\",\"url\":\"https:\\\/\\\/secure.gravatar.com\\\/avatar\\\/d4fe7459cfc51ff5129ce1a732bbef5928568b8092d412ef95611616376bbeed?s=96&d=mm&r=g\",\"contentUrl\":\"https:\\\/\\\/secure.gravatar.com\\\/avatar\\\/d4fe7459cfc51ff5129ce1a732bbef5928568b8092d412ef95611616376bbeed?s=96&d=mm&r=g\",\"caption\":\"f1000024\"},\"url\":\"https:\\\/\\\/cvinoticias.com\\\/v3\\\/author\\\/f1000024\\\/\"}]}<\/script>\n<!-- \/ Yoast SEO plugin. -->","yoast_head_json":{"title":"Iguaz\u00fa: Recuperaron tres guitarras criollas robadas del Sal\u00f3n Comunitario de Barrio Los Cedros | CVI NOTICIAS","robots":{"index":"index","follow":"follow","max-snippet":"max-snippet:-1","max-image-preview":"max-image-preview:large","max-video-preview":"max-video-preview:-1"},"canonical":"https:\/\/cvinoticias.com\/v3\/iguazu-recuperaron-tres-guitarras-criollas-robadas-del-salon-comunitario-de-barrio-los-cedros\/","og_locale":"es_ES","og_type":"article","og_title":"Iguaz\u00fa: Recuperaron tres guitarras criollas robadas del Sal\u00f3n Comunitario de Barrio Los Cedros | CVI NOTICIAS","og_description":"Tras un allanamiento llevado a cabo en las \u00faltimas horas en el domicilio del joven, de 21 a\u00f1os, detenido en el marco de la investigaci\u00f3n por el robo al sal\u00f3n comunitario \u00abEl Nido\u00bb del barrio Los Cedros, la Polic\u00eda logr\u00f3 recuperar dos guitarras criollas. La encargada del lugar, el pasado domingo denunci\u00f3 la sustracci\u00f3n de [&hellip;]","og_url":"https:\/\/cvinoticias.com\/v3\/iguazu-recuperaron-tres-guitarras-criollas-robadas-del-salon-comunitario-de-barrio-los-cedros\/","og_site_name":"CVI NOTICIAS","article_publisher":"https:\/\/www.facebook.com\/cvinoticias","article_published_time":"2021-08-04T12:11:30+00:00","og_image":[{"width":779,"height":960,"url":"https:\/\/cvinoticias.com\/wp-content\/uploads\/2021\/08\/FB_IMG_1628078711153-1.jpg","type":"image\/jpeg"}],"author":"f1000024","twitter_card":"summary_large_image","twitter_misc":{"Escrito por":"f1000024","Tiempo de lectura":"1 minuto"},"schema":{"@context":"https:\/\/schema.org","@graph":[{"@type":"Article","@id":"https:\/\/cvinoticias.com\/v3\/iguazu-recuperaron-tres-guitarras-criollas-robadas-del-salon-comunitario-de-barrio-los-cedros\/#article","isPartOf":{"@id":"https:\/\/cvinoticias.com\/v3\/iguazu-recuperaron-tres-guitarras-criollas-robadas-del-salon-comunitario-de-barrio-los-cedros\/"},"author":{"name":"f1000024","@id":"https:\/\/cvinoticias.com\/v3\/#\/schema\/person\/2db77e3c6bc03c538495d7b2b8be9b66"},"headline":"Iguaz\u00fa: Recuperaron tres guitarras criollas robadas del Sal\u00f3n Comunitario de Barrio Los Cedros","datePublished":"2021-08-04T12:11:30+00:00","mainEntityOfPage":{"@id":"https:\/\/cvinoticias.com\/v3\/iguazu-recuperaron-tres-guitarras-criollas-robadas-del-salon-comunitario-de-barrio-los-cedros\/"},"wordCount":156,"commentCount":0,"publisher":{"@id":"https:\/\/cvinoticias.com\/v3\/#organization"},"image":{"@id":"https:\/\/cvinoticias.com\/v3\/iguazu-recuperaron-tres-guitarras-criollas-robadas-del-salon-comunitario-de-barrio-los-cedros\/#primaryimage"},"thumbnailUrl":"https:\/\/cvinoticias.com\/wp-content\/uploads\/2021\/08\/FB_IMG_1628078711153-1.jpg","articleSection":["Policiales"],"inLanguage":"es","potentialAction":[{"@type":"CommentAction","name":"Comment","target":["https:\/\/cvinoticias.com\/v3\/iguazu-recuperaron-tres-guitarras-criollas-robadas-del-salon-comunitario-de-barrio-los-cedros\/#respond"]}]},{"@type":"WebPage","@id":"https:\/\/cvinoticias.com\/v3\/iguazu-recuperaron-tres-guitarras-criollas-robadas-del-salon-comunitario-de-barrio-los-cedros\/","url":"https:\/\/cvinoticias.com\/v3\/iguazu-recuperaron-tres-guitarras-criollas-robadas-del-salon-comunitario-de-barrio-los-cedros\/","name":"Iguaz\u00fa: Recuperaron tres guitarras criollas robadas del Sal\u00f3n Comunitario de Barrio Los Cedros | CVI NOTICIAS","isPartOf":{"@id":"https:\/\/cvinoticias.com\/v3\/#website"},"primaryImageOfPage":{"@id":"https:\/\/cvinoticias.com\/v3\/iguazu-recuperaron-tres-guitarras-criollas-robadas-del-salon-comunitario-de-barrio-los-cedros\/#primaryimage"},"image":{"@id":"https:\/\/cvinoticias.com\/v3\/iguazu-recuperaron-tres-guitarras-criollas-robadas-del-salon-comunitario-de-barrio-los-cedros\/#primaryimage"},"thumbnailUrl":"https:\/\/cvinoticias.com\/wp-content\/uploads\/2021\/08\/FB_IMG_1628078711153-1.jpg","datePublished":"2021-08-04T12:11:30+00:00","breadcrumb":{"@id":"https:\/\/cvinoticias.com\/v3\/iguazu-recuperaron-tres-guitarras-criollas-robadas-del-salon-comunitario-de-barrio-los-cedros\/#breadcrumb"},"inLanguage":"es","potentialAction":[{"@type":"ReadAction","target":["https:\/\/cvinoticias.com\/v3\/iguazu-recuperaron-tres-guitarras-criollas-robadas-del-salon-comunitario-de-barrio-los-cedros\/"]}]},{"@type":"ImageObject","inLanguage":"es","@id":"https:\/\/cvinoticias.com\/v3\/iguazu-recuperaron-tres-guitarras-criollas-robadas-del-salon-comunitario-de-barrio-los-cedros\/#primaryimage","url":"https:\/\/cvinoticias.com\/wp-content\/uploads\/2021\/08\/FB_IMG_1628078711153-1.jpg","contentUrl":"https:\/\/cvinoticias.com\/wp-content\/uploads\/2021\/08\/FB_IMG_1628078711153-1.jpg","width":779,"height":960},{"@type":"BreadcrumbList","@id":"https:\/\/cvinoticias.com\/v3\/iguazu-recuperaron-tres-guitarras-criollas-robadas-del-salon-comunitario-de-barrio-los-cedros\/#breadcrumb","itemListElement":[{"@type":"ListItem","position":1,"name":"Portada","item":"https:\/\/cvinoticias.com\/v3\/"},{"@type":"ListItem","position":2,"name":"Iguaz\u00fa: Recuperaron tres guitarras criollas robadas del Sal\u00f3n Comunitario de Barrio Los Cedros"}]},{"@type":"WebSite","@id":"https:\/\/cvinoticias.com\/v3\/#website","url":"https:\/\/cvinoticias.com\/v3\/","name":"CVI NOTICIAS","description":"","publisher":{"@id":"https:\/\/cvinoticias.com\/v3\/#organization"},"alternateName":"CVI","potentialAction":[{"@type":"SearchAction","target":{"@type":"EntryPoint","urlTemplate":"https:\/\/cvinoticias.com\/v3\/?s={search_term_string}"},"query-input":{"@type":"PropertyValueSpecification","valueRequired":true,"valueName":"search_term_string"}}],"inLanguage":"es"},{"@type":"Organization","@id":"https:\/\/cvinoticias.com\/v3\/#organization","name":"CVI NOTICIAS","url":"https:\/\/cvinoticias.com\/v3\/","logo":{"@type":"ImageObject","inLanguage":"es","@id":"https:\/\/cvinoticias.com\/v3\/#\/schema\/logo\/image\/","url":"https:\/\/cvinoticias.com\/wp-content\/uploads\/2023\/04\/cropped-cropped-cropped-cropped-cropped-3-1.png","contentUrl":"https:\/\/cvinoticias.com\/wp-content\/uploads\/2023\/04\/cropped-cropped-cropped-cropped-cropped-3-1.png","width":95,"height":122,"caption":"CVI NOTICIAS"},"image":{"@id":"https:\/\/cvinoticias.com\/v3\/#\/schema\/logo\/image\/"},"sameAs":["https:\/\/www.facebook.com\/cvinoticias","https:\/\/www.instagram.com\/cvinoticias\/","https:\/\/www.youtube.com\/@CVINOTICIAS"]},{"@type":"Person","@id":"https:\/\/cvinoticias.com\/v3\/#\/schema\/person\/2db77e3c6bc03c538495d7b2b8be9b66","name":"f1000024","image":{"@type":"ImageObject","inLanguage":"es","@id":"https:\/\/secure.gravatar.com\/avatar\/d4fe7459cfc51ff5129ce1a732bbef5928568b8092d412ef95611616376bbeed?s=96&d=mm&r=g","url":"https:\/\/secure.gravatar.com\/avatar\/d4fe7459cfc51ff5129ce1a732bbef5928568b8092d412ef95611616376bbeed?s=96&d=mm&r=g","contentUrl":"https:\/\/secure.gravatar.com\/avatar\/d4fe7459cfc51ff5129ce1a732bbef5928568b8092d412ef95611616376bbeed?s=96&d=mm&r=g","caption":"f1000024"},"url":"https:\/\/cvinoticias.com\/v3\/author\/f1000024\/"}]}},"_links":{"self":[{"href":"https:\/\/cvinoticias.com\/v3\/wp-json\/wp\/v2\/posts\/7354","targetHints":{"allow":["GET"]}}],"collection":[{"href":"https:\/\/cvinoticias.com\/v3\/wp-json\/wp\/v2\/posts"}],"about":[{"href":"https:\/\/cvinoticias.com\/v3\/wp-json\/wp\/v2\/types\/post"}],"author":[{"embeddable":true,"href":"https:\/\/cvinoticias.com\/v3\/wp-json\/wp\/v2\/users\/2"}],"replies":[{"embeddable":true,"href":"https:\/\/cvinoticias.com\/v3\/wp-json\/wp\/v2\/comments?post=7354"}],"version-history":[{"count":1,"href":"https:\/\/cvinoticias.com\/v3\/wp-json\/wp\/v2\/posts\/7354\/revisions"}],"predecessor-version":[{"id":7359,"href":"https:\/\/cvinoticias.com\/v3\/wp-json\/wp\/v2\/posts\/7354\/revisions\/7359"}],"wp:featuredmedia":[{"embeddable":true,"href":"https:\/\/cvinoticias.com\/v3\/wp-json\/wp\/v2\/media\/7356"}],"wp:attachment":[{"href":"https:\/\/cvinoticias.com\/v3\/wp-json\/wp\/v2\/media?parent=7354"}],"wp:term":[{"taxonomy":"category","embeddable":true,"href":"https:\/\/cvinoticias.com\/v3\/wp-json\/wp\/v2\/categories?post=7354"},{"taxonomy":"post_tag","embeddable":true,"href":"https:\/\/cvinoticias.com\/v3\/wp-json\/wp\/v2\/tags?post=7354"}],"curies":[{"name":"wp","href":"https:\/\/api.w.org\/{rel}","templated":true}]}}