{"id":7347,"date":"2021-08-04T11:34:03","date_gmt":"2021-08-04T11:34:03","guid":{"rendered":"https:\/\/cvinoticias.com\/v3\/?p=7347"},"modified":"2021-08-04T11:34:03","modified_gmt":"2021-08-04T11:34:03","slug":"el-seminario-diocesano-santo-cura-de-ars-y-una-programacion-radial-especial-para-este-sabado-7","status":"publish","type":"post","link":"https:\/\/cvinoticias.com\/v3\/el-seminario-diocesano-santo-cura-de-ars-y-una-programacion-radial-especial-para-este-sabado-7\/","title":{"rendered":"El seminario diocesano Santo Cura de Ars y una programaci\u00f3n radial especial para este s\u00e1bado 7"},"content":{"rendered":"\n<p><strong><em>Bajo el lema \u201ct\u00fa amor nos define\u201d el seminario Santo Cura de Ars de la di\u00f3cesis de Posadas, se prepara para celebrar su fiesta patronal.<\/em><\/strong><\/p>\n\n\n\n<p>La fiesta de este a\u00f1o se realizar\u00e1 en un contexto at\u00edpico debido a la pandemia del coronavirus, las actividades centrales iniciar\u00e1n el&nbsp;s\u00e1bado 8 de agosto con un programa radial que se podr\u00e1 seguir en vivo por&nbsp; FM VISION 101.9 de Puerto Iguaz\u00fa y&nbsp; en simult\u00e1neo con m\u00e1s de 10 emisoras de la provincia de Misiones.<\/p>\n\n\n\n<p>La transmisi\u00f3n del Programa \u00abRadio Ars\u00bb ser\u00e1 \u00e9ste s\u00e1bado 7 de agosto desde las 9 hasta las 12 hs; la programaci\u00f3n contar\u00e1 con entrevistas a los tres Obispos de la provincia de Misiones como as\u00ed tambi\u00e9n los seminaristas brindar\u00e1n sus testimonios y compartir\u00e1n con la audiencia como es la experiencia de vivir en el seminario Santo Cura de Ars. Tambi\u00e9n habr\u00e1 llamadas telef\u00f3nicas,&nbsp; mensajes y muchos sorteos.<\/p>\n\n\n\n<p>En el seminario diocesano Santo de Cura de Ars, se forman los futuros sacerdotes de las di\u00f3cesis de Posadas, Ober\u00e1 e Iguaz\u00fa, actualmente cuenta con alrededor de 28 estudiantes en las distintas etapas de formaci\u00f3n.<br>&nbsp;<\/p>\n","protected":false},"excerpt":{"rendered":"<p>Bajo el lema \u201ct\u00fa amor nos define\u201d el seminario Santo Cura de Ars de la di\u00f3cesis de Posadas, se prepara para celebrar su fiesta patronal. La fiesta de este a\u00f1o se realizar\u00e1 en un contexto at\u00edpico debido a la pandemia del coronavirus, las actividades centrales iniciar\u00e1n el&nbsp;s\u00e1bado 8 de agosto con un programa radial que [&hellip;]<\/p>\n","protected":false},"author":2,"featured_media":7348,"comment_status":"open","ping_status":"open","sticky":false,"template":"","format":"standard","meta":{"footnotes":""},"categories":[47],"tags":[],"class_list":["post-7347","post","type-post","status-publish","format-standard","has-post-thumbnail","hentry","category-sociedad"],"yoast_head":"<!-- This site is optimized with the Yoast SEO plugin v27.4 - https:\/\/yoast.com\/product\/yoast-seo-wordpress\/ -->\n<title>El seminario diocesano Santo Cura de Ars y una programaci\u00f3n radial especial para este s\u00e1bado 7 | CVI NOTICIAS<\/title>\n<meta name=\"robots\" content=\"index, follow, max-snippet:-1, max-image-preview:large, max-video-preview:-1\" \/>\n<link rel=\"canonical\" href=\"https:\/\/cvinoticias.com\/v3\/el-seminario-diocesano-santo-cura-de-ars-y-una-programacion-radial-especial-para-este-sabado-7\/\" \/>\n<meta property=\"og:locale\" content=\"es_ES\" \/>\n<meta property=\"og:type\" content=\"article\" \/>\n<meta property=\"og:title\" content=\"El seminario diocesano Santo Cura de Ars y una programaci\u00f3n radial especial para este s\u00e1bado 7 | CVI NOTICIAS\" \/>\n<meta property=\"og:description\" content=\"Bajo el lema \u201ct\u00fa amor nos define\u201d el seminario Santo Cura de Ars de la di\u00f3cesis de Posadas, se prepara para celebrar su fiesta patronal. La fiesta de este a\u00f1o se realizar\u00e1 en un contexto at\u00edpico debido a la pandemia del coronavirus, las actividades centrales iniciar\u00e1n el&nbsp;s\u00e1bado 8 de agosto con un programa radial que [&hellip;]\" \/>\n<meta property=\"og:url\" content=\"https:\/\/cvinoticias.com\/v3\/el-seminario-diocesano-santo-cura-de-ars-y-una-programacion-radial-especial-para-este-sabado-7\/\" \/>\n<meta property=\"og:site_name\" content=\"CVI NOTICIAS\" \/>\n<meta property=\"article:publisher\" content=\"https:\/\/www.facebook.com\/cvinoticias\" \/>\n<meta property=\"article:published_time\" content=\"2021-08-04T11:34:03+00:00\" \/>\n<meta property=\"og:image\" content=\"https:\/\/cvinoticias.com\/wp-content\/uploads\/2021\/08\/IMG-20210802-WA0046.jpg\" \/>\n\t<meta property=\"og:image:width\" content=\"904\" \/>\n\t<meta property=\"og:image:height\" content=\"1280\" \/>\n\t<meta property=\"og:image:type\" content=\"image\/jpeg\" \/>\n<meta name=\"author\" content=\"f1000024\" \/>\n<meta name=\"twitter:card\" content=\"summary_large_image\" \/>\n<meta name=\"twitter:label1\" content=\"Escrito por\" \/>\n\t<meta name=\"twitter:data1\" content=\"f1000024\" \/>\n\t<meta name=\"twitter:label2\" content=\"Tiempo de lectura\" \/>\n\t<meta name=\"twitter:data2\" content=\"1 minuto\" \/>\n<script type=\"application\/ld+json\" class=\"yoast-schema-graph\">{\"@context\":\"https:\\\/\\\/schema.org\",\"@graph\":[{\"@type\":\"Article\",\"@id\":\"https:\\\/\\\/cvinoticias.com\\\/v3\\\/el-seminario-diocesano-santo-cura-de-ars-y-una-programacion-radial-especial-para-este-sabado-7\\\/#article\",\"isPartOf\":{\"@id\":\"https:\\\/\\\/cvinoticias.com\\\/v3\\\/el-seminario-diocesano-santo-cura-de-ars-y-una-programacion-radial-especial-para-este-sabado-7\\\/\"},\"author\":{\"name\":\"f1000024\",\"@id\":\"https:\\\/\\\/cvinoticias.com\\\/v3\\\/#\\\/schema\\\/person\\\/2db77e3c6bc03c538495d7b2b8be9b66\"},\"headline\":\"El seminario diocesano Santo Cura de Ars y una programaci\u00f3n radial especial para este s\u00e1bado 7\",\"datePublished\":\"2021-08-04T11:34:03+00:00\",\"mainEntityOfPage\":{\"@id\":\"https:\\\/\\\/cvinoticias.com\\\/v3\\\/el-seminario-diocesano-santo-cura-de-ars-y-una-programacion-radial-especial-para-este-sabado-7\\\/\"},\"wordCount\":215,\"commentCount\":0,\"publisher\":{\"@id\":\"https:\\\/\\\/cvinoticias.com\\\/v3\\\/#organization\"},\"image\":{\"@id\":\"https:\\\/\\\/cvinoticias.com\\\/v3\\\/el-seminario-diocesano-santo-cura-de-ars-y-una-programacion-radial-especial-para-este-sabado-7\\\/#primaryimage\"},\"thumbnailUrl\":\"https:\\\/\\\/cvinoticias.com\\\/wp-content\\\/uploads\\\/2021\\\/08\\\/IMG-20210802-WA0046.jpg\",\"articleSection\":[\"Sociedad\"],\"inLanguage\":\"es\",\"potentialAction\":[{\"@type\":\"CommentAction\",\"name\":\"Comment\",\"target\":[\"https:\\\/\\\/cvinoticias.com\\\/v3\\\/el-seminario-diocesano-santo-cura-de-ars-y-una-programacion-radial-especial-para-este-sabado-7\\\/#respond\"]}]},{\"@type\":\"WebPage\",\"@id\":\"https:\\\/\\\/cvinoticias.com\\\/v3\\\/el-seminario-diocesano-santo-cura-de-ars-y-una-programacion-radial-especial-para-este-sabado-7\\\/\",\"url\":\"https:\\\/\\\/cvinoticias.com\\\/v3\\\/el-seminario-diocesano-santo-cura-de-ars-y-una-programacion-radial-especial-para-este-sabado-7\\\/\",\"name\":\"El seminario diocesano Santo Cura de Ars y una programaci\u00f3n radial especial para este s\u00e1bado 7 | CVI NOTICIAS\",\"isPartOf\":{\"@id\":\"https:\\\/\\\/cvinoticias.com\\\/v3\\\/#website\"},\"primaryImageOfPage\":{\"@id\":\"https:\\\/\\\/cvinoticias.com\\\/v3\\\/el-seminario-diocesano-santo-cura-de-ars-y-una-programacion-radial-especial-para-este-sabado-7\\\/#primaryimage\"},\"image\":{\"@id\":\"https:\\\/\\\/cvinoticias.com\\\/v3\\\/el-seminario-diocesano-santo-cura-de-ars-y-una-programacion-radial-especial-para-este-sabado-7\\\/#primaryimage\"},\"thumbnailUrl\":\"https:\\\/\\\/cvinoticias.com\\\/wp-content\\\/uploads\\\/2021\\\/08\\\/IMG-20210802-WA0046.jpg\",\"datePublished\":\"2021-08-04T11:34:03+00:00\",\"breadcrumb\":{\"@id\":\"https:\\\/\\\/cvinoticias.com\\\/v3\\\/el-seminario-diocesano-santo-cura-de-ars-y-una-programacion-radial-especial-para-este-sabado-7\\\/#breadcrumb\"},\"inLanguage\":\"es\",\"potentialAction\":[{\"@type\":\"ReadAction\",\"target\":[\"https:\\\/\\\/cvinoticias.com\\\/v3\\\/el-seminario-diocesano-santo-cura-de-ars-y-una-programacion-radial-especial-para-este-sabado-7\\\/\"]}]},{\"@type\":\"ImageObject\",\"inLanguage\":\"es\",\"@id\":\"https:\\\/\\\/cvinoticias.com\\\/v3\\\/el-seminario-diocesano-santo-cura-de-ars-y-una-programacion-radial-especial-para-este-sabado-7\\\/#primaryimage\",\"url\":\"https:\\\/\\\/cvinoticias.com\\\/wp-content\\\/uploads\\\/2021\\\/08\\\/IMG-20210802-WA0046.jpg\",\"contentUrl\":\"https:\\\/\\\/cvinoticias.com\\\/wp-content\\\/uploads\\\/2021\\\/08\\\/IMG-20210802-WA0046.jpg\",\"width\":904,\"height\":1280},{\"@type\":\"BreadcrumbList\",\"@id\":\"https:\\\/\\\/cvinoticias.com\\\/v3\\\/el-seminario-diocesano-santo-cura-de-ars-y-una-programacion-radial-especial-para-este-sabado-7\\\/#breadcrumb\",\"itemListElement\":[{\"@type\":\"ListItem\",\"position\":1,\"name\":\"Portada\",\"item\":\"https:\\\/\\\/cvinoticias.com\\\/v3\\\/\"},{\"@type\":\"ListItem\",\"position\":2,\"name\":\"El seminario diocesano Santo Cura de Ars y una programaci\u00f3n radial especial para este s\u00e1bado 7\"}]},{\"@type\":\"WebSite\",\"@id\":\"https:\\\/\\\/cvinoticias.com\\\/v3\\\/#website\",\"url\":\"https:\\\/\\\/cvinoticias.com\\\/v3\\\/\",\"name\":\"CVI NOTICIAS\",\"description\":\"\",\"publisher\":{\"@id\":\"https:\\\/\\\/cvinoticias.com\\\/v3\\\/#organization\"},\"alternateName\":\"CVI\",\"potentialAction\":[{\"@type\":\"SearchAction\",\"target\":{\"@type\":\"EntryPoint\",\"urlTemplate\":\"https:\\\/\\\/cvinoticias.com\\\/v3\\\/?s={search_term_string}\"},\"query-input\":{\"@type\":\"PropertyValueSpecification\",\"valueRequired\":true,\"valueName\":\"search_term_string\"}}],\"inLanguage\":\"es\"},{\"@type\":\"Organization\",\"@id\":\"https:\\\/\\\/cvinoticias.com\\\/v3\\\/#organization\",\"name\":\"CVI NOTICIAS\",\"url\":\"https:\\\/\\\/cvinoticias.com\\\/v3\\\/\",\"logo\":{\"@type\":\"ImageObject\",\"inLanguage\":\"es\",\"@id\":\"https:\\\/\\\/cvinoticias.com\\\/v3\\\/#\\\/schema\\\/logo\\\/image\\\/\",\"url\":\"https:\\\/\\\/cvinoticias.com\\\/wp-content\\\/uploads\\\/2023\\\/04\\\/cropped-cropped-cropped-cropped-cropped-3-1.png\",\"contentUrl\":\"https:\\\/\\\/cvinoticias.com\\\/wp-content\\\/uploads\\\/2023\\\/04\\\/cropped-cropped-cropped-cropped-cropped-3-1.png\",\"width\":95,\"height\":122,\"caption\":\"CVI NOTICIAS\"},\"image\":{\"@id\":\"https:\\\/\\\/cvinoticias.com\\\/v3\\\/#\\\/schema\\\/logo\\\/image\\\/\"},\"sameAs\":[\"https:\\\/\\\/www.facebook.com\\\/cvinoticias\",\"https:\\\/\\\/www.instagram.com\\\/cvinoticias\\\/\",\"https:\\\/\\\/www.youtube.com\\\/@CVINOTICIAS\"]},{\"@type\":\"Person\",\"@id\":\"https:\\\/\\\/cvinoticias.com\\\/v3\\\/#\\\/schema\\\/person\\\/2db77e3c6bc03c538495d7b2b8be9b66\",\"name\":\"f1000024\",\"image\":{\"@type\":\"ImageObject\",\"inLanguage\":\"es\",\"@id\":\"https:\\\/\\\/secure.gravatar.com\\\/avatar\\\/d4fe7459cfc51ff5129ce1a732bbef5928568b8092d412ef95611616376bbeed?s=96&d=mm&r=g\",\"url\":\"https:\\\/\\\/secure.gravatar.com\\\/avatar\\\/d4fe7459cfc51ff5129ce1a732bbef5928568b8092d412ef95611616376bbeed?s=96&d=mm&r=g\",\"contentUrl\":\"https:\\\/\\\/secure.gravatar.com\\\/avatar\\\/d4fe7459cfc51ff5129ce1a732bbef5928568b8092d412ef95611616376bbeed?s=96&d=mm&r=g\",\"caption\":\"f1000024\"},\"url\":\"https:\\\/\\\/cvinoticias.com\\\/v3\\\/author\\\/f1000024\\\/\"}]}<\/script>\n<!-- \/ Yoast SEO plugin. -->","yoast_head_json":{"title":"El seminario diocesano Santo Cura de Ars y una programaci\u00f3n radial especial para este s\u00e1bado 7 | CVI NOTICIAS","robots":{"index":"index","follow":"follow","max-snippet":"max-snippet:-1","max-image-preview":"max-image-preview:large","max-video-preview":"max-video-preview:-1"},"canonical":"https:\/\/cvinoticias.com\/v3\/el-seminario-diocesano-santo-cura-de-ars-y-una-programacion-radial-especial-para-este-sabado-7\/","og_locale":"es_ES","og_type":"article","og_title":"El seminario diocesano Santo Cura de Ars y una programaci\u00f3n radial especial para este s\u00e1bado 7 | CVI NOTICIAS","og_description":"Bajo el lema \u201ct\u00fa amor nos define\u201d el seminario Santo Cura de Ars de la di\u00f3cesis de Posadas, se prepara para celebrar su fiesta patronal. La fiesta de este a\u00f1o se realizar\u00e1 en un contexto at\u00edpico debido a la pandemia del coronavirus, las actividades centrales iniciar\u00e1n el&nbsp;s\u00e1bado 8 de agosto con un programa radial que [&hellip;]","og_url":"https:\/\/cvinoticias.com\/v3\/el-seminario-diocesano-santo-cura-de-ars-y-una-programacion-radial-especial-para-este-sabado-7\/","og_site_name":"CVI NOTICIAS","article_publisher":"https:\/\/www.facebook.com\/cvinoticias","article_published_time":"2021-08-04T11:34:03+00:00","og_image":[{"width":904,"height":1280,"url":"https:\/\/cvinoticias.com\/wp-content\/uploads\/2021\/08\/IMG-20210802-WA0046.jpg","type":"image\/jpeg"}],"author":"f1000024","twitter_card":"summary_large_image","twitter_misc":{"Escrito por":"f1000024","Tiempo de lectura":"1 minuto"},"schema":{"@context":"https:\/\/schema.org","@graph":[{"@type":"Article","@id":"https:\/\/cvinoticias.com\/v3\/el-seminario-diocesano-santo-cura-de-ars-y-una-programacion-radial-especial-para-este-sabado-7\/#article","isPartOf":{"@id":"https:\/\/cvinoticias.com\/v3\/el-seminario-diocesano-santo-cura-de-ars-y-una-programacion-radial-especial-para-este-sabado-7\/"},"author":{"name":"f1000024","@id":"https:\/\/cvinoticias.com\/v3\/#\/schema\/person\/2db77e3c6bc03c538495d7b2b8be9b66"},"headline":"El seminario diocesano Santo Cura de Ars y una programaci\u00f3n radial especial para este s\u00e1bado 7","datePublished":"2021-08-04T11:34:03+00:00","mainEntityOfPage":{"@id":"https:\/\/cvinoticias.com\/v3\/el-seminario-diocesano-santo-cura-de-ars-y-una-programacion-radial-especial-para-este-sabado-7\/"},"wordCount":215,"commentCount":0,"publisher":{"@id":"https:\/\/cvinoticias.com\/v3\/#organization"},"image":{"@id":"https:\/\/cvinoticias.com\/v3\/el-seminario-diocesano-santo-cura-de-ars-y-una-programacion-radial-especial-para-este-sabado-7\/#primaryimage"},"thumbnailUrl":"https:\/\/cvinoticias.com\/wp-content\/uploads\/2021\/08\/IMG-20210802-WA0046.jpg","articleSection":["Sociedad"],"inLanguage":"es","potentialAction":[{"@type":"CommentAction","name":"Comment","target":["https:\/\/cvinoticias.com\/v3\/el-seminario-diocesano-santo-cura-de-ars-y-una-programacion-radial-especial-para-este-sabado-7\/#respond"]}]},{"@type":"WebPage","@id":"https:\/\/cvinoticias.com\/v3\/el-seminario-diocesano-santo-cura-de-ars-y-una-programacion-radial-especial-para-este-sabado-7\/","url":"https:\/\/cvinoticias.com\/v3\/el-seminario-diocesano-santo-cura-de-ars-y-una-programacion-radial-especial-para-este-sabado-7\/","name":"El seminario diocesano Santo Cura de Ars y una programaci\u00f3n radial especial para este s\u00e1bado 7 | CVI NOTICIAS","isPartOf":{"@id":"https:\/\/cvinoticias.com\/v3\/#website"},"primaryImageOfPage":{"@id":"https:\/\/cvinoticias.com\/v3\/el-seminario-diocesano-santo-cura-de-ars-y-una-programacion-radial-especial-para-este-sabado-7\/#primaryimage"},"image":{"@id":"https:\/\/cvinoticias.com\/v3\/el-seminario-diocesano-santo-cura-de-ars-y-una-programacion-radial-especial-para-este-sabado-7\/#primaryimage"},"thumbnailUrl":"https:\/\/cvinoticias.com\/wp-content\/uploads\/2021\/08\/IMG-20210802-WA0046.jpg","datePublished":"2021-08-04T11:34:03+00:00","breadcrumb":{"@id":"https:\/\/cvinoticias.com\/v3\/el-seminario-diocesano-santo-cura-de-ars-y-una-programacion-radial-especial-para-este-sabado-7\/#breadcrumb"},"inLanguage":"es","potentialAction":[{"@type":"ReadAction","target":["https:\/\/cvinoticias.com\/v3\/el-seminario-diocesano-santo-cura-de-ars-y-una-programacion-radial-especial-para-este-sabado-7\/"]}]},{"@type":"ImageObject","inLanguage":"es","@id":"https:\/\/cvinoticias.com\/v3\/el-seminario-diocesano-santo-cura-de-ars-y-una-programacion-radial-especial-para-este-sabado-7\/#primaryimage","url":"https:\/\/cvinoticias.com\/wp-content\/uploads\/2021\/08\/IMG-20210802-WA0046.jpg","contentUrl":"https:\/\/cvinoticias.com\/wp-content\/uploads\/2021\/08\/IMG-20210802-WA0046.jpg","width":904,"height":1280},{"@type":"BreadcrumbList","@id":"https:\/\/cvinoticias.com\/v3\/el-seminario-diocesano-santo-cura-de-ars-y-una-programacion-radial-especial-para-este-sabado-7\/#breadcrumb","itemListElement":[{"@type":"ListItem","position":1,"name":"Portada","item":"https:\/\/cvinoticias.com\/v3\/"},{"@type":"ListItem","position":2,"name":"El seminario diocesano Santo Cura de Ars y una programaci\u00f3n radial especial para este s\u00e1bado 7"}]},{"@type":"WebSite","@id":"https:\/\/cvinoticias.com\/v3\/#website","url":"https:\/\/cvinoticias.com\/v3\/","name":"CVI NOTICIAS","description":"","publisher":{"@id":"https:\/\/cvinoticias.com\/v3\/#organization"},"alternateName":"CVI","potentialAction":[{"@type":"SearchAction","target":{"@type":"EntryPoint","urlTemplate":"https:\/\/cvinoticias.com\/v3\/?s={search_term_string}"},"query-input":{"@type":"PropertyValueSpecification","valueRequired":true,"valueName":"search_term_string"}}],"inLanguage":"es"},{"@type":"Organization","@id":"https:\/\/cvinoticias.com\/v3\/#organization","name":"CVI NOTICIAS","url":"https:\/\/cvinoticias.com\/v3\/","logo":{"@type":"ImageObject","inLanguage":"es","@id":"https:\/\/cvinoticias.com\/v3\/#\/schema\/logo\/image\/","url":"https:\/\/cvinoticias.com\/wp-content\/uploads\/2023\/04\/cropped-cropped-cropped-cropped-cropped-3-1.png","contentUrl":"https:\/\/cvinoticias.com\/wp-content\/uploads\/2023\/04\/cropped-cropped-cropped-cropped-cropped-3-1.png","width":95,"height":122,"caption":"CVI NOTICIAS"},"image":{"@id":"https:\/\/cvinoticias.com\/v3\/#\/schema\/logo\/image\/"},"sameAs":["https:\/\/www.facebook.com\/cvinoticias","https:\/\/www.instagram.com\/cvinoticias\/","https:\/\/www.youtube.com\/@CVINOTICIAS"]},{"@type":"Person","@id":"https:\/\/cvinoticias.com\/v3\/#\/schema\/person\/2db77e3c6bc03c538495d7b2b8be9b66","name":"f1000024","image":{"@type":"ImageObject","inLanguage":"es","@id":"https:\/\/secure.gravatar.com\/avatar\/d4fe7459cfc51ff5129ce1a732bbef5928568b8092d412ef95611616376bbeed?s=96&d=mm&r=g","url":"https:\/\/secure.gravatar.com\/avatar\/d4fe7459cfc51ff5129ce1a732bbef5928568b8092d412ef95611616376bbeed?s=96&d=mm&r=g","contentUrl":"https:\/\/secure.gravatar.com\/avatar\/d4fe7459cfc51ff5129ce1a732bbef5928568b8092d412ef95611616376bbeed?s=96&d=mm&r=g","caption":"f1000024"},"url":"https:\/\/cvinoticias.com\/v3\/author\/f1000024\/"}]}},"_links":{"self":[{"href":"https:\/\/cvinoticias.com\/v3\/wp-json\/wp\/v2\/posts\/7347","targetHints":{"allow":["GET"]}}],"collection":[{"href":"https:\/\/cvinoticias.com\/v3\/wp-json\/wp\/v2\/posts"}],"about":[{"href":"https:\/\/cvinoticias.com\/v3\/wp-json\/wp\/v2\/types\/post"}],"author":[{"embeddable":true,"href":"https:\/\/cvinoticias.com\/v3\/wp-json\/wp\/v2\/users\/2"}],"replies":[{"embeddable":true,"href":"https:\/\/cvinoticias.com\/v3\/wp-json\/wp\/v2\/comments?post=7347"}],"version-history":[{"count":1,"href":"https:\/\/cvinoticias.com\/v3\/wp-json\/wp\/v2\/posts\/7347\/revisions"}],"predecessor-version":[{"id":7349,"href":"https:\/\/cvinoticias.com\/v3\/wp-json\/wp\/v2\/posts\/7347\/revisions\/7349"}],"wp:featuredmedia":[{"embeddable":true,"href":"https:\/\/cvinoticias.com\/v3\/wp-json\/wp\/v2\/media\/7348"}],"wp:attachment":[{"href":"https:\/\/cvinoticias.com\/v3\/wp-json\/wp\/v2\/media?parent=7347"}],"wp:term":[{"taxonomy":"category","embeddable":true,"href":"https:\/\/cvinoticias.com\/v3\/wp-json\/wp\/v2\/categories?post=7347"},{"taxonomy":"post_tag","embeddable":true,"href":"https:\/\/cvinoticias.com\/v3\/wp-json\/wp\/v2\/tags?post=7347"}],"curies":[{"name":"wp","href":"https:\/\/api.w.org\/{rel}","templated":true}]}}