{"id":7332,"date":"2021-08-03T11:15:19","date_gmt":"2021-08-03T11:15:19","guid":{"rendered":"https:\/\/cvinoticias.com\/v3\/?p=7332"},"modified":"2021-08-03T11:15:19","modified_gmt":"2021-08-03T11:15:19","slug":"se-realizo-desde-la-legislatura-una-conferencia-virtual-contra-la-violencia-de-genero","status":"publish","type":"post","link":"https:\/\/cvinoticias.com\/v3\/se-realizo-desde-la-legislatura-una-conferencia-virtual-contra-la-violencia-de-genero\/","title":{"rendered":"Se realiz\u00f3 desde la Legislatura una conferencia virtual contra la violencia de g\u00e9nero"},"content":{"rendered":"\n<p><strong><em>La actividad se encuadr\u00f3 en el lema del 2021 como \u201cA\u00f1o contra la Violencia por motivos de G\u00e9nero en todas sus formas\u201d. En esta oportunidad, la tem\u00e1tica fueron las Pol\u00edticas P\u00fablicas Misioneras con Perspectiva de G\u00e9nero. La transmisi\u00f3n se realiz\u00f3 a trav\u00e9s del canal de Youtube \u201cParlamento Misionero\u201d.<\/em><\/strong><\/p>\n\n\n\n<p>Las disertantes fueron las ministras de Desarrollo Social, de la Mujer y la Juventud, Benilda Dammer; de Trabajo, Silvana Gim\u00e9nez; de Derechos Humanos, Graciela Leyes; de Acci\u00f3n Cooperativa, Karina Aguirre; y la secretaria de Estado de Agricultura Familiar, Marta Ferreira.<\/p>\n\n\n\n<p>La apertura estuvo a cargo de la presidenta de la Comisi\u00f3n de G\u00e9nero del Parlamento Misionero, Silvia Rojas, y el ministro de Coordinaci\u00f3n de Gabinete, V\u00edctor Kreimer. Participaron tambi\u00e9n de la transmisi\u00f3n, legisladores nacionales y provinciales; diputadas electas; autoridades provinciales y municipales; representantes acad\u00e9micos y p\u00fablico en general.<\/p>\n\n\n\n<p>Rojas resalt\u00f3 el hecho de que el presidente de la C\u00e1mara de Representantes, Carlos Rovira, sea el autor del proyecto que instituy\u00f3 el lema de este a\u00f1o. \u201cEsto deja de manifiesto su noble intenci\u00f3n de acompa\u00f1ar a cada mujer misionera que se encuentra ante este flagelo\u201d, expres\u00f3.<\/p>\n\n\n\n<p>En Misiones, la lucha contra las violencias ocupa gran parte de la agenda como parte prioritaria de las pol\u00edticas p\u00fablicas misioneras\u201d, dijo, y destac\u00f3 el \u201ctrabajo incansable\u201d que vienen realizando para reducir las brechas que promueven estas desigualdades, \u201cque provienen de una cultura social que, de a poco, va cambiando para avanzar hacia una sociedad mejor\u201d.<\/p>\n\n\n\n<p>\u201cEn este Poder Legislativo hemos legislado leyes de vanguardia que concuerdan con el discurso inclusivo, de justicia social, de equidad, que no quedan en las letras de un papel, sino que coinciden con lo que escribimos, decimos y, sobre todo, hacemos\u201d, sentenci\u00f3.<\/p>\n\n\n\n<p>Mencion\u00f3 como ejemplos las normas de paridad pol\u00edtica, la ley Micaela, las de violencia pol\u00edtica, de acoso callejero, de pensi\u00f3n graciable, de amas de casa, la que crea la Subsecretar\u00eda de Relaciones con la Comunidad y Violencia\u2026 muchas que forman parte de nuestro Digesto de G\u00e9nero del Poder Legislativo.<\/p>\n\n\n\n<p>\u00abEn Misiones tenemos la posibilidad del trabajo articulado entre los diferentes poderes, para entre todos, llevar soluciones a quienes lo necesitan\u201d, agreg\u00f3.<\/p>\n\n\n\n<p>Para Kreimer, \u201cestas jornadas marcan las cuestiones que para la pol\u00edtica misionera son prioritarias y parte importante de nuestra agenda de trabajo\u201d.<\/p>\n\n\n\n<p>Sostuvo que \u201cla agenda de g\u00e9nero es una de las cuestiones transformadoras de nuestra sociedad, que con m\u00e1s fuerza se ha instalado en el debate pol\u00edtico, en la gesti\u00f3n de los gobiernos\u00bb.<\/p>\n\n\n\n<p>\u201cEs una agenda que debe comprometer a todos los que realmente deseamos una sociedad m\u00e1s justa, m\u00e1s equitativa, sin abusos y sin diferencias\u201d, resalt\u00f3.<\/p>\n\n\n\n<p>Dammer afirm\u00f3 que, gracias al trabajo de la Legislatura, las funcionarias y los funcionarios pueden \u201cllevar adelante acciones que nos respaldan en el d\u00eda a d\u00eda para concretar esas pol\u00edticas que se van gestando para los misioneros y las misioneras\u201d.<\/p>\n\n\n\n<p>Expres\u00f3 que \u201cdesde el Ministerio de Desarrollo Social se trabaja transversalmente, porque si hablamos de acceso y restituci\u00f3n de derechos y de acceso a pol\u00edticas p\u00fablicas, es un ministerio que trabaja espec\u00edficamente con la poblaci\u00f3n m\u00e1s vulnerable\u201d.<\/p>\n\n\n\n<p>Gim\u00e9nez asegur\u00f3 que \u201cdesde la Renovaci\u00f3n las mujeres tienen sus lugares de decisi\u00f3n siempre\u201d y que eso ha caracterizado a ese espacio como proyecto pol\u00edtico.<\/p>\n\n\n\n<p>\u201cLo que vino a dar esta pol\u00edtica p\u00fablica que generamos en la Renovaci\u00f3n es que se ve en los otros espacios pol\u00edticos la participaci\u00f3n activa de las mujeres\u00bb.<\/p>\n\n\n\n<p>Ferreira destac\u00f3 que \u201clas que cultivan alimentos en su gran mayor\u00eda son mujeres\u201d y, en ese sentido, consider\u00f3 que la ley de agricultura familiar sancionada por la Legislatura \u201cvaloriza las pr\u00e1cticas productivas de las mujeres agricultoras y la construcci\u00f3n de una nueva percepci\u00f3n sobre su rol, e inserci\u00f3n t\u00e9cnica, social y econ\u00f3mica\u201d.<\/p>\n\n\n\n<p>Adem\u00e1s consider\u00f3 importante \u201cgarantizar el acceso a tierras regularizadas para las mujeres agricultoras y as\u00ed poder concretar como misioneros la conquista de la soberan\u00eda alimentaria\u201d.<\/p>\n\n\n\n<p>Leyes manifest\u00f3 que las mujeres piensan \u201cen una sociedad que no es una casualidad, sino una causalidad hist\u00f3rica\u201d, porque les permite \u201cocupar lugares y roles importantes dentro del gobierno provincial\u201d.<\/p>\n\n\n\n<p>Por otra parte, asegur\u00f3 que \u201cel tema de la violencia de g\u00e9nero es una grave situaci\u00f3n, una problem\u00e1tica econ\u00f3mica y cultural, teniendo en cuenta que ya tenemos 40 a\u00f1os de democracia\u201d.<\/p>\n\n\n\n<p>\u201cEl presidente de la Legislatura, Carlos Rovira, nos interpela a construir una pol\u00edtica de Estado, tener estrategias, construir nuevos paradigmas, siempre en forma colectiva\u201d.<\/p>\n\n\n\n<p>Finalmente, Aguirre sostuvo que las pol\u00edticas mencionadas \u201cforman parte de la acci\u00f3n pol\u00edtica de la Renovaci\u00f3n desde hace mucho tiempo\u201d y que \u201cesto se ha podido lograr gracias al movimiento pol\u00edtico de las mujeres en el \u00e1mbito gubernamental, que comenz\u00f3 cuando un grupo de mujeres con fuerza y convicci\u00f3n, con \u00c9lida Vigo y Viviana Rovira a la cabeza, conformaron la Mesa de Mujeres Funcionarias\u201d.<\/p>\n\n\n\n<p>\u00dd cit\u00f3, como m\u00e1s ejemplos de los logros del Gobierno Renovador en esta materia, la creaci\u00f3n de las comisar\u00edas de la mujer, la l\u00ednea 137, las pensiones para v\u00edctimas de violencia, el Banco de la Mujer y la ley de paridad, que \u201cpuso otra vez a Misiones un paso adelante en cuanto a los derechos en el pa\u00eds\u201d.<\/p>\n\n\n\n<p>Direcci\u00f3n de Prensa y RR PP C\u00e1mara de Representantes<\/p>\n","protected":false},"excerpt":{"rendered":"<p>La actividad se encuadr\u00f3 en el lema del 2021 como \u201cA\u00f1o contra la Violencia por motivos de G\u00e9nero en todas sus formas\u201d. En esta oportunidad, la tem\u00e1tica fueron las Pol\u00edticas P\u00fablicas Misioneras con Perspectiva de G\u00e9nero. La transmisi\u00f3n se realiz\u00f3 a trav\u00e9s del canal de Youtube \u201cParlamento Misionero\u201d. Las disertantes fueron las ministras de Desarrollo [&hellip;]<\/p>\n","protected":false},"author":2,"featured_media":7333,"comment_status":"open","ping_status":"open","sticky":false,"template":"","format":"standard","meta":{"footnotes":""},"categories":[43],"tags":[],"class_list":["post-7332","post","type-post","status-publish","format-standard","has-post-thumbnail","hentry","category-provinciales"],"yoast_head":"<!-- This site is optimized with the Yoast SEO plugin v27.4 - https:\/\/yoast.com\/product\/yoast-seo-wordpress\/ -->\n<title>Se realiz\u00f3 desde la Legislatura una conferencia virtual contra la violencia de g\u00e9nero | CVI NOTICIAS<\/title>\n<meta name=\"robots\" content=\"index, follow, max-snippet:-1, max-image-preview:large, max-video-preview:-1\" \/>\n<link rel=\"canonical\" href=\"https:\/\/cvinoticias.com\/v3\/se-realizo-desde-la-legislatura-una-conferencia-virtual-contra-la-violencia-de-genero\/\" \/>\n<meta property=\"og:locale\" content=\"es_ES\" \/>\n<meta property=\"og:type\" content=\"article\" \/>\n<meta property=\"og:title\" content=\"Se realiz\u00f3 desde la Legislatura una conferencia virtual contra la violencia de g\u00e9nero | CVI NOTICIAS\" \/>\n<meta property=\"og:description\" content=\"La actividad se encuadr\u00f3 en el lema del 2021 como \u201cA\u00f1o contra la Violencia por motivos de G\u00e9nero en todas sus formas\u201d. En esta oportunidad, la tem\u00e1tica fueron las Pol\u00edticas P\u00fablicas Misioneras con Perspectiva de G\u00e9nero. La transmisi\u00f3n se realiz\u00f3 a trav\u00e9s del canal de Youtube \u201cParlamento Misionero\u201d. Las disertantes fueron las ministras de Desarrollo [&hellip;]\" \/>\n<meta property=\"og:url\" content=\"https:\/\/cvinoticias.com\/v3\/se-realizo-desde-la-legislatura-una-conferencia-virtual-contra-la-violencia-de-genero\/\" \/>\n<meta property=\"og:site_name\" content=\"CVI NOTICIAS\" \/>\n<meta property=\"article:publisher\" content=\"https:\/\/www.facebook.com\/cvinoticias\" \/>\n<meta property=\"article:published_time\" content=\"2021-08-03T11:15:19+00:00\" \/>\n<meta property=\"og:image\" content=\"https:\/\/cvinoticias.com\/wp-content\/uploads\/2021\/08\/DSC09747-1000x600-1.jpg\" \/>\n\t<meta property=\"og:image:width\" content=\"1000\" \/>\n\t<meta property=\"og:image:height\" content=\"600\" \/>\n\t<meta property=\"og:image:type\" content=\"image\/jpeg\" \/>\n<meta name=\"author\" content=\"f1000024\" \/>\n<meta name=\"twitter:card\" content=\"summary_large_image\" \/>\n<meta name=\"twitter:label1\" content=\"Escrito por\" \/>\n\t<meta name=\"twitter:data1\" content=\"f1000024\" \/>\n\t<meta name=\"twitter:label2\" content=\"Tiempo de lectura\" \/>\n\t<meta name=\"twitter:data2\" content=\"5 minutos\" \/>\n<script type=\"application\/ld+json\" class=\"yoast-schema-graph\">{\"@context\":\"https:\\\/\\\/schema.org\",\"@graph\":[{\"@type\":\"Article\",\"@id\":\"https:\\\/\\\/cvinoticias.com\\\/v3\\\/se-realizo-desde-la-legislatura-una-conferencia-virtual-contra-la-violencia-de-genero\\\/#article\",\"isPartOf\":{\"@id\":\"https:\\\/\\\/cvinoticias.com\\\/v3\\\/se-realizo-desde-la-legislatura-una-conferencia-virtual-contra-la-violencia-de-genero\\\/\"},\"author\":{\"name\":\"f1000024\",\"@id\":\"https:\\\/\\\/cvinoticias.com\\\/v3\\\/#\\\/schema\\\/person\\\/2db77e3c6bc03c538495d7b2b8be9b66\"},\"headline\":\"Se realiz\u00f3 desde la Legislatura una conferencia virtual contra la violencia de g\u00e9nero\",\"datePublished\":\"2021-08-03T11:15:19+00:00\",\"mainEntityOfPage\":{\"@id\":\"https:\\\/\\\/cvinoticias.com\\\/v3\\\/se-realizo-desde-la-legislatura-una-conferencia-virtual-contra-la-violencia-de-genero\\\/\"},\"wordCount\":947,\"commentCount\":0,\"publisher\":{\"@id\":\"https:\\\/\\\/cvinoticias.com\\\/v3\\\/#organization\"},\"image\":{\"@id\":\"https:\\\/\\\/cvinoticias.com\\\/v3\\\/se-realizo-desde-la-legislatura-una-conferencia-virtual-contra-la-violencia-de-genero\\\/#primaryimage\"},\"thumbnailUrl\":\"https:\\\/\\\/cvinoticias.com\\\/wp-content\\\/uploads\\\/2021\\\/08\\\/DSC09747-1000x600-1.jpg\",\"articleSection\":[\"Provinciales\"],\"inLanguage\":\"es\",\"potentialAction\":[{\"@type\":\"CommentAction\",\"name\":\"Comment\",\"target\":[\"https:\\\/\\\/cvinoticias.com\\\/v3\\\/se-realizo-desde-la-legislatura-una-conferencia-virtual-contra-la-violencia-de-genero\\\/#respond\"]}]},{\"@type\":\"WebPage\",\"@id\":\"https:\\\/\\\/cvinoticias.com\\\/v3\\\/se-realizo-desde-la-legislatura-una-conferencia-virtual-contra-la-violencia-de-genero\\\/\",\"url\":\"https:\\\/\\\/cvinoticias.com\\\/v3\\\/se-realizo-desde-la-legislatura-una-conferencia-virtual-contra-la-violencia-de-genero\\\/\",\"name\":\"Se realiz\u00f3 desde la Legislatura una conferencia virtual contra la violencia de g\u00e9nero | CVI NOTICIAS\",\"isPartOf\":{\"@id\":\"https:\\\/\\\/cvinoticias.com\\\/v3\\\/#website\"},\"primaryImageOfPage\":{\"@id\":\"https:\\\/\\\/cvinoticias.com\\\/v3\\\/se-realizo-desde-la-legislatura-una-conferencia-virtual-contra-la-violencia-de-genero\\\/#primaryimage\"},\"image\":{\"@id\":\"https:\\\/\\\/cvinoticias.com\\\/v3\\\/se-realizo-desde-la-legislatura-una-conferencia-virtual-contra-la-violencia-de-genero\\\/#primaryimage\"},\"thumbnailUrl\":\"https:\\\/\\\/cvinoticias.com\\\/wp-content\\\/uploads\\\/2021\\\/08\\\/DSC09747-1000x600-1.jpg\",\"datePublished\":\"2021-08-03T11:15:19+00:00\",\"breadcrumb\":{\"@id\":\"https:\\\/\\\/cvinoticias.com\\\/v3\\\/se-realizo-desde-la-legislatura-una-conferencia-virtual-contra-la-violencia-de-genero\\\/#breadcrumb\"},\"inLanguage\":\"es\",\"potentialAction\":[{\"@type\":\"ReadAction\",\"target\":[\"https:\\\/\\\/cvinoticias.com\\\/v3\\\/se-realizo-desde-la-legislatura-una-conferencia-virtual-contra-la-violencia-de-genero\\\/\"]}]},{\"@type\":\"ImageObject\",\"inLanguage\":\"es\",\"@id\":\"https:\\\/\\\/cvinoticias.com\\\/v3\\\/se-realizo-desde-la-legislatura-una-conferencia-virtual-contra-la-violencia-de-genero\\\/#primaryimage\",\"url\":\"https:\\\/\\\/cvinoticias.com\\\/wp-content\\\/uploads\\\/2021\\\/08\\\/DSC09747-1000x600-1.jpg\",\"contentUrl\":\"https:\\\/\\\/cvinoticias.com\\\/wp-content\\\/uploads\\\/2021\\\/08\\\/DSC09747-1000x600-1.jpg\",\"width\":1000,\"height\":600},{\"@type\":\"BreadcrumbList\",\"@id\":\"https:\\\/\\\/cvinoticias.com\\\/v3\\\/se-realizo-desde-la-legislatura-una-conferencia-virtual-contra-la-violencia-de-genero\\\/#breadcrumb\",\"itemListElement\":[{\"@type\":\"ListItem\",\"position\":1,\"name\":\"Portada\",\"item\":\"https:\\\/\\\/cvinoticias.com\\\/v3\\\/\"},{\"@type\":\"ListItem\",\"position\":2,\"name\":\"Se realiz\u00f3 desde la Legislatura una conferencia virtual contra la violencia de g\u00e9nero\"}]},{\"@type\":\"WebSite\",\"@id\":\"https:\\\/\\\/cvinoticias.com\\\/v3\\\/#website\",\"url\":\"https:\\\/\\\/cvinoticias.com\\\/v3\\\/\",\"name\":\"CVI NOTICIAS\",\"description\":\"\",\"publisher\":{\"@id\":\"https:\\\/\\\/cvinoticias.com\\\/v3\\\/#organization\"},\"alternateName\":\"CVI\",\"potentialAction\":[{\"@type\":\"SearchAction\",\"target\":{\"@type\":\"EntryPoint\",\"urlTemplate\":\"https:\\\/\\\/cvinoticias.com\\\/v3\\\/?s={search_term_string}\"},\"query-input\":{\"@type\":\"PropertyValueSpecification\",\"valueRequired\":true,\"valueName\":\"search_term_string\"}}],\"inLanguage\":\"es\"},{\"@type\":\"Organization\",\"@id\":\"https:\\\/\\\/cvinoticias.com\\\/v3\\\/#organization\",\"name\":\"CVI NOTICIAS\",\"url\":\"https:\\\/\\\/cvinoticias.com\\\/v3\\\/\",\"logo\":{\"@type\":\"ImageObject\",\"inLanguage\":\"es\",\"@id\":\"https:\\\/\\\/cvinoticias.com\\\/v3\\\/#\\\/schema\\\/logo\\\/image\\\/\",\"url\":\"https:\\\/\\\/cvinoticias.com\\\/wp-content\\\/uploads\\\/2023\\\/04\\\/cropped-cropped-cropped-cropped-cropped-3-1.png\",\"contentUrl\":\"https:\\\/\\\/cvinoticias.com\\\/wp-content\\\/uploads\\\/2023\\\/04\\\/cropped-cropped-cropped-cropped-cropped-3-1.png\",\"width\":95,\"height\":122,\"caption\":\"CVI NOTICIAS\"},\"image\":{\"@id\":\"https:\\\/\\\/cvinoticias.com\\\/v3\\\/#\\\/schema\\\/logo\\\/image\\\/\"},\"sameAs\":[\"https:\\\/\\\/www.facebook.com\\\/cvinoticias\",\"https:\\\/\\\/www.instagram.com\\\/cvinoticias\\\/\",\"https:\\\/\\\/www.youtube.com\\\/@CVINOTICIAS\"]},{\"@type\":\"Person\",\"@id\":\"https:\\\/\\\/cvinoticias.com\\\/v3\\\/#\\\/schema\\\/person\\\/2db77e3c6bc03c538495d7b2b8be9b66\",\"name\":\"f1000024\",\"image\":{\"@type\":\"ImageObject\",\"inLanguage\":\"es\",\"@id\":\"https:\\\/\\\/secure.gravatar.com\\\/avatar\\\/d4fe7459cfc51ff5129ce1a732bbef5928568b8092d412ef95611616376bbeed?s=96&d=mm&r=g\",\"url\":\"https:\\\/\\\/secure.gravatar.com\\\/avatar\\\/d4fe7459cfc51ff5129ce1a732bbef5928568b8092d412ef95611616376bbeed?s=96&d=mm&r=g\",\"contentUrl\":\"https:\\\/\\\/secure.gravatar.com\\\/avatar\\\/d4fe7459cfc51ff5129ce1a732bbef5928568b8092d412ef95611616376bbeed?s=96&d=mm&r=g\",\"caption\":\"f1000024\"},\"url\":\"https:\\\/\\\/cvinoticias.com\\\/v3\\\/author\\\/f1000024\\\/\"}]}<\/script>\n<!-- \/ Yoast SEO plugin. -->","yoast_head_json":{"title":"Se realiz\u00f3 desde la Legislatura una conferencia virtual contra la violencia de g\u00e9nero | CVI NOTICIAS","robots":{"index":"index","follow":"follow","max-snippet":"max-snippet:-1","max-image-preview":"max-image-preview:large","max-video-preview":"max-video-preview:-1"},"canonical":"https:\/\/cvinoticias.com\/v3\/se-realizo-desde-la-legislatura-una-conferencia-virtual-contra-la-violencia-de-genero\/","og_locale":"es_ES","og_type":"article","og_title":"Se realiz\u00f3 desde la Legislatura una conferencia virtual contra la violencia de g\u00e9nero | CVI NOTICIAS","og_description":"La actividad se encuadr\u00f3 en el lema del 2021 como \u201cA\u00f1o contra la Violencia por motivos de G\u00e9nero en todas sus formas\u201d. En esta oportunidad, la tem\u00e1tica fueron las Pol\u00edticas P\u00fablicas Misioneras con Perspectiva de G\u00e9nero. La transmisi\u00f3n se realiz\u00f3 a trav\u00e9s del canal de Youtube \u201cParlamento Misionero\u201d. Las disertantes fueron las ministras de Desarrollo [&hellip;]","og_url":"https:\/\/cvinoticias.com\/v3\/se-realizo-desde-la-legislatura-una-conferencia-virtual-contra-la-violencia-de-genero\/","og_site_name":"CVI NOTICIAS","article_publisher":"https:\/\/www.facebook.com\/cvinoticias","article_published_time":"2021-08-03T11:15:19+00:00","og_image":[{"width":1000,"height":600,"url":"https:\/\/cvinoticias.com\/wp-content\/uploads\/2021\/08\/DSC09747-1000x600-1.jpg","type":"image\/jpeg"}],"author":"f1000024","twitter_card":"summary_large_image","twitter_misc":{"Escrito por":"f1000024","Tiempo de lectura":"5 minutos"},"schema":{"@context":"https:\/\/schema.org","@graph":[{"@type":"Article","@id":"https:\/\/cvinoticias.com\/v3\/se-realizo-desde-la-legislatura-una-conferencia-virtual-contra-la-violencia-de-genero\/#article","isPartOf":{"@id":"https:\/\/cvinoticias.com\/v3\/se-realizo-desde-la-legislatura-una-conferencia-virtual-contra-la-violencia-de-genero\/"},"author":{"name":"f1000024","@id":"https:\/\/cvinoticias.com\/v3\/#\/schema\/person\/2db77e3c6bc03c538495d7b2b8be9b66"},"headline":"Se realiz\u00f3 desde la Legislatura una conferencia virtual contra la violencia de g\u00e9nero","datePublished":"2021-08-03T11:15:19+00:00","mainEntityOfPage":{"@id":"https:\/\/cvinoticias.com\/v3\/se-realizo-desde-la-legislatura-una-conferencia-virtual-contra-la-violencia-de-genero\/"},"wordCount":947,"commentCount":0,"publisher":{"@id":"https:\/\/cvinoticias.com\/v3\/#organization"},"image":{"@id":"https:\/\/cvinoticias.com\/v3\/se-realizo-desde-la-legislatura-una-conferencia-virtual-contra-la-violencia-de-genero\/#primaryimage"},"thumbnailUrl":"https:\/\/cvinoticias.com\/wp-content\/uploads\/2021\/08\/DSC09747-1000x600-1.jpg","articleSection":["Provinciales"],"inLanguage":"es","potentialAction":[{"@type":"CommentAction","name":"Comment","target":["https:\/\/cvinoticias.com\/v3\/se-realizo-desde-la-legislatura-una-conferencia-virtual-contra-la-violencia-de-genero\/#respond"]}]},{"@type":"WebPage","@id":"https:\/\/cvinoticias.com\/v3\/se-realizo-desde-la-legislatura-una-conferencia-virtual-contra-la-violencia-de-genero\/","url":"https:\/\/cvinoticias.com\/v3\/se-realizo-desde-la-legislatura-una-conferencia-virtual-contra-la-violencia-de-genero\/","name":"Se realiz\u00f3 desde la Legislatura una conferencia virtual contra la violencia de g\u00e9nero | CVI NOTICIAS","isPartOf":{"@id":"https:\/\/cvinoticias.com\/v3\/#website"},"primaryImageOfPage":{"@id":"https:\/\/cvinoticias.com\/v3\/se-realizo-desde-la-legislatura-una-conferencia-virtual-contra-la-violencia-de-genero\/#primaryimage"},"image":{"@id":"https:\/\/cvinoticias.com\/v3\/se-realizo-desde-la-legislatura-una-conferencia-virtual-contra-la-violencia-de-genero\/#primaryimage"},"thumbnailUrl":"https:\/\/cvinoticias.com\/wp-content\/uploads\/2021\/08\/DSC09747-1000x600-1.jpg","datePublished":"2021-08-03T11:15:19+00:00","breadcrumb":{"@id":"https:\/\/cvinoticias.com\/v3\/se-realizo-desde-la-legislatura-una-conferencia-virtual-contra-la-violencia-de-genero\/#breadcrumb"},"inLanguage":"es","potentialAction":[{"@type":"ReadAction","target":["https:\/\/cvinoticias.com\/v3\/se-realizo-desde-la-legislatura-una-conferencia-virtual-contra-la-violencia-de-genero\/"]}]},{"@type":"ImageObject","inLanguage":"es","@id":"https:\/\/cvinoticias.com\/v3\/se-realizo-desde-la-legislatura-una-conferencia-virtual-contra-la-violencia-de-genero\/#primaryimage","url":"https:\/\/cvinoticias.com\/wp-content\/uploads\/2021\/08\/DSC09747-1000x600-1.jpg","contentUrl":"https:\/\/cvinoticias.com\/wp-content\/uploads\/2021\/08\/DSC09747-1000x600-1.jpg","width":1000,"height":600},{"@type":"BreadcrumbList","@id":"https:\/\/cvinoticias.com\/v3\/se-realizo-desde-la-legislatura-una-conferencia-virtual-contra-la-violencia-de-genero\/#breadcrumb","itemListElement":[{"@type":"ListItem","position":1,"name":"Portada","item":"https:\/\/cvinoticias.com\/v3\/"},{"@type":"ListItem","position":2,"name":"Se realiz\u00f3 desde la Legislatura una conferencia virtual contra la violencia de g\u00e9nero"}]},{"@type":"WebSite","@id":"https:\/\/cvinoticias.com\/v3\/#website","url":"https:\/\/cvinoticias.com\/v3\/","name":"CVI NOTICIAS","description":"","publisher":{"@id":"https:\/\/cvinoticias.com\/v3\/#organization"},"alternateName":"CVI","potentialAction":[{"@type":"SearchAction","target":{"@type":"EntryPoint","urlTemplate":"https:\/\/cvinoticias.com\/v3\/?s={search_term_string}"},"query-input":{"@type":"PropertyValueSpecification","valueRequired":true,"valueName":"search_term_string"}}],"inLanguage":"es"},{"@type":"Organization","@id":"https:\/\/cvinoticias.com\/v3\/#organization","name":"CVI NOTICIAS","url":"https:\/\/cvinoticias.com\/v3\/","logo":{"@type":"ImageObject","inLanguage":"es","@id":"https:\/\/cvinoticias.com\/v3\/#\/schema\/logo\/image\/","url":"https:\/\/cvinoticias.com\/wp-content\/uploads\/2023\/04\/cropped-cropped-cropped-cropped-cropped-3-1.png","contentUrl":"https:\/\/cvinoticias.com\/wp-content\/uploads\/2023\/04\/cropped-cropped-cropped-cropped-cropped-3-1.png","width":95,"height":122,"caption":"CVI NOTICIAS"},"image":{"@id":"https:\/\/cvinoticias.com\/v3\/#\/schema\/logo\/image\/"},"sameAs":["https:\/\/www.facebook.com\/cvinoticias","https:\/\/www.instagram.com\/cvinoticias\/","https:\/\/www.youtube.com\/@CVINOTICIAS"]},{"@type":"Person","@id":"https:\/\/cvinoticias.com\/v3\/#\/schema\/person\/2db77e3c6bc03c538495d7b2b8be9b66","name":"f1000024","image":{"@type":"ImageObject","inLanguage":"es","@id":"https:\/\/secure.gravatar.com\/avatar\/d4fe7459cfc51ff5129ce1a732bbef5928568b8092d412ef95611616376bbeed?s=96&d=mm&r=g","url":"https:\/\/secure.gravatar.com\/avatar\/d4fe7459cfc51ff5129ce1a732bbef5928568b8092d412ef95611616376bbeed?s=96&d=mm&r=g","contentUrl":"https:\/\/secure.gravatar.com\/avatar\/d4fe7459cfc51ff5129ce1a732bbef5928568b8092d412ef95611616376bbeed?s=96&d=mm&r=g","caption":"f1000024"},"url":"https:\/\/cvinoticias.com\/v3\/author\/f1000024\/"}]}},"_links":{"self":[{"href":"https:\/\/cvinoticias.com\/v3\/wp-json\/wp\/v2\/posts\/7332","targetHints":{"allow":["GET"]}}],"collection":[{"href":"https:\/\/cvinoticias.com\/v3\/wp-json\/wp\/v2\/posts"}],"about":[{"href":"https:\/\/cvinoticias.com\/v3\/wp-json\/wp\/v2\/types\/post"}],"author":[{"embeddable":true,"href":"https:\/\/cvinoticias.com\/v3\/wp-json\/wp\/v2\/users\/2"}],"replies":[{"embeddable":true,"href":"https:\/\/cvinoticias.com\/v3\/wp-json\/wp\/v2\/comments?post=7332"}],"version-history":[{"count":1,"href":"https:\/\/cvinoticias.com\/v3\/wp-json\/wp\/v2\/posts\/7332\/revisions"}],"predecessor-version":[{"id":7334,"href":"https:\/\/cvinoticias.com\/v3\/wp-json\/wp\/v2\/posts\/7332\/revisions\/7334"}],"wp:featuredmedia":[{"embeddable":true,"href":"https:\/\/cvinoticias.com\/v3\/wp-json\/wp\/v2\/media\/7333"}],"wp:attachment":[{"href":"https:\/\/cvinoticias.com\/v3\/wp-json\/wp\/v2\/media?parent=7332"}],"wp:term":[{"taxonomy":"category","embeddable":true,"href":"https:\/\/cvinoticias.com\/v3\/wp-json\/wp\/v2\/categories?post=7332"},{"taxonomy":"post_tag","embeddable":true,"href":"https:\/\/cvinoticias.com\/v3\/wp-json\/wp\/v2\/tags?post=7332"}],"curies":[{"name":"wp","href":"https:\/\/api.w.org\/{rel}","templated":true}]}}