{"id":7329,"date":"2021-08-03T10:45:02","date_gmt":"2021-08-03T10:45:02","guid":{"rendered":"https:\/\/cvinoticias.com\/v3\/?p=7329"},"modified":"2021-08-03T10:45:02","modified_gmt":"2021-08-03T10:45:02","slug":"pami-pagara-la-sexta-cuota-del-programa-alimentario","status":"publish","type":"post","link":"https:\/\/cvinoticias.com\/v3\/pami-pagara-la-sexta-cuota-del-programa-alimentario\/","title":{"rendered":"PAMI pagar\u00e1 la sexta cuota del Programa Alimentario"},"content":{"rendered":"\n<p><strong><em>El Programa de Atenci\u00f3n M\u00e9dica Integral\u00a0(PAMI) inform\u00f3 este lunes que pagar\u00e1 por sexta vez una suma fija y extraordinaria a 600.000 personas afiliadas destinatarias del Programa Alimentario.<\/em><\/strong><\/p>\n\n\n\n<p>Este pago se implementa\u00a0en reemplazo de los bolsones de alimentos\u00a0que se distribu\u00edan a trav\u00e9s de centros de jubilados y pensionados que por la pandemia deben permanecer cerrados.<\/p>\n\n\n\n<p>Los montos que percibir\u00e1n las personas afiliadas parten de $3.000 pero la asistencia puede ser mayor, ya que esa suma se ajusta al tipo de bols\u00f3n que se otorga y a la ubicaci\u00f3n geogr\u00e1fica del beneficiario.<\/p>\n\n\n\n<p>PAMI puso en marcha esta medida desde el inicio de la pandemia para atender la demanda\u00a0hasta que se restablezca la entrega de los bolsones de alimentos en los centros de jubilados y pensionados.\u00a0<\/p>\n\n\n\n<p>A trav\u00e9s de un convenio con la Administraci\u00f3n Nacional de la Seguridad Social (ANSES), PAMI incorpor\u00f3 este pago al cobro de haberes de las personas afiliadas titulares de la prestaci\u00f3n que ver\u00e1n el detalle en su recibo.\u00a0El monto se abonar\u00e1 de acuerdo a la terminaci\u00f3n del DNI seg\u00fan un calendario diagramado\u00a0para garantizar el distanciamiento f\u00edsico.<\/p>\n","protected":false},"excerpt":{"rendered":"<p>El Programa de Atenci\u00f3n M\u00e9dica Integral\u00a0(PAMI) inform\u00f3 este lunes que pagar\u00e1 por sexta vez una suma fija y extraordinaria a 600.000 personas afiliadas destinatarias del Programa Alimentario. Este pago se implementa\u00a0en reemplazo de los bolsones de alimentos\u00a0que se distribu\u00edan a trav\u00e9s de centros de jubilados y pensionados que por la pandemia deben permanecer cerrados. Los [&hellip;]<\/p>\n","protected":false},"author":2,"featured_media":7330,"comment_status":"open","ping_status":"open","sticky":false,"template":"","format":"standard","meta":{"footnotes":""},"categories":[35],"tags":[],"class_list":["post-7329","post","type-post","status-publish","format-standard","has-post-thumbnail","hentry","category-informacion-general"],"yoast_head":"<!-- This site is optimized with the Yoast SEO plugin v27.4 - https:\/\/yoast.com\/product\/yoast-seo-wordpress\/ -->\n<title>PAMI pagar\u00e1 la sexta cuota del Programa Alimentario | CVI NOTICIAS<\/title>\n<meta name=\"robots\" content=\"index, follow, max-snippet:-1, max-image-preview:large, max-video-preview:-1\" \/>\n<link rel=\"canonical\" href=\"https:\/\/cvinoticias.com\/v3\/pami-pagara-la-sexta-cuota-del-programa-alimentario\/\" \/>\n<meta property=\"og:locale\" content=\"es_ES\" \/>\n<meta property=\"og:type\" content=\"article\" \/>\n<meta property=\"og:title\" content=\"PAMI pagar\u00e1 la sexta cuota del Programa Alimentario | CVI NOTICIAS\" \/>\n<meta property=\"og:description\" content=\"El Programa de Atenci\u00f3n M\u00e9dica Integral\u00a0(PAMI) inform\u00f3 este lunes que pagar\u00e1 por sexta vez una suma fija y extraordinaria a 600.000 personas afiliadas destinatarias del Programa Alimentario. Este pago se implementa\u00a0en reemplazo de los bolsones de alimentos\u00a0que se distribu\u00edan a trav\u00e9s de centros de jubilados y pensionados que por la pandemia deben permanecer cerrados. Los [&hellip;]\" \/>\n<meta property=\"og:url\" content=\"https:\/\/cvinoticias.com\/v3\/pami-pagara-la-sexta-cuota-del-programa-alimentario\/\" \/>\n<meta property=\"og:site_name\" content=\"CVI NOTICIAS\" \/>\n<meta property=\"article:publisher\" content=\"https:\/\/www.facebook.com\/cvinoticias\" \/>\n<meta property=\"article:published_time\" content=\"2021-08-03T10:45:02+00:00\" \/>\n<meta property=\"og:image\" content=\"https:\/\/cvinoticias.com\/wp-content\/uploads\/2021\/08\/PAMI-850x560-1.jpg\" \/>\n\t<meta property=\"og:image:width\" content=\"850\" \/>\n\t<meta property=\"og:image:height\" content=\"560\" \/>\n\t<meta property=\"og:image:type\" content=\"image\/jpeg\" \/>\n<meta name=\"author\" content=\"f1000024\" \/>\n<meta name=\"twitter:card\" content=\"summary_large_image\" \/>\n<meta name=\"twitter:label1\" content=\"Escrito por\" \/>\n\t<meta name=\"twitter:data1\" content=\"f1000024\" \/>\n\t<meta name=\"twitter:label2\" content=\"Tiempo de lectura\" \/>\n\t<meta name=\"twitter:data2\" content=\"1 minuto\" \/>\n<script type=\"application\/ld+json\" class=\"yoast-schema-graph\">{\"@context\":\"https:\\\/\\\/schema.org\",\"@graph\":[{\"@type\":\"Article\",\"@id\":\"https:\\\/\\\/cvinoticias.com\\\/v3\\\/pami-pagara-la-sexta-cuota-del-programa-alimentario\\\/#article\",\"isPartOf\":{\"@id\":\"https:\\\/\\\/cvinoticias.com\\\/v3\\\/pami-pagara-la-sexta-cuota-del-programa-alimentario\\\/\"},\"author\":{\"name\":\"f1000024\",\"@id\":\"https:\\\/\\\/cvinoticias.com\\\/v3\\\/#\\\/schema\\\/person\\\/2db77e3c6bc03c538495d7b2b8be9b66\"},\"headline\":\"PAMI pagar\u00e1 la sexta cuota del Programa Alimentario\",\"datePublished\":\"2021-08-03T10:45:02+00:00\",\"mainEntityOfPage\":{\"@id\":\"https:\\\/\\\/cvinoticias.com\\\/v3\\\/pami-pagara-la-sexta-cuota-del-programa-alimentario\\\/\"},\"wordCount\":205,\"commentCount\":0,\"publisher\":{\"@id\":\"https:\\\/\\\/cvinoticias.com\\\/v3\\\/#organization\"},\"image\":{\"@id\":\"https:\\\/\\\/cvinoticias.com\\\/v3\\\/pami-pagara-la-sexta-cuota-del-programa-alimentario\\\/#primaryimage\"},\"thumbnailUrl\":\"https:\\\/\\\/cvinoticias.com\\\/wp-content\\\/uploads\\\/2021\\\/08\\\/PAMI-850x560-1.jpg\",\"articleSection\":[\"Informaci\u00f3n General\"],\"inLanguage\":\"es\",\"potentialAction\":[{\"@type\":\"CommentAction\",\"name\":\"Comment\",\"target\":[\"https:\\\/\\\/cvinoticias.com\\\/v3\\\/pami-pagara-la-sexta-cuota-del-programa-alimentario\\\/#respond\"]}]},{\"@type\":\"WebPage\",\"@id\":\"https:\\\/\\\/cvinoticias.com\\\/v3\\\/pami-pagara-la-sexta-cuota-del-programa-alimentario\\\/\",\"url\":\"https:\\\/\\\/cvinoticias.com\\\/v3\\\/pami-pagara-la-sexta-cuota-del-programa-alimentario\\\/\",\"name\":\"PAMI pagar\u00e1 la sexta cuota del Programa Alimentario | CVI NOTICIAS\",\"isPartOf\":{\"@id\":\"https:\\\/\\\/cvinoticias.com\\\/v3\\\/#website\"},\"primaryImageOfPage\":{\"@id\":\"https:\\\/\\\/cvinoticias.com\\\/v3\\\/pami-pagara-la-sexta-cuota-del-programa-alimentario\\\/#primaryimage\"},\"image\":{\"@id\":\"https:\\\/\\\/cvinoticias.com\\\/v3\\\/pami-pagara-la-sexta-cuota-del-programa-alimentario\\\/#primaryimage\"},\"thumbnailUrl\":\"https:\\\/\\\/cvinoticias.com\\\/wp-content\\\/uploads\\\/2021\\\/08\\\/PAMI-850x560-1.jpg\",\"datePublished\":\"2021-08-03T10:45:02+00:00\",\"breadcrumb\":{\"@id\":\"https:\\\/\\\/cvinoticias.com\\\/v3\\\/pami-pagara-la-sexta-cuota-del-programa-alimentario\\\/#breadcrumb\"},\"inLanguage\":\"es\",\"potentialAction\":[{\"@type\":\"ReadAction\",\"target\":[\"https:\\\/\\\/cvinoticias.com\\\/v3\\\/pami-pagara-la-sexta-cuota-del-programa-alimentario\\\/\"]}]},{\"@type\":\"ImageObject\",\"inLanguage\":\"es\",\"@id\":\"https:\\\/\\\/cvinoticias.com\\\/v3\\\/pami-pagara-la-sexta-cuota-del-programa-alimentario\\\/#primaryimage\",\"url\":\"https:\\\/\\\/cvinoticias.com\\\/wp-content\\\/uploads\\\/2021\\\/08\\\/PAMI-850x560-1.jpg\",\"contentUrl\":\"https:\\\/\\\/cvinoticias.com\\\/wp-content\\\/uploads\\\/2021\\\/08\\\/PAMI-850x560-1.jpg\",\"width\":850,\"height\":560},{\"@type\":\"BreadcrumbList\",\"@id\":\"https:\\\/\\\/cvinoticias.com\\\/v3\\\/pami-pagara-la-sexta-cuota-del-programa-alimentario\\\/#breadcrumb\",\"itemListElement\":[{\"@type\":\"ListItem\",\"position\":1,\"name\":\"Portada\",\"item\":\"https:\\\/\\\/cvinoticias.com\\\/v3\\\/\"},{\"@type\":\"ListItem\",\"position\":2,\"name\":\"PAMI pagar\u00e1 la sexta cuota del Programa Alimentario\"}]},{\"@type\":\"WebSite\",\"@id\":\"https:\\\/\\\/cvinoticias.com\\\/v3\\\/#website\",\"url\":\"https:\\\/\\\/cvinoticias.com\\\/v3\\\/\",\"name\":\"CVI NOTICIAS\",\"description\":\"\",\"publisher\":{\"@id\":\"https:\\\/\\\/cvinoticias.com\\\/v3\\\/#organization\"},\"alternateName\":\"CVI\",\"potentialAction\":[{\"@type\":\"SearchAction\",\"target\":{\"@type\":\"EntryPoint\",\"urlTemplate\":\"https:\\\/\\\/cvinoticias.com\\\/v3\\\/?s={search_term_string}\"},\"query-input\":{\"@type\":\"PropertyValueSpecification\",\"valueRequired\":true,\"valueName\":\"search_term_string\"}}],\"inLanguage\":\"es\"},{\"@type\":\"Organization\",\"@id\":\"https:\\\/\\\/cvinoticias.com\\\/v3\\\/#organization\",\"name\":\"CVI NOTICIAS\",\"url\":\"https:\\\/\\\/cvinoticias.com\\\/v3\\\/\",\"logo\":{\"@type\":\"ImageObject\",\"inLanguage\":\"es\",\"@id\":\"https:\\\/\\\/cvinoticias.com\\\/v3\\\/#\\\/schema\\\/logo\\\/image\\\/\",\"url\":\"https:\\\/\\\/cvinoticias.com\\\/wp-content\\\/uploads\\\/2023\\\/04\\\/cropped-cropped-cropped-cropped-cropped-3-1.png\",\"contentUrl\":\"https:\\\/\\\/cvinoticias.com\\\/wp-content\\\/uploads\\\/2023\\\/04\\\/cropped-cropped-cropped-cropped-cropped-3-1.png\",\"width\":95,\"height\":122,\"caption\":\"CVI NOTICIAS\"},\"image\":{\"@id\":\"https:\\\/\\\/cvinoticias.com\\\/v3\\\/#\\\/schema\\\/logo\\\/image\\\/\"},\"sameAs\":[\"https:\\\/\\\/www.facebook.com\\\/cvinoticias\",\"https:\\\/\\\/www.instagram.com\\\/cvinoticias\\\/\",\"https:\\\/\\\/www.youtube.com\\\/@CVINOTICIAS\"]},{\"@type\":\"Person\",\"@id\":\"https:\\\/\\\/cvinoticias.com\\\/v3\\\/#\\\/schema\\\/person\\\/2db77e3c6bc03c538495d7b2b8be9b66\",\"name\":\"f1000024\",\"image\":{\"@type\":\"ImageObject\",\"inLanguage\":\"es\",\"@id\":\"https:\\\/\\\/secure.gravatar.com\\\/avatar\\\/d4fe7459cfc51ff5129ce1a732bbef5928568b8092d412ef95611616376bbeed?s=96&d=mm&r=g\",\"url\":\"https:\\\/\\\/secure.gravatar.com\\\/avatar\\\/d4fe7459cfc51ff5129ce1a732bbef5928568b8092d412ef95611616376bbeed?s=96&d=mm&r=g\",\"contentUrl\":\"https:\\\/\\\/secure.gravatar.com\\\/avatar\\\/d4fe7459cfc51ff5129ce1a732bbef5928568b8092d412ef95611616376bbeed?s=96&d=mm&r=g\",\"caption\":\"f1000024\"},\"url\":\"https:\\\/\\\/cvinoticias.com\\\/v3\\\/author\\\/f1000024\\\/\"}]}<\/script>\n<!-- \/ Yoast SEO plugin. -->","yoast_head_json":{"title":"PAMI pagar\u00e1 la sexta cuota del Programa Alimentario | CVI NOTICIAS","robots":{"index":"index","follow":"follow","max-snippet":"max-snippet:-1","max-image-preview":"max-image-preview:large","max-video-preview":"max-video-preview:-1"},"canonical":"https:\/\/cvinoticias.com\/v3\/pami-pagara-la-sexta-cuota-del-programa-alimentario\/","og_locale":"es_ES","og_type":"article","og_title":"PAMI pagar\u00e1 la sexta cuota del Programa Alimentario | CVI NOTICIAS","og_description":"El Programa de Atenci\u00f3n M\u00e9dica Integral\u00a0(PAMI) inform\u00f3 este lunes que pagar\u00e1 por sexta vez una suma fija y extraordinaria a 600.000 personas afiliadas destinatarias del Programa Alimentario. Este pago se implementa\u00a0en reemplazo de los bolsones de alimentos\u00a0que se distribu\u00edan a trav\u00e9s de centros de jubilados y pensionados que por la pandemia deben permanecer cerrados. Los [&hellip;]","og_url":"https:\/\/cvinoticias.com\/v3\/pami-pagara-la-sexta-cuota-del-programa-alimentario\/","og_site_name":"CVI NOTICIAS","article_publisher":"https:\/\/www.facebook.com\/cvinoticias","article_published_time":"2021-08-03T10:45:02+00:00","og_image":[{"width":850,"height":560,"url":"https:\/\/cvinoticias.com\/wp-content\/uploads\/2021\/08\/PAMI-850x560-1.jpg","type":"image\/jpeg"}],"author":"f1000024","twitter_card":"summary_large_image","twitter_misc":{"Escrito por":"f1000024","Tiempo de lectura":"1 minuto"},"schema":{"@context":"https:\/\/schema.org","@graph":[{"@type":"Article","@id":"https:\/\/cvinoticias.com\/v3\/pami-pagara-la-sexta-cuota-del-programa-alimentario\/#article","isPartOf":{"@id":"https:\/\/cvinoticias.com\/v3\/pami-pagara-la-sexta-cuota-del-programa-alimentario\/"},"author":{"name":"f1000024","@id":"https:\/\/cvinoticias.com\/v3\/#\/schema\/person\/2db77e3c6bc03c538495d7b2b8be9b66"},"headline":"PAMI pagar\u00e1 la sexta cuota del Programa Alimentario","datePublished":"2021-08-03T10:45:02+00:00","mainEntityOfPage":{"@id":"https:\/\/cvinoticias.com\/v3\/pami-pagara-la-sexta-cuota-del-programa-alimentario\/"},"wordCount":205,"commentCount":0,"publisher":{"@id":"https:\/\/cvinoticias.com\/v3\/#organization"},"image":{"@id":"https:\/\/cvinoticias.com\/v3\/pami-pagara-la-sexta-cuota-del-programa-alimentario\/#primaryimage"},"thumbnailUrl":"https:\/\/cvinoticias.com\/wp-content\/uploads\/2021\/08\/PAMI-850x560-1.jpg","articleSection":["Informaci\u00f3n General"],"inLanguage":"es","potentialAction":[{"@type":"CommentAction","name":"Comment","target":["https:\/\/cvinoticias.com\/v3\/pami-pagara-la-sexta-cuota-del-programa-alimentario\/#respond"]}]},{"@type":"WebPage","@id":"https:\/\/cvinoticias.com\/v3\/pami-pagara-la-sexta-cuota-del-programa-alimentario\/","url":"https:\/\/cvinoticias.com\/v3\/pami-pagara-la-sexta-cuota-del-programa-alimentario\/","name":"PAMI pagar\u00e1 la sexta cuota del Programa Alimentario | CVI NOTICIAS","isPartOf":{"@id":"https:\/\/cvinoticias.com\/v3\/#website"},"primaryImageOfPage":{"@id":"https:\/\/cvinoticias.com\/v3\/pami-pagara-la-sexta-cuota-del-programa-alimentario\/#primaryimage"},"image":{"@id":"https:\/\/cvinoticias.com\/v3\/pami-pagara-la-sexta-cuota-del-programa-alimentario\/#primaryimage"},"thumbnailUrl":"https:\/\/cvinoticias.com\/wp-content\/uploads\/2021\/08\/PAMI-850x560-1.jpg","datePublished":"2021-08-03T10:45:02+00:00","breadcrumb":{"@id":"https:\/\/cvinoticias.com\/v3\/pami-pagara-la-sexta-cuota-del-programa-alimentario\/#breadcrumb"},"inLanguage":"es","potentialAction":[{"@type":"ReadAction","target":["https:\/\/cvinoticias.com\/v3\/pami-pagara-la-sexta-cuota-del-programa-alimentario\/"]}]},{"@type":"ImageObject","inLanguage":"es","@id":"https:\/\/cvinoticias.com\/v3\/pami-pagara-la-sexta-cuota-del-programa-alimentario\/#primaryimage","url":"https:\/\/cvinoticias.com\/wp-content\/uploads\/2021\/08\/PAMI-850x560-1.jpg","contentUrl":"https:\/\/cvinoticias.com\/wp-content\/uploads\/2021\/08\/PAMI-850x560-1.jpg","width":850,"height":560},{"@type":"BreadcrumbList","@id":"https:\/\/cvinoticias.com\/v3\/pami-pagara-la-sexta-cuota-del-programa-alimentario\/#breadcrumb","itemListElement":[{"@type":"ListItem","position":1,"name":"Portada","item":"https:\/\/cvinoticias.com\/v3\/"},{"@type":"ListItem","position":2,"name":"PAMI pagar\u00e1 la sexta cuota del Programa Alimentario"}]},{"@type":"WebSite","@id":"https:\/\/cvinoticias.com\/v3\/#website","url":"https:\/\/cvinoticias.com\/v3\/","name":"CVI NOTICIAS","description":"","publisher":{"@id":"https:\/\/cvinoticias.com\/v3\/#organization"},"alternateName":"CVI","potentialAction":[{"@type":"SearchAction","target":{"@type":"EntryPoint","urlTemplate":"https:\/\/cvinoticias.com\/v3\/?s={search_term_string}"},"query-input":{"@type":"PropertyValueSpecification","valueRequired":true,"valueName":"search_term_string"}}],"inLanguage":"es"},{"@type":"Organization","@id":"https:\/\/cvinoticias.com\/v3\/#organization","name":"CVI NOTICIAS","url":"https:\/\/cvinoticias.com\/v3\/","logo":{"@type":"ImageObject","inLanguage":"es","@id":"https:\/\/cvinoticias.com\/v3\/#\/schema\/logo\/image\/","url":"https:\/\/cvinoticias.com\/wp-content\/uploads\/2023\/04\/cropped-cropped-cropped-cropped-cropped-3-1.png","contentUrl":"https:\/\/cvinoticias.com\/wp-content\/uploads\/2023\/04\/cropped-cropped-cropped-cropped-cropped-3-1.png","width":95,"height":122,"caption":"CVI NOTICIAS"},"image":{"@id":"https:\/\/cvinoticias.com\/v3\/#\/schema\/logo\/image\/"},"sameAs":["https:\/\/www.facebook.com\/cvinoticias","https:\/\/www.instagram.com\/cvinoticias\/","https:\/\/www.youtube.com\/@CVINOTICIAS"]},{"@type":"Person","@id":"https:\/\/cvinoticias.com\/v3\/#\/schema\/person\/2db77e3c6bc03c538495d7b2b8be9b66","name":"f1000024","image":{"@type":"ImageObject","inLanguage":"es","@id":"https:\/\/secure.gravatar.com\/avatar\/d4fe7459cfc51ff5129ce1a732bbef5928568b8092d412ef95611616376bbeed?s=96&d=mm&r=g","url":"https:\/\/secure.gravatar.com\/avatar\/d4fe7459cfc51ff5129ce1a732bbef5928568b8092d412ef95611616376bbeed?s=96&d=mm&r=g","contentUrl":"https:\/\/secure.gravatar.com\/avatar\/d4fe7459cfc51ff5129ce1a732bbef5928568b8092d412ef95611616376bbeed?s=96&d=mm&r=g","caption":"f1000024"},"url":"https:\/\/cvinoticias.com\/v3\/author\/f1000024\/"}]}},"_links":{"self":[{"href":"https:\/\/cvinoticias.com\/v3\/wp-json\/wp\/v2\/posts\/7329","targetHints":{"allow":["GET"]}}],"collection":[{"href":"https:\/\/cvinoticias.com\/v3\/wp-json\/wp\/v2\/posts"}],"about":[{"href":"https:\/\/cvinoticias.com\/v3\/wp-json\/wp\/v2\/types\/post"}],"author":[{"embeddable":true,"href":"https:\/\/cvinoticias.com\/v3\/wp-json\/wp\/v2\/users\/2"}],"replies":[{"embeddable":true,"href":"https:\/\/cvinoticias.com\/v3\/wp-json\/wp\/v2\/comments?post=7329"}],"version-history":[{"count":1,"href":"https:\/\/cvinoticias.com\/v3\/wp-json\/wp\/v2\/posts\/7329\/revisions"}],"predecessor-version":[{"id":7331,"href":"https:\/\/cvinoticias.com\/v3\/wp-json\/wp\/v2\/posts\/7329\/revisions\/7331"}],"wp:featuredmedia":[{"embeddable":true,"href":"https:\/\/cvinoticias.com\/v3\/wp-json\/wp\/v2\/media\/7330"}],"wp:attachment":[{"href":"https:\/\/cvinoticias.com\/v3\/wp-json\/wp\/v2\/media?parent=7329"}],"wp:term":[{"taxonomy":"category","embeddable":true,"href":"https:\/\/cvinoticias.com\/v3\/wp-json\/wp\/v2\/categories?post=7329"},{"taxonomy":"post_tag","embeddable":true,"href":"https:\/\/cvinoticias.com\/v3\/wp-json\/wp\/v2\/tags?post=7329"}],"curies":[{"name":"wp","href":"https:\/\/api.w.org\/{rel}","templated":true}]}}