{"id":7325,"date":"2021-08-03T10:31:44","date_gmt":"2021-08-03T10:31:44","guid":{"rendered":"https:\/\/cvinoticias.com\/v3\/?p=7325"},"modified":"2021-08-03T10:31:44","modified_gmt":"2021-08-03T10:31:44","slug":"comienza-la-inscripcion-para-la-jubilacion-por-hijo-de-anses-como-funciona-el-programa-y-que-impacto-tendra","status":"publish","type":"post","link":"https:\/\/cvinoticias.com\/v3\/comienza-la-inscripcion-para-la-jubilacion-por-hijo-de-anses-como-funciona-el-programa-y-que-impacto-tendra\/","title":{"rendered":"Comienza la inscripci\u00f3n para la jubilaci\u00f3n por hijo de Anses: c\u00f3mo funciona el programa y qu\u00e9 impacto tendr\u00e1"},"content":{"rendered":"\n<p><strong><em>El reconocimiento de aportes beneficiar\u00e1 a 155 mil mujeres y representa una emisi\u00f3n mensual de 3.400 millones de pesos. El 90% de las mujeres participa de tareas de cuidado frente a un 60% de hombres, porcentaje que aumenta su diferencia con la presencia de uno o dos menores de 6 a\u00f1os en el hogar<\/em><\/strong><\/p>\n\n\n\n<p>La Administraci\u00f3n Nacional de la Seguridad Social (\u00a0Anses) dar\u00e1 este martes el puntapi\u00e9 inicial al\u00a0Programa de Reconocimiento de Aportes por Tareas de Cuidado, que implicar\u00e1 un desembolso de\u00a03.400 millones de pesos\u00a0mensuales para\u00a0alcanzar a m\u00e1s de 155.000 personas. Seg\u00fan un informe del Observatorio de Pol\u00edticas P\u00fablicas de la Universidad de Avellaneda (Undav), esta medida \u00abmarca un hito en la Seguridad Social y\u00a0coloca a la Argentina en la vanguardia en materia de derechos previsionales con perspectiva de g\u00e9nero\u00a0con respecto a los dem\u00e1s pa\u00edses de la regi\u00f3n\u00bb, ya que, mientras el 40% de los hombres de 64 a\u00f1os alcanza los 30 a\u00f1os de aportes, solo el 10% de las mujeres de 60 a\u00f1os lo logra.<\/p>\n\n\n\n<p>La Undav remarc\u00f3 que,\u00a0mientras 9 de cada 10 mujeres participan en\u00a0Tareas Dom\u00e9sticas\u00a0y de Cuidado No Remunerado,\u00a0solo 6 de cada 10 varones lo hacen, por lo que este\u00a0reconocimiento de aportes\u00a0constituye \u00abun primer paso para reconocer el valor\u00bb de estas tareas. Cuando hay un menor de 6 a\u00f1os en el hogar aumenta la participaci\u00f3n de ambos sexos, pero la mujer tiene m\u00e1s tareas que le hombre. En cambio, si hay dos menores de 6 a\u00f1os la participaci\u00f3n de la mujer permanece en un 95%, mientras que la del hombre desciende del 64% al 59%.\u00a0<\/p>\n\n\n\n<figure class=\"wp-block-image size-large\"><a href=\"https:\/\/cvinoticias.com\/wp-content\/uploads\/2021\/08\/Screenshot_20210803-072707_Facebook.jpg\"><img decoding=\"async\" width=\"1024\" height=\"678\" data-src=\"https:\/\/cvinoticias.com\/wp-content\/uploads\/2021\/08\/Screenshot_20210803-072707_Facebook-1024x678.jpg\" alt=\"\" class=\"wp-image-7326 lazyload\" data-srcset=\"https:\/\/cvinoticias.com\/wp-content\/uploads\/2021\/08\/Screenshot_20210803-072707_Facebook-1024x678.jpg 1024w, https:\/\/cvinoticias.com\/wp-content\/uploads\/2021\/08\/Screenshot_20210803-072707_Facebook-300x199.jpg 300w, https:\/\/cvinoticias.com\/wp-content\/uploads\/2021\/08\/Screenshot_20210803-072707_Facebook-768x508.jpg 768w, https:\/\/cvinoticias.com\/wp-content\/uploads\/2021\/08\/Screenshot_20210803-072707_Facebook.jpg 1080w\" data-sizes=\"(max-width: 1024px) 100vw, 1024px\" src=\"data:image\/svg+xml;base64,PHN2ZyB3aWR0aD0iMSIgaGVpZ2h0PSIxIiB4bWxucz0iaHR0cDovL3d3dy53My5vcmcvMjAwMC9zdmciPjwvc3ZnPg==\" style=\"--smush-placeholder-width: 1024px; --smush-placeholder-aspect-ratio: 1024\/678;\" \/><\/a><\/figure>\n\n\n\n<p>Por otra parte, el informe detall\u00f3 que\u00a0las mujeres se ven excluidas del acceso pleno al mercado de trabajo, adem\u00e1s de que de cada 100 pesos que gana un var\u00f3n, la mujer gana 78 pesos por el mismo puesto. As\u00ed, \u00abcon los fines de tener mayores ingresos, el var\u00f3n buscar\u00e1 acceder al trabajo remunerado y la mujer quedar\u00e1 a cargo de las tareas de cuidados no remuneradas\u00bb.<\/p>\n\n\n\n<p>Ante esto, los aportes previsionales de las mujeres se ven severamente perjudicados\u00a0por circunstancias que les escapan, como la exclusi\u00f3n en el mercado laboral, la mayor participaci\u00f3n en tareas de cuidado y la menor remuneraci\u00f3n en el trabajo.<\/p>\n\n\n\n<p>Es por esto que las moratorias, espec\u00edficamente la moratoria por Ley 26.970 a partir de 2015 se convirti\u00f3 en la \u00fanica v\u00eda de 1 acceso para millones de mujeres al sistema previsional. En este sentido, se estima que 7 de cada 10 mujeres que perciben una jubilaci\u00f3n pudieron acceder gracias a la moratoria. En contraposici\u00f3n, 4 de cada 10 varones jubilados accedieron a trav\u00e9s de la moratoria\u00bb, explic\u00f3 el documento de la Undav.<\/p>\n\n\n\n<h2 class=\"wp-block-heading\">La moratoria y la formalizaci\u00f3n del empleo<\/h2>\n\n\n\n<p>Como explic\u00f3 la Undav en su informe, actualmente una mujer que cumple 60 a\u00f1os s\u00f3lo puede regularizar hasta 24 a\u00f1os de aportes a partir de 1979, debiendo reunir otros 6 a\u00f1os posteriores a 2003. En 2015, esta moratoria permit\u00eda a las mujeres regularizar hasta 30 a\u00f1os, garantizando un acceso pleno de las mujeres a sus derechos previsionales. Ante esta\u00a0menor capacidad de regularizar aportes a trav\u00e9s de esta moratoria, el porcentaje de mujeres de entre 60 y 64 a\u00f1os que gozan de una jubilaci\u00f3n ha disminuido notablemente en los \u00faltimos a\u00f1os.<\/p>\n\n\n\n<p>Por eso, la pol\u00edtica de reconocimiento de a\u00f1os de aportes por hijos\/as \u00abpermite extender la &#8216;vida \u00fatil&#8217;\u00a0de esta moratoria\u00a0al brindar la posibilidad de complementar los a\u00f1os regularizables con los a\u00f1os que reconoce la pol\u00edtica\u00bb.<\/p>\n\n\n\n<p>Adem\u00e1s de esto, el documento enfatiz\u00f3 que las moratorias no desincentivaron la formalizaci\u00f3n del empleo, sino que, \u00abel efecto de las moratorias pareciera ser el opuesto al esgrimido\u00a0por los detractores de las moratorias\u00bb.\u00a0<\/p>\n\n\n\n<p>Aunque las moratorias \u00absiguen siendo la principal herramienta de acceso al sistema previsional, cada vez tienen menos potencia\u00bb:&nbsp;Hacia 2015, casi 9 de cada 10 altas de nuevas jubilaciones fueron por moratoria. En la actualidad, casi 6 de cada 10 son jubilaciones por moratorias.<\/p>\n\n\n\n<p>En este sentido, \u00abla pol\u00edtica de reconocimiento de aportes por hijos\/as\u00a0potenciar\u00e1 a las moratorias para que, nuevamente, sean una v\u00eda de\u00a0inclusi\u00f3n masiva, en este caso, focalizado en las mujeres, que son quienes enfrentan a lo largo de sus vidas peores condiciones de inserci\u00f3n en el mercado de trabajo\u00bb.<\/p>\n\n\n\n<h2 class=\"wp-block-heading\">El impacto de la jubilaci\u00f3n por hijo de\u00a0Anses<\/h2>\n\n\n\n<p>Seg\u00fan detall\u00f3 la Undav, este programa \u00abpermitir\u00e1 jubilarse a 155 mil mujeres que, de otra forma, no hubiesen podido acceder a una jubilaci\u00f3n ordinaria o deber\u00edan haber esperado a cumplir los 65 a\u00f1os para acceder a una prestaci\u00f3n inferior al haber m\u00ednimo como la PUAM\u00bb. Sin embargo, tambi\u00e9n significa que\u00a0el Estado estar\u00eda \u00abrenunciando\u00bb a\u00a03.700 millones de pesos, un valor \u00absubestimado\u00bb porque\u00a0\u00abno considera los aportes adicionales de la pol\u00edtica por haber percibido la AUH durante al menos 12 meses ni por discapacidad, ni tampoco los 9 meses de licencia y excedencia que reconoce la pol\u00edtica\u00bb.<\/p>\n\n\n\n<p>\u00abA\u00fan as\u00ed, suponiendo que todas ellas se incorporasen de forma inmediata, la inversi\u00f3n mensual total ascender\u00eda a $3.400 millones. Cabe destacar que, muchas de ellas gracias al c\u00f3mputo de aportes por excedencia\u00a0podr\u00edan igualmente jubilarse en los pr\u00f3ximos a\u00f1os y que todas ellas cuando cumplieran los 65 a\u00f1os podr\u00edan acceder a la PUAM\u00bb, continu\u00f3 el informe.<\/p>\n\n\n\n<p>Por todo esto, la Undav concluy\u00f3 en que la medida \u00bb \u00fanicamente estar\u00eda adelantando un gasto futuro\u00bb, aunque, durante ese tiempo, \u00ablas nuevas madres jubiladas gozar\u00e1n de sus derechos plenos que les garantiza la cobertura previsional y, adem\u00e1s, de\u00a0un ingreso que les permitir\u00e1 mejorar su bienestar\u00bb.<\/p>\n\n\n\n<p>En este sentido, el inform\u00e9 estim\u00f3 que ese ingreso \u00abprobablemente sea volcado al consumo, dotando mayor dinamismo a la actividad econ\u00f3mica y, robusteciendo las finanzas p\u00fablicas\u00bb. A futuro, los incrementos en la recaudaci\u00f3n \u00abpermitir\u00e1n mejorar las jubilaciones, ya que la nueva f\u00f3rmula de movilidad pondera en un 50% de la evoluci\u00f3n de la recaudaci\u00f3n tributaria\u00bb, por lo que la medida de\u00a0Anses\u00a0\u00abparece una pol\u00edtica en l\u00ednea con la reactivaci\u00f3n econ\u00f3mica\u00bb.<\/p>\n","protected":false},"excerpt":{"rendered":"<p>El reconocimiento de aportes beneficiar\u00e1 a 155 mil mujeres y representa una emisi\u00f3n mensual de 3.400 millones de pesos. El 90% de las mujeres participa de tareas de cuidado frente a un 60% de hombres, porcentaje que aumenta su diferencia con la presencia de uno o dos menores de 6 a\u00f1os en el hogar La [&hellip;]<\/p>\n","protected":false},"author":2,"featured_media":7327,"comment_status":"open","ping_status":"open","sticky":false,"template":"","format":"standard","meta":{"footnotes":""},"categories":[35],"tags":[],"class_list":["post-7325","post","type-post","status-publish","format-standard","has-post-thumbnail","hentry","category-informacion-general"],"yoast_head":"<!-- This site is optimized with the Yoast SEO plugin v27.4 - https:\/\/yoast.com\/product\/yoast-seo-wordpress\/ -->\n<title>Comienza la inscripci\u00f3n para la jubilaci\u00f3n por hijo de Anses: c\u00f3mo funciona el programa y qu\u00e9 impacto tendr\u00e1 | CVI NOTICIAS<\/title>\n<meta name=\"robots\" content=\"index, follow, max-snippet:-1, max-image-preview:large, max-video-preview:-1\" \/>\n<link rel=\"canonical\" href=\"https:\/\/cvinoticias.com\/v3\/comienza-la-inscripcion-para-la-jubilacion-por-hijo-de-anses-como-funciona-el-programa-y-que-impacto-tendra\/\" \/>\n<meta property=\"og:locale\" content=\"es_ES\" \/>\n<meta property=\"og:type\" content=\"article\" \/>\n<meta property=\"og:title\" content=\"Comienza la inscripci\u00f3n para la jubilaci\u00f3n por hijo de Anses: c\u00f3mo funciona el programa y qu\u00e9 impacto tendr\u00e1 | CVI NOTICIAS\" \/>\n<meta property=\"og:description\" content=\"El reconocimiento de aportes beneficiar\u00e1 a 155 mil mujeres y representa una emisi\u00f3n mensual de 3.400 millones de pesos. El 90% de las mujeres participa de tareas de cuidado frente a un 60% de hombres, porcentaje que aumenta su diferencia con la presencia de uno o dos menores de 6 a\u00f1os en el hogar La [&hellip;]\" \/>\n<meta property=\"og:url\" content=\"https:\/\/cvinoticias.com\/v3\/comienza-la-inscripcion-para-la-jubilacion-por-hijo-de-anses-como-funciona-el-programa-y-que-impacto-tendra\/\" \/>\n<meta property=\"og:site_name\" content=\"CVI NOTICIAS\" \/>\n<meta property=\"article:publisher\" content=\"https:\/\/www.facebook.com\/cvinoticias\" \/>\n<meta property=\"article:published_time\" content=\"2021-08-03T10:31:44+00:00\" \/>\n<meta property=\"og:image\" content=\"https:\/\/cvinoticias.com\/wp-content\/uploads\/2021\/08\/Screenshot_20210803-072531_Facebook.jpg\" \/>\n\t<meta property=\"og:image:width\" content=\"1080\" \/>\n\t<meta property=\"og:image:height\" content=\"711\" \/>\n\t<meta property=\"og:image:type\" content=\"image\/jpeg\" \/>\n<meta name=\"author\" content=\"f1000024\" \/>\n<meta name=\"twitter:card\" content=\"summary_large_image\" \/>\n<meta name=\"twitter:label1\" content=\"Escrito por\" \/>\n\t<meta name=\"twitter:data1\" content=\"f1000024\" \/>\n\t<meta name=\"twitter:label2\" content=\"Tiempo de lectura\" \/>\n\t<meta name=\"twitter:data2\" content=\"5 minutos\" \/>\n<script type=\"application\/ld+json\" class=\"yoast-schema-graph\">{\"@context\":\"https:\\\/\\\/schema.org\",\"@graph\":[{\"@type\":\"Article\",\"@id\":\"https:\\\/\\\/cvinoticias.com\\\/v3\\\/comienza-la-inscripcion-para-la-jubilacion-por-hijo-de-anses-como-funciona-el-programa-y-que-impacto-tendra\\\/#article\",\"isPartOf\":{\"@id\":\"https:\\\/\\\/cvinoticias.com\\\/v3\\\/comienza-la-inscripcion-para-la-jubilacion-por-hijo-de-anses-como-funciona-el-programa-y-que-impacto-tendra\\\/\"},\"author\":{\"name\":\"f1000024\",\"@id\":\"https:\\\/\\\/cvinoticias.com\\\/v3\\\/#\\\/schema\\\/person\\\/2db77e3c6bc03c538495d7b2b8be9b66\"},\"headline\":\"Comienza la inscripci\u00f3n para la jubilaci\u00f3n por hijo de Anses: c\u00f3mo funciona el programa y qu\u00e9 impacto tendr\u00e1\",\"datePublished\":\"2021-08-03T10:31:44+00:00\",\"mainEntityOfPage\":{\"@id\":\"https:\\\/\\\/cvinoticias.com\\\/v3\\\/comienza-la-inscripcion-para-la-jubilacion-por-hijo-de-anses-como-funciona-el-programa-y-que-impacto-tendra\\\/\"},\"wordCount\":1048,\"commentCount\":0,\"publisher\":{\"@id\":\"https:\\\/\\\/cvinoticias.com\\\/v3\\\/#organization\"},\"image\":{\"@id\":\"https:\\\/\\\/cvinoticias.com\\\/v3\\\/comienza-la-inscripcion-para-la-jubilacion-por-hijo-de-anses-como-funciona-el-programa-y-que-impacto-tendra\\\/#primaryimage\"},\"thumbnailUrl\":\"https:\\\/\\\/cvinoticias.com\\\/wp-content\\\/uploads\\\/2021\\\/08\\\/Screenshot_20210803-072531_Facebook.jpg\",\"articleSection\":[\"Informaci\u00f3n General\"],\"inLanguage\":\"es\",\"potentialAction\":[{\"@type\":\"CommentAction\",\"name\":\"Comment\",\"target\":[\"https:\\\/\\\/cvinoticias.com\\\/v3\\\/comienza-la-inscripcion-para-la-jubilacion-por-hijo-de-anses-como-funciona-el-programa-y-que-impacto-tendra\\\/#respond\"]}]},{\"@type\":\"WebPage\",\"@id\":\"https:\\\/\\\/cvinoticias.com\\\/v3\\\/comienza-la-inscripcion-para-la-jubilacion-por-hijo-de-anses-como-funciona-el-programa-y-que-impacto-tendra\\\/\",\"url\":\"https:\\\/\\\/cvinoticias.com\\\/v3\\\/comienza-la-inscripcion-para-la-jubilacion-por-hijo-de-anses-como-funciona-el-programa-y-que-impacto-tendra\\\/\",\"name\":\"Comienza la inscripci\u00f3n para la jubilaci\u00f3n por hijo de Anses: c\u00f3mo funciona el programa y qu\u00e9 impacto tendr\u00e1 | CVI NOTICIAS\",\"isPartOf\":{\"@id\":\"https:\\\/\\\/cvinoticias.com\\\/v3\\\/#website\"},\"primaryImageOfPage\":{\"@id\":\"https:\\\/\\\/cvinoticias.com\\\/v3\\\/comienza-la-inscripcion-para-la-jubilacion-por-hijo-de-anses-como-funciona-el-programa-y-que-impacto-tendra\\\/#primaryimage\"},\"image\":{\"@id\":\"https:\\\/\\\/cvinoticias.com\\\/v3\\\/comienza-la-inscripcion-para-la-jubilacion-por-hijo-de-anses-como-funciona-el-programa-y-que-impacto-tendra\\\/#primaryimage\"},\"thumbnailUrl\":\"https:\\\/\\\/cvinoticias.com\\\/wp-content\\\/uploads\\\/2021\\\/08\\\/Screenshot_20210803-072531_Facebook.jpg\",\"datePublished\":\"2021-08-03T10:31:44+00:00\",\"breadcrumb\":{\"@id\":\"https:\\\/\\\/cvinoticias.com\\\/v3\\\/comienza-la-inscripcion-para-la-jubilacion-por-hijo-de-anses-como-funciona-el-programa-y-que-impacto-tendra\\\/#breadcrumb\"},\"inLanguage\":\"es\",\"potentialAction\":[{\"@type\":\"ReadAction\",\"target\":[\"https:\\\/\\\/cvinoticias.com\\\/v3\\\/comienza-la-inscripcion-para-la-jubilacion-por-hijo-de-anses-como-funciona-el-programa-y-que-impacto-tendra\\\/\"]}]},{\"@type\":\"ImageObject\",\"inLanguage\":\"es\",\"@id\":\"https:\\\/\\\/cvinoticias.com\\\/v3\\\/comienza-la-inscripcion-para-la-jubilacion-por-hijo-de-anses-como-funciona-el-programa-y-que-impacto-tendra\\\/#primaryimage\",\"url\":\"https:\\\/\\\/cvinoticias.com\\\/wp-content\\\/uploads\\\/2021\\\/08\\\/Screenshot_20210803-072531_Facebook.jpg\",\"contentUrl\":\"https:\\\/\\\/cvinoticias.com\\\/wp-content\\\/uploads\\\/2021\\\/08\\\/Screenshot_20210803-072531_Facebook.jpg\",\"width\":1080,\"height\":711},{\"@type\":\"BreadcrumbList\",\"@id\":\"https:\\\/\\\/cvinoticias.com\\\/v3\\\/comienza-la-inscripcion-para-la-jubilacion-por-hijo-de-anses-como-funciona-el-programa-y-que-impacto-tendra\\\/#breadcrumb\",\"itemListElement\":[{\"@type\":\"ListItem\",\"position\":1,\"name\":\"Portada\",\"item\":\"https:\\\/\\\/cvinoticias.com\\\/v3\\\/\"},{\"@type\":\"ListItem\",\"position\":2,\"name\":\"Comienza la inscripci\u00f3n para la jubilaci\u00f3n por hijo de Anses: c\u00f3mo funciona el programa y qu\u00e9 impacto tendr\u00e1\"}]},{\"@type\":\"WebSite\",\"@id\":\"https:\\\/\\\/cvinoticias.com\\\/v3\\\/#website\",\"url\":\"https:\\\/\\\/cvinoticias.com\\\/v3\\\/\",\"name\":\"CVI NOTICIAS\",\"description\":\"\",\"publisher\":{\"@id\":\"https:\\\/\\\/cvinoticias.com\\\/v3\\\/#organization\"},\"alternateName\":\"CVI\",\"potentialAction\":[{\"@type\":\"SearchAction\",\"target\":{\"@type\":\"EntryPoint\",\"urlTemplate\":\"https:\\\/\\\/cvinoticias.com\\\/v3\\\/?s={search_term_string}\"},\"query-input\":{\"@type\":\"PropertyValueSpecification\",\"valueRequired\":true,\"valueName\":\"search_term_string\"}}],\"inLanguage\":\"es\"},{\"@type\":\"Organization\",\"@id\":\"https:\\\/\\\/cvinoticias.com\\\/v3\\\/#organization\",\"name\":\"CVI NOTICIAS\",\"url\":\"https:\\\/\\\/cvinoticias.com\\\/v3\\\/\",\"logo\":{\"@type\":\"ImageObject\",\"inLanguage\":\"es\",\"@id\":\"https:\\\/\\\/cvinoticias.com\\\/v3\\\/#\\\/schema\\\/logo\\\/image\\\/\",\"url\":\"https:\\\/\\\/cvinoticias.com\\\/wp-content\\\/uploads\\\/2023\\\/04\\\/cropped-cropped-cropped-cropped-cropped-3-1.png\",\"contentUrl\":\"https:\\\/\\\/cvinoticias.com\\\/wp-content\\\/uploads\\\/2023\\\/04\\\/cropped-cropped-cropped-cropped-cropped-3-1.png\",\"width\":95,\"height\":122,\"caption\":\"CVI NOTICIAS\"},\"image\":{\"@id\":\"https:\\\/\\\/cvinoticias.com\\\/v3\\\/#\\\/schema\\\/logo\\\/image\\\/\"},\"sameAs\":[\"https:\\\/\\\/www.facebook.com\\\/cvinoticias\",\"https:\\\/\\\/www.instagram.com\\\/cvinoticias\\\/\",\"https:\\\/\\\/www.youtube.com\\\/@CVINOTICIAS\"]},{\"@type\":\"Person\",\"@id\":\"https:\\\/\\\/cvinoticias.com\\\/v3\\\/#\\\/schema\\\/person\\\/2db77e3c6bc03c538495d7b2b8be9b66\",\"name\":\"f1000024\",\"image\":{\"@type\":\"ImageObject\",\"inLanguage\":\"es\",\"@id\":\"https:\\\/\\\/secure.gravatar.com\\\/avatar\\\/d4fe7459cfc51ff5129ce1a732bbef5928568b8092d412ef95611616376bbeed?s=96&d=mm&r=g\",\"url\":\"https:\\\/\\\/secure.gravatar.com\\\/avatar\\\/d4fe7459cfc51ff5129ce1a732bbef5928568b8092d412ef95611616376bbeed?s=96&d=mm&r=g\",\"contentUrl\":\"https:\\\/\\\/secure.gravatar.com\\\/avatar\\\/d4fe7459cfc51ff5129ce1a732bbef5928568b8092d412ef95611616376bbeed?s=96&d=mm&r=g\",\"caption\":\"f1000024\"},\"url\":\"https:\\\/\\\/cvinoticias.com\\\/v3\\\/author\\\/f1000024\\\/\"}]}<\/script>\n<!-- \/ Yoast SEO plugin. -->","yoast_head_json":{"title":"Comienza la inscripci\u00f3n para la jubilaci\u00f3n por hijo de Anses: c\u00f3mo funciona el programa y qu\u00e9 impacto tendr\u00e1 | CVI NOTICIAS","robots":{"index":"index","follow":"follow","max-snippet":"max-snippet:-1","max-image-preview":"max-image-preview:large","max-video-preview":"max-video-preview:-1"},"canonical":"https:\/\/cvinoticias.com\/v3\/comienza-la-inscripcion-para-la-jubilacion-por-hijo-de-anses-como-funciona-el-programa-y-que-impacto-tendra\/","og_locale":"es_ES","og_type":"article","og_title":"Comienza la inscripci\u00f3n para la jubilaci\u00f3n por hijo de Anses: c\u00f3mo funciona el programa y qu\u00e9 impacto tendr\u00e1 | CVI NOTICIAS","og_description":"El reconocimiento de aportes beneficiar\u00e1 a 155 mil mujeres y representa una emisi\u00f3n mensual de 3.400 millones de pesos. El 90% de las mujeres participa de tareas de cuidado frente a un 60% de hombres, porcentaje que aumenta su diferencia con la presencia de uno o dos menores de 6 a\u00f1os en el hogar La [&hellip;]","og_url":"https:\/\/cvinoticias.com\/v3\/comienza-la-inscripcion-para-la-jubilacion-por-hijo-de-anses-como-funciona-el-programa-y-que-impacto-tendra\/","og_site_name":"CVI NOTICIAS","article_publisher":"https:\/\/www.facebook.com\/cvinoticias","article_published_time":"2021-08-03T10:31:44+00:00","og_image":[{"width":1080,"height":711,"url":"https:\/\/cvinoticias.com\/wp-content\/uploads\/2021\/08\/Screenshot_20210803-072531_Facebook.jpg","type":"image\/jpeg"}],"author":"f1000024","twitter_card":"summary_large_image","twitter_misc":{"Escrito por":"f1000024","Tiempo de lectura":"5 minutos"},"schema":{"@context":"https:\/\/schema.org","@graph":[{"@type":"Article","@id":"https:\/\/cvinoticias.com\/v3\/comienza-la-inscripcion-para-la-jubilacion-por-hijo-de-anses-como-funciona-el-programa-y-que-impacto-tendra\/#article","isPartOf":{"@id":"https:\/\/cvinoticias.com\/v3\/comienza-la-inscripcion-para-la-jubilacion-por-hijo-de-anses-como-funciona-el-programa-y-que-impacto-tendra\/"},"author":{"name":"f1000024","@id":"https:\/\/cvinoticias.com\/v3\/#\/schema\/person\/2db77e3c6bc03c538495d7b2b8be9b66"},"headline":"Comienza la inscripci\u00f3n para la jubilaci\u00f3n por hijo de Anses: c\u00f3mo funciona el programa y qu\u00e9 impacto tendr\u00e1","datePublished":"2021-08-03T10:31:44+00:00","mainEntityOfPage":{"@id":"https:\/\/cvinoticias.com\/v3\/comienza-la-inscripcion-para-la-jubilacion-por-hijo-de-anses-como-funciona-el-programa-y-que-impacto-tendra\/"},"wordCount":1048,"commentCount":0,"publisher":{"@id":"https:\/\/cvinoticias.com\/v3\/#organization"},"image":{"@id":"https:\/\/cvinoticias.com\/v3\/comienza-la-inscripcion-para-la-jubilacion-por-hijo-de-anses-como-funciona-el-programa-y-que-impacto-tendra\/#primaryimage"},"thumbnailUrl":"https:\/\/cvinoticias.com\/wp-content\/uploads\/2021\/08\/Screenshot_20210803-072531_Facebook.jpg","articleSection":["Informaci\u00f3n General"],"inLanguage":"es","potentialAction":[{"@type":"CommentAction","name":"Comment","target":["https:\/\/cvinoticias.com\/v3\/comienza-la-inscripcion-para-la-jubilacion-por-hijo-de-anses-como-funciona-el-programa-y-que-impacto-tendra\/#respond"]}]},{"@type":"WebPage","@id":"https:\/\/cvinoticias.com\/v3\/comienza-la-inscripcion-para-la-jubilacion-por-hijo-de-anses-como-funciona-el-programa-y-que-impacto-tendra\/","url":"https:\/\/cvinoticias.com\/v3\/comienza-la-inscripcion-para-la-jubilacion-por-hijo-de-anses-como-funciona-el-programa-y-que-impacto-tendra\/","name":"Comienza la inscripci\u00f3n para la jubilaci\u00f3n por hijo de Anses: c\u00f3mo funciona el programa y qu\u00e9 impacto tendr\u00e1 | CVI NOTICIAS","isPartOf":{"@id":"https:\/\/cvinoticias.com\/v3\/#website"},"primaryImageOfPage":{"@id":"https:\/\/cvinoticias.com\/v3\/comienza-la-inscripcion-para-la-jubilacion-por-hijo-de-anses-como-funciona-el-programa-y-que-impacto-tendra\/#primaryimage"},"image":{"@id":"https:\/\/cvinoticias.com\/v3\/comienza-la-inscripcion-para-la-jubilacion-por-hijo-de-anses-como-funciona-el-programa-y-que-impacto-tendra\/#primaryimage"},"thumbnailUrl":"https:\/\/cvinoticias.com\/wp-content\/uploads\/2021\/08\/Screenshot_20210803-072531_Facebook.jpg","datePublished":"2021-08-03T10:31:44+00:00","breadcrumb":{"@id":"https:\/\/cvinoticias.com\/v3\/comienza-la-inscripcion-para-la-jubilacion-por-hijo-de-anses-como-funciona-el-programa-y-que-impacto-tendra\/#breadcrumb"},"inLanguage":"es","potentialAction":[{"@type":"ReadAction","target":["https:\/\/cvinoticias.com\/v3\/comienza-la-inscripcion-para-la-jubilacion-por-hijo-de-anses-como-funciona-el-programa-y-que-impacto-tendra\/"]}]},{"@type":"ImageObject","inLanguage":"es","@id":"https:\/\/cvinoticias.com\/v3\/comienza-la-inscripcion-para-la-jubilacion-por-hijo-de-anses-como-funciona-el-programa-y-que-impacto-tendra\/#primaryimage","url":"https:\/\/cvinoticias.com\/wp-content\/uploads\/2021\/08\/Screenshot_20210803-072531_Facebook.jpg","contentUrl":"https:\/\/cvinoticias.com\/wp-content\/uploads\/2021\/08\/Screenshot_20210803-072531_Facebook.jpg","width":1080,"height":711},{"@type":"BreadcrumbList","@id":"https:\/\/cvinoticias.com\/v3\/comienza-la-inscripcion-para-la-jubilacion-por-hijo-de-anses-como-funciona-el-programa-y-que-impacto-tendra\/#breadcrumb","itemListElement":[{"@type":"ListItem","position":1,"name":"Portada","item":"https:\/\/cvinoticias.com\/v3\/"},{"@type":"ListItem","position":2,"name":"Comienza la inscripci\u00f3n para la jubilaci\u00f3n por hijo de Anses: c\u00f3mo funciona el programa y qu\u00e9 impacto tendr\u00e1"}]},{"@type":"WebSite","@id":"https:\/\/cvinoticias.com\/v3\/#website","url":"https:\/\/cvinoticias.com\/v3\/","name":"CVI NOTICIAS","description":"","publisher":{"@id":"https:\/\/cvinoticias.com\/v3\/#organization"},"alternateName":"CVI","potentialAction":[{"@type":"SearchAction","target":{"@type":"EntryPoint","urlTemplate":"https:\/\/cvinoticias.com\/v3\/?s={search_term_string}"},"query-input":{"@type":"PropertyValueSpecification","valueRequired":true,"valueName":"search_term_string"}}],"inLanguage":"es"},{"@type":"Organization","@id":"https:\/\/cvinoticias.com\/v3\/#organization","name":"CVI NOTICIAS","url":"https:\/\/cvinoticias.com\/v3\/","logo":{"@type":"ImageObject","inLanguage":"es","@id":"https:\/\/cvinoticias.com\/v3\/#\/schema\/logo\/image\/","url":"https:\/\/cvinoticias.com\/wp-content\/uploads\/2023\/04\/cropped-cropped-cropped-cropped-cropped-3-1.png","contentUrl":"https:\/\/cvinoticias.com\/wp-content\/uploads\/2023\/04\/cropped-cropped-cropped-cropped-cropped-3-1.png","width":95,"height":122,"caption":"CVI NOTICIAS"},"image":{"@id":"https:\/\/cvinoticias.com\/v3\/#\/schema\/logo\/image\/"},"sameAs":["https:\/\/www.facebook.com\/cvinoticias","https:\/\/www.instagram.com\/cvinoticias\/","https:\/\/www.youtube.com\/@CVINOTICIAS"]},{"@type":"Person","@id":"https:\/\/cvinoticias.com\/v3\/#\/schema\/person\/2db77e3c6bc03c538495d7b2b8be9b66","name":"f1000024","image":{"@type":"ImageObject","inLanguage":"es","@id":"https:\/\/secure.gravatar.com\/avatar\/d4fe7459cfc51ff5129ce1a732bbef5928568b8092d412ef95611616376bbeed?s=96&d=mm&r=g","url":"https:\/\/secure.gravatar.com\/avatar\/d4fe7459cfc51ff5129ce1a732bbef5928568b8092d412ef95611616376bbeed?s=96&d=mm&r=g","contentUrl":"https:\/\/secure.gravatar.com\/avatar\/d4fe7459cfc51ff5129ce1a732bbef5928568b8092d412ef95611616376bbeed?s=96&d=mm&r=g","caption":"f1000024"},"url":"https:\/\/cvinoticias.com\/v3\/author\/f1000024\/"}]}},"_links":{"self":[{"href":"https:\/\/cvinoticias.com\/v3\/wp-json\/wp\/v2\/posts\/7325","targetHints":{"allow":["GET"]}}],"collection":[{"href":"https:\/\/cvinoticias.com\/v3\/wp-json\/wp\/v2\/posts"}],"about":[{"href":"https:\/\/cvinoticias.com\/v3\/wp-json\/wp\/v2\/types\/post"}],"author":[{"embeddable":true,"href":"https:\/\/cvinoticias.com\/v3\/wp-json\/wp\/v2\/users\/2"}],"replies":[{"embeddable":true,"href":"https:\/\/cvinoticias.com\/v3\/wp-json\/wp\/v2\/comments?post=7325"}],"version-history":[{"count":1,"href":"https:\/\/cvinoticias.com\/v3\/wp-json\/wp\/v2\/posts\/7325\/revisions"}],"predecessor-version":[{"id":7328,"href":"https:\/\/cvinoticias.com\/v3\/wp-json\/wp\/v2\/posts\/7325\/revisions\/7328"}],"wp:featuredmedia":[{"embeddable":true,"href":"https:\/\/cvinoticias.com\/v3\/wp-json\/wp\/v2\/media\/7327"}],"wp:attachment":[{"href":"https:\/\/cvinoticias.com\/v3\/wp-json\/wp\/v2\/media?parent=7325"}],"wp:term":[{"taxonomy":"category","embeddable":true,"href":"https:\/\/cvinoticias.com\/v3\/wp-json\/wp\/v2\/categories?post=7325"},{"taxonomy":"post_tag","embeddable":true,"href":"https:\/\/cvinoticias.com\/v3\/wp-json\/wp\/v2\/tags?post=7325"}],"curies":[{"name":"wp","href":"https:\/\/api.w.org\/{rel}","templated":true}]}}