{"id":7309,"date":"2021-08-02T15:05:43","date_gmt":"2021-08-02T15:05:43","guid":{"rendered":"https:\/\/cvinoticias.com\/v3\/?p=7309"},"modified":"2021-08-02T15:05:43","modified_gmt":"2021-08-02T15:05:43","slug":"por-resolucion-753-2021-el-gobierno-oficializo-la-prorroga-del-programa-ahora-12-esta-vez-hasta-el-31-de-enero-de-2022","status":"publish","type":"post","link":"https:\/\/cvinoticias.com\/v3\/por-resolucion-753-2021-el-gobierno-oficializo-la-prorroga-del-programa-ahora-12-esta-vez-hasta-el-31-de-enero-de-2022\/","title":{"rendered":"Por resoluci\u00f3n 753\/2021 el gobierno oficializ\u00f3 la pr\u00f3rroga del programa \u00abAhora 12\u00bb, esta vez hasta el 31 de enero de 2022"},"content":{"rendered":"\n<p><strong><em>A trav\u00e9s de la\u00a0Resoluci\u00f3n 753\/2021,\u00a0publicada este lunes en el\u00a0Bolet\u00edn Oficial,\u00a0el Poder Ejecutivo se\u00f1al\u00f3 que\u00a0\u00abatento al crecimiento evidenciado en la demanda de determinados productos\u00a0de fabricaci\u00f3n nacional, as\u00ed como su incidencia en el mercado interno, corresponde incorporar nuevas modalidades de financiamiento\u00bb.<\/em><\/strong><\/p>\n\n\n\n<p>Asi lo oficializo la\u00a0Secretar\u00eda de de Comercio Interior\u00a0la pr\u00f3rroga del programa\u00a0\u00abAhora 12\u00bb,\u00a0esta vez hasta el\u00a031 de enero de 2022, e incorpor\u00f3 nuevas modalidades de financiamiento para numerosos rubros.<\/p>\n\n\n\n<p>Esa decisi\u00f3n abarca a los rubros\u00a0\u00abL\u00ednea Blanca\u00bb, \u00abMateriales y Herramientas para la Construcci\u00f3n\u00bb, \u00abMuebles\u00bb, \u00abBicicletas\u00bb, \u00abColchones\u00bb, \u00abNeum\u00e1ticos, accesorios y repuestos\u00bb, \u00abComputadoras, Notebooks y Tabletas\u00bb, \u00abTelevisores y Monitores\u00bb y \u00abPeque\u00f1os Electrodom\u00e9sticos\u00bb.<\/p>\n\n\n\n<p>Comercio Interior requiri\u00f3 a las emisoras de tarjetas de cr\u00e9dito adheridas al\u00a0\u00abAhora 12\u00bb\u00a0que informen respecto de aquellas ventas efectuadas con las medidas de financiamiento previstas en el Programa, el n\u00famero de cup\u00f3n consignado en el ticket de pago correspondiente a cada una de ellas.<\/p>\n\n\n\n<p>Asimismo, determin\u00f3 que el rubro\u00a0Anteojos y Lentes de Contacto\u00a0(que comprende anteojos recetados y lentes de contacto adquiridos en \u00f3pticas), podr\u00e1n comprarse a trav\u00e9s del Programa si tienen un precio final que no sea superior a\u00a0$15.000.<\/p>\n\n\n\n<p>Por su parte, los proveedores o comercios -en las operaciones realizadas a trav\u00e9s de tarjetas de cr\u00e9dito- podr\u00e1n elegir:<\/p>\n\n\n\n<ul class=\"wp-block-list\"><li>Cobrar en un plazo de\u00a060 d\u00edas corridos\u00a0con una tasa m\u00e1xima de descuento del\u00a08,80%\u00a0directa o en un plazo de hasta diez d\u00edas h\u00e1biles con una tasa m\u00e1xima de descuento del\u00a011,48%\u00a0directa, para las ventas realizadas con la\u00a012 cuotas.<\/li><li>Cobrar en un plazo de\u00a060 d\u00edas corridos\u00a0con una tasa m\u00e1xima de descuento del\u00a013,95%\u00a0directa o en un plazo de hasta diez d\u00edas h\u00e1biles con una tasa m\u00e1xima de descuento del\u00a016,52%\u00a0directa, para las ventas realizadas con la modalidad\u00a018 cuotas.<\/li><li>Cobrar en un plazo de\u00a060 d\u00edas corridos\u00a0con una tasa m\u00e1xima de descuento del\u00a020,60%\u00a0directa o en un plazo de hasta diez d\u00edas h\u00e1biles con una tasa m\u00e1xima de descuento del\u00a023,27%\u00a0directa, para las ventas realizadas con la modalidad\u00a024 cuotas.<\/li><li>Cobrar en un plazo de\u00a060 d\u00edas corridos\u00a0con una tasa m\u00e1xima de descuento del\u00a026,08%\u00a0directa o en un plazo de hasta diez d\u00edas h\u00e1biles con una tasa m\u00e1xima de descuento del\u00a028,67%\u00a0directa, para las ventas realizadas con la modalidad\u00a030 cuotas.<\/li><\/ul>\n\n\n\n<p>El Poder Ejecutivo justific\u00f3 una nueva pr\u00f3rroga del \u00abAhora 12\u00bb -Programa que est\u00e1 vigente desde 2014-al se\u00f1alar que \u00e9ste\u00a0\u00abse ha mostrado eficaz para fortalecer el mercado interno, ampliar el acceso a bienes e incrementar y sostener los niveles de demanda, estimular las inversiones y la producci\u00f3n local, y consolidar la creaci\u00f3n de m\u00e1s y mejor empleo\u00bb.<\/p>\n\n\n\n<p>\u00abA su vez, posee una estructura reglamentaria eficaz a la cual las entidades financieras, proveedores y comercios han sabido adherirse y ejecutar sin inconvenientes\u00bb, resalt\u00f3. En ese sentido, destac\u00f3 que\u00a0\u00absectores intervinientes en la comercializaci\u00f3n de bienes y servicios incluidos en el Programa han incrementado sostenidamente su oferta local, logrando abastecer la demanda interna y sostener los niveles de demanda de las y los consumidores\u00bb.<\/p>\n","protected":false},"excerpt":{"rendered":"<p>A trav\u00e9s de la\u00a0Resoluci\u00f3n 753\/2021,\u00a0publicada este lunes en el\u00a0Bolet\u00edn Oficial,\u00a0el Poder Ejecutivo se\u00f1al\u00f3 que\u00a0\u00abatento al crecimiento evidenciado en la demanda de determinados productos\u00a0de fabricaci\u00f3n nacional, as\u00ed como su incidencia en el mercado interno, corresponde incorporar nuevas modalidades de financiamiento\u00bb. Asi lo oficializo la\u00a0Secretar\u00eda de de Comercio Interior\u00a0la pr\u00f3rroga del programa\u00a0\u00abAhora 12\u00bb,\u00a0esta vez hasta el\u00a031 de [&hellip;]<\/p>\n","protected":false},"author":2,"featured_media":7310,"comment_status":"open","ping_status":"open","sticky":false,"template":"","format":"standard","meta":{"footnotes":""},"categories":[32],"tags":[],"class_list":["post-7309","post","type-post","status-publish","format-standard","has-post-thumbnail","hentry","category-economia"],"yoast_head":"<!-- This site is optimized with the Yoast SEO plugin v27.4 - https:\/\/yoast.com\/product\/yoast-seo-wordpress\/ -->\n<title>Por resoluci\u00f3n 753\/2021 el gobierno oficializ\u00f3 la pr\u00f3rroga del programa &quot;Ahora 12&quot;, esta vez hasta el 31 de enero de 2022 | CVI NOTICIAS<\/title>\n<meta name=\"robots\" content=\"index, follow, max-snippet:-1, max-image-preview:large, max-video-preview:-1\" \/>\n<link rel=\"canonical\" href=\"https:\/\/cvinoticias.com\/v3\/por-resolucion-753-2021-el-gobierno-oficializo-la-prorroga-del-programa-ahora-12-esta-vez-hasta-el-31-de-enero-de-2022\/\" \/>\n<meta property=\"og:locale\" content=\"es_ES\" \/>\n<meta property=\"og:type\" content=\"article\" \/>\n<meta property=\"og:title\" content=\"Por resoluci\u00f3n 753\/2021 el gobierno oficializ\u00f3 la pr\u00f3rroga del programa &quot;Ahora 12&quot;, esta vez hasta el 31 de enero de 2022 | CVI NOTICIAS\" \/>\n<meta property=\"og:description\" content=\"A trav\u00e9s de la\u00a0Resoluci\u00f3n 753\/2021,\u00a0publicada este lunes en el\u00a0Bolet\u00edn Oficial,\u00a0el Poder Ejecutivo se\u00f1al\u00f3 que\u00a0\u00abatento al crecimiento evidenciado en la demanda de determinados productos\u00a0de fabricaci\u00f3n nacional, as\u00ed como su incidencia en el mercado interno, corresponde incorporar nuevas modalidades de financiamiento\u00bb. Asi lo oficializo la\u00a0Secretar\u00eda de de Comercio Interior\u00a0la pr\u00f3rroga del programa\u00a0\u00abAhora 12\u00bb,\u00a0esta vez hasta el\u00a031 de [&hellip;]\" \/>\n<meta property=\"og:url\" content=\"https:\/\/cvinoticias.com\/v3\/por-resolucion-753-2021-el-gobierno-oficializo-la-prorroga-del-programa-ahora-12-esta-vez-hasta-el-31-de-enero-de-2022\/\" \/>\n<meta property=\"og:site_name\" content=\"CVI NOTICIAS\" \/>\n<meta property=\"article:publisher\" content=\"https:\/\/www.facebook.com\/cvinoticias\" \/>\n<meta property=\"article:published_time\" content=\"2021-08-02T15:05:43+00:00\" \/>\n<meta property=\"og:image\" content=\"https:\/\/cvinoticias.com\/wp-content\/uploads\/2021\/08\/ahora-12jpg.jpg\" \/>\n\t<meta property=\"og:image:width\" content=\"1200\" \/>\n\t<meta property=\"og:image:height\" content=\"900\" \/>\n\t<meta property=\"og:image:type\" content=\"image\/jpeg\" \/>\n<meta name=\"author\" content=\"f1000024\" \/>\n<meta name=\"twitter:card\" content=\"summary_large_image\" \/>\n<meta name=\"twitter:label1\" content=\"Escrito por\" \/>\n\t<meta name=\"twitter:data1\" content=\"f1000024\" \/>\n\t<meta name=\"twitter:label2\" content=\"Tiempo de lectura\" \/>\n\t<meta name=\"twitter:data2\" content=\"3 minutos\" \/>\n<script type=\"application\/ld+json\" class=\"yoast-schema-graph\">{\"@context\":\"https:\\\/\\\/schema.org\",\"@graph\":[{\"@type\":\"Article\",\"@id\":\"https:\\\/\\\/cvinoticias.com\\\/v3\\\/por-resolucion-753-2021-el-gobierno-oficializo-la-prorroga-del-programa-ahora-12-esta-vez-hasta-el-31-de-enero-de-2022\\\/#article\",\"isPartOf\":{\"@id\":\"https:\\\/\\\/cvinoticias.com\\\/v3\\\/por-resolucion-753-2021-el-gobierno-oficializo-la-prorroga-del-programa-ahora-12-esta-vez-hasta-el-31-de-enero-de-2022\\\/\"},\"author\":{\"name\":\"f1000024\",\"@id\":\"https:\\\/\\\/cvinoticias.com\\\/v3\\\/#\\\/schema\\\/person\\\/2db77e3c6bc03c538495d7b2b8be9b66\"},\"headline\":\"Por resoluci\u00f3n 753\\\/2021 el gobierno oficializ\u00f3 la pr\u00f3rroga del programa \u00abAhora 12\u00bb, esta vez hasta el 31 de enero de 2022\",\"datePublished\":\"2021-08-02T15:05:43+00:00\",\"mainEntityOfPage\":{\"@id\":\"https:\\\/\\\/cvinoticias.com\\\/v3\\\/por-resolucion-753-2021-el-gobierno-oficializo-la-prorroga-del-programa-ahora-12-esta-vez-hasta-el-31-de-enero-de-2022\\\/\"},\"wordCount\":552,\"commentCount\":0,\"publisher\":{\"@id\":\"https:\\\/\\\/cvinoticias.com\\\/v3\\\/#organization\"},\"image\":{\"@id\":\"https:\\\/\\\/cvinoticias.com\\\/v3\\\/por-resolucion-753-2021-el-gobierno-oficializo-la-prorroga-del-programa-ahora-12-esta-vez-hasta-el-31-de-enero-de-2022\\\/#primaryimage\"},\"thumbnailUrl\":\"https:\\\/\\\/cvinoticias.com\\\/wp-content\\\/uploads\\\/2021\\\/08\\\/ahora-12jpg.jpg\",\"articleSection\":[\"Econom\u00eda\"],\"inLanguage\":\"es\",\"potentialAction\":[{\"@type\":\"CommentAction\",\"name\":\"Comment\",\"target\":[\"https:\\\/\\\/cvinoticias.com\\\/v3\\\/por-resolucion-753-2021-el-gobierno-oficializo-la-prorroga-del-programa-ahora-12-esta-vez-hasta-el-31-de-enero-de-2022\\\/#respond\"]}]},{\"@type\":\"WebPage\",\"@id\":\"https:\\\/\\\/cvinoticias.com\\\/v3\\\/por-resolucion-753-2021-el-gobierno-oficializo-la-prorroga-del-programa-ahora-12-esta-vez-hasta-el-31-de-enero-de-2022\\\/\",\"url\":\"https:\\\/\\\/cvinoticias.com\\\/v3\\\/por-resolucion-753-2021-el-gobierno-oficializo-la-prorroga-del-programa-ahora-12-esta-vez-hasta-el-31-de-enero-de-2022\\\/\",\"name\":\"Por resoluci\u00f3n 753\\\/2021 el gobierno oficializ\u00f3 la pr\u00f3rroga del programa \\\"Ahora 12\\\", esta vez hasta el 31 de enero de 2022 | CVI NOTICIAS\",\"isPartOf\":{\"@id\":\"https:\\\/\\\/cvinoticias.com\\\/v3\\\/#website\"},\"primaryImageOfPage\":{\"@id\":\"https:\\\/\\\/cvinoticias.com\\\/v3\\\/por-resolucion-753-2021-el-gobierno-oficializo-la-prorroga-del-programa-ahora-12-esta-vez-hasta-el-31-de-enero-de-2022\\\/#primaryimage\"},\"image\":{\"@id\":\"https:\\\/\\\/cvinoticias.com\\\/v3\\\/por-resolucion-753-2021-el-gobierno-oficializo-la-prorroga-del-programa-ahora-12-esta-vez-hasta-el-31-de-enero-de-2022\\\/#primaryimage\"},\"thumbnailUrl\":\"https:\\\/\\\/cvinoticias.com\\\/wp-content\\\/uploads\\\/2021\\\/08\\\/ahora-12jpg.jpg\",\"datePublished\":\"2021-08-02T15:05:43+00:00\",\"breadcrumb\":{\"@id\":\"https:\\\/\\\/cvinoticias.com\\\/v3\\\/por-resolucion-753-2021-el-gobierno-oficializo-la-prorroga-del-programa-ahora-12-esta-vez-hasta-el-31-de-enero-de-2022\\\/#breadcrumb\"},\"inLanguage\":\"es\",\"potentialAction\":[{\"@type\":\"ReadAction\",\"target\":[\"https:\\\/\\\/cvinoticias.com\\\/v3\\\/por-resolucion-753-2021-el-gobierno-oficializo-la-prorroga-del-programa-ahora-12-esta-vez-hasta-el-31-de-enero-de-2022\\\/\"]}]},{\"@type\":\"ImageObject\",\"inLanguage\":\"es\",\"@id\":\"https:\\\/\\\/cvinoticias.com\\\/v3\\\/por-resolucion-753-2021-el-gobierno-oficializo-la-prorroga-del-programa-ahora-12-esta-vez-hasta-el-31-de-enero-de-2022\\\/#primaryimage\",\"url\":\"https:\\\/\\\/cvinoticias.com\\\/wp-content\\\/uploads\\\/2021\\\/08\\\/ahora-12jpg.jpg\",\"contentUrl\":\"https:\\\/\\\/cvinoticias.com\\\/wp-content\\\/uploads\\\/2021\\\/08\\\/ahora-12jpg.jpg\",\"width\":1200,\"height\":900},{\"@type\":\"BreadcrumbList\",\"@id\":\"https:\\\/\\\/cvinoticias.com\\\/v3\\\/por-resolucion-753-2021-el-gobierno-oficializo-la-prorroga-del-programa-ahora-12-esta-vez-hasta-el-31-de-enero-de-2022\\\/#breadcrumb\",\"itemListElement\":[{\"@type\":\"ListItem\",\"position\":1,\"name\":\"Portada\",\"item\":\"https:\\\/\\\/cvinoticias.com\\\/v3\\\/\"},{\"@type\":\"ListItem\",\"position\":2,\"name\":\"Por resoluci\u00f3n 753\\\/2021 el gobierno oficializ\u00f3 la pr\u00f3rroga del programa \u00abAhora 12\u00bb, esta vez hasta el 31 de enero de 2022\"}]},{\"@type\":\"WebSite\",\"@id\":\"https:\\\/\\\/cvinoticias.com\\\/v3\\\/#website\",\"url\":\"https:\\\/\\\/cvinoticias.com\\\/v3\\\/\",\"name\":\"CVI NOTICIAS\",\"description\":\"\",\"publisher\":{\"@id\":\"https:\\\/\\\/cvinoticias.com\\\/v3\\\/#organization\"},\"alternateName\":\"CVI\",\"potentialAction\":[{\"@type\":\"SearchAction\",\"target\":{\"@type\":\"EntryPoint\",\"urlTemplate\":\"https:\\\/\\\/cvinoticias.com\\\/v3\\\/?s={search_term_string}\"},\"query-input\":{\"@type\":\"PropertyValueSpecification\",\"valueRequired\":true,\"valueName\":\"search_term_string\"}}],\"inLanguage\":\"es\"},{\"@type\":\"Organization\",\"@id\":\"https:\\\/\\\/cvinoticias.com\\\/v3\\\/#organization\",\"name\":\"CVI NOTICIAS\",\"url\":\"https:\\\/\\\/cvinoticias.com\\\/v3\\\/\",\"logo\":{\"@type\":\"ImageObject\",\"inLanguage\":\"es\",\"@id\":\"https:\\\/\\\/cvinoticias.com\\\/v3\\\/#\\\/schema\\\/logo\\\/image\\\/\",\"url\":\"https:\\\/\\\/cvinoticias.com\\\/wp-content\\\/uploads\\\/2023\\\/04\\\/cropped-cropped-cropped-cropped-cropped-3-1.png\",\"contentUrl\":\"https:\\\/\\\/cvinoticias.com\\\/wp-content\\\/uploads\\\/2023\\\/04\\\/cropped-cropped-cropped-cropped-cropped-3-1.png\",\"width\":95,\"height\":122,\"caption\":\"CVI NOTICIAS\"},\"image\":{\"@id\":\"https:\\\/\\\/cvinoticias.com\\\/v3\\\/#\\\/schema\\\/logo\\\/image\\\/\"},\"sameAs\":[\"https:\\\/\\\/www.facebook.com\\\/cvinoticias\",\"https:\\\/\\\/www.instagram.com\\\/cvinoticias\\\/\",\"https:\\\/\\\/www.youtube.com\\\/@CVINOTICIAS\"]},{\"@type\":\"Person\",\"@id\":\"https:\\\/\\\/cvinoticias.com\\\/v3\\\/#\\\/schema\\\/person\\\/2db77e3c6bc03c538495d7b2b8be9b66\",\"name\":\"f1000024\",\"image\":{\"@type\":\"ImageObject\",\"inLanguage\":\"es\",\"@id\":\"https:\\\/\\\/secure.gravatar.com\\\/avatar\\\/d4fe7459cfc51ff5129ce1a732bbef5928568b8092d412ef95611616376bbeed?s=96&d=mm&r=g\",\"url\":\"https:\\\/\\\/secure.gravatar.com\\\/avatar\\\/d4fe7459cfc51ff5129ce1a732bbef5928568b8092d412ef95611616376bbeed?s=96&d=mm&r=g\",\"contentUrl\":\"https:\\\/\\\/secure.gravatar.com\\\/avatar\\\/d4fe7459cfc51ff5129ce1a732bbef5928568b8092d412ef95611616376bbeed?s=96&d=mm&r=g\",\"caption\":\"f1000024\"},\"url\":\"https:\\\/\\\/cvinoticias.com\\\/v3\\\/author\\\/f1000024\\\/\"}]}<\/script>\n<!-- \/ Yoast SEO plugin. -->","yoast_head_json":{"title":"Por resoluci\u00f3n 753\/2021 el gobierno oficializ\u00f3 la pr\u00f3rroga del programa \"Ahora 12\", esta vez hasta el 31 de enero de 2022 | CVI NOTICIAS","robots":{"index":"index","follow":"follow","max-snippet":"max-snippet:-1","max-image-preview":"max-image-preview:large","max-video-preview":"max-video-preview:-1"},"canonical":"https:\/\/cvinoticias.com\/v3\/por-resolucion-753-2021-el-gobierno-oficializo-la-prorroga-del-programa-ahora-12-esta-vez-hasta-el-31-de-enero-de-2022\/","og_locale":"es_ES","og_type":"article","og_title":"Por resoluci\u00f3n 753\/2021 el gobierno oficializ\u00f3 la pr\u00f3rroga del programa \"Ahora 12\", esta vez hasta el 31 de enero de 2022 | CVI NOTICIAS","og_description":"A trav\u00e9s de la\u00a0Resoluci\u00f3n 753\/2021,\u00a0publicada este lunes en el\u00a0Bolet\u00edn Oficial,\u00a0el Poder Ejecutivo se\u00f1al\u00f3 que\u00a0\u00abatento al crecimiento evidenciado en la demanda de determinados productos\u00a0de fabricaci\u00f3n nacional, as\u00ed como su incidencia en el mercado interno, corresponde incorporar nuevas modalidades de financiamiento\u00bb. Asi lo oficializo la\u00a0Secretar\u00eda de de Comercio Interior\u00a0la pr\u00f3rroga del programa\u00a0\u00abAhora 12\u00bb,\u00a0esta vez hasta el\u00a031 de [&hellip;]","og_url":"https:\/\/cvinoticias.com\/v3\/por-resolucion-753-2021-el-gobierno-oficializo-la-prorroga-del-programa-ahora-12-esta-vez-hasta-el-31-de-enero-de-2022\/","og_site_name":"CVI NOTICIAS","article_publisher":"https:\/\/www.facebook.com\/cvinoticias","article_published_time":"2021-08-02T15:05:43+00:00","og_image":[{"width":1200,"height":900,"url":"https:\/\/cvinoticias.com\/wp-content\/uploads\/2021\/08\/ahora-12jpg.jpg","type":"image\/jpeg"}],"author":"f1000024","twitter_card":"summary_large_image","twitter_misc":{"Escrito por":"f1000024","Tiempo de lectura":"3 minutos"},"schema":{"@context":"https:\/\/schema.org","@graph":[{"@type":"Article","@id":"https:\/\/cvinoticias.com\/v3\/por-resolucion-753-2021-el-gobierno-oficializo-la-prorroga-del-programa-ahora-12-esta-vez-hasta-el-31-de-enero-de-2022\/#article","isPartOf":{"@id":"https:\/\/cvinoticias.com\/v3\/por-resolucion-753-2021-el-gobierno-oficializo-la-prorroga-del-programa-ahora-12-esta-vez-hasta-el-31-de-enero-de-2022\/"},"author":{"name":"f1000024","@id":"https:\/\/cvinoticias.com\/v3\/#\/schema\/person\/2db77e3c6bc03c538495d7b2b8be9b66"},"headline":"Por resoluci\u00f3n 753\/2021 el gobierno oficializ\u00f3 la pr\u00f3rroga del programa \u00abAhora 12\u00bb, esta vez hasta el 31 de enero de 2022","datePublished":"2021-08-02T15:05:43+00:00","mainEntityOfPage":{"@id":"https:\/\/cvinoticias.com\/v3\/por-resolucion-753-2021-el-gobierno-oficializo-la-prorroga-del-programa-ahora-12-esta-vez-hasta-el-31-de-enero-de-2022\/"},"wordCount":552,"commentCount":0,"publisher":{"@id":"https:\/\/cvinoticias.com\/v3\/#organization"},"image":{"@id":"https:\/\/cvinoticias.com\/v3\/por-resolucion-753-2021-el-gobierno-oficializo-la-prorroga-del-programa-ahora-12-esta-vez-hasta-el-31-de-enero-de-2022\/#primaryimage"},"thumbnailUrl":"https:\/\/cvinoticias.com\/wp-content\/uploads\/2021\/08\/ahora-12jpg.jpg","articleSection":["Econom\u00eda"],"inLanguage":"es","potentialAction":[{"@type":"CommentAction","name":"Comment","target":["https:\/\/cvinoticias.com\/v3\/por-resolucion-753-2021-el-gobierno-oficializo-la-prorroga-del-programa-ahora-12-esta-vez-hasta-el-31-de-enero-de-2022\/#respond"]}]},{"@type":"WebPage","@id":"https:\/\/cvinoticias.com\/v3\/por-resolucion-753-2021-el-gobierno-oficializo-la-prorroga-del-programa-ahora-12-esta-vez-hasta-el-31-de-enero-de-2022\/","url":"https:\/\/cvinoticias.com\/v3\/por-resolucion-753-2021-el-gobierno-oficializo-la-prorroga-del-programa-ahora-12-esta-vez-hasta-el-31-de-enero-de-2022\/","name":"Por resoluci\u00f3n 753\/2021 el gobierno oficializ\u00f3 la pr\u00f3rroga del programa \"Ahora 12\", esta vez hasta el 31 de enero de 2022 | CVI NOTICIAS","isPartOf":{"@id":"https:\/\/cvinoticias.com\/v3\/#website"},"primaryImageOfPage":{"@id":"https:\/\/cvinoticias.com\/v3\/por-resolucion-753-2021-el-gobierno-oficializo-la-prorroga-del-programa-ahora-12-esta-vez-hasta-el-31-de-enero-de-2022\/#primaryimage"},"image":{"@id":"https:\/\/cvinoticias.com\/v3\/por-resolucion-753-2021-el-gobierno-oficializo-la-prorroga-del-programa-ahora-12-esta-vez-hasta-el-31-de-enero-de-2022\/#primaryimage"},"thumbnailUrl":"https:\/\/cvinoticias.com\/wp-content\/uploads\/2021\/08\/ahora-12jpg.jpg","datePublished":"2021-08-02T15:05:43+00:00","breadcrumb":{"@id":"https:\/\/cvinoticias.com\/v3\/por-resolucion-753-2021-el-gobierno-oficializo-la-prorroga-del-programa-ahora-12-esta-vez-hasta-el-31-de-enero-de-2022\/#breadcrumb"},"inLanguage":"es","potentialAction":[{"@type":"ReadAction","target":["https:\/\/cvinoticias.com\/v3\/por-resolucion-753-2021-el-gobierno-oficializo-la-prorroga-del-programa-ahora-12-esta-vez-hasta-el-31-de-enero-de-2022\/"]}]},{"@type":"ImageObject","inLanguage":"es","@id":"https:\/\/cvinoticias.com\/v3\/por-resolucion-753-2021-el-gobierno-oficializo-la-prorroga-del-programa-ahora-12-esta-vez-hasta-el-31-de-enero-de-2022\/#primaryimage","url":"https:\/\/cvinoticias.com\/wp-content\/uploads\/2021\/08\/ahora-12jpg.jpg","contentUrl":"https:\/\/cvinoticias.com\/wp-content\/uploads\/2021\/08\/ahora-12jpg.jpg","width":1200,"height":900},{"@type":"BreadcrumbList","@id":"https:\/\/cvinoticias.com\/v3\/por-resolucion-753-2021-el-gobierno-oficializo-la-prorroga-del-programa-ahora-12-esta-vez-hasta-el-31-de-enero-de-2022\/#breadcrumb","itemListElement":[{"@type":"ListItem","position":1,"name":"Portada","item":"https:\/\/cvinoticias.com\/v3\/"},{"@type":"ListItem","position":2,"name":"Por resoluci\u00f3n 753\/2021 el gobierno oficializ\u00f3 la pr\u00f3rroga del programa \u00abAhora 12\u00bb, esta vez hasta el 31 de enero de 2022"}]},{"@type":"WebSite","@id":"https:\/\/cvinoticias.com\/v3\/#website","url":"https:\/\/cvinoticias.com\/v3\/","name":"CVI NOTICIAS","description":"","publisher":{"@id":"https:\/\/cvinoticias.com\/v3\/#organization"},"alternateName":"CVI","potentialAction":[{"@type":"SearchAction","target":{"@type":"EntryPoint","urlTemplate":"https:\/\/cvinoticias.com\/v3\/?s={search_term_string}"},"query-input":{"@type":"PropertyValueSpecification","valueRequired":true,"valueName":"search_term_string"}}],"inLanguage":"es"},{"@type":"Organization","@id":"https:\/\/cvinoticias.com\/v3\/#organization","name":"CVI NOTICIAS","url":"https:\/\/cvinoticias.com\/v3\/","logo":{"@type":"ImageObject","inLanguage":"es","@id":"https:\/\/cvinoticias.com\/v3\/#\/schema\/logo\/image\/","url":"https:\/\/cvinoticias.com\/wp-content\/uploads\/2023\/04\/cropped-cropped-cropped-cropped-cropped-3-1.png","contentUrl":"https:\/\/cvinoticias.com\/wp-content\/uploads\/2023\/04\/cropped-cropped-cropped-cropped-cropped-3-1.png","width":95,"height":122,"caption":"CVI NOTICIAS"},"image":{"@id":"https:\/\/cvinoticias.com\/v3\/#\/schema\/logo\/image\/"},"sameAs":["https:\/\/www.facebook.com\/cvinoticias","https:\/\/www.instagram.com\/cvinoticias\/","https:\/\/www.youtube.com\/@CVINOTICIAS"]},{"@type":"Person","@id":"https:\/\/cvinoticias.com\/v3\/#\/schema\/person\/2db77e3c6bc03c538495d7b2b8be9b66","name":"f1000024","image":{"@type":"ImageObject","inLanguage":"es","@id":"https:\/\/secure.gravatar.com\/avatar\/d4fe7459cfc51ff5129ce1a732bbef5928568b8092d412ef95611616376bbeed?s=96&d=mm&r=g","url":"https:\/\/secure.gravatar.com\/avatar\/d4fe7459cfc51ff5129ce1a732bbef5928568b8092d412ef95611616376bbeed?s=96&d=mm&r=g","contentUrl":"https:\/\/secure.gravatar.com\/avatar\/d4fe7459cfc51ff5129ce1a732bbef5928568b8092d412ef95611616376bbeed?s=96&d=mm&r=g","caption":"f1000024"},"url":"https:\/\/cvinoticias.com\/v3\/author\/f1000024\/"}]}},"_links":{"self":[{"href":"https:\/\/cvinoticias.com\/v3\/wp-json\/wp\/v2\/posts\/7309","targetHints":{"allow":["GET"]}}],"collection":[{"href":"https:\/\/cvinoticias.com\/v3\/wp-json\/wp\/v2\/posts"}],"about":[{"href":"https:\/\/cvinoticias.com\/v3\/wp-json\/wp\/v2\/types\/post"}],"author":[{"embeddable":true,"href":"https:\/\/cvinoticias.com\/v3\/wp-json\/wp\/v2\/users\/2"}],"replies":[{"embeddable":true,"href":"https:\/\/cvinoticias.com\/v3\/wp-json\/wp\/v2\/comments?post=7309"}],"version-history":[{"count":1,"href":"https:\/\/cvinoticias.com\/v3\/wp-json\/wp\/v2\/posts\/7309\/revisions"}],"predecessor-version":[{"id":7311,"href":"https:\/\/cvinoticias.com\/v3\/wp-json\/wp\/v2\/posts\/7309\/revisions\/7311"}],"wp:featuredmedia":[{"embeddable":true,"href":"https:\/\/cvinoticias.com\/v3\/wp-json\/wp\/v2\/media\/7310"}],"wp:attachment":[{"href":"https:\/\/cvinoticias.com\/v3\/wp-json\/wp\/v2\/media?parent=7309"}],"wp:term":[{"taxonomy":"category","embeddable":true,"href":"https:\/\/cvinoticias.com\/v3\/wp-json\/wp\/v2\/categories?post=7309"},{"taxonomy":"post_tag","embeddable":true,"href":"https:\/\/cvinoticias.com\/v3\/wp-json\/wp\/v2\/tags?post=7309"}],"curies":[{"name":"wp","href":"https:\/\/api.w.org\/{rel}","templated":true}]}}