{"id":7305,"date":"2021-08-02T13:45:41","date_gmt":"2021-08-02T13:45:41","guid":{"rendered":"https:\/\/cvinoticias.com\/v3\/?p=7305"},"modified":"2021-08-02T13:45:41","modified_gmt":"2021-08-02T13:45:41","slug":"posadas-campana-saludable-pedro-puerta-en-bicicleta-por-la-costanera","status":"publish","type":"post","link":"https:\/\/cvinoticias.com\/v3\/posadas-campana-saludable-pedro-puerta-en-bicicleta-por-la-costanera\/","title":{"rendered":"Posadas-Campa\u00f1a Saludable: Pedro Puerta en bicicleta por la costanera"},"content":{"rendered":"\n<p><strong><em>El precandidato de la lista \u201cJuntos\u201d Pedro Puerta se mostr\u00f3 en la costanera junto a un grupo de j\u00f3venes en bicicleta. \u201cAcciones como estas son importantes para alentar opciones de movilidad m\u00e1s sustentables\u201d enfatiz\u00f3 el joven abogado. Con una cargada primera semana de campa\u00f1a, Pedro se mostr\u00f3 en diferentes actividades en Ap\u00f3stoles, Posadas y Ober\u00e1.<\/em><\/strong><\/p>\n\n\n\n<p>\u201cMisiones es pionera en sustentabilidad, ir hacia opciones m\u00e1s amigables con el ambiente es un paso l\u00f3gico como sociedad\u201d menciona el precandidato, y agrega \u201cCamino a la agenda 2030 de objetivos de desarrollo sostenible, hay que poner el esfuerzo en construir ciudades y comunidades sostenibles\u201d.<\/p>\n\n\n\n<p>Seg\u00fan Pedro, su campa\u00f1a girar\u00e1 en torno a temas prioritarios para los misioneros como sustentabilidad, producci\u00f3n y una \u201cMisiones abierta de cara al mundo\u201d. Adem\u00e1s lo acompa\u00f1\u00f3 en el d\u00eda de hoy la 2da candidata de la lista, Florencia Klipauka Lewtak.<\/p>\n\n\n\n<figure class=\"wp-block-image size-large\"><a href=\"https:\/\/cvinoticias.com\/wp-content\/uploads\/2021\/08\/IMG-20210802-WA0009.jpg\"><img decoding=\"async\" width=\"1024\" height=\"682\" data-src=\"https:\/\/cvinoticias.com\/wp-content\/uploads\/2021\/08\/IMG-20210802-WA0009-1024x682.jpg\" alt=\"\" class=\"wp-image-7306 lazyload\" data-srcset=\"https:\/\/cvinoticias.com\/wp-content\/uploads\/2021\/08\/IMG-20210802-WA0009-1024x682.jpg 1024w, https:\/\/cvinoticias.com\/wp-content\/uploads\/2021\/08\/IMG-20210802-WA0009-300x200.jpg 300w, https:\/\/cvinoticias.com\/wp-content\/uploads\/2021\/08\/IMG-20210802-WA0009-768x512.jpg 768w, https:\/\/cvinoticias.com\/wp-content\/uploads\/2021\/08\/IMG-20210802-WA0009.jpg 1280w\" data-sizes=\"(max-width: 1024px) 100vw, 1024px\" src=\"data:image\/svg+xml;base64,PHN2ZyB3aWR0aD0iMSIgaGVpZ2h0PSIxIiB4bWxucz0iaHR0cDovL3d3dy53My5vcmcvMjAwMC9zdmciPjwvc3ZnPg==\" style=\"--smush-placeholder-width: 1024px; --smush-placeholder-aspect-ratio: 1024\/682;\" \/><\/a><\/figure>\n","protected":false},"excerpt":{"rendered":"<p>El precandidato de la lista \u201cJuntos\u201d Pedro Puerta se mostr\u00f3 en la costanera junto a un grupo de j\u00f3venes en bicicleta. \u201cAcciones como estas son importantes para alentar opciones de movilidad m\u00e1s sustentables\u201d enfatiz\u00f3 el joven abogado. Con una cargada primera semana de campa\u00f1a, Pedro se mostr\u00f3 en diferentes actividades en Ap\u00f3stoles, Posadas y Ober\u00e1. [&hellip;]<\/p>\n","protected":false},"author":2,"featured_media":7307,"comment_status":"open","ping_status":"open","sticky":false,"template":"","format":"standard","meta":{"footnotes":""},"categories":[42],"tags":[],"class_list":["post-7305","post","type-post","status-publish","format-standard","has-post-thumbnail","hentry","category-politica"],"yoast_head":"<!-- This site is optimized with the Yoast SEO plugin v27.4 - https:\/\/yoast.com\/product\/yoast-seo-wordpress\/ -->\n<title>Posadas-Campa\u00f1a Saludable: Pedro Puerta en bicicleta por la costanera | CVI NOTICIAS<\/title>\n<meta name=\"robots\" content=\"index, follow, max-snippet:-1, max-image-preview:large, max-video-preview:-1\" \/>\n<link rel=\"canonical\" href=\"https:\/\/cvinoticias.com\/v3\/posadas-campana-saludable-pedro-puerta-en-bicicleta-por-la-costanera\/\" \/>\n<meta property=\"og:locale\" content=\"es_ES\" \/>\n<meta property=\"og:type\" content=\"article\" \/>\n<meta property=\"og:title\" content=\"Posadas-Campa\u00f1a Saludable: Pedro Puerta en bicicleta por la costanera | CVI NOTICIAS\" \/>\n<meta property=\"og:description\" content=\"El precandidato de la lista \u201cJuntos\u201d Pedro Puerta se mostr\u00f3 en la costanera junto a un grupo de j\u00f3venes en bicicleta. \u201cAcciones como estas son importantes para alentar opciones de movilidad m\u00e1s sustentables\u201d enfatiz\u00f3 el joven abogado. Con una cargada primera semana de campa\u00f1a, Pedro se mostr\u00f3 en diferentes actividades en Ap\u00f3stoles, Posadas y Ober\u00e1. [&hellip;]\" \/>\n<meta property=\"og:url\" content=\"https:\/\/cvinoticias.com\/v3\/posadas-campana-saludable-pedro-puerta-en-bicicleta-por-la-costanera\/\" \/>\n<meta property=\"og:site_name\" content=\"CVI NOTICIAS\" \/>\n<meta property=\"article:publisher\" content=\"https:\/\/www.facebook.com\/cvinoticias\" \/>\n<meta property=\"article:published_time\" content=\"2021-08-02T13:45:41+00:00\" \/>\n<meta property=\"og:image\" content=\"https:\/\/cvinoticias.com\/wp-content\/uploads\/2021\/08\/IMG-20210802-WA0010.jpg\" \/>\n\t<meta property=\"og:image:width\" content=\"1280\" \/>\n\t<meta property=\"og:image:height\" content=\"853\" \/>\n\t<meta property=\"og:image:type\" content=\"image\/jpeg\" \/>\n<meta name=\"author\" content=\"f1000024\" \/>\n<meta name=\"twitter:card\" content=\"summary_large_image\" \/>\n<meta name=\"twitter:label1\" content=\"Escrito por\" \/>\n\t<meta name=\"twitter:data1\" content=\"f1000024\" \/>\n\t<meta name=\"twitter:label2\" content=\"Tiempo de lectura\" \/>\n\t<meta name=\"twitter:data2\" content=\"1 minuto\" \/>\n<script type=\"application\/ld+json\" class=\"yoast-schema-graph\">{\"@context\":\"https:\\\/\\\/schema.org\",\"@graph\":[{\"@type\":\"Article\",\"@id\":\"https:\\\/\\\/cvinoticias.com\\\/v3\\\/posadas-campana-saludable-pedro-puerta-en-bicicleta-por-la-costanera\\\/#article\",\"isPartOf\":{\"@id\":\"https:\\\/\\\/cvinoticias.com\\\/v3\\\/posadas-campana-saludable-pedro-puerta-en-bicicleta-por-la-costanera\\\/\"},\"author\":{\"name\":\"f1000024\",\"@id\":\"https:\\\/\\\/cvinoticias.com\\\/v3\\\/#\\\/schema\\\/person\\\/2db77e3c6bc03c538495d7b2b8be9b66\"},\"headline\":\"Posadas-Campa\u00f1a Saludable: Pedro Puerta en bicicleta por la costanera\",\"datePublished\":\"2021-08-02T13:45:41+00:00\",\"mainEntityOfPage\":{\"@id\":\"https:\\\/\\\/cvinoticias.com\\\/v3\\\/posadas-campana-saludable-pedro-puerta-en-bicicleta-por-la-costanera\\\/\"},\"wordCount\":161,\"commentCount\":0,\"publisher\":{\"@id\":\"https:\\\/\\\/cvinoticias.com\\\/v3\\\/#organization\"},\"image\":{\"@id\":\"https:\\\/\\\/cvinoticias.com\\\/v3\\\/posadas-campana-saludable-pedro-puerta-en-bicicleta-por-la-costanera\\\/#primaryimage\"},\"thumbnailUrl\":\"https:\\\/\\\/cvinoticias.com\\\/wp-content\\\/uploads\\\/2021\\\/08\\\/IMG-20210802-WA0010.jpg\",\"articleSection\":[\"Politica\"],\"inLanguage\":\"es\",\"potentialAction\":[{\"@type\":\"CommentAction\",\"name\":\"Comment\",\"target\":[\"https:\\\/\\\/cvinoticias.com\\\/v3\\\/posadas-campana-saludable-pedro-puerta-en-bicicleta-por-la-costanera\\\/#respond\"]}]},{\"@type\":\"WebPage\",\"@id\":\"https:\\\/\\\/cvinoticias.com\\\/v3\\\/posadas-campana-saludable-pedro-puerta-en-bicicleta-por-la-costanera\\\/\",\"url\":\"https:\\\/\\\/cvinoticias.com\\\/v3\\\/posadas-campana-saludable-pedro-puerta-en-bicicleta-por-la-costanera\\\/\",\"name\":\"Posadas-Campa\u00f1a Saludable: Pedro Puerta en bicicleta por la costanera | CVI NOTICIAS\",\"isPartOf\":{\"@id\":\"https:\\\/\\\/cvinoticias.com\\\/v3\\\/#website\"},\"primaryImageOfPage\":{\"@id\":\"https:\\\/\\\/cvinoticias.com\\\/v3\\\/posadas-campana-saludable-pedro-puerta-en-bicicleta-por-la-costanera\\\/#primaryimage\"},\"image\":{\"@id\":\"https:\\\/\\\/cvinoticias.com\\\/v3\\\/posadas-campana-saludable-pedro-puerta-en-bicicleta-por-la-costanera\\\/#primaryimage\"},\"thumbnailUrl\":\"https:\\\/\\\/cvinoticias.com\\\/wp-content\\\/uploads\\\/2021\\\/08\\\/IMG-20210802-WA0010.jpg\",\"datePublished\":\"2021-08-02T13:45:41+00:00\",\"breadcrumb\":{\"@id\":\"https:\\\/\\\/cvinoticias.com\\\/v3\\\/posadas-campana-saludable-pedro-puerta-en-bicicleta-por-la-costanera\\\/#breadcrumb\"},\"inLanguage\":\"es\",\"potentialAction\":[{\"@type\":\"ReadAction\",\"target\":[\"https:\\\/\\\/cvinoticias.com\\\/v3\\\/posadas-campana-saludable-pedro-puerta-en-bicicleta-por-la-costanera\\\/\"]}]},{\"@type\":\"ImageObject\",\"inLanguage\":\"es\",\"@id\":\"https:\\\/\\\/cvinoticias.com\\\/v3\\\/posadas-campana-saludable-pedro-puerta-en-bicicleta-por-la-costanera\\\/#primaryimage\",\"url\":\"https:\\\/\\\/cvinoticias.com\\\/wp-content\\\/uploads\\\/2021\\\/08\\\/IMG-20210802-WA0010.jpg\",\"contentUrl\":\"https:\\\/\\\/cvinoticias.com\\\/wp-content\\\/uploads\\\/2021\\\/08\\\/IMG-20210802-WA0010.jpg\",\"width\":1280,\"height\":853},{\"@type\":\"BreadcrumbList\",\"@id\":\"https:\\\/\\\/cvinoticias.com\\\/v3\\\/posadas-campana-saludable-pedro-puerta-en-bicicleta-por-la-costanera\\\/#breadcrumb\",\"itemListElement\":[{\"@type\":\"ListItem\",\"position\":1,\"name\":\"Portada\",\"item\":\"https:\\\/\\\/cvinoticias.com\\\/v3\\\/\"},{\"@type\":\"ListItem\",\"position\":2,\"name\":\"Posadas-Campa\u00f1a Saludable: Pedro Puerta en bicicleta por la costanera\"}]},{\"@type\":\"WebSite\",\"@id\":\"https:\\\/\\\/cvinoticias.com\\\/v3\\\/#website\",\"url\":\"https:\\\/\\\/cvinoticias.com\\\/v3\\\/\",\"name\":\"CVI NOTICIAS\",\"description\":\"\",\"publisher\":{\"@id\":\"https:\\\/\\\/cvinoticias.com\\\/v3\\\/#organization\"},\"alternateName\":\"CVI\",\"potentialAction\":[{\"@type\":\"SearchAction\",\"target\":{\"@type\":\"EntryPoint\",\"urlTemplate\":\"https:\\\/\\\/cvinoticias.com\\\/v3\\\/?s={search_term_string}\"},\"query-input\":{\"@type\":\"PropertyValueSpecification\",\"valueRequired\":true,\"valueName\":\"search_term_string\"}}],\"inLanguage\":\"es\"},{\"@type\":\"Organization\",\"@id\":\"https:\\\/\\\/cvinoticias.com\\\/v3\\\/#organization\",\"name\":\"CVI NOTICIAS\",\"url\":\"https:\\\/\\\/cvinoticias.com\\\/v3\\\/\",\"logo\":{\"@type\":\"ImageObject\",\"inLanguage\":\"es\",\"@id\":\"https:\\\/\\\/cvinoticias.com\\\/v3\\\/#\\\/schema\\\/logo\\\/image\\\/\",\"url\":\"https:\\\/\\\/cvinoticias.com\\\/wp-content\\\/uploads\\\/2023\\\/04\\\/cropped-cropped-cropped-cropped-cropped-3-1.png\",\"contentUrl\":\"https:\\\/\\\/cvinoticias.com\\\/wp-content\\\/uploads\\\/2023\\\/04\\\/cropped-cropped-cropped-cropped-cropped-3-1.png\",\"width\":95,\"height\":122,\"caption\":\"CVI NOTICIAS\"},\"image\":{\"@id\":\"https:\\\/\\\/cvinoticias.com\\\/v3\\\/#\\\/schema\\\/logo\\\/image\\\/\"},\"sameAs\":[\"https:\\\/\\\/www.facebook.com\\\/cvinoticias\",\"https:\\\/\\\/www.instagram.com\\\/cvinoticias\\\/\",\"https:\\\/\\\/www.youtube.com\\\/@CVINOTICIAS\"]},{\"@type\":\"Person\",\"@id\":\"https:\\\/\\\/cvinoticias.com\\\/v3\\\/#\\\/schema\\\/person\\\/2db77e3c6bc03c538495d7b2b8be9b66\",\"name\":\"f1000024\",\"image\":{\"@type\":\"ImageObject\",\"inLanguage\":\"es\",\"@id\":\"https:\\\/\\\/secure.gravatar.com\\\/avatar\\\/d4fe7459cfc51ff5129ce1a732bbef5928568b8092d412ef95611616376bbeed?s=96&d=mm&r=g\",\"url\":\"https:\\\/\\\/secure.gravatar.com\\\/avatar\\\/d4fe7459cfc51ff5129ce1a732bbef5928568b8092d412ef95611616376bbeed?s=96&d=mm&r=g\",\"contentUrl\":\"https:\\\/\\\/secure.gravatar.com\\\/avatar\\\/d4fe7459cfc51ff5129ce1a732bbef5928568b8092d412ef95611616376bbeed?s=96&d=mm&r=g\",\"caption\":\"f1000024\"},\"url\":\"https:\\\/\\\/cvinoticias.com\\\/v3\\\/author\\\/f1000024\\\/\"}]}<\/script>\n<!-- \/ Yoast SEO plugin. -->","yoast_head_json":{"title":"Posadas-Campa\u00f1a Saludable: Pedro Puerta en bicicleta por la costanera | CVI NOTICIAS","robots":{"index":"index","follow":"follow","max-snippet":"max-snippet:-1","max-image-preview":"max-image-preview:large","max-video-preview":"max-video-preview:-1"},"canonical":"https:\/\/cvinoticias.com\/v3\/posadas-campana-saludable-pedro-puerta-en-bicicleta-por-la-costanera\/","og_locale":"es_ES","og_type":"article","og_title":"Posadas-Campa\u00f1a Saludable: Pedro Puerta en bicicleta por la costanera | CVI NOTICIAS","og_description":"El precandidato de la lista \u201cJuntos\u201d Pedro Puerta se mostr\u00f3 en la costanera junto a un grupo de j\u00f3venes en bicicleta. \u201cAcciones como estas son importantes para alentar opciones de movilidad m\u00e1s sustentables\u201d enfatiz\u00f3 el joven abogado. Con una cargada primera semana de campa\u00f1a, Pedro se mostr\u00f3 en diferentes actividades en Ap\u00f3stoles, Posadas y Ober\u00e1. [&hellip;]","og_url":"https:\/\/cvinoticias.com\/v3\/posadas-campana-saludable-pedro-puerta-en-bicicleta-por-la-costanera\/","og_site_name":"CVI NOTICIAS","article_publisher":"https:\/\/www.facebook.com\/cvinoticias","article_published_time":"2021-08-02T13:45:41+00:00","og_image":[{"width":1280,"height":853,"url":"https:\/\/cvinoticias.com\/wp-content\/uploads\/2021\/08\/IMG-20210802-WA0010.jpg","type":"image\/jpeg"}],"author":"f1000024","twitter_card":"summary_large_image","twitter_misc":{"Escrito por":"f1000024","Tiempo de lectura":"1 minuto"},"schema":{"@context":"https:\/\/schema.org","@graph":[{"@type":"Article","@id":"https:\/\/cvinoticias.com\/v3\/posadas-campana-saludable-pedro-puerta-en-bicicleta-por-la-costanera\/#article","isPartOf":{"@id":"https:\/\/cvinoticias.com\/v3\/posadas-campana-saludable-pedro-puerta-en-bicicleta-por-la-costanera\/"},"author":{"name":"f1000024","@id":"https:\/\/cvinoticias.com\/v3\/#\/schema\/person\/2db77e3c6bc03c538495d7b2b8be9b66"},"headline":"Posadas-Campa\u00f1a Saludable: Pedro Puerta en bicicleta por la costanera","datePublished":"2021-08-02T13:45:41+00:00","mainEntityOfPage":{"@id":"https:\/\/cvinoticias.com\/v3\/posadas-campana-saludable-pedro-puerta-en-bicicleta-por-la-costanera\/"},"wordCount":161,"commentCount":0,"publisher":{"@id":"https:\/\/cvinoticias.com\/v3\/#organization"},"image":{"@id":"https:\/\/cvinoticias.com\/v3\/posadas-campana-saludable-pedro-puerta-en-bicicleta-por-la-costanera\/#primaryimage"},"thumbnailUrl":"https:\/\/cvinoticias.com\/wp-content\/uploads\/2021\/08\/IMG-20210802-WA0010.jpg","articleSection":["Politica"],"inLanguage":"es","potentialAction":[{"@type":"CommentAction","name":"Comment","target":["https:\/\/cvinoticias.com\/v3\/posadas-campana-saludable-pedro-puerta-en-bicicleta-por-la-costanera\/#respond"]}]},{"@type":"WebPage","@id":"https:\/\/cvinoticias.com\/v3\/posadas-campana-saludable-pedro-puerta-en-bicicleta-por-la-costanera\/","url":"https:\/\/cvinoticias.com\/v3\/posadas-campana-saludable-pedro-puerta-en-bicicleta-por-la-costanera\/","name":"Posadas-Campa\u00f1a Saludable: Pedro Puerta en bicicleta por la costanera | CVI NOTICIAS","isPartOf":{"@id":"https:\/\/cvinoticias.com\/v3\/#website"},"primaryImageOfPage":{"@id":"https:\/\/cvinoticias.com\/v3\/posadas-campana-saludable-pedro-puerta-en-bicicleta-por-la-costanera\/#primaryimage"},"image":{"@id":"https:\/\/cvinoticias.com\/v3\/posadas-campana-saludable-pedro-puerta-en-bicicleta-por-la-costanera\/#primaryimage"},"thumbnailUrl":"https:\/\/cvinoticias.com\/wp-content\/uploads\/2021\/08\/IMG-20210802-WA0010.jpg","datePublished":"2021-08-02T13:45:41+00:00","breadcrumb":{"@id":"https:\/\/cvinoticias.com\/v3\/posadas-campana-saludable-pedro-puerta-en-bicicleta-por-la-costanera\/#breadcrumb"},"inLanguage":"es","potentialAction":[{"@type":"ReadAction","target":["https:\/\/cvinoticias.com\/v3\/posadas-campana-saludable-pedro-puerta-en-bicicleta-por-la-costanera\/"]}]},{"@type":"ImageObject","inLanguage":"es","@id":"https:\/\/cvinoticias.com\/v3\/posadas-campana-saludable-pedro-puerta-en-bicicleta-por-la-costanera\/#primaryimage","url":"https:\/\/cvinoticias.com\/wp-content\/uploads\/2021\/08\/IMG-20210802-WA0010.jpg","contentUrl":"https:\/\/cvinoticias.com\/wp-content\/uploads\/2021\/08\/IMG-20210802-WA0010.jpg","width":1280,"height":853},{"@type":"BreadcrumbList","@id":"https:\/\/cvinoticias.com\/v3\/posadas-campana-saludable-pedro-puerta-en-bicicleta-por-la-costanera\/#breadcrumb","itemListElement":[{"@type":"ListItem","position":1,"name":"Portada","item":"https:\/\/cvinoticias.com\/v3\/"},{"@type":"ListItem","position":2,"name":"Posadas-Campa\u00f1a Saludable: Pedro Puerta en bicicleta por la costanera"}]},{"@type":"WebSite","@id":"https:\/\/cvinoticias.com\/v3\/#website","url":"https:\/\/cvinoticias.com\/v3\/","name":"CVI NOTICIAS","description":"","publisher":{"@id":"https:\/\/cvinoticias.com\/v3\/#organization"},"alternateName":"CVI","potentialAction":[{"@type":"SearchAction","target":{"@type":"EntryPoint","urlTemplate":"https:\/\/cvinoticias.com\/v3\/?s={search_term_string}"},"query-input":{"@type":"PropertyValueSpecification","valueRequired":true,"valueName":"search_term_string"}}],"inLanguage":"es"},{"@type":"Organization","@id":"https:\/\/cvinoticias.com\/v3\/#organization","name":"CVI NOTICIAS","url":"https:\/\/cvinoticias.com\/v3\/","logo":{"@type":"ImageObject","inLanguage":"es","@id":"https:\/\/cvinoticias.com\/v3\/#\/schema\/logo\/image\/","url":"https:\/\/cvinoticias.com\/wp-content\/uploads\/2023\/04\/cropped-cropped-cropped-cropped-cropped-3-1.png","contentUrl":"https:\/\/cvinoticias.com\/wp-content\/uploads\/2023\/04\/cropped-cropped-cropped-cropped-cropped-3-1.png","width":95,"height":122,"caption":"CVI NOTICIAS"},"image":{"@id":"https:\/\/cvinoticias.com\/v3\/#\/schema\/logo\/image\/"},"sameAs":["https:\/\/www.facebook.com\/cvinoticias","https:\/\/www.instagram.com\/cvinoticias\/","https:\/\/www.youtube.com\/@CVINOTICIAS"]},{"@type":"Person","@id":"https:\/\/cvinoticias.com\/v3\/#\/schema\/person\/2db77e3c6bc03c538495d7b2b8be9b66","name":"f1000024","image":{"@type":"ImageObject","inLanguage":"es","@id":"https:\/\/secure.gravatar.com\/avatar\/d4fe7459cfc51ff5129ce1a732bbef5928568b8092d412ef95611616376bbeed?s=96&d=mm&r=g","url":"https:\/\/secure.gravatar.com\/avatar\/d4fe7459cfc51ff5129ce1a732bbef5928568b8092d412ef95611616376bbeed?s=96&d=mm&r=g","contentUrl":"https:\/\/secure.gravatar.com\/avatar\/d4fe7459cfc51ff5129ce1a732bbef5928568b8092d412ef95611616376bbeed?s=96&d=mm&r=g","caption":"f1000024"},"url":"https:\/\/cvinoticias.com\/v3\/author\/f1000024\/"}]}},"_links":{"self":[{"href":"https:\/\/cvinoticias.com\/v3\/wp-json\/wp\/v2\/posts\/7305","targetHints":{"allow":["GET"]}}],"collection":[{"href":"https:\/\/cvinoticias.com\/v3\/wp-json\/wp\/v2\/posts"}],"about":[{"href":"https:\/\/cvinoticias.com\/v3\/wp-json\/wp\/v2\/types\/post"}],"author":[{"embeddable":true,"href":"https:\/\/cvinoticias.com\/v3\/wp-json\/wp\/v2\/users\/2"}],"replies":[{"embeddable":true,"href":"https:\/\/cvinoticias.com\/v3\/wp-json\/wp\/v2\/comments?post=7305"}],"version-history":[{"count":1,"href":"https:\/\/cvinoticias.com\/v3\/wp-json\/wp\/v2\/posts\/7305\/revisions"}],"predecessor-version":[{"id":7308,"href":"https:\/\/cvinoticias.com\/v3\/wp-json\/wp\/v2\/posts\/7305\/revisions\/7308"}],"wp:featuredmedia":[{"embeddable":true,"href":"https:\/\/cvinoticias.com\/v3\/wp-json\/wp\/v2\/media\/7307"}],"wp:attachment":[{"href":"https:\/\/cvinoticias.com\/v3\/wp-json\/wp\/v2\/media?parent=7305"}],"wp:term":[{"taxonomy":"category","embeddable":true,"href":"https:\/\/cvinoticias.com\/v3\/wp-json\/wp\/v2\/categories?post=7305"},{"taxonomy":"post_tag","embeddable":true,"href":"https:\/\/cvinoticias.com\/v3\/wp-json\/wp\/v2\/tags?post=7305"}],"curies":[{"name":"wp","href":"https:\/\/api.w.org\/{rel}","templated":true}]}}