{"id":7300,"date":"2021-08-02T12:37:50","date_gmt":"2021-08-02T12:37:50","guid":{"rendered":"https:\/\/cvinoticias.com\/v3\/?p=7300"},"modified":"2021-08-02T12:37:50","modified_gmt":"2021-08-02T12:37:50","slug":"iguazu-detuvieron-a-un-joven-involucrado-en-el-robo-de-cables-del-salon-comunitario-del-barrio-los-cedros","status":"publish","type":"post","link":"https:\/\/cvinoticias.com\/v3\/iguazu-detuvieron-a-un-joven-involucrado-en-el-robo-de-cables-del-salon-comunitario-del-barrio-los-cedros\/","title":{"rendered":"Iguaz\u00fa: Detuvieron a un joven involucrado en el robo de cables del sal\u00f3n comunitario del barrio los Cedros"},"content":{"rendered":"\n<p><strong><em>El procedimiento fue realizado alrededor de las 23.30 horas de ayer, cuando efectivos de la comisar\u00eda jurisdiccional acudieron a un llamado a la l\u00ednea de emergencia 101, dando cuenta que desconocidos ingresaron al predio del sal\u00f3n comunitario denominado \u00abEl Nido\u00bb del barrio Los Cedros y sustrajeron objetos.<\/em><\/strong><\/p>\n\n\n\n<p>En el lugar, la polic\u00eda constat\u00f3 que desconocidos violentaron una de las ventanas de acceso y la caja del pilar de luz, provocando el corte de energ\u00eda. Inmediatamente, tras un rastrillaje en la zona la polic\u00eda identific\u00f3 y detuvo al joven de 21 a\u00f1os y entre sus pertenencias encontr\u00f3 un guante negro similar al hallado en el lugar del hecho. Los investigadores incautaron en un sector donde momentos antes se estar\u00eda reduciendo el cobre de los cables, una pinza.<\/p>\n\n\n\n<p>El hombre fue detenido y puesto a disposici\u00f3n de la justicia y los elementos secuestrados fueron depositados en sede policial como parte de la investigaci\u00f3n.<\/p>\n\n\n\n<figure class=\"wp-block-image size-full\"><a href=\"https:\/\/cvinoticias.com\/wp-content\/uploads\/2021\/08\/FB_IMG_1627907641233.jpg\"><img decoding=\"async\" width=\"720\" height=\"960\" data-src=\"https:\/\/cvinoticias.com\/wp-content\/uploads\/2021\/08\/FB_IMG_1627907641233.jpg\" alt=\"\" class=\"wp-image-7302 lazyload\" data-srcset=\"https:\/\/cvinoticias.com\/wp-content\/uploads\/2021\/08\/FB_IMG_1627907641233.jpg 720w, https:\/\/cvinoticias.com\/wp-content\/uploads\/2021\/08\/FB_IMG_1627907641233-225x300.jpg 225w\" data-sizes=\"(max-width: 720px) 100vw, 720px\" src=\"data:image\/svg+xml;base64,PHN2ZyB3aWR0aD0iMSIgaGVpZ2h0PSIxIiB4bWxucz0iaHR0cDovL3d3dy53My5vcmcvMjAwMC9zdmciPjwvc3ZnPg==\" style=\"--smush-placeholder-width: 720px; --smush-placeholder-aspect-ratio: 720\/960;\" \/><\/a><\/figure>\n\n\n\n<figure class=\"wp-block-image size-full\"><a href=\"https:\/\/cvinoticias.com\/wp-content\/uploads\/2021\/08\/FB_IMG_1627907651836.jpg\"><img decoding=\"async\" width=\"753\" height=\"960\" data-src=\"https:\/\/cvinoticias.com\/wp-content\/uploads\/2021\/08\/FB_IMG_1627907651836.jpg\" alt=\"\" class=\"wp-image-7303 lazyload\" data-srcset=\"https:\/\/cvinoticias.com\/wp-content\/uploads\/2021\/08\/FB_IMG_1627907651836.jpg 753w, https:\/\/cvinoticias.com\/wp-content\/uploads\/2021\/08\/FB_IMG_1627907651836-235x300.jpg 235w\" data-sizes=\"(max-width: 753px) 100vw, 753px\" src=\"data:image\/svg+xml;base64,PHN2ZyB3aWR0aD0iMSIgaGVpZ2h0PSIxIiB4bWxucz0iaHR0cDovL3d3dy53My5vcmcvMjAwMC9zdmciPjwvc3ZnPg==\" style=\"--smush-placeholder-width: 753px; --smush-placeholder-aspect-ratio: 753\/960;\" \/><\/a><\/figure>\n","protected":false},"excerpt":{"rendered":"<p>El procedimiento fue realizado alrededor de las 23.30 horas de ayer, cuando efectivos de la comisar\u00eda jurisdiccional acudieron a un llamado a la l\u00ednea de emergencia 101, dando cuenta que desconocidos ingresaron al predio del sal\u00f3n comunitario denominado \u00abEl Nido\u00bb del barrio Los Cedros y sustrajeron objetos. En el lugar, la polic\u00eda constat\u00f3 que desconocidos [&hellip;]<\/p>\n","protected":false},"author":2,"featured_media":7301,"comment_status":"open","ping_status":"open","sticky":false,"template":"","format":"standard","meta":{"footnotes":""},"categories":[41],"tags":[],"class_list":["post-7300","post","type-post","status-publish","format-standard","has-post-thumbnail","hentry","category-policiales"],"yoast_head":"<!-- This site is optimized with the Yoast SEO plugin v27.4 - https:\/\/yoast.com\/product\/yoast-seo-wordpress\/ -->\n<title>Iguaz\u00fa: Detuvieron a un joven involucrado en el robo de cables del sal\u00f3n comunitario del barrio los Cedros | CVI NOTICIAS<\/title>\n<meta name=\"robots\" content=\"index, follow, max-snippet:-1, max-image-preview:large, max-video-preview:-1\" \/>\n<link rel=\"canonical\" href=\"https:\/\/cvinoticias.com\/v3\/iguazu-detuvieron-a-un-joven-involucrado-en-el-robo-de-cables-del-salon-comunitario-del-barrio-los-cedros\/\" \/>\n<meta property=\"og:locale\" content=\"es_ES\" \/>\n<meta property=\"og:type\" content=\"article\" \/>\n<meta property=\"og:title\" content=\"Iguaz\u00fa: Detuvieron a un joven involucrado en el robo de cables del sal\u00f3n comunitario del barrio los Cedros | CVI NOTICIAS\" \/>\n<meta property=\"og:description\" content=\"El procedimiento fue realizado alrededor de las 23.30 horas de ayer, cuando efectivos de la comisar\u00eda jurisdiccional acudieron a un llamado a la l\u00ednea de emergencia 101, dando cuenta que desconocidos ingresaron al predio del sal\u00f3n comunitario denominado \u00abEl Nido\u00bb del barrio Los Cedros y sustrajeron objetos. En el lugar, la polic\u00eda constat\u00f3 que desconocidos [&hellip;]\" \/>\n<meta property=\"og:url\" content=\"https:\/\/cvinoticias.com\/v3\/iguazu-detuvieron-a-un-joven-involucrado-en-el-robo-de-cables-del-salon-comunitario-del-barrio-los-cedros\/\" \/>\n<meta property=\"og:site_name\" content=\"CVI NOTICIAS\" \/>\n<meta property=\"article:publisher\" content=\"https:\/\/www.facebook.com\/cvinoticias\" \/>\n<meta property=\"article:published_time\" content=\"2021-08-02T12:37:50+00:00\" \/>\n<meta property=\"og:image\" content=\"https:\/\/cvinoticias.com\/wp-content\/uploads\/2021\/08\/FB_IMG_1627907638487.jpg\" \/>\n\t<meta property=\"og:image:width\" content=\"868\" \/>\n\t<meta property=\"og:image:height\" content=\"960\" \/>\n\t<meta property=\"og:image:type\" content=\"image\/jpeg\" \/>\n<meta name=\"author\" content=\"f1000024\" \/>\n<meta name=\"twitter:card\" content=\"summary_large_image\" \/>\n<meta name=\"twitter:label1\" content=\"Escrito por\" \/>\n\t<meta name=\"twitter:data1\" content=\"f1000024\" \/>\n\t<meta name=\"twitter:label2\" content=\"Tiempo de lectura\" \/>\n\t<meta name=\"twitter:data2\" content=\"1 minuto\" \/>\n<script type=\"application\/ld+json\" class=\"yoast-schema-graph\">{\"@context\":\"https:\\\/\\\/schema.org\",\"@graph\":[{\"@type\":\"Article\",\"@id\":\"https:\\\/\\\/cvinoticias.com\\\/v3\\\/iguazu-detuvieron-a-un-joven-involucrado-en-el-robo-de-cables-del-salon-comunitario-del-barrio-los-cedros\\\/#article\",\"isPartOf\":{\"@id\":\"https:\\\/\\\/cvinoticias.com\\\/v3\\\/iguazu-detuvieron-a-un-joven-involucrado-en-el-robo-de-cables-del-salon-comunitario-del-barrio-los-cedros\\\/\"},\"author\":{\"name\":\"f1000024\",\"@id\":\"https:\\\/\\\/cvinoticias.com\\\/v3\\\/#\\\/schema\\\/person\\\/2db77e3c6bc03c538495d7b2b8be9b66\"},\"headline\":\"Iguaz\u00fa: Detuvieron a un joven involucrado en el robo de cables del sal\u00f3n comunitario del barrio los Cedros\",\"datePublished\":\"2021-08-02T12:37:50+00:00\",\"mainEntityOfPage\":{\"@id\":\"https:\\\/\\\/cvinoticias.com\\\/v3\\\/iguazu-detuvieron-a-un-joven-involucrado-en-el-robo-de-cables-del-salon-comunitario-del-barrio-los-cedros\\\/\"},\"wordCount\":177,\"commentCount\":0,\"publisher\":{\"@id\":\"https:\\\/\\\/cvinoticias.com\\\/v3\\\/#organization\"},\"image\":{\"@id\":\"https:\\\/\\\/cvinoticias.com\\\/v3\\\/iguazu-detuvieron-a-un-joven-involucrado-en-el-robo-de-cables-del-salon-comunitario-del-barrio-los-cedros\\\/#primaryimage\"},\"thumbnailUrl\":\"https:\\\/\\\/cvinoticias.com\\\/wp-content\\\/uploads\\\/2021\\\/08\\\/FB_IMG_1627907638487.jpg\",\"articleSection\":[\"Policiales\"],\"inLanguage\":\"es\",\"potentialAction\":[{\"@type\":\"CommentAction\",\"name\":\"Comment\",\"target\":[\"https:\\\/\\\/cvinoticias.com\\\/v3\\\/iguazu-detuvieron-a-un-joven-involucrado-en-el-robo-de-cables-del-salon-comunitario-del-barrio-los-cedros\\\/#respond\"]}]},{\"@type\":\"WebPage\",\"@id\":\"https:\\\/\\\/cvinoticias.com\\\/v3\\\/iguazu-detuvieron-a-un-joven-involucrado-en-el-robo-de-cables-del-salon-comunitario-del-barrio-los-cedros\\\/\",\"url\":\"https:\\\/\\\/cvinoticias.com\\\/v3\\\/iguazu-detuvieron-a-un-joven-involucrado-en-el-robo-de-cables-del-salon-comunitario-del-barrio-los-cedros\\\/\",\"name\":\"Iguaz\u00fa: Detuvieron a un joven involucrado en el robo de cables del sal\u00f3n comunitario del barrio los Cedros | CVI NOTICIAS\",\"isPartOf\":{\"@id\":\"https:\\\/\\\/cvinoticias.com\\\/v3\\\/#website\"},\"primaryImageOfPage\":{\"@id\":\"https:\\\/\\\/cvinoticias.com\\\/v3\\\/iguazu-detuvieron-a-un-joven-involucrado-en-el-robo-de-cables-del-salon-comunitario-del-barrio-los-cedros\\\/#primaryimage\"},\"image\":{\"@id\":\"https:\\\/\\\/cvinoticias.com\\\/v3\\\/iguazu-detuvieron-a-un-joven-involucrado-en-el-robo-de-cables-del-salon-comunitario-del-barrio-los-cedros\\\/#primaryimage\"},\"thumbnailUrl\":\"https:\\\/\\\/cvinoticias.com\\\/wp-content\\\/uploads\\\/2021\\\/08\\\/FB_IMG_1627907638487.jpg\",\"datePublished\":\"2021-08-02T12:37:50+00:00\",\"breadcrumb\":{\"@id\":\"https:\\\/\\\/cvinoticias.com\\\/v3\\\/iguazu-detuvieron-a-un-joven-involucrado-en-el-robo-de-cables-del-salon-comunitario-del-barrio-los-cedros\\\/#breadcrumb\"},\"inLanguage\":\"es\",\"potentialAction\":[{\"@type\":\"ReadAction\",\"target\":[\"https:\\\/\\\/cvinoticias.com\\\/v3\\\/iguazu-detuvieron-a-un-joven-involucrado-en-el-robo-de-cables-del-salon-comunitario-del-barrio-los-cedros\\\/\"]}]},{\"@type\":\"ImageObject\",\"inLanguage\":\"es\",\"@id\":\"https:\\\/\\\/cvinoticias.com\\\/v3\\\/iguazu-detuvieron-a-un-joven-involucrado-en-el-robo-de-cables-del-salon-comunitario-del-barrio-los-cedros\\\/#primaryimage\",\"url\":\"https:\\\/\\\/cvinoticias.com\\\/wp-content\\\/uploads\\\/2021\\\/08\\\/FB_IMG_1627907638487.jpg\",\"contentUrl\":\"https:\\\/\\\/cvinoticias.com\\\/wp-content\\\/uploads\\\/2021\\\/08\\\/FB_IMG_1627907638487.jpg\",\"width\":868,\"height\":960},{\"@type\":\"BreadcrumbList\",\"@id\":\"https:\\\/\\\/cvinoticias.com\\\/v3\\\/iguazu-detuvieron-a-un-joven-involucrado-en-el-robo-de-cables-del-salon-comunitario-del-barrio-los-cedros\\\/#breadcrumb\",\"itemListElement\":[{\"@type\":\"ListItem\",\"position\":1,\"name\":\"Portada\",\"item\":\"https:\\\/\\\/cvinoticias.com\\\/v3\\\/\"},{\"@type\":\"ListItem\",\"position\":2,\"name\":\"Iguaz\u00fa: Detuvieron a un joven involucrado en el robo de cables del sal\u00f3n comunitario del barrio los Cedros\"}]},{\"@type\":\"WebSite\",\"@id\":\"https:\\\/\\\/cvinoticias.com\\\/v3\\\/#website\",\"url\":\"https:\\\/\\\/cvinoticias.com\\\/v3\\\/\",\"name\":\"CVI NOTICIAS\",\"description\":\"\",\"publisher\":{\"@id\":\"https:\\\/\\\/cvinoticias.com\\\/v3\\\/#organization\"},\"alternateName\":\"CVI\",\"potentialAction\":[{\"@type\":\"SearchAction\",\"target\":{\"@type\":\"EntryPoint\",\"urlTemplate\":\"https:\\\/\\\/cvinoticias.com\\\/v3\\\/?s={search_term_string}\"},\"query-input\":{\"@type\":\"PropertyValueSpecification\",\"valueRequired\":true,\"valueName\":\"search_term_string\"}}],\"inLanguage\":\"es\"},{\"@type\":\"Organization\",\"@id\":\"https:\\\/\\\/cvinoticias.com\\\/v3\\\/#organization\",\"name\":\"CVI NOTICIAS\",\"url\":\"https:\\\/\\\/cvinoticias.com\\\/v3\\\/\",\"logo\":{\"@type\":\"ImageObject\",\"inLanguage\":\"es\",\"@id\":\"https:\\\/\\\/cvinoticias.com\\\/v3\\\/#\\\/schema\\\/logo\\\/image\\\/\",\"url\":\"https:\\\/\\\/cvinoticias.com\\\/wp-content\\\/uploads\\\/2023\\\/04\\\/cropped-cropped-cropped-cropped-cropped-3-1.png\",\"contentUrl\":\"https:\\\/\\\/cvinoticias.com\\\/wp-content\\\/uploads\\\/2023\\\/04\\\/cropped-cropped-cropped-cropped-cropped-3-1.png\",\"width\":95,\"height\":122,\"caption\":\"CVI NOTICIAS\"},\"image\":{\"@id\":\"https:\\\/\\\/cvinoticias.com\\\/v3\\\/#\\\/schema\\\/logo\\\/image\\\/\"},\"sameAs\":[\"https:\\\/\\\/www.facebook.com\\\/cvinoticias\",\"https:\\\/\\\/www.instagram.com\\\/cvinoticias\\\/\",\"https:\\\/\\\/www.youtube.com\\\/@CVINOTICIAS\"]},{\"@type\":\"Person\",\"@id\":\"https:\\\/\\\/cvinoticias.com\\\/v3\\\/#\\\/schema\\\/person\\\/2db77e3c6bc03c538495d7b2b8be9b66\",\"name\":\"f1000024\",\"image\":{\"@type\":\"ImageObject\",\"inLanguage\":\"es\",\"@id\":\"https:\\\/\\\/secure.gravatar.com\\\/avatar\\\/d4fe7459cfc51ff5129ce1a732bbef5928568b8092d412ef95611616376bbeed?s=96&d=mm&r=g\",\"url\":\"https:\\\/\\\/secure.gravatar.com\\\/avatar\\\/d4fe7459cfc51ff5129ce1a732bbef5928568b8092d412ef95611616376bbeed?s=96&d=mm&r=g\",\"contentUrl\":\"https:\\\/\\\/secure.gravatar.com\\\/avatar\\\/d4fe7459cfc51ff5129ce1a732bbef5928568b8092d412ef95611616376bbeed?s=96&d=mm&r=g\",\"caption\":\"f1000024\"},\"url\":\"https:\\\/\\\/cvinoticias.com\\\/v3\\\/author\\\/f1000024\\\/\"}]}<\/script>\n<!-- \/ Yoast SEO plugin. -->","yoast_head_json":{"title":"Iguaz\u00fa: Detuvieron a un joven involucrado en el robo de cables del sal\u00f3n comunitario del barrio los Cedros | CVI NOTICIAS","robots":{"index":"index","follow":"follow","max-snippet":"max-snippet:-1","max-image-preview":"max-image-preview:large","max-video-preview":"max-video-preview:-1"},"canonical":"https:\/\/cvinoticias.com\/v3\/iguazu-detuvieron-a-un-joven-involucrado-en-el-robo-de-cables-del-salon-comunitario-del-barrio-los-cedros\/","og_locale":"es_ES","og_type":"article","og_title":"Iguaz\u00fa: Detuvieron a un joven involucrado en el robo de cables del sal\u00f3n comunitario del barrio los Cedros | CVI NOTICIAS","og_description":"El procedimiento fue realizado alrededor de las 23.30 horas de ayer, cuando efectivos de la comisar\u00eda jurisdiccional acudieron a un llamado a la l\u00ednea de emergencia 101, dando cuenta que desconocidos ingresaron al predio del sal\u00f3n comunitario denominado \u00abEl Nido\u00bb del barrio Los Cedros y sustrajeron objetos. En el lugar, la polic\u00eda constat\u00f3 que desconocidos [&hellip;]","og_url":"https:\/\/cvinoticias.com\/v3\/iguazu-detuvieron-a-un-joven-involucrado-en-el-robo-de-cables-del-salon-comunitario-del-barrio-los-cedros\/","og_site_name":"CVI NOTICIAS","article_publisher":"https:\/\/www.facebook.com\/cvinoticias","article_published_time":"2021-08-02T12:37:50+00:00","og_image":[{"width":868,"height":960,"url":"https:\/\/cvinoticias.com\/wp-content\/uploads\/2021\/08\/FB_IMG_1627907638487.jpg","type":"image\/jpeg"}],"author":"f1000024","twitter_card":"summary_large_image","twitter_misc":{"Escrito por":"f1000024","Tiempo de lectura":"1 minuto"},"schema":{"@context":"https:\/\/schema.org","@graph":[{"@type":"Article","@id":"https:\/\/cvinoticias.com\/v3\/iguazu-detuvieron-a-un-joven-involucrado-en-el-robo-de-cables-del-salon-comunitario-del-barrio-los-cedros\/#article","isPartOf":{"@id":"https:\/\/cvinoticias.com\/v3\/iguazu-detuvieron-a-un-joven-involucrado-en-el-robo-de-cables-del-salon-comunitario-del-barrio-los-cedros\/"},"author":{"name":"f1000024","@id":"https:\/\/cvinoticias.com\/v3\/#\/schema\/person\/2db77e3c6bc03c538495d7b2b8be9b66"},"headline":"Iguaz\u00fa: Detuvieron a un joven involucrado en el robo de cables del sal\u00f3n comunitario del barrio los Cedros","datePublished":"2021-08-02T12:37:50+00:00","mainEntityOfPage":{"@id":"https:\/\/cvinoticias.com\/v3\/iguazu-detuvieron-a-un-joven-involucrado-en-el-robo-de-cables-del-salon-comunitario-del-barrio-los-cedros\/"},"wordCount":177,"commentCount":0,"publisher":{"@id":"https:\/\/cvinoticias.com\/v3\/#organization"},"image":{"@id":"https:\/\/cvinoticias.com\/v3\/iguazu-detuvieron-a-un-joven-involucrado-en-el-robo-de-cables-del-salon-comunitario-del-barrio-los-cedros\/#primaryimage"},"thumbnailUrl":"https:\/\/cvinoticias.com\/wp-content\/uploads\/2021\/08\/FB_IMG_1627907638487.jpg","articleSection":["Policiales"],"inLanguage":"es","potentialAction":[{"@type":"CommentAction","name":"Comment","target":["https:\/\/cvinoticias.com\/v3\/iguazu-detuvieron-a-un-joven-involucrado-en-el-robo-de-cables-del-salon-comunitario-del-barrio-los-cedros\/#respond"]}]},{"@type":"WebPage","@id":"https:\/\/cvinoticias.com\/v3\/iguazu-detuvieron-a-un-joven-involucrado-en-el-robo-de-cables-del-salon-comunitario-del-barrio-los-cedros\/","url":"https:\/\/cvinoticias.com\/v3\/iguazu-detuvieron-a-un-joven-involucrado-en-el-robo-de-cables-del-salon-comunitario-del-barrio-los-cedros\/","name":"Iguaz\u00fa: Detuvieron a un joven involucrado en el robo de cables del sal\u00f3n comunitario del barrio los Cedros | CVI NOTICIAS","isPartOf":{"@id":"https:\/\/cvinoticias.com\/v3\/#website"},"primaryImageOfPage":{"@id":"https:\/\/cvinoticias.com\/v3\/iguazu-detuvieron-a-un-joven-involucrado-en-el-robo-de-cables-del-salon-comunitario-del-barrio-los-cedros\/#primaryimage"},"image":{"@id":"https:\/\/cvinoticias.com\/v3\/iguazu-detuvieron-a-un-joven-involucrado-en-el-robo-de-cables-del-salon-comunitario-del-barrio-los-cedros\/#primaryimage"},"thumbnailUrl":"https:\/\/cvinoticias.com\/wp-content\/uploads\/2021\/08\/FB_IMG_1627907638487.jpg","datePublished":"2021-08-02T12:37:50+00:00","breadcrumb":{"@id":"https:\/\/cvinoticias.com\/v3\/iguazu-detuvieron-a-un-joven-involucrado-en-el-robo-de-cables-del-salon-comunitario-del-barrio-los-cedros\/#breadcrumb"},"inLanguage":"es","potentialAction":[{"@type":"ReadAction","target":["https:\/\/cvinoticias.com\/v3\/iguazu-detuvieron-a-un-joven-involucrado-en-el-robo-de-cables-del-salon-comunitario-del-barrio-los-cedros\/"]}]},{"@type":"ImageObject","inLanguage":"es","@id":"https:\/\/cvinoticias.com\/v3\/iguazu-detuvieron-a-un-joven-involucrado-en-el-robo-de-cables-del-salon-comunitario-del-barrio-los-cedros\/#primaryimage","url":"https:\/\/cvinoticias.com\/wp-content\/uploads\/2021\/08\/FB_IMG_1627907638487.jpg","contentUrl":"https:\/\/cvinoticias.com\/wp-content\/uploads\/2021\/08\/FB_IMG_1627907638487.jpg","width":868,"height":960},{"@type":"BreadcrumbList","@id":"https:\/\/cvinoticias.com\/v3\/iguazu-detuvieron-a-un-joven-involucrado-en-el-robo-de-cables-del-salon-comunitario-del-barrio-los-cedros\/#breadcrumb","itemListElement":[{"@type":"ListItem","position":1,"name":"Portada","item":"https:\/\/cvinoticias.com\/v3\/"},{"@type":"ListItem","position":2,"name":"Iguaz\u00fa: Detuvieron a un joven involucrado en el robo de cables del sal\u00f3n comunitario del barrio los Cedros"}]},{"@type":"WebSite","@id":"https:\/\/cvinoticias.com\/v3\/#website","url":"https:\/\/cvinoticias.com\/v3\/","name":"CVI NOTICIAS","description":"","publisher":{"@id":"https:\/\/cvinoticias.com\/v3\/#organization"},"alternateName":"CVI","potentialAction":[{"@type":"SearchAction","target":{"@type":"EntryPoint","urlTemplate":"https:\/\/cvinoticias.com\/v3\/?s={search_term_string}"},"query-input":{"@type":"PropertyValueSpecification","valueRequired":true,"valueName":"search_term_string"}}],"inLanguage":"es"},{"@type":"Organization","@id":"https:\/\/cvinoticias.com\/v3\/#organization","name":"CVI NOTICIAS","url":"https:\/\/cvinoticias.com\/v3\/","logo":{"@type":"ImageObject","inLanguage":"es","@id":"https:\/\/cvinoticias.com\/v3\/#\/schema\/logo\/image\/","url":"https:\/\/cvinoticias.com\/wp-content\/uploads\/2023\/04\/cropped-cropped-cropped-cropped-cropped-3-1.png","contentUrl":"https:\/\/cvinoticias.com\/wp-content\/uploads\/2023\/04\/cropped-cropped-cropped-cropped-cropped-3-1.png","width":95,"height":122,"caption":"CVI NOTICIAS"},"image":{"@id":"https:\/\/cvinoticias.com\/v3\/#\/schema\/logo\/image\/"},"sameAs":["https:\/\/www.facebook.com\/cvinoticias","https:\/\/www.instagram.com\/cvinoticias\/","https:\/\/www.youtube.com\/@CVINOTICIAS"]},{"@type":"Person","@id":"https:\/\/cvinoticias.com\/v3\/#\/schema\/person\/2db77e3c6bc03c538495d7b2b8be9b66","name":"f1000024","image":{"@type":"ImageObject","inLanguage":"es","@id":"https:\/\/secure.gravatar.com\/avatar\/d4fe7459cfc51ff5129ce1a732bbef5928568b8092d412ef95611616376bbeed?s=96&d=mm&r=g","url":"https:\/\/secure.gravatar.com\/avatar\/d4fe7459cfc51ff5129ce1a732bbef5928568b8092d412ef95611616376bbeed?s=96&d=mm&r=g","contentUrl":"https:\/\/secure.gravatar.com\/avatar\/d4fe7459cfc51ff5129ce1a732bbef5928568b8092d412ef95611616376bbeed?s=96&d=mm&r=g","caption":"f1000024"},"url":"https:\/\/cvinoticias.com\/v3\/author\/f1000024\/"}]}},"_links":{"self":[{"href":"https:\/\/cvinoticias.com\/v3\/wp-json\/wp\/v2\/posts\/7300","targetHints":{"allow":["GET"]}}],"collection":[{"href":"https:\/\/cvinoticias.com\/v3\/wp-json\/wp\/v2\/posts"}],"about":[{"href":"https:\/\/cvinoticias.com\/v3\/wp-json\/wp\/v2\/types\/post"}],"author":[{"embeddable":true,"href":"https:\/\/cvinoticias.com\/v3\/wp-json\/wp\/v2\/users\/2"}],"replies":[{"embeddable":true,"href":"https:\/\/cvinoticias.com\/v3\/wp-json\/wp\/v2\/comments?post=7300"}],"version-history":[{"count":1,"href":"https:\/\/cvinoticias.com\/v3\/wp-json\/wp\/v2\/posts\/7300\/revisions"}],"predecessor-version":[{"id":7304,"href":"https:\/\/cvinoticias.com\/v3\/wp-json\/wp\/v2\/posts\/7300\/revisions\/7304"}],"wp:featuredmedia":[{"embeddable":true,"href":"https:\/\/cvinoticias.com\/v3\/wp-json\/wp\/v2\/media\/7301"}],"wp:attachment":[{"href":"https:\/\/cvinoticias.com\/v3\/wp-json\/wp\/v2\/media?parent=7300"}],"wp:term":[{"taxonomy":"category","embeddable":true,"href":"https:\/\/cvinoticias.com\/v3\/wp-json\/wp\/v2\/categories?post=7300"},{"taxonomy":"post_tag","embeddable":true,"href":"https:\/\/cvinoticias.com\/v3\/wp-json\/wp\/v2\/tags?post=7300"}],"curies":[{"name":"wp","href":"https:\/\/api.w.org\/{rel}","templated":true}]}}