{"id":7288,"date":"2021-08-02T00:24:43","date_gmt":"2021-08-02T00:24:43","guid":{"rendered":"https:\/\/cvinoticias.com\/v3\/?p=7288"},"modified":"2021-08-02T00:24:43","modified_gmt":"2021-08-02T00:24:43","slug":"temporada-invierno-2021-el-turismo-dejo-en-la-provincia-mas-de-508-millones","status":"publish","type":"post","link":"https:\/\/cvinoticias.com\/v3\/temporada-invierno-2021-el-turismo-dejo-en-la-provincia-mas-de-508-millones\/","title":{"rendered":"Temporada Invierno 2021: el turismo dej\u00f3 en la provincia m\u00e1s de $508 millones"},"content":{"rendered":"\n<p><strong><em>Seg\u00fan datos brindados por el Ministerio de Turismo de la provincia, la temporada de invierno de este a\u00f1o tuvo una ocupaci\u00f3n promedio del 57,20%, con picos del 78% durante los fines de semana.<\/em><\/strong><\/p>\n\n\n\n<p>El Soberbio fue la zona que registr\u00f3 mayor ocupaci\u00f3n promedio, con un 85,50%; seguido de la zona Centro (incluida Arist\u00f3bulo del Valle y Ober\u00e1) con un 67,3% y de la zona Norte y Puerto Iguaz\u00fa, con un 43%.<\/p>\n\n\n\n<p>Con estos porcentajes, se puede decir que m\u00e1s de 80 mil visitantes recorrieron tierra colorada, eligiendo diferentes tipos de opciones que Misiones prepar\u00f3 especialmente para la temporada.<\/p>\n\n\n\n<p>En este sentido, la mayor\u00eda eligi\u00f3 a la provincia para propuestas relacionadas con la naturaleza, seguida por el turismo aventura y por actividades n\u00e1uticas. Este perfil de turistas, coincide con la modalidad de la estad\u00eda reservada, alcanzando el primer lugar las caba\u00f1as y lodges; el segundo, los hoteles y el tercero, las casas de familiares y amigos.<\/p>\n\n\n\n<p>El 43% de los turistas, fueron misioneros; mientras que el 22,50% provino de Buenos Aires y el 12% de Chaco.<\/p>\n\n\n\n<p>La estad\u00eda promedio fue de 3,9 noches con picos de 6; concluyendo en m\u00e1s de 308 mil pernoctaciones.<\/p>\n\n\n\n<p>Durante esta temporada, se habilit\u00f3 la gratuidad en los ingresos a los Conjuntos Jesu\u00edticos y Parques Provinciales, con el prop\u00f3sito de fomentar la vacunaci\u00f3n. Estos espacios, registraron 35.962 visitas, mientras que el Parque Nacional Iguaz\u00fa, 36.076.<\/p>\n\n\n\n<p>Este invierno, potenciaron al turismo, los programas de fomento y promoci\u00f3n, como el Ahora Vacaciones, y los programas de pre compra, que alentaron la apuesta a recorrer la provincia y vivir sus experiencias.<\/p>\n\n\n\n<p>\u201cMediante el compromiso del Estado, el esfuerzo del sector privado y la responsabilidad social de los misioneros, el sector tur\u00edstico sigue trabajando de manera conjunta, ubicando a Misiones en un mapa privilegiado como uno de los destinos m\u00e1s seguros de la regi\u00f3n\u201d, expres\u00f3 el ministro de Turismo de la provincia, Jos\u00e9 Mar\u00eda Arr\u00faa.<\/p>\n\n\n\n<p><\/p>\n\n\n\n<p><strong>Fuente: Economis<\/strong><\/p>\n\n\n\n<p><\/p>\n","protected":false},"excerpt":{"rendered":"<p>Seg\u00fan datos brindados por el Ministerio de Turismo de la provincia, la temporada de invierno de este a\u00f1o tuvo una ocupaci\u00f3n promedio del 57,20%, con picos del 78% durante los fines de semana. El Soberbio fue la zona que registr\u00f3 mayor ocupaci\u00f3n promedio, con un 85,50%; seguido de la zona Centro (incluida Arist\u00f3bulo del Valle [&hellip;]<\/p>\n","protected":false},"author":2,"featured_media":7289,"comment_status":"open","ping_status":"open","sticky":false,"template":"","format":"standard","meta":{"footnotes":""},"categories":[50],"tags":[],"class_list":["post-7288","post","type-post","status-publish","format-standard","has-post-thumbnail","hentry","category-turismo"],"yoast_head":"<!-- This site is optimized with the Yoast SEO plugin v27.5 - https:\/\/yoast.com\/product\/yoast-seo-wordpress\/ -->\n<title>Temporada Invierno 2021: el turismo dej\u00f3 en la provincia m\u00e1s de $508 millones | CVI NOTICIAS<\/title>\n<meta name=\"robots\" content=\"index, follow, max-snippet:-1, max-image-preview:large, max-video-preview:-1\" \/>\n<link rel=\"canonical\" href=\"https:\/\/cvinoticias.com\/v3\/temporada-invierno-2021-el-turismo-dejo-en-la-provincia-mas-de-508-millones\/\" \/>\n<meta property=\"og:locale\" content=\"es_ES\" \/>\n<meta property=\"og:type\" content=\"article\" \/>\n<meta property=\"og:title\" content=\"Temporada Invierno 2021: el turismo dej\u00f3 en la provincia m\u00e1s de $508 millones | CVI NOTICIAS\" \/>\n<meta property=\"og:description\" content=\"Seg\u00fan datos brindados por el Ministerio de Turismo de la provincia, la temporada de invierno de este a\u00f1o tuvo una ocupaci\u00f3n promedio del 57,20%, con picos del 78% durante los fines de semana. El Soberbio fue la zona que registr\u00f3 mayor ocupaci\u00f3n promedio, con un 85,50%; seguido de la zona Centro (incluida Arist\u00f3bulo del Valle [&hellip;]\" \/>\n<meta property=\"og:url\" content=\"https:\/\/cvinoticias.com\/v3\/temporada-invierno-2021-el-turismo-dejo-en-la-provincia-mas-de-508-millones\/\" \/>\n<meta property=\"og:site_name\" content=\"CVI NOTICIAS\" \/>\n<meta property=\"article:publisher\" content=\"https:\/\/www.facebook.com\/cvinoticias\" \/>\n<meta property=\"article:published_time\" content=\"2021-08-02T00:24:43+00:00\" \/>\n<meta property=\"og:image\" content=\"https:\/\/cvinoticias.com\/wp-content\/uploads\/2021\/08\/Screenshot_20210801-212116_Facebook.jpg\" \/>\n\t<meta property=\"og:image:width\" content=\"983\" \/>\n\t<meta property=\"og:image:height\" content=\"998\" \/>\n\t<meta property=\"og:image:type\" content=\"image\/jpeg\" \/>\n<meta name=\"author\" content=\"f1000024\" \/>\n<meta name=\"twitter:card\" content=\"summary_large_image\" \/>\n<meta name=\"twitter:label1\" content=\"Escrito por\" \/>\n\t<meta name=\"twitter:data1\" content=\"f1000024\" \/>\n\t<meta name=\"twitter:label2\" content=\"Tiempo de lectura\" \/>\n\t<meta name=\"twitter:data2\" content=\"2 minutos\" \/>\n<script type=\"application\/ld+json\" class=\"yoast-schema-graph\">{\"@context\":\"https:\\\/\\\/schema.org\",\"@graph\":[{\"@type\":\"Article\",\"@id\":\"https:\\\/\\\/cvinoticias.com\\\/v3\\\/temporada-invierno-2021-el-turismo-dejo-en-la-provincia-mas-de-508-millones\\\/#article\",\"isPartOf\":{\"@id\":\"https:\\\/\\\/cvinoticias.com\\\/v3\\\/temporada-invierno-2021-el-turismo-dejo-en-la-provincia-mas-de-508-millones\\\/\"},\"author\":{\"name\":\"f1000024\",\"@id\":\"https:\\\/\\\/cvinoticias.com\\\/v3\\\/#\\\/schema\\\/person\\\/2db77e3c6bc03c538495d7b2b8be9b66\"},\"headline\":\"Temporada Invierno 2021: el turismo dej\u00f3 en la provincia m\u00e1s de $508 millones\",\"datePublished\":\"2021-08-02T00:24:43+00:00\",\"mainEntityOfPage\":{\"@id\":\"https:\\\/\\\/cvinoticias.com\\\/v3\\\/temporada-invierno-2021-el-turismo-dejo-en-la-provincia-mas-de-508-millones\\\/\"},\"wordCount\":336,\"commentCount\":1,\"publisher\":{\"@id\":\"https:\\\/\\\/cvinoticias.com\\\/v3\\\/#organization\"},\"image\":{\"@id\":\"https:\\\/\\\/cvinoticias.com\\\/v3\\\/temporada-invierno-2021-el-turismo-dejo-en-la-provincia-mas-de-508-millones\\\/#primaryimage\"},\"thumbnailUrl\":\"https:\\\/\\\/cvinoticias.com\\\/wp-content\\\/uploads\\\/2021\\\/08\\\/Screenshot_20210801-212116_Facebook.jpg\",\"articleSection\":[\"Turismo\"],\"inLanguage\":\"es\",\"potentialAction\":[{\"@type\":\"CommentAction\",\"name\":\"Comment\",\"target\":[\"https:\\\/\\\/cvinoticias.com\\\/v3\\\/temporada-invierno-2021-el-turismo-dejo-en-la-provincia-mas-de-508-millones\\\/#respond\"]}]},{\"@type\":\"WebPage\",\"@id\":\"https:\\\/\\\/cvinoticias.com\\\/v3\\\/temporada-invierno-2021-el-turismo-dejo-en-la-provincia-mas-de-508-millones\\\/\",\"url\":\"https:\\\/\\\/cvinoticias.com\\\/v3\\\/temporada-invierno-2021-el-turismo-dejo-en-la-provincia-mas-de-508-millones\\\/\",\"name\":\"Temporada Invierno 2021: el turismo dej\u00f3 en la provincia m\u00e1s de $508 millones | CVI NOTICIAS\",\"isPartOf\":{\"@id\":\"https:\\\/\\\/cvinoticias.com\\\/v3\\\/#website\"},\"primaryImageOfPage\":{\"@id\":\"https:\\\/\\\/cvinoticias.com\\\/v3\\\/temporada-invierno-2021-el-turismo-dejo-en-la-provincia-mas-de-508-millones\\\/#primaryimage\"},\"image\":{\"@id\":\"https:\\\/\\\/cvinoticias.com\\\/v3\\\/temporada-invierno-2021-el-turismo-dejo-en-la-provincia-mas-de-508-millones\\\/#primaryimage\"},\"thumbnailUrl\":\"https:\\\/\\\/cvinoticias.com\\\/wp-content\\\/uploads\\\/2021\\\/08\\\/Screenshot_20210801-212116_Facebook.jpg\",\"datePublished\":\"2021-08-02T00:24:43+00:00\",\"breadcrumb\":{\"@id\":\"https:\\\/\\\/cvinoticias.com\\\/v3\\\/temporada-invierno-2021-el-turismo-dejo-en-la-provincia-mas-de-508-millones\\\/#breadcrumb\"},\"inLanguage\":\"es\",\"potentialAction\":[{\"@type\":\"ReadAction\",\"target\":[\"https:\\\/\\\/cvinoticias.com\\\/v3\\\/temporada-invierno-2021-el-turismo-dejo-en-la-provincia-mas-de-508-millones\\\/\"]}]},{\"@type\":\"ImageObject\",\"inLanguage\":\"es\",\"@id\":\"https:\\\/\\\/cvinoticias.com\\\/v3\\\/temporada-invierno-2021-el-turismo-dejo-en-la-provincia-mas-de-508-millones\\\/#primaryimage\",\"url\":\"https:\\\/\\\/cvinoticias.com\\\/wp-content\\\/uploads\\\/2021\\\/08\\\/Screenshot_20210801-212116_Facebook.jpg\",\"contentUrl\":\"https:\\\/\\\/cvinoticias.com\\\/wp-content\\\/uploads\\\/2021\\\/08\\\/Screenshot_20210801-212116_Facebook.jpg\",\"width\":983,\"height\":998},{\"@type\":\"BreadcrumbList\",\"@id\":\"https:\\\/\\\/cvinoticias.com\\\/v3\\\/temporada-invierno-2021-el-turismo-dejo-en-la-provincia-mas-de-508-millones\\\/#breadcrumb\",\"itemListElement\":[{\"@type\":\"ListItem\",\"position\":1,\"name\":\"Portada\",\"item\":\"https:\\\/\\\/cvinoticias.com\\\/v3\\\/\"},{\"@type\":\"ListItem\",\"position\":2,\"name\":\"Temporada Invierno 2021: el turismo dej\u00f3 en la provincia m\u00e1s de $508 millones\"}]},{\"@type\":\"WebSite\",\"@id\":\"https:\\\/\\\/cvinoticias.com\\\/v3\\\/#website\",\"url\":\"https:\\\/\\\/cvinoticias.com\\\/v3\\\/\",\"name\":\"CVI NOTICIAS\",\"description\":\"\",\"publisher\":{\"@id\":\"https:\\\/\\\/cvinoticias.com\\\/v3\\\/#organization\"},\"alternateName\":\"CVI\",\"potentialAction\":[{\"@type\":\"SearchAction\",\"target\":{\"@type\":\"EntryPoint\",\"urlTemplate\":\"https:\\\/\\\/cvinoticias.com\\\/v3\\\/?s={search_term_string}\"},\"query-input\":{\"@type\":\"PropertyValueSpecification\",\"valueRequired\":true,\"valueName\":\"search_term_string\"}}],\"inLanguage\":\"es\"},{\"@type\":\"Organization\",\"@id\":\"https:\\\/\\\/cvinoticias.com\\\/v3\\\/#organization\",\"name\":\"CVI NOTICIAS\",\"url\":\"https:\\\/\\\/cvinoticias.com\\\/v3\\\/\",\"logo\":{\"@type\":\"ImageObject\",\"inLanguage\":\"es\",\"@id\":\"https:\\\/\\\/cvinoticias.com\\\/v3\\\/#\\\/schema\\\/logo\\\/image\\\/\",\"url\":\"https:\\\/\\\/cvinoticias.com\\\/wp-content\\\/uploads\\\/2023\\\/04\\\/cropped-cropped-cropped-cropped-cropped-3-1.png\",\"contentUrl\":\"https:\\\/\\\/cvinoticias.com\\\/wp-content\\\/uploads\\\/2023\\\/04\\\/cropped-cropped-cropped-cropped-cropped-3-1.png\",\"width\":95,\"height\":122,\"caption\":\"CVI NOTICIAS\"},\"image\":{\"@id\":\"https:\\\/\\\/cvinoticias.com\\\/v3\\\/#\\\/schema\\\/logo\\\/image\\\/\"},\"sameAs\":[\"https:\\\/\\\/www.facebook.com\\\/cvinoticias\",\"https:\\\/\\\/www.instagram.com\\\/cvinoticias\\\/\",\"https:\\\/\\\/www.youtube.com\\\/@CVINOTICIAS\"]},{\"@type\":\"Person\",\"@id\":\"https:\\\/\\\/cvinoticias.com\\\/v3\\\/#\\\/schema\\\/person\\\/2db77e3c6bc03c538495d7b2b8be9b66\",\"name\":\"f1000024\",\"image\":{\"@type\":\"ImageObject\",\"inLanguage\":\"es\",\"@id\":\"https:\\\/\\\/secure.gravatar.com\\\/avatar\\\/d4fe7459cfc51ff5129ce1a732bbef5928568b8092d412ef95611616376bbeed?s=96&d=mm&r=g\",\"url\":\"https:\\\/\\\/secure.gravatar.com\\\/avatar\\\/d4fe7459cfc51ff5129ce1a732bbef5928568b8092d412ef95611616376bbeed?s=96&d=mm&r=g\",\"contentUrl\":\"https:\\\/\\\/secure.gravatar.com\\\/avatar\\\/d4fe7459cfc51ff5129ce1a732bbef5928568b8092d412ef95611616376bbeed?s=96&d=mm&r=g\",\"caption\":\"f1000024\"},\"url\":\"https:\\\/\\\/cvinoticias.com\\\/v3\\\/author\\\/f1000024\\\/\"}]}<\/script>\n<!-- \/ Yoast SEO plugin. -->","yoast_head_json":{"title":"Temporada Invierno 2021: el turismo dej\u00f3 en la provincia m\u00e1s de $508 millones | CVI NOTICIAS","robots":{"index":"index","follow":"follow","max-snippet":"max-snippet:-1","max-image-preview":"max-image-preview:large","max-video-preview":"max-video-preview:-1"},"canonical":"https:\/\/cvinoticias.com\/v3\/temporada-invierno-2021-el-turismo-dejo-en-la-provincia-mas-de-508-millones\/","og_locale":"es_ES","og_type":"article","og_title":"Temporada Invierno 2021: el turismo dej\u00f3 en la provincia m\u00e1s de $508 millones | CVI NOTICIAS","og_description":"Seg\u00fan datos brindados por el Ministerio de Turismo de la provincia, la temporada de invierno de este a\u00f1o tuvo una ocupaci\u00f3n promedio del 57,20%, con picos del 78% durante los fines de semana. El Soberbio fue la zona que registr\u00f3 mayor ocupaci\u00f3n promedio, con un 85,50%; seguido de la zona Centro (incluida Arist\u00f3bulo del Valle [&hellip;]","og_url":"https:\/\/cvinoticias.com\/v3\/temporada-invierno-2021-el-turismo-dejo-en-la-provincia-mas-de-508-millones\/","og_site_name":"CVI NOTICIAS","article_publisher":"https:\/\/www.facebook.com\/cvinoticias","article_published_time":"2021-08-02T00:24:43+00:00","og_image":[{"width":983,"height":998,"url":"https:\/\/cvinoticias.com\/wp-content\/uploads\/2021\/08\/Screenshot_20210801-212116_Facebook.jpg","type":"image\/jpeg"}],"author":"f1000024","twitter_card":"summary_large_image","twitter_misc":{"Escrito por":"f1000024","Tiempo de lectura":"2 minutos"},"schema":{"@context":"https:\/\/schema.org","@graph":[{"@type":"Article","@id":"https:\/\/cvinoticias.com\/v3\/temporada-invierno-2021-el-turismo-dejo-en-la-provincia-mas-de-508-millones\/#article","isPartOf":{"@id":"https:\/\/cvinoticias.com\/v3\/temporada-invierno-2021-el-turismo-dejo-en-la-provincia-mas-de-508-millones\/"},"author":{"name":"f1000024","@id":"https:\/\/cvinoticias.com\/v3\/#\/schema\/person\/2db77e3c6bc03c538495d7b2b8be9b66"},"headline":"Temporada Invierno 2021: el turismo dej\u00f3 en la provincia m\u00e1s de $508 millones","datePublished":"2021-08-02T00:24:43+00:00","mainEntityOfPage":{"@id":"https:\/\/cvinoticias.com\/v3\/temporada-invierno-2021-el-turismo-dejo-en-la-provincia-mas-de-508-millones\/"},"wordCount":336,"commentCount":1,"publisher":{"@id":"https:\/\/cvinoticias.com\/v3\/#organization"},"image":{"@id":"https:\/\/cvinoticias.com\/v3\/temporada-invierno-2021-el-turismo-dejo-en-la-provincia-mas-de-508-millones\/#primaryimage"},"thumbnailUrl":"https:\/\/cvinoticias.com\/wp-content\/uploads\/2021\/08\/Screenshot_20210801-212116_Facebook.jpg","articleSection":["Turismo"],"inLanguage":"es","potentialAction":[{"@type":"CommentAction","name":"Comment","target":["https:\/\/cvinoticias.com\/v3\/temporada-invierno-2021-el-turismo-dejo-en-la-provincia-mas-de-508-millones\/#respond"]}]},{"@type":"WebPage","@id":"https:\/\/cvinoticias.com\/v3\/temporada-invierno-2021-el-turismo-dejo-en-la-provincia-mas-de-508-millones\/","url":"https:\/\/cvinoticias.com\/v3\/temporada-invierno-2021-el-turismo-dejo-en-la-provincia-mas-de-508-millones\/","name":"Temporada Invierno 2021: el turismo dej\u00f3 en la provincia m\u00e1s de $508 millones | CVI NOTICIAS","isPartOf":{"@id":"https:\/\/cvinoticias.com\/v3\/#website"},"primaryImageOfPage":{"@id":"https:\/\/cvinoticias.com\/v3\/temporada-invierno-2021-el-turismo-dejo-en-la-provincia-mas-de-508-millones\/#primaryimage"},"image":{"@id":"https:\/\/cvinoticias.com\/v3\/temporada-invierno-2021-el-turismo-dejo-en-la-provincia-mas-de-508-millones\/#primaryimage"},"thumbnailUrl":"https:\/\/cvinoticias.com\/wp-content\/uploads\/2021\/08\/Screenshot_20210801-212116_Facebook.jpg","datePublished":"2021-08-02T00:24:43+00:00","breadcrumb":{"@id":"https:\/\/cvinoticias.com\/v3\/temporada-invierno-2021-el-turismo-dejo-en-la-provincia-mas-de-508-millones\/#breadcrumb"},"inLanguage":"es","potentialAction":[{"@type":"ReadAction","target":["https:\/\/cvinoticias.com\/v3\/temporada-invierno-2021-el-turismo-dejo-en-la-provincia-mas-de-508-millones\/"]}]},{"@type":"ImageObject","inLanguage":"es","@id":"https:\/\/cvinoticias.com\/v3\/temporada-invierno-2021-el-turismo-dejo-en-la-provincia-mas-de-508-millones\/#primaryimage","url":"https:\/\/cvinoticias.com\/wp-content\/uploads\/2021\/08\/Screenshot_20210801-212116_Facebook.jpg","contentUrl":"https:\/\/cvinoticias.com\/wp-content\/uploads\/2021\/08\/Screenshot_20210801-212116_Facebook.jpg","width":983,"height":998},{"@type":"BreadcrumbList","@id":"https:\/\/cvinoticias.com\/v3\/temporada-invierno-2021-el-turismo-dejo-en-la-provincia-mas-de-508-millones\/#breadcrumb","itemListElement":[{"@type":"ListItem","position":1,"name":"Portada","item":"https:\/\/cvinoticias.com\/v3\/"},{"@type":"ListItem","position":2,"name":"Temporada Invierno 2021: el turismo dej\u00f3 en la provincia m\u00e1s de $508 millones"}]},{"@type":"WebSite","@id":"https:\/\/cvinoticias.com\/v3\/#website","url":"https:\/\/cvinoticias.com\/v3\/","name":"CVI NOTICIAS","description":"","publisher":{"@id":"https:\/\/cvinoticias.com\/v3\/#organization"},"alternateName":"CVI","potentialAction":[{"@type":"SearchAction","target":{"@type":"EntryPoint","urlTemplate":"https:\/\/cvinoticias.com\/v3\/?s={search_term_string}"},"query-input":{"@type":"PropertyValueSpecification","valueRequired":true,"valueName":"search_term_string"}}],"inLanguage":"es"},{"@type":"Organization","@id":"https:\/\/cvinoticias.com\/v3\/#organization","name":"CVI NOTICIAS","url":"https:\/\/cvinoticias.com\/v3\/","logo":{"@type":"ImageObject","inLanguage":"es","@id":"https:\/\/cvinoticias.com\/v3\/#\/schema\/logo\/image\/","url":"https:\/\/cvinoticias.com\/wp-content\/uploads\/2023\/04\/cropped-cropped-cropped-cropped-cropped-3-1.png","contentUrl":"https:\/\/cvinoticias.com\/wp-content\/uploads\/2023\/04\/cropped-cropped-cropped-cropped-cropped-3-1.png","width":95,"height":122,"caption":"CVI NOTICIAS"},"image":{"@id":"https:\/\/cvinoticias.com\/v3\/#\/schema\/logo\/image\/"},"sameAs":["https:\/\/www.facebook.com\/cvinoticias","https:\/\/www.instagram.com\/cvinoticias\/","https:\/\/www.youtube.com\/@CVINOTICIAS"]},{"@type":"Person","@id":"https:\/\/cvinoticias.com\/v3\/#\/schema\/person\/2db77e3c6bc03c538495d7b2b8be9b66","name":"f1000024","image":{"@type":"ImageObject","inLanguage":"es","@id":"https:\/\/secure.gravatar.com\/avatar\/d4fe7459cfc51ff5129ce1a732bbef5928568b8092d412ef95611616376bbeed?s=96&d=mm&r=g","url":"https:\/\/secure.gravatar.com\/avatar\/d4fe7459cfc51ff5129ce1a732bbef5928568b8092d412ef95611616376bbeed?s=96&d=mm&r=g","contentUrl":"https:\/\/secure.gravatar.com\/avatar\/d4fe7459cfc51ff5129ce1a732bbef5928568b8092d412ef95611616376bbeed?s=96&d=mm&r=g","caption":"f1000024"},"url":"https:\/\/cvinoticias.com\/v3\/author\/f1000024\/"}]}},"_links":{"self":[{"href":"https:\/\/cvinoticias.com\/v3\/wp-json\/wp\/v2\/posts\/7288","targetHints":{"allow":["GET"]}}],"collection":[{"href":"https:\/\/cvinoticias.com\/v3\/wp-json\/wp\/v2\/posts"}],"about":[{"href":"https:\/\/cvinoticias.com\/v3\/wp-json\/wp\/v2\/types\/post"}],"author":[{"embeddable":true,"href":"https:\/\/cvinoticias.com\/v3\/wp-json\/wp\/v2\/users\/2"}],"replies":[{"embeddable":true,"href":"https:\/\/cvinoticias.com\/v3\/wp-json\/wp\/v2\/comments?post=7288"}],"version-history":[{"count":1,"href":"https:\/\/cvinoticias.com\/v3\/wp-json\/wp\/v2\/posts\/7288\/revisions"}],"predecessor-version":[{"id":7290,"href":"https:\/\/cvinoticias.com\/v3\/wp-json\/wp\/v2\/posts\/7288\/revisions\/7290"}],"wp:featuredmedia":[{"embeddable":true,"href":"https:\/\/cvinoticias.com\/v3\/wp-json\/wp\/v2\/media\/7289"}],"wp:attachment":[{"href":"https:\/\/cvinoticias.com\/v3\/wp-json\/wp\/v2\/media?parent=7288"}],"wp:term":[{"taxonomy":"category","embeddable":true,"href":"https:\/\/cvinoticias.com\/v3\/wp-json\/wp\/v2\/categories?post=7288"},{"taxonomy":"post_tag","embeddable":true,"href":"https:\/\/cvinoticias.com\/v3\/wp-json\/wp\/v2\/tags?post=7288"}],"curies":[{"name":"wp","href":"https:\/\/api.w.org\/{rel}","templated":true}]}}