{"id":7269,"date":"2021-08-01T03:17:21","date_gmt":"2021-08-01T03:17:21","guid":{"rendered":"https:\/\/cvinoticias.com\/v3\/?p=7269"},"modified":"2021-08-01T03:17:21","modified_gmt":"2021-08-01T03:17:21","slug":"la-mujer-como-protagonista-fundamental-en-los-procesos-historicos-del-pais-y-la-provincia","status":"publish","type":"post","link":"https:\/\/cvinoticias.com\/v3\/la-mujer-como-protagonista-fundamental-en-los-procesos-historicos-del-pais-y-la-provincia\/","title":{"rendered":"\u201cLa mujer como protagonista fundamental en los procesos hist\u00f3ricos del pa\u00eds y la provincia\u201d"},"content":{"rendered":"\n<p><strong><em>Lo expres\u00f3 la actual Diputada Nacional por el Frente de Todos, Cristina Britez en el marco del torneo de f\u00fatbol femenino que se llev\u00f3 a cabo en el barrio A 3-2 \u201cVirgen del Rosario\u201d.<\/em><\/strong><\/p>\n\n\n\n<p>El primer Torneo de F\u00fatbol Femenino copa \u201cMujeres Hist\u00f3ricas\u201d fue el motivo del anuncio de la pr\u00f3xima apertura de la Escuela de F\u00fatbol en el barrio. La jornada cont\u00f3 con la participaci\u00f3n de diez equipos, en un d\u00eda propicio para la socializaci\u00f3n, la actividad al aire libre y la pr\u00e1ctica deportiva.<\/p>\n\n\n\n<p>Ante la presencia de deportistas y vecinos del barrio, el programa se desarroll\u00f3 dentro del programa Cultivando Agua Buena de la Entidad Binacional Yacyret\u00e1, con el objetivo de construir, sumar una nueva experiencia de gesti\u00f3n participativa y realizar acciones dentro de la comunidad.<\/p>\n\n\n\n<p>El torneo que cont\u00f3 con la participaci\u00f3n de la Diputada Nacional Cristina Br\u00edtez, quien en uso de la palabra destac\u00f3 \u201cel rol de la mujer como protagonista fundamental en el proceso hist\u00f3rico del pa\u00eds, haciendo frente a situaciones sociales, pol\u00edticas y culturales que dejaron su impronta en las p\u00e1ginas de la historia como lo son Juana Azurduy, Eva Duarte o nuestra actual Vice Presidenta Cristina Fern\u00e1ndez de Kirchner entre otras grandes mujeres\u201d.<\/p>\n\n\n\n<p>Adem\u00e1s agreg\u00f3 que es \u201cfundamental para nuestro ser nacional inmortalizar a las tantas mujeres que hicieron historia, que combatieron por nuestra Patria. Muchas de ellas dejaron su vida por la gesta nacional por eso no dejemos que haya sido en vano esa lucha por la libertad y por los ideales de pa\u00eds\u201d.<\/p>\n\n\n\n<p>Durante la jornada se lanz\u00f3 la pronta apertura de una Escuela de F\u00fatbol Femenino en ese populoso barrio posade\u00f1o. El anuncio lleg\u00f3 de parte del Subjefe de Obras Complementarias de la EBY, Pablo Ciejovicz, quien adelant\u00f3 la puesta en valor de las canchas de f\u00fatbol, iluminaci\u00f3n y la remodelaci\u00f3n de los espacios comunes.<\/p>\n\n\n\n<p>En su intervenci\u00f3n destac\u00f3 el rol de las mujeres \u201cque defendieron sus ideales convirti\u00e9ndose en iconos y modelos para generaciones posteriores. Contribuyendo decisivamente a obtener una paridad en participaci\u00f3n pol\u00edtica, puestos de gesti\u00f3n, en su rol de madres, y en lugar fundamentales en la toma de decisiones\u201d, concluy\u00f3.<\/p>\n\n\n\n<p>El cierre de la jornada permiti\u00f3 la entrega de premios a los equipos triunfadores, el reconocimiento a mejores jugadoras y goleadoras. La entrega qued\u00f3 en manos de Cristina Britez, Pablo Ciejovicz y el actual pre candidato a Diputado Nacional por la lista \u201cCeleste y Blanca\u201d del Frente de Todos, Javier Gortari.<\/p>\n\n\n\n<figure class=\"wp-block-image size-large\"><a href=\"https:\/\/cvinoticias.com\/wp-content\/uploads\/2021\/08\/IMG-20210731-WA0055.jpg\"><img decoding=\"async\" width=\"1024\" height=\"684\" data-src=\"https:\/\/cvinoticias.com\/wp-content\/uploads\/2021\/08\/IMG-20210731-WA0055-1024x684.jpg\" alt=\"\" class=\"wp-image-7271 lazyload\" data-srcset=\"https:\/\/cvinoticias.com\/wp-content\/uploads\/2021\/08\/IMG-20210731-WA0055-1024x684.jpg 1024w, https:\/\/cvinoticias.com\/wp-content\/uploads\/2021\/08\/IMG-20210731-WA0055-300x200.jpg 300w, https:\/\/cvinoticias.com\/wp-content\/uploads\/2021\/08\/IMG-20210731-WA0055-768x513.jpg 768w, https:\/\/cvinoticias.com\/wp-content\/uploads\/2021\/08\/IMG-20210731-WA0055.jpg 1280w\" data-sizes=\"(max-width: 1024px) 100vw, 1024px\" src=\"data:image\/svg+xml;base64,PHN2ZyB3aWR0aD0iMSIgaGVpZ2h0PSIxIiB4bWxucz0iaHR0cDovL3d3dy53My5vcmcvMjAwMC9zdmciPjwvc3ZnPg==\" style=\"--smush-placeholder-width: 1024px; --smush-placeholder-aspect-ratio: 1024\/684;\" \/><\/a><\/figure>\n\n\n\n<p><\/p>\n","protected":false},"excerpt":{"rendered":"<p>Lo expres\u00f3 la actual Diputada Nacional por el Frente de Todos, Cristina Britez en el marco del torneo de f\u00fatbol femenino que se llev\u00f3 a cabo en el barrio A 3-2 \u201cVirgen del Rosario\u201d. El primer Torneo de F\u00fatbol Femenino copa \u201cMujeres Hist\u00f3ricas\u201d fue el motivo del anuncio de la pr\u00f3xima apertura de la Escuela [&hellip;]<\/p>\n","protected":false},"author":2,"featured_media":7270,"comment_status":"open","ping_status":"open","sticky":false,"template":"","format":"standard","meta":{"footnotes":""},"categories":[43],"tags":[],"class_list":["post-7269","post","type-post","status-publish","format-standard","has-post-thumbnail","hentry","category-provinciales"],"yoast_head":"<!-- This site is optimized with the Yoast SEO plugin v27.4 - https:\/\/yoast.com\/product\/yoast-seo-wordpress\/ -->\n<title>\u201cLa mujer como protagonista fundamental en los procesos hist\u00f3ricos del pa\u00eds y la provincia\u201d | CVI NOTICIAS<\/title>\n<meta name=\"robots\" content=\"index, follow, max-snippet:-1, max-image-preview:large, max-video-preview:-1\" \/>\n<link rel=\"canonical\" href=\"https:\/\/cvinoticias.com\/v3\/la-mujer-como-protagonista-fundamental-en-los-procesos-historicos-del-pais-y-la-provincia\/\" \/>\n<meta property=\"og:locale\" content=\"es_ES\" \/>\n<meta property=\"og:type\" content=\"article\" \/>\n<meta property=\"og:title\" content=\"\u201cLa mujer como protagonista fundamental en los procesos hist\u00f3ricos del pa\u00eds y la provincia\u201d | CVI NOTICIAS\" \/>\n<meta property=\"og:description\" content=\"Lo expres\u00f3 la actual Diputada Nacional por el Frente de Todos, Cristina Britez en el marco del torneo de f\u00fatbol femenino que se llev\u00f3 a cabo en el barrio A 3-2 \u201cVirgen del Rosario\u201d. El primer Torneo de F\u00fatbol Femenino copa \u201cMujeres Hist\u00f3ricas\u201d fue el motivo del anuncio de la pr\u00f3xima apertura de la Escuela [&hellip;]\" \/>\n<meta property=\"og:url\" content=\"https:\/\/cvinoticias.com\/v3\/la-mujer-como-protagonista-fundamental-en-los-procesos-historicos-del-pais-y-la-provincia\/\" \/>\n<meta property=\"og:site_name\" content=\"CVI NOTICIAS\" \/>\n<meta property=\"article:publisher\" content=\"https:\/\/www.facebook.com\/cvinoticias\" \/>\n<meta property=\"article:published_time\" content=\"2021-08-01T03:17:21+00:00\" \/>\n<meta property=\"og:image\" content=\"https:\/\/cvinoticias.com\/wp-content\/uploads\/2021\/08\/IMG-20210731-WA0056.jpg\" \/>\n\t<meta property=\"og:image:width\" content=\"1060\" \/>\n\t<meta property=\"og:image:height\" content=\"708\" \/>\n\t<meta property=\"og:image:type\" content=\"image\/jpeg\" \/>\n<meta name=\"author\" content=\"f1000024\" \/>\n<meta name=\"twitter:card\" content=\"summary_large_image\" \/>\n<meta name=\"twitter:label1\" content=\"Escrito por\" \/>\n\t<meta name=\"twitter:data1\" content=\"f1000024\" \/>\n\t<meta name=\"twitter:label2\" content=\"Tiempo de lectura\" \/>\n\t<meta name=\"twitter:data2\" content=\"2 minutos\" \/>\n<script type=\"application\/ld+json\" class=\"yoast-schema-graph\">{\"@context\":\"https:\\\/\\\/schema.org\",\"@graph\":[{\"@type\":\"Article\",\"@id\":\"https:\\\/\\\/cvinoticias.com\\\/v3\\\/la-mujer-como-protagonista-fundamental-en-los-procesos-historicos-del-pais-y-la-provincia\\\/#article\",\"isPartOf\":{\"@id\":\"https:\\\/\\\/cvinoticias.com\\\/v3\\\/la-mujer-como-protagonista-fundamental-en-los-procesos-historicos-del-pais-y-la-provincia\\\/\"},\"author\":{\"name\":\"f1000024\",\"@id\":\"https:\\\/\\\/cvinoticias.com\\\/v3\\\/#\\\/schema\\\/person\\\/2db77e3c6bc03c538495d7b2b8be9b66\"},\"headline\":\"\u201cLa mujer como protagonista fundamental en los procesos hist\u00f3ricos del pa\u00eds y la provincia\u201d\",\"datePublished\":\"2021-08-01T03:17:21+00:00\",\"mainEntityOfPage\":{\"@id\":\"https:\\\/\\\/cvinoticias.com\\\/v3\\\/la-mujer-como-protagonista-fundamental-en-los-procesos-historicos-del-pais-y-la-provincia\\\/\"},\"wordCount\":449,\"commentCount\":0,\"publisher\":{\"@id\":\"https:\\\/\\\/cvinoticias.com\\\/v3\\\/#organization\"},\"image\":{\"@id\":\"https:\\\/\\\/cvinoticias.com\\\/v3\\\/la-mujer-como-protagonista-fundamental-en-los-procesos-historicos-del-pais-y-la-provincia\\\/#primaryimage\"},\"thumbnailUrl\":\"https:\\\/\\\/cvinoticias.com\\\/wp-content\\\/uploads\\\/2021\\\/08\\\/IMG-20210731-WA0056.jpg\",\"articleSection\":[\"Provinciales\"],\"inLanguage\":\"es\",\"potentialAction\":[{\"@type\":\"CommentAction\",\"name\":\"Comment\",\"target\":[\"https:\\\/\\\/cvinoticias.com\\\/v3\\\/la-mujer-como-protagonista-fundamental-en-los-procesos-historicos-del-pais-y-la-provincia\\\/#respond\"]}]},{\"@type\":\"WebPage\",\"@id\":\"https:\\\/\\\/cvinoticias.com\\\/v3\\\/la-mujer-como-protagonista-fundamental-en-los-procesos-historicos-del-pais-y-la-provincia\\\/\",\"url\":\"https:\\\/\\\/cvinoticias.com\\\/v3\\\/la-mujer-como-protagonista-fundamental-en-los-procesos-historicos-del-pais-y-la-provincia\\\/\",\"name\":\"\u201cLa mujer como protagonista fundamental en los procesos hist\u00f3ricos del pa\u00eds y la provincia\u201d | CVI NOTICIAS\",\"isPartOf\":{\"@id\":\"https:\\\/\\\/cvinoticias.com\\\/v3\\\/#website\"},\"primaryImageOfPage\":{\"@id\":\"https:\\\/\\\/cvinoticias.com\\\/v3\\\/la-mujer-como-protagonista-fundamental-en-los-procesos-historicos-del-pais-y-la-provincia\\\/#primaryimage\"},\"image\":{\"@id\":\"https:\\\/\\\/cvinoticias.com\\\/v3\\\/la-mujer-como-protagonista-fundamental-en-los-procesos-historicos-del-pais-y-la-provincia\\\/#primaryimage\"},\"thumbnailUrl\":\"https:\\\/\\\/cvinoticias.com\\\/wp-content\\\/uploads\\\/2021\\\/08\\\/IMG-20210731-WA0056.jpg\",\"datePublished\":\"2021-08-01T03:17:21+00:00\",\"breadcrumb\":{\"@id\":\"https:\\\/\\\/cvinoticias.com\\\/v3\\\/la-mujer-como-protagonista-fundamental-en-los-procesos-historicos-del-pais-y-la-provincia\\\/#breadcrumb\"},\"inLanguage\":\"es\",\"potentialAction\":[{\"@type\":\"ReadAction\",\"target\":[\"https:\\\/\\\/cvinoticias.com\\\/v3\\\/la-mujer-como-protagonista-fundamental-en-los-procesos-historicos-del-pais-y-la-provincia\\\/\"]}]},{\"@type\":\"ImageObject\",\"inLanguage\":\"es\",\"@id\":\"https:\\\/\\\/cvinoticias.com\\\/v3\\\/la-mujer-como-protagonista-fundamental-en-los-procesos-historicos-del-pais-y-la-provincia\\\/#primaryimage\",\"url\":\"https:\\\/\\\/cvinoticias.com\\\/wp-content\\\/uploads\\\/2021\\\/08\\\/IMG-20210731-WA0056.jpg\",\"contentUrl\":\"https:\\\/\\\/cvinoticias.com\\\/wp-content\\\/uploads\\\/2021\\\/08\\\/IMG-20210731-WA0056.jpg\",\"width\":1060,\"height\":708},{\"@type\":\"BreadcrumbList\",\"@id\":\"https:\\\/\\\/cvinoticias.com\\\/v3\\\/la-mujer-como-protagonista-fundamental-en-los-procesos-historicos-del-pais-y-la-provincia\\\/#breadcrumb\",\"itemListElement\":[{\"@type\":\"ListItem\",\"position\":1,\"name\":\"Portada\",\"item\":\"https:\\\/\\\/cvinoticias.com\\\/v3\\\/\"},{\"@type\":\"ListItem\",\"position\":2,\"name\":\"\u201cLa mujer como protagonista fundamental en los procesos hist\u00f3ricos del pa\u00eds y la provincia\u201d\"}]},{\"@type\":\"WebSite\",\"@id\":\"https:\\\/\\\/cvinoticias.com\\\/v3\\\/#website\",\"url\":\"https:\\\/\\\/cvinoticias.com\\\/v3\\\/\",\"name\":\"CVI NOTICIAS\",\"description\":\"\",\"publisher\":{\"@id\":\"https:\\\/\\\/cvinoticias.com\\\/v3\\\/#organization\"},\"alternateName\":\"CVI\",\"potentialAction\":[{\"@type\":\"SearchAction\",\"target\":{\"@type\":\"EntryPoint\",\"urlTemplate\":\"https:\\\/\\\/cvinoticias.com\\\/v3\\\/?s={search_term_string}\"},\"query-input\":{\"@type\":\"PropertyValueSpecification\",\"valueRequired\":true,\"valueName\":\"search_term_string\"}}],\"inLanguage\":\"es\"},{\"@type\":\"Organization\",\"@id\":\"https:\\\/\\\/cvinoticias.com\\\/v3\\\/#organization\",\"name\":\"CVI NOTICIAS\",\"url\":\"https:\\\/\\\/cvinoticias.com\\\/v3\\\/\",\"logo\":{\"@type\":\"ImageObject\",\"inLanguage\":\"es\",\"@id\":\"https:\\\/\\\/cvinoticias.com\\\/v3\\\/#\\\/schema\\\/logo\\\/image\\\/\",\"url\":\"https:\\\/\\\/cvinoticias.com\\\/wp-content\\\/uploads\\\/2023\\\/04\\\/cropped-cropped-cropped-cropped-cropped-3-1.png\",\"contentUrl\":\"https:\\\/\\\/cvinoticias.com\\\/wp-content\\\/uploads\\\/2023\\\/04\\\/cropped-cropped-cropped-cropped-cropped-3-1.png\",\"width\":95,\"height\":122,\"caption\":\"CVI NOTICIAS\"},\"image\":{\"@id\":\"https:\\\/\\\/cvinoticias.com\\\/v3\\\/#\\\/schema\\\/logo\\\/image\\\/\"},\"sameAs\":[\"https:\\\/\\\/www.facebook.com\\\/cvinoticias\",\"https:\\\/\\\/www.instagram.com\\\/cvinoticias\\\/\",\"https:\\\/\\\/www.youtube.com\\\/@CVINOTICIAS\"]},{\"@type\":\"Person\",\"@id\":\"https:\\\/\\\/cvinoticias.com\\\/v3\\\/#\\\/schema\\\/person\\\/2db77e3c6bc03c538495d7b2b8be9b66\",\"name\":\"f1000024\",\"image\":{\"@type\":\"ImageObject\",\"inLanguage\":\"es\",\"@id\":\"https:\\\/\\\/secure.gravatar.com\\\/avatar\\\/d4fe7459cfc51ff5129ce1a732bbef5928568b8092d412ef95611616376bbeed?s=96&d=mm&r=g\",\"url\":\"https:\\\/\\\/secure.gravatar.com\\\/avatar\\\/d4fe7459cfc51ff5129ce1a732bbef5928568b8092d412ef95611616376bbeed?s=96&d=mm&r=g\",\"contentUrl\":\"https:\\\/\\\/secure.gravatar.com\\\/avatar\\\/d4fe7459cfc51ff5129ce1a732bbef5928568b8092d412ef95611616376bbeed?s=96&d=mm&r=g\",\"caption\":\"f1000024\"},\"url\":\"https:\\\/\\\/cvinoticias.com\\\/v3\\\/author\\\/f1000024\\\/\"}]}<\/script>\n<!-- \/ Yoast SEO plugin. -->","yoast_head_json":{"title":"\u201cLa mujer como protagonista fundamental en los procesos hist\u00f3ricos del pa\u00eds y la provincia\u201d | CVI NOTICIAS","robots":{"index":"index","follow":"follow","max-snippet":"max-snippet:-1","max-image-preview":"max-image-preview:large","max-video-preview":"max-video-preview:-1"},"canonical":"https:\/\/cvinoticias.com\/v3\/la-mujer-como-protagonista-fundamental-en-los-procesos-historicos-del-pais-y-la-provincia\/","og_locale":"es_ES","og_type":"article","og_title":"\u201cLa mujer como protagonista fundamental en los procesos hist\u00f3ricos del pa\u00eds y la provincia\u201d | CVI NOTICIAS","og_description":"Lo expres\u00f3 la actual Diputada Nacional por el Frente de Todos, Cristina Britez en el marco del torneo de f\u00fatbol femenino que se llev\u00f3 a cabo en el barrio A 3-2 \u201cVirgen del Rosario\u201d. El primer Torneo de F\u00fatbol Femenino copa \u201cMujeres Hist\u00f3ricas\u201d fue el motivo del anuncio de la pr\u00f3xima apertura de la Escuela [&hellip;]","og_url":"https:\/\/cvinoticias.com\/v3\/la-mujer-como-protagonista-fundamental-en-los-procesos-historicos-del-pais-y-la-provincia\/","og_site_name":"CVI NOTICIAS","article_publisher":"https:\/\/www.facebook.com\/cvinoticias","article_published_time":"2021-08-01T03:17:21+00:00","og_image":[{"width":1060,"height":708,"url":"https:\/\/cvinoticias.com\/wp-content\/uploads\/2021\/08\/IMG-20210731-WA0056.jpg","type":"image\/jpeg"}],"author":"f1000024","twitter_card":"summary_large_image","twitter_misc":{"Escrito por":"f1000024","Tiempo de lectura":"2 minutos"},"schema":{"@context":"https:\/\/schema.org","@graph":[{"@type":"Article","@id":"https:\/\/cvinoticias.com\/v3\/la-mujer-como-protagonista-fundamental-en-los-procesos-historicos-del-pais-y-la-provincia\/#article","isPartOf":{"@id":"https:\/\/cvinoticias.com\/v3\/la-mujer-como-protagonista-fundamental-en-los-procesos-historicos-del-pais-y-la-provincia\/"},"author":{"name":"f1000024","@id":"https:\/\/cvinoticias.com\/v3\/#\/schema\/person\/2db77e3c6bc03c538495d7b2b8be9b66"},"headline":"\u201cLa mujer como protagonista fundamental en los procesos hist\u00f3ricos del pa\u00eds y la provincia\u201d","datePublished":"2021-08-01T03:17:21+00:00","mainEntityOfPage":{"@id":"https:\/\/cvinoticias.com\/v3\/la-mujer-como-protagonista-fundamental-en-los-procesos-historicos-del-pais-y-la-provincia\/"},"wordCount":449,"commentCount":0,"publisher":{"@id":"https:\/\/cvinoticias.com\/v3\/#organization"},"image":{"@id":"https:\/\/cvinoticias.com\/v3\/la-mujer-como-protagonista-fundamental-en-los-procesos-historicos-del-pais-y-la-provincia\/#primaryimage"},"thumbnailUrl":"https:\/\/cvinoticias.com\/wp-content\/uploads\/2021\/08\/IMG-20210731-WA0056.jpg","articleSection":["Provinciales"],"inLanguage":"es","potentialAction":[{"@type":"CommentAction","name":"Comment","target":["https:\/\/cvinoticias.com\/v3\/la-mujer-como-protagonista-fundamental-en-los-procesos-historicos-del-pais-y-la-provincia\/#respond"]}]},{"@type":"WebPage","@id":"https:\/\/cvinoticias.com\/v3\/la-mujer-como-protagonista-fundamental-en-los-procesos-historicos-del-pais-y-la-provincia\/","url":"https:\/\/cvinoticias.com\/v3\/la-mujer-como-protagonista-fundamental-en-los-procesos-historicos-del-pais-y-la-provincia\/","name":"\u201cLa mujer como protagonista fundamental en los procesos hist\u00f3ricos del pa\u00eds y la provincia\u201d | CVI NOTICIAS","isPartOf":{"@id":"https:\/\/cvinoticias.com\/v3\/#website"},"primaryImageOfPage":{"@id":"https:\/\/cvinoticias.com\/v3\/la-mujer-como-protagonista-fundamental-en-los-procesos-historicos-del-pais-y-la-provincia\/#primaryimage"},"image":{"@id":"https:\/\/cvinoticias.com\/v3\/la-mujer-como-protagonista-fundamental-en-los-procesos-historicos-del-pais-y-la-provincia\/#primaryimage"},"thumbnailUrl":"https:\/\/cvinoticias.com\/wp-content\/uploads\/2021\/08\/IMG-20210731-WA0056.jpg","datePublished":"2021-08-01T03:17:21+00:00","breadcrumb":{"@id":"https:\/\/cvinoticias.com\/v3\/la-mujer-como-protagonista-fundamental-en-los-procesos-historicos-del-pais-y-la-provincia\/#breadcrumb"},"inLanguage":"es","potentialAction":[{"@type":"ReadAction","target":["https:\/\/cvinoticias.com\/v3\/la-mujer-como-protagonista-fundamental-en-los-procesos-historicos-del-pais-y-la-provincia\/"]}]},{"@type":"ImageObject","inLanguage":"es","@id":"https:\/\/cvinoticias.com\/v3\/la-mujer-como-protagonista-fundamental-en-los-procesos-historicos-del-pais-y-la-provincia\/#primaryimage","url":"https:\/\/cvinoticias.com\/wp-content\/uploads\/2021\/08\/IMG-20210731-WA0056.jpg","contentUrl":"https:\/\/cvinoticias.com\/wp-content\/uploads\/2021\/08\/IMG-20210731-WA0056.jpg","width":1060,"height":708},{"@type":"BreadcrumbList","@id":"https:\/\/cvinoticias.com\/v3\/la-mujer-como-protagonista-fundamental-en-los-procesos-historicos-del-pais-y-la-provincia\/#breadcrumb","itemListElement":[{"@type":"ListItem","position":1,"name":"Portada","item":"https:\/\/cvinoticias.com\/v3\/"},{"@type":"ListItem","position":2,"name":"\u201cLa mujer como protagonista fundamental en los procesos hist\u00f3ricos del pa\u00eds y la provincia\u201d"}]},{"@type":"WebSite","@id":"https:\/\/cvinoticias.com\/v3\/#website","url":"https:\/\/cvinoticias.com\/v3\/","name":"CVI NOTICIAS","description":"","publisher":{"@id":"https:\/\/cvinoticias.com\/v3\/#organization"},"alternateName":"CVI","potentialAction":[{"@type":"SearchAction","target":{"@type":"EntryPoint","urlTemplate":"https:\/\/cvinoticias.com\/v3\/?s={search_term_string}"},"query-input":{"@type":"PropertyValueSpecification","valueRequired":true,"valueName":"search_term_string"}}],"inLanguage":"es"},{"@type":"Organization","@id":"https:\/\/cvinoticias.com\/v3\/#organization","name":"CVI NOTICIAS","url":"https:\/\/cvinoticias.com\/v3\/","logo":{"@type":"ImageObject","inLanguage":"es","@id":"https:\/\/cvinoticias.com\/v3\/#\/schema\/logo\/image\/","url":"https:\/\/cvinoticias.com\/wp-content\/uploads\/2023\/04\/cropped-cropped-cropped-cropped-cropped-3-1.png","contentUrl":"https:\/\/cvinoticias.com\/wp-content\/uploads\/2023\/04\/cropped-cropped-cropped-cropped-cropped-3-1.png","width":95,"height":122,"caption":"CVI NOTICIAS"},"image":{"@id":"https:\/\/cvinoticias.com\/v3\/#\/schema\/logo\/image\/"},"sameAs":["https:\/\/www.facebook.com\/cvinoticias","https:\/\/www.instagram.com\/cvinoticias\/","https:\/\/www.youtube.com\/@CVINOTICIAS"]},{"@type":"Person","@id":"https:\/\/cvinoticias.com\/v3\/#\/schema\/person\/2db77e3c6bc03c538495d7b2b8be9b66","name":"f1000024","image":{"@type":"ImageObject","inLanguage":"es","@id":"https:\/\/secure.gravatar.com\/avatar\/d4fe7459cfc51ff5129ce1a732bbef5928568b8092d412ef95611616376bbeed?s=96&d=mm&r=g","url":"https:\/\/secure.gravatar.com\/avatar\/d4fe7459cfc51ff5129ce1a732bbef5928568b8092d412ef95611616376bbeed?s=96&d=mm&r=g","contentUrl":"https:\/\/secure.gravatar.com\/avatar\/d4fe7459cfc51ff5129ce1a732bbef5928568b8092d412ef95611616376bbeed?s=96&d=mm&r=g","caption":"f1000024"},"url":"https:\/\/cvinoticias.com\/v3\/author\/f1000024\/"}]}},"_links":{"self":[{"href":"https:\/\/cvinoticias.com\/v3\/wp-json\/wp\/v2\/posts\/7269","targetHints":{"allow":["GET"]}}],"collection":[{"href":"https:\/\/cvinoticias.com\/v3\/wp-json\/wp\/v2\/posts"}],"about":[{"href":"https:\/\/cvinoticias.com\/v3\/wp-json\/wp\/v2\/types\/post"}],"author":[{"embeddable":true,"href":"https:\/\/cvinoticias.com\/v3\/wp-json\/wp\/v2\/users\/2"}],"replies":[{"embeddable":true,"href":"https:\/\/cvinoticias.com\/v3\/wp-json\/wp\/v2\/comments?post=7269"}],"version-history":[{"count":1,"href":"https:\/\/cvinoticias.com\/v3\/wp-json\/wp\/v2\/posts\/7269\/revisions"}],"predecessor-version":[{"id":7272,"href":"https:\/\/cvinoticias.com\/v3\/wp-json\/wp\/v2\/posts\/7269\/revisions\/7272"}],"wp:featuredmedia":[{"embeddable":true,"href":"https:\/\/cvinoticias.com\/v3\/wp-json\/wp\/v2\/media\/7270"}],"wp:attachment":[{"href":"https:\/\/cvinoticias.com\/v3\/wp-json\/wp\/v2\/media?parent=7269"}],"wp:term":[{"taxonomy":"category","embeddable":true,"href":"https:\/\/cvinoticias.com\/v3\/wp-json\/wp\/v2\/categories?post=7269"},{"taxonomy":"post_tag","embeddable":true,"href":"https:\/\/cvinoticias.com\/v3\/wp-json\/wp\/v2\/tags?post=7269"}],"curies":[{"name":"wp","href":"https:\/\/api.w.org\/{rel}","templated":true}]}}