{"id":7246,"date":"2021-07-31T00:07:38","date_gmt":"2021-07-31T00:07:38","guid":{"rendered":"https:\/\/cvinoticias.com\/v3\/?p=7246"},"modified":"2021-07-31T00:07:38","modified_gmt":"2021-07-31T00:07:38","slug":"recuperaron-objetos-robados-de-una-escuela-en-iguazu-y-detuvieron-a-tres-personas-involucradas","status":"publish","type":"post","link":"https:\/\/cvinoticias.com\/v3\/recuperaron-objetos-robados-de-una-escuela-en-iguazu-y-detuvieron-a-tres-personas-involucradas\/","title":{"rendered":"Recuperaron objetos robados de una escuela en Iguaz\u00fa y detuvieron a tres personas involucradas"},"content":{"rendered":"\n<p><strong><em>Los acusados tienen 21, 22 y 39 a\u00f1os. En el domicilio de este \u00faltimo, se secuestr\u00f3 los elementos sustra\u00eddos del establecimiento educativo.<\/em><\/strong><\/p>\n\n\n\n<p>Las investigaciones del caso se iniciaron en base a la denuncia de la directora de la escuela, quien relat\u00f3 la sustracci\u00f3n de varias sillas del instituto, entre otros artefactos de valor. En los \u00faltimos d\u00edas, efectivos de la seccional 4ta incautaron cinco sillas de pl\u00e1stico que se hallaban ocultas en un malezal del barrio Bicentenario. Asimismo, detuvieron al primer acusado de 21 a\u00f1os.<\/p>\n\n\n\n<p>En las \u00faltimas horas, con la recepci\u00f3n de testimonios de personas del vecindario, los uniformados aprehendieron sobre la calle Carlos Gardel del barrio 1ro de Mayo al segundo implicado de 22. Continuando con las averiguaciones para recuperar el total de los objetos sustra\u00eddos, este viernes con una orden de allanamiento emitida por el Juzgado de Instrucci\u00f3n N\u00ba3 de Puerto Iguaz\u00fa, la polic\u00eda requis\u00f3 una morada en el citado vecindario donde decomis\u00f3 21 canillas de metal, varios metros de cables subterr\u00e1neos y detuvo al due\u00f1o de la propiedad.<\/p>\n\n\n\n<p>Los detenidos fueron alojados en sede policial a disposici\u00f3n de la Justicia. En tanto que lo secuestrado, una vez finalizados los tramites de rigor, fueron devueltos al establecimiento escolar.<\/p>\n\n\n\n<figure class=\"wp-block-image size-full\"><a href=\"https:\/\/cvinoticias.com\/wp-content\/uploads\/2021\/07\/IMG-20210730-WA0070.jpg\"><img decoding=\"async\" width=\"596\" height=\"542\" data-src=\"https:\/\/cvinoticias.com\/wp-content\/uploads\/2021\/07\/IMG-20210730-WA0070.jpg\" alt=\"\" class=\"wp-image-7247 lazyload\" data-srcset=\"https:\/\/cvinoticias.com\/wp-content\/uploads\/2021\/07\/IMG-20210730-WA0070.jpg 596w, https:\/\/cvinoticias.com\/wp-content\/uploads\/2021\/07\/IMG-20210730-WA0070-300x273.jpg 300w\" data-sizes=\"(max-width: 596px) 100vw, 596px\" src=\"data:image\/svg+xml;base64,PHN2ZyB3aWR0aD0iMSIgaGVpZ2h0PSIxIiB4bWxucz0iaHR0cDovL3d3dy53My5vcmcvMjAwMC9zdmciPjwvc3ZnPg==\" style=\"--smush-placeholder-width: 596px; --smush-placeholder-aspect-ratio: 596\/542;\" \/><\/a><\/figure>\n\n\n\n<figure class=\"wp-block-image size-full\"><a href=\"https:\/\/cvinoticias.com\/wp-content\/uploads\/2021\/07\/IMG-20210730-WA0068.jpg\"><img decoding=\"async\" width=\"604\" height=\"632\" data-src=\"https:\/\/cvinoticias.com\/wp-content\/uploads\/2021\/07\/IMG-20210730-WA0068.jpg\" alt=\"\" class=\"wp-image-7248 lazyload\" data-srcset=\"https:\/\/cvinoticias.com\/wp-content\/uploads\/2021\/07\/IMG-20210730-WA0068.jpg 604w, https:\/\/cvinoticias.com\/wp-content\/uploads\/2021\/07\/IMG-20210730-WA0068-287x300.jpg 287w\" data-sizes=\"(max-width: 604px) 100vw, 604px\" src=\"data:image\/svg+xml;base64,PHN2ZyB3aWR0aD0iMSIgaGVpZ2h0PSIxIiB4bWxucz0iaHR0cDovL3d3dy53My5vcmcvMjAwMC9zdmciPjwvc3ZnPg==\" style=\"--smush-placeholder-width: 604px; --smush-placeholder-aspect-ratio: 604\/632;\" \/><\/a><\/figure>\n\n\n\n<figure class=\"wp-block-image size-full\"><a href=\"https:\/\/cvinoticias.com\/wp-content\/uploads\/2021\/07\/IMG-20210730-WA0071.jpg\"><img decoding=\"async\" width=\"1000\" height=\"996\" data-src=\"https:\/\/cvinoticias.com\/wp-content\/uploads\/2021\/07\/IMG-20210730-WA0071.jpg\" alt=\"\" class=\"wp-image-7249 lazyload\" data-srcset=\"https:\/\/cvinoticias.com\/wp-content\/uploads\/2021\/07\/IMG-20210730-WA0071.jpg 1000w, https:\/\/cvinoticias.com\/wp-content\/uploads\/2021\/07\/IMG-20210730-WA0071-300x300.jpg 300w, https:\/\/cvinoticias.com\/wp-content\/uploads\/2021\/07\/IMG-20210730-WA0071-150x150.jpg 150w, https:\/\/cvinoticias.com\/wp-content\/uploads\/2021\/07\/IMG-20210730-WA0071-768x765.jpg 768w\" data-sizes=\"(max-width: 1000px) 100vw, 1000px\" src=\"data:image\/svg+xml;base64,PHN2ZyB3aWR0aD0iMSIgaGVpZ2h0PSIxIiB4bWxucz0iaHR0cDovL3d3dy53My5vcmcvMjAwMC9zdmciPjwvc3ZnPg==\" style=\"--smush-placeholder-width: 1000px; --smush-placeholder-aspect-ratio: 1000\/996;\" \/><\/a><\/figure>\n","protected":false},"excerpt":{"rendered":"<p>Los acusados tienen 21, 22 y 39 a\u00f1os. En el domicilio de este \u00faltimo, se secuestr\u00f3 los elementos sustra\u00eddos del establecimiento educativo. Las investigaciones del caso se iniciaron en base a la denuncia de la directora de la escuela, quien relat\u00f3 la sustracci\u00f3n de varias sillas del instituto, entre otros artefactos de valor. En los [&hellip;]<\/p>\n","protected":false},"author":2,"featured_media":7250,"comment_status":"open","ping_status":"open","sticky":false,"template":"","format":"standard","meta":{"footnotes":""},"categories":[41],"tags":[],"class_list":["post-7246","post","type-post","status-publish","format-standard","has-post-thumbnail","hentry","category-policiales"],"yoast_head":"<!-- This site is optimized with the Yoast SEO plugin v27.4 - https:\/\/yoast.com\/product\/yoast-seo-wordpress\/ -->\n<title>Recuperaron objetos robados de una escuela en Iguaz\u00fa y detuvieron a tres personas involucradas | CVI NOTICIAS<\/title>\n<meta name=\"robots\" content=\"index, follow, max-snippet:-1, max-image-preview:large, max-video-preview:-1\" \/>\n<link rel=\"canonical\" href=\"https:\/\/cvinoticias.com\/v3\/recuperaron-objetos-robados-de-una-escuela-en-iguazu-y-detuvieron-a-tres-personas-involucradas\/\" \/>\n<meta property=\"og:locale\" content=\"es_ES\" \/>\n<meta property=\"og:type\" content=\"article\" \/>\n<meta property=\"og:title\" content=\"Recuperaron objetos robados de una escuela en Iguaz\u00fa y detuvieron a tres personas involucradas | CVI NOTICIAS\" \/>\n<meta property=\"og:description\" content=\"Los acusados tienen 21, 22 y 39 a\u00f1os. En el domicilio de este \u00faltimo, se secuestr\u00f3 los elementos sustra\u00eddos del establecimiento educativo. Las investigaciones del caso se iniciaron en base a la denuncia de la directora de la escuela, quien relat\u00f3 la sustracci\u00f3n de varias sillas del instituto, entre otros artefactos de valor. En los [&hellip;]\" \/>\n<meta property=\"og:url\" content=\"https:\/\/cvinoticias.com\/v3\/recuperaron-objetos-robados-de-una-escuela-en-iguazu-y-detuvieron-a-tres-personas-involucradas\/\" \/>\n<meta property=\"og:site_name\" content=\"CVI NOTICIAS\" \/>\n<meta property=\"article:publisher\" content=\"https:\/\/www.facebook.com\/cvinoticias\" \/>\n<meta property=\"article:published_time\" content=\"2021-07-31T00:07:38+00:00\" \/>\n<meta property=\"og:image\" content=\"https:\/\/cvinoticias.com\/wp-content\/uploads\/2021\/07\/IMG-20210730-WA0069.jpg\" \/>\n\t<meta property=\"og:image:width\" content=\"1600\" \/>\n\t<meta property=\"og:image:height\" content=\"756\" \/>\n\t<meta property=\"og:image:type\" content=\"image\/jpeg\" \/>\n<meta name=\"author\" content=\"f1000024\" \/>\n<meta name=\"twitter:card\" content=\"summary_large_image\" \/>\n<meta name=\"twitter:label1\" content=\"Escrito por\" \/>\n\t<meta name=\"twitter:data1\" content=\"f1000024\" \/>\n\t<meta name=\"twitter:label2\" content=\"Tiempo de lectura\" \/>\n\t<meta name=\"twitter:data2\" content=\"1 minuto\" \/>\n<script type=\"application\/ld+json\" class=\"yoast-schema-graph\">{\"@context\":\"https:\\\/\\\/schema.org\",\"@graph\":[{\"@type\":\"Article\",\"@id\":\"https:\\\/\\\/cvinoticias.com\\\/v3\\\/recuperaron-objetos-robados-de-una-escuela-en-iguazu-y-detuvieron-a-tres-personas-involucradas\\\/#article\",\"isPartOf\":{\"@id\":\"https:\\\/\\\/cvinoticias.com\\\/v3\\\/recuperaron-objetos-robados-de-una-escuela-en-iguazu-y-detuvieron-a-tres-personas-involucradas\\\/\"},\"author\":{\"name\":\"f1000024\",\"@id\":\"https:\\\/\\\/cvinoticias.com\\\/v3\\\/#\\\/schema\\\/person\\\/2db77e3c6bc03c538495d7b2b8be9b66\"},\"headline\":\"Recuperaron objetos robados de una escuela en Iguaz\u00fa y detuvieron a tres personas involucradas\",\"datePublished\":\"2021-07-31T00:07:38+00:00\",\"mainEntityOfPage\":{\"@id\":\"https:\\\/\\\/cvinoticias.com\\\/v3\\\/recuperaron-objetos-robados-de-una-escuela-en-iguazu-y-detuvieron-a-tres-personas-involucradas\\\/\"},\"wordCount\":222,\"commentCount\":0,\"publisher\":{\"@id\":\"https:\\\/\\\/cvinoticias.com\\\/v3\\\/#organization\"},\"image\":{\"@id\":\"https:\\\/\\\/cvinoticias.com\\\/v3\\\/recuperaron-objetos-robados-de-una-escuela-en-iguazu-y-detuvieron-a-tres-personas-involucradas\\\/#primaryimage\"},\"thumbnailUrl\":\"https:\\\/\\\/cvinoticias.com\\\/wp-content\\\/uploads\\\/2021\\\/07\\\/IMG-20210730-WA0069.jpg\",\"articleSection\":[\"Policiales\"],\"inLanguage\":\"es\",\"potentialAction\":[{\"@type\":\"CommentAction\",\"name\":\"Comment\",\"target\":[\"https:\\\/\\\/cvinoticias.com\\\/v3\\\/recuperaron-objetos-robados-de-una-escuela-en-iguazu-y-detuvieron-a-tres-personas-involucradas\\\/#respond\"]}]},{\"@type\":\"WebPage\",\"@id\":\"https:\\\/\\\/cvinoticias.com\\\/v3\\\/recuperaron-objetos-robados-de-una-escuela-en-iguazu-y-detuvieron-a-tres-personas-involucradas\\\/\",\"url\":\"https:\\\/\\\/cvinoticias.com\\\/v3\\\/recuperaron-objetos-robados-de-una-escuela-en-iguazu-y-detuvieron-a-tres-personas-involucradas\\\/\",\"name\":\"Recuperaron objetos robados de una escuela en Iguaz\u00fa y detuvieron a tres personas involucradas | CVI NOTICIAS\",\"isPartOf\":{\"@id\":\"https:\\\/\\\/cvinoticias.com\\\/v3\\\/#website\"},\"primaryImageOfPage\":{\"@id\":\"https:\\\/\\\/cvinoticias.com\\\/v3\\\/recuperaron-objetos-robados-de-una-escuela-en-iguazu-y-detuvieron-a-tres-personas-involucradas\\\/#primaryimage\"},\"image\":{\"@id\":\"https:\\\/\\\/cvinoticias.com\\\/v3\\\/recuperaron-objetos-robados-de-una-escuela-en-iguazu-y-detuvieron-a-tres-personas-involucradas\\\/#primaryimage\"},\"thumbnailUrl\":\"https:\\\/\\\/cvinoticias.com\\\/wp-content\\\/uploads\\\/2021\\\/07\\\/IMG-20210730-WA0069.jpg\",\"datePublished\":\"2021-07-31T00:07:38+00:00\",\"breadcrumb\":{\"@id\":\"https:\\\/\\\/cvinoticias.com\\\/v3\\\/recuperaron-objetos-robados-de-una-escuela-en-iguazu-y-detuvieron-a-tres-personas-involucradas\\\/#breadcrumb\"},\"inLanguage\":\"es\",\"potentialAction\":[{\"@type\":\"ReadAction\",\"target\":[\"https:\\\/\\\/cvinoticias.com\\\/v3\\\/recuperaron-objetos-robados-de-una-escuela-en-iguazu-y-detuvieron-a-tres-personas-involucradas\\\/\"]}]},{\"@type\":\"ImageObject\",\"inLanguage\":\"es\",\"@id\":\"https:\\\/\\\/cvinoticias.com\\\/v3\\\/recuperaron-objetos-robados-de-una-escuela-en-iguazu-y-detuvieron-a-tres-personas-involucradas\\\/#primaryimage\",\"url\":\"https:\\\/\\\/cvinoticias.com\\\/wp-content\\\/uploads\\\/2021\\\/07\\\/IMG-20210730-WA0069.jpg\",\"contentUrl\":\"https:\\\/\\\/cvinoticias.com\\\/wp-content\\\/uploads\\\/2021\\\/07\\\/IMG-20210730-WA0069.jpg\",\"width\":1600,\"height\":756},{\"@type\":\"BreadcrumbList\",\"@id\":\"https:\\\/\\\/cvinoticias.com\\\/v3\\\/recuperaron-objetos-robados-de-una-escuela-en-iguazu-y-detuvieron-a-tres-personas-involucradas\\\/#breadcrumb\",\"itemListElement\":[{\"@type\":\"ListItem\",\"position\":1,\"name\":\"Portada\",\"item\":\"https:\\\/\\\/cvinoticias.com\\\/v3\\\/\"},{\"@type\":\"ListItem\",\"position\":2,\"name\":\"Recuperaron objetos robados de una escuela en Iguaz\u00fa y detuvieron a tres personas involucradas\"}]},{\"@type\":\"WebSite\",\"@id\":\"https:\\\/\\\/cvinoticias.com\\\/v3\\\/#website\",\"url\":\"https:\\\/\\\/cvinoticias.com\\\/v3\\\/\",\"name\":\"CVI NOTICIAS\",\"description\":\"\",\"publisher\":{\"@id\":\"https:\\\/\\\/cvinoticias.com\\\/v3\\\/#organization\"},\"alternateName\":\"CVI\",\"potentialAction\":[{\"@type\":\"SearchAction\",\"target\":{\"@type\":\"EntryPoint\",\"urlTemplate\":\"https:\\\/\\\/cvinoticias.com\\\/v3\\\/?s={search_term_string}\"},\"query-input\":{\"@type\":\"PropertyValueSpecification\",\"valueRequired\":true,\"valueName\":\"search_term_string\"}}],\"inLanguage\":\"es\"},{\"@type\":\"Organization\",\"@id\":\"https:\\\/\\\/cvinoticias.com\\\/v3\\\/#organization\",\"name\":\"CVI NOTICIAS\",\"url\":\"https:\\\/\\\/cvinoticias.com\\\/v3\\\/\",\"logo\":{\"@type\":\"ImageObject\",\"inLanguage\":\"es\",\"@id\":\"https:\\\/\\\/cvinoticias.com\\\/v3\\\/#\\\/schema\\\/logo\\\/image\\\/\",\"url\":\"https:\\\/\\\/cvinoticias.com\\\/wp-content\\\/uploads\\\/2023\\\/04\\\/cropped-cropped-cropped-cropped-cropped-3-1.png\",\"contentUrl\":\"https:\\\/\\\/cvinoticias.com\\\/wp-content\\\/uploads\\\/2023\\\/04\\\/cropped-cropped-cropped-cropped-cropped-3-1.png\",\"width\":95,\"height\":122,\"caption\":\"CVI NOTICIAS\"},\"image\":{\"@id\":\"https:\\\/\\\/cvinoticias.com\\\/v3\\\/#\\\/schema\\\/logo\\\/image\\\/\"},\"sameAs\":[\"https:\\\/\\\/www.facebook.com\\\/cvinoticias\",\"https:\\\/\\\/www.instagram.com\\\/cvinoticias\\\/\",\"https:\\\/\\\/www.youtube.com\\\/@CVINOTICIAS\"]},{\"@type\":\"Person\",\"@id\":\"https:\\\/\\\/cvinoticias.com\\\/v3\\\/#\\\/schema\\\/person\\\/2db77e3c6bc03c538495d7b2b8be9b66\",\"name\":\"f1000024\",\"image\":{\"@type\":\"ImageObject\",\"inLanguage\":\"es\",\"@id\":\"https:\\\/\\\/secure.gravatar.com\\\/avatar\\\/d4fe7459cfc51ff5129ce1a732bbef5928568b8092d412ef95611616376bbeed?s=96&d=mm&r=g\",\"url\":\"https:\\\/\\\/secure.gravatar.com\\\/avatar\\\/d4fe7459cfc51ff5129ce1a732bbef5928568b8092d412ef95611616376bbeed?s=96&d=mm&r=g\",\"contentUrl\":\"https:\\\/\\\/secure.gravatar.com\\\/avatar\\\/d4fe7459cfc51ff5129ce1a732bbef5928568b8092d412ef95611616376bbeed?s=96&d=mm&r=g\",\"caption\":\"f1000024\"},\"url\":\"https:\\\/\\\/cvinoticias.com\\\/v3\\\/author\\\/f1000024\\\/\"}]}<\/script>\n<!-- \/ Yoast SEO plugin. -->","yoast_head_json":{"title":"Recuperaron objetos robados de una escuela en Iguaz\u00fa y detuvieron a tres personas involucradas | CVI NOTICIAS","robots":{"index":"index","follow":"follow","max-snippet":"max-snippet:-1","max-image-preview":"max-image-preview:large","max-video-preview":"max-video-preview:-1"},"canonical":"https:\/\/cvinoticias.com\/v3\/recuperaron-objetos-robados-de-una-escuela-en-iguazu-y-detuvieron-a-tres-personas-involucradas\/","og_locale":"es_ES","og_type":"article","og_title":"Recuperaron objetos robados de una escuela en Iguaz\u00fa y detuvieron a tres personas involucradas | CVI NOTICIAS","og_description":"Los acusados tienen 21, 22 y 39 a\u00f1os. En el domicilio de este \u00faltimo, se secuestr\u00f3 los elementos sustra\u00eddos del establecimiento educativo. Las investigaciones del caso se iniciaron en base a la denuncia de la directora de la escuela, quien relat\u00f3 la sustracci\u00f3n de varias sillas del instituto, entre otros artefactos de valor. En los [&hellip;]","og_url":"https:\/\/cvinoticias.com\/v3\/recuperaron-objetos-robados-de-una-escuela-en-iguazu-y-detuvieron-a-tres-personas-involucradas\/","og_site_name":"CVI NOTICIAS","article_publisher":"https:\/\/www.facebook.com\/cvinoticias","article_published_time":"2021-07-31T00:07:38+00:00","og_image":[{"width":1600,"height":756,"url":"https:\/\/cvinoticias.com\/wp-content\/uploads\/2021\/07\/IMG-20210730-WA0069.jpg","type":"image\/jpeg"}],"author":"f1000024","twitter_card":"summary_large_image","twitter_misc":{"Escrito por":"f1000024","Tiempo de lectura":"1 minuto"},"schema":{"@context":"https:\/\/schema.org","@graph":[{"@type":"Article","@id":"https:\/\/cvinoticias.com\/v3\/recuperaron-objetos-robados-de-una-escuela-en-iguazu-y-detuvieron-a-tres-personas-involucradas\/#article","isPartOf":{"@id":"https:\/\/cvinoticias.com\/v3\/recuperaron-objetos-robados-de-una-escuela-en-iguazu-y-detuvieron-a-tres-personas-involucradas\/"},"author":{"name":"f1000024","@id":"https:\/\/cvinoticias.com\/v3\/#\/schema\/person\/2db77e3c6bc03c538495d7b2b8be9b66"},"headline":"Recuperaron objetos robados de una escuela en Iguaz\u00fa y detuvieron a tres personas involucradas","datePublished":"2021-07-31T00:07:38+00:00","mainEntityOfPage":{"@id":"https:\/\/cvinoticias.com\/v3\/recuperaron-objetos-robados-de-una-escuela-en-iguazu-y-detuvieron-a-tres-personas-involucradas\/"},"wordCount":222,"commentCount":0,"publisher":{"@id":"https:\/\/cvinoticias.com\/v3\/#organization"},"image":{"@id":"https:\/\/cvinoticias.com\/v3\/recuperaron-objetos-robados-de-una-escuela-en-iguazu-y-detuvieron-a-tres-personas-involucradas\/#primaryimage"},"thumbnailUrl":"https:\/\/cvinoticias.com\/wp-content\/uploads\/2021\/07\/IMG-20210730-WA0069.jpg","articleSection":["Policiales"],"inLanguage":"es","potentialAction":[{"@type":"CommentAction","name":"Comment","target":["https:\/\/cvinoticias.com\/v3\/recuperaron-objetos-robados-de-una-escuela-en-iguazu-y-detuvieron-a-tres-personas-involucradas\/#respond"]}]},{"@type":"WebPage","@id":"https:\/\/cvinoticias.com\/v3\/recuperaron-objetos-robados-de-una-escuela-en-iguazu-y-detuvieron-a-tres-personas-involucradas\/","url":"https:\/\/cvinoticias.com\/v3\/recuperaron-objetos-robados-de-una-escuela-en-iguazu-y-detuvieron-a-tres-personas-involucradas\/","name":"Recuperaron objetos robados de una escuela en Iguaz\u00fa y detuvieron a tres personas involucradas | CVI NOTICIAS","isPartOf":{"@id":"https:\/\/cvinoticias.com\/v3\/#website"},"primaryImageOfPage":{"@id":"https:\/\/cvinoticias.com\/v3\/recuperaron-objetos-robados-de-una-escuela-en-iguazu-y-detuvieron-a-tres-personas-involucradas\/#primaryimage"},"image":{"@id":"https:\/\/cvinoticias.com\/v3\/recuperaron-objetos-robados-de-una-escuela-en-iguazu-y-detuvieron-a-tres-personas-involucradas\/#primaryimage"},"thumbnailUrl":"https:\/\/cvinoticias.com\/wp-content\/uploads\/2021\/07\/IMG-20210730-WA0069.jpg","datePublished":"2021-07-31T00:07:38+00:00","breadcrumb":{"@id":"https:\/\/cvinoticias.com\/v3\/recuperaron-objetos-robados-de-una-escuela-en-iguazu-y-detuvieron-a-tres-personas-involucradas\/#breadcrumb"},"inLanguage":"es","potentialAction":[{"@type":"ReadAction","target":["https:\/\/cvinoticias.com\/v3\/recuperaron-objetos-robados-de-una-escuela-en-iguazu-y-detuvieron-a-tres-personas-involucradas\/"]}]},{"@type":"ImageObject","inLanguage":"es","@id":"https:\/\/cvinoticias.com\/v3\/recuperaron-objetos-robados-de-una-escuela-en-iguazu-y-detuvieron-a-tres-personas-involucradas\/#primaryimage","url":"https:\/\/cvinoticias.com\/wp-content\/uploads\/2021\/07\/IMG-20210730-WA0069.jpg","contentUrl":"https:\/\/cvinoticias.com\/wp-content\/uploads\/2021\/07\/IMG-20210730-WA0069.jpg","width":1600,"height":756},{"@type":"BreadcrumbList","@id":"https:\/\/cvinoticias.com\/v3\/recuperaron-objetos-robados-de-una-escuela-en-iguazu-y-detuvieron-a-tres-personas-involucradas\/#breadcrumb","itemListElement":[{"@type":"ListItem","position":1,"name":"Portada","item":"https:\/\/cvinoticias.com\/v3\/"},{"@type":"ListItem","position":2,"name":"Recuperaron objetos robados de una escuela en Iguaz\u00fa y detuvieron a tres personas involucradas"}]},{"@type":"WebSite","@id":"https:\/\/cvinoticias.com\/v3\/#website","url":"https:\/\/cvinoticias.com\/v3\/","name":"CVI NOTICIAS","description":"","publisher":{"@id":"https:\/\/cvinoticias.com\/v3\/#organization"},"alternateName":"CVI","potentialAction":[{"@type":"SearchAction","target":{"@type":"EntryPoint","urlTemplate":"https:\/\/cvinoticias.com\/v3\/?s={search_term_string}"},"query-input":{"@type":"PropertyValueSpecification","valueRequired":true,"valueName":"search_term_string"}}],"inLanguage":"es"},{"@type":"Organization","@id":"https:\/\/cvinoticias.com\/v3\/#organization","name":"CVI NOTICIAS","url":"https:\/\/cvinoticias.com\/v3\/","logo":{"@type":"ImageObject","inLanguage":"es","@id":"https:\/\/cvinoticias.com\/v3\/#\/schema\/logo\/image\/","url":"https:\/\/cvinoticias.com\/wp-content\/uploads\/2023\/04\/cropped-cropped-cropped-cropped-cropped-3-1.png","contentUrl":"https:\/\/cvinoticias.com\/wp-content\/uploads\/2023\/04\/cropped-cropped-cropped-cropped-cropped-3-1.png","width":95,"height":122,"caption":"CVI NOTICIAS"},"image":{"@id":"https:\/\/cvinoticias.com\/v3\/#\/schema\/logo\/image\/"},"sameAs":["https:\/\/www.facebook.com\/cvinoticias","https:\/\/www.instagram.com\/cvinoticias\/","https:\/\/www.youtube.com\/@CVINOTICIAS"]},{"@type":"Person","@id":"https:\/\/cvinoticias.com\/v3\/#\/schema\/person\/2db77e3c6bc03c538495d7b2b8be9b66","name":"f1000024","image":{"@type":"ImageObject","inLanguage":"es","@id":"https:\/\/secure.gravatar.com\/avatar\/d4fe7459cfc51ff5129ce1a732bbef5928568b8092d412ef95611616376bbeed?s=96&d=mm&r=g","url":"https:\/\/secure.gravatar.com\/avatar\/d4fe7459cfc51ff5129ce1a732bbef5928568b8092d412ef95611616376bbeed?s=96&d=mm&r=g","contentUrl":"https:\/\/secure.gravatar.com\/avatar\/d4fe7459cfc51ff5129ce1a732bbef5928568b8092d412ef95611616376bbeed?s=96&d=mm&r=g","caption":"f1000024"},"url":"https:\/\/cvinoticias.com\/v3\/author\/f1000024\/"}]}},"_links":{"self":[{"href":"https:\/\/cvinoticias.com\/v3\/wp-json\/wp\/v2\/posts\/7246","targetHints":{"allow":["GET"]}}],"collection":[{"href":"https:\/\/cvinoticias.com\/v3\/wp-json\/wp\/v2\/posts"}],"about":[{"href":"https:\/\/cvinoticias.com\/v3\/wp-json\/wp\/v2\/types\/post"}],"author":[{"embeddable":true,"href":"https:\/\/cvinoticias.com\/v3\/wp-json\/wp\/v2\/users\/2"}],"replies":[{"embeddable":true,"href":"https:\/\/cvinoticias.com\/v3\/wp-json\/wp\/v2\/comments?post=7246"}],"version-history":[{"count":1,"href":"https:\/\/cvinoticias.com\/v3\/wp-json\/wp\/v2\/posts\/7246\/revisions"}],"predecessor-version":[{"id":7251,"href":"https:\/\/cvinoticias.com\/v3\/wp-json\/wp\/v2\/posts\/7246\/revisions\/7251"}],"wp:featuredmedia":[{"embeddable":true,"href":"https:\/\/cvinoticias.com\/v3\/wp-json\/wp\/v2\/media\/7250"}],"wp:attachment":[{"href":"https:\/\/cvinoticias.com\/v3\/wp-json\/wp\/v2\/media?parent=7246"}],"wp:term":[{"taxonomy":"category","embeddable":true,"href":"https:\/\/cvinoticias.com\/v3\/wp-json\/wp\/v2\/categories?post=7246"},{"taxonomy":"post_tag","embeddable":true,"href":"https:\/\/cvinoticias.com\/v3\/wp-json\/wp\/v2\/tags?post=7246"}],"curies":[{"name":"wp","href":"https:\/\/api.w.org\/{rel}","templated":true}]}}