{"id":7243,"date":"2021-07-30T21:51:15","date_gmt":"2021-07-30T21:51:15","guid":{"rendered":"https:\/\/cvinoticias.com\/v3\/?p=7243"},"modified":"2021-07-30T21:51:15","modified_gmt":"2021-07-30T21:51:15","slug":"trabajo-creditos-no-bancarios-y-jovenes-propuestas-que-impulsara-arroyo-en-el-congreso","status":"publish","type":"post","link":"https:\/\/cvinoticias.com\/v3\/trabajo-creditos-no-bancarios-y-jovenes-propuestas-que-impulsara-arroyo-en-el-congreso\/","title":{"rendered":"Trabajo, cr\u00e9ditos no bancarios y j\u00f3venes: propuestas que impulsar\u00e1 Arroyo en el Congreso"},"content":{"rendered":"\n<p><strong><em>El precandidato a diputado nacional por el Frente de Todos (FdT) en la provincia de Buenos Aires y ministro de Desarrollo Social, Daniel Arroyo\u00a0adelant\u00f3 algunas de las l\u00edneas de trabajo que abordar\u00e1 si es electo para ocupar un lugar en la C\u00e1mara Baja. Tambi\u00e9n reafirm\u00f3 su decisi\u00f3n de renunciar al Ministerio<\/em><\/strong>.<\/p>\n\n\n\n<p>El precandidato a diputado nacional por el Frente de Todos (FdT) en la provincia de Buenos Aires y ministro de Desarrollo Social, Daniel Arroyo, asegur\u00f3\u00a0 que su precandidatura y renuncia a la cartera que encabeza\u00a0\u00abfue hablada con mucha anticipaci\u00f3n y claridad\u00bb\u00a0con el presidente Alberto Fern\u00e1ndez, y adelant\u00f3 que si es electo se abocar\u00e1 en el Congreso a \u00abtransformar planes sociales en trabajo, generar un sistema de cr\u00e9ditos no bancario y trabajar con los j\u00f3venes\u00bb.<\/p>\n\n\n\n<p>\u00abLos cambios estructurales hay que reforzarlos con leyes. Voy al Parlamento con tres propuestas: transformar planes sociales en trabajo, generar un sistema de cr\u00e9ditos no bancario y trabajar con los j\u00f3venes, en el primer empleo y la reforma de la escuela secundaria\u00bb, indic\u00f3 Arroyo esta ma\u00f1ana.<\/p>\n\n\n\n<p>Y en relaci\u00f3n a su postulaci\u00f3n, agreg\u00f3:\u00a0\u00abTodo fue hablado con mucha anticipaci\u00f3n y claridad con el Presidente. Me tomo esta precandidatura como un rol importante poder contribuir desde ah\u00ed\u00bb\u00a0con el Gobierno nacional.<\/p>\n\n\n\n<p>En la misma l\u00ednea, Arroyo consider\u00f3 que le parec\u00eda \u00abalgo l\u00f3gico\u00bb el pedido de renuncia por parte de Alberto Fern\u00e1ndez a su cargo en el Ministerio ya que la campa\u00f1a y la gesti\u00f3n \u00abdeben estar diferenciadas\u00bb.<\/p>\n\n\n\n<p>Balance de gesti\u00f3n<\/p>\n\n\n\n<p><br>En un balance de su trabajo como ministro de Desarrollo Social, Arroyo celebr\u00f3 haber impulsado la Tarjeta Alimentar y \u00abtoda la red de asistencia de comedores y merenderos\u00bb.<\/p>\n\n\n\n<p>A su vez destac\u00f3 que se logr\u00f3\u00a0\u00absostener la paz social en un contexto muy complejo de pandemia, de ca\u00edda de la actividad econ\u00f3mica y en donde varios pa\u00edses de Am\u00e9rica Latina han tenido conflictos muy fuertes\u00bb.<\/p>\n\n\n\n<p>\u00abEn un contexto muy complejo hemos sostenido la paz social, generamos un conjunto de pol\u00edticas y lentamente veo que va mejorando la situaci\u00f3n social\u00bb, afirm\u00f3 el ministro saliente.<\/p>\n\n\n\n<p>Tambi\u00e9n resalt\u00f3 el programa\u00a0Potenciar Trabajo, el inicio de la urbanizaci\u00f3n en 400 barrios y \u00abla puesta en marcha\u00bb de 800 jardines.<\/p>\n\n\n\n<p>\u00abArgentina tiene 57% de pobreza en los m\u00e1s chicos y la forma de achicar la desigualdad es que vayan al jard\u00edn. Las primeras infancias son algo estructural y profundo. Me gusta mucho el trabajo que hemos hecho en el Ministerio Social. Hemos hecho una gesti\u00f3n muy digna en un contexto dur\u00edsimo\u00bb, afirm\u00f3 Arroyo.<\/p>\n\n\n\n<p>Por otro lado, el precandidato dijo que la lista del FdT \u00abrefleja unidad\u00bb y \u00abrepresenta al mundo del trabajo, los sindicatos y los movimientos sociales\u00bb.<\/p>\n\n\n\n<p>Finalmente insisti\u00f3 con que es \u00abuna lista de lujo\u00bb y la compar\u00f3 con las candidaturas de Juntos, donde hay \u00abfalta de propuestas y mucha tensi\u00f3n y conflicto interno\u00bb.<\/p>\n","protected":false},"excerpt":{"rendered":"<p>El precandidato a diputado nacional por el Frente de Todos (FdT) en la provincia de Buenos Aires y ministro de Desarrollo Social, Daniel Arroyo\u00a0adelant\u00f3 algunas de las l\u00edneas de trabajo que abordar\u00e1 si es electo para ocupar un lugar en la C\u00e1mara Baja. Tambi\u00e9n reafirm\u00f3 su decisi\u00f3n de renunciar al Ministerio. El precandidato a diputado [&hellip;]<\/p>\n","protected":false},"author":2,"featured_media":7244,"comment_status":"open","ping_status":"open","sticky":false,"template":"","format":"standard","meta":{"footnotes":""},"categories":[42],"tags":[],"class_list":["post-7243","post","type-post","status-publish","format-standard","has-post-thumbnail","hentry","category-politica"],"yoast_head":"<!-- This site is optimized with the Yoast SEO plugin v27.4 - https:\/\/yoast.com\/product\/yoast-seo-wordpress\/ -->\n<title>Trabajo, cr\u00e9ditos no bancarios y j\u00f3venes: propuestas que impulsar\u00e1 Arroyo en el Congreso | CVI NOTICIAS<\/title>\n<meta name=\"robots\" content=\"index, follow, max-snippet:-1, max-image-preview:large, max-video-preview:-1\" \/>\n<link rel=\"canonical\" href=\"https:\/\/cvinoticias.com\/v3\/trabajo-creditos-no-bancarios-y-jovenes-propuestas-que-impulsara-arroyo-en-el-congreso\/\" \/>\n<meta property=\"og:locale\" content=\"es_ES\" \/>\n<meta property=\"og:type\" content=\"article\" \/>\n<meta property=\"og:title\" content=\"Trabajo, cr\u00e9ditos no bancarios y j\u00f3venes: propuestas que impulsar\u00e1 Arroyo en el Congreso | CVI NOTICIAS\" \/>\n<meta property=\"og:description\" content=\"El precandidato a diputado nacional por el Frente de Todos (FdT) en la provincia de Buenos Aires y ministro de Desarrollo Social, Daniel Arroyo\u00a0adelant\u00f3 algunas de las l\u00edneas de trabajo que abordar\u00e1 si es electo para ocupar un lugar en la C\u00e1mara Baja. Tambi\u00e9n reafirm\u00f3 su decisi\u00f3n de renunciar al Ministerio. El precandidato a diputado [&hellip;]\" \/>\n<meta property=\"og:url\" content=\"https:\/\/cvinoticias.com\/v3\/trabajo-creditos-no-bancarios-y-jovenes-propuestas-que-impulsara-arroyo-en-el-congreso\/\" \/>\n<meta property=\"og:site_name\" content=\"CVI NOTICIAS\" \/>\n<meta property=\"article:publisher\" content=\"https:\/\/www.facebook.com\/cvinoticias\" \/>\n<meta property=\"article:published_time\" content=\"2021-07-30T21:51:15+00:00\" \/>\n<meta property=\"og:image\" content=\"https:\/\/cvinoticias.com\/wp-content\/uploads\/2021\/07\/474737-1.jpg\" \/>\n\t<meta property=\"og:image:width\" content=\"893\" \/>\n\t<meta property=\"og:image:height\" content=\"641\" \/>\n\t<meta property=\"og:image:type\" content=\"image\/jpeg\" \/>\n<meta name=\"author\" content=\"f1000024\" \/>\n<meta name=\"twitter:card\" content=\"summary_large_image\" \/>\n<meta name=\"twitter:label1\" content=\"Escrito por\" \/>\n\t<meta name=\"twitter:data1\" content=\"f1000024\" \/>\n\t<meta name=\"twitter:label2\" content=\"Tiempo de lectura\" \/>\n\t<meta name=\"twitter:data2\" content=\"2 minutos\" \/>\n<script type=\"application\/ld+json\" class=\"yoast-schema-graph\">{\"@context\":\"https:\\\/\\\/schema.org\",\"@graph\":[{\"@type\":\"Article\",\"@id\":\"https:\\\/\\\/cvinoticias.com\\\/v3\\\/trabajo-creditos-no-bancarios-y-jovenes-propuestas-que-impulsara-arroyo-en-el-congreso\\\/#article\",\"isPartOf\":{\"@id\":\"https:\\\/\\\/cvinoticias.com\\\/v3\\\/trabajo-creditos-no-bancarios-y-jovenes-propuestas-que-impulsara-arroyo-en-el-congreso\\\/\"},\"author\":{\"name\":\"f1000024\",\"@id\":\"https:\\\/\\\/cvinoticias.com\\\/v3\\\/#\\\/schema\\\/person\\\/2db77e3c6bc03c538495d7b2b8be9b66\"},\"headline\":\"Trabajo, cr\u00e9ditos no bancarios y j\u00f3venes: propuestas que impulsar\u00e1 Arroyo en el Congreso\",\"datePublished\":\"2021-07-30T21:51:15+00:00\",\"mainEntityOfPage\":{\"@id\":\"https:\\\/\\\/cvinoticias.com\\\/v3\\\/trabajo-creditos-no-bancarios-y-jovenes-propuestas-que-impulsara-arroyo-en-el-congreso\\\/\"},\"wordCount\":514,\"commentCount\":0,\"publisher\":{\"@id\":\"https:\\\/\\\/cvinoticias.com\\\/v3\\\/#organization\"},\"image\":{\"@id\":\"https:\\\/\\\/cvinoticias.com\\\/v3\\\/trabajo-creditos-no-bancarios-y-jovenes-propuestas-que-impulsara-arroyo-en-el-congreso\\\/#primaryimage\"},\"thumbnailUrl\":\"https:\\\/\\\/cvinoticias.com\\\/wp-content\\\/uploads\\\/2021\\\/07\\\/474737-1.jpg\",\"articleSection\":[\"Politica\"],\"inLanguage\":\"es\",\"potentialAction\":[{\"@type\":\"CommentAction\",\"name\":\"Comment\",\"target\":[\"https:\\\/\\\/cvinoticias.com\\\/v3\\\/trabajo-creditos-no-bancarios-y-jovenes-propuestas-que-impulsara-arroyo-en-el-congreso\\\/#respond\"]}]},{\"@type\":\"WebPage\",\"@id\":\"https:\\\/\\\/cvinoticias.com\\\/v3\\\/trabajo-creditos-no-bancarios-y-jovenes-propuestas-que-impulsara-arroyo-en-el-congreso\\\/\",\"url\":\"https:\\\/\\\/cvinoticias.com\\\/v3\\\/trabajo-creditos-no-bancarios-y-jovenes-propuestas-que-impulsara-arroyo-en-el-congreso\\\/\",\"name\":\"Trabajo, cr\u00e9ditos no bancarios y j\u00f3venes: propuestas que impulsar\u00e1 Arroyo en el Congreso | CVI NOTICIAS\",\"isPartOf\":{\"@id\":\"https:\\\/\\\/cvinoticias.com\\\/v3\\\/#website\"},\"primaryImageOfPage\":{\"@id\":\"https:\\\/\\\/cvinoticias.com\\\/v3\\\/trabajo-creditos-no-bancarios-y-jovenes-propuestas-que-impulsara-arroyo-en-el-congreso\\\/#primaryimage\"},\"image\":{\"@id\":\"https:\\\/\\\/cvinoticias.com\\\/v3\\\/trabajo-creditos-no-bancarios-y-jovenes-propuestas-que-impulsara-arroyo-en-el-congreso\\\/#primaryimage\"},\"thumbnailUrl\":\"https:\\\/\\\/cvinoticias.com\\\/wp-content\\\/uploads\\\/2021\\\/07\\\/474737-1.jpg\",\"datePublished\":\"2021-07-30T21:51:15+00:00\",\"breadcrumb\":{\"@id\":\"https:\\\/\\\/cvinoticias.com\\\/v3\\\/trabajo-creditos-no-bancarios-y-jovenes-propuestas-que-impulsara-arroyo-en-el-congreso\\\/#breadcrumb\"},\"inLanguage\":\"es\",\"potentialAction\":[{\"@type\":\"ReadAction\",\"target\":[\"https:\\\/\\\/cvinoticias.com\\\/v3\\\/trabajo-creditos-no-bancarios-y-jovenes-propuestas-que-impulsara-arroyo-en-el-congreso\\\/\"]}]},{\"@type\":\"ImageObject\",\"inLanguage\":\"es\",\"@id\":\"https:\\\/\\\/cvinoticias.com\\\/v3\\\/trabajo-creditos-no-bancarios-y-jovenes-propuestas-que-impulsara-arroyo-en-el-congreso\\\/#primaryimage\",\"url\":\"https:\\\/\\\/cvinoticias.com\\\/wp-content\\\/uploads\\\/2021\\\/07\\\/474737-1.jpg\",\"contentUrl\":\"https:\\\/\\\/cvinoticias.com\\\/wp-content\\\/uploads\\\/2021\\\/07\\\/474737-1.jpg\",\"width\":893,\"height\":641},{\"@type\":\"BreadcrumbList\",\"@id\":\"https:\\\/\\\/cvinoticias.com\\\/v3\\\/trabajo-creditos-no-bancarios-y-jovenes-propuestas-que-impulsara-arroyo-en-el-congreso\\\/#breadcrumb\",\"itemListElement\":[{\"@type\":\"ListItem\",\"position\":1,\"name\":\"Portada\",\"item\":\"https:\\\/\\\/cvinoticias.com\\\/v3\\\/\"},{\"@type\":\"ListItem\",\"position\":2,\"name\":\"Trabajo, cr\u00e9ditos no bancarios y j\u00f3venes: propuestas que impulsar\u00e1 Arroyo en el Congreso\"}]},{\"@type\":\"WebSite\",\"@id\":\"https:\\\/\\\/cvinoticias.com\\\/v3\\\/#website\",\"url\":\"https:\\\/\\\/cvinoticias.com\\\/v3\\\/\",\"name\":\"CVI NOTICIAS\",\"description\":\"\",\"publisher\":{\"@id\":\"https:\\\/\\\/cvinoticias.com\\\/v3\\\/#organization\"},\"alternateName\":\"CVI\",\"potentialAction\":[{\"@type\":\"SearchAction\",\"target\":{\"@type\":\"EntryPoint\",\"urlTemplate\":\"https:\\\/\\\/cvinoticias.com\\\/v3\\\/?s={search_term_string}\"},\"query-input\":{\"@type\":\"PropertyValueSpecification\",\"valueRequired\":true,\"valueName\":\"search_term_string\"}}],\"inLanguage\":\"es\"},{\"@type\":\"Organization\",\"@id\":\"https:\\\/\\\/cvinoticias.com\\\/v3\\\/#organization\",\"name\":\"CVI NOTICIAS\",\"url\":\"https:\\\/\\\/cvinoticias.com\\\/v3\\\/\",\"logo\":{\"@type\":\"ImageObject\",\"inLanguage\":\"es\",\"@id\":\"https:\\\/\\\/cvinoticias.com\\\/v3\\\/#\\\/schema\\\/logo\\\/image\\\/\",\"url\":\"https:\\\/\\\/cvinoticias.com\\\/wp-content\\\/uploads\\\/2023\\\/04\\\/cropped-cropped-cropped-cropped-cropped-3-1.png\",\"contentUrl\":\"https:\\\/\\\/cvinoticias.com\\\/wp-content\\\/uploads\\\/2023\\\/04\\\/cropped-cropped-cropped-cropped-cropped-3-1.png\",\"width\":95,\"height\":122,\"caption\":\"CVI NOTICIAS\"},\"image\":{\"@id\":\"https:\\\/\\\/cvinoticias.com\\\/v3\\\/#\\\/schema\\\/logo\\\/image\\\/\"},\"sameAs\":[\"https:\\\/\\\/www.facebook.com\\\/cvinoticias\",\"https:\\\/\\\/www.instagram.com\\\/cvinoticias\\\/\",\"https:\\\/\\\/www.youtube.com\\\/@CVINOTICIAS\"]},{\"@type\":\"Person\",\"@id\":\"https:\\\/\\\/cvinoticias.com\\\/v3\\\/#\\\/schema\\\/person\\\/2db77e3c6bc03c538495d7b2b8be9b66\",\"name\":\"f1000024\",\"image\":{\"@type\":\"ImageObject\",\"inLanguage\":\"es\",\"@id\":\"https:\\\/\\\/secure.gravatar.com\\\/avatar\\\/d4fe7459cfc51ff5129ce1a732bbef5928568b8092d412ef95611616376bbeed?s=96&d=mm&r=g\",\"url\":\"https:\\\/\\\/secure.gravatar.com\\\/avatar\\\/d4fe7459cfc51ff5129ce1a732bbef5928568b8092d412ef95611616376bbeed?s=96&d=mm&r=g\",\"contentUrl\":\"https:\\\/\\\/secure.gravatar.com\\\/avatar\\\/d4fe7459cfc51ff5129ce1a732bbef5928568b8092d412ef95611616376bbeed?s=96&d=mm&r=g\",\"caption\":\"f1000024\"},\"url\":\"https:\\\/\\\/cvinoticias.com\\\/v3\\\/author\\\/f1000024\\\/\"}]}<\/script>\n<!-- \/ Yoast SEO plugin. -->","yoast_head_json":{"title":"Trabajo, cr\u00e9ditos no bancarios y j\u00f3venes: propuestas que impulsar\u00e1 Arroyo en el Congreso | CVI NOTICIAS","robots":{"index":"index","follow":"follow","max-snippet":"max-snippet:-1","max-image-preview":"max-image-preview:large","max-video-preview":"max-video-preview:-1"},"canonical":"https:\/\/cvinoticias.com\/v3\/trabajo-creditos-no-bancarios-y-jovenes-propuestas-que-impulsara-arroyo-en-el-congreso\/","og_locale":"es_ES","og_type":"article","og_title":"Trabajo, cr\u00e9ditos no bancarios y j\u00f3venes: propuestas que impulsar\u00e1 Arroyo en el Congreso | CVI NOTICIAS","og_description":"El precandidato a diputado nacional por el Frente de Todos (FdT) en la provincia de Buenos Aires y ministro de Desarrollo Social, Daniel Arroyo\u00a0adelant\u00f3 algunas de las l\u00edneas de trabajo que abordar\u00e1 si es electo para ocupar un lugar en la C\u00e1mara Baja. Tambi\u00e9n reafirm\u00f3 su decisi\u00f3n de renunciar al Ministerio. El precandidato a diputado [&hellip;]","og_url":"https:\/\/cvinoticias.com\/v3\/trabajo-creditos-no-bancarios-y-jovenes-propuestas-que-impulsara-arroyo-en-el-congreso\/","og_site_name":"CVI NOTICIAS","article_publisher":"https:\/\/www.facebook.com\/cvinoticias","article_published_time":"2021-07-30T21:51:15+00:00","og_image":[{"width":893,"height":641,"url":"https:\/\/cvinoticias.com\/wp-content\/uploads\/2021\/07\/474737-1.jpg","type":"image\/jpeg"}],"author":"f1000024","twitter_card":"summary_large_image","twitter_misc":{"Escrito por":"f1000024","Tiempo de lectura":"2 minutos"},"schema":{"@context":"https:\/\/schema.org","@graph":[{"@type":"Article","@id":"https:\/\/cvinoticias.com\/v3\/trabajo-creditos-no-bancarios-y-jovenes-propuestas-que-impulsara-arroyo-en-el-congreso\/#article","isPartOf":{"@id":"https:\/\/cvinoticias.com\/v3\/trabajo-creditos-no-bancarios-y-jovenes-propuestas-que-impulsara-arroyo-en-el-congreso\/"},"author":{"name":"f1000024","@id":"https:\/\/cvinoticias.com\/v3\/#\/schema\/person\/2db77e3c6bc03c538495d7b2b8be9b66"},"headline":"Trabajo, cr\u00e9ditos no bancarios y j\u00f3venes: propuestas que impulsar\u00e1 Arroyo en el Congreso","datePublished":"2021-07-30T21:51:15+00:00","mainEntityOfPage":{"@id":"https:\/\/cvinoticias.com\/v3\/trabajo-creditos-no-bancarios-y-jovenes-propuestas-que-impulsara-arroyo-en-el-congreso\/"},"wordCount":514,"commentCount":0,"publisher":{"@id":"https:\/\/cvinoticias.com\/v3\/#organization"},"image":{"@id":"https:\/\/cvinoticias.com\/v3\/trabajo-creditos-no-bancarios-y-jovenes-propuestas-que-impulsara-arroyo-en-el-congreso\/#primaryimage"},"thumbnailUrl":"https:\/\/cvinoticias.com\/wp-content\/uploads\/2021\/07\/474737-1.jpg","articleSection":["Politica"],"inLanguage":"es","potentialAction":[{"@type":"CommentAction","name":"Comment","target":["https:\/\/cvinoticias.com\/v3\/trabajo-creditos-no-bancarios-y-jovenes-propuestas-que-impulsara-arroyo-en-el-congreso\/#respond"]}]},{"@type":"WebPage","@id":"https:\/\/cvinoticias.com\/v3\/trabajo-creditos-no-bancarios-y-jovenes-propuestas-que-impulsara-arroyo-en-el-congreso\/","url":"https:\/\/cvinoticias.com\/v3\/trabajo-creditos-no-bancarios-y-jovenes-propuestas-que-impulsara-arroyo-en-el-congreso\/","name":"Trabajo, cr\u00e9ditos no bancarios y j\u00f3venes: propuestas que impulsar\u00e1 Arroyo en el Congreso | CVI NOTICIAS","isPartOf":{"@id":"https:\/\/cvinoticias.com\/v3\/#website"},"primaryImageOfPage":{"@id":"https:\/\/cvinoticias.com\/v3\/trabajo-creditos-no-bancarios-y-jovenes-propuestas-que-impulsara-arroyo-en-el-congreso\/#primaryimage"},"image":{"@id":"https:\/\/cvinoticias.com\/v3\/trabajo-creditos-no-bancarios-y-jovenes-propuestas-que-impulsara-arroyo-en-el-congreso\/#primaryimage"},"thumbnailUrl":"https:\/\/cvinoticias.com\/wp-content\/uploads\/2021\/07\/474737-1.jpg","datePublished":"2021-07-30T21:51:15+00:00","breadcrumb":{"@id":"https:\/\/cvinoticias.com\/v3\/trabajo-creditos-no-bancarios-y-jovenes-propuestas-que-impulsara-arroyo-en-el-congreso\/#breadcrumb"},"inLanguage":"es","potentialAction":[{"@type":"ReadAction","target":["https:\/\/cvinoticias.com\/v3\/trabajo-creditos-no-bancarios-y-jovenes-propuestas-que-impulsara-arroyo-en-el-congreso\/"]}]},{"@type":"ImageObject","inLanguage":"es","@id":"https:\/\/cvinoticias.com\/v3\/trabajo-creditos-no-bancarios-y-jovenes-propuestas-que-impulsara-arroyo-en-el-congreso\/#primaryimage","url":"https:\/\/cvinoticias.com\/wp-content\/uploads\/2021\/07\/474737-1.jpg","contentUrl":"https:\/\/cvinoticias.com\/wp-content\/uploads\/2021\/07\/474737-1.jpg","width":893,"height":641},{"@type":"BreadcrumbList","@id":"https:\/\/cvinoticias.com\/v3\/trabajo-creditos-no-bancarios-y-jovenes-propuestas-que-impulsara-arroyo-en-el-congreso\/#breadcrumb","itemListElement":[{"@type":"ListItem","position":1,"name":"Portada","item":"https:\/\/cvinoticias.com\/v3\/"},{"@type":"ListItem","position":2,"name":"Trabajo, cr\u00e9ditos no bancarios y j\u00f3venes: propuestas que impulsar\u00e1 Arroyo en el Congreso"}]},{"@type":"WebSite","@id":"https:\/\/cvinoticias.com\/v3\/#website","url":"https:\/\/cvinoticias.com\/v3\/","name":"CVI NOTICIAS","description":"","publisher":{"@id":"https:\/\/cvinoticias.com\/v3\/#organization"},"alternateName":"CVI","potentialAction":[{"@type":"SearchAction","target":{"@type":"EntryPoint","urlTemplate":"https:\/\/cvinoticias.com\/v3\/?s={search_term_string}"},"query-input":{"@type":"PropertyValueSpecification","valueRequired":true,"valueName":"search_term_string"}}],"inLanguage":"es"},{"@type":"Organization","@id":"https:\/\/cvinoticias.com\/v3\/#organization","name":"CVI NOTICIAS","url":"https:\/\/cvinoticias.com\/v3\/","logo":{"@type":"ImageObject","inLanguage":"es","@id":"https:\/\/cvinoticias.com\/v3\/#\/schema\/logo\/image\/","url":"https:\/\/cvinoticias.com\/wp-content\/uploads\/2023\/04\/cropped-cropped-cropped-cropped-cropped-3-1.png","contentUrl":"https:\/\/cvinoticias.com\/wp-content\/uploads\/2023\/04\/cropped-cropped-cropped-cropped-cropped-3-1.png","width":95,"height":122,"caption":"CVI NOTICIAS"},"image":{"@id":"https:\/\/cvinoticias.com\/v3\/#\/schema\/logo\/image\/"},"sameAs":["https:\/\/www.facebook.com\/cvinoticias","https:\/\/www.instagram.com\/cvinoticias\/","https:\/\/www.youtube.com\/@CVINOTICIAS"]},{"@type":"Person","@id":"https:\/\/cvinoticias.com\/v3\/#\/schema\/person\/2db77e3c6bc03c538495d7b2b8be9b66","name":"f1000024","image":{"@type":"ImageObject","inLanguage":"es","@id":"https:\/\/secure.gravatar.com\/avatar\/d4fe7459cfc51ff5129ce1a732bbef5928568b8092d412ef95611616376bbeed?s=96&d=mm&r=g","url":"https:\/\/secure.gravatar.com\/avatar\/d4fe7459cfc51ff5129ce1a732bbef5928568b8092d412ef95611616376bbeed?s=96&d=mm&r=g","contentUrl":"https:\/\/secure.gravatar.com\/avatar\/d4fe7459cfc51ff5129ce1a732bbef5928568b8092d412ef95611616376bbeed?s=96&d=mm&r=g","caption":"f1000024"},"url":"https:\/\/cvinoticias.com\/v3\/author\/f1000024\/"}]}},"_links":{"self":[{"href":"https:\/\/cvinoticias.com\/v3\/wp-json\/wp\/v2\/posts\/7243","targetHints":{"allow":["GET"]}}],"collection":[{"href":"https:\/\/cvinoticias.com\/v3\/wp-json\/wp\/v2\/posts"}],"about":[{"href":"https:\/\/cvinoticias.com\/v3\/wp-json\/wp\/v2\/types\/post"}],"author":[{"embeddable":true,"href":"https:\/\/cvinoticias.com\/v3\/wp-json\/wp\/v2\/users\/2"}],"replies":[{"embeddable":true,"href":"https:\/\/cvinoticias.com\/v3\/wp-json\/wp\/v2\/comments?post=7243"}],"version-history":[{"count":1,"href":"https:\/\/cvinoticias.com\/v3\/wp-json\/wp\/v2\/posts\/7243\/revisions"}],"predecessor-version":[{"id":7245,"href":"https:\/\/cvinoticias.com\/v3\/wp-json\/wp\/v2\/posts\/7243\/revisions\/7245"}],"wp:featuredmedia":[{"embeddable":true,"href":"https:\/\/cvinoticias.com\/v3\/wp-json\/wp\/v2\/media\/7244"}],"wp:attachment":[{"href":"https:\/\/cvinoticias.com\/v3\/wp-json\/wp\/v2\/media?parent=7243"}],"wp:term":[{"taxonomy":"category","embeddable":true,"href":"https:\/\/cvinoticias.com\/v3\/wp-json\/wp\/v2\/categories?post=7243"},{"taxonomy":"post_tag","embeddable":true,"href":"https:\/\/cvinoticias.com\/v3\/wp-json\/wp\/v2\/tags?post=7243"}],"curies":[{"name":"wp","href":"https:\/\/api.w.org\/{rel}","templated":true}]}}