{"id":7211,"date":"2021-07-29T20:08:18","date_gmt":"2021-07-29T20:08:18","guid":{"rendered":"https:\/\/cvinoticias.com\/v3\/?p=7211"},"modified":"2021-07-29T20:08:18","modified_gmt":"2021-07-29T20:08:18","slug":"pedro-puerta-visito-a-trabajadores-de-la-yerba-mate","status":"publish","type":"post","link":"https:\/\/cvinoticias.com\/v3\/pedro-puerta-visito-a-trabajadores-de-la-yerba-mate\/","title":{"rendered":"Pedro Puerta visit\u00f3 a trabajadores de la yerba mate"},"content":{"rendered":"\n<p><strong><em>El joven precandidato a diputado nacional por la lista \u201cJuntos\u201d visit\u00f3 el establecimiento \u201cDon Lucas\u201d ubicado en la ciudad yerbatera de Ap\u00f3stoles. All\u00ed recorri\u00f3 las instalaciones del establecimiento que se dedica a producir y exportar yerba a diferentes lugares del mundo.<\/em><\/strong><\/p>\n\n\n\n<p>\u201cEntender que en la producci\u00f3n de yerba est\u00e1n los d\u00f3lares que la argentina necesita, es reivindicar el lugar de Misiones, y el trabajo de los misioneros\u201d enfatiz\u00f3 Pedro luego de la recorrida.<\/p>\n\n\n\n<p>All\u00ed el dirigente hizo menci\u00f3n a la industria de la yerba, \u201cClaro que hay que planificar y ordenar la producci\u00f3n, pero el camino siempre tiene que ser hacia adelante con m\u00e1s y mejor trabajo \u201d y advierte \u201cLas discusiones pol\u00edticas y la falta de consenso le pueden costar a Misiones la p\u00e9rdida de presencia en los mercados internacionales. Si perdemos eso, hay a\u00f1os de esfuerzo y lucha, pero sobre todo d\u00f3lares y puestos de trabajo en la provincia, que se van para no volver.\u201d<\/p>\n\n\n\n<p>Por \u00faltimo el dirigente enfatiz\u00f3 la importancia de cuidar el bolsillo de la familia misionera en la coyuntura econ\u00f3mica actual \u201cLa situaci\u00f3n hoy no es f\u00e1cil. Tenemos un gobierno nacional que no tiene plan ni rumbo econ\u00f3mico y no le interesa Misiones. Cuidar los puestos de trabajo es fundamental\u201d.<\/p>\n\n\n\n<p>Pedro Puerta es precandidato por la lista \u201cJuntos\u201d, que competir\u00e1 en las P.A.S.O. del 12 de septiembre por un lugar en la lista de Juntos por el Cambio Misiones.<\/p>\n\n\n\n<figure class=\"wp-block-image size-large\"><a href=\"https:\/\/cvinoticias.com\/wp-content\/uploads\/2021\/07\/IMG-20210729-WA0164.jpg\"><img decoding=\"async\" width=\"1024\" height=\"576\" data-src=\"https:\/\/cvinoticias.com\/wp-content\/uploads\/2021\/07\/IMG-20210729-WA0164-1024x576.jpg\" alt=\"\" class=\"wp-image-7213 lazyload\" data-srcset=\"https:\/\/cvinoticias.com\/wp-content\/uploads\/2021\/07\/IMG-20210729-WA0164-1024x576.jpg 1024w, https:\/\/cvinoticias.com\/wp-content\/uploads\/2021\/07\/IMG-20210729-WA0164-300x169.jpg 300w, https:\/\/cvinoticias.com\/wp-content\/uploads\/2021\/07\/IMG-20210729-WA0164-768x432.jpg 768w, https:\/\/cvinoticias.com\/wp-content\/uploads\/2021\/07\/IMG-20210729-WA0164.jpg 1160w\" data-sizes=\"(max-width: 1024px) 100vw, 1024px\" src=\"data:image\/svg+xml;base64,PHN2ZyB3aWR0aD0iMSIgaGVpZ2h0PSIxIiB4bWxucz0iaHR0cDovL3d3dy53My5vcmcvMjAwMC9zdmciPjwvc3ZnPg==\" style=\"--smush-placeholder-width: 1024px; --smush-placeholder-aspect-ratio: 1024\/576;\" \/><\/a><\/figure>\n","protected":false},"excerpt":{"rendered":"<p>El joven precandidato a diputado nacional por la lista \u201cJuntos\u201d visit\u00f3 el establecimiento \u201cDon Lucas\u201d ubicado en la ciudad yerbatera de Ap\u00f3stoles. All\u00ed recorri\u00f3 las instalaciones del establecimiento que se dedica a producir y exportar yerba a diferentes lugares del mundo. \u201cEntender que en la producci\u00f3n de yerba est\u00e1n los d\u00f3lares que la argentina necesita, [&hellip;]<\/p>\n","protected":false},"author":2,"featured_media":7212,"comment_status":"open","ping_status":"open","sticky":false,"template":"","format":"standard","meta":{"footnotes":""},"categories":[42],"tags":[],"class_list":["post-7211","post","type-post","status-publish","format-standard","has-post-thumbnail","hentry","category-politica"],"yoast_head":"<!-- This site is optimized with the Yoast SEO plugin v27.5 - https:\/\/yoast.com\/product\/yoast-seo-wordpress\/ -->\n<title>Pedro Puerta visit\u00f3 a trabajadores de la yerba mate | CVI NOTICIAS<\/title>\n<meta name=\"robots\" content=\"index, follow, max-snippet:-1, max-image-preview:large, max-video-preview:-1\" \/>\n<link rel=\"canonical\" href=\"https:\/\/cvinoticias.com\/v3\/pedro-puerta-visito-a-trabajadores-de-la-yerba-mate\/\" \/>\n<meta property=\"og:locale\" content=\"es_ES\" \/>\n<meta property=\"og:type\" content=\"article\" \/>\n<meta property=\"og:title\" content=\"Pedro Puerta visit\u00f3 a trabajadores de la yerba mate | CVI NOTICIAS\" \/>\n<meta property=\"og:description\" content=\"El joven precandidato a diputado nacional por la lista \u201cJuntos\u201d visit\u00f3 el establecimiento \u201cDon Lucas\u201d ubicado en la ciudad yerbatera de Ap\u00f3stoles. All\u00ed recorri\u00f3 las instalaciones del establecimiento que se dedica a producir y exportar yerba a diferentes lugares del mundo. \u201cEntender que en la producci\u00f3n de yerba est\u00e1n los d\u00f3lares que la argentina necesita, [&hellip;]\" \/>\n<meta property=\"og:url\" content=\"https:\/\/cvinoticias.com\/v3\/pedro-puerta-visito-a-trabajadores-de-la-yerba-mate\/\" \/>\n<meta property=\"og:site_name\" content=\"CVI NOTICIAS\" \/>\n<meta property=\"article:publisher\" content=\"https:\/\/www.facebook.com\/cvinoticias\" \/>\n<meta property=\"article:published_time\" content=\"2021-07-29T20:08:18+00:00\" \/>\n<meta property=\"og:image\" content=\"https:\/\/cvinoticias.com\/wp-content\/uploads\/2021\/07\/IMG-20210729-WA0163.jpg\" \/>\n\t<meta property=\"og:image:width\" content=\"1280\" \/>\n\t<meta property=\"og:image:height\" content=\"1280\" \/>\n\t<meta property=\"og:image:type\" content=\"image\/jpeg\" \/>\n<meta name=\"author\" content=\"f1000024\" \/>\n<meta name=\"twitter:card\" content=\"summary_large_image\" \/>\n<meta name=\"twitter:label1\" content=\"Escrito por\" \/>\n\t<meta name=\"twitter:data1\" content=\"f1000024\" \/>\n\t<meta name=\"twitter:label2\" content=\"Tiempo de lectura\" \/>\n\t<meta name=\"twitter:data2\" content=\"1 minuto\" \/>\n<script type=\"application\/ld+json\" class=\"yoast-schema-graph\">{\"@context\":\"https:\\\/\\\/schema.org\",\"@graph\":[{\"@type\":\"Article\",\"@id\":\"https:\\\/\\\/cvinoticias.com\\\/v3\\\/pedro-puerta-visito-a-trabajadores-de-la-yerba-mate\\\/#article\",\"isPartOf\":{\"@id\":\"https:\\\/\\\/cvinoticias.com\\\/v3\\\/pedro-puerta-visito-a-trabajadores-de-la-yerba-mate\\\/\"},\"author\":{\"name\":\"f1000024\",\"@id\":\"https:\\\/\\\/cvinoticias.com\\\/v3\\\/#\\\/schema\\\/person\\\/2db77e3c6bc03c538495d7b2b8be9b66\"},\"headline\":\"Pedro Puerta visit\u00f3 a trabajadores de la yerba mate\",\"datePublished\":\"2021-07-29T20:08:18+00:00\",\"mainEntityOfPage\":{\"@id\":\"https:\\\/\\\/cvinoticias.com\\\/v3\\\/pedro-puerta-visito-a-trabajadores-de-la-yerba-mate\\\/\"},\"wordCount\":260,\"commentCount\":0,\"publisher\":{\"@id\":\"https:\\\/\\\/cvinoticias.com\\\/v3\\\/#organization\"},\"image\":{\"@id\":\"https:\\\/\\\/cvinoticias.com\\\/v3\\\/pedro-puerta-visito-a-trabajadores-de-la-yerba-mate\\\/#primaryimage\"},\"thumbnailUrl\":\"https:\\\/\\\/cvinoticias.com\\\/wp-content\\\/uploads\\\/2021\\\/07\\\/IMG-20210729-WA0163.jpg\",\"articleSection\":[\"Politica\"],\"inLanguage\":\"es\",\"potentialAction\":[{\"@type\":\"CommentAction\",\"name\":\"Comment\",\"target\":[\"https:\\\/\\\/cvinoticias.com\\\/v3\\\/pedro-puerta-visito-a-trabajadores-de-la-yerba-mate\\\/#respond\"]}]},{\"@type\":\"WebPage\",\"@id\":\"https:\\\/\\\/cvinoticias.com\\\/v3\\\/pedro-puerta-visito-a-trabajadores-de-la-yerba-mate\\\/\",\"url\":\"https:\\\/\\\/cvinoticias.com\\\/v3\\\/pedro-puerta-visito-a-trabajadores-de-la-yerba-mate\\\/\",\"name\":\"Pedro Puerta visit\u00f3 a trabajadores de la yerba mate | CVI NOTICIAS\",\"isPartOf\":{\"@id\":\"https:\\\/\\\/cvinoticias.com\\\/v3\\\/#website\"},\"primaryImageOfPage\":{\"@id\":\"https:\\\/\\\/cvinoticias.com\\\/v3\\\/pedro-puerta-visito-a-trabajadores-de-la-yerba-mate\\\/#primaryimage\"},\"image\":{\"@id\":\"https:\\\/\\\/cvinoticias.com\\\/v3\\\/pedro-puerta-visito-a-trabajadores-de-la-yerba-mate\\\/#primaryimage\"},\"thumbnailUrl\":\"https:\\\/\\\/cvinoticias.com\\\/wp-content\\\/uploads\\\/2021\\\/07\\\/IMG-20210729-WA0163.jpg\",\"datePublished\":\"2021-07-29T20:08:18+00:00\",\"breadcrumb\":{\"@id\":\"https:\\\/\\\/cvinoticias.com\\\/v3\\\/pedro-puerta-visito-a-trabajadores-de-la-yerba-mate\\\/#breadcrumb\"},\"inLanguage\":\"es\",\"potentialAction\":[{\"@type\":\"ReadAction\",\"target\":[\"https:\\\/\\\/cvinoticias.com\\\/v3\\\/pedro-puerta-visito-a-trabajadores-de-la-yerba-mate\\\/\"]}]},{\"@type\":\"ImageObject\",\"inLanguage\":\"es\",\"@id\":\"https:\\\/\\\/cvinoticias.com\\\/v3\\\/pedro-puerta-visito-a-trabajadores-de-la-yerba-mate\\\/#primaryimage\",\"url\":\"https:\\\/\\\/cvinoticias.com\\\/wp-content\\\/uploads\\\/2021\\\/07\\\/IMG-20210729-WA0163.jpg\",\"contentUrl\":\"https:\\\/\\\/cvinoticias.com\\\/wp-content\\\/uploads\\\/2021\\\/07\\\/IMG-20210729-WA0163.jpg\",\"width\":1280,\"height\":1280},{\"@type\":\"BreadcrumbList\",\"@id\":\"https:\\\/\\\/cvinoticias.com\\\/v3\\\/pedro-puerta-visito-a-trabajadores-de-la-yerba-mate\\\/#breadcrumb\",\"itemListElement\":[{\"@type\":\"ListItem\",\"position\":1,\"name\":\"Portada\",\"item\":\"https:\\\/\\\/cvinoticias.com\\\/v3\\\/\"},{\"@type\":\"ListItem\",\"position\":2,\"name\":\"Pedro Puerta visit\u00f3 a trabajadores de la yerba mate\"}]},{\"@type\":\"WebSite\",\"@id\":\"https:\\\/\\\/cvinoticias.com\\\/v3\\\/#website\",\"url\":\"https:\\\/\\\/cvinoticias.com\\\/v3\\\/\",\"name\":\"CVI NOTICIAS\",\"description\":\"\",\"publisher\":{\"@id\":\"https:\\\/\\\/cvinoticias.com\\\/v3\\\/#organization\"},\"alternateName\":\"CVI\",\"potentialAction\":[{\"@type\":\"SearchAction\",\"target\":{\"@type\":\"EntryPoint\",\"urlTemplate\":\"https:\\\/\\\/cvinoticias.com\\\/v3\\\/?s={search_term_string}\"},\"query-input\":{\"@type\":\"PropertyValueSpecification\",\"valueRequired\":true,\"valueName\":\"search_term_string\"}}],\"inLanguage\":\"es\"},{\"@type\":\"Organization\",\"@id\":\"https:\\\/\\\/cvinoticias.com\\\/v3\\\/#organization\",\"name\":\"CVI NOTICIAS\",\"url\":\"https:\\\/\\\/cvinoticias.com\\\/v3\\\/\",\"logo\":{\"@type\":\"ImageObject\",\"inLanguage\":\"es\",\"@id\":\"https:\\\/\\\/cvinoticias.com\\\/v3\\\/#\\\/schema\\\/logo\\\/image\\\/\",\"url\":\"https:\\\/\\\/cvinoticias.com\\\/wp-content\\\/uploads\\\/2023\\\/04\\\/cropped-cropped-cropped-cropped-cropped-3-1.png\",\"contentUrl\":\"https:\\\/\\\/cvinoticias.com\\\/wp-content\\\/uploads\\\/2023\\\/04\\\/cropped-cropped-cropped-cropped-cropped-3-1.png\",\"width\":95,\"height\":122,\"caption\":\"CVI NOTICIAS\"},\"image\":{\"@id\":\"https:\\\/\\\/cvinoticias.com\\\/v3\\\/#\\\/schema\\\/logo\\\/image\\\/\"},\"sameAs\":[\"https:\\\/\\\/www.facebook.com\\\/cvinoticias\",\"https:\\\/\\\/www.instagram.com\\\/cvinoticias\\\/\",\"https:\\\/\\\/www.youtube.com\\\/@CVINOTICIAS\"]},{\"@type\":\"Person\",\"@id\":\"https:\\\/\\\/cvinoticias.com\\\/v3\\\/#\\\/schema\\\/person\\\/2db77e3c6bc03c538495d7b2b8be9b66\",\"name\":\"f1000024\",\"image\":{\"@type\":\"ImageObject\",\"inLanguage\":\"es\",\"@id\":\"https:\\\/\\\/secure.gravatar.com\\\/avatar\\\/d4fe7459cfc51ff5129ce1a732bbef5928568b8092d412ef95611616376bbeed?s=96&d=mm&r=g\",\"url\":\"https:\\\/\\\/secure.gravatar.com\\\/avatar\\\/d4fe7459cfc51ff5129ce1a732bbef5928568b8092d412ef95611616376bbeed?s=96&d=mm&r=g\",\"contentUrl\":\"https:\\\/\\\/secure.gravatar.com\\\/avatar\\\/d4fe7459cfc51ff5129ce1a732bbef5928568b8092d412ef95611616376bbeed?s=96&d=mm&r=g\",\"caption\":\"f1000024\"},\"url\":\"https:\\\/\\\/cvinoticias.com\\\/v3\\\/author\\\/f1000024\\\/\"}]}<\/script>\n<!-- \/ Yoast SEO plugin. -->","yoast_head_json":{"title":"Pedro Puerta visit\u00f3 a trabajadores de la yerba mate | CVI NOTICIAS","robots":{"index":"index","follow":"follow","max-snippet":"max-snippet:-1","max-image-preview":"max-image-preview:large","max-video-preview":"max-video-preview:-1"},"canonical":"https:\/\/cvinoticias.com\/v3\/pedro-puerta-visito-a-trabajadores-de-la-yerba-mate\/","og_locale":"es_ES","og_type":"article","og_title":"Pedro Puerta visit\u00f3 a trabajadores de la yerba mate | CVI NOTICIAS","og_description":"El joven precandidato a diputado nacional por la lista \u201cJuntos\u201d visit\u00f3 el establecimiento \u201cDon Lucas\u201d ubicado en la ciudad yerbatera de Ap\u00f3stoles. All\u00ed recorri\u00f3 las instalaciones del establecimiento que se dedica a producir y exportar yerba a diferentes lugares del mundo. \u201cEntender que en la producci\u00f3n de yerba est\u00e1n los d\u00f3lares que la argentina necesita, [&hellip;]","og_url":"https:\/\/cvinoticias.com\/v3\/pedro-puerta-visito-a-trabajadores-de-la-yerba-mate\/","og_site_name":"CVI NOTICIAS","article_publisher":"https:\/\/www.facebook.com\/cvinoticias","article_published_time":"2021-07-29T20:08:18+00:00","og_image":[{"width":1280,"height":1280,"url":"https:\/\/cvinoticias.com\/wp-content\/uploads\/2021\/07\/IMG-20210729-WA0163.jpg","type":"image\/jpeg"}],"author":"f1000024","twitter_card":"summary_large_image","twitter_misc":{"Escrito por":"f1000024","Tiempo de lectura":"1 minuto"},"schema":{"@context":"https:\/\/schema.org","@graph":[{"@type":"Article","@id":"https:\/\/cvinoticias.com\/v3\/pedro-puerta-visito-a-trabajadores-de-la-yerba-mate\/#article","isPartOf":{"@id":"https:\/\/cvinoticias.com\/v3\/pedro-puerta-visito-a-trabajadores-de-la-yerba-mate\/"},"author":{"name":"f1000024","@id":"https:\/\/cvinoticias.com\/v3\/#\/schema\/person\/2db77e3c6bc03c538495d7b2b8be9b66"},"headline":"Pedro Puerta visit\u00f3 a trabajadores de la yerba mate","datePublished":"2021-07-29T20:08:18+00:00","mainEntityOfPage":{"@id":"https:\/\/cvinoticias.com\/v3\/pedro-puerta-visito-a-trabajadores-de-la-yerba-mate\/"},"wordCount":260,"commentCount":0,"publisher":{"@id":"https:\/\/cvinoticias.com\/v3\/#organization"},"image":{"@id":"https:\/\/cvinoticias.com\/v3\/pedro-puerta-visito-a-trabajadores-de-la-yerba-mate\/#primaryimage"},"thumbnailUrl":"https:\/\/cvinoticias.com\/wp-content\/uploads\/2021\/07\/IMG-20210729-WA0163.jpg","articleSection":["Politica"],"inLanguage":"es","potentialAction":[{"@type":"CommentAction","name":"Comment","target":["https:\/\/cvinoticias.com\/v3\/pedro-puerta-visito-a-trabajadores-de-la-yerba-mate\/#respond"]}]},{"@type":"WebPage","@id":"https:\/\/cvinoticias.com\/v3\/pedro-puerta-visito-a-trabajadores-de-la-yerba-mate\/","url":"https:\/\/cvinoticias.com\/v3\/pedro-puerta-visito-a-trabajadores-de-la-yerba-mate\/","name":"Pedro Puerta visit\u00f3 a trabajadores de la yerba mate | CVI NOTICIAS","isPartOf":{"@id":"https:\/\/cvinoticias.com\/v3\/#website"},"primaryImageOfPage":{"@id":"https:\/\/cvinoticias.com\/v3\/pedro-puerta-visito-a-trabajadores-de-la-yerba-mate\/#primaryimage"},"image":{"@id":"https:\/\/cvinoticias.com\/v3\/pedro-puerta-visito-a-trabajadores-de-la-yerba-mate\/#primaryimage"},"thumbnailUrl":"https:\/\/cvinoticias.com\/wp-content\/uploads\/2021\/07\/IMG-20210729-WA0163.jpg","datePublished":"2021-07-29T20:08:18+00:00","breadcrumb":{"@id":"https:\/\/cvinoticias.com\/v3\/pedro-puerta-visito-a-trabajadores-de-la-yerba-mate\/#breadcrumb"},"inLanguage":"es","potentialAction":[{"@type":"ReadAction","target":["https:\/\/cvinoticias.com\/v3\/pedro-puerta-visito-a-trabajadores-de-la-yerba-mate\/"]}]},{"@type":"ImageObject","inLanguage":"es","@id":"https:\/\/cvinoticias.com\/v3\/pedro-puerta-visito-a-trabajadores-de-la-yerba-mate\/#primaryimage","url":"https:\/\/cvinoticias.com\/wp-content\/uploads\/2021\/07\/IMG-20210729-WA0163.jpg","contentUrl":"https:\/\/cvinoticias.com\/wp-content\/uploads\/2021\/07\/IMG-20210729-WA0163.jpg","width":1280,"height":1280},{"@type":"BreadcrumbList","@id":"https:\/\/cvinoticias.com\/v3\/pedro-puerta-visito-a-trabajadores-de-la-yerba-mate\/#breadcrumb","itemListElement":[{"@type":"ListItem","position":1,"name":"Portada","item":"https:\/\/cvinoticias.com\/v3\/"},{"@type":"ListItem","position":2,"name":"Pedro Puerta visit\u00f3 a trabajadores de la yerba mate"}]},{"@type":"WebSite","@id":"https:\/\/cvinoticias.com\/v3\/#website","url":"https:\/\/cvinoticias.com\/v3\/","name":"CVI NOTICIAS","description":"","publisher":{"@id":"https:\/\/cvinoticias.com\/v3\/#organization"},"alternateName":"CVI","potentialAction":[{"@type":"SearchAction","target":{"@type":"EntryPoint","urlTemplate":"https:\/\/cvinoticias.com\/v3\/?s={search_term_string}"},"query-input":{"@type":"PropertyValueSpecification","valueRequired":true,"valueName":"search_term_string"}}],"inLanguage":"es"},{"@type":"Organization","@id":"https:\/\/cvinoticias.com\/v3\/#organization","name":"CVI NOTICIAS","url":"https:\/\/cvinoticias.com\/v3\/","logo":{"@type":"ImageObject","inLanguage":"es","@id":"https:\/\/cvinoticias.com\/v3\/#\/schema\/logo\/image\/","url":"https:\/\/cvinoticias.com\/wp-content\/uploads\/2023\/04\/cropped-cropped-cropped-cropped-cropped-3-1.png","contentUrl":"https:\/\/cvinoticias.com\/wp-content\/uploads\/2023\/04\/cropped-cropped-cropped-cropped-cropped-3-1.png","width":95,"height":122,"caption":"CVI NOTICIAS"},"image":{"@id":"https:\/\/cvinoticias.com\/v3\/#\/schema\/logo\/image\/"},"sameAs":["https:\/\/www.facebook.com\/cvinoticias","https:\/\/www.instagram.com\/cvinoticias\/","https:\/\/www.youtube.com\/@CVINOTICIAS"]},{"@type":"Person","@id":"https:\/\/cvinoticias.com\/v3\/#\/schema\/person\/2db77e3c6bc03c538495d7b2b8be9b66","name":"f1000024","image":{"@type":"ImageObject","inLanguage":"es","@id":"https:\/\/secure.gravatar.com\/avatar\/d4fe7459cfc51ff5129ce1a732bbef5928568b8092d412ef95611616376bbeed?s=96&d=mm&r=g","url":"https:\/\/secure.gravatar.com\/avatar\/d4fe7459cfc51ff5129ce1a732bbef5928568b8092d412ef95611616376bbeed?s=96&d=mm&r=g","contentUrl":"https:\/\/secure.gravatar.com\/avatar\/d4fe7459cfc51ff5129ce1a732bbef5928568b8092d412ef95611616376bbeed?s=96&d=mm&r=g","caption":"f1000024"},"url":"https:\/\/cvinoticias.com\/v3\/author\/f1000024\/"}]}},"_links":{"self":[{"href":"https:\/\/cvinoticias.com\/v3\/wp-json\/wp\/v2\/posts\/7211","targetHints":{"allow":["GET"]}}],"collection":[{"href":"https:\/\/cvinoticias.com\/v3\/wp-json\/wp\/v2\/posts"}],"about":[{"href":"https:\/\/cvinoticias.com\/v3\/wp-json\/wp\/v2\/types\/post"}],"author":[{"embeddable":true,"href":"https:\/\/cvinoticias.com\/v3\/wp-json\/wp\/v2\/users\/2"}],"replies":[{"embeddable":true,"href":"https:\/\/cvinoticias.com\/v3\/wp-json\/wp\/v2\/comments?post=7211"}],"version-history":[{"count":1,"href":"https:\/\/cvinoticias.com\/v3\/wp-json\/wp\/v2\/posts\/7211\/revisions"}],"predecessor-version":[{"id":7214,"href":"https:\/\/cvinoticias.com\/v3\/wp-json\/wp\/v2\/posts\/7211\/revisions\/7214"}],"wp:featuredmedia":[{"embeddable":true,"href":"https:\/\/cvinoticias.com\/v3\/wp-json\/wp\/v2\/media\/7212"}],"wp:attachment":[{"href":"https:\/\/cvinoticias.com\/v3\/wp-json\/wp\/v2\/media?parent=7211"}],"wp:term":[{"taxonomy":"category","embeddable":true,"href":"https:\/\/cvinoticias.com\/v3\/wp-json\/wp\/v2\/categories?post=7211"},{"taxonomy":"post_tag","embeddable":true,"href":"https:\/\/cvinoticias.com\/v3\/wp-json\/wp\/v2\/tags?post=7211"}],"curies":[{"name":"wp","href":"https:\/\/api.w.org\/{rel}","templated":true}]}}