{"id":7208,"date":"2021-07-29T11:13:42","date_gmt":"2021-07-29T11:13:42","guid":{"rendered":"https:\/\/cvinoticias.com\/v3\/?p=7208"},"modified":"2021-07-29T11:13:42","modified_gmt":"2021-07-29T11:13:42","slug":"empleo-joven-el-gobierno-lanzo-el-programa-te-sumo","status":"publish","type":"post","link":"https:\/\/cvinoticias.com\/v3\/empleo-joven-el-gobierno-lanzo-el-programa-te-sumo\/","title":{"rendered":"Empleo joven: El Gobierno lanz\u00f3 el programa Te Sumo"},"content":{"rendered":"\n<p><strong><em>La iniciativa busca acercar a la inserci\u00f3n laboral a 50.000 que terminaron el secundario y a\u00fan no encontraron un trabajo formal. Las Pymes que se registren como empleadoras tendr\u00e1n ventajas impositivas y el Estado pagar\u00e1 hasta el 70% del sueldo durante el primer a\u00f1o\u00a0<\/em><\/strong><\/p>\n\n\n\n<p>El Gobierno lanz\u00f3 este mi\u00e9rcoles el programa \u00abTe Sumo\u00bb para fomentar la\u00a0inserci\u00f3n laboral\u00a0de\u00a0j\u00f3venes de 18 a 24\u00a0a\u00f1os en peque\u00f1as y medianas empresas (\u00a0Pymes) con beneficios impositivos para las compa\u00f1\u00edas contratantes.<\/p>\n\n\n\n<p>En el acto de lanzamiento en la empresa\u00a0AD Barbieri, ubicada en el partido de\u00a0Almirante Brown, participaron chicos y chicas reci\u00e9n egresados del secundario que compartieron la realidad tan compleja que les suponer conseguir su\u00a0primer trabajo formal, el p\u00fablico hacia el que est\u00e1 destinado este programa.<\/p>\n\n\n\n<p>En este sentido, el ministro de Desarrollo Productivo,\u00a0Mat\u00edas Kulfas, puntualiz\u00f3 que \u00abTe Sumo\u00bb tiene como objetivo la \u00abinclusi\u00f3n de los j\u00f3venes en el mercado laboral formal\u00bb ya que \u00abel principal problema del desempleo\u00bb del pa\u00eds est\u00e1 en ese grupo etario y es\u00a0mayor en caso de las mujeres\u00a0y diversidades.<\/p>\n\n\n\n<p>\u00abEs un programa con\u00a0incentivos muy fuertes, incluyen la formaci\u00f3n laboral,\u00a0parte del pago del salario\u00a0durante un a\u00f1o y un\u00a090% de reducci\u00f3n de las cargas patronales\u00a0si se incorpora un var\u00f3n y el\u00a095% si se contrata a una mujer\u00bb, explic\u00f3 Kulfas.\u00a0\u00a0<\/p>\n\n\n\n<p>La iniciativa est\u00e1 construida sobre la base de la\u00a0perspectiva de g\u00e9nero, ya que los beneficios para los empleadores son mayores al momento de contratar mujeres u otras identidades. Pol\u00edtica que se condice con los n\u00fameros debido a que la \u00faltima\u00a0encuesta permanente de hogares\u00a0(EPH) del\u00a0Indec\u00a0revel\u00f3 que la\u00a0tasa de desocupaci\u00f3n\u00a0en\u00a0varores entre 14 y 29\u00a0a\u00f1os es del\u00a017%, mientras que para las\u00a0mujeres\u00a0de la misma edad el porcentaje se eleva al\u00a025%, en el primer trimestre 2021.\u00a0<\/p>\n\n\n\n<p>\u00abEstamos respondiendo a la mayor demanda que tienen las juventudes en el pa\u00eds que es la inserci\u00f3n laboral. Es\u00a0muy dif\u00edcil acceder al primer empleo. Muchas veces los j\u00f3venes terminamos en trabajos que no nos gustan, sin estar registrados y con muchas complicaciones en el camino\u00bb, resalt\u00f3 la directora Ejecutiva del Instituto Nacional de la Juventud, la futbolista\u00a0Macarena Sanchez.\u00a0<\/p>\n\n\n\n<h2 class=\"wp-block-heading\">Te Sumo: \u00bfc\u00f3mo es el programa de Empleo Joven?<\/h2>\n\n\n\n<p>El programa tiene como objetivo incorporar en una primera etapa\u00a050 mil jovenes\u00a0con secundario completo para tener su primer trabajo formal.\u00a0Cubrir\u00e1 entre el\u00a070 y el 90 por ciento del salario inicial por 12 meses.<\/p>\n\n\n\n<p>Est\u00e1 orientado a j\u00f3venes de entre\u00a018 y 24 a\u00f1os con secundario completo.<\/p>\n\n\n\n<p>El aporte del Estado por cada salario se adecuar\u00e1 al tama\u00f1o de la empresa.<\/p>\n\n\n\n<p>Ser\u00e1 de\u00a0$18.000\u00a0en las micro,\u00a0$14.000\u00a0en las peque\u00f1as y\u00a0$11.500\u00a0en las medianas.<\/p>\n\n\n\n<p>La\u00a0reducci\u00f3n\u00a0de las\u00a0contribuciones patronales\u00a0durante el primer a\u00f1o desde la contrataci\u00f3n, alcanzar\u00e1 a un\u00a095%\u00a0del total en caso de\u00a0mujeres,\u00a0personas Trans\u00a0y\u00a0no binarias, y ser\u00e1 del\u00a090% para los varones.<\/p>\n\n\n\n<h2 class=\"wp-block-heading\">C\u00f3mo anotarse al programa Te Sumo<\/h2>\n\n\n\n<p>La pyme que quiera calificar a \u00abTe Sumo\u00bb, tendr\u00e1 que inscribirse en el portal de\u00a0empleo:\u00a0<a rel=\"noreferrer noopener\" href=\"https:\/\/www.portalempleo.gob.ar\/\" target=\"_blank\"><strong>https:\/\/www.portalempleo.gob.ar<\/strong>\/<\/a>\u00a0y hacer click en el bot\u00f3n \u00abPrograma Te Sumo\u00bb<\/p>\n\n\n\n<p>La\u00a0oficina de empleo\u00a0del\u00a0Ministerio de Trabajo\u00a0m\u00e1s cercana al domicilio de la Pyme, se va a contactar<\/p>\n\n\n\n<p>Podr\u00e1n inscribirse\u00a0Pymes de todo el pa\u00eds<\/p>\n\n\n\n<p><\/p>\n","protected":false},"excerpt":{"rendered":"<p>La iniciativa busca acercar a la inserci\u00f3n laboral a 50.000 que terminaron el secundario y a\u00fan no encontraron un trabajo formal. Las Pymes que se registren como empleadoras tendr\u00e1n ventajas impositivas y el Estado pagar\u00e1 hasta el 70% del sueldo durante el primer a\u00f1o\u00a0 El Gobierno lanz\u00f3 este mi\u00e9rcoles el programa \u00abTe Sumo\u00bb para fomentar [&hellip;]<\/p>\n","protected":false},"author":2,"featured_media":7209,"comment_status":"open","ping_status":"open","sticky":false,"template":"","format":"standard","meta":{"footnotes":""},"categories":[32],"tags":[],"class_list":["post-7208","post","type-post","status-publish","format-standard","has-post-thumbnail","hentry","category-economia"],"yoast_head":"<!-- This site is optimized with the Yoast SEO plugin v27.5 - https:\/\/yoast.com\/product\/yoast-seo-wordpress\/ -->\n<title>Empleo joven: El Gobierno lanz\u00f3 el programa Te Sumo | CVI NOTICIAS<\/title>\n<meta name=\"robots\" content=\"index, follow, max-snippet:-1, max-image-preview:large, max-video-preview:-1\" \/>\n<link rel=\"canonical\" href=\"https:\/\/cvinoticias.com\/v3\/empleo-joven-el-gobierno-lanzo-el-programa-te-sumo\/\" \/>\n<meta property=\"og:locale\" content=\"es_ES\" \/>\n<meta property=\"og:type\" content=\"article\" \/>\n<meta property=\"og:title\" content=\"Empleo joven: El Gobierno lanz\u00f3 el programa Te Sumo | CVI NOTICIAS\" \/>\n<meta property=\"og:description\" content=\"La iniciativa busca acercar a la inserci\u00f3n laboral a 50.000 que terminaron el secundario y a\u00fan no encontraron un trabajo formal. Las Pymes que se registren como empleadoras tendr\u00e1n ventajas impositivas y el Estado pagar\u00e1 hasta el 70% del sueldo durante el primer a\u00f1o\u00a0 El Gobierno lanz\u00f3 este mi\u00e9rcoles el programa \u00abTe Sumo\u00bb para fomentar [&hellip;]\" \/>\n<meta property=\"og:url\" content=\"https:\/\/cvinoticias.com\/v3\/empleo-joven-el-gobierno-lanzo-el-programa-te-sumo\/\" \/>\n<meta property=\"og:site_name\" content=\"CVI NOTICIAS\" \/>\n<meta property=\"article:publisher\" content=\"https:\/\/www.facebook.com\/cvinoticias\" \/>\n<meta property=\"article:published_time\" content=\"2021-07-29T11:13:42+00:00\" \/>\n<meta property=\"og:image\" content=\"https:\/\/cvinoticias.com\/wp-content\/uploads\/2021\/07\/FB-Te-Sumo.jpg\" \/>\n\t<meta property=\"og:image:width\" content=\"657\" \/>\n\t<meta property=\"og:image:height\" content=\"340\" \/>\n\t<meta property=\"og:image:type\" content=\"image\/jpeg\" \/>\n<meta name=\"author\" content=\"f1000024\" \/>\n<meta name=\"twitter:card\" content=\"summary_large_image\" \/>\n<meta name=\"twitter:label1\" content=\"Escrito por\" \/>\n\t<meta name=\"twitter:data1\" content=\"f1000024\" \/>\n\t<meta name=\"twitter:label2\" content=\"Tiempo de lectura\" \/>\n\t<meta name=\"twitter:data2\" content=\"3 minutos\" \/>\n<script type=\"application\/ld+json\" class=\"yoast-schema-graph\">{\"@context\":\"https:\\\/\\\/schema.org\",\"@graph\":[{\"@type\":\"Article\",\"@id\":\"https:\\\/\\\/cvinoticias.com\\\/v3\\\/empleo-joven-el-gobierno-lanzo-el-programa-te-sumo\\\/#article\",\"isPartOf\":{\"@id\":\"https:\\\/\\\/cvinoticias.com\\\/v3\\\/empleo-joven-el-gobierno-lanzo-el-programa-te-sumo\\\/\"},\"author\":{\"name\":\"f1000024\",\"@id\":\"https:\\\/\\\/cvinoticias.com\\\/v3\\\/#\\\/schema\\\/person\\\/2db77e3c6bc03c538495d7b2b8be9b66\"},\"headline\":\"Empleo joven: El Gobierno lanz\u00f3 el programa Te Sumo\",\"datePublished\":\"2021-07-29T11:13:42+00:00\",\"mainEntityOfPage\":{\"@id\":\"https:\\\/\\\/cvinoticias.com\\\/v3\\\/empleo-joven-el-gobierno-lanzo-el-programa-te-sumo\\\/\"},\"wordCount\":579,\"commentCount\":0,\"publisher\":{\"@id\":\"https:\\\/\\\/cvinoticias.com\\\/v3\\\/#organization\"},\"image\":{\"@id\":\"https:\\\/\\\/cvinoticias.com\\\/v3\\\/empleo-joven-el-gobierno-lanzo-el-programa-te-sumo\\\/#primaryimage\"},\"thumbnailUrl\":\"https:\\\/\\\/cvinoticias.com\\\/wp-content\\\/uploads\\\/2021\\\/07\\\/FB-Te-Sumo.jpg\",\"articleSection\":[\"Econom\u00eda\"],\"inLanguage\":\"es\",\"potentialAction\":[{\"@type\":\"CommentAction\",\"name\":\"Comment\",\"target\":[\"https:\\\/\\\/cvinoticias.com\\\/v3\\\/empleo-joven-el-gobierno-lanzo-el-programa-te-sumo\\\/#respond\"]}]},{\"@type\":\"WebPage\",\"@id\":\"https:\\\/\\\/cvinoticias.com\\\/v3\\\/empleo-joven-el-gobierno-lanzo-el-programa-te-sumo\\\/\",\"url\":\"https:\\\/\\\/cvinoticias.com\\\/v3\\\/empleo-joven-el-gobierno-lanzo-el-programa-te-sumo\\\/\",\"name\":\"Empleo joven: El Gobierno lanz\u00f3 el programa Te Sumo | CVI NOTICIAS\",\"isPartOf\":{\"@id\":\"https:\\\/\\\/cvinoticias.com\\\/v3\\\/#website\"},\"primaryImageOfPage\":{\"@id\":\"https:\\\/\\\/cvinoticias.com\\\/v3\\\/empleo-joven-el-gobierno-lanzo-el-programa-te-sumo\\\/#primaryimage\"},\"image\":{\"@id\":\"https:\\\/\\\/cvinoticias.com\\\/v3\\\/empleo-joven-el-gobierno-lanzo-el-programa-te-sumo\\\/#primaryimage\"},\"thumbnailUrl\":\"https:\\\/\\\/cvinoticias.com\\\/wp-content\\\/uploads\\\/2021\\\/07\\\/FB-Te-Sumo.jpg\",\"datePublished\":\"2021-07-29T11:13:42+00:00\",\"breadcrumb\":{\"@id\":\"https:\\\/\\\/cvinoticias.com\\\/v3\\\/empleo-joven-el-gobierno-lanzo-el-programa-te-sumo\\\/#breadcrumb\"},\"inLanguage\":\"es\",\"potentialAction\":[{\"@type\":\"ReadAction\",\"target\":[\"https:\\\/\\\/cvinoticias.com\\\/v3\\\/empleo-joven-el-gobierno-lanzo-el-programa-te-sumo\\\/\"]}]},{\"@type\":\"ImageObject\",\"inLanguage\":\"es\",\"@id\":\"https:\\\/\\\/cvinoticias.com\\\/v3\\\/empleo-joven-el-gobierno-lanzo-el-programa-te-sumo\\\/#primaryimage\",\"url\":\"https:\\\/\\\/cvinoticias.com\\\/wp-content\\\/uploads\\\/2021\\\/07\\\/FB-Te-Sumo.jpg\",\"contentUrl\":\"https:\\\/\\\/cvinoticias.com\\\/wp-content\\\/uploads\\\/2021\\\/07\\\/FB-Te-Sumo.jpg\",\"width\":657,\"height\":340},{\"@type\":\"BreadcrumbList\",\"@id\":\"https:\\\/\\\/cvinoticias.com\\\/v3\\\/empleo-joven-el-gobierno-lanzo-el-programa-te-sumo\\\/#breadcrumb\",\"itemListElement\":[{\"@type\":\"ListItem\",\"position\":1,\"name\":\"Portada\",\"item\":\"https:\\\/\\\/cvinoticias.com\\\/v3\\\/\"},{\"@type\":\"ListItem\",\"position\":2,\"name\":\"Empleo joven: El Gobierno lanz\u00f3 el programa Te Sumo\"}]},{\"@type\":\"WebSite\",\"@id\":\"https:\\\/\\\/cvinoticias.com\\\/v3\\\/#website\",\"url\":\"https:\\\/\\\/cvinoticias.com\\\/v3\\\/\",\"name\":\"CVI NOTICIAS\",\"description\":\"\",\"publisher\":{\"@id\":\"https:\\\/\\\/cvinoticias.com\\\/v3\\\/#organization\"},\"alternateName\":\"CVI\",\"potentialAction\":[{\"@type\":\"SearchAction\",\"target\":{\"@type\":\"EntryPoint\",\"urlTemplate\":\"https:\\\/\\\/cvinoticias.com\\\/v3\\\/?s={search_term_string}\"},\"query-input\":{\"@type\":\"PropertyValueSpecification\",\"valueRequired\":true,\"valueName\":\"search_term_string\"}}],\"inLanguage\":\"es\"},{\"@type\":\"Organization\",\"@id\":\"https:\\\/\\\/cvinoticias.com\\\/v3\\\/#organization\",\"name\":\"CVI NOTICIAS\",\"url\":\"https:\\\/\\\/cvinoticias.com\\\/v3\\\/\",\"logo\":{\"@type\":\"ImageObject\",\"inLanguage\":\"es\",\"@id\":\"https:\\\/\\\/cvinoticias.com\\\/v3\\\/#\\\/schema\\\/logo\\\/image\\\/\",\"url\":\"https:\\\/\\\/cvinoticias.com\\\/wp-content\\\/uploads\\\/2023\\\/04\\\/cropped-cropped-cropped-cropped-cropped-3-1.png\",\"contentUrl\":\"https:\\\/\\\/cvinoticias.com\\\/wp-content\\\/uploads\\\/2023\\\/04\\\/cropped-cropped-cropped-cropped-cropped-3-1.png\",\"width\":95,\"height\":122,\"caption\":\"CVI NOTICIAS\"},\"image\":{\"@id\":\"https:\\\/\\\/cvinoticias.com\\\/v3\\\/#\\\/schema\\\/logo\\\/image\\\/\"},\"sameAs\":[\"https:\\\/\\\/www.facebook.com\\\/cvinoticias\",\"https:\\\/\\\/www.instagram.com\\\/cvinoticias\\\/\",\"https:\\\/\\\/www.youtube.com\\\/@CVINOTICIAS\"]},{\"@type\":\"Person\",\"@id\":\"https:\\\/\\\/cvinoticias.com\\\/v3\\\/#\\\/schema\\\/person\\\/2db77e3c6bc03c538495d7b2b8be9b66\",\"name\":\"f1000024\",\"image\":{\"@type\":\"ImageObject\",\"inLanguage\":\"es\",\"@id\":\"https:\\\/\\\/secure.gravatar.com\\\/avatar\\\/d4fe7459cfc51ff5129ce1a732bbef5928568b8092d412ef95611616376bbeed?s=96&d=mm&r=g\",\"url\":\"https:\\\/\\\/secure.gravatar.com\\\/avatar\\\/d4fe7459cfc51ff5129ce1a732bbef5928568b8092d412ef95611616376bbeed?s=96&d=mm&r=g\",\"contentUrl\":\"https:\\\/\\\/secure.gravatar.com\\\/avatar\\\/d4fe7459cfc51ff5129ce1a732bbef5928568b8092d412ef95611616376bbeed?s=96&d=mm&r=g\",\"caption\":\"f1000024\"},\"url\":\"https:\\\/\\\/cvinoticias.com\\\/v3\\\/author\\\/f1000024\\\/\"}]}<\/script>\n<!-- \/ Yoast SEO plugin. -->","yoast_head_json":{"title":"Empleo joven: El Gobierno lanz\u00f3 el programa Te Sumo | CVI NOTICIAS","robots":{"index":"index","follow":"follow","max-snippet":"max-snippet:-1","max-image-preview":"max-image-preview:large","max-video-preview":"max-video-preview:-1"},"canonical":"https:\/\/cvinoticias.com\/v3\/empleo-joven-el-gobierno-lanzo-el-programa-te-sumo\/","og_locale":"es_ES","og_type":"article","og_title":"Empleo joven: El Gobierno lanz\u00f3 el programa Te Sumo | CVI NOTICIAS","og_description":"La iniciativa busca acercar a la inserci\u00f3n laboral a 50.000 que terminaron el secundario y a\u00fan no encontraron un trabajo formal. Las Pymes que se registren como empleadoras tendr\u00e1n ventajas impositivas y el Estado pagar\u00e1 hasta el 70% del sueldo durante el primer a\u00f1o\u00a0 El Gobierno lanz\u00f3 este mi\u00e9rcoles el programa \u00abTe Sumo\u00bb para fomentar [&hellip;]","og_url":"https:\/\/cvinoticias.com\/v3\/empleo-joven-el-gobierno-lanzo-el-programa-te-sumo\/","og_site_name":"CVI NOTICIAS","article_publisher":"https:\/\/www.facebook.com\/cvinoticias","article_published_time":"2021-07-29T11:13:42+00:00","og_image":[{"width":657,"height":340,"url":"https:\/\/cvinoticias.com\/wp-content\/uploads\/2021\/07\/FB-Te-Sumo.jpg","type":"image\/jpeg"}],"author":"f1000024","twitter_card":"summary_large_image","twitter_misc":{"Escrito por":"f1000024","Tiempo de lectura":"3 minutos"},"schema":{"@context":"https:\/\/schema.org","@graph":[{"@type":"Article","@id":"https:\/\/cvinoticias.com\/v3\/empleo-joven-el-gobierno-lanzo-el-programa-te-sumo\/#article","isPartOf":{"@id":"https:\/\/cvinoticias.com\/v3\/empleo-joven-el-gobierno-lanzo-el-programa-te-sumo\/"},"author":{"name":"f1000024","@id":"https:\/\/cvinoticias.com\/v3\/#\/schema\/person\/2db77e3c6bc03c538495d7b2b8be9b66"},"headline":"Empleo joven: El Gobierno lanz\u00f3 el programa Te Sumo","datePublished":"2021-07-29T11:13:42+00:00","mainEntityOfPage":{"@id":"https:\/\/cvinoticias.com\/v3\/empleo-joven-el-gobierno-lanzo-el-programa-te-sumo\/"},"wordCount":579,"commentCount":0,"publisher":{"@id":"https:\/\/cvinoticias.com\/v3\/#organization"},"image":{"@id":"https:\/\/cvinoticias.com\/v3\/empleo-joven-el-gobierno-lanzo-el-programa-te-sumo\/#primaryimage"},"thumbnailUrl":"https:\/\/cvinoticias.com\/wp-content\/uploads\/2021\/07\/FB-Te-Sumo.jpg","articleSection":["Econom\u00eda"],"inLanguage":"es","potentialAction":[{"@type":"CommentAction","name":"Comment","target":["https:\/\/cvinoticias.com\/v3\/empleo-joven-el-gobierno-lanzo-el-programa-te-sumo\/#respond"]}]},{"@type":"WebPage","@id":"https:\/\/cvinoticias.com\/v3\/empleo-joven-el-gobierno-lanzo-el-programa-te-sumo\/","url":"https:\/\/cvinoticias.com\/v3\/empleo-joven-el-gobierno-lanzo-el-programa-te-sumo\/","name":"Empleo joven: El Gobierno lanz\u00f3 el programa Te Sumo | CVI NOTICIAS","isPartOf":{"@id":"https:\/\/cvinoticias.com\/v3\/#website"},"primaryImageOfPage":{"@id":"https:\/\/cvinoticias.com\/v3\/empleo-joven-el-gobierno-lanzo-el-programa-te-sumo\/#primaryimage"},"image":{"@id":"https:\/\/cvinoticias.com\/v3\/empleo-joven-el-gobierno-lanzo-el-programa-te-sumo\/#primaryimage"},"thumbnailUrl":"https:\/\/cvinoticias.com\/wp-content\/uploads\/2021\/07\/FB-Te-Sumo.jpg","datePublished":"2021-07-29T11:13:42+00:00","breadcrumb":{"@id":"https:\/\/cvinoticias.com\/v3\/empleo-joven-el-gobierno-lanzo-el-programa-te-sumo\/#breadcrumb"},"inLanguage":"es","potentialAction":[{"@type":"ReadAction","target":["https:\/\/cvinoticias.com\/v3\/empleo-joven-el-gobierno-lanzo-el-programa-te-sumo\/"]}]},{"@type":"ImageObject","inLanguage":"es","@id":"https:\/\/cvinoticias.com\/v3\/empleo-joven-el-gobierno-lanzo-el-programa-te-sumo\/#primaryimage","url":"https:\/\/cvinoticias.com\/wp-content\/uploads\/2021\/07\/FB-Te-Sumo.jpg","contentUrl":"https:\/\/cvinoticias.com\/wp-content\/uploads\/2021\/07\/FB-Te-Sumo.jpg","width":657,"height":340},{"@type":"BreadcrumbList","@id":"https:\/\/cvinoticias.com\/v3\/empleo-joven-el-gobierno-lanzo-el-programa-te-sumo\/#breadcrumb","itemListElement":[{"@type":"ListItem","position":1,"name":"Portada","item":"https:\/\/cvinoticias.com\/v3\/"},{"@type":"ListItem","position":2,"name":"Empleo joven: El Gobierno lanz\u00f3 el programa Te Sumo"}]},{"@type":"WebSite","@id":"https:\/\/cvinoticias.com\/v3\/#website","url":"https:\/\/cvinoticias.com\/v3\/","name":"CVI NOTICIAS","description":"","publisher":{"@id":"https:\/\/cvinoticias.com\/v3\/#organization"},"alternateName":"CVI","potentialAction":[{"@type":"SearchAction","target":{"@type":"EntryPoint","urlTemplate":"https:\/\/cvinoticias.com\/v3\/?s={search_term_string}"},"query-input":{"@type":"PropertyValueSpecification","valueRequired":true,"valueName":"search_term_string"}}],"inLanguage":"es"},{"@type":"Organization","@id":"https:\/\/cvinoticias.com\/v3\/#organization","name":"CVI NOTICIAS","url":"https:\/\/cvinoticias.com\/v3\/","logo":{"@type":"ImageObject","inLanguage":"es","@id":"https:\/\/cvinoticias.com\/v3\/#\/schema\/logo\/image\/","url":"https:\/\/cvinoticias.com\/wp-content\/uploads\/2023\/04\/cropped-cropped-cropped-cropped-cropped-3-1.png","contentUrl":"https:\/\/cvinoticias.com\/wp-content\/uploads\/2023\/04\/cropped-cropped-cropped-cropped-cropped-3-1.png","width":95,"height":122,"caption":"CVI NOTICIAS"},"image":{"@id":"https:\/\/cvinoticias.com\/v3\/#\/schema\/logo\/image\/"},"sameAs":["https:\/\/www.facebook.com\/cvinoticias","https:\/\/www.instagram.com\/cvinoticias\/","https:\/\/www.youtube.com\/@CVINOTICIAS"]},{"@type":"Person","@id":"https:\/\/cvinoticias.com\/v3\/#\/schema\/person\/2db77e3c6bc03c538495d7b2b8be9b66","name":"f1000024","image":{"@type":"ImageObject","inLanguage":"es","@id":"https:\/\/secure.gravatar.com\/avatar\/d4fe7459cfc51ff5129ce1a732bbef5928568b8092d412ef95611616376bbeed?s=96&d=mm&r=g","url":"https:\/\/secure.gravatar.com\/avatar\/d4fe7459cfc51ff5129ce1a732bbef5928568b8092d412ef95611616376bbeed?s=96&d=mm&r=g","contentUrl":"https:\/\/secure.gravatar.com\/avatar\/d4fe7459cfc51ff5129ce1a732bbef5928568b8092d412ef95611616376bbeed?s=96&d=mm&r=g","caption":"f1000024"},"url":"https:\/\/cvinoticias.com\/v3\/author\/f1000024\/"}]}},"_links":{"self":[{"href":"https:\/\/cvinoticias.com\/v3\/wp-json\/wp\/v2\/posts\/7208","targetHints":{"allow":["GET"]}}],"collection":[{"href":"https:\/\/cvinoticias.com\/v3\/wp-json\/wp\/v2\/posts"}],"about":[{"href":"https:\/\/cvinoticias.com\/v3\/wp-json\/wp\/v2\/types\/post"}],"author":[{"embeddable":true,"href":"https:\/\/cvinoticias.com\/v3\/wp-json\/wp\/v2\/users\/2"}],"replies":[{"embeddable":true,"href":"https:\/\/cvinoticias.com\/v3\/wp-json\/wp\/v2\/comments?post=7208"}],"version-history":[{"count":1,"href":"https:\/\/cvinoticias.com\/v3\/wp-json\/wp\/v2\/posts\/7208\/revisions"}],"predecessor-version":[{"id":7210,"href":"https:\/\/cvinoticias.com\/v3\/wp-json\/wp\/v2\/posts\/7208\/revisions\/7210"}],"wp:featuredmedia":[{"embeddable":true,"href":"https:\/\/cvinoticias.com\/v3\/wp-json\/wp\/v2\/media\/7209"}],"wp:attachment":[{"href":"https:\/\/cvinoticias.com\/v3\/wp-json\/wp\/v2\/media?parent=7208"}],"wp:term":[{"taxonomy":"category","embeddable":true,"href":"https:\/\/cvinoticias.com\/v3\/wp-json\/wp\/v2\/categories?post=7208"},{"taxonomy":"post_tag","embeddable":true,"href":"https:\/\/cvinoticias.com\/v3\/wp-json\/wp\/v2\/tags?post=7208"}],"curies":[{"name":"wp","href":"https:\/\/api.w.org\/{rel}","templated":true}]}}