{"id":7175,"date":"2021-07-28T11:33:15","date_gmt":"2021-07-28T11:33:15","guid":{"rendered":"https:\/\/cvinoticias.com\/v3\/?p=7175"},"modified":"2021-07-28T11:33:15","modified_gmt":"2021-07-28T11:33:15","slug":"trabajo-dicto-la-conciliacion-por-el-paro-anunciado-de-trabajadores-de-sanidad","status":"publish","type":"post","link":"https:\/\/cvinoticias.com\/v3\/trabajo-dicto-la-conciliacion-por-el-paro-anunciado-de-trabajadores-de-sanidad\/","title":{"rendered":"Trabajo dict\u00f3 la conciliaci\u00f3n por el paro anunciado de trabajadores de sanidad"},"content":{"rendered":"\n<p><strong><em>El Ministerio de Trabajo dict\u00f3 este martes por la tarde la conciliaci\u00f3n obligatoria por cinco d\u00edas, a partir de este mi\u00e9rcoles,\u00a0luego de que la\u00a0Federaci\u00f3n de Trabajadores de la Sanidad (FATSA) anunciase un paro por 24 horas para ma\u00f1ana, en reclamo de mejoras salariales.<\/em><\/strong><\/p>\n\n\n\n<p>La cartera que conduce Claudio Moroni decidi\u00f3 \u00abprorrogar a partir de las 00 (cero) horas del d\u00eda 28 de julio de 2021 y por el t\u00e9rmino de CINCO (5) d\u00edas la conciliaci\u00f3n obligatoria dictada mediante la DI-2021-304-APN-DNRYRT#MT de fecha 30 de junio de 2021\u00bb,\u00a0con el fin de acercar las partes y evitar la medida de fuerza anunciada por el gremio.<\/p>\n\n\n\n<p>El documento de Trabajo deja en claro que si bien \u201cpersisten las causales que dieron origen al conflicto\u201d, la pr\u00f3rroga de la conciliaci\u00f3n dictada en junio\u00a0es a ra\u00edz de \u201cla importancia de la actividad afectada, cuya prestaci\u00f3n resulta esencial para asistir a la sociedad, en el marco de la actual emergencia p\u00fablica en materia sanitaria en virtud de la pandemia\u201d y \u201cen procura de lograr un acuerdo sobre el conflicto planteado\u201d.<\/p>\n\n\n\n<p>Desde FATSA hab\u00edan convocado a un paro por 24 horas para el jueves en cl\u00ednicas y sanatorios privados de todo el pa\u00eds, en reclamo salarial del 45% de aumento, en medio de un conflicto que se sigue extendiendo en medio de la pandemia.<\/p>\n\n\n\n<p>\u00abLas escalas salariales se encuentran vencidas y luego de largas negociaciones no se ha podido acordar una nueva escala en cada convenio colectivo\u00bb, hab\u00eda advertido el sindicato previamente, al tiempo que denunciaron que \u00ablos representantes patronales se han negado sistem\u00e1ticamente a concretar los justos aumentos salariales que reclamamos\u00bb.<\/p>\n\n\n\n<p>Durante dos semanas hab\u00eda regido una etapa de conciliaci\u00f3n obligatoria, pero durante todo ese plazo el Gobierno no logr\u00f3 cerrar con las compa\u00f1\u00edas privadas del sector una soluci\u00f3n a su financiamiento para as\u00ed destrabar el conflicto salarial.<\/p>\n\n\n\n<p><\/p>\n","protected":false},"excerpt":{"rendered":"<p>El Ministerio de Trabajo dict\u00f3 este martes por la tarde la conciliaci\u00f3n obligatoria por cinco d\u00edas, a partir de este mi\u00e9rcoles,\u00a0luego de que la\u00a0Federaci\u00f3n de Trabajadores de la Sanidad (FATSA) anunciase un paro por 24 horas para ma\u00f1ana, en reclamo de mejoras salariales. La cartera que conduce Claudio Moroni decidi\u00f3 \u00abprorrogar a partir de las [&hellip;]<\/p>\n","protected":false},"author":2,"featured_media":7176,"comment_status":"open","ping_status":"open","sticky":false,"template":"","format":"standard","meta":{"footnotes":""},"categories":[35],"tags":[],"class_list":["post-7175","post","type-post","status-publish","format-standard","has-post-thumbnail","hentry","category-informacion-general"],"yoast_head":"<!-- This site is optimized with the Yoast SEO plugin v27.5 - https:\/\/yoast.com\/product\/yoast-seo-wordpress\/ -->\n<title>Trabajo dict\u00f3 la conciliaci\u00f3n por el paro anunciado de trabajadores de sanidad | CVI NOTICIAS<\/title>\n<meta name=\"robots\" content=\"index, follow, max-snippet:-1, max-image-preview:large, max-video-preview:-1\" \/>\n<link rel=\"canonical\" href=\"https:\/\/cvinoticias.com\/v3\/trabajo-dicto-la-conciliacion-por-el-paro-anunciado-de-trabajadores-de-sanidad\/\" \/>\n<meta property=\"og:locale\" content=\"es_ES\" \/>\n<meta property=\"og:type\" content=\"article\" \/>\n<meta property=\"og:title\" content=\"Trabajo dict\u00f3 la conciliaci\u00f3n por el paro anunciado de trabajadores de sanidad | CVI NOTICIAS\" \/>\n<meta property=\"og:description\" content=\"El Ministerio de Trabajo dict\u00f3 este martes por la tarde la conciliaci\u00f3n obligatoria por cinco d\u00edas, a partir de este mi\u00e9rcoles,\u00a0luego de que la\u00a0Federaci\u00f3n de Trabajadores de la Sanidad (FATSA) anunciase un paro por 24 horas para ma\u00f1ana, en reclamo de mejoras salariales. La cartera que conduce Claudio Moroni decidi\u00f3 \u00abprorrogar a partir de las [&hellip;]\" \/>\n<meta property=\"og:url\" content=\"https:\/\/cvinoticias.com\/v3\/trabajo-dicto-la-conciliacion-por-el-paro-anunciado-de-trabajadores-de-sanidad\/\" \/>\n<meta property=\"og:site_name\" content=\"CVI NOTICIAS\" \/>\n<meta property=\"article:publisher\" content=\"https:\/\/www.facebook.com\/cvinoticias\" \/>\n<meta property=\"article:published_time\" content=\"2021-07-28T11:33:15+00:00\" \/>\n<meta property=\"og:image\" content=\"https:\/\/cvinoticias.com\/wp-content\/uploads\/2021\/07\/multimedia.normal.897b8dfce55ef8a7.6e6f726d616c2e6a7067.jpg\" \/>\n\t<meta property=\"og:image:width\" content=\"640\" \/>\n\t<meta property=\"og:image:height\" content=\"248\" \/>\n\t<meta property=\"og:image:type\" content=\"image\/jpeg\" \/>\n<meta name=\"author\" content=\"f1000024\" \/>\n<meta name=\"twitter:card\" content=\"summary_large_image\" \/>\n<meta name=\"twitter:label1\" content=\"Escrito por\" \/>\n\t<meta name=\"twitter:data1\" content=\"f1000024\" \/>\n\t<meta name=\"twitter:label2\" content=\"Tiempo de lectura\" \/>\n\t<meta name=\"twitter:data2\" content=\"2 minutos\" \/>\n<script type=\"application\/ld+json\" class=\"yoast-schema-graph\">{\"@context\":\"https:\\\/\\\/schema.org\",\"@graph\":[{\"@type\":\"Article\",\"@id\":\"https:\\\/\\\/cvinoticias.com\\\/v3\\\/trabajo-dicto-la-conciliacion-por-el-paro-anunciado-de-trabajadores-de-sanidad\\\/#article\",\"isPartOf\":{\"@id\":\"https:\\\/\\\/cvinoticias.com\\\/v3\\\/trabajo-dicto-la-conciliacion-por-el-paro-anunciado-de-trabajadores-de-sanidad\\\/\"},\"author\":{\"name\":\"f1000024\",\"@id\":\"https:\\\/\\\/cvinoticias.com\\\/v3\\\/#\\\/schema\\\/person\\\/2db77e3c6bc03c538495d7b2b8be9b66\"},\"headline\":\"Trabajo dict\u00f3 la conciliaci\u00f3n por el paro anunciado de trabajadores de sanidad\",\"datePublished\":\"2021-07-28T11:33:15+00:00\",\"mainEntityOfPage\":{\"@id\":\"https:\\\/\\\/cvinoticias.com\\\/v3\\\/trabajo-dicto-la-conciliacion-por-el-paro-anunciado-de-trabajadores-de-sanidad\\\/\"},\"wordCount\":336,\"commentCount\":0,\"publisher\":{\"@id\":\"https:\\\/\\\/cvinoticias.com\\\/v3\\\/#organization\"},\"image\":{\"@id\":\"https:\\\/\\\/cvinoticias.com\\\/v3\\\/trabajo-dicto-la-conciliacion-por-el-paro-anunciado-de-trabajadores-de-sanidad\\\/#primaryimage\"},\"thumbnailUrl\":\"https:\\\/\\\/cvinoticias.com\\\/wp-content\\\/uploads\\\/2021\\\/07\\\/multimedia.normal.897b8dfce55ef8a7.6e6f726d616c2e6a7067.jpg\",\"articleSection\":[\"Informaci\u00f3n General\"],\"inLanguage\":\"es\",\"potentialAction\":[{\"@type\":\"CommentAction\",\"name\":\"Comment\",\"target\":[\"https:\\\/\\\/cvinoticias.com\\\/v3\\\/trabajo-dicto-la-conciliacion-por-el-paro-anunciado-de-trabajadores-de-sanidad\\\/#respond\"]}]},{\"@type\":\"WebPage\",\"@id\":\"https:\\\/\\\/cvinoticias.com\\\/v3\\\/trabajo-dicto-la-conciliacion-por-el-paro-anunciado-de-trabajadores-de-sanidad\\\/\",\"url\":\"https:\\\/\\\/cvinoticias.com\\\/v3\\\/trabajo-dicto-la-conciliacion-por-el-paro-anunciado-de-trabajadores-de-sanidad\\\/\",\"name\":\"Trabajo dict\u00f3 la conciliaci\u00f3n por el paro anunciado de trabajadores de sanidad | CVI NOTICIAS\",\"isPartOf\":{\"@id\":\"https:\\\/\\\/cvinoticias.com\\\/v3\\\/#website\"},\"primaryImageOfPage\":{\"@id\":\"https:\\\/\\\/cvinoticias.com\\\/v3\\\/trabajo-dicto-la-conciliacion-por-el-paro-anunciado-de-trabajadores-de-sanidad\\\/#primaryimage\"},\"image\":{\"@id\":\"https:\\\/\\\/cvinoticias.com\\\/v3\\\/trabajo-dicto-la-conciliacion-por-el-paro-anunciado-de-trabajadores-de-sanidad\\\/#primaryimage\"},\"thumbnailUrl\":\"https:\\\/\\\/cvinoticias.com\\\/wp-content\\\/uploads\\\/2021\\\/07\\\/multimedia.normal.897b8dfce55ef8a7.6e6f726d616c2e6a7067.jpg\",\"datePublished\":\"2021-07-28T11:33:15+00:00\",\"breadcrumb\":{\"@id\":\"https:\\\/\\\/cvinoticias.com\\\/v3\\\/trabajo-dicto-la-conciliacion-por-el-paro-anunciado-de-trabajadores-de-sanidad\\\/#breadcrumb\"},\"inLanguage\":\"es\",\"potentialAction\":[{\"@type\":\"ReadAction\",\"target\":[\"https:\\\/\\\/cvinoticias.com\\\/v3\\\/trabajo-dicto-la-conciliacion-por-el-paro-anunciado-de-trabajadores-de-sanidad\\\/\"]}]},{\"@type\":\"ImageObject\",\"inLanguage\":\"es\",\"@id\":\"https:\\\/\\\/cvinoticias.com\\\/v3\\\/trabajo-dicto-la-conciliacion-por-el-paro-anunciado-de-trabajadores-de-sanidad\\\/#primaryimage\",\"url\":\"https:\\\/\\\/cvinoticias.com\\\/wp-content\\\/uploads\\\/2021\\\/07\\\/multimedia.normal.897b8dfce55ef8a7.6e6f726d616c2e6a7067.jpg\",\"contentUrl\":\"https:\\\/\\\/cvinoticias.com\\\/wp-content\\\/uploads\\\/2021\\\/07\\\/multimedia.normal.897b8dfce55ef8a7.6e6f726d616c2e6a7067.jpg\",\"width\":640,\"height\":248},{\"@type\":\"BreadcrumbList\",\"@id\":\"https:\\\/\\\/cvinoticias.com\\\/v3\\\/trabajo-dicto-la-conciliacion-por-el-paro-anunciado-de-trabajadores-de-sanidad\\\/#breadcrumb\",\"itemListElement\":[{\"@type\":\"ListItem\",\"position\":1,\"name\":\"Portada\",\"item\":\"https:\\\/\\\/cvinoticias.com\\\/v3\\\/\"},{\"@type\":\"ListItem\",\"position\":2,\"name\":\"Trabajo dict\u00f3 la conciliaci\u00f3n por el paro anunciado de trabajadores de sanidad\"}]},{\"@type\":\"WebSite\",\"@id\":\"https:\\\/\\\/cvinoticias.com\\\/v3\\\/#website\",\"url\":\"https:\\\/\\\/cvinoticias.com\\\/v3\\\/\",\"name\":\"CVI NOTICIAS\",\"description\":\"\",\"publisher\":{\"@id\":\"https:\\\/\\\/cvinoticias.com\\\/v3\\\/#organization\"},\"alternateName\":\"CVI\",\"potentialAction\":[{\"@type\":\"SearchAction\",\"target\":{\"@type\":\"EntryPoint\",\"urlTemplate\":\"https:\\\/\\\/cvinoticias.com\\\/v3\\\/?s={search_term_string}\"},\"query-input\":{\"@type\":\"PropertyValueSpecification\",\"valueRequired\":true,\"valueName\":\"search_term_string\"}}],\"inLanguage\":\"es\"},{\"@type\":\"Organization\",\"@id\":\"https:\\\/\\\/cvinoticias.com\\\/v3\\\/#organization\",\"name\":\"CVI NOTICIAS\",\"url\":\"https:\\\/\\\/cvinoticias.com\\\/v3\\\/\",\"logo\":{\"@type\":\"ImageObject\",\"inLanguage\":\"es\",\"@id\":\"https:\\\/\\\/cvinoticias.com\\\/v3\\\/#\\\/schema\\\/logo\\\/image\\\/\",\"url\":\"https:\\\/\\\/cvinoticias.com\\\/wp-content\\\/uploads\\\/2023\\\/04\\\/cropped-cropped-cropped-cropped-cropped-3-1.png\",\"contentUrl\":\"https:\\\/\\\/cvinoticias.com\\\/wp-content\\\/uploads\\\/2023\\\/04\\\/cropped-cropped-cropped-cropped-cropped-3-1.png\",\"width\":95,\"height\":122,\"caption\":\"CVI NOTICIAS\"},\"image\":{\"@id\":\"https:\\\/\\\/cvinoticias.com\\\/v3\\\/#\\\/schema\\\/logo\\\/image\\\/\"},\"sameAs\":[\"https:\\\/\\\/www.facebook.com\\\/cvinoticias\",\"https:\\\/\\\/www.instagram.com\\\/cvinoticias\\\/\",\"https:\\\/\\\/www.youtube.com\\\/@CVINOTICIAS\"]},{\"@type\":\"Person\",\"@id\":\"https:\\\/\\\/cvinoticias.com\\\/v3\\\/#\\\/schema\\\/person\\\/2db77e3c6bc03c538495d7b2b8be9b66\",\"name\":\"f1000024\",\"image\":{\"@type\":\"ImageObject\",\"inLanguage\":\"es\",\"@id\":\"https:\\\/\\\/secure.gravatar.com\\\/avatar\\\/d4fe7459cfc51ff5129ce1a732bbef5928568b8092d412ef95611616376bbeed?s=96&d=mm&r=g\",\"url\":\"https:\\\/\\\/secure.gravatar.com\\\/avatar\\\/d4fe7459cfc51ff5129ce1a732bbef5928568b8092d412ef95611616376bbeed?s=96&d=mm&r=g\",\"contentUrl\":\"https:\\\/\\\/secure.gravatar.com\\\/avatar\\\/d4fe7459cfc51ff5129ce1a732bbef5928568b8092d412ef95611616376bbeed?s=96&d=mm&r=g\",\"caption\":\"f1000024\"},\"url\":\"https:\\\/\\\/cvinoticias.com\\\/v3\\\/author\\\/f1000024\\\/\"}]}<\/script>\n<!-- \/ Yoast SEO plugin. -->","yoast_head_json":{"title":"Trabajo dict\u00f3 la conciliaci\u00f3n por el paro anunciado de trabajadores de sanidad | CVI NOTICIAS","robots":{"index":"index","follow":"follow","max-snippet":"max-snippet:-1","max-image-preview":"max-image-preview:large","max-video-preview":"max-video-preview:-1"},"canonical":"https:\/\/cvinoticias.com\/v3\/trabajo-dicto-la-conciliacion-por-el-paro-anunciado-de-trabajadores-de-sanidad\/","og_locale":"es_ES","og_type":"article","og_title":"Trabajo dict\u00f3 la conciliaci\u00f3n por el paro anunciado de trabajadores de sanidad | CVI NOTICIAS","og_description":"El Ministerio de Trabajo dict\u00f3 este martes por la tarde la conciliaci\u00f3n obligatoria por cinco d\u00edas, a partir de este mi\u00e9rcoles,\u00a0luego de que la\u00a0Federaci\u00f3n de Trabajadores de la Sanidad (FATSA) anunciase un paro por 24 horas para ma\u00f1ana, en reclamo de mejoras salariales. La cartera que conduce Claudio Moroni decidi\u00f3 \u00abprorrogar a partir de las [&hellip;]","og_url":"https:\/\/cvinoticias.com\/v3\/trabajo-dicto-la-conciliacion-por-el-paro-anunciado-de-trabajadores-de-sanidad\/","og_site_name":"CVI NOTICIAS","article_publisher":"https:\/\/www.facebook.com\/cvinoticias","article_published_time":"2021-07-28T11:33:15+00:00","og_image":[{"width":640,"height":248,"url":"https:\/\/cvinoticias.com\/wp-content\/uploads\/2021\/07\/multimedia.normal.897b8dfce55ef8a7.6e6f726d616c2e6a7067.jpg","type":"image\/jpeg"}],"author":"f1000024","twitter_card":"summary_large_image","twitter_misc":{"Escrito por":"f1000024","Tiempo de lectura":"2 minutos"},"schema":{"@context":"https:\/\/schema.org","@graph":[{"@type":"Article","@id":"https:\/\/cvinoticias.com\/v3\/trabajo-dicto-la-conciliacion-por-el-paro-anunciado-de-trabajadores-de-sanidad\/#article","isPartOf":{"@id":"https:\/\/cvinoticias.com\/v3\/trabajo-dicto-la-conciliacion-por-el-paro-anunciado-de-trabajadores-de-sanidad\/"},"author":{"name":"f1000024","@id":"https:\/\/cvinoticias.com\/v3\/#\/schema\/person\/2db77e3c6bc03c538495d7b2b8be9b66"},"headline":"Trabajo dict\u00f3 la conciliaci\u00f3n por el paro anunciado de trabajadores de sanidad","datePublished":"2021-07-28T11:33:15+00:00","mainEntityOfPage":{"@id":"https:\/\/cvinoticias.com\/v3\/trabajo-dicto-la-conciliacion-por-el-paro-anunciado-de-trabajadores-de-sanidad\/"},"wordCount":336,"commentCount":0,"publisher":{"@id":"https:\/\/cvinoticias.com\/v3\/#organization"},"image":{"@id":"https:\/\/cvinoticias.com\/v3\/trabajo-dicto-la-conciliacion-por-el-paro-anunciado-de-trabajadores-de-sanidad\/#primaryimage"},"thumbnailUrl":"https:\/\/cvinoticias.com\/wp-content\/uploads\/2021\/07\/multimedia.normal.897b8dfce55ef8a7.6e6f726d616c2e6a7067.jpg","articleSection":["Informaci\u00f3n General"],"inLanguage":"es","potentialAction":[{"@type":"CommentAction","name":"Comment","target":["https:\/\/cvinoticias.com\/v3\/trabajo-dicto-la-conciliacion-por-el-paro-anunciado-de-trabajadores-de-sanidad\/#respond"]}]},{"@type":"WebPage","@id":"https:\/\/cvinoticias.com\/v3\/trabajo-dicto-la-conciliacion-por-el-paro-anunciado-de-trabajadores-de-sanidad\/","url":"https:\/\/cvinoticias.com\/v3\/trabajo-dicto-la-conciliacion-por-el-paro-anunciado-de-trabajadores-de-sanidad\/","name":"Trabajo dict\u00f3 la conciliaci\u00f3n por el paro anunciado de trabajadores de sanidad | CVI NOTICIAS","isPartOf":{"@id":"https:\/\/cvinoticias.com\/v3\/#website"},"primaryImageOfPage":{"@id":"https:\/\/cvinoticias.com\/v3\/trabajo-dicto-la-conciliacion-por-el-paro-anunciado-de-trabajadores-de-sanidad\/#primaryimage"},"image":{"@id":"https:\/\/cvinoticias.com\/v3\/trabajo-dicto-la-conciliacion-por-el-paro-anunciado-de-trabajadores-de-sanidad\/#primaryimage"},"thumbnailUrl":"https:\/\/cvinoticias.com\/wp-content\/uploads\/2021\/07\/multimedia.normal.897b8dfce55ef8a7.6e6f726d616c2e6a7067.jpg","datePublished":"2021-07-28T11:33:15+00:00","breadcrumb":{"@id":"https:\/\/cvinoticias.com\/v3\/trabajo-dicto-la-conciliacion-por-el-paro-anunciado-de-trabajadores-de-sanidad\/#breadcrumb"},"inLanguage":"es","potentialAction":[{"@type":"ReadAction","target":["https:\/\/cvinoticias.com\/v3\/trabajo-dicto-la-conciliacion-por-el-paro-anunciado-de-trabajadores-de-sanidad\/"]}]},{"@type":"ImageObject","inLanguage":"es","@id":"https:\/\/cvinoticias.com\/v3\/trabajo-dicto-la-conciliacion-por-el-paro-anunciado-de-trabajadores-de-sanidad\/#primaryimage","url":"https:\/\/cvinoticias.com\/wp-content\/uploads\/2021\/07\/multimedia.normal.897b8dfce55ef8a7.6e6f726d616c2e6a7067.jpg","contentUrl":"https:\/\/cvinoticias.com\/wp-content\/uploads\/2021\/07\/multimedia.normal.897b8dfce55ef8a7.6e6f726d616c2e6a7067.jpg","width":640,"height":248},{"@type":"BreadcrumbList","@id":"https:\/\/cvinoticias.com\/v3\/trabajo-dicto-la-conciliacion-por-el-paro-anunciado-de-trabajadores-de-sanidad\/#breadcrumb","itemListElement":[{"@type":"ListItem","position":1,"name":"Portada","item":"https:\/\/cvinoticias.com\/v3\/"},{"@type":"ListItem","position":2,"name":"Trabajo dict\u00f3 la conciliaci\u00f3n por el paro anunciado de trabajadores de sanidad"}]},{"@type":"WebSite","@id":"https:\/\/cvinoticias.com\/v3\/#website","url":"https:\/\/cvinoticias.com\/v3\/","name":"CVI NOTICIAS","description":"","publisher":{"@id":"https:\/\/cvinoticias.com\/v3\/#organization"},"alternateName":"CVI","potentialAction":[{"@type":"SearchAction","target":{"@type":"EntryPoint","urlTemplate":"https:\/\/cvinoticias.com\/v3\/?s={search_term_string}"},"query-input":{"@type":"PropertyValueSpecification","valueRequired":true,"valueName":"search_term_string"}}],"inLanguage":"es"},{"@type":"Organization","@id":"https:\/\/cvinoticias.com\/v3\/#organization","name":"CVI NOTICIAS","url":"https:\/\/cvinoticias.com\/v3\/","logo":{"@type":"ImageObject","inLanguage":"es","@id":"https:\/\/cvinoticias.com\/v3\/#\/schema\/logo\/image\/","url":"https:\/\/cvinoticias.com\/wp-content\/uploads\/2023\/04\/cropped-cropped-cropped-cropped-cropped-3-1.png","contentUrl":"https:\/\/cvinoticias.com\/wp-content\/uploads\/2023\/04\/cropped-cropped-cropped-cropped-cropped-3-1.png","width":95,"height":122,"caption":"CVI NOTICIAS"},"image":{"@id":"https:\/\/cvinoticias.com\/v3\/#\/schema\/logo\/image\/"},"sameAs":["https:\/\/www.facebook.com\/cvinoticias","https:\/\/www.instagram.com\/cvinoticias\/","https:\/\/www.youtube.com\/@CVINOTICIAS"]},{"@type":"Person","@id":"https:\/\/cvinoticias.com\/v3\/#\/schema\/person\/2db77e3c6bc03c538495d7b2b8be9b66","name":"f1000024","image":{"@type":"ImageObject","inLanguage":"es","@id":"https:\/\/secure.gravatar.com\/avatar\/d4fe7459cfc51ff5129ce1a732bbef5928568b8092d412ef95611616376bbeed?s=96&d=mm&r=g","url":"https:\/\/secure.gravatar.com\/avatar\/d4fe7459cfc51ff5129ce1a732bbef5928568b8092d412ef95611616376bbeed?s=96&d=mm&r=g","contentUrl":"https:\/\/secure.gravatar.com\/avatar\/d4fe7459cfc51ff5129ce1a732bbef5928568b8092d412ef95611616376bbeed?s=96&d=mm&r=g","caption":"f1000024"},"url":"https:\/\/cvinoticias.com\/v3\/author\/f1000024\/"}]}},"_links":{"self":[{"href":"https:\/\/cvinoticias.com\/v3\/wp-json\/wp\/v2\/posts\/7175","targetHints":{"allow":["GET"]}}],"collection":[{"href":"https:\/\/cvinoticias.com\/v3\/wp-json\/wp\/v2\/posts"}],"about":[{"href":"https:\/\/cvinoticias.com\/v3\/wp-json\/wp\/v2\/types\/post"}],"author":[{"embeddable":true,"href":"https:\/\/cvinoticias.com\/v3\/wp-json\/wp\/v2\/users\/2"}],"replies":[{"embeddable":true,"href":"https:\/\/cvinoticias.com\/v3\/wp-json\/wp\/v2\/comments?post=7175"}],"version-history":[{"count":1,"href":"https:\/\/cvinoticias.com\/v3\/wp-json\/wp\/v2\/posts\/7175\/revisions"}],"predecessor-version":[{"id":7177,"href":"https:\/\/cvinoticias.com\/v3\/wp-json\/wp\/v2\/posts\/7175\/revisions\/7177"}],"wp:featuredmedia":[{"embeddable":true,"href":"https:\/\/cvinoticias.com\/v3\/wp-json\/wp\/v2\/media\/7176"}],"wp:attachment":[{"href":"https:\/\/cvinoticias.com\/v3\/wp-json\/wp\/v2\/media?parent=7175"}],"wp:term":[{"taxonomy":"category","embeddable":true,"href":"https:\/\/cvinoticias.com\/v3\/wp-json\/wp\/v2\/categories?post=7175"},{"taxonomy":"post_tag","embeddable":true,"href":"https:\/\/cvinoticias.com\/v3\/wp-json\/wp\/v2\/tags?post=7175"}],"curies":[{"name":"wp","href":"https:\/\/api.w.org\/{rel}","templated":true}]}}