{"id":7172,"date":"2021-07-28T11:08:33","date_gmt":"2021-07-28T11:08:33","guid":{"rendered":"https:\/\/cvinoticias.com\/v3\/?p=7172"},"modified":"2021-07-28T11:08:33","modified_gmt":"2021-07-28T11:08:33","slug":"a-partir-de-hoy-miercoles-28-de-julio-se-inicia-la-preinscripcion-de-turnos-para-vacunar-al-grupo-etario-de-12-a-17-anos-por-alegramed","status":"publish","type":"post","link":"https:\/\/cvinoticias.com\/v3\/a-partir-de-hoy-miercoles-28-de-julio-se-inicia-la-preinscripcion-de-turnos-para-vacunar-al-grupo-etario-de-12-a-17-anos-por-alegramed\/","title":{"rendered":"A partir de hoy mi\u00e9rcoles 28 de julio se inicia la preinscripci\u00f3n de turnos para vacunar al grupo etario de 12 a 17 a\u00f1os por ALEGRAMED"},"content":{"rendered":"\n<p><strong><em>El Ministerio de Salud P\u00fablica de Misiones informa que desde ma\u00f1ana 28 de julio se iniciar\u00e1 la preinscripci\u00f3n de turnos para el grupo etario de 12 a 17 a\u00f1os, seg\u00fan condiciones de priorizaci\u00f3n, para la vacuna contra el COVID 19.<\/em><\/strong><\/p>\n\n\n\n<p>En el caso de aquellos menores, en los que sus padres o tutores realicen la inscripci\u00f3n, deben recordar que al momento de cargar los datos personales en ALEGRAMED, se deben cargar los datos del menor que solicita la preinscripci\u00f3n.<br>Es importante remarcar que una vez que tengan el turno y se presenten en el vacunatorio deben presentar certificado m\u00e9dico y resumen de historia cl\u00ednica de quien solicit\u00f3 la vacuna.<\/p>\n\n\n\n<p>En la reuni\u00f3n del Consejo Federal de Salud (Co.Fe.Sa), que se desarroll\u00f3 en Buenos Aires, las autoridades nacionales de todo el pa\u00eds, consensuaron las condiciones de priorizaci\u00f3n para la inscripci\u00f3n de las y los adolescentes entre 12 y 17 a\u00f1os en los que se comenzar\u00e1 a aplicar la vacuna de Moderna contra la enfermedad COVID-19.<\/p>\n\n\n\n<p>De esta manera, la vacunaci\u00f3n en este grupo etario incluir\u00e1 en una primera etapa personas entre 12 a 17 a\u00f1os con las siguientes condiciones de priorizaci\u00f3n:<\/p>\n\n\n\n<p>\u2022 Diabetes tipo 1 o 2.<br>\u2022 Obesidad grado 2 (IMC &gt; 35) y grado 3 (IMC &gt; 40).<\/p>\n\n\n\n<p>\u2022Enfermedad cardiovascular cr\u00f3nica: insuficiencia card\u00edaca, enfermedad coronaria, valvulopat\u00edas, miocardiopat\u00edas, hipertensi\u00f3n pulmonar. Cardiopat\u00edas cong\u00e9nitas.<\/p>\n\n\n\n<p>\u2022Enfermedad renal cr\u00f3nica (incluidos pacientes en di\u00e1lisis cr\u00f3nica y trasplantes). S\u00edndrome nefr\u00f3tico.<\/p>\n\n\n\n<p>\u2022Enfermedad respiratoria cr\u00f3nica: enfermedad pulmonar obstructiva cr\u00f3nica (EPOC), fibrosis qu\u00edstica, enfermedad intersticial pulmonar, asma grave. Requerimiento de ox\u00edgeno terapia.<\/p>\n\n\n\n<p>Enfermedad grave de la v\u00eda a\u00e9rea.<br>Hospitalizaciones por asma.<br>\u2022Enfermedad hep\u00e1tica: Cirrosis. Hepatitis autoinmune.<\/p>\n\n\n\n<p>\u2022Personas que viven con VIH independientemente del CD4 y CV.<\/p>\n\n\n\n<p>\u2022 Pacientes en lista de espera para trasplante de \u00f3rganos s\u00f3lidos y trasplante de c\u00e9lulas hematopoy\u00e9ticas.<\/p>\n\n\n\n<p>\u2022 Pacientes oncol\u00f3gicos y oncohematol\u00f3gicos con diagn\u00f3stico reciente o \u201cactiva\u201d.<\/p>\n\n\n\n<p>\u2022 Personas con tuberculosis activa.<br>\u2022 Personas con discapacidad intelectual y del desarrollo.<\/p>\n\n\n\n<p>\u2022 S\u00edndrome de Down.<br>\u2022 Personas con enfermedades autoinmunes y\/o tratamientos inmunosupresores, inmunomoduladores o biol\u00f3gicos.<\/p>\n\n\n\n<p>\u2022Adolescentes que viven en lugares de larga estancia.<\/p>\n\n\n\n<p>\u2022Personas gestantes de 12 a 17 a\u00f1os con indicaci\u00f3n individual.<\/p>\n\n\n\n<p>\u2022 Personas con carnet \u00fanico de discapacidad (CUD) vigente.<\/p>\n\n\n\n<p>\u2022 Personas con pensi\u00f3n de ANSES por invalidez aunque no tengan CUD.<\/p>\n\n\n\n<p>\u2022Personas con pensi\u00f3n de ANSES por trasplantes aunque no tengan CUD.<\/p>\n\n\n\n<p><\/p>\n\n\n\n<p><strong>Fuente: Ministerio de Salud de Misiones.<\/strong><\/p>\n","protected":false},"excerpt":{"rendered":"<p>El Ministerio de Salud P\u00fablica de Misiones informa que desde ma\u00f1ana 28 de julio se iniciar\u00e1 la preinscripci\u00f3n de turnos para el grupo etario de 12 a 17 a\u00f1os, seg\u00fan condiciones de priorizaci\u00f3n, para la vacuna contra el COVID 19. En el caso de aquellos menores, en los que sus padres o tutores realicen la [&hellip;]<\/p>\n","protected":false},"author":2,"featured_media":7173,"comment_status":"open","ping_status":"open","sticky":false,"template":"","format":"standard","meta":{"footnotes":""},"categories":[22],"tags":[],"class_list":["post-7172","post","type-post","status-publish","format-standard","has-post-thumbnail","hentry","category-salud"],"yoast_head":"<!-- This site is optimized with the Yoast SEO plugin v27.5 - https:\/\/yoast.com\/product\/yoast-seo-wordpress\/ -->\n<title>A partir de hoy mi\u00e9rcoles 28 de julio se inicia la preinscripci\u00f3n de turnos para vacunar al grupo etario de 12 a 17 a\u00f1os por ALEGRAMED | CVI NOTICIAS<\/title>\n<meta name=\"robots\" content=\"index, follow, max-snippet:-1, max-image-preview:large, max-video-preview:-1\" \/>\n<link rel=\"canonical\" href=\"https:\/\/cvinoticias.com\/v3\/a-partir-de-hoy-miercoles-28-de-julio-se-inicia-la-preinscripcion-de-turnos-para-vacunar-al-grupo-etario-de-12-a-17-anos-por-alegramed\/\" \/>\n<meta property=\"og:locale\" content=\"es_ES\" \/>\n<meta property=\"og:type\" content=\"article\" \/>\n<meta property=\"og:title\" content=\"A partir de hoy mi\u00e9rcoles 28 de julio se inicia la preinscripci\u00f3n de turnos para vacunar al grupo etario de 12 a 17 a\u00f1os por ALEGRAMED | CVI NOTICIAS\" \/>\n<meta property=\"og:description\" content=\"El Ministerio de Salud P\u00fablica de Misiones informa que desde ma\u00f1ana 28 de julio se iniciar\u00e1 la preinscripci\u00f3n de turnos para el grupo etario de 12 a 17 a\u00f1os, seg\u00fan condiciones de priorizaci\u00f3n, para la vacuna contra el COVID 19. En el caso de aquellos menores, en los que sus padres o tutores realicen la [&hellip;]\" \/>\n<meta property=\"og:url\" content=\"https:\/\/cvinoticias.com\/v3\/a-partir-de-hoy-miercoles-28-de-julio-se-inicia-la-preinscripcion-de-turnos-para-vacunar-al-grupo-etario-de-12-a-17-anos-por-alegramed\/\" \/>\n<meta property=\"og:site_name\" content=\"CVI NOTICIAS\" \/>\n<meta property=\"article:publisher\" content=\"https:\/\/www.facebook.com\/cvinoticias\" \/>\n<meta property=\"article:published_time\" content=\"2021-07-28T11:08:33+00:00\" \/>\n<meta property=\"og:image\" content=\"https:\/\/cvinoticias.com\/wp-content\/uploads\/2021\/07\/0971576d9c748797260fa5f2902730e461039825-1000x665-1.jpg\" \/>\n\t<meta property=\"og:image:width\" content=\"1000\" \/>\n\t<meta property=\"og:image:height\" content=\"665\" \/>\n\t<meta property=\"og:image:type\" content=\"image\/jpeg\" \/>\n<meta name=\"author\" content=\"f1000024\" \/>\n<meta name=\"twitter:card\" content=\"summary_large_image\" \/>\n<meta name=\"twitter:label1\" content=\"Escrito por\" \/>\n\t<meta name=\"twitter:data1\" content=\"f1000024\" \/>\n\t<meta name=\"twitter:label2\" content=\"Tiempo de lectura\" \/>\n\t<meta name=\"twitter:data2\" content=\"2 minutos\" \/>\n<script type=\"application\/ld+json\" class=\"yoast-schema-graph\">{\"@context\":\"https:\\\/\\\/schema.org\",\"@graph\":[{\"@type\":\"Article\",\"@id\":\"https:\\\/\\\/cvinoticias.com\\\/v3\\\/a-partir-de-hoy-miercoles-28-de-julio-se-inicia-la-preinscripcion-de-turnos-para-vacunar-al-grupo-etario-de-12-a-17-anos-por-alegramed\\\/#article\",\"isPartOf\":{\"@id\":\"https:\\\/\\\/cvinoticias.com\\\/v3\\\/a-partir-de-hoy-miercoles-28-de-julio-se-inicia-la-preinscripcion-de-turnos-para-vacunar-al-grupo-etario-de-12-a-17-anos-por-alegramed\\\/\"},\"author\":{\"name\":\"f1000024\",\"@id\":\"https:\\\/\\\/cvinoticias.com\\\/v3\\\/#\\\/schema\\\/person\\\/2db77e3c6bc03c538495d7b2b8be9b66\"},\"headline\":\"A partir de hoy mi\u00e9rcoles 28 de julio se inicia la preinscripci\u00f3n de turnos para vacunar al grupo etario de 12 a 17 a\u00f1os por ALEGRAMED\",\"datePublished\":\"2021-07-28T11:08:33+00:00\",\"mainEntityOfPage\":{\"@id\":\"https:\\\/\\\/cvinoticias.com\\\/v3\\\/a-partir-de-hoy-miercoles-28-de-julio-se-inicia-la-preinscripcion-de-turnos-para-vacunar-al-grupo-etario-de-12-a-17-anos-por-alegramed\\\/\"},\"wordCount\":439,\"commentCount\":0,\"publisher\":{\"@id\":\"https:\\\/\\\/cvinoticias.com\\\/v3\\\/#organization\"},\"image\":{\"@id\":\"https:\\\/\\\/cvinoticias.com\\\/v3\\\/a-partir-de-hoy-miercoles-28-de-julio-se-inicia-la-preinscripcion-de-turnos-para-vacunar-al-grupo-etario-de-12-a-17-anos-por-alegramed\\\/#primaryimage\"},\"thumbnailUrl\":\"https:\\\/\\\/cvinoticias.com\\\/wp-content\\\/uploads\\\/2021\\\/07\\\/0971576d9c748797260fa5f2902730e461039825-1000x665-1.jpg\",\"articleSection\":[\"Salud\"],\"inLanguage\":\"es\",\"potentialAction\":[{\"@type\":\"CommentAction\",\"name\":\"Comment\",\"target\":[\"https:\\\/\\\/cvinoticias.com\\\/v3\\\/a-partir-de-hoy-miercoles-28-de-julio-se-inicia-la-preinscripcion-de-turnos-para-vacunar-al-grupo-etario-de-12-a-17-anos-por-alegramed\\\/#respond\"]}]},{\"@type\":\"WebPage\",\"@id\":\"https:\\\/\\\/cvinoticias.com\\\/v3\\\/a-partir-de-hoy-miercoles-28-de-julio-se-inicia-la-preinscripcion-de-turnos-para-vacunar-al-grupo-etario-de-12-a-17-anos-por-alegramed\\\/\",\"url\":\"https:\\\/\\\/cvinoticias.com\\\/v3\\\/a-partir-de-hoy-miercoles-28-de-julio-se-inicia-la-preinscripcion-de-turnos-para-vacunar-al-grupo-etario-de-12-a-17-anos-por-alegramed\\\/\",\"name\":\"A partir de hoy mi\u00e9rcoles 28 de julio se inicia la preinscripci\u00f3n de turnos para vacunar al grupo etario de 12 a 17 a\u00f1os por ALEGRAMED | CVI NOTICIAS\",\"isPartOf\":{\"@id\":\"https:\\\/\\\/cvinoticias.com\\\/v3\\\/#website\"},\"primaryImageOfPage\":{\"@id\":\"https:\\\/\\\/cvinoticias.com\\\/v3\\\/a-partir-de-hoy-miercoles-28-de-julio-se-inicia-la-preinscripcion-de-turnos-para-vacunar-al-grupo-etario-de-12-a-17-anos-por-alegramed\\\/#primaryimage\"},\"image\":{\"@id\":\"https:\\\/\\\/cvinoticias.com\\\/v3\\\/a-partir-de-hoy-miercoles-28-de-julio-se-inicia-la-preinscripcion-de-turnos-para-vacunar-al-grupo-etario-de-12-a-17-anos-por-alegramed\\\/#primaryimage\"},\"thumbnailUrl\":\"https:\\\/\\\/cvinoticias.com\\\/wp-content\\\/uploads\\\/2021\\\/07\\\/0971576d9c748797260fa5f2902730e461039825-1000x665-1.jpg\",\"datePublished\":\"2021-07-28T11:08:33+00:00\",\"breadcrumb\":{\"@id\":\"https:\\\/\\\/cvinoticias.com\\\/v3\\\/a-partir-de-hoy-miercoles-28-de-julio-se-inicia-la-preinscripcion-de-turnos-para-vacunar-al-grupo-etario-de-12-a-17-anos-por-alegramed\\\/#breadcrumb\"},\"inLanguage\":\"es\",\"potentialAction\":[{\"@type\":\"ReadAction\",\"target\":[\"https:\\\/\\\/cvinoticias.com\\\/v3\\\/a-partir-de-hoy-miercoles-28-de-julio-se-inicia-la-preinscripcion-de-turnos-para-vacunar-al-grupo-etario-de-12-a-17-anos-por-alegramed\\\/\"]}]},{\"@type\":\"ImageObject\",\"inLanguage\":\"es\",\"@id\":\"https:\\\/\\\/cvinoticias.com\\\/v3\\\/a-partir-de-hoy-miercoles-28-de-julio-se-inicia-la-preinscripcion-de-turnos-para-vacunar-al-grupo-etario-de-12-a-17-anos-por-alegramed\\\/#primaryimage\",\"url\":\"https:\\\/\\\/cvinoticias.com\\\/wp-content\\\/uploads\\\/2021\\\/07\\\/0971576d9c748797260fa5f2902730e461039825-1000x665-1.jpg\",\"contentUrl\":\"https:\\\/\\\/cvinoticias.com\\\/wp-content\\\/uploads\\\/2021\\\/07\\\/0971576d9c748797260fa5f2902730e461039825-1000x665-1.jpg\",\"width\":1000,\"height\":665},{\"@type\":\"BreadcrumbList\",\"@id\":\"https:\\\/\\\/cvinoticias.com\\\/v3\\\/a-partir-de-hoy-miercoles-28-de-julio-se-inicia-la-preinscripcion-de-turnos-para-vacunar-al-grupo-etario-de-12-a-17-anos-por-alegramed\\\/#breadcrumb\",\"itemListElement\":[{\"@type\":\"ListItem\",\"position\":1,\"name\":\"Portada\",\"item\":\"https:\\\/\\\/cvinoticias.com\\\/v3\\\/\"},{\"@type\":\"ListItem\",\"position\":2,\"name\":\"A partir de hoy mi\u00e9rcoles 28 de julio se inicia la preinscripci\u00f3n de turnos para vacunar al grupo etario de 12 a 17 a\u00f1os por ALEGRAMED\"}]},{\"@type\":\"WebSite\",\"@id\":\"https:\\\/\\\/cvinoticias.com\\\/v3\\\/#website\",\"url\":\"https:\\\/\\\/cvinoticias.com\\\/v3\\\/\",\"name\":\"CVI NOTICIAS\",\"description\":\"\",\"publisher\":{\"@id\":\"https:\\\/\\\/cvinoticias.com\\\/v3\\\/#organization\"},\"alternateName\":\"CVI\",\"potentialAction\":[{\"@type\":\"SearchAction\",\"target\":{\"@type\":\"EntryPoint\",\"urlTemplate\":\"https:\\\/\\\/cvinoticias.com\\\/v3\\\/?s={search_term_string}\"},\"query-input\":{\"@type\":\"PropertyValueSpecification\",\"valueRequired\":true,\"valueName\":\"search_term_string\"}}],\"inLanguage\":\"es\"},{\"@type\":\"Organization\",\"@id\":\"https:\\\/\\\/cvinoticias.com\\\/v3\\\/#organization\",\"name\":\"CVI NOTICIAS\",\"url\":\"https:\\\/\\\/cvinoticias.com\\\/v3\\\/\",\"logo\":{\"@type\":\"ImageObject\",\"inLanguage\":\"es\",\"@id\":\"https:\\\/\\\/cvinoticias.com\\\/v3\\\/#\\\/schema\\\/logo\\\/image\\\/\",\"url\":\"https:\\\/\\\/cvinoticias.com\\\/wp-content\\\/uploads\\\/2023\\\/04\\\/cropped-cropped-cropped-cropped-cropped-3-1.png\",\"contentUrl\":\"https:\\\/\\\/cvinoticias.com\\\/wp-content\\\/uploads\\\/2023\\\/04\\\/cropped-cropped-cropped-cropped-cropped-3-1.png\",\"width\":95,\"height\":122,\"caption\":\"CVI NOTICIAS\"},\"image\":{\"@id\":\"https:\\\/\\\/cvinoticias.com\\\/v3\\\/#\\\/schema\\\/logo\\\/image\\\/\"},\"sameAs\":[\"https:\\\/\\\/www.facebook.com\\\/cvinoticias\",\"https:\\\/\\\/www.instagram.com\\\/cvinoticias\\\/\",\"https:\\\/\\\/www.youtube.com\\\/@CVINOTICIAS\"]},{\"@type\":\"Person\",\"@id\":\"https:\\\/\\\/cvinoticias.com\\\/v3\\\/#\\\/schema\\\/person\\\/2db77e3c6bc03c538495d7b2b8be9b66\",\"name\":\"f1000024\",\"image\":{\"@type\":\"ImageObject\",\"inLanguage\":\"es\",\"@id\":\"https:\\\/\\\/secure.gravatar.com\\\/avatar\\\/d4fe7459cfc51ff5129ce1a732bbef5928568b8092d412ef95611616376bbeed?s=96&d=mm&r=g\",\"url\":\"https:\\\/\\\/secure.gravatar.com\\\/avatar\\\/d4fe7459cfc51ff5129ce1a732bbef5928568b8092d412ef95611616376bbeed?s=96&d=mm&r=g\",\"contentUrl\":\"https:\\\/\\\/secure.gravatar.com\\\/avatar\\\/d4fe7459cfc51ff5129ce1a732bbef5928568b8092d412ef95611616376bbeed?s=96&d=mm&r=g\",\"caption\":\"f1000024\"},\"url\":\"https:\\\/\\\/cvinoticias.com\\\/v3\\\/author\\\/f1000024\\\/\"}]}<\/script>\n<!-- \/ Yoast SEO plugin. -->","yoast_head_json":{"title":"A partir de hoy mi\u00e9rcoles 28 de julio se inicia la preinscripci\u00f3n de turnos para vacunar al grupo etario de 12 a 17 a\u00f1os por ALEGRAMED | CVI NOTICIAS","robots":{"index":"index","follow":"follow","max-snippet":"max-snippet:-1","max-image-preview":"max-image-preview:large","max-video-preview":"max-video-preview:-1"},"canonical":"https:\/\/cvinoticias.com\/v3\/a-partir-de-hoy-miercoles-28-de-julio-se-inicia-la-preinscripcion-de-turnos-para-vacunar-al-grupo-etario-de-12-a-17-anos-por-alegramed\/","og_locale":"es_ES","og_type":"article","og_title":"A partir de hoy mi\u00e9rcoles 28 de julio se inicia la preinscripci\u00f3n de turnos para vacunar al grupo etario de 12 a 17 a\u00f1os por ALEGRAMED | CVI NOTICIAS","og_description":"El Ministerio de Salud P\u00fablica de Misiones informa que desde ma\u00f1ana 28 de julio se iniciar\u00e1 la preinscripci\u00f3n de turnos para el grupo etario de 12 a 17 a\u00f1os, seg\u00fan condiciones de priorizaci\u00f3n, para la vacuna contra el COVID 19. En el caso de aquellos menores, en los que sus padres o tutores realicen la [&hellip;]","og_url":"https:\/\/cvinoticias.com\/v3\/a-partir-de-hoy-miercoles-28-de-julio-se-inicia-la-preinscripcion-de-turnos-para-vacunar-al-grupo-etario-de-12-a-17-anos-por-alegramed\/","og_site_name":"CVI NOTICIAS","article_publisher":"https:\/\/www.facebook.com\/cvinoticias","article_published_time":"2021-07-28T11:08:33+00:00","og_image":[{"width":1000,"height":665,"url":"https:\/\/cvinoticias.com\/wp-content\/uploads\/2021\/07\/0971576d9c748797260fa5f2902730e461039825-1000x665-1.jpg","type":"image\/jpeg"}],"author":"f1000024","twitter_card":"summary_large_image","twitter_misc":{"Escrito por":"f1000024","Tiempo de lectura":"2 minutos"},"schema":{"@context":"https:\/\/schema.org","@graph":[{"@type":"Article","@id":"https:\/\/cvinoticias.com\/v3\/a-partir-de-hoy-miercoles-28-de-julio-se-inicia-la-preinscripcion-de-turnos-para-vacunar-al-grupo-etario-de-12-a-17-anos-por-alegramed\/#article","isPartOf":{"@id":"https:\/\/cvinoticias.com\/v3\/a-partir-de-hoy-miercoles-28-de-julio-se-inicia-la-preinscripcion-de-turnos-para-vacunar-al-grupo-etario-de-12-a-17-anos-por-alegramed\/"},"author":{"name":"f1000024","@id":"https:\/\/cvinoticias.com\/v3\/#\/schema\/person\/2db77e3c6bc03c538495d7b2b8be9b66"},"headline":"A partir de hoy mi\u00e9rcoles 28 de julio se inicia la preinscripci\u00f3n de turnos para vacunar al grupo etario de 12 a 17 a\u00f1os por ALEGRAMED","datePublished":"2021-07-28T11:08:33+00:00","mainEntityOfPage":{"@id":"https:\/\/cvinoticias.com\/v3\/a-partir-de-hoy-miercoles-28-de-julio-se-inicia-la-preinscripcion-de-turnos-para-vacunar-al-grupo-etario-de-12-a-17-anos-por-alegramed\/"},"wordCount":439,"commentCount":0,"publisher":{"@id":"https:\/\/cvinoticias.com\/v3\/#organization"},"image":{"@id":"https:\/\/cvinoticias.com\/v3\/a-partir-de-hoy-miercoles-28-de-julio-se-inicia-la-preinscripcion-de-turnos-para-vacunar-al-grupo-etario-de-12-a-17-anos-por-alegramed\/#primaryimage"},"thumbnailUrl":"https:\/\/cvinoticias.com\/wp-content\/uploads\/2021\/07\/0971576d9c748797260fa5f2902730e461039825-1000x665-1.jpg","articleSection":["Salud"],"inLanguage":"es","potentialAction":[{"@type":"CommentAction","name":"Comment","target":["https:\/\/cvinoticias.com\/v3\/a-partir-de-hoy-miercoles-28-de-julio-se-inicia-la-preinscripcion-de-turnos-para-vacunar-al-grupo-etario-de-12-a-17-anos-por-alegramed\/#respond"]}]},{"@type":"WebPage","@id":"https:\/\/cvinoticias.com\/v3\/a-partir-de-hoy-miercoles-28-de-julio-se-inicia-la-preinscripcion-de-turnos-para-vacunar-al-grupo-etario-de-12-a-17-anos-por-alegramed\/","url":"https:\/\/cvinoticias.com\/v3\/a-partir-de-hoy-miercoles-28-de-julio-se-inicia-la-preinscripcion-de-turnos-para-vacunar-al-grupo-etario-de-12-a-17-anos-por-alegramed\/","name":"A partir de hoy mi\u00e9rcoles 28 de julio se inicia la preinscripci\u00f3n de turnos para vacunar al grupo etario de 12 a 17 a\u00f1os por ALEGRAMED | CVI NOTICIAS","isPartOf":{"@id":"https:\/\/cvinoticias.com\/v3\/#website"},"primaryImageOfPage":{"@id":"https:\/\/cvinoticias.com\/v3\/a-partir-de-hoy-miercoles-28-de-julio-se-inicia-la-preinscripcion-de-turnos-para-vacunar-al-grupo-etario-de-12-a-17-anos-por-alegramed\/#primaryimage"},"image":{"@id":"https:\/\/cvinoticias.com\/v3\/a-partir-de-hoy-miercoles-28-de-julio-se-inicia-la-preinscripcion-de-turnos-para-vacunar-al-grupo-etario-de-12-a-17-anos-por-alegramed\/#primaryimage"},"thumbnailUrl":"https:\/\/cvinoticias.com\/wp-content\/uploads\/2021\/07\/0971576d9c748797260fa5f2902730e461039825-1000x665-1.jpg","datePublished":"2021-07-28T11:08:33+00:00","breadcrumb":{"@id":"https:\/\/cvinoticias.com\/v3\/a-partir-de-hoy-miercoles-28-de-julio-se-inicia-la-preinscripcion-de-turnos-para-vacunar-al-grupo-etario-de-12-a-17-anos-por-alegramed\/#breadcrumb"},"inLanguage":"es","potentialAction":[{"@type":"ReadAction","target":["https:\/\/cvinoticias.com\/v3\/a-partir-de-hoy-miercoles-28-de-julio-se-inicia-la-preinscripcion-de-turnos-para-vacunar-al-grupo-etario-de-12-a-17-anos-por-alegramed\/"]}]},{"@type":"ImageObject","inLanguage":"es","@id":"https:\/\/cvinoticias.com\/v3\/a-partir-de-hoy-miercoles-28-de-julio-se-inicia-la-preinscripcion-de-turnos-para-vacunar-al-grupo-etario-de-12-a-17-anos-por-alegramed\/#primaryimage","url":"https:\/\/cvinoticias.com\/wp-content\/uploads\/2021\/07\/0971576d9c748797260fa5f2902730e461039825-1000x665-1.jpg","contentUrl":"https:\/\/cvinoticias.com\/wp-content\/uploads\/2021\/07\/0971576d9c748797260fa5f2902730e461039825-1000x665-1.jpg","width":1000,"height":665},{"@type":"BreadcrumbList","@id":"https:\/\/cvinoticias.com\/v3\/a-partir-de-hoy-miercoles-28-de-julio-se-inicia-la-preinscripcion-de-turnos-para-vacunar-al-grupo-etario-de-12-a-17-anos-por-alegramed\/#breadcrumb","itemListElement":[{"@type":"ListItem","position":1,"name":"Portada","item":"https:\/\/cvinoticias.com\/v3\/"},{"@type":"ListItem","position":2,"name":"A partir de hoy mi\u00e9rcoles 28 de julio se inicia la preinscripci\u00f3n de turnos para vacunar al grupo etario de 12 a 17 a\u00f1os por ALEGRAMED"}]},{"@type":"WebSite","@id":"https:\/\/cvinoticias.com\/v3\/#website","url":"https:\/\/cvinoticias.com\/v3\/","name":"CVI NOTICIAS","description":"","publisher":{"@id":"https:\/\/cvinoticias.com\/v3\/#organization"},"alternateName":"CVI","potentialAction":[{"@type":"SearchAction","target":{"@type":"EntryPoint","urlTemplate":"https:\/\/cvinoticias.com\/v3\/?s={search_term_string}"},"query-input":{"@type":"PropertyValueSpecification","valueRequired":true,"valueName":"search_term_string"}}],"inLanguage":"es"},{"@type":"Organization","@id":"https:\/\/cvinoticias.com\/v3\/#organization","name":"CVI NOTICIAS","url":"https:\/\/cvinoticias.com\/v3\/","logo":{"@type":"ImageObject","inLanguage":"es","@id":"https:\/\/cvinoticias.com\/v3\/#\/schema\/logo\/image\/","url":"https:\/\/cvinoticias.com\/wp-content\/uploads\/2023\/04\/cropped-cropped-cropped-cropped-cropped-3-1.png","contentUrl":"https:\/\/cvinoticias.com\/wp-content\/uploads\/2023\/04\/cropped-cropped-cropped-cropped-cropped-3-1.png","width":95,"height":122,"caption":"CVI NOTICIAS"},"image":{"@id":"https:\/\/cvinoticias.com\/v3\/#\/schema\/logo\/image\/"},"sameAs":["https:\/\/www.facebook.com\/cvinoticias","https:\/\/www.instagram.com\/cvinoticias\/","https:\/\/www.youtube.com\/@CVINOTICIAS"]},{"@type":"Person","@id":"https:\/\/cvinoticias.com\/v3\/#\/schema\/person\/2db77e3c6bc03c538495d7b2b8be9b66","name":"f1000024","image":{"@type":"ImageObject","inLanguage":"es","@id":"https:\/\/secure.gravatar.com\/avatar\/d4fe7459cfc51ff5129ce1a732bbef5928568b8092d412ef95611616376bbeed?s=96&d=mm&r=g","url":"https:\/\/secure.gravatar.com\/avatar\/d4fe7459cfc51ff5129ce1a732bbef5928568b8092d412ef95611616376bbeed?s=96&d=mm&r=g","contentUrl":"https:\/\/secure.gravatar.com\/avatar\/d4fe7459cfc51ff5129ce1a732bbef5928568b8092d412ef95611616376bbeed?s=96&d=mm&r=g","caption":"f1000024"},"url":"https:\/\/cvinoticias.com\/v3\/author\/f1000024\/"}]}},"_links":{"self":[{"href":"https:\/\/cvinoticias.com\/v3\/wp-json\/wp\/v2\/posts\/7172","targetHints":{"allow":["GET"]}}],"collection":[{"href":"https:\/\/cvinoticias.com\/v3\/wp-json\/wp\/v2\/posts"}],"about":[{"href":"https:\/\/cvinoticias.com\/v3\/wp-json\/wp\/v2\/types\/post"}],"author":[{"embeddable":true,"href":"https:\/\/cvinoticias.com\/v3\/wp-json\/wp\/v2\/users\/2"}],"replies":[{"embeddable":true,"href":"https:\/\/cvinoticias.com\/v3\/wp-json\/wp\/v2\/comments?post=7172"}],"version-history":[{"count":1,"href":"https:\/\/cvinoticias.com\/v3\/wp-json\/wp\/v2\/posts\/7172\/revisions"}],"predecessor-version":[{"id":7174,"href":"https:\/\/cvinoticias.com\/v3\/wp-json\/wp\/v2\/posts\/7172\/revisions\/7174"}],"wp:featuredmedia":[{"embeddable":true,"href":"https:\/\/cvinoticias.com\/v3\/wp-json\/wp\/v2\/media\/7173"}],"wp:attachment":[{"href":"https:\/\/cvinoticias.com\/v3\/wp-json\/wp\/v2\/media?parent=7172"}],"wp:term":[{"taxonomy":"category","embeddable":true,"href":"https:\/\/cvinoticias.com\/v3\/wp-json\/wp\/v2\/categories?post=7172"},{"taxonomy":"post_tag","embeddable":true,"href":"https:\/\/cvinoticias.com\/v3\/wp-json\/wp\/v2\/tags?post=7172"}],"curies":[{"name":"wp","href":"https:\/\/api.w.org\/{rel}","templated":true}]}}