{"id":7160,"date":"2021-07-28T10:25:11","date_gmt":"2021-07-28T10:25:11","guid":{"rendered":"https:\/\/cvinoticias.com\/v3\/?p=7160"},"modified":"2021-07-28T10:25:11","modified_gmt":"2021-07-28T10:25:11","slug":"abriran-una-segunda-inscripcion-para-las-becas-progresar","status":"publish","type":"post","link":"https:\/\/cvinoticias.com\/v3\/abriran-una-segunda-inscripcion-para-las-becas-progresar\/","title":{"rendered":"Abrir\u00e1n una segunda inscripci\u00f3n para las Becas Progresar"},"content":{"rendered":"\n<p><strong><em>Tras la oficializaci\u00f3n por parte del Ministerio de Educaci\u00f3n,\u00a0se abrir\u00e1 la nueva convocatoria para acceder a las Becas Progresar 2021, la cual est\u00e1 destinada al estudiante de colegio secundario, universidad y de la educaci\u00f3n superior en enfermer\u00eda,\u00a0para que profundicen su formaci\u00f3n profesional.<\/em><\/strong><\/p>\n\n\n\n<p>En este sentido,\u00a0el ministro de Educaci\u00f3n, Nicol\u00e1s Trotta, afirm\u00f3 que la recepci\u00f3n de solicitudes se iniciar\u00e1 el 1 de agosto con un per\u00edodo m\u00e1ximo hasta el martes 31 del pr\u00f3ximo mes.\u00a0Y revel\u00f3 que de manera excepcional, se incorporar\u00e1 a los estudiantes inscriptos a las Becas Manuel Belgrano.<\/p>\n\n\n\n<p>La normativa, que adem\u00e1s implica que se complete un formulario para la inscripci\u00f3n, detall\u00f3: \u00abAtento al inicio del segundo semestre o cuatrimestre, seg\u00fan corresponda, resulta oportuno y necesario disponer la reapertura de las inscripciones para las l\u00edneas de becas, posibilitando que las y los estudiantes que inician sus estudios en esta etapa soliciten la asignaci\u00f3n e igualmente quienes no hubieran podido hacerlo en su oportunidad\u00bb.<\/p>\n\n\n\n<p><strong>REQUISITOS<\/strong><\/p>\n\n\n\n<ul class=\"wp-block-list\"><li>Deber\u00e1s tener entre 18 y 24 a\u00f1os. En caso de tener hasta 30 a\u00f1os, se podr\u00e1 extender dependiendo del grado de avance acad\u00e9mico<\/li><li>Deber\u00e1s tener hasta 30 a\u00f1os, en caso de que seas madre soltera.<\/li><li>Si formas parte del colectivo travesti trans, no tendr\u00e1s l\u00edmite etario.<\/li><li>No deber\u00e1 haber m\u00e1s de tres salarios m\u00ednimos en la suma de los ingresos de su grupo familiar<\/li><\/ul>\n","protected":false},"excerpt":{"rendered":"<p>Tras la oficializaci\u00f3n por parte del Ministerio de Educaci\u00f3n,\u00a0se abrir\u00e1 la nueva convocatoria para acceder a las Becas Progresar 2021, la cual est\u00e1 destinada al estudiante de colegio secundario, universidad y de la educaci\u00f3n superior en enfermer\u00eda,\u00a0para que profundicen su formaci\u00f3n profesional. En este sentido,\u00a0el ministro de Educaci\u00f3n, Nicol\u00e1s Trotta, afirm\u00f3 que la recepci\u00f3n de [&hellip;]<\/p>\n","protected":false},"author":2,"featured_media":7161,"comment_status":"open","ping_status":"open","sticky":false,"template":"","format":"standard","meta":{"footnotes":""},"categories":[26],"tags":[],"class_list":["post-7160","post","type-post","status-publish","format-standard","has-post-thumbnail","hentry","category-educacion"],"yoast_head":"<!-- This site is optimized with the Yoast SEO plugin v27.4 - https:\/\/yoast.com\/product\/yoast-seo-wordpress\/ -->\n<title>Abrir\u00e1n una segunda inscripci\u00f3n para las Becas Progresar | CVI NOTICIAS<\/title>\n<meta name=\"robots\" content=\"index, follow, max-snippet:-1, max-image-preview:large, max-video-preview:-1\" \/>\n<link rel=\"canonical\" href=\"https:\/\/cvinoticias.com\/v3\/abriran-una-segunda-inscripcion-para-las-becas-progresar\/\" \/>\n<meta property=\"og:locale\" content=\"es_ES\" \/>\n<meta property=\"og:type\" content=\"article\" \/>\n<meta property=\"og:title\" content=\"Abrir\u00e1n una segunda inscripci\u00f3n para las Becas Progresar | CVI NOTICIAS\" \/>\n<meta property=\"og:description\" content=\"Tras la oficializaci\u00f3n por parte del Ministerio de Educaci\u00f3n,\u00a0se abrir\u00e1 la nueva convocatoria para acceder a las Becas Progresar 2021, la cual est\u00e1 destinada al estudiante de colegio secundario, universidad y de la educaci\u00f3n superior en enfermer\u00eda,\u00a0para que profundicen su formaci\u00f3n profesional. En este sentido,\u00a0el ministro de Educaci\u00f3n, Nicol\u00e1s Trotta, afirm\u00f3 que la recepci\u00f3n de [&hellip;]\" \/>\n<meta property=\"og:url\" content=\"https:\/\/cvinoticias.com\/v3\/abriran-una-segunda-inscripcion-para-las-becas-progresar\/\" \/>\n<meta property=\"og:site_name\" content=\"CVI NOTICIAS\" \/>\n<meta property=\"article:publisher\" content=\"https:\/\/www.facebook.com\/cvinoticias\" \/>\n<meta property=\"article:published_time\" content=\"2021-07-28T10:25:11+00:00\" \/>\n<meta property=\"og:image\" content=\"https:\/\/cvinoticias.com\/wp-content\/uploads\/2021\/07\/progresar-inscripcion-ansesjpg.jpg\" \/>\n\t<meta property=\"og:image:width\" content=\"1200\" \/>\n\t<meta property=\"og:image:height\" content=\"675\" \/>\n\t<meta property=\"og:image:type\" content=\"image\/jpeg\" \/>\n<meta name=\"author\" content=\"f1000024\" \/>\n<meta name=\"twitter:card\" content=\"summary_large_image\" \/>\n<meta name=\"twitter:label1\" content=\"Escrito por\" \/>\n\t<meta name=\"twitter:data1\" content=\"f1000024\" \/>\n\t<meta name=\"twitter:label2\" content=\"Tiempo de lectura\" \/>\n\t<meta name=\"twitter:data2\" content=\"1 minuto\" \/>\n<script type=\"application\/ld+json\" class=\"yoast-schema-graph\">{\"@context\":\"https:\\\/\\\/schema.org\",\"@graph\":[{\"@type\":\"Article\",\"@id\":\"https:\\\/\\\/cvinoticias.com\\\/v3\\\/abriran-una-segunda-inscripcion-para-las-becas-progresar\\\/#article\",\"isPartOf\":{\"@id\":\"https:\\\/\\\/cvinoticias.com\\\/v3\\\/abriran-una-segunda-inscripcion-para-las-becas-progresar\\\/\"},\"author\":{\"name\":\"f1000024\",\"@id\":\"https:\\\/\\\/cvinoticias.com\\\/v3\\\/#\\\/schema\\\/person\\\/2db77e3c6bc03c538495d7b2b8be9b66\"},\"headline\":\"Abrir\u00e1n una segunda inscripci\u00f3n para las Becas Progresar\",\"datePublished\":\"2021-07-28T10:25:11+00:00\",\"mainEntityOfPage\":{\"@id\":\"https:\\\/\\\/cvinoticias.com\\\/v3\\\/abriran-una-segunda-inscripcion-para-las-becas-progresar\\\/\"},\"wordCount\":252,\"commentCount\":1,\"publisher\":{\"@id\":\"https:\\\/\\\/cvinoticias.com\\\/v3\\\/#organization\"},\"image\":{\"@id\":\"https:\\\/\\\/cvinoticias.com\\\/v3\\\/abriran-una-segunda-inscripcion-para-las-becas-progresar\\\/#primaryimage\"},\"thumbnailUrl\":\"https:\\\/\\\/cvinoticias.com\\\/wp-content\\\/uploads\\\/2021\\\/07\\\/progresar-inscripcion-ansesjpg.jpg\",\"articleSection\":[\"Educacion\"],\"inLanguage\":\"es\",\"potentialAction\":[{\"@type\":\"CommentAction\",\"name\":\"Comment\",\"target\":[\"https:\\\/\\\/cvinoticias.com\\\/v3\\\/abriran-una-segunda-inscripcion-para-las-becas-progresar\\\/#respond\"]}]},{\"@type\":\"WebPage\",\"@id\":\"https:\\\/\\\/cvinoticias.com\\\/v3\\\/abriran-una-segunda-inscripcion-para-las-becas-progresar\\\/\",\"url\":\"https:\\\/\\\/cvinoticias.com\\\/v3\\\/abriran-una-segunda-inscripcion-para-las-becas-progresar\\\/\",\"name\":\"Abrir\u00e1n una segunda inscripci\u00f3n para las Becas Progresar | CVI NOTICIAS\",\"isPartOf\":{\"@id\":\"https:\\\/\\\/cvinoticias.com\\\/v3\\\/#website\"},\"primaryImageOfPage\":{\"@id\":\"https:\\\/\\\/cvinoticias.com\\\/v3\\\/abriran-una-segunda-inscripcion-para-las-becas-progresar\\\/#primaryimage\"},\"image\":{\"@id\":\"https:\\\/\\\/cvinoticias.com\\\/v3\\\/abriran-una-segunda-inscripcion-para-las-becas-progresar\\\/#primaryimage\"},\"thumbnailUrl\":\"https:\\\/\\\/cvinoticias.com\\\/wp-content\\\/uploads\\\/2021\\\/07\\\/progresar-inscripcion-ansesjpg.jpg\",\"datePublished\":\"2021-07-28T10:25:11+00:00\",\"breadcrumb\":{\"@id\":\"https:\\\/\\\/cvinoticias.com\\\/v3\\\/abriran-una-segunda-inscripcion-para-las-becas-progresar\\\/#breadcrumb\"},\"inLanguage\":\"es\",\"potentialAction\":[{\"@type\":\"ReadAction\",\"target\":[\"https:\\\/\\\/cvinoticias.com\\\/v3\\\/abriran-una-segunda-inscripcion-para-las-becas-progresar\\\/\"]}]},{\"@type\":\"ImageObject\",\"inLanguage\":\"es\",\"@id\":\"https:\\\/\\\/cvinoticias.com\\\/v3\\\/abriran-una-segunda-inscripcion-para-las-becas-progresar\\\/#primaryimage\",\"url\":\"https:\\\/\\\/cvinoticias.com\\\/wp-content\\\/uploads\\\/2021\\\/07\\\/progresar-inscripcion-ansesjpg.jpg\",\"contentUrl\":\"https:\\\/\\\/cvinoticias.com\\\/wp-content\\\/uploads\\\/2021\\\/07\\\/progresar-inscripcion-ansesjpg.jpg\",\"width\":1200,\"height\":675},{\"@type\":\"BreadcrumbList\",\"@id\":\"https:\\\/\\\/cvinoticias.com\\\/v3\\\/abriran-una-segunda-inscripcion-para-las-becas-progresar\\\/#breadcrumb\",\"itemListElement\":[{\"@type\":\"ListItem\",\"position\":1,\"name\":\"Portada\",\"item\":\"https:\\\/\\\/cvinoticias.com\\\/v3\\\/\"},{\"@type\":\"ListItem\",\"position\":2,\"name\":\"Abrir\u00e1n una segunda inscripci\u00f3n para las Becas Progresar\"}]},{\"@type\":\"WebSite\",\"@id\":\"https:\\\/\\\/cvinoticias.com\\\/v3\\\/#website\",\"url\":\"https:\\\/\\\/cvinoticias.com\\\/v3\\\/\",\"name\":\"CVI NOTICIAS\",\"description\":\"\",\"publisher\":{\"@id\":\"https:\\\/\\\/cvinoticias.com\\\/v3\\\/#organization\"},\"alternateName\":\"CVI\",\"potentialAction\":[{\"@type\":\"SearchAction\",\"target\":{\"@type\":\"EntryPoint\",\"urlTemplate\":\"https:\\\/\\\/cvinoticias.com\\\/v3\\\/?s={search_term_string}\"},\"query-input\":{\"@type\":\"PropertyValueSpecification\",\"valueRequired\":true,\"valueName\":\"search_term_string\"}}],\"inLanguage\":\"es\"},{\"@type\":\"Organization\",\"@id\":\"https:\\\/\\\/cvinoticias.com\\\/v3\\\/#organization\",\"name\":\"CVI NOTICIAS\",\"url\":\"https:\\\/\\\/cvinoticias.com\\\/v3\\\/\",\"logo\":{\"@type\":\"ImageObject\",\"inLanguage\":\"es\",\"@id\":\"https:\\\/\\\/cvinoticias.com\\\/v3\\\/#\\\/schema\\\/logo\\\/image\\\/\",\"url\":\"https:\\\/\\\/cvinoticias.com\\\/wp-content\\\/uploads\\\/2023\\\/04\\\/cropped-cropped-cropped-cropped-cropped-3-1.png\",\"contentUrl\":\"https:\\\/\\\/cvinoticias.com\\\/wp-content\\\/uploads\\\/2023\\\/04\\\/cropped-cropped-cropped-cropped-cropped-3-1.png\",\"width\":95,\"height\":122,\"caption\":\"CVI NOTICIAS\"},\"image\":{\"@id\":\"https:\\\/\\\/cvinoticias.com\\\/v3\\\/#\\\/schema\\\/logo\\\/image\\\/\"},\"sameAs\":[\"https:\\\/\\\/www.facebook.com\\\/cvinoticias\",\"https:\\\/\\\/www.instagram.com\\\/cvinoticias\\\/\",\"https:\\\/\\\/www.youtube.com\\\/@CVINOTICIAS\"]},{\"@type\":\"Person\",\"@id\":\"https:\\\/\\\/cvinoticias.com\\\/v3\\\/#\\\/schema\\\/person\\\/2db77e3c6bc03c538495d7b2b8be9b66\",\"name\":\"f1000024\",\"image\":{\"@type\":\"ImageObject\",\"inLanguage\":\"es\",\"@id\":\"https:\\\/\\\/secure.gravatar.com\\\/avatar\\\/d4fe7459cfc51ff5129ce1a732bbef5928568b8092d412ef95611616376bbeed?s=96&d=mm&r=g\",\"url\":\"https:\\\/\\\/secure.gravatar.com\\\/avatar\\\/d4fe7459cfc51ff5129ce1a732bbef5928568b8092d412ef95611616376bbeed?s=96&d=mm&r=g\",\"contentUrl\":\"https:\\\/\\\/secure.gravatar.com\\\/avatar\\\/d4fe7459cfc51ff5129ce1a732bbef5928568b8092d412ef95611616376bbeed?s=96&d=mm&r=g\",\"caption\":\"f1000024\"},\"url\":\"https:\\\/\\\/cvinoticias.com\\\/v3\\\/author\\\/f1000024\\\/\"}]}<\/script>\n<!-- \/ Yoast SEO plugin. -->","yoast_head_json":{"title":"Abrir\u00e1n una segunda inscripci\u00f3n para las Becas Progresar | CVI NOTICIAS","robots":{"index":"index","follow":"follow","max-snippet":"max-snippet:-1","max-image-preview":"max-image-preview:large","max-video-preview":"max-video-preview:-1"},"canonical":"https:\/\/cvinoticias.com\/v3\/abriran-una-segunda-inscripcion-para-las-becas-progresar\/","og_locale":"es_ES","og_type":"article","og_title":"Abrir\u00e1n una segunda inscripci\u00f3n para las Becas Progresar | CVI NOTICIAS","og_description":"Tras la oficializaci\u00f3n por parte del Ministerio de Educaci\u00f3n,\u00a0se abrir\u00e1 la nueva convocatoria para acceder a las Becas Progresar 2021, la cual est\u00e1 destinada al estudiante de colegio secundario, universidad y de la educaci\u00f3n superior en enfermer\u00eda,\u00a0para que profundicen su formaci\u00f3n profesional. En este sentido,\u00a0el ministro de Educaci\u00f3n, Nicol\u00e1s Trotta, afirm\u00f3 que la recepci\u00f3n de [&hellip;]","og_url":"https:\/\/cvinoticias.com\/v3\/abriran-una-segunda-inscripcion-para-las-becas-progresar\/","og_site_name":"CVI NOTICIAS","article_publisher":"https:\/\/www.facebook.com\/cvinoticias","article_published_time":"2021-07-28T10:25:11+00:00","og_image":[{"width":1200,"height":675,"url":"https:\/\/cvinoticias.com\/wp-content\/uploads\/2021\/07\/progresar-inscripcion-ansesjpg.jpg","type":"image\/jpeg"}],"author":"f1000024","twitter_card":"summary_large_image","twitter_misc":{"Escrito por":"f1000024","Tiempo de lectura":"1 minuto"},"schema":{"@context":"https:\/\/schema.org","@graph":[{"@type":"Article","@id":"https:\/\/cvinoticias.com\/v3\/abriran-una-segunda-inscripcion-para-las-becas-progresar\/#article","isPartOf":{"@id":"https:\/\/cvinoticias.com\/v3\/abriran-una-segunda-inscripcion-para-las-becas-progresar\/"},"author":{"name":"f1000024","@id":"https:\/\/cvinoticias.com\/v3\/#\/schema\/person\/2db77e3c6bc03c538495d7b2b8be9b66"},"headline":"Abrir\u00e1n una segunda inscripci\u00f3n para las Becas Progresar","datePublished":"2021-07-28T10:25:11+00:00","mainEntityOfPage":{"@id":"https:\/\/cvinoticias.com\/v3\/abriran-una-segunda-inscripcion-para-las-becas-progresar\/"},"wordCount":252,"commentCount":1,"publisher":{"@id":"https:\/\/cvinoticias.com\/v3\/#organization"},"image":{"@id":"https:\/\/cvinoticias.com\/v3\/abriran-una-segunda-inscripcion-para-las-becas-progresar\/#primaryimage"},"thumbnailUrl":"https:\/\/cvinoticias.com\/wp-content\/uploads\/2021\/07\/progresar-inscripcion-ansesjpg.jpg","articleSection":["Educacion"],"inLanguage":"es","potentialAction":[{"@type":"CommentAction","name":"Comment","target":["https:\/\/cvinoticias.com\/v3\/abriran-una-segunda-inscripcion-para-las-becas-progresar\/#respond"]}]},{"@type":"WebPage","@id":"https:\/\/cvinoticias.com\/v3\/abriran-una-segunda-inscripcion-para-las-becas-progresar\/","url":"https:\/\/cvinoticias.com\/v3\/abriran-una-segunda-inscripcion-para-las-becas-progresar\/","name":"Abrir\u00e1n una segunda inscripci\u00f3n para las Becas Progresar | CVI NOTICIAS","isPartOf":{"@id":"https:\/\/cvinoticias.com\/v3\/#website"},"primaryImageOfPage":{"@id":"https:\/\/cvinoticias.com\/v3\/abriran-una-segunda-inscripcion-para-las-becas-progresar\/#primaryimage"},"image":{"@id":"https:\/\/cvinoticias.com\/v3\/abriran-una-segunda-inscripcion-para-las-becas-progresar\/#primaryimage"},"thumbnailUrl":"https:\/\/cvinoticias.com\/wp-content\/uploads\/2021\/07\/progresar-inscripcion-ansesjpg.jpg","datePublished":"2021-07-28T10:25:11+00:00","breadcrumb":{"@id":"https:\/\/cvinoticias.com\/v3\/abriran-una-segunda-inscripcion-para-las-becas-progresar\/#breadcrumb"},"inLanguage":"es","potentialAction":[{"@type":"ReadAction","target":["https:\/\/cvinoticias.com\/v3\/abriran-una-segunda-inscripcion-para-las-becas-progresar\/"]}]},{"@type":"ImageObject","inLanguage":"es","@id":"https:\/\/cvinoticias.com\/v3\/abriran-una-segunda-inscripcion-para-las-becas-progresar\/#primaryimage","url":"https:\/\/cvinoticias.com\/wp-content\/uploads\/2021\/07\/progresar-inscripcion-ansesjpg.jpg","contentUrl":"https:\/\/cvinoticias.com\/wp-content\/uploads\/2021\/07\/progresar-inscripcion-ansesjpg.jpg","width":1200,"height":675},{"@type":"BreadcrumbList","@id":"https:\/\/cvinoticias.com\/v3\/abriran-una-segunda-inscripcion-para-las-becas-progresar\/#breadcrumb","itemListElement":[{"@type":"ListItem","position":1,"name":"Portada","item":"https:\/\/cvinoticias.com\/v3\/"},{"@type":"ListItem","position":2,"name":"Abrir\u00e1n una segunda inscripci\u00f3n para las Becas Progresar"}]},{"@type":"WebSite","@id":"https:\/\/cvinoticias.com\/v3\/#website","url":"https:\/\/cvinoticias.com\/v3\/","name":"CVI NOTICIAS","description":"","publisher":{"@id":"https:\/\/cvinoticias.com\/v3\/#organization"},"alternateName":"CVI","potentialAction":[{"@type":"SearchAction","target":{"@type":"EntryPoint","urlTemplate":"https:\/\/cvinoticias.com\/v3\/?s={search_term_string}"},"query-input":{"@type":"PropertyValueSpecification","valueRequired":true,"valueName":"search_term_string"}}],"inLanguage":"es"},{"@type":"Organization","@id":"https:\/\/cvinoticias.com\/v3\/#organization","name":"CVI NOTICIAS","url":"https:\/\/cvinoticias.com\/v3\/","logo":{"@type":"ImageObject","inLanguage":"es","@id":"https:\/\/cvinoticias.com\/v3\/#\/schema\/logo\/image\/","url":"https:\/\/cvinoticias.com\/wp-content\/uploads\/2023\/04\/cropped-cropped-cropped-cropped-cropped-3-1.png","contentUrl":"https:\/\/cvinoticias.com\/wp-content\/uploads\/2023\/04\/cropped-cropped-cropped-cropped-cropped-3-1.png","width":95,"height":122,"caption":"CVI NOTICIAS"},"image":{"@id":"https:\/\/cvinoticias.com\/v3\/#\/schema\/logo\/image\/"},"sameAs":["https:\/\/www.facebook.com\/cvinoticias","https:\/\/www.instagram.com\/cvinoticias\/","https:\/\/www.youtube.com\/@CVINOTICIAS"]},{"@type":"Person","@id":"https:\/\/cvinoticias.com\/v3\/#\/schema\/person\/2db77e3c6bc03c538495d7b2b8be9b66","name":"f1000024","image":{"@type":"ImageObject","inLanguage":"es","@id":"https:\/\/secure.gravatar.com\/avatar\/d4fe7459cfc51ff5129ce1a732bbef5928568b8092d412ef95611616376bbeed?s=96&d=mm&r=g","url":"https:\/\/secure.gravatar.com\/avatar\/d4fe7459cfc51ff5129ce1a732bbef5928568b8092d412ef95611616376bbeed?s=96&d=mm&r=g","contentUrl":"https:\/\/secure.gravatar.com\/avatar\/d4fe7459cfc51ff5129ce1a732bbef5928568b8092d412ef95611616376bbeed?s=96&d=mm&r=g","caption":"f1000024"},"url":"https:\/\/cvinoticias.com\/v3\/author\/f1000024\/"}]}},"_links":{"self":[{"href":"https:\/\/cvinoticias.com\/v3\/wp-json\/wp\/v2\/posts\/7160","targetHints":{"allow":["GET"]}}],"collection":[{"href":"https:\/\/cvinoticias.com\/v3\/wp-json\/wp\/v2\/posts"}],"about":[{"href":"https:\/\/cvinoticias.com\/v3\/wp-json\/wp\/v2\/types\/post"}],"author":[{"embeddable":true,"href":"https:\/\/cvinoticias.com\/v3\/wp-json\/wp\/v2\/users\/2"}],"replies":[{"embeddable":true,"href":"https:\/\/cvinoticias.com\/v3\/wp-json\/wp\/v2\/comments?post=7160"}],"version-history":[{"count":1,"href":"https:\/\/cvinoticias.com\/v3\/wp-json\/wp\/v2\/posts\/7160\/revisions"}],"predecessor-version":[{"id":7162,"href":"https:\/\/cvinoticias.com\/v3\/wp-json\/wp\/v2\/posts\/7160\/revisions\/7162"}],"wp:featuredmedia":[{"embeddable":true,"href":"https:\/\/cvinoticias.com\/v3\/wp-json\/wp\/v2\/media\/7161"}],"wp:attachment":[{"href":"https:\/\/cvinoticias.com\/v3\/wp-json\/wp\/v2\/media?parent=7160"}],"wp:term":[{"taxonomy":"category","embeddable":true,"href":"https:\/\/cvinoticias.com\/v3\/wp-json\/wp\/v2\/categories?post=7160"},{"taxonomy":"post_tag","embeddable":true,"href":"https:\/\/cvinoticias.com\/v3\/wp-json\/wp\/v2\/tags?post=7160"}],"curies":[{"name":"wp","href":"https:\/\/api.w.org\/{rel}","templated":true}]}}