{"id":7142,"date":"2021-07-27T16:36:57","date_gmt":"2021-07-27T16:36:57","guid":{"rendered":"https:\/\/cvinoticias.com\/v3\/?p=7142"},"modified":"2021-07-27T16:36:57","modified_gmt":"2021-07-27T16:36:57","slug":"herrera-ahuad-visito-el-nuevo-centro-civico-de-santa-ana","status":"publish","type":"post","link":"https:\/\/cvinoticias.com\/v3\/herrera-ahuad-visito-el-nuevo-centro-civico-de-santa-ana\/","title":{"rendered":"Herrera Ahuad visit\u00f3 el nuevo Centro C\u00edvico de Santa Ana"},"content":{"rendered":"\n<p><strong><em>El Gobernador visit\u00f3 Santa Ana para supervisar la habilitaci\u00f3n parcial del nuevo Centro C\u00edvico que apunta a brindar a los santaneros un espacio donde resolver sus tr\u00e1mites y consultas acercando los servicios municipales. Adem\u00e1s, present\u00f3 el plano del nuevo edificio municipal y anunci\u00f3 la construcci\u00f3n de un Hospital Nivel 1 en la localidad.<\/em><\/strong><\/p>\n\n\n\n<p>Esta ma\u00f1ana, con la habilitaci\u00f3n parcial del nuevo Centro C\u00edvico de Santa Ana, se concreta una obra que apunta a brindar a los santaneros un espacio donde resolver sus tr\u00e1mites y consultas acercando los servicios del Estado. El gobernador Oscar Herrera Ahuad visit\u00f3 la localidad para supervisar el espacio, anunci\u00f3 el comienzo de la obra de remodelaci\u00f3n del nuevo edificio municipal y junto a otras autoridades present\u00f3 los planos.<\/p>\n\n\n\n<p>El mandatario expres\u00f3 su satisfacci\u00f3n por poder concretar obras que hacen bien a la comunidad y a la sociedad, \u201cpero que tambi\u00e9n contribuyen a la visi\u00f3n que tenemos de la recuperaci\u00f3n hist\u00f3rica de Santa Ana, con las instituciones p\u00fablicas fuertes\u201d. As\u00ed, se\u00f1al\u00f3 que \u201cno solamente pasa por tomar las decisiones y gobernar, sino tambi\u00e9n porque quienes nos acompa\u00f1an en la gesti\u00f3n est\u00e9n en un lugar acorde para poder desempe\u00f1ar su labor. Tambi\u00e9n, para que quienes vienen a la municipalidad se sientan c\u00f3modos y acogidos en un lugar al que vale la pena venir\u201d, y agreg\u00f3 que tambi\u00e9n es un beneficio para el empleado p\u00fablico, para que desempe\u00f1e su tarea en un mejor lugar.<\/p>\n\n\n\n<p>De igual modo, reiter\u00f3 que es \u201cun tiempo de enorme reflexi\u00f3n, de grandes oportunidades para que la provincia pueda cumplir con los sue\u00f1os\u201d, en referencia a la concreci\u00f3n del Centro C\u00edvico y la entrega de las maquinarias y el equipamiento vial para el municipio. \u201cEste espacio se hizo con recursos de todos los misioneros, as\u00ed que para nosotros es un verdadero placer poder concluirlo\u201d, remarc\u00f3, se\u00f1alando el esfuerzo de la Direcci\u00f3n de Arquitectura de la provincia y la empresa privada encargada de la obra.<\/p>\n\n\n\n<p>Por \u00faltimo, adelant\u00f3 que tanto el Centro C\u00edvico como el futuro edificio de la municipalidad cambiar\u00e1n la fisonom\u00eda de la localidad sin perder su historia y siguiendo el impulso del desarrollo. En la misma l\u00ednea, anunci\u00f3 la pr\u00f3xima construcci\u00f3n de un Hospital Nivel I para la comuna, obra ya avanzada en materia de documentaci\u00f3n y tramitaci\u00f3n. Por su parte, el intendente de Santa Ana, Pablo Castro, agradeci\u00f3 la presencia del mandatario por su atenci\u00f3n constante al municipio y por la concreci\u00f3n de los sue\u00f1os de los santaneros.<\/p>\n\n\n\n<p>La visita a Santa Ana cont\u00f3 con la presencia del ministro de Gobierno, Marcelo P\u00e9rez; el titular de la Direcci\u00f3n Provincial de Arquitectura, Gunnar German Krieger; el diputado nacional, Ricardo Wellbach; el diputado provincial, Mart\u00edn Cesino; la presidente del Parque del Conocimiento, Claudia Gauto e intendentes de localidades cercanas.<\/p>\n\n\n\n<p>El nuevo centro<\/p>\n\n\n\n<p>La habilitaci\u00f3n parcial del Centro C\u00edvico se concret\u00f3 con el objetivo de mudar temporalmente las oficinas municipales y de esta forma comenzar en breve con la remodelaci\u00f3n del edificio comunal que tendr\u00e1 dos plantas y una superficie cubierta de 900 metros cuadrados. Inclusive, se prev\u00e9 que el Concejo Deliberante tambi\u00e9n tenga su sede en el Centro C\u00edvico y otras dependencias tanto municipales como judiciales.<\/p>\n\n\n\n<figure class=\"wp-block-image size-large\"><a href=\"https:\/\/cvinoticias.com\/wp-content\/uploads\/2021\/07\/FB_IMG_1627403039173.jpg\"><img decoding=\"async\" width=\"1024\" height=\"683\" data-src=\"https:\/\/cvinoticias.com\/wp-content\/uploads\/2021\/07\/FB_IMG_1627403039173-1024x683.jpg\" alt=\"\" class=\"wp-image-7144 lazyload\" data-srcset=\"https:\/\/cvinoticias.com\/wp-content\/uploads\/2021\/07\/FB_IMG_1627403039173-1024x683.jpg 1024w, https:\/\/cvinoticias.com\/wp-content\/uploads\/2021\/07\/FB_IMG_1627403039173-300x200.jpg 300w, https:\/\/cvinoticias.com\/wp-content\/uploads\/2021\/07\/FB_IMG_1627403039173-768x512.jpg 768w, https:\/\/cvinoticias.com\/wp-content\/uploads\/2021\/07\/FB_IMG_1627403039173.jpg 1080w\" data-sizes=\"(max-width: 1024px) 100vw, 1024px\" src=\"data:image\/svg+xml;base64,PHN2ZyB3aWR0aD0iMSIgaGVpZ2h0PSIxIiB4bWxucz0iaHR0cDovL3d3dy53My5vcmcvMjAwMC9zdmciPjwvc3ZnPg==\" style=\"--smush-placeholder-width: 1024px; --smush-placeholder-aspect-ratio: 1024\/683;\" \/><\/a><\/figure>\n","protected":false},"excerpt":{"rendered":"<p>El Gobernador visit\u00f3 Santa Ana para supervisar la habilitaci\u00f3n parcial del nuevo Centro C\u00edvico que apunta a brindar a los santaneros un espacio donde resolver sus tr\u00e1mites y consultas acercando los servicios municipales. Adem\u00e1s, present\u00f3 el plano del nuevo edificio municipal y anunci\u00f3 la construcci\u00f3n de un Hospital Nivel 1 en la localidad. Esta ma\u00f1ana, [&hellip;]<\/p>\n","protected":false},"author":2,"featured_media":7143,"comment_status":"open","ping_status":"open","sticky":false,"template":"","format":"standard","meta":{"footnotes":""},"categories":[43],"tags":[],"class_list":["post-7142","post","type-post","status-publish","format-standard","has-post-thumbnail","hentry","category-provinciales"],"yoast_head":"<!-- This site is optimized with the Yoast SEO plugin v27.5 - https:\/\/yoast.com\/product\/yoast-seo-wordpress\/ -->\n<title>Herrera Ahuad visit\u00f3 el nuevo Centro C\u00edvico de Santa Ana | CVI NOTICIAS<\/title>\n<meta name=\"robots\" content=\"index, follow, max-snippet:-1, max-image-preview:large, max-video-preview:-1\" \/>\n<link rel=\"canonical\" href=\"https:\/\/cvinoticias.com\/v3\/herrera-ahuad-visito-el-nuevo-centro-civico-de-santa-ana\/\" \/>\n<meta property=\"og:locale\" content=\"es_ES\" \/>\n<meta property=\"og:type\" content=\"article\" \/>\n<meta property=\"og:title\" content=\"Herrera Ahuad visit\u00f3 el nuevo Centro C\u00edvico de Santa Ana | CVI NOTICIAS\" \/>\n<meta property=\"og:description\" content=\"El Gobernador visit\u00f3 Santa Ana para supervisar la habilitaci\u00f3n parcial del nuevo Centro C\u00edvico que apunta a brindar a los santaneros un espacio donde resolver sus tr\u00e1mites y consultas acercando los servicios municipales. Adem\u00e1s, present\u00f3 el plano del nuevo edificio municipal y anunci\u00f3 la construcci\u00f3n de un Hospital Nivel 1 en la localidad. Esta ma\u00f1ana, [&hellip;]\" \/>\n<meta property=\"og:url\" content=\"https:\/\/cvinoticias.com\/v3\/herrera-ahuad-visito-el-nuevo-centro-civico-de-santa-ana\/\" \/>\n<meta property=\"og:site_name\" content=\"CVI NOTICIAS\" \/>\n<meta property=\"article:publisher\" content=\"https:\/\/www.facebook.com\/cvinoticias\" \/>\n<meta property=\"article:published_time\" content=\"2021-07-27T16:36:57+00:00\" \/>\n<meta property=\"og:image\" content=\"https:\/\/cvinoticias.com\/wp-content\/uploads\/2021\/07\/FB_IMG_1627403043814.jpg\" \/>\n\t<meta property=\"og:image:width\" content=\"1080\" \/>\n\t<meta property=\"og:image:height\" content=\"720\" \/>\n\t<meta property=\"og:image:type\" content=\"image\/jpeg\" \/>\n<meta name=\"author\" content=\"f1000024\" \/>\n<meta name=\"twitter:card\" content=\"summary_large_image\" \/>\n<meta name=\"twitter:label1\" content=\"Escrito por\" \/>\n\t<meta name=\"twitter:data1\" content=\"f1000024\" \/>\n\t<meta name=\"twitter:label2\" content=\"Tiempo de lectura\" \/>\n\t<meta name=\"twitter:data2\" content=\"3 minutos\" \/>\n<script type=\"application\/ld+json\" class=\"yoast-schema-graph\">{\"@context\":\"https:\\\/\\\/schema.org\",\"@graph\":[{\"@type\":\"Article\",\"@id\":\"https:\\\/\\\/cvinoticias.com\\\/v3\\\/herrera-ahuad-visito-el-nuevo-centro-civico-de-santa-ana\\\/#article\",\"isPartOf\":{\"@id\":\"https:\\\/\\\/cvinoticias.com\\\/v3\\\/herrera-ahuad-visito-el-nuevo-centro-civico-de-santa-ana\\\/\"},\"author\":{\"name\":\"f1000024\",\"@id\":\"https:\\\/\\\/cvinoticias.com\\\/v3\\\/#\\\/schema\\\/person\\\/2db77e3c6bc03c538495d7b2b8be9b66\"},\"headline\":\"Herrera Ahuad visit\u00f3 el nuevo Centro C\u00edvico de Santa Ana\",\"datePublished\":\"2021-07-27T16:36:57+00:00\",\"mainEntityOfPage\":{\"@id\":\"https:\\\/\\\/cvinoticias.com\\\/v3\\\/herrera-ahuad-visito-el-nuevo-centro-civico-de-santa-ana\\\/\"},\"wordCount\":583,\"commentCount\":0,\"publisher\":{\"@id\":\"https:\\\/\\\/cvinoticias.com\\\/v3\\\/#organization\"},\"image\":{\"@id\":\"https:\\\/\\\/cvinoticias.com\\\/v3\\\/herrera-ahuad-visito-el-nuevo-centro-civico-de-santa-ana\\\/#primaryimage\"},\"thumbnailUrl\":\"https:\\\/\\\/cvinoticias.com\\\/wp-content\\\/uploads\\\/2021\\\/07\\\/FB_IMG_1627403043814.jpg\",\"articleSection\":[\"Provinciales\"],\"inLanguage\":\"es\",\"potentialAction\":[{\"@type\":\"CommentAction\",\"name\":\"Comment\",\"target\":[\"https:\\\/\\\/cvinoticias.com\\\/v3\\\/herrera-ahuad-visito-el-nuevo-centro-civico-de-santa-ana\\\/#respond\"]}]},{\"@type\":\"WebPage\",\"@id\":\"https:\\\/\\\/cvinoticias.com\\\/v3\\\/herrera-ahuad-visito-el-nuevo-centro-civico-de-santa-ana\\\/\",\"url\":\"https:\\\/\\\/cvinoticias.com\\\/v3\\\/herrera-ahuad-visito-el-nuevo-centro-civico-de-santa-ana\\\/\",\"name\":\"Herrera Ahuad visit\u00f3 el nuevo Centro C\u00edvico de Santa Ana | CVI NOTICIAS\",\"isPartOf\":{\"@id\":\"https:\\\/\\\/cvinoticias.com\\\/v3\\\/#website\"},\"primaryImageOfPage\":{\"@id\":\"https:\\\/\\\/cvinoticias.com\\\/v3\\\/herrera-ahuad-visito-el-nuevo-centro-civico-de-santa-ana\\\/#primaryimage\"},\"image\":{\"@id\":\"https:\\\/\\\/cvinoticias.com\\\/v3\\\/herrera-ahuad-visito-el-nuevo-centro-civico-de-santa-ana\\\/#primaryimage\"},\"thumbnailUrl\":\"https:\\\/\\\/cvinoticias.com\\\/wp-content\\\/uploads\\\/2021\\\/07\\\/FB_IMG_1627403043814.jpg\",\"datePublished\":\"2021-07-27T16:36:57+00:00\",\"breadcrumb\":{\"@id\":\"https:\\\/\\\/cvinoticias.com\\\/v3\\\/herrera-ahuad-visito-el-nuevo-centro-civico-de-santa-ana\\\/#breadcrumb\"},\"inLanguage\":\"es\",\"potentialAction\":[{\"@type\":\"ReadAction\",\"target\":[\"https:\\\/\\\/cvinoticias.com\\\/v3\\\/herrera-ahuad-visito-el-nuevo-centro-civico-de-santa-ana\\\/\"]}]},{\"@type\":\"ImageObject\",\"inLanguage\":\"es\",\"@id\":\"https:\\\/\\\/cvinoticias.com\\\/v3\\\/herrera-ahuad-visito-el-nuevo-centro-civico-de-santa-ana\\\/#primaryimage\",\"url\":\"https:\\\/\\\/cvinoticias.com\\\/wp-content\\\/uploads\\\/2021\\\/07\\\/FB_IMG_1627403043814.jpg\",\"contentUrl\":\"https:\\\/\\\/cvinoticias.com\\\/wp-content\\\/uploads\\\/2021\\\/07\\\/FB_IMG_1627403043814.jpg\",\"width\":1080,\"height\":720},{\"@type\":\"BreadcrumbList\",\"@id\":\"https:\\\/\\\/cvinoticias.com\\\/v3\\\/herrera-ahuad-visito-el-nuevo-centro-civico-de-santa-ana\\\/#breadcrumb\",\"itemListElement\":[{\"@type\":\"ListItem\",\"position\":1,\"name\":\"Portada\",\"item\":\"https:\\\/\\\/cvinoticias.com\\\/v3\\\/\"},{\"@type\":\"ListItem\",\"position\":2,\"name\":\"Herrera Ahuad visit\u00f3 el nuevo Centro C\u00edvico de Santa Ana\"}]},{\"@type\":\"WebSite\",\"@id\":\"https:\\\/\\\/cvinoticias.com\\\/v3\\\/#website\",\"url\":\"https:\\\/\\\/cvinoticias.com\\\/v3\\\/\",\"name\":\"CVI NOTICIAS\",\"description\":\"\",\"publisher\":{\"@id\":\"https:\\\/\\\/cvinoticias.com\\\/v3\\\/#organization\"},\"alternateName\":\"CVI\",\"potentialAction\":[{\"@type\":\"SearchAction\",\"target\":{\"@type\":\"EntryPoint\",\"urlTemplate\":\"https:\\\/\\\/cvinoticias.com\\\/v3\\\/?s={search_term_string}\"},\"query-input\":{\"@type\":\"PropertyValueSpecification\",\"valueRequired\":true,\"valueName\":\"search_term_string\"}}],\"inLanguage\":\"es\"},{\"@type\":\"Organization\",\"@id\":\"https:\\\/\\\/cvinoticias.com\\\/v3\\\/#organization\",\"name\":\"CVI NOTICIAS\",\"url\":\"https:\\\/\\\/cvinoticias.com\\\/v3\\\/\",\"logo\":{\"@type\":\"ImageObject\",\"inLanguage\":\"es\",\"@id\":\"https:\\\/\\\/cvinoticias.com\\\/v3\\\/#\\\/schema\\\/logo\\\/image\\\/\",\"url\":\"https:\\\/\\\/cvinoticias.com\\\/wp-content\\\/uploads\\\/2023\\\/04\\\/cropped-cropped-cropped-cropped-cropped-3-1.png\",\"contentUrl\":\"https:\\\/\\\/cvinoticias.com\\\/wp-content\\\/uploads\\\/2023\\\/04\\\/cropped-cropped-cropped-cropped-cropped-3-1.png\",\"width\":95,\"height\":122,\"caption\":\"CVI NOTICIAS\"},\"image\":{\"@id\":\"https:\\\/\\\/cvinoticias.com\\\/v3\\\/#\\\/schema\\\/logo\\\/image\\\/\"},\"sameAs\":[\"https:\\\/\\\/www.facebook.com\\\/cvinoticias\",\"https:\\\/\\\/www.instagram.com\\\/cvinoticias\\\/\",\"https:\\\/\\\/www.youtube.com\\\/@CVINOTICIAS\"]},{\"@type\":\"Person\",\"@id\":\"https:\\\/\\\/cvinoticias.com\\\/v3\\\/#\\\/schema\\\/person\\\/2db77e3c6bc03c538495d7b2b8be9b66\",\"name\":\"f1000024\",\"image\":{\"@type\":\"ImageObject\",\"inLanguage\":\"es\",\"@id\":\"https:\\\/\\\/secure.gravatar.com\\\/avatar\\\/d4fe7459cfc51ff5129ce1a732bbef5928568b8092d412ef95611616376bbeed?s=96&d=mm&r=g\",\"url\":\"https:\\\/\\\/secure.gravatar.com\\\/avatar\\\/d4fe7459cfc51ff5129ce1a732bbef5928568b8092d412ef95611616376bbeed?s=96&d=mm&r=g\",\"contentUrl\":\"https:\\\/\\\/secure.gravatar.com\\\/avatar\\\/d4fe7459cfc51ff5129ce1a732bbef5928568b8092d412ef95611616376bbeed?s=96&d=mm&r=g\",\"caption\":\"f1000024\"},\"url\":\"https:\\\/\\\/cvinoticias.com\\\/v3\\\/author\\\/f1000024\\\/\"}]}<\/script>\n<!-- \/ Yoast SEO plugin. -->","yoast_head_json":{"title":"Herrera Ahuad visit\u00f3 el nuevo Centro C\u00edvico de Santa Ana | CVI NOTICIAS","robots":{"index":"index","follow":"follow","max-snippet":"max-snippet:-1","max-image-preview":"max-image-preview:large","max-video-preview":"max-video-preview:-1"},"canonical":"https:\/\/cvinoticias.com\/v3\/herrera-ahuad-visito-el-nuevo-centro-civico-de-santa-ana\/","og_locale":"es_ES","og_type":"article","og_title":"Herrera Ahuad visit\u00f3 el nuevo Centro C\u00edvico de Santa Ana | CVI NOTICIAS","og_description":"El Gobernador visit\u00f3 Santa Ana para supervisar la habilitaci\u00f3n parcial del nuevo Centro C\u00edvico que apunta a brindar a los santaneros un espacio donde resolver sus tr\u00e1mites y consultas acercando los servicios municipales. Adem\u00e1s, present\u00f3 el plano del nuevo edificio municipal y anunci\u00f3 la construcci\u00f3n de un Hospital Nivel 1 en la localidad. Esta ma\u00f1ana, [&hellip;]","og_url":"https:\/\/cvinoticias.com\/v3\/herrera-ahuad-visito-el-nuevo-centro-civico-de-santa-ana\/","og_site_name":"CVI NOTICIAS","article_publisher":"https:\/\/www.facebook.com\/cvinoticias","article_published_time":"2021-07-27T16:36:57+00:00","og_image":[{"width":1080,"height":720,"url":"https:\/\/cvinoticias.com\/wp-content\/uploads\/2021\/07\/FB_IMG_1627403043814.jpg","type":"image\/jpeg"}],"author":"f1000024","twitter_card":"summary_large_image","twitter_misc":{"Escrito por":"f1000024","Tiempo de lectura":"3 minutos"},"schema":{"@context":"https:\/\/schema.org","@graph":[{"@type":"Article","@id":"https:\/\/cvinoticias.com\/v3\/herrera-ahuad-visito-el-nuevo-centro-civico-de-santa-ana\/#article","isPartOf":{"@id":"https:\/\/cvinoticias.com\/v3\/herrera-ahuad-visito-el-nuevo-centro-civico-de-santa-ana\/"},"author":{"name":"f1000024","@id":"https:\/\/cvinoticias.com\/v3\/#\/schema\/person\/2db77e3c6bc03c538495d7b2b8be9b66"},"headline":"Herrera Ahuad visit\u00f3 el nuevo Centro C\u00edvico de Santa Ana","datePublished":"2021-07-27T16:36:57+00:00","mainEntityOfPage":{"@id":"https:\/\/cvinoticias.com\/v3\/herrera-ahuad-visito-el-nuevo-centro-civico-de-santa-ana\/"},"wordCount":583,"commentCount":0,"publisher":{"@id":"https:\/\/cvinoticias.com\/v3\/#organization"},"image":{"@id":"https:\/\/cvinoticias.com\/v3\/herrera-ahuad-visito-el-nuevo-centro-civico-de-santa-ana\/#primaryimage"},"thumbnailUrl":"https:\/\/cvinoticias.com\/wp-content\/uploads\/2021\/07\/FB_IMG_1627403043814.jpg","articleSection":["Provinciales"],"inLanguage":"es","potentialAction":[{"@type":"CommentAction","name":"Comment","target":["https:\/\/cvinoticias.com\/v3\/herrera-ahuad-visito-el-nuevo-centro-civico-de-santa-ana\/#respond"]}]},{"@type":"WebPage","@id":"https:\/\/cvinoticias.com\/v3\/herrera-ahuad-visito-el-nuevo-centro-civico-de-santa-ana\/","url":"https:\/\/cvinoticias.com\/v3\/herrera-ahuad-visito-el-nuevo-centro-civico-de-santa-ana\/","name":"Herrera Ahuad visit\u00f3 el nuevo Centro C\u00edvico de Santa Ana | CVI NOTICIAS","isPartOf":{"@id":"https:\/\/cvinoticias.com\/v3\/#website"},"primaryImageOfPage":{"@id":"https:\/\/cvinoticias.com\/v3\/herrera-ahuad-visito-el-nuevo-centro-civico-de-santa-ana\/#primaryimage"},"image":{"@id":"https:\/\/cvinoticias.com\/v3\/herrera-ahuad-visito-el-nuevo-centro-civico-de-santa-ana\/#primaryimage"},"thumbnailUrl":"https:\/\/cvinoticias.com\/wp-content\/uploads\/2021\/07\/FB_IMG_1627403043814.jpg","datePublished":"2021-07-27T16:36:57+00:00","breadcrumb":{"@id":"https:\/\/cvinoticias.com\/v3\/herrera-ahuad-visito-el-nuevo-centro-civico-de-santa-ana\/#breadcrumb"},"inLanguage":"es","potentialAction":[{"@type":"ReadAction","target":["https:\/\/cvinoticias.com\/v3\/herrera-ahuad-visito-el-nuevo-centro-civico-de-santa-ana\/"]}]},{"@type":"ImageObject","inLanguage":"es","@id":"https:\/\/cvinoticias.com\/v3\/herrera-ahuad-visito-el-nuevo-centro-civico-de-santa-ana\/#primaryimage","url":"https:\/\/cvinoticias.com\/wp-content\/uploads\/2021\/07\/FB_IMG_1627403043814.jpg","contentUrl":"https:\/\/cvinoticias.com\/wp-content\/uploads\/2021\/07\/FB_IMG_1627403043814.jpg","width":1080,"height":720},{"@type":"BreadcrumbList","@id":"https:\/\/cvinoticias.com\/v3\/herrera-ahuad-visito-el-nuevo-centro-civico-de-santa-ana\/#breadcrumb","itemListElement":[{"@type":"ListItem","position":1,"name":"Portada","item":"https:\/\/cvinoticias.com\/v3\/"},{"@type":"ListItem","position":2,"name":"Herrera Ahuad visit\u00f3 el nuevo Centro C\u00edvico de Santa Ana"}]},{"@type":"WebSite","@id":"https:\/\/cvinoticias.com\/v3\/#website","url":"https:\/\/cvinoticias.com\/v3\/","name":"CVI NOTICIAS","description":"","publisher":{"@id":"https:\/\/cvinoticias.com\/v3\/#organization"},"alternateName":"CVI","potentialAction":[{"@type":"SearchAction","target":{"@type":"EntryPoint","urlTemplate":"https:\/\/cvinoticias.com\/v3\/?s={search_term_string}"},"query-input":{"@type":"PropertyValueSpecification","valueRequired":true,"valueName":"search_term_string"}}],"inLanguage":"es"},{"@type":"Organization","@id":"https:\/\/cvinoticias.com\/v3\/#organization","name":"CVI NOTICIAS","url":"https:\/\/cvinoticias.com\/v3\/","logo":{"@type":"ImageObject","inLanguage":"es","@id":"https:\/\/cvinoticias.com\/v3\/#\/schema\/logo\/image\/","url":"https:\/\/cvinoticias.com\/wp-content\/uploads\/2023\/04\/cropped-cropped-cropped-cropped-cropped-3-1.png","contentUrl":"https:\/\/cvinoticias.com\/wp-content\/uploads\/2023\/04\/cropped-cropped-cropped-cropped-cropped-3-1.png","width":95,"height":122,"caption":"CVI NOTICIAS"},"image":{"@id":"https:\/\/cvinoticias.com\/v3\/#\/schema\/logo\/image\/"},"sameAs":["https:\/\/www.facebook.com\/cvinoticias","https:\/\/www.instagram.com\/cvinoticias\/","https:\/\/www.youtube.com\/@CVINOTICIAS"]},{"@type":"Person","@id":"https:\/\/cvinoticias.com\/v3\/#\/schema\/person\/2db77e3c6bc03c538495d7b2b8be9b66","name":"f1000024","image":{"@type":"ImageObject","inLanguage":"es","@id":"https:\/\/secure.gravatar.com\/avatar\/d4fe7459cfc51ff5129ce1a732bbef5928568b8092d412ef95611616376bbeed?s=96&d=mm&r=g","url":"https:\/\/secure.gravatar.com\/avatar\/d4fe7459cfc51ff5129ce1a732bbef5928568b8092d412ef95611616376bbeed?s=96&d=mm&r=g","contentUrl":"https:\/\/secure.gravatar.com\/avatar\/d4fe7459cfc51ff5129ce1a732bbef5928568b8092d412ef95611616376bbeed?s=96&d=mm&r=g","caption":"f1000024"},"url":"https:\/\/cvinoticias.com\/v3\/author\/f1000024\/"}]}},"_links":{"self":[{"href":"https:\/\/cvinoticias.com\/v3\/wp-json\/wp\/v2\/posts\/7142","targetHints":{"allow":["GET"]}}],"collection":[{"href":"https:\/\/cvinoticias.com\/v3\/wp-json\/wp\/v2\/posts"}],"about":[{"href":"https:\/\/cvinoticias.com\/v3\/wp-json\/wp\/v2\/types\/post"}],"author":[{"embeddable":true,"href":"https:\/\/cvinoticias.com\/v3\/wp-json\/wp\/v2\/users\/2"}],"replies":[{"embeddable":true,"href":"https:\/\/cvinoticias.com\/v3\/wp-json\/wp\/v2\/comments?post=7142"}],"version-history":[{"count":1,"href":"https:\/\/cvinoticias.com\/v3\/wp-json\/wp\/v2\/posts\/7142\/revisions"}],"predecessor-version":[{"id":7145,"href":"https:\/\/cvinoticias.com\/v3\/wp-json\/wp\/v2\/posts\/7142\/revisions\/7145"}],"wp:featuredmedia":[{"embeddable":true,"href":"https:\/\/cvinoticias.com\/v3\/wp-json\/wp\/v2\/media\/7143"}],"wp:attachment":[{"href":"https:\/\/cvinoticias.com\/v3\/wp-json\/wp\/v2\/media?parent=7142"}],"wp:term":[{"taxonomy":"category","embeddable":true,"href":"https:\/\/cvinoticias.com\/v3\/wp-json\/wp\/v2\/categories?post=7142"},{"taxonomy":"post_tag","embeddable":true,"href":"https:\/\/cvinoticias.com\/v3\/wp-json\/wp\/v2\/tags?post=7142"}],"curies":[{"name":"wp","href":"https:\/\/api.w.org\/{rel}","templated":true}]}}