{"id":7123,"date":"2021-07-27T04:24:28","date_gmt":"2021-07-27T04:24:28","guid":{"rendered":"https:\/\/cvinoticias.com\/v3\/?p=7123"},"modified":"2021-07-27T04:24:28","modified_gmt":"2021-07-27T04:24:28","slug":"iguazu-este-lunes-26-comenzo-la-entrega-de-la-tarjeta-alimentar","status":"publish","type":"post","link":"https:\/\/cvinoticias.com\/v3\/iguazu-este-lunes-26-comenzo-la-entrega-de-la-tarjeta-alimentar\/","title":{"rendered":"Iguaz\u00fa: Este lunes 26 comenz\u00f3 la entrega de la \u00abTarjeta Alimentar\u00bb"},"content":{"rendered":"\n<p><strong><em>Tal como fue anunciado por el Intendente, Claudio Filippa, este lunes 26 se comenz\u00f3 la entrega de la \u00abTarjeta Alimentar\u00bb tanto en el Polideportivo Municipal como en la Liga Regional de F\u00fatbol hasta el d\u00eda viernes 30 en el horario de 07 a 13 hs.<\/em><\/strong><\/p>\n\n\n\n<p>La secretaria de Acci\u00f3n Social, Tita Da Silva, dialog\u00f3 con Cable Noticias sobre la modalidad, procedimiento y requisitos a presentar.<\/p>\n\n\n\n<p>Es importante tener en cuenta Ingresar con barbijos y respetar las medidas de bioseguridad.<\/p>\n\n\n\n<figure class=\"wp-block-embed is-type-video is-provider-youtube wp-block-embed-youtube wp-embed-aspect-4-3 wp-has-aspect-ratio\"><div class=\"wp-block-embed__wrapper\">\n<iframe title=\"Comenz\u00f3 la entrega de la tarjeta \u00a0&quot;Alimentar&quot;.\" width=\"640\" height=\"480\" data-src=\"https:\/\/www.youtube.com\/embed\/Z1e6VZoPyEM?feature=oembed\" frameborder=\"0\" allow=\"accelerometer; autoplay; clipboard-write; encrypted-media; gyroscope; picture-in-picture; web-share\" referrerpolicy=\"strict-origin-when-cross-origin\" allowfullscreen src=\"data:image\/svg+xml;base64,PHN2ZyB3aWR0aD0iMSIgaGVpZ2h0PSIxIiB4bWxucz0iaHR0cDovL3d3dy53My5vcmcvMjAwMC9zdmciPjwvc3ZnPg==\" class=\"lazyload\" data-load-mode=\"1\"><\/iframe>\n<\/div><\/figure>\n","protected":false},"excerpt":{"rendered":"<p>Tal como fue anunciado por el Intendente, Claudio Filippa, este lunes 26 se comenz\u00f3 la entrega de la \u00abTarjeta Alimentar\u00bb tanto en el Polideportivo Municipal como en la Liga Regional de F\u00fatbol hasta el d\u00eda viernes 30 en el horario de 07 a 13 hs. La secretaria de Acci\u00f3n Social, Tita Da Silva, dialog\u00f3 con [&hellip;]<\/p>\n","protected":false},"author":2,"featured_media":7124,"comment_status":"open","ping_status":"open","sticky":false,"template":"","format":"standard","meta":{"footnotes":""},"categories":[29],"tags":[],"class_list":["post-7123","post","type-post","status-publish","format-standard","has-post-thumbnail","hentry","category-locales"],"yoast_head":"<!-- This site is optimized with the Yoast SEO plugin v27.5 - https:\/\/yoast.com\/product\/yoast-seo-wordpress\/ -->\n<title>Iguaz\u00fa: Este lunes 26 comenz\u00f3 la entrega de la &quot;Tarjeta Alimentar&quot; | CVI NOTICIAS<\/title>\n<meta name=\"robots\" content=\"index, follow, max-snippet:-1, max-image-preview:large, max-video-preview:-1\" \/>\n<link rel=\"canonical\" href=\"https:\/\/cvinoticias.com\/v3\/iguazu-este-lunes-26-comenzo-la-entrega-de-la-tarjeta-alimentar\/\" \/>\n<meta property=\"og:locale\" content=\"es_ES\" \/>\n<meta property=\"og:type\" content=\"article\" \/>\n<meta property=\"og:title\" content=\"Iguaz\u00fa: Este lunes 26 comenz\u00f3 la entrega de la &quot;Tarjeta Alimentar&quot; | CVI NOTICIAS\" \/>\n<meta property=\"og:description\" content=\"Tal como fue anunciado por el Intendente, Claudio Filippa, este lunes 26 se comenz\u00f3 la entrega de la \u00abTarjeta Alimentar\u00bb tanto en el Polideportivo Municipal como en la Liga Regional de F\u00fatbol hasta el d\u00eda viernes 30 en el horario de 07 a 13 hs. La secretaria de Acci\u00f3n Social, Tita Da Silva, dialog\u00f3 con [&hellip;]\" \/>\n<meta property=\"og:url\" content=\"https:\/\/cvinoticias.com\/v3\/iguazu-este-lunes-26-comenzo-la-entrega-de-la-tarjeta-alimentar\/\" \/>\n<meta property=\"og:site_name\" content=\"CVI NOTICIAS\" \/>\n<meta property=\"article:publisher\" content=\"https:\/\/www.facebook.com\/cvinoticias\" \/>\n<meta property=\"article:published_time\" content=\"2021-07-27T04:24:28+00:00\" \/>\n<meta property=\"og:image\" content=\"https:\/\/cvinoticias.com\/wp-content\/uploads\/2021\/07\/FB_IMG_1627359783538.jpg\" \/>\n\t<meta property=\"og:image:width\" content=\"885\" \/>\n\t<meta property=\"og:image:height\" content=\"728\" \/>\n\t<meta property=\"og:image:type\" content=\"image\/jpeg\" \/>\n<meta name=\"author\" content=\"f1000024\" \/>\n<meta name=\"twitter:card\" content=\"summary_large_image\" \/>\n<meta name=\"twitter:label1\" content=\"Escrito por\" \/>\n\t<meta name=\"twitter:data1\" content=\"f1000024\" \/>\n<script type=\"application\/ld+json\" class=\"yoast-schema-graph\">{\"@context\":\"https:\\\/\\\/schema.org\",\"@graph\":[{\"@type\":\"Article\",\"@id\":\"https:\\\/\\\/cvinoticias.com\\\/v3\\\/iguazu-este-lunes-26-comenzo-la-entrega-de-la-tarjeta-alimentar\\\/#article\",\"isPartOf\":{\"@id\":\"https:\\\/\\\/cvinoticias.com\\\/v3\\\/iguazu-este-lunes-26-comenzo-la-entrega-de-la-tarjeta-alimentar\\\/\"},\"author\":{\"name\":\"f1000024\",\"@id\":\"https:\\\/\\\/cvinoticias.com\\\/v3\\\/#\\\/schema\\\/person\\\/2db77e3c6bc03c538495d7b2b8be9b66\"},\"headline\":\"Iguaz\u00fa: Este lunes 26 comenz\u00f3 la entrega de la \u00abTarjeta Alimentar\u00bb\",\"datePublished\":\"2021-07-27T04:24:28+00:00\",\"mainEntityOfPage\":{\"@id\":\"https:\\\/\\\/cvinoticias.com\\\/v3\\\/iguazu-este-lunes-26-comenzo-la-entrega-de-la-tarjeta-alimentar\\\/\"},\"wordCount\":94,\"commentCount\":0,\"publisher\":{\"@id\":\"https:\\\/\\\/cvinoticias.com\\\/v3\\\/#organization\"},\"image\":{\"@id\":\"https:\\\/\\\/cvinoticias.com\\\/v3\\\/iguazu-este-lunes-26-comenzo-la-entrega-de-la-tarjeta-alimentar\\\/#primaryimage\"},\"thumbnailUrl\":\"https:\\\/\\\/cvinoticias.com\\\/wp-content\\\/uploads\\\/2021\\\/07\\\/FB_IMG_1627359783538.jpg\",\"articleSection\":[\"Locales\"],\"inLanguage\":\"es\",\"potentialAction\":[{\"@type\":\"CommentAction\",\"name\":\"Comment\",\"target\":[\"https:\\\/\\\/cvinoticias.com\\\/v3\\\/iguazu-este-lunes-26-comenzo-la-entrega-de-la-tarjeta-alimentar\\\/#respond\"]}]},{\"@type\":\"WebPage\",\"@id\":\"https:\\\/\\\/cvinoticias.com\\\/v3\\\/iguazu-este-lunes-26-comenzo-la-entrega-de-la-tarjeta-alimentar\\\/\",\"url\":\"https:\\\/\\\/cvinoticias.com\\\/v3\\\/iguazu-este-lunes-26-comenzo-la-entrega-de-la-tarjeta-alimentar\\\/\",\"name\":\"Iguaz\u00fa: Este lunes 26 comenz\u00f3 la entrega de la \\\"Tarjeta Alimentar\\\" | CVI NOTICIAS\",\"isPartOf\":{\"@id\":\"https:\\\/\\\/cvinoticias.com\\\/v3\\\/#website\"},\"primaryImageOfPage\":{\"@id\":\"https:\\\/\\\/cvinoticias.com\\\/v3\\\/iguazu-este-lunes-26-comenzo-la-entrega-de-la-tarjeta-alimentar\\\/#primaryimage\"},\"image\":{\"@id\":\"https:\\\/\\\/cvinoticias.com\\\/v3\\\/iguazu-este-lunes-26-comenzo-la-entrega-de-la-tarjeta-alimentar\\\/#primaryimage\"},\"thumbnailUrl\":\"https:\\\/\\\/cvinoticias.com\\\/wp-content\\\/uploads\\\/2021\\\/07\\\/FB_IMG_1627359783538.jpg\",\"datePublished\":\"2021-07-27T04:24:28+00:00\",\"breadcrumb\":{\"@id\":\"https:\\\/\\\/cvinoticias.com\\\/v3\\\/iguazu-este-lunes-26-comenzo-la-entrega-de-la-tarjeta-alimentar\\\/#breadcrumb\"},\"inLanguage\":\"es\",\"potentialAction\":[{\"@type\":\"ReadAction\",\"target\":[\"https:\\\/\\\/cvinoticias.com\\\/v3\\\/iguazu-este-lunes-26-comenzo-la-entrega-de-la-tarjeta-alimentar\\\/\"]}]},{\"@type\":\"ImageObject\",\"inLanguage\":\"es\",\"@id\":\"https:\\\/\\\/cvinoticias.com\\\/v3\\\/iguazu-este-lunes-26-comenzo-la-entrega-de-la-tarjeta-alimentar\\\/#primaryimage\",\"url\":\"https:\\\/\\\/cvinoticias.com\\\/wp-content\\\/uploads\\\/2021\\\/07\\\/FB_IMG_1627359783538.jpg\",\"contentUrl\":\"https:\\\/\\\/cvinoticias.com\\\/wp-content\\\/uploads\\\/2021\\\/07\\\/FB_IMG_1627359783538.jpg\",\"width\":885,\"height\":728},{\"@type\":\"BreadcrumbList\",\"@id\":\"https:\\\/\\\/cvinoticias.com\\\/v3\\\/iguazu-este-lunes-26-comenzo-la-entrega-de-la-tarjeta-alimentar\\\/#breadcrumb\",\"itemListElement\":[{\"@type\":\"ListItem\",\"position\":1,\"name\":\"Portada\",\"item\":\"https:\\\/\\\/cvinoticias.com\\\/v3\\\/\"},{\"@type\":\"ListItem\",\"position\":2,\"name\":\"Iguaz\u00fa: Este lunes 26 comenz\u00f3 la entrega de la \u00abTarjeta Alimentar\u00bb\"}]},{\"@type\":\"WebSite\",\"@id\":\"https:\\\/\\\/cvinoticias.com\\\/v3\\\/#website\",\"url\":\"https:\\\/\\\/cvinoticias.com\\\/v3\\\/\",\"name\":\"CVI NOTICIAS\",\"description\":\"\",\"publisher\":{\"@id\":\"https:\\\/\\\/cvinoticias.com\\\/v3\\\/#organization\"},\"alternateName\":\"CVI\",\"potentialAction\":[{\"@type\":\"SearchAction\",\"target\":{\"@type\":\"EntryPoint\",\"urlTemplate\":\"https:\\\/\\\/cvinoticias.com\\\/v3\\\/?s={search_term_string}\"},\"query-input\":{\"@type\":\"PropertyValueSpecification\",\"valueRequired\":true,\"valueName\":\"search_term_string\"}}],\"inLanguage\":\"es\"},{\"@type\":\"Organization\",\"@id\":\"https:\\\/\\\/cvinoticias.com\\\/v3\\\/#organization\",\"name\":\"CVI NOTICIAS\",\"url\":\"https:\\\/\\\/cvinoticias.com\\\/v3\\\/\",\"logo\":{\"@type\":\"ImageObject\",\"inLanguage\":\"es\",\"@id\":\"https:\\\/\\\/cvinoticias.com\\\/v3\\\/#\\\/schema\\\/logo\\\/image\\\/\",\"url\":\"https:\\\/\\\/cvinoticias.com\\\/wp-content\\\/uploads\\\/2023\\\/04\\\/cropped-cropped-cropped-cropped-cropped-3-1.png\",\"contentUrl\":\"https:\\\/\\\/cvinoticias.com\\\/wp-content\\\/uploads\\\/2023\\\/04\\\/cropped-cropped-cropped-cropped-cropped-3-1.png\",\"width\":95,\"height\":122,\"caption\":\"CVI NOTICIAS\"},\"image\":{\"@id\":\"https:\\\/\\\/cvinoticias.com\\\/v3\\\/#\\\/schema\\\/logo\\\/image\\\/\"},\"sameAs\":[\"https:\\\/\\\/www.facebook.com\\\/cvinoticias\",\"https:\\\/\\\/www.instagram.com\\\/cvinoticias\\\/\",\"https:\\\/\\\/www.youtube.com\\\/@CVINOTICIAS\"]},{\"@type\":\"Person\",\"@id\":\"https:\\\/\\\/cvinoticias.com\\\/v3\\\/#\\\/schema\\\/person\\\/2db77e3c6bc03c538495d7b2b8be9b66\",\"name\":\"f1000024\",\"image\":{\"@type\":\"ImageObject\",\"inLanguage\":\"es\",\"@id\":\"https:\\\/\\\/secure.gravatar.com\\\/avatar\\\/d4fe7459cfc51ff5129ce1a732bbef5928568b8092d412ef95611616376bbeed?s=96&d=mm&r=g\",\"url\":\"https:\\\/\\\/secure.gravatar.com\\\/avatar\\\/d4fe7459cfc51ff5129ce1a732bbef5928568b8092d412ef95611616376bbeed?s=96&d=mm&r=g\",\"contentUrl\":\"https:\\\/\\\/secure.gravatar.com\\\/avatar\\\/d4fe7459cfc51ff5129ce1a732bbef5928568b8092d412ef95611616376bbeed?s=96&d=mm&r=g\",\"caption\":\"f1000024\"},\"url\":\"https:\\\/\\\/cvinoticias.com\\\/v3\\\/author\\\/f1000024\\\/\"}]}<\/script>\n<!-- \/ Yoast SEO plugin. -->","yoast_head_json":{"title":"Iguaz\u00fa: Este lunes 26 comenz\u00f3 la entrega de la \"Tarjeta Alimentar\" | CVI NOTICIAS","robots":{"index":"index","follow":"follow","max-snippet":"max-snippet:-1","max-image-preview":"max-image-preview:large","max-video-preview":"max-video-preview:-1"},"canonical":"https:\/\/cvinoticias.com\/v3\/iguazu-este-lunes-26-comenzo-la-entrega-de-la-tarjeta-alimentar\/","og_locale":"es_ES","og_type":"article","og_title":"Iguaz\u00fa: Este lunes 26 comenz\u00f3 la entrega de la \"Tarjeta Alimentar\" | CVI NOTICIAS","og_description":"Tal como fue anunciado por el Intendente, Claudio Filippa, este lunes 26 se comenz\u00f3 la entrega de la \u00abTarjeta Alimentar\u00bb tanto en el Polideportivo Municipal como en la Liga Regional de F\u00fatbol hasta el d\u00eda viernes 30 en el horario de 07 a 13 hs. La secretaria de Acci\u00f3n Social, Tita Da Silva, dialog\u00f3 con [&hellip;]","og_url":"https:\/\/cvinoticias.com\/v3\/iguazu-este-lunes-26-comenzo-la-entrega-de-la-tarjeta-alimentar\/","og_site_name":"CVI NOTICIAS","article_publisher":"https:\/\/www.facebook.com\/cvinoticias","article_published_time":"2021-07-27T04:24:28+00:00","og_image":[{"width":885,"height":728,"url":"https:\/\/cvinoticias.com\/wp-content\/uploads\/2021\/07\/FB_IMG_1627359783538.jpg","type":"image\/jpeg"}],"author":"f1000024","twitter_card":"summary_large_image","twitter_misc":{"Escrito por":"f1000024"},"schema":{"@context":"https:\/\/schema.org","@graph":[{"@type":"Article","@id":"https:\/\/cvinoticias.com\/v3\/iguazu-este-lunes-26-comenzo-la-entrega-de-la-tarjeta-alimentar\/#article","isPartOf":{"@id":"https:\/\/cvinoticias.com\/v3\/iguazu-este-lunes-26-comenzo-la-entrega-de-la-tarjeta-alimentar\/"},"author":{"name":"f1000024","@id":"https:\/\/cvinoticias.com\/v3\/#\/schema\/person\/2db77e3c6bc03c538495d7b2b8be9b66"},"headline":"Iguaz\u00fa: Este lunes 26 comenz\u00f3 la entrega de la \u00abTarjeta Alimentar\u00bb","datePublished":"2021-07-27T04:24:28+00:00","mainEntityOfPage":{"@id":"https:\/\/cvinoticias.com\/v3\/iguazu-este-lunes-26-comenzo-la-entrega-de-la-tarjeta-alimentar\/"},"wordCount":94,"commentCount":0,"publisher":{"@id":"https:\/\/cvinoticias.com\/v3\/#organization"},"image":{"@id":"https:\/\/cvinoticias.com\/v3\/iguazu-este-lunes-26-comenzo-la-entrega-de-la-tarjeta-alimentar\/#primaryimage"},"thumbnailUrl":"https:\/\/cvinoticias.com\/wp-content\/uploads\/2021\/07\/FB_IMG_1627359783538.jpg","articleSection":["Locales"],"inLanguage":"es","potentialAction":[{"@type":"CommentAction","name":"Comment","target":["https:\/\/cvinoticias.com\/v3\/iguazu-este-lunes-26-comenzo-la-entrega-de-la-tarjeta-alimentar\/#respond"]}]},{"@type":"WebPage","@id":"https:\/\/cvinoticias.com\/v3\/iguazu-este-lunes-26-comenzo-la-entrega-de-la-tarjeta-alimentar\/","url":"https:\/\/cvinoticias.com\/v3\/iguazu-este-lunes-26-comenzo-la-entrega-de-la-tarjeta-alimentar\/","name":"Iguaz\u00fa: Este lunes 26 comenz\u00f3 la entrega de la \"Tarjeta Alimentar\" | CVI NOTICIAS","isPartOf":{"@id":"https:\/\/cvinoticias.com\/v3\/#website"},"primaryImageOfPage":{"@id":"https:\/\/cvinoticias.com\/v3\/iguazu-este-lunes-26-comenzo-la-entrega-de-la-tarjeta-alimentar\/#primaryimage"},"image":{"@id":"https:\/\/cvinoticias.com\/v3\/iguazu-este-lunes-26-comenzo-la-entrega-de-la-tarjeta-alimentar\/#primaryimage"},"thumbnailUrl":"https:\/\/cvinoticias.com\/wp-content\/uploads\/2021\/07\/FB_IMG_1627359783538.jpg","datePublished":"2021-07-27T04:24:28+00:00","breadcrumb":{"@id":"https:\/\/cvinoticias.com\/v3\/iguazu-este-lunes-26-comenzo-la-entrega-de-la-tarjeta-alimentar\/#breadcrumb"},"inLanguage":"es","potentialAction":[{"@type":"ReadAction","target":["https:\/\/cvinoticias.com\/v3\/iguazu-este-lunes-26-comenzo-la-entrega-de-la-tarjeta-alimentar\/"]}]},{"@type":"ImageObject","inLanguage":"es","@id":"https:\/\/cvinoticias.com\/v3\/iguazu-este-lunes-26-comenzo-la-entrega-de-la-tarjeta-alimentar\/#primaryimage","url":"https:\/\/cvinoticias.com\/wp-content\/uploads\/2021\/07\/FB_IMG_1627359783538.jpg","contentUrl":"https:\/\/cvinoticias.com\/wp-content\/uploads\/2021\/07\/FB_IMG_1627359783538.jpg","width":885,"height":728},{"@type":"BreadcrumbList","@id":"https:\/\/cvinoticias.com\/v3\/iguazu-este-lunes-26-comenzo-la-entrega-de-la-tarjeta-alimentar\/#breadcrumb","itemListElement":[{"@type":"ListItem","position":1,"name":"Portada","item":"https:\/\/cvinoticias.com\/v3\/"},{"@type":"ListItem","position":2,"name":"Iguaz\u00fa: Este lunes 26 comenz\u00f3 la entrega de la \u00abTarjeta Alimentar\u00bb"}]},{"@type":"WebSite","@id":"https:\/\/cvinoticias.com\/v3\/#website","url":"https:\/\/cvinoticias.com\/v3\/","name":"CVI NOTICIAS","description":"","publisher":{"@id":"https:\/\/cvinoticias.com\/v3\/#organization"},"alternateName":"CVI","potentialAction":[{"@type":"SearchAction","target":{"@type":"EntryPoint","urlTemplate":"https:\/\/cvinoticias.com\/v3\/?s={search_term_string}"},"query-input":{"@type":"PropertyValueSpecification","valueRequired":true,"valueName":"search_term_string"}}],"inLanguage":"es"},{"@type":"Organization","@id":"https:\/\/cvinoticias.com\/v3\/#organization","name":"CVI NOTICIAS","url":"https:\/\/cvinoticias.com\/v3\/","logo":{"@type":"ImageObject","inLanguage":"es","@id":"https:\/\/cvinoticias.com\/v3\/#\/schema\/logo\/image\/","url":"https:\/\/cvinoticias.com\/wp-content\/uploads\/2023\/04\/cropped-cropped-cropped-cropped-cropped-3-1.png","contentUrl":"https:\/\/cvinoticias.com\/wp-content\/uploads\/2023\/04\/cropped-cropped-cropped-cropped-cropped-3-1.png","width":95,"height":122,"caption":"CVI NOTICIAS"},"image":{"@id":"https:\/\/cvinoticias.com\/v3\/#\/schema\/logo\/image\/"},"sameAs":["https:\/\/www.facebook.com\/cvinoticias","https:\/\/www.instagram.com\/cvinoticias\/","https:\/\/www.youtube.com\/@CVINOTICIAS"]},{"@type":"Person","@id":"https:\/\/cvinoticias.com\/v3\/#\/schema\/person\/2db77e3c6bc03c538495d7b2b8be9b66","name":"f1000024","image":{"@type":"ImageObject","inLanguage":"es","@id":"https:\/\/secure.gravatar.com\/avatar\/d4fe7459cfc51ff5129ce1a732bbef5928568b8092d412ef95611616376bbeed?s=96&d=mm&r=g","url":"https:\/\/secure.gravatar.com\/avatar\/d4fe7459cfc51ff5129ce1a732bbef5928568b8092d412ef95611616376bbeed?s=96&d=mm&r=g","contentUrl":"https:\/\/secure.gravatar.com\/avatar\/d4fe7459cfc51ff5129ce1a732bbef5928568b8092d412ef95611616376bbeed?s=96&d=mm&r=g","caption":"f1000024"},"url":"https:\/\/cvinoticias.com\/v3\/author\/f1000024\/"}]}},"_links":{"self":[{"href":"https:\/\/cvinoticias.com\/v3\/wp-json\/wp\/v2\/posts\/7123","targetHints":{"allow":["GET"]}}],"collection":[{"href":"https:\/\/cvinoticias.com\/v3\/wp-json\/wp\/v2\/posts"}],"about":[{"href":"https:\/\/cvinoticias.com\/v3\/wp-json\/wp\/v2\/types\/post"}],"author":[{"embeddable":true,"href":"https:\/\/cvinoticias.com\/v3\/wp-json\/wp\/v2\/users\/2"}],"replies":[{"embeddable":true,"href":"https:\/\/cvinoticias.com\/v3\/wp-json\/wp\/v2\/comments?post=7123"}],"version-history":[{"count":1,"href":"https:\/\/cvinoticias.com\/v3\/wp-json\/wp\/v2\/posts\/7123\/revisions"}],"predecessor-version":[{"id":7125,"href":"https:\/\/cvinoticias.com\/v3\/wp-json\/wp\/v2\/posts\/7123\/revisions\/7125"}],"wp:featuredmedia":[{"embeddable":true,"href":"https:\/\/cvinoticias.com\/v3\/wp-json\/wp\/v2\/media\/7124"}],"wp:attachment":[{"href":"https:\/\/cvinoticias.com\/v3\/wp-json\/wp\/v2\/media?parent=7123"}],"wp:term":[{"taxonomy":"category","embeddable":true,"href":"https:\/\/cvinoticias.com\/v3\/wp-json\/wp\/v2\/categories?post=7123"},{"taxonomy":"post_tag","embeddable":true,"href":"https:\/\/cvinoticias.com\/v3\/wp-json\/wp\/v2\/tags?post=7123"}],"curies":[{"name":"wp","href":"https:\/\/api.w.org\/{rel}","templated":true}]}}