{"id":7117,"date":"2021-07-27T00:12:50","date_gmt":"2021-07-27T00:12:50","guid":{"rendered":"https:\/\/cvinoticias.com\/v3\/?p=7117"},"modified":"2021-07-27T00:12:50","modified_gmt":"2021-07-27T00:12:50","slug":"con-este-aporte-ayudamos-a-mejorar-la-calidad-de-vida-de-nuestros-adultos-mayores-2","status":"publish","type":"post","link":"https:\/\/cvinoticias.com\/v3\/con-este-aporte-ayudamos-a-mejorar-la-calidad-de-vida-de-nuestros-adultos-mayores-2\/","title":{"rendered":"\u201cCon este aporte ayudamos a mejorar la calidad de vida de nuestros adultos mayores\u201d"},"content":{"rendered":"\n<p><strong><em>Durante la jornada del lunes en la ciudad de Eldorado, tuvo lugar el acto de entrega de una lavadora industrial al Hogar \u201cSanta Marta\u201d. La misma fue recibida por su presidenta Teresita Ziegler, qui\u00e9n se mostr\u00f3 profundamente agradecida por las gestiones que llev\u00f3 adelante la Diputada Nacional por el Frente de Todos, Cristina Britez, las que permitieron incorporar esta necesaria herramienta para el d\u00eda a d\u00eda del hogar.<\/em><\/strong><\/p>\n\n\n\n<p>El Hogar \u201cSanta Marta\u201d ubicado en la ciudad de Eldorado, Misiones, ideado por iniciativa del Padre Juan, y la colaboraci\u00f3n de toda la comunidad, cuenta actualmente con 29 adultos mayores, un plantel de 13 empleados, y doctores las 24 horas. \u201c<em>Es un hogar con m\u00e1s de 35 a\u00f1os en nuestra ciudad, comprometido con nuestros adultos, y este peque\u00f1o aporte ayuda a mejorar su calidad de vida<\/em>\u201d, remarc\u00f3 Cristina Britez.<\/p>\n\n\n\n<p>Particip\u00f3 adem\u00e1s del acto Pablo Ciejovicz, sub jefe de Obras Complementarias de la Entidad Nacional Yacyret\u00e1 quien en oportunidad de la entrega comprometi\u00f3 adem\u00e1s la adquisici\u00f3n de pa\u00f1ales durante un a\u00f1o. En tanto el equipo facilitado por Yacyret\u00e1 permitir\u00e1 al hogar un mejor desarrollo de las actividades por parte del personal. En este sentido, Teresita Ziegler enfatiz\u00f3: \u201c<em>agradecer tanto a la diputada Cristina Britez, c\u00f3mo a la entidad Yacyret\u00e1, su director, que se comprometieron y adquirieron esta lavadora que nos resulta de un gran valor<\/em>\u201d.<\/p>\n\n\n\n<p>\u201c<em>Hace un a\u00f1o se descompuso la nuestra, comenzamos a golpear puertas, y encontramos gracias al programa \u201cAgua buena\u201d la posibilidad de incorporar un equipo que en estas \u00e9pocas de invierno ayuda a higienizar todas las prendas de la instituci\u00f3n<\/em>\u201d, finaliz\u00f3 Ziegler. Para cerrar Britez agreg\u00f3 que a trav\u00e9s de la funci\u00f3n legislativa c\u00f3mo representaci\u00f3n p\u00fablica es posible contar con herramientas que acerquen recursos all\u00ed donde las urgencias lo requieren, c\u00f3mo en el caso de esta instituci\u00f3n que atiende adultos mayores en la ciudad de Eldorado.<\/p>\n","protected":false},"excerpt":{"rendered":"<p>Durante la jornada del lunes en la ciudad de Eldorado, tuvo lugar el acto de entrega de una lavadora industrial al Hogar \u201cSanta Marta\u201d. La misma fue recibida por su presidenta Teresita Ziegler, qui\u00e9n se mostr\u00f3 profundamente agradecida por las gestiones que llev\u00f3 adelante la Diputada Nacional por el Frente de Todos, Cristina Britez, las [&hellip;]<\/p>\n","protected":false},"author":2,"featured_media":7118,"comment_status":"open","ping_status":"open","sticky":false,"template":"","format":"standard","meta":{"footnotes":""},"categories":[43],"tags":[],"class_list":["post-7117","post","type-post","status-publish","format-standard","has-post-thumbnail","hentry","category-provinciales"],"yoast_head":"<!-- This site is optimized with the Yoast SEO plugin v27.5 - https:\/\/yoast.com\/product\/yoast-seo-wordpress\/ -->\n<title>\u201cCon este aporte ayudamos a mejorar la calidad de vida de nuestros adultos mayores\u201d | CVI NOTICIAS<\/title>\n<meta name=\"robots\" content=\"index, follow, max-snippet:-1, max-image-preview:large, max-video-preview:-1\" \/>\n<link rel=\"canonical\" href=\"https:\/\/cvinoticias.com\/v3\/con-este-aporte-ayudamos-a-mejorar-la-calidad-de-vida-de-nuestros-adultos-mayores-2\/\" \/>\n<meta property=\"og:locale\" content=\"es_ES\" \/>\n<meta property=\"og:type\" content=\"article\" \/>\n<meta property=\"og:title\" content=\"\u201cCon este aporte ayudamos a mejorar la calidad de vida de nuestros adultos mayores\u201d | CVI NOTICIAS\" \/>\n<meta property=\"og:description\" content=\"Durante la jornada del lunes en la ciudad de Eldorado, tuvo lugar el acto de entrega de una lavadora industrial al Hogar \u201cSanta Marta\u201d. La misma fue recibida por su presidenta Teresita Ziegler, qui\u00e9n se mostr\u00f3 profundamente agradecida por las gestiones que llev\u00f3 adelante la Diputada Nacional por el Frente de Todos, Cristina Britez, las [&hellip;]\" \/>\n<meta property=\"og:url\" content=\"https:\/\/cvinoticias.com\/v3\/con-este-aporte-ayudamos-a-mejorar-la-calidad-de-vida-de-nuestros-adultos-mayores-2\/\" \/>\n<meta property=\"og:site_name\" content=\"CVI NOTICIAS\" \/>\n<meta property=\"article:publisher\" content=\"https:\/\/www.facebook.com\/cvinoticias\" \/>\n<meta property=\"article:published_time\" content=\"2021-07-27T00:12:50+00:00\" \/>\n<meta property=\"og:image\" content=\"https:\/\/cvinoticias.com\/wp-content\/uploads\/2021\/07\/IMG-20210726-WA0052.jpg\" \/>\n\t<meta property=\"og:image:width\" content=\"758\" \/>\n\t<meta property=\"og:image:height\" content=\"506\" \/>\n\t<meta property=\"og:image:type\" content=\"image\/jpeg\" \/>\n<meta name=\"author\" content=\"f1000024\" \/>\n<meta name=\"twitter:card\" content=\"summary_large_image\" \/>\n<meta name=\"twitter:label1\" content=\"Escrito por\" \/>\n\t<meta name=\"twitter:data1\" content=\"f1000024\" \/>\n\t<meta name=\"twitter:label2\" content=\"Tiempo de lectura\" \/>\n\t<meta name=\"twitter:data2\" content=\"2 minutos\" \/>\n<script type=\"application\/ld+json\" class=\"yoast-schema-graph\">{\"@context\":\"https:\\\/\\\/schema.org\",\"@graph\":[{\"@type\":\"Article\",\"@id\":\"https:\\\/\\\/cvinoticias.com\\\/v3\\\/con-este-aporte-ayudamos-a-mejorar-la-calidad-de-vida-de-nuestros-adultos-mayores-2\\\/#article\",\"isPartOf\":{\"@id\":\"https:\\\/\\\/cvinoticias.com\\\/v3\\\/con-este-aporte-ayudamos-a-mejorar-la-calidad-de-vida-de-nuestros-adultos-mayores-2\\\/\"},\"author\":{\"name\":\"f1000024\",\"@id\":\"https:\\\/\\\/cvinoticias.com\\\/v3\\\/#\\\/schema\\\/person\\\/2db77e3c6bc03c538495d7b2b8be9b66\"},\"headline\":\"\u201cCon este aporte ayudamos a mejorar la calidad de vida de nuestros adultos mayores\u201d\",\"datePublished\":\"2021-07-27T00:12:50+00:00\",\"mainEntityOfPage\":{\"@id\":\"https:\\\/\\\/cvinoticias.com\\\/v3\\\/con-este-aporte-ayudamos-a-mejorar-la-calidad-de-vida-de-nuestros-adultos-mayores-2\\\/\"},\"wordCount\":339,\"commentCount\":0,\"publisher\":{\"@id\":\"https:\\\/\\\/cvinoticias.com\\\/v3\\\/#organization\"},\"image\":{\"@id\":\"https:\\\/\\\/cvinoticias.com\\\/v3\\\/con-este-aporte-ayudamos-a-mejorar-la-calidad-de-vida-de-nuestros-adultos-mayores-2\\\/#primaryimage\"},\"thumbnailUrl\":\"https:\\\/\\\/cvinoticias.com\\\/wp-content\\\/uploads\\\/2021\\\/07\\\/IMG-20210726-WA0052.jpg\",\"articleSection\":[\"Provinciales\"],\"inLanguage\":\"es\",\"potentialAction\":[{\"@type\":\"CommentAction\",\"name\":\"Comment\",\"target\":[\"https:\\\/\\\/cvinoticias.com\\\/v3\\\/con-este-aporte-ayudamos-a-mejorar-la-calidad-de-vida-de-nuestros-adultos-mayores-2\\\/#respond\"]}]},{\"@type\":\"WebPage\",\"@id\":\"https:\\\/\\\/cvinoticias.com\\\/v3\\\/con-este-aporte-ayudamos-a-mejorar-la-calidad-de-vida-de-nuestros-adultos-mayores-2\\\/\",\"url\":\"https:\\\/\\\/cvinoticias.com\\\/v3\\\/con-este-aporte-ayudamos-a-mejorar-la-calidad-de-vida-de-nuestros-adultos-mayores-2\\\/\",\"name\":\"\u201cCon este aporte ayudamos a mejorar la calidad de vida de nuestros adultos mayores\u201d | CVI NOTICIAS\",\"isPartOf\":{\"@id\":\"https:\\\/\\\/cvinoticias.com\\\/v3\\\/#website\"},\"primaryImageOfPage\":{\"@id\":\"https:\\\/\\\/cvinoticias.com\\\/v3\\\/con-este-aporte-ayudamos-a-mejorar-la-calidad-de-vida-de-nuestros-adultos-mayores-2\\\/#primaryimage\"},\"image\":{\"@id\":\"https:\\\/\\\/cvinoticias.com\\\/v3\\\/con-este-aporte-ayudamos-a-mejorar-la-calidad-de-vida-de-nuestros-adultos-mayores-2\\\/#primaryimage\"},\"thumbnailUrl\":\"https:\\\/\\\/cvinoticias.com\\\/wp-content\\\/uploads\\\/2021\\\/07\\\/IMG-20210726-WA0052.jpg\",\"datePublished\":\"2021-07-27T00:12:50+00:00\",\"breadcrumb\":{\"@id\":\"https:\\\/\\\/cvinoticias.com\\\/v3\\\/con-este-aporte-ayudamos-a-mejorar-la-calidad-de-vida-de-nuestros-adultos-mayores-2\\\/#breadcrumb\"},\"inLanguage\":\"es\",\"potentialAction\":[{\"@type\":\"ReadAction\",\"target\":[\"https:\\\/\\\/cvinoticias.com\\\/v3\\\/con-este-aporte-ayudamos-a-mejorar-la-calidad-de-vida-de-nuestros-adultos-mayores-2\\\/\"]}]},{\"@type\":\"ImageObject\",\"inLanguage\":\"es\",\"@id\":\"https:\\\/\\\/cvinoticias.com\\\/v3\\\/con-este-aporte-ayudamos-a-mejorar-la-calidad-de-vida-de-nuestros-adultos-mayores-2\\\/#primaryimage\",\"url\":\"https:\\\/\\\/cvinoticias.com\\\/wp-content\\\/uploads\\\/2021\\\/07\\\/IMG-20210726-WA0052.jpg\",\"contentUrl\":\"https:\\\/\\\/cvinoticias.com\\\/wp-content\\\/uploads\\\/2021\\\/07\\\/IMG-20210726-WA0052.jpg\",\"width\":758,\"height\":506},{\"@type\":\"BreadcrumbList\",\"@id\":\"https:\\\/\\\/cvinoticias.com\\\/v3\\\/con-este-aporte-ayudamos-a-mejorar-la-calidad-de-vida-de-nuestros-adultos-mayores-2\\\/#breadcrumb\",\"itemListElement\":[{\"@type\":\"ListItem\",\"position\":1,\"name\":\"Portada\",\"item\":\"https:\\\/\\\/cvinoticias.com\\\/v3\\\/\"},{\"@type\":\"ListItem\",\"position\":2,\"name\":\"\u201cCon este aporte ayudamos a mejorar la calidad de vida de nuestros adultos mayores\u201d\"}]},{\"@type\":\"WebSite\",\"@id\":\"https:\\\/\\\/cvinoticias.com\\\/v3\\\/#website\",\"url\":\"https:\\\/\\\/cvinoticias.com\\\/v3\\\/\",\"name\":\"CVI NOTICIAS\",\"description\":\"\",\"publisher\":{\"@id\":\"https:\\\/\\\/cvinoticias.com\\\/v3\\\/#organization\"},\"alternateName\":\"CVI\",\"potentialAction\":[{\"@type\":\"SearchAction\",\"target\":{\"@type\":\"EntryPoint\",\"urlTemplate\":\"https:\\\/\\\/cvinoticias.com\\\/v3\\\/?s={search_term_string}\"},\"query-input\":{\"@type\":\"PropertyValueSpecification\",\"valueRequired\":true,\"valueName\":\"search_term_string\"}}],\"inLanguage\":\"es\"},{\"@type\":\"Organization\",\"@id\":\"https:\\\/\\\/cvinoticias.com\\\/v3\\\/#organization\",\"name\":\"CVI NOTICIAS\",\"url\":\"https:\\\/\\\/cvinoticias.com\\\/v3\\\/\",\"logo\":{\"@type\":\"ImageObject\",\"inLanguage\":\"es\",\"@id\":\"https:\\\/\\\/cvinoticias.com\\\/v3\\\/#\\\/schema\\\/logo\\\/image\\\/\",\"url\":\"https:\\\/\\\/cvinoticias.com\\\/wp-content\\\/uploads\\\/2023\\\/04\\\/cropped-cropped-cropped-cropped-cropped-3-1.png\",\"contentUrl\":\"https:\\\/\\\/cvinoticias.com\\\/wp-content\\\/uploads\\\/2023\\\/04\\\/cropped-cropped-cropped-cropped-cropped-3-1.png\",\"width\":95,\"height\":122,\"caption\":\"CVI NOTICIAS\"},\"image\":{\"@id\":\"https:\\\/\\\/cvinoticias.com\\\/v3\\\/#\\\/schema\\\/logo\\\/image\\\/\"},\"sameAs\":[\"https:\\\/\\\/www.facebook.com\\\/cvinoticias\",\"https:\\\/\\\/www.instagram.com\\\/cvinoticias\\\/\",\"https:\\\/\\\/www.youtube.com\\\/@CVINOTICIAS\"]},{\"@type\":\"Person\",\"@id\":\"https:\\\/\\\/cvinoticias.com\\\/v3\\\/#\\\/schema\\\/person\\\/2db77e3c6bc03c538495d7b2b8be9b66\",\"name\":\"f1000024\",\"image\":{\"@type\":\"ImageObject\",\"inLanguage\":\"es\",\"@id\":\"https:\\\/\\\/secure.gravatar.com\\\/avatar\\\/d4fe7459cfc51ff5129ce1a732bbef5928568b8092d412ef95611616376bbeed?s=96&d=mm&r=g\",\"url\":\"https:\\\/\\\/secure.gravatar.com\\\/avatar\\\/d4fe7459cfc51ff5129ce1a732bbef5928568b8092d412ef95611616376bbeed?s=96&d=mm&r=g\",\"contentUrl\":\"https:\\\/\\\/secure.gravatar.com\\\/avatar\\\/d4fe7459cfc51ff5129ce1a732bbef5928568b8092d412ef95611616376bbeed?s=96&d=mm&r=g\",\"caption\":\"f1000024\"},\"url\":\"https:\\\/\\\/cvinoticias.com\\\/v3\\\/author\\\/f1000024\\\/\"}]}<\/script>\n<!-- \/ Yoast SEO plugin. -->","yoast_head_json":{"title":"\u201cCon este aporte ayudamos a mejorar la calidad de vida de nuestros adultos mayores\u201d | CVI NOTICIAS","robots":{"index":"index","follow":"follow","max-snippet":"max-snippet:-1","max-image-preview":"max-image-preview:large","max-video-preview":"max-video-preview:-1"},"canonical":"https:\/\/cvinoticias.com\/v3\/con-este-aporte-ayudamos-a-mejorar-la-calidad-de-vida-de-nuestros-adultos-mayores-2\/","og_locale":"es_ES","og_type":"article","og_title":"\u201cCon este aporte ayudamos a mejorar la calidad de vida de nuestros adultos mayores\u201d | CVI NOTICIAS","og_description":"Durante la jornada del lunes en la ciudad de Eldorado, tuvo lugar el acto de entrega de una lavadora industrial al Hogar \u201cSanta Marta\u201d. La misma fue recibida por su presidenta Teresita Ziegler, qui\u00e9n se mostr\u00f3 profundamente agradecida por las gestiones que llev\u00f3 adelante la Diputada Nacional por el Frente de Todos, Cristina Britez, las [&hellip;]","og_url":"https:\/\/cvinoticias.com\/v3\/con-este-aporte-ayudamos-a-mejorar-la-calidad-de-vida-de-nuestros-adultos-mayores-2\/","og_site_name":"CVI NOTICIAS","article_publisher":"https:\/\/www.facebook.com\/cvinoticias","article_published_time":"2021-07-27T00:12:50+00:00","og_image":[{"width":758,"height":506,"url":"https:\/\/cvinoticias.com\/wp-content\/uploads\/2021\/07\/IMG-20210726-WA0052.jpg","type":"image\/jpeg"}],"author":"f1000024","twitter_card":"summary_large_image","twitter_misc":{"Escrito por":"f1000024","Tiempo de lectura":"2 minutos"},"schema":{"@context":"https:\/\/schema.org","@graph":[{"@type":"Article","@id":"https:\/\/cvinoticias.com\/v3\/con-este-aporte-ayudamos-a-mejorar-la-calidad-de-vida-de-nuestros-adultos-mayores-2\/#article","isPartOf":{"@id":"https:\/\/cvinoticias.com\/v3\/con-este-aporte-ayudamos-a-mejorar-la-calidad-de-vida-de-nuestros-adultos-mayores-2\/"},"author":{"name":"f1000024","@id":"https:\/\/cvinoticias.com\/v3\/#\/schema\/person\/2db77e3c6bc03c538495d7b2b8be9b66"},"headline":"\u201cCon este aporte ayudamos a mejorar la calidad de vida de nuestros adultos mayores\u201d","datePublished":"2021-07-27T00:12:50+00:00","mainEntityOfPage":{"@id":"https:\/\/cvinoticias.com\/v3\/con-este-aporte-ayudamos-a-mejorar-la-calidad-de-vida-de-nuestros-adultos-mayores-2\/"},"wordCount":339,"commentCount":0,"publisher":{"@id":"https:\/\/cvinoticias.com\/v3\/#organization"},"image":{"@id":"https:\/\/cvinoticias.com\/v3\/con-este-aporte-ayudamos-a-mejorar-la-calidad-de-vida-de-nuestros-adultos-mayores-2\/#primaryimage"},"thumbnailUrl":"https:\/\/cvinoticias.com\/wp-content\/uploads\/2021\/07\/IMG-20210726-WA0052.jpg","articleSection":["Provinciales"],"inLanguage":"es","potentialAction":[{"@type":"CommentAction","name":"Comment","target":["https:\/\/cvinoticias.com\/v3\/con-este-aporte-ayudamos-a-mejorar-la-calidad-de-vida-de-nuestros-adultos-mayores-2\/#respond"]}]},{"@type":"WebPage","@id":"https:\/\/cvinoticias.com\/v3\/con-este-aporte-ayudamos-a-mejorar-la-calidad-de-vida-de-nuestros-adultos-mayores-2\/","url":"https:\/\/cvinoticias.com\/v3\/con-este-aporte-ayudamos-a-mejorar-la-calidad-de-vida-de-nuestros-adultos-mayores-2\/","name":"\u201cCon este aporte ayudamos a mejorar la calidad de vida de nuestros adultos mayores\u201d | CVI NOTICIAS","isPartOf":{"@id":"https:\/\/cvinoticias.com\/v3\/#website"},"primaryImageOfPage":{"@id":"https:\/\/cvinoticias.com\/v3\/con-este-aporte-ayudamos-a-mejorar-la-calidad-de-vida-de-nuestros-adultos-mayores-2\/#primaryimage"},"image":{"@id":"https:\/\/cvinoticias.com\/v3\/con-este-aporte-ayudamos-a-mejorar-la-calidad-de-vida-de-nuestros-adultos-mayores-2\/#primaryimage"},"thumbnailUrl":"https:\/\/cvinoticias.com\/wp-content\/uploads\/2021\/07\/IMG-20210726-WA0052.jpg","datePublished":"2021-07-27T00:12:50+00:00","breadcrumb":{"@id":"https:\/\/cvinoticias.com\/v3\/con-este-aporte-ayudamos-a-mejorar-la-calidad-de-vida-de-nuestros-adultos-mayores-2\/#breadcrumb"},"inLanguage":"es","potentialAction":[{"@type":"ReadAction","target":["https:\/\/cvinoticias.com\/v3\/con-este-aporte-ayudamos-a-mejorar-la-calidad-de-vida-de-nuestros-adultos-mayores-2\/"]}]},{"@type":"ImageObject","inLanguage":"es","@id":"https:\/\/cvinoticias.com\/v3\/con-este-aporte-ayudamos-a-mejorar-la-calidad-de-vida-de-nuestros-adultos-mayores-2\/#primaryimage","url":"https:\/\/cvinoticias.com\/wp-content\/uploads\/2021\/07\/IMG-20210726-WA0052.jpg","contentUrl":"https:\/\/cvinoticias.com\/wp-content\/uploads\/2021\/07\/IMG-20210726-WA0052.jpg","width":758,"height":506},{"@type":"BreadcrumbList","@id":"https:\/\/cvinoticias.com\/v3\/con-este-aporte-ayudamos-a-mejorar-la-calidad-de-vida-de-nuestros-adultos-mayores-2\/#breadcrumb","itemListElement":[{"@type":"ListItem","position":1,"name":"Portada","item":"https:\/\/cvinoticias.com\/v3\/"},{"@type":"ListItem","position":2,"name":"\u201cCon este aporte ayudamos a mejorar la calidad de vida de nuestros adultos mayores\u201d"}]},{"@type":"WebSite","@id":"https:\/\/cvinoticias.com\/v3\/#website","url":"https:\/\/cvinoticias.com\/v3\/","name":"CVI NOTICIAS","description":"","publisher":{"@id":"https:\/\/cvinoticias.com\/v3\/#organization"},"alternateName":"CVI","potentialAction":[{"@type":"SearchAction","target":{"@type":"EntryPoint","urlTemplate":"https:\/\/cvinoticias.com\/v3\/?s={search_term_string}"},"query-input":{"@type":"PropertyValueSpecification","valueRequired":true,"valueName":"search_term_string"}}],"inLanguage":"es"},{"@type":"Organization","@id":"https:\/\/cvinoticias.com\/v3\/#organization","name":"CVI NOTICIAS","url":"https:\/\/cvinoticias.com\/v3\/","logo":{"@type":"ImageObject","inLanguage":"es","@id":"https:\/\/cvinoticias.com\/v3\/#\/schema\/logo\/image\/","url":"https:\/\/cvinoticias.com\/wp-content\/uploads\/2023\/04\/cropped-cropped-cropped-cropped-cropped-3-1.png","contentUrl":"https:\/\/cvinoticias.com\/wp-content\/uploads\/2023\/04\/cropped-cropped-cropped-cropped-cropped-3-1.png","width":95,"height":122,"caption":"CVI NOTICIAS"},"image":{"@id":"https:\/\/cvinoticias.com\/v3\/#\/schema\/logo\/image\/"},"sameAs":["https:\/\/www.facebook.com\/cvinoticias","https:\/\/www.instagram.com\/cvinoticias\/","https:\/\/www.youtube.com\/@CVINOTICIAS"]},{"@type":"Person","@id":"https:\/\/cvinoticias.com\/v3\/#\/schema\/person\/2db77e3c6bc03c538495d7b2b8be9b66","name":"f1000024","image":{"@type":"ImageObject","inLanguage":"es","@id":"https:\/\/secure.gravatar.com\/avatar\/d4fe7459cfc51ff5129ce1a732bbef5928568b8092d412ef95611616376bbeed?s=96&d=mm&r=g","url":"https:\/\/secure.gravatar.com\/avatar\/d4fe7459cfc51ff5129ce1a732bbef5928568b8092d412ef95611616376bbeed?s=96&d=mm&r=g","contentUrl":"https:\/\/secure.gravatar.com\/avatar\/d4fe7459cfc51ff5129ce1a732bbef5928568b8092d412ef95611616376bbeed?s=96&d=mm&r=g","caption":"f1000024"},"url":"https:\/\/cvinoticias.com\/v3\/author\/f1000024\/"}]}},"_links":{"self":[{"href":"https:\/\/cvinoticias.com\/v3\/wp-json\/wp\/v2\/posts\/7117","targetHints":{"allow":["GET"]}}],"collection":[{"href":"https:\/\/cvinoticias.com\/v3\/wp-json\/wp\/v2\/posts"}],"about":[{"href":"https:\/\/cvinoticias.com\/v3\/wp-json\/wp\/v2\/types\/post"}],"author":[{"embeddable":true,"href":"https:\/\/cvinoticias.com\/v3\/wp-json\/wp\/v2\/users\/2"}],"replies":[{"embeddable":true,"href":"https:\/\/cvinoticias.com\/v3\/wp-json\/wp\/v2\/comments?post=7117"}],"version-history":[{"count":1,"href":"https:\/\/cvinoticias.com\/v3\/wp-json\/wp\/v2\/posts\/7117\/revisions"}],"predecessor-version":[{"id":7119,"href":"https:\/\/cvinoticias.com\/v3\/wp-json\/wp\/v2\/posts\/7117\/revisions\/7119"}],"wp:featuredmedia":[{"embeddable":true,"href":"https:\/\/cvinoticias.com\/v3\/wp-json\/wp\/v2\/media\/7118"}],"wp:attachment":[{"href":"https:\/\/cvinoticias.com\/v3\/wp-json\/wp\/v2\/media?parent=7117"}],"wp:term":[{"taxonomy":"category","embeddable":true,"href":"https:\/\/cvinoticias.com\/v3\/wp-json\/wp\/v2\/categories?post=7117"},{"taxonomy":"post_tag","embeddable":true,"href":"https:\/\/cvinoticias.com\/v3\/wp-json\/wp\/v2\/tags?post=7117"}],"curies":[{"name":"wp","href":"https:\/\/api.w.org\/{rel}","templated":true}]}}