{"id":7113,"date":"2021-07-26T20:09:29","date_gmt":"2021-07-26T20:09:29","guid":{"rendered":"https:\/\/cvinoticias.com\/v3\/?p=7113"},"modified":"2021-07-26T20:09:29","modified_gmt":"2021-07-26T20:09:29","slug":"iguazu-wanda-la-policia-recupero-una-motocicleta-y-una-bicicleta-en-operativos-de-prevencion","status":"publish","type":"post","link":"https:\/\/cvinoticias.com\/v3\/iguazu-wanda-la-policia-recupero-una-motocicleta-y-una-bicicleta-en-operativos-de-prevencion\/","title":{"rendered":"Iguaz\u00fa &#8211; Wanda: La Polic\u00eda recuper\u00f3 una motocicleta y una bicicleta en operativos de prevenci\u00f3n"},"content":{"rendered":"\n<p><strong><em>Ocurri\u00f3 en en el marco de los operativos de prevenci\u00f3n y el primer procedimiento fue realizado por efectivos de la Divisi\u00f3n investigaciones de la Unidad Regional V quienes recuperaron una motocicleta marca Keller de 110 c.c, que ya hab\u00eda sido comercializada a un vecino del barrio Villa Alta.<\/em><\/strong><\/p>\n\n\n\n<p>Tras verificar los datos del rodado se constat\u00f3 que ten\u00eda pedido de secuestro por haber sido sustra\u00edda horas antes a una joven de 24 a\u00f1os. El vecino, hizo entrega del motoveh\u00edculo al constatar que su procedencia era il\u00edcita. Los uniformados identificaron al sospechoso, un joven de 17 a\u00f1os quien fue puesto a disposici\u00f3n de la justicia de menores.<\/p>\n\n\n\n<p>En tanto, en el segundo procedimiento en la localidad de Wanda, los efectivos tomaron conocimiento de la sustracci\u00f3n de una bicicleta de una vivienda ubicada en el barrio Piedras Preciosas. Tras averiguaciones, los investigadores llegaron hasta una vivienda ubicada en el mismo barrio donde una joven habr\u00eda adquirido el rodado desconociendo su procedencia y no dud\u00f3 en hacer entrega a los uniformados quienes procedieron al secuestro del rodado y al traslado del objeto a la dependencia policial, el cual luego de los tr\u00e1mites de rigor fue restituido a su propietario.<\/p>\n\n\n\n<figure class=\"wp-block-image size-full\"><a href=\"https:\/\/cvinoticias.com\/wp-content\/uploads\/2021\/07\/FB_IMG_1627329953429.jpg\"><img decoding=\"async\" width=\"929\" height=\"960\" data-src=\"https:\/\/cvinoticias.com\/wp-content\/uploads\/2021\/07\/FB_IMG_1627329953429.jpg\" alt=\"\" class=\"wp-image-7115 lazyload\" data-srcset=\"https:\/\/cvinoticias.com\/wp-content\/uploads\/2021\/07\/FB_IMG_1627329953429.jpg 929w, https:\/\/cvinoticias.com\/wp-content\/uploads\/2021\/07\/FB_IMG_1627329953429-290x300.jpg 290w, https:\/\/cvinoticias.com\/wp-content\/uploads\/2021\/07\/FB_IMG_1627329953429-768x794.jpg 768w\" data-sizes=\"(max-width: 929px) 100vw, 929px\" src=\"data:image\/svg+xml;base64,PHN2ZyB3aWR0aD0iMSIgaGVpZ2h0PSIxIiB4bWxucz0iaHR0cDovL3d3dy53My5vcmcvMjAwMC9zdmciPjwvc3ZnPg==\" style=\"--smush-placeholder-width: 929px; --smush-placeholder-aspect-ratio: 929\/960;\" \/><\/a><\/figure>\n","protected":false},"excerpt":{"rendered":"<p>Ocurri\u00f3 en en el marco de los operativos de prevenci\u00f3n y el primer procedimiento fue realizado por efectivos de la Divisi\u00f3n investigaciones de la Unidad Regional V quienes recuperaron una motocicleta marca Keller de 110 c.c, que ya hab\u00eda sido comercializada a un vecino del barrio Villa Alta. Tras verificar los datos del rodado se [&hellip;]<\/p>\n","protected":false},"author":2,"featured_media":7114,"comment_status":"open","ping_status":"open","sticky":false,"template":"","format":"standard","meta":{"footnotes":""},"categories":[41],"tags":[],"class_list":["post-7113","post","type-post","status-publish","format-standard","has-post-thumbnail","hentry","category-policiales"],"yoast_head":"<!-- This site is optimized with the Yoast SEO plugin v27.4 - https:\/\/yoast.com\/product\/yoast-seo-wordpress\/ -->\n<title>Iguaz\u00fa - Wanda: La Polic\u00eda recuper\u00f3 una motocicleta y una bicicleta en operativos de prevenci\u00f3n | CVI NOTICIAS<\/title>\n<meta name=\"robots\" content=\"index, follow, max-snippet:-1, max-image-preview:large, max-video-preview:-1\" \/>\n<link rel=\"canonical\" href=\"https:\/\/cvinoticias.com\/v3\/iguazu-wanda-la-policia-recupero-una-motocicleta-y-una-bicicleta-en-operativos-de-prevencion\/\" \/>\n<meta property=\"og:locale\" content=\"es_ES\" \/>\n<meta property=\"og:type\" content=\"article\" \/>\n<meta property=\"og:title\" content=\"Iguaz\u00fa - Wanda: La Polic\u00eda recuper\u00f3 una motocicleta y una bicicleta en operativos de prevenci\u00f3n | CVI NOTICIAS\" \/>\n<meta property=\"og:description\" content=\"Ocurri\u00f3 en en el marco de los operativos de prevenci\u00f3n y el primer procedimiento fue realizado por efectivos de la Divisi\u00f3n investigaciones de la Unidad Regional V quienes recuperaron una motocicleta marca Keller de 110 c.c, que ya hab\u00eda sido comercializada a un vecino del barrio Villa Alta. Tras verificar los datos del rodado se [&hellip;]\" \/>\n<meta property=\"og:url\" content=\"https:\/\/cvinoticias.com\/v3\/iguazu-wanda-la-policia-recupero-una-motocicleta-y-una-bicicleta-en-operativos-de-prevencion\/\" \/>\n<meta property=\"og:site_name\" content=\"CVI NOTICIAS\" \/>\n<meta property=\"article:publisher\" content=\"https:\/\/www.facebook.com\/cvinoticias\" \/>\n<meta property=\"article:published_time\" content=\"2021-07-26T20:09:29+00:00\" \/>\n<meta property=\"og:image\" content=\"https:\/\/cvinoticias.com\/wp-content\/uploads\/2021\/07\/FB_IMG_1627329950968.jpg\" \/>\n\t<meta property=\"og:image:width\" content=\"824\" \/>\n\t<meta property=\"og:image:height\" content=\"960\" \/>\n\t<meta property=\"og:image:type\" content=\"image\/jpeg\" \/>\n<meta name=\"author\" content=\"f1000024\" \/>\n<meta name=\"twitter:card\" content=\"summary_large_image\" \/>\n<meta name=\"twitter:label1\" content=\"Escrito por\" \/>\n\t<meta name=\"twitter:data1\" content=\"f1000024\" \/>\n\t<meta name=\"twitter:label2\" content=\"Tiempo de lectura\" \/>\n\t<meta name=\"twitter:data2\" content=\"1 minuto\" \/>\n<script type=\"application\/ld+json\" class=\"yoast-schema-graph\">{\"@context\":\"https:\\\/\\\/schema.org\",\"@graph\":[{\"@type\":\"Article\",\"@id\":\"https:\\\/\\\/cvinoticias.com\\\/v3\\\/iguazu-wanda-la-policia-recupero-una-motocicleta-y-una-bicicleta-en-operativos-de-prevencion\\\/#article\",\"isPartOf\":{\"@id\":\"https:\\\/\\\/cvinoticias.com\\\/v3\\\/iguazu-wanda-la-policia-recupero-una-motocicleta-y-una-bicicleta-en-operativos-de-prevencion\\\/\"},\"author\":{\"name\":\"f1000024\",\"@id\":\"https:\\\/\\\/cvinoticias.com\\\/v3\\\/#\\\/schema\\\/person\\\/2db77e3c6bc03c538495d7b2b8be9b66\"},\"headline\":\"Iguaz\u00fa &#8211; Wanda: La Polic\u00eda recuper\u00f3 una motocicleta y una bicicleta en operativos de prevenci\u00f3n\",\"datePublished\":\"2021-07-26T20:09:29+00:00\",\"mainEntityOfPage\":{\"@id\":\"https:\\\/\\\/cvinoticias.com\\\/v3\\\/iguazu-wanda-la-policia-recupero-una-motocicleta-y-una-bicicleta-en-operativos-de-prevencion\\\/\"},\"wordCount\":224,\"commentCount\":0,\"publisher\":{\"@id\":\"https:\\\/\\\/cvinoticias.com\\\/v3\\\/#organization\"},\"image\":{\"@id\":\"https:\\\/\\\/cvinoticias.com\\\/v3\\\/iguazu-wanda-la-policia-recupero-una-motocicleta-y-una-bicicleta-en-operativos-de-prevencion\\\/#primaryimage\"},\"thumbnailUrl\":\"https:\\\/\\\/cvinoticias.com\\\/wp-content\\\/uploads\\\/2021\\\/07\\\/FB_IMG_1627329950968.jpg\",\"articleSection\":[\"Policiales\"],\"inLanguage\":\"es\",\"potentialAction\":[{\"@type\":\"CommentAction\",\"name\":\"Comment\",\"target\":[\"https:\\\/\\\/cvinoticias.com\\\/v3\\\/iguazu-wanda-la-policia-recupero-una-motocicleta-y-una-bicicleta-en-operativos-de-prevencion\\\/#respond\"]}]},{\"@type\":\"WebPage\",\"@id\":\"https:\\\/\\\/cvinoticias.com\\\/v3\\\/iguazu-wanda-la-policia-recupero-una-motocicleta-y-una-bicicleta-en-operativos-de-prevencion\\\/\",\"url\":\"https:\\\/\\\/cvinoticias.com\\\/v3\\\/iguazu-wanda-la-policia-recupero-una-motocicleta-y-una-bicicleta-en-operativos-de-prevencion\\\/\",\"name\":\"Iguaz\u00fa - Wanda: La Polic\u00eda recuper\u00f3 una motocicleta y una bicicleta en operativos de prevenci\u00f3n | CVI NOTICIAS\",\"isPartOf\":{\"@id\":\"https:\\\/\\\/cvinoticias.com\\\/v3\\\/#website\"},\"primaryImageOfPage\":{\"@id\":\"https:\\\/\\\/cvinoticias.com\\\/v3\\\/iguazu-wanda-la-policia-recupero-una-motocicleta-y-una-bicicleta-en-operativos-de-prevencion\\\/#primaryimage\"},\"image\":{\"@id\":\"https:\\\/\\\/cvinoticias.com\\\/v3\\\/iguazu-wanda-la-policia-recupero-una-motocicleta-y-una-bicicleta-en-operativos-de-prevencion\\\/#primaryimage\"},\"thumbnailUrl\":\"https:\\\/\\\/cvinoticias.com\\\/wp-content\\\/uploads\\\/2021\\\/07\\\/FB_IMG_1627329950968.jpg\",\"datePublished\":\"2021-07-26T20:09:29+00:00\",\"breadcrumb\":{\"@id\":\"https:\\\/\\\/cvinoticias.com\\\/v3\\\/iguazu-wanda-la-policia-recupero-una-motocicleta-y-una-bicicleta-en-operativos-de-prevencion\\\/#breadcrumb\"},\"inLanguage\":\"es\",\"potentialAction\":[{\"@type\":\"ReadAction\",\"target\":[\"https:\\\/\\\/cvinoticias.com\\\/v3\\\/iguazu-wanda-la-policia-recupero-una-motocicleta-y-una-bicicleta-en-operativos-de-prevencion\\\/\"]}]},{\"@type\":\"ImageObject\",\"inLanguage\":\"es\",\"@id\":\"https:\\\/\\\/cvinoticias.com\\\/v3\\\/iguazu-wanda-la-policia-recupero-una-motocicleta-y-una-bicicleta-en-operativos-de-prevencion\\\/#primaryimage\",\"url\":\"https:\\\/\\\/cvinoticias.com\\\/wp-content\\\/uploads\\\/2021\\\/07\\\/FB_IMG_1627329950968.jpg\",\"contentUrl\":\"https:\\\/\\\/cvinoticias.com\\\/wp-content\\\/uploads\\\/2021\\\/07\\\/FB_IMG_1627329950968.jpg\",\"width\":824,\"height\":960},{\"@type\":\"BreadcrumbList\",\"@id\":\"https:\\\/\\\/cvinoticias.com\\\/v3\\\/iguazu-wanda-la-policia-recupero-una-motocicleta-y-una-bicicleta-en-operativos-de-prevencion\\\/#breadcrumb\",\"itemListElement\":[{\"@type\":\"ListItem\",\"position\":1,\"name\":\"Portada\",\"item\":\"https:\\\/\\\/cvinoticias.com\\\/v3\\\/\"},{\"@type\":\"ListItem\",\"position\":2,\"name\":\"Iguaz\u00fa &#8211; Wanda: La Polic\u00eda recuper\u00f3 una motocicleta y una bicicleta en operativos de prevenci\u00f3n\"}]},{\"@type\":\"WebSite\",\"@id\":\"https:\\\/\\\/cvinoticias.com\\\/v3\\\/#website\",\"url\":\"https:\\\/\\\/cvinoticias.com\\\/v3\\\/\",\"name\":\"CVI NOTICIAS\",\"description\":\"\",\"publisher\":{\"@id\":\"https:\\\/\\\/cvinoticias.com\\\/v3\\\/#organization\"},\"alternateName\":\"CVI\",\"potentialAction\":[{\"@type\":\"SearchAction\",\"target\":{\"@type\":\"EntryPoint\",\"urlTemplate\":\"https:\\\/\\\/cvinoticias.com\\\/v3\\\/?s={search_term_string}\"},\"query-input\":{\"@type\":\"PropertyValueSpecification\",\"valueRequired\":true,\"valueName\":\"search_term_string\"}}],\"inLanguage\":\"es\"},{\"@type\":\"Organization\",\"@id\":\"https:\\\/\\\/cvinoticias.com\\\/v3\\\/#organization\",\"name\":\"CVI NOTICIAS\",\"url\":\"https:\\\/\\\/cvinoticias.com\\\/v3\\\/\",\"logo\":{\"@type\":\"ImageObject\",\"inLanguage\":\"es\",\"@id\":\"https:\\\/\\\/cvinoticias.com\\\/v3\\\/#\\\/schema\\\/logo\\\/image\\\/\",\"url\":\"https:\\\/\\\/cvinoticias.com\\\/wp-content\\\/uploads\\\/2023\\\/04\\\/cropped-cropped-cropped-cropped-cropped-3-1.png\",\"contentUrl\":\"https:\\\/\\\/cvinoticias.com\\\/wp-content\\\/uploads\\\/2023\\\/04\\\/cropped-cropped-cropped-cropped-cropped-3-1.png\",\"width\":95,\"height\":122,\"caption\":\"CVI NOTICIAS\"},\"image\":{\"@id\":\"https:\\\/\\\/cvinoticias.com\\\/v3\\\/#\\\/schema\\\/logo\\\/image\\\/\"},\"sameAs\":[\"https:\\\/\\\/www.facebook.com\\\/cvinoticias\",\"https:\\\/\\\/www.instagram.com\\\/cvinoticias\\\/\",\"https:\\\/\\\/www.youtube.com\\\/@CVINOTICIAS\"]},{\"@type\":\"Person\",\"@id\":\"https:\\\/\\\/cvinoticias.com\\\/v3\\\/#\\\/schema\\\/person\\\/2db77e3c6bc03c538495d7b2b8be9b66\",\"name\":\"f1000024\",\"image\":{\"@type\":\"ImageObject\",\"inLanguage\":\"es\",\"@id\":\"https:\\\/\\\/secure.gravatar.com\\\/avatar\\\/d4fe7459cfc51ff5129ce1a732bbef5928568b8092d412ef95611616376bbeed?s=96&d=mm&r=g\",\"url\":\"https:\\\/\\\/secure.gravatar.com\\\/avatar\\\/d4fe7459cfc51ff5129ce1a732bbef5928568b8092d412ef95611616376bbeed?s=96&d=mm&r=g\",\"contentUrl\":\"https:\\\/\\\/secure.gravatar.com\\\/avatar\\\/d4fe7459cfc51ff5129ce1a732bbef5928568b8092d412ef95611616376bbeed?s=96&d=mm&r=g\",\"caption\":\"f1000024\"},\"url\":\"https:\\\/\\\/cvinoticias.com\\\/v3\\\/author\\\/f1000024\\\/\"}]}<\/script>\n<!-- \/ Yoast SEO plugin. -->","yoast_head_json":{"title":"Iguaz\u00fa - Wanda: La Polic\u00eda recuper\u00f3 una motocicleta y una bicicleta en operativos de prevenci\u00f3n | CVI NOTICIAS","robots":{"index":"index","follow":"follow","max-snippet":"max-snippet:-1","max-image-preview":"max-image-preview:large","max-video-preview":"max-video-preview:-1"},"canonical":"https:\/\/cvinoticias.com\/v3\/iguazu-wanda-la-policia-recupero-una-motocicleta-y-una-bicicleta-en-operativos-de-prevencion\/","og_locale":"es_ES","og_type":"article","og_title":"Iguaz\u00fa - Wanda: La Polic\u00eda recuper\u00f3 una motocicleta y una bicicleta en operativos de prevenci\u00f3n | CVI NOTICIAS","og_description":"Ocurri\u00f3 en en el marco de los operativos de prevenci\u00f3n y el primer procedimiento fue realizado por efectivos de la Divisi\u00f3n investigaciones de la Unidad Regional V quienes recuperaron una motocicleta marca Keller de 110 c.c, que ya hab\u00eda sido comercializada a un vecino del barrio Villa Alta. Tras verificar los datos del rodado se [&hellip;]","og_url":"https:\/\/cvinoticias.com\/v3\/iguazu-wanda-la-policia-recupero-una-motocicleta-y-una-bicicleta-en-operativos-de-prevencion\/","og_site_name":"CVI NOTICIAS","article_publisher":"https:\/\/www.facebook.com\/cvinoticias","article_published_time":"2021-07-26T20:09:29+00:00","og_image":[{"width":824,"height":960,"url":"https:\/\/cvinoticias.com\/wp-content\/uploads\/2021\/07\/FB_IMG_1627329950968.jpg","type":"image\/jpeg"}],"author":"f1000024","twitter_card":"summary_large_image","twitter_misc":{"Escrito por":"f1000024","Tiempo de lectura":"1 minuto"},"schema":{"@context":"https:\/\/schema.org","@graph":[{"@type":"Article","@id":"https:\/\/cvinoticias.com\/v3\/iguazu-wanda-la-policia-recupero-una-motocicleta-y-una-bicicleta-en-operativos-de-prevencion\/#article","isPartOf":{"@id":"https:\/\/cvinoticias.com\/v3\/iguazu-wanda-la-policia-recupero-una-motocicleta-y-una-bicicleta-en-operativos-de-prevencion\/"},"author":{"name":"f1000024","@id":"https:\/\/cvinoticias.com\/v3\/#\/schema\/person\/2db77e3c6bc03c538495d7b2b8be9b66"},"headline":"Iguaz\u00fa &#8211; Wanda: La Polic\u00eda recuper\u00f3 una motocicleta y una bicicleta en operativos de prevenci\u00f3n","datePublished":"2021-07-26T20:09:29+00:00","mainEntityOfPage":{"@id":"https:\/\/cvinoticias.com\/v3\/iguazu-wanda-la-policia-recupero-una-motocicleta-y-una-bicicleta-en-operativos-de-prevencion\/"},"wordCount":224,"commentCount":0,"publisher":{"@id":"https:\/\/cvinoticias.com\/v3\/#organization"},"image":{"@id":"https:\/\/cvinoticias.com\/v3\/iguazu-wanda-la-policia-recupero-una-motocicleta-y-una-bicicleta-en-operativos-de-prevencion\/#primaryimage"},"thumbnailUrl":"https:\/\/cvinoticias.com\/wp-content\/uploads\/2021\/07\/FB_IMG_1627329950968.jpg","articleSection":["Policiales"],"inLanguage":"es","potentialAction":[{"@type":"CommentAction","name":"Comment","target":["https:\/\/cvinoticias.com\/v3\/iguazu-wanda-la-policia-recupero-una-motocicleta-y-una-bicicleta-en-operativos-de-prevencion\/#respond"]}]},{"@type":"WebPage","@id":"https:\/\/cvinoticias.com\/v3\/iguazu-wanda-la-policia-recupero-una-motocicleta-y-una-bicicleta-en-operativos-de-prevencion\/","url":"https:\/\/cvinoticias.com\/v3\/iguazu-wanda-la-policia-recupero-una-motocicleta-y-una-bicicleta-en-operativos-de-prevencion\/","name":"Iguaz\u00fa - Wanda: La Polic\u00eda recuper\u00f3 una motocicleta y una bicicleta en operativos de prevenci\u00f3n | CVI NOTICIAS","isPartOf":{"@id":"https:\/\/cvinoticias.com\/v3\/#website"},"primaryImageOfPage":{"@id":"https:\/\/cvinoticias.com\/v3\/iguazu-wanda-la-policia-recupero-una-motocicleta-y-una-bicicleta-en-operativos-de-prevencion\/#primaryimage"},"image":{"@id":"https:\/\/cvinoticias.com\/v3\/iguazu-wanda-la-policia-recupero-una-motocicleta-y-una-bicicleta-en-operativos-de-prevencion\/#primaryimage"},"thumbnailUrl":"https:\/\/cvinoticias.com\/wp-content\/uploads\/2021\/07\/FB_IMG_1627329950968.jpg","datePublished":"2021-07-26T20:09:29+00:00","breadcrumb":{"@id":"https:\/\/cvinoticias.com\/v3\/iguazu-wanda-la-policia-recupero-una-motocicleta-y-una-bicicleta-en-operativos-de-prevencion\/#breadcrumb"},"inLanguage":"es","potentialAction":[{"@type":"ReadAction","target":["https:\/\/cvinoticias.com\/v3\/iguazu-wanda-la-policia-recupero-una-motocicleta-y-una-bicicleta-en-operativos-de-prevencion\/"]}]},{"@type":"ImageObject","inLanguage":"es","@id":"https:\/\/cvinoticias.com\/v3\/iguazu-wanda-la-policia-recupero-una-motocicleta-y-una-bicicleta-en-operativos-de-prevencion\/#primaryimage","url":"https:\/\/cvinoticias.com\/wp-content\/uploads\/2021\/07\/FB_IMG_1627329950968.jpg","contentUrl":"https:\/\/cvinoticias.com\/wp-content\/uploads\/2021\/07\/FB_IMG_1627329950968.jpg","width":824,"height":960},{"@type":"BreadcrumbList","@id":"https:\/\/cvinoticias.com\/v3\/iguazu-wanda-la-policia-recupero-una-motocicleta-y-una-bicicleta-en-operativos-de-prevencion\/#breadcrumb","itemListElement":[{"@type":"ListItem","position":1,"name":"Portada","item":"https:\/\/cvinoticias.com\/v3\/"},{"@type":"ListItem","position":2,"name":"Iguaz\u00fa &#8211; Wanda: La Polic\u00eda recuper\u00f3 una motocicleta y una bicicleta en operativos de prevenci\u00f3n"}]},{"@type":"WebSite","@id":"https:\/\/cvinoticias.com\/v3\/#website","url":"https:\/\/cvinoticias.com\/v3\/","name":"CVI NOTICIAS","description":"","publisher":{"@id":"https:\/\/cvinoticias.com\/v3\/#organization"},"alternateName":"CVI","potentialAction":[{"@type":"SearchAction","target":{"@type":"EntryPoint","urlTemplate":"https:\/\/cvinoticias.com\/v3\/?s={search_term_string}"},"query-input":{"@type":"PropertyValueSpecification","valueRequired":true,"valueName":"search_term_string"}}],"inLanguage":"es"},{"@type":"Organization","@id":"https:\/\/cvinoticias.com\/v3\/#organization","name":"CVI NOTICIAS","url":"https:\/\/cvinoticias.com\/v3\/","logo":{"@type":"ImageObject","inLanguage":"es","@id":"https:\/\/cvinoticias.com\/v3\/#\/schema\/logo\/image\/","url":"https:\/\/cvinoticias.com\/wp-content\/uploads\/2023\/04\/cropped-cropped-cropped-cropped-cropped-3-1.png","contentUrl":"https:\/\/cvinoticias.com\/wp-content\/uploads\/2023\/04\/cropped-cropped-cropped-cropped-cropped-3-1.png","width":95,"height":122,"caption":"CVI NOTICIAS"},"image":{"@id":"https:\/\/cvinoticias.com\/v3\/#\/schema\/logo\/image\/"},"sameAs":["https:\/\/www.facebook.com\/cvinoticias","https:\/\/www.instagram.com\/cvinoticias\/","https:\/\/www.youtube.com\/@CVINOTICIAS"]},{"@type":"Person","@id":"https:\/\/cvinoticias.com\/v3\/#\/schema\/person\/2db77e3c6bc03c538495d7b2b8be9b66","name":"f1000024","image":{"@type":"ImageObject","inLanguage":"es","@id":"https:\/\/secure.gravatar.com\/avatar\/d4fe7459cfc51ff5129ce1a732bbef5928568b8092d412ef95611616376bbeed?s=96&d=mm&r=g","url":"https:\/\/secure.gravatar.com\/avatar\/d4fe7459cfc51ff5129ce1a732bbef5928568b8092d412ef95611616376bbeed?s=96&d=mm&r=g","contentUrl":"https:\/\/secure.gravatar.com\/avatar\/d4fe7459cfc51ff5129ce1a732bbef5928568b8092d412ef95611616376bbeed?s=96&d=mm&r=g","caption":"f1000024"},"url":"https:\/\/cvinoticias.com\/v3\/author\/f1000024\/"}]}},"_links":{"self":[{"href":"https:\/\/cvinoticias.com\/v3\/wp-json\/wp\/v2\/posts\/7113","targetHints":{"allow":["GET"]}}],"collection":[{"href":"https:\/\/cvinoticias.com\/v3\/wp-json\/wp\/v2\/posts"}],"about":[{"href":"https:\/\/cvinoticias.com\/v3\/wp-json\/wp\/v2\/types\/post"}],"author":[{"embeddable":true,"href":"https:\/\/cvinoticias.com\/v3\/wp-json\/wp\/v2\/users\/2"}],"replies":[{"embeddable":true,"href":"https:\/\/cvinoticias.com\/v3\/wp-json\/wp\/v2\/comments?post=7113"}],"version-history":[{"count":1,"href":"https:\/\/cvinoticias.com\/v3\/wp-json\/wp\/v2\/posts\/7113\/revisions"}],"predecessor-version":[{"id":7116,"href":"https:\/\/cvinoticias.com\/v3\/wp-json\/wp\/v2\/posts\/7113\/revisions\/7116"}],"wp:featuredmedia":[{"embeddable":true,"href":"https:\/\/cvinoticias.com\/v3\/wp-json\/wp\/v2\/media\/7114"}],"wp:attachment":[{"href":"https:\/\/cvinoticias.com\/v3\/wp-json\/wp\/v2\/media?parent=7113"}],"wp:term":[{"taxonomy":"category","embeddable":true,"href":"https:\/\/cvinoticias.com\/v3\/wp-json\/wp\/v2\/categories?post=7113"},{"taxonomy":"post_tag","embeddable":true,"href":"https:\/\/cvinoticias.com\/v3\/wp-json\/wp\/v2\/tags?post=7113"}],"curies":[{"name":"wp","href":"https:\/\/api.w.org\/{rel}","templated":true}]}}