{"id":7107,"date":"2021-07-26T10:44:56","date_gmt":"2021-07-26T10:44:56","guid":{"rendered":"https:\/\/cvinoticias.com\/v3\/?p=7107"},"modified":"2021-07-26T10:44:56","modified_gmt":"2021-07-26T10:44:56","slug":"peligra-el-consumo-electrico-por-la-bajante-del-parana-yacyreta-produce-menos","status":"publish","type":"post","link":"https:\/\/cvinoticias.com\/v3\/peligra-el-consumo-electrico-por-la-bajante-del-parana-yacyreta-produce-menos\/","title":{"rendered":"Peligra el consumo el\u00e9ctrico por la bajante del Paran\u00e1, Yacyret\u00e1 produce menos"},"content":{"rendered":"\n<p><strong><em>La bajante del r\u00edo Paran\u00e1 provoc\u00f3 una disminuci\u00f3n de la generaci\u00f3n el\u00e9ctrica de la estrat\u00e9gica represa de Yacyret\u00e1, lo que obliga a importar importar m\u00e1s gasoil y provoc\u00f3 un aumento del 50% por ciento en el gasto p\u00fablico en subsidios.<\/em><\/strong><\/p>\n\n\n\n<p>La central hidroel\u00e9ctrica funciona a menos de un tercio de su capacidad instalada, lo que provoca que el Estado deba importar m\u00e1s combustibles para compensar la reducci\u00f3n.<br>El menor caudal del afluente, que en junio estuvo en su nivel m\u00e1s bajo desde 1944, provoca que la represa genere este a\u00f1o menos electricidad que en 2020, 50% por debajo de su promedio hist\u00f3rico, seg\u00fan datos oficiales.<\/p>\n\n\n\n<p>En la \u00faltima semana de junio, cuando se registraron d\u00edas de fr\u00edo polar, la central aport\u00f3 19,6 GWH\/d\u00eda, lo cual implic\u00f3 una reducci\u00f3n interanual del 41,5%.<\/p>\n\n\n\n<p>Este a\u00f1o, el conflicto gremial en el yacimiento de Vaca Muerta en abril, que provoc\u00f3 la disminuci\u00f3n en la producci\u00f3n de gas, y los d\u00edas de fr\u00edo polar a fines de junio, dispararon un alza del consumo el\u00e9ctrico con relaci\u00f3n al invierno anterior, inform\u00f3 la agencia Noticias Argentina.<\/p>\n\n\n\n<p>La incorporaci\u00f3n del segundo buque regasificador realizada este a\u00f1o en el puerto de de Bah\u00eda Blanca, permiti\u00f3 incrementar las importaciones de gas y abastecer la demanda en los \u00faltimos meses.<\/p>\n\n\n\n<p>El aumento en importaciones de gas y gasoil, y el congelamiento de tarifas que impide reducir subsidios, est\u00e1 teniendo un impacto directo sobre las cuentas del Tesoro.<\/p>\n\n\n\n<p>El Ministerio de Econom\u00eda inform\u00f3 que en junio se destinaron casi $100.000 millones a subsidios a la energ\u00eda, m\u00e1s del doble que el mismo mes del 2020, cuando hab\u00eda sido $48.685 millones.<\/p>\n\n\n\n<p>En el primer semestre los subsidios el\u00e9ctricos fueron de $347.909 millones, lo que implica una aumento del 65% con relaci\u00f3n al mismo per\u00edodo de 2020.<\/p>\n\n\n\n<p>Seg\u00fan el INDEC, las importaciones de combustibles y lubricantes crecieron 210,6% en junio, de US$ 245 millones a US$ 761 millones, exigiendo las reservas del Banco Central.<\/p>\n\n\n\n<p>Entre enero y junio \u00faltimos, el aumento de importaciones pas\u00f3 de US$ 1.432 millones a US$ 2.281 millones, lo que implica una suba de 59,3%.<\/p>\n\n\n\n<p>La Entidad Binacional Yacyret\u00e1 (EBY) est\u00e1 construyendo una nueva represa, a 15 kil\u00f3metros de la principal, sobre el brazo de A\u00f1a Cu\u00e1, que permitir\u00e1 ampliar la capacidad de generaci\u00f3n entre un 9% y 20%, seg\u00fan el nivel de agua, dentro de cuatro a\u00f1os, cuando est\u00e1 previsto que se complete la construcci\u00f3n.<\/p>\n","protected":false},"excerpt":{"rendered":"<p>La bajante del r\u00edo Paran\u00e1 provoc\u00f3 una disminuci\u00f3n de la generaci\u00f3n el\u00e9ctrica de la estrat\u00e9gica represa de Yacyret\u00e1, lo que obliga a importar importar m\u00e1s gasoil y provoc\u00f3 un aumento del 50% por ciento en el gasto p\u00fablico en subsidios. La central hidroel\u00e9ctrica funciona a menos de un tercio de su capacidad instalada, lo que [&hellip;]<\/p>\n","protected":false},"author":2,"featured_media":7108,"comment_status":"open","ping_status":"open","sticky":false,"template":"","format":"standard","meta":{"footnotes":""},"categories":[35],"tags":[],"class_list":["post-7107","post","type-post","status-publish","format-standard","has-post-thumbnail","hentry","category-informacion-general"],"yoast_head":"<!-- This site is optimized with the Yoast SEO plugin v27.5 - https:\/\/yoast.com\/product\/yoast-seo-wordpress\/ -->\n<title>Peligra el consumo el\u00e9ctrico por la bajante del Paran\u00e1, Yacyret\u00e1 produce menos | CVI NOTICIAS<\/title>\n<meta name=\"robots\" content=\"index, follow, max-snippet:-1, max-image-preview:large, max-video-preview:-1\" \/>\n<link rel=\"canonical\" href=\"https:\/\/cvinoticias.com\/v3\/peligra-el-consumo-electrico-por-la-bajante-del-parana-yacyreta-produce-menos\/\" \/>\n<meta property=\"og:locale\" content=\"es_ES\" \/>\n<meta property=\"og:type\" content=\"article\" \/>\n<meta property=\"og:title\" content=\"Peligra el consumo el\u00e9ctrico por la bajante del Paran\u00e1, Yacyret\u00e1 produce menos | CVI NOTICIAS\" \/>\n<meta property=\"og:description\" content=\"La bajante del r\u00edo Paran\u00e1 provoc\u00f3 una disminuci\u00f3n de la generaci\u00f3n el\u00e9ctrica de la estrat\u00e9gica represa de Yacyret\u00e1, lo que obliga a importar importar m\u00e1s gasoil y provoc\u00f3 un aumento del 50% por ciento en el gasto p\u00fablico en subsidios. La central hidroel\u00e9ctrica funciona a menos de un tercio de su capacidad instalada, lo que [&hellip;]\" \/>\n<meta property=\"og:url\" content=\"https:\/\/cvinoticias.com\/v3\/peligra-el-consumo-electrico-por-la-bajante-del-parana-yacyreta-produce-menos\/\" \/>\n<meta property=\"og:site_name\" content=\"CVI NOTICIAS\" \/>\n<meta property=\"article:publisher\" content=\"https:\/\/www.facebook.com\/cvinoticias\" \/>\n<meta property=\"article:published_time\" content=\"2021-07-26T10:44:56+00:00\" \/>\n<meta property=\"og:image\" content=\"https:\/\/cvinoticias.com\/wp-content\/uploads\/2021\/07\/yacyretarioparanx.jpg_689937239.jpg\" \/>\n\t<meta property=\"og:image:width\" content=\"360\" \/>\n\t<meta property=\"og:image:height\" content=\"200\" \/>\n\t<meta property=\"og:image:type\" content=\"image\/jpeg\" \/>\n<meta name=\"author\" content=\"f1000024\" \/>\n<meta name=\"twitter:card\" content=\"summary_large_image\" \/>\n<meta name=\"twitter:label1\" content=\"Escrito por\" \/>\n\t<meta name=\"twitter:data1\" content=\"f1000024\" \/>\n\t<meta name=\"twitter:label2\" content=\"Tiempo de lectura\" \/>\n\t<meta name=\"twitter:data2\" content=\"2 minutos\" \/>\n<script type=\"application\/ld+json\" class=\"yoast-schema-graph\">{\"@context\":\"https:\\\/\\\/schema.org\",\"@graph\":[{\"@type\":\"Article\",\"@id\":\"https:\\\/\\\/cvinoticias.com\\\/v3\\\/peligra-el-consumo-electrico-por-la-bajante-del-parana-yacyreta-produce-menos\\\/#article\",\"isPartOf\":{\"@id\":\"https:\\\/\\\/cvinoticias.com\\\/v3\\\/peligra-el-consumo-electrico-por-la-bajante-del-parana-yacyreta-produce-menos\\\/\"},\"author\":{\"name\":\"f1000024\",\"@id\":\"https:\\\/\\\/cvinoticias.com\\\/v3\\\/#\\\/schema\\\/person\\\/2db77e3c6bc03c538495d7b2b8be9b66\"},\"headline\":\"Peligra el consumo el\u00e9ctrico por la bajante del Paran\u00e1, Yacyret\u00e1 produce menos\",\"datePublished\":\"2021-07-26T10:44:56+00:00\",\"mainEntityOfPage\":{\"@id\":\"https:\\\/\\\/cvinoticias.com\\\/v3\\\/peligra-el-consumo-electrico-por-la-bajante-del-parana-yacyreta-produce-menos\\\/\"},\"wordCount\":431,\"commentCount\":0,\"publisher\":{\"@id\":\"https:\\\/\\\/cvinoticias.com\\\/v3\\\/#organization\"},\"image\":{\"@id\":\"https:\\\/\\\/cvinoticias.com\\\/v3\\\/peligra-el-consumo-electrico-por-la-bajante-del-parana-yacyreta-produce-menos\\\/#primaryimage\"},\"thumbnailUrl\":\"https:\\\/\\\/cvinoticias.com\\\/wp-content\\\/uploads\\\/2021\\\/07\\\/yacyretarioparanx.jpg_689937239.jpg\",\"articleSection\":[\"Informaci\u00f3n General\"],\"inLanguage\":\"es\",\"potentialAction\":[{\"@type\":\"CommentAction\",\"name\":\"Comment\",\"target\":[\"https:\\\/\\\/cvinoticias.com\\\/v3\\\/peligra-el-consumo-electrico-por-la-bajante-del-parana-yacyreta-produce-menos\\\/#respond\"]}]},{\"@type\":\"WebPage\",\"@id\":\"https:\\\/\\\/cvinoticias.com\\\/v3\\\/peligra-el-consumo-electrico-por-la-bajante-del-parana-yacyreta-produce-menos\\\/\",\"url\":\"https:\\\/\\\/cvinoticias.com\\\/v3\\\/peligra-el-consumo-electrico-por-la-bajante-del-parana-yacyreta-produce-menos\\\/\",\"name\":\"Peligra el consumo el\u00e9ctrico por la bajante del Paran\u00e1, Yacyret\u00e1 produce menos | CVI NOTICIAS\",\"isPartOf\":{\"@id\":\"https:\\\/\\\/cvinoticias.com\\\/v3\\\/#website\"},\"primaryImageOfPage\":{\"@id\":\"https:\\\/\\\/cvinoticias.com\\\/v3\\\/peligra-el-consumo-electrico-por-la-bajante-del-parana-yacyreta-produce-menos\\\/#primaryimage\"},\"image\":{\"@id\":\"https:\\\/\\\/cvinoticias.com\\\/v3\\\/peligra-el-consumo-electrico-por-la-bajante-del-parana-yacyreta-produce-menos\\\/#primaryimage\"},\"thumbnailUrl\":\"https:\\\/\\\/cvinoticias.com\\\/wp-content\\\/uploads\\\/2021\\\/07\\\/yacyretarioparanx.jpg_689937239.jpg\",\"datePublished\":\"2021-07-26T10:44:56+00:00\",\"breadcrumb\":{\"@id\":\"https:\\\/\\\/cvinoticias.com\\\/v3\\\/peligra-el-consumo-electrico-por-la-bajante-del-parana-yacyreta-produce-menos\\\/#breadcrumb\"},\"inLanguage\":\"es\",\"potentialAction\":[{\"@type\":\"ReadAction\",\"target\":[\"https:\\\/\\\/cvinoticias.com\\\/v3\\\/peligra-el-consumo-electrico-por-la-bajante-del-parana-yacyreta-produce-menos\\\/\"]}]},{\"@type\":\"ImageObject\",\"inLanguage\":\"es\",\"@id\":\"https:\\\/\\\/cvinoticias.com\\\/v3\\\/peligra-el-consumo-electrico-por-la-bajante-del-parana-yacyreta-produce-menos\\\/#primaryimage\",\"url\":\"https:\\\/\\\/cvinoticias.com\\\/wp-content\\\/uploads\\\/2021\\\/07\\\/yacyretarioparanx.jpg_689937239.jpg\",\"contentUrl\":\"https:\\\/\\\/cvinoticias.com\\\/wp-content\\\/uploads\\\/2021\\\/07\\\/yacyretarioparanx.jpg_689937239.jpg\",\"width\":360,\"height\":200},{\"@type\":\"BreadcrumbList\",\"@id\":\"https:\\\/\\\/cvinoticias.com\\\/v3\\\/peligra-el-consumo-electrico-por-la-bajante-del-parana-yacyreta-produce-menos\\\/#breadcrumb\",\"itemListElement\":[{\"@type\":\"ListItem\",\"position\":1,\"name\":\"Portada\",\"item\":\"https:\\\/\\\/cvinoticias.com\\\/v3\\\/\"},{\"@type\":\"ListItem\",\"position\":2,\"name\":\"Peligra el consumo el\u00e9ctrico por la bajante del Paran\u00e1, Yacyret\u00e1 produce menos\"}]},{\"@type\":\"WebSite\",\"@id\":\"https:\\\/\\\/cvinoticias.com\\\/v3\\\/#website\",\"url\":\"https:\\\/\\\/cvinoticias.com\\\/v3\\\/\",\"name\":\"CVI NOTICIAS\",\"description\":\"\",\"publisher\":{\"@id\":\"https:\\\/\\\/cvinoticias.com\\\/v3\\\/#organization\"},\"alternateName\":\"CVI\",\"potentialAction\":[{\"@type\":\"SearchAction\",\"target\":{\"@type\":\"EntryPoint\",\"urlTemplate\":\"https:\\\/\\\/cvinoticias.com\\\/v3\\\/?s={search_term_string}\"},\"query-input\":{\"@type\":\"PropertyValueSpecification\",\"valueRequired\":true,\"valueName\":\"search_term_string\"}}],\"inLanguage\":\"es\"},{\"@type\":\"Organization\",\"@id\":\"https:\\\/\\\/cvinoticias.com\\\/v3\\\/#organization\",\"name\":\"CVI NOTICIAS\",\"url\":\"https:\\\/\\\/cvinoticias.com\\\/v3\\\/\",\"logo\":{\"@type\":\"ImageObject\",\"inLanguage\":\"es\",\"@id\":\"https:\\\/\\\/cvinoticias.com\\\/v3\\\/#\\\/schema\\\/logo\\\/image\\\/\",\"url\":\"https:\\\/\\\/cvinoticias.com\\\/wp-content\\\/uploads\\\/2023\\\/04\\\/cropped-cropped-cropped-cropped-cropped-3-1.png\",\"contentUrl\":\"https:\\\/\\\/cvinoticias.com\\\/wp-content\\\/uploads\\\/2023\\\/04\\\/cropped-cropped-cropped-cropped-cropped-3-1.png\",\"width\":95,\"height\":122,\"caption\":\"CVI NOTICIAS\"},\"image\":{\"@id\":\"https:\\\/\\\/cvinoticias.com\\\/v3\\\/#\\\/schema\\\/logo\\\/image\\\/\"},\"sameAs\":[\"https:\\\/\\\/www.facebook.com\\\/cvinoticias\",\"https:\\\/\\\/www.instagram.com\\\/cvinoticias\\\/\",\"https:\\\/\\\/www.youtube.com\\\/@CVINOTICIAS\"]},{\"@type\":\"Person\",\"@id\":\"https:\\\/\\\/cvinoticias.com\\\/v3\\\/#\\\/schema\\\/person\\\/2db77e3c6bc03c538495d7b2b8be9b66\",\"name\":\"f1000024\",\"image\":{\"@type\":\"ImageObject\",\"inLanguage\":\"es\",\"@id\":\"https:\\\/\\\/secure.gravatar.com\\\/avatar\\\/d4fe7459cfc51ff5129ce1a732bbef5928568b8092d412ef95611616376bbeed?s=96&d=mm&r=g\",\"url\":\"https:\\\/\\\/secure.gravatar.com\\\/avatar\\\/d4fe7459cfc51ff5129ce1a732bbef5928568b8092d412ef95611616376bbeed?s=96&d=mm&r=g\",\"contentUrl\":\"https:\\\/\\\/secure.gravatar.com\\\/avatar\\\/d4fe7459cfc51ff5129ce1a732bbef5928568b8092d412ef95611616376bbeed?s=96&d=mm&r=g\",\"caption\":\"f1000024\"},\"url\":\"https:\\\/\\\/cvinoticias.com\\\/v3\\\/author\\\/f1000024\\\/\"}]}<\/script>\n<!-- \/ Yoast SEO plugin. -->","yoast_head_json":{"title":"Peligra el consumo el\u00e9ctrico por la bajante del Paran\u00e1, Yacyret\u00e1 produce menos | CVI NOTICIAS","robots":{"index":"index","follow":"follow","max-snippet":"max-snippet:-1","max-image-preview":"max-image-preview:large","max-video-preview":"max-video-preview:-1"},"canonical":"https:\/\/cvinoticias.com\/v3\/peligra-el-consumo-electrico-por-la-bajante-del-parana-yacyreta-produce-menos\/","og_locale":"es_ES","og_type":"article","og_title":"Peligra el consumo el\u00e9ctrico por la bajante del Paran\u00e1, Yacyret\u00e1 produce menos | CVI NOTICIAS","og_description":"La bajante del r\u00edo Paran\u00e1 provoc\u00f3 una disminuci\u00f3n de la generaci\u00f3n el\u00e9ctrica de la estrat\u00e9gica represa de Yacyret\u00e1, lo que obliga a importar importar m\u00e1s gasoil y provoc\u00f3 un aumento del 50% por ciento en el gasto p\u00fablico en subsidios. La central hidroel\u00e9ctrica funciona a menos de un tercio de su capacidad instalada, lo que [&hellip;]","og_url":"https:\/\/cvinoticias.com\/v3\/peligra-el-consumo-electrico-por-la-bajante-del-parana-yacyreta-produce-menos\/","og_site_name":"CVI NOTICIAS","article_publisher":"https:\/\/www.facebook.com\/cvinoticias","article_published_time":"2021-07-26T10:44:56+00:00","og_image":[{"width":360,"height":200,"url":"https:\/\/cvinoticias.com\/wp-content\/uploads\/2021\/07\/yacyretarioparanx.jpg_689937239.jpg","type":"image\/jpeg"}],"author":"f1000024","twitter_card":"summary_large_image","twitter_misc":{"Escrito por":"f1000024","Tiempo de lectura":"2 minutos"},"schema":{"@context":"https:\/\/schema.org","@graph":[{"@type":"Article","@id":"https:\/\/cvinoticias.com\/v3\/peligra-el-consumo-electrico-por-la-bajante-del-parana-yacyreta-produce-menos\/#article","isPartOf":{"@id":"https:\/\/cvinoticias.com\/v3\/peligra-el-consumo-electrico-por-la-bajante-del-parana-yacyreta-produce-menos\/"},"author":{"name":"f1000024","@id":"https:\/\/cvinoticias.com\/v3\/#\/schema\/person\/2db77e3c6bc03c538495d7b2b8be9b66"},"headline":"Peligra el consumo el\u00e9ctrico por la bajante del Paran\u00e1, Yacyret\u00e1 produce menos","datePublished":"2021-07-26T10:44:56+00:00","mainEntityOfPage":{"@id":"https:\/\/cvinoticias.com\/v3\/peligra-el-consumo-electrico-por-la-bajante-del-parana-yacyreta-produce-menos\/"},"wordCount":431,"commentCount":0,"publisher":{"@id":"https:\/\/cvinoticias.com\/v3\/#organization"},"image":{"@id":"https:\/\/cvinoticias.com\/v3\/peligra-el-consumo-electrico-por-la-bajante-del-parana-yacyreta-produce-menos\/#primaryimage"},"thumbnailUrl":"https:\/\/cvinoticias.com\/wp-content\/uploads\/2021\/07\/yacyretarioparanx.jpg_689937239.jpg","articleSection":["Informaci\u00f3n General"],"inLanguage":"es","potentialAction":[{"@type":"CommentAction","name":"Comment","target":["https:\/\/cvinoticias.com\/v3\/peligra-el-consumo-electrico-por-la-bajante-del-parana-yacyreta-produce-menos\/#respond"]}]},{"@type":"WebPage","@id":"https:\/\/cvinoticias.com\/v3\/peligra-el-consumo-electrico-por-la-bajante-del-parana-yacyreta-produce-menos\/","url":"https:\/\/cvinoticias.com\/v3\/peligra-el-consumo-electrico-por-la-bajante-del-parana-yacyreta-produce-menos\/","name":"Peligra el consumo el\u00e9ctrico por la bajante del Paran\u00e1, Yacyret\u00e1 produce menos | CVI NOTICIAS","isPartOf":{"@id":"https:\/\/cvinoticias.com\/v3\/#website"},"primaryImageOfPage":{"@id":"https:\/\/cvinoticias.com\/v3\/peligra-el-consumo-electrico-por-la-bajante-del-parana-yacyreta-produce-menos\/#primaryimage"},"image":{"@id":"https:\/\/cvinoticias.com\/v3\/peligra-el-consumo-electrico-por-la-bajante-del-parana-yacyreta-produce-menos\/#primaryimage"},"thumbnailUrl":"https:\/\/cvinoticias.com\/wp-content\/uploads\/2021\/07\/yacyretarioparanx.jpg_689937239.jpg","datePublished":"2021-07-26T10:44:56+00:00","breadcrumb":{"@id":"https:\/\/cvinoticias.com\/v3\/peligra-el-consumo-electrico-por-la-bajante-del-parana-yacyreta-produce-menos\/#breadcrumb"},"inLanguage":"es","potentialAction":[{"@type":"ReadAction","target":["https:\/\/cvinoticias.com\/v3\/peligra-el-consumo-electrico-por-la-bajante-del-parana-yacyreta-produce-menos\/"]}]},{"@type":"ImageObject","inLanguage":"es","@id":"https:\/\/cvinoticias.com\/v3\/peligra-el-consumo-electrico-por-la-bajante-del-parana-yacyreta-produce-menos\/#primaryimage","url":"https:\/\/cvinoticias.com\/wp-content\/uploads\/2021\/07\/yacyretarioparanx.jpg_689937239.jpg","contentUrl":"https:\/\/cvinoticias.com\/wp-content\/uploads\/2021\/07\/yacyretarioparanx.jpg_689937239.jpg","width":360,"height":200},{"@type":"BreadcrumbList","@id":"https:\/\/cvinoticias.com\/v3\/peligra-el-consumo-electrico-por-la-bajante-del-parana-yacyreta-produce-menos\/#breadcrumb","itemListElement":[{"@type":"ListItem","position":1,"name":"Portada","item":"https:\/\/cvinoticias.com\/v3\/"},{"@type":"ListItem","position":2,"name":"Peligra el consumo el\u00e9ctrico por la bajante del Paran\u00e1, Yacyret\u00e1 produce menos"}]},{"@type":"WebSite","@id":"https:\/\/cvinoticias.com\/v3\/#website","url":"https:\/\/cvinoticias.com\/v3\/","name":"CVI NOTICIAS","description":"","publisher":{"@id":"https:\/\/cvinoticias.com\/v3\/#organization"},"alternateName":"CVI","potentialAction":[{"@type":"SearchAction","target":{"@type":"EntryPoint","urlTemplate":"https:\/\/cvinoticias.com\/v3\/?s={search_term_string}"},"query-input":{"@type":"PropertyValueSpecification","valueRequired":true,"valueName":"search_term_string"}}],"inLanguage":"es"},{"@type":"Organization","@id":"https:\/\/cvinoticias.com\/v3\/#organization","name":"CVI NOTICIAS","url":"https:\/\/cvinoticias.com\/v3\/","logo":{"@type":"ImageObject","inLanguage":"es","@id":"https:\/\/cvinoticias.com\/v3\/#\/schema\/logo\/image\/","url":"https:\/\/cvinoticias.com\/wp-content\/uploads\/2023\/04\/cropped-cropped-cropped-cropped-cropped-3-1.png","contentUrl":"https:\/\/cvinoticias.com\/wp-content\/uploads\/2023\/04\/cropped-cropped-cropped-cropped-cropped-3-1.png","width":95,"height":122,"caption":"CVI NOTICIAS"},"image":{"@id":"https:\/\/cvinoticias.com\/v3\/#\/schema\/logo\/image\/"},"sameAs":["https:\/\/www.facebook.com\/cvinoticias","https:\/\/www.instagram.com\/cvinoticias\/","https:\/\/www.youtube.com\/@CVINOTICIAS"]},{"@type":"Person","@id":"https:\/\/cvinoticias.com\/v3\/#\/schema\/person\/2db77e3c6bc03c538495d7b2b8be9b66","name":"f1000024","image":{"@type":"ImageObject","inLanguage":"es","@id":"https:\/\/secure.gravatar.com\/avatar\/d4fe7459cfc51ff5129ce1a732bbef5928568b8092d412ef95611616376bbeed?s=96&d=mm&r=g","url":"https:\/\/secure.gravatar.com\/avatar\/d4fe7459cfc51ff5129ce1a732bbef5928568b8092d412ef95611616376bbeed?s=96&d=mm&r=g","contentUrl":"https:\/\/secure.gravatar.com\/avatar\/d4fe7459cfc51ff5129ce1a732bbef5928568b8092d412ef95611616376bbeed?s=96&d=mm&r=g","caption":"f1000024"},"url":"https:\/\/cvinoticias.com\/v3\/author\/f1000024\/"}]}},"_links":{"self":[{"href":"https:\/\/cvinoticias.com\/v3\/wp-json\/wp\/v2\/posts\/7107","targetHints":{"allow":["GET"]}}],"collection":[{"href":"https:\/\/cvinoticias.com\/v3\/wp-json\/wp\/v2\/posts"}],"about":[{"href":"https:\/\/cvinoticias.com\/v3\/wp-json\/wp\/v2\/types\/post"}],"author":[{"embeddable":true,"href":"https:\/\/cvinoticias.com\/v3\/wp-json\/wp\/v2\/users\/2"}],"replies":[{"embeddable":true,"href":"https:\/\/cvinoticias.com\/v3\/wp-json\/wp\/v2\/comments?post=7107"}],"version-history":[{"count":1,"href":"https:\/\/cvinoticias.com\/v3\/wp-json\/wp\/v2\/posts\/7107\/revisions"}],"predecessor-version":[{"id":7109,"href":"https:\/\/cvinoticias.com\/v3\/wp-json\/wp\/v2\/posts\/7107\/revisions\/7109"}],"wp:featuredmedia":[{"embeddable":true,"href":"https:\/\/cvinoticias.com\/v3\/wp-json\/wp\/v2\/media\/7108"}],"wp:attachment":[{"href":"https:\/\/cvinoticias.com\/v3\/wp-json\/wp\/v2\/media?parent=7107"}],"wp:term":[{"taxonomy":"category","embeddable":true,"href":"https:\/\/cvinoticias.com\/v3\/wp-json\/wp\/v2\/categories?post=7107"},{"taxonomy":"post_tag","embeddable":true,"href":"https:\/\/cvinoticias.com\/v3\/wp-json\/wp\/v2\/tags?post=7107"}],"curies":[{"name":"wp","href":"https:\/\/api.w.org\/{rel}","templated":true}]}}