{"id":7104,"date":"2021-07-26T10:38:21","date_gmt":"2021-07-26T10:38:21","guid":{"rendered":"https:\/\/cvinoticias.com\/v3\/?p=7104"},"modified":"2021-07-26T10:38:21","modified_gmt":"2021-07-26T10:38:21","slug":"el-gobierno-declaro-la-emergencia-hidrica-ante-la-historica-bajante-en-el-rio-parana","status":"publish","type":"post","link":"https:\/\/cvinoticias.com\/v3\/el-gobierno-declaro-la-emergencia-hidrica-ante-la-historica-bajante-en-el-rio-parana\/","title":{"rendered":"El Gobierno declar\u00f3 la \u00abemergencia h\u00eddrica\u00bb ante la hist\u00f3rica bajante en el R\u00edo Paran\u00e1"},"content":{"rendered":"\n<p><strong><em>La decisi\u00f3n se tom\u00f3 a ra\u00edz del \u00abimpacto y las consecuencias que est\u00e1 generando la bajante hist\u00f3rica m\u00e1s importante de los \u00faltimos 77 a\u00f1os en la cuenta h\u00eddrica de los r\u00edos Paran\u00e1, Paraguay e Iguaz\u00fa\u00bb, seg\u00fan inform\u00f3 el Gobierno en un comunicado.<\/em><\/strong><\/p>\n\n\n\n<p>El presidente Alberto Fern\u00e1ndez declar\u00f3 el \u00abEstado de Emergencia H\u00eddrica\u00bb por 180 d\u00edas en la regi\u00f3n de la cuenca del r\u00edo Paran\u00e1 que afecta a las provincias de Formosa, Chaco, Corrientes, Santa Fe, Entre R\u00edos, Misiones y Buenos Aires, ante la hist\u00f3rica bajante que se registra en esa regi\u00f3n.<\/p>\n\n\n\n<p>La declaraci\u00f3n de la \u00abEmergencia H\u00eddrica\u00bb, instrumentada a trav\u00e9s de un decreto que se publicar\u00e1 en las pr\u00f3ximas horas en el Bolet\u00edn Oficial, faculta al jefe de Gabinete, Santiago Cafiero, en su car\u00e1cter de presidente del Consejo Nacional para la Gesti\u00f3n Integral del Riesgo y la Protecci\u00f3n Civil, a \u00abdelimitar las \u00e1reas afectadas por la emergencia\u00bb.<\/p>\n\n\n\n<p>De igual modo, el decreto instruye a diferentes \u00e1reas del Gobierno a adoptar medidas para \u00abmitigar las consecuencias de la grave situaci\u00f3n que genera la bajante\u00bb.<\/p>\n\n\n\n<p>As\u00ed, los ministerios de Desarrollo Productivo y de Trabajo establecer\u00e1n las acciones pertinentes para la preservaci\u00f3n de la actividad productiva y puestos de trabajo; Obras P\u00fablicas dispondr\u00e1 y monitorear\u00e1 la realizaci\u00f3n de obras de infraestructura; Seguridad, a trav\u00e9s del Sistema Nacional de Alerta Temprana y Monitoreo de Emergencias (SINAME), planificar\u00e1 las medidas de apoyo y toma de decisiones, y por intermedio del Sistema Nacional para la Gesti\u00f3n Integral del Riesgo (SINAGIR), asistir\u00e1 las poblaciones ribere\u00f1as.<\/p>\n\n\n\n<p>En esa l\u00ednea Ambiente y Desarrollo Sustentable mantendr\u00e1 el control de incendios.<\/p>\n\n\n\n<p>En tanto, el Ministerio de Transporte \u00abobservar\u00e1 las posibilidades de navegaci\u00f3n y acceso a puertos; el Instituto Nacional del Agua brindar\u00e1 sus servicios t\u00e9cnicos con relaci\u00f3n a la emergencia; la Secretar\u00eda de Energ\u00eda, asegurar\u00e1 el abastecimiento de energ\u00eda el\u00e9ctrica y el Ministerio del Interior se encargar\u00e1 de la coordinaci\u00f3n con las provincias afectadas\u00bb.<\/p>\n\n\n\n<p>Por su parte, el Banco Naci\u00f3n y la AFIP dispondr\u00e1n la asistencia en materia crediticia e impositiva, respectivamente.<\/p>\n\n\n\n<p>Asimismo, se define la suspensi\u00f3n de plazos administrativos en las regiones afectadas, seg\u00fan inform\u00f3 el Gobierno.<\/p>\n\n\n\n<p>La bajante actual del Paran\u00e1 es la m\u00e1s importante en el pa\u00eds en los \u00faltimos 77 a\u00f1os.<\/p>\n\n\n\n<p>El d\u00e9ficit de precipitaciones en las cuencas brasile\u00f1as del r\u00edo Paran\u00e1 y del r\u00edo Iguaz\u00fa y la sequ\u00eda son factores determinantes.<\/p>\n","protected":false},"excerpt":{"rendered":"<p>La decisi\u00f3n se tom\u00f3 a ra\u00edz del \u00abimpacto y las consecuencias que est\u00e1 generando la bajante hist\u00f3rica m\u00e1s importante de los \u00faltimos 77 a\u00f1os en la cuenta h\u00eddrica de los r\u00edos Paran\u00e1, Paraguay e Iguaz\u00fa\u00bb, seg\u00fan inform\u00f3 el Gobierno en un comunicado. El presidente Alberto Fern\u00e1ndez declar\u00f3 el \u00abEstado de Emergencia H\u00eddrica\u00bb por 180 d\u00edas [&hellip;]<\/p>\n","protected":false},"author":2,"featured_media":7105,"comment_status":"open","ping_status":"open","sticky":false,"template":"","format":"standard","meta":{"footnotes":""},"categories":[39],"tags":[],"class_list":["post-7104","post","type-post","status-publish","format-standard","has-post-thumbnail","hentry","category-nacionales"],"yoast_head":"<!-- This site is optimized with the Yoast SEO plugin v27.4 - https:\/\/yoast.com\/product\/yoast-seo-wordpress\/ -->\n<title>El Gobierno declar\u00f3 la &quot;emergencia h\u00eddrica&quot; ante la hist\u00f3rica bajante en el R\u00edo Paran\u00e1 | CVI NOTICIAS<\/title>\n<meta name=\"robots\" content=\"index, follow, max-snippet:-1, max-image-preview:large, max-video-preview:-1\" \/>\n<link rel=\"canonical\" href=\"https:\/\/cvinoticias.com\/v3\/el-gobierno-declaro-la-emergencia-hidrica-ante-la-historica-bajante-en-el-rio-parana\/\" \/>\n<meta property=\"og:locale\" content=\"es_ES\" \/>\n<meta property=\"og:type\" content=\"article\" \/>\n<meta property=\"og:title\" content=\"El Gobierno declar\u00f3 la &quot;emergencia h\u00eddrica&quot; ante la hist\u00f3rica bajante en el R\u00edo Paran\u00e1 | CVI NOTICIAS\" \/>\n<meta property=\"og:description\" content=\"La decisi\u00f3n se tom\u00f3 a ra\u00edz del \u00abimpacto y las consecuencias que est\u00e1 generando la bajante hist\u00f3rica m\u00e1s importante de los \u00faltimos 77 a\u00f1os en la cuenta h\u00eddrica de los r\u00edos Paran\u00e1, Paraguay e Iguaz\u00fa\u00bb, seg\u00fan inform\u00f3 el Gobierno en un comunicado. El presidente Alberto Fern\u00e1ndez declar\u00f3 el \u00abEstado de Emergencia H\u00eddrica\u00bb por 180 d\u00edas [&hellip;]\" \/>\n<meta property=\"og:url\" content=\"https:\/\/cvinoticias.com\/v3\/el-gobierno-declaro-la-emergencia-hidrica-ante-la-historica-bajante-en-el-rio-parana\/\" \/>\n<meta property=\"og:site_name\" content=\"CVI NOTICIAS\" \/>\n<meta property=\"article:publisher\" content=\"https:\/\/www.facebook.com\/cvinoticias\" \/>\n<meta property=\"article:published_time\" content=\"2021-07-26T10:38:21+00:00\" \/>\n<meta property=\"og:image\" content=\"https:\/\/cvinoticias.com\/wp-content\/uploads\/2021\/07\/60f9ef0de8e38-TrEPez.jpeg\" \/>\n\t<meta property=\"og:image:width\" content=\"1004\" \/>\n\t<meta property=\"og:image:height\" content=\"565\" \/>\n\t<meta property=\"og:image:type\" content=\"image\/jpeg\" \/>\n<meta name=\"author\" content=\"f1000024\" \/>\n<meta name=\"twitter:card\" content=\"summary_large_image\" \/>\n<meta name=\"twitter:label1\" content=\"Escrito por\" \/>\n\t<meta name=\"twitter:data1\" content=\"f1000024\" \/>\n\t<meta name=\"twitter:label2\" content=\"Tiempo de lectura\" \/>\n\t<meta name=\"twitter:data2\" content=\"2 minutos\" \/>\n<script type=\"application\/ld+json\" class=\"yoast-schema-graph\">{\"@context\":\"https:\\\/\\\/schema.org\",\"@graph\":[{\"@type\":\"Article\",\"@id\":\"https:\\\/\\\/cvinoticias.com\\\/v3\\\/el-gobierno-declaro-la-emergencia-hidrica-ante-la-historica-bajante-en-el-rio-parana\\\/#article\",\"isPartOf\":{\"@id\":\"https:\\\/\\\/cvinoticias.com\\\/v3\\\/el-gobierno-declaro-la-emergencia-hidrica-ante-la-historica-bajante-en-el-rio-parana\\\/\"},\"author\":{\"name\":\"f1000024\",\"@id\":\"https:\\\/\\\/cvinoticias.com\\\/v3\\\/#\\\/schema\\\/person\\\/2db77e3c6bc03c538495d7b2b8be9b66\"},\"headline\":\"El Gobierno declar\u00f3 la \u00abemergencia h\u00eddrica\u00bb ante la hist\u00f3rica bajante en el R\u00edo Paran\u00e1\",\"datePublished\":\"2021-07-26T10:38:21+00:00\",\"mainEntityOfPage\":{\"@id\":\"https:\\\/\\\/cvinoticias.com\\\/v3\\\/el-gobierno-declaro-la-emergencia-hidrica-ante-la-historica-bajante-en-el-rio-parana\\\/\"},\"wordCount\":452,\"commentCount\":0,\"publisher\":{\"@id\":\"https:\\\/\\\/cvinoticias.com\\\/v3\\\/#organization\"},\"image\":{\"@id\":\"https:\\\/\\\/cvinoticias.com\\\/v3\\\/el-gobierno-declaro-la-emergencia-hidrica-ante-la-historica-bajante-en-el-rio-parana\\\/#primaryimage\"},\"thumbnailUrl\":\"https:\\\/\\\/cvinoticias.com\\\/wp-content\\\/uploads\\\/2021\\\/07\\\/60f9ef0de8e38-TrEPez.jpeg\",\"articleSection\":[\"Nacionales\"],\"inLanguage\":\"es\",\"potentialAction\":[{\"@type\":\"CommentAction\",\"name\":\"Comment\",\"target\":[\"https:\\\/\\\/cvinoticias.com\\\/v3\\\/el-gobierno-declaro-la-emergencia-hidrica-ante-la-historica-bajante-en-el-rio-parana\\\/#respond\"]}]},{\"@type\":\"WebPage\",\"@id\":\"https:\\\/\\\/cvinoticias.com\\\/v3\\\/el-gobierno-declaro-la-emergencia-hidrica-ante-la-historica-bajante-en-el-rio-parana\\\/\",\"url\":\"https:\\\/\\\/cvinoticias.com\\\/v3\\\/el-gobierno-declaro-la-emergencia-hidrica-ante-la-historica-bajante-en-el-rio-parana\\\/\",\"name\":\"El Gobierno declar\u00f3 la \\\"emergencia h\u00eddrica\\\" ante la hist\u00f3rica bajante en el R\u00edo Paran\u00e1 | CVI NOTICIAS\",\"isPartOf\":{\"@id\":\"https:\\\/\\\/cvinoticias.com\\\/v3\\\/#website\"},\"primaryImageOfPage\":{\"@id\":\"https:\\\/\\\/cvinoticias.com\\\/v3\\\/el-gobierno-declaro-la-emergencia-hidrica-ante-la-historica-bajante-en-el-rio-parana\\\/#primaryimage\"},\"image\":{\"@id\":\"https:\\\/\\\/cvinoticias.com\\\/v3\\\/el-gobierno-declaro-la-emergencia-hidrica-ante-la-historica-bajante-en-el-rio-parana\\\/#primaryimage\"},\"thumbnailUrl\":\"https:\\\/\\\/cvinoticias.com\\\/wp-content\\\/uploads\\\/2021\\\/07\\\/60f9ef0de8e38-TrEPez.jpeg\",\"datePublished\":\"2021-07-26T10:38:21+00:00\",\"breadcrumb\":{\"@id\":\"https:\\\/\\\/cvinoticias.com\\\/v3\\\/el-gobierno-declaro-la-emergencia-hidrica-ante-la-historica-bajante-en-el-rio-parana\\\/#breadcrumb\"},\"inLanguage\":\"es\",\"potentialAction\":[{\"@type\":\"ReadAction\",\"target\":[\"https:\\\/\\\/cvinoticias.com\\\/v3\\\/el-gobierno-declaro-la-emergencia-hidrica-ante-la-historica-bajante-en-el-rio-parana\\\/\"]}]},{\"@type\":\"ImageObject\",\"inLanguage\":\"es\",\"@id\":\"https:\\\/\\\/cvinoticias.com\\\/v3\\\/el-gobierno-declaro-la-emergencia-hidrica-ante-la-historica-bajante-en-el-rio-parana\\\/#primaryimage\",\"url\":\"https:\\\/\\\/cvinoticias.com\\\/wp-content\\\/uploads\\\/2021\\\/07\\\/60f9ef0de8e38-TrEPez.jpeg\",\"contentUrl\":\"https:\\\/\\\/cvinoticias.com\\\/wp-content\\\/uploads\\\/2021\\\/07\\\/60f9ef0de8e38-TrEPez.jpeg\",\"width\":1004,\"height\":565},{\"@type\":\"BreadcrumbList\",\"@id\":\"https:\\\/\\\/cvinoticias.com\\\/v3\\\/el-gobierno-declaro-la-emergencia-hidrica-ante-la-historica-bajante-en-el-rio-parana\\\/#breadcrumb\",\"itemListElement\":[{\"@type\":\"ListItem\",\"position\":1,\"name\":\"Portada\",\"item\":\"https:\\\/\\\/cvinoticias.com\\\/v3\\\/\"},{\"@type\":\"ListItem\",\"position\":2,\"name\":\"El Gobierno declar\u00f3 la \u00abemergencia h\u00eddrica\u00bb ante la hist\u00f3rica bajante en el R\u00edo Paran\u00e1\"}]},{\"@type\":\"WebSite\",\"@id\":\"https:\\\/\\\/cvinoticias.com\\\/v3\\\/#website\",\"url\":\"https:\\\/\\\/cvinoticias.com\\\/v3\\\/\",\"name\":\"CVI NOTICIAS\",\"description\":\"\",\"publisher\":{\"@id\":\"https:\\\/\\\/cvinoticias.com\\\/v3\\\/#organization\"},\"alternateName\":\"CVI\",\"potentialAction\":[{\"@type\":\"SearchAction\",\"target\":{\"@type\":\"EntryPoint\",\"urlTemplate\":\"https:\\\/\\\/cvinoticias.com\\\/v3\\\/?s={search_term_string}\"},\"query-input\":{\"@type\":\"PropertyValueSpecification\",\"valueRequired\":true,\"valueName\":\"search_term_string\"}}],\"inLanguage\":\"es\"},{\"@type\":\"Organization\",\"@id\":\"https:\\\/\\\/cvinoticias.com\\\/v3\\\/#organization\",\"name\":\"CVI NOTICIAS\",\"url\":\"https:\\\/\\\/cvinoticias.com\\\/v3\\\/\",\"logo\":{\"@type\":\"ImageObject\",\"inLanguage\":\"es\",\"@id\":\"https:\\\/\\\/cvinoticias.com\\\/v3\\\/#\\\/schema\\\/logo\\\/image\\\/\",\"url\":\"https:\\\/\\\/cvinoticias.com\\\/wp-content\\\/uploads\\\/2023\\\/04\\\/cropped-cropped-cropped-cropped-cropped-3-1.png\",\"contentUrl\":\"https:\\\/\\\/cvinoticias.com\\\/wp-content\\\/uploads\\\/2023\\\/04\\\/cropped-cropped-cropped-cropped-cropped-3-1.png\",\"width\":95,\"height\":122,\"caption\":\"CVI NOTICIAS\"},\"image\":{\"@id\":\"https:\\\/\\\/cvinoticias.com\\\/v3\\\/#\\\/schema\\\/logo\\\/image\\\/\"},\"sameAs\":[\"https:\\\/\\\/www.facebook.com\\\/cvinoticias\",\"https:\\\/\\\/www.instagram.com\\\/cvinoticias\\\/\",\"https:\\\/\\\/www.youtube.com\\\/@CVINOTICIAS\"]},{\"@type\":\"Person\",\"@id\":\"https:\\\/\\\/cvinoticias.com\\\/v3\\\/#\\\/schema\\\/person\\\/2db77e3c6bc03c538495d7b2b8be9b66\",\"name\":\"f1000024\",\"image\":{\"@type\":\"ImageObject\",\"inLanguage\":\"es\",\"@id\":\"https:\\\/\\\/secure.gravatar.com\\\/avatar\\\/d4fe7459cfc51ff5129ce1a732bbef5928568b8092d412ef95611616376bbeed?s=96&d=mm&r=g\",\"url\":\"https:\\\/\\\/secure.gravatar.com\\\/avatar\\\/d4fe7459cfc51ff5129ce1a732bbef5928568b8092d412ef95611616376bbeed?s=96&d=mm&r=g\",\"contentUrl\":\"https:\\\/\\\/secure.gravatar.com\\\/avatar\\\/d4fe7459cfc51ff5129ce1a732bbef5928568b8092d412ef95611616376bbeed?s=96&d=mm&r=g\",\"caption\":\"f1000024\"},\"url\":\"https:\\\/\\\/cvinoticias.com\\\/v3\\\/author\\\/f1000024\\\/\"}]}<\/script>\n<!-- \/ Yoast SEO plugin. -->","yoast_head_json":{"title":"El Gobierno declar\u00f3 la \"emergencia h\u00eddrica\" ante la hist\u00f3rica bajante en el R\u00edo Paran\u00e1 | CVI NOTICIAS","robots":{"index":"index","follow":"follow","max-snippet":"max-snippet:-1","max-image-preview":"max-image-preview:large","max-video-preview":"max-video-preview:-1"},"canonical":"https:\/\/cvinoticias.com\/v3\/el-gobierno-declaro-la-emergencia-hidrica-ante-la-historica-bajante-en-el-rio-parana\/","og_locale":"es_ES","og_type":"article","og_title":"El Gobierno declar\u00f3 la \"emergencia h\u00eddrica\" ante la hist\u00f3rica bajante en el R\u00edo Paran\u00e1 | CVI NOTICIAS","og_description":"La decisi\u00f3n se tom\u00f3 a ra\u00edz del \u00abimpacto y las consecuencias que est\u00e1 generando la bajante hist\u00f3rica m\u00e1s importante de los \u00faltimos 77 a\u00f1os en la cuenta h\u00eddrica de los r\u00edos Paran\u00e1, Paraguay e Iguaz\u00fa\u00bb, seg\u00fan inform\u00f3 el Gobierno en un comunicado. El presidente Alberto Fern\u00e1ndez declar\u00f3 el \u00abEstado de Emergencia H\u00eddrica\u00bb por 180 d\u00edas [&hellip;]","og_url":"https:\/\/cvinoticias.com\/v3\/el-gobierno-declaro-la-emergencia-hidrica-ante-la-historica-bajante-en-el-rio-parana\/","og_site_name":"CVI NOTICIAS","article_publisher":"https:\/\/www.facebook.com\/cvinoticias","article_published_time":"2021-07-26T10:38:21+00:00","og_image":[{"width":1004,"height":565,"url":"https:\/\/cvinoticias.com\/wp-content\/uploads\/2021\/07\/60f9ef0de8e38-TrEPez.jpeg","type":"image\/jpeg"}],"author":"f1000024","twitter_card":"summary_large_image","twitter_misc":{"Escrito por":"f1000024","Tiempo de lectura":"2 minutos"},"schema":{"@context":"https:\/\/schema.org","@graph":[{"@type":"Article","@id":"https:\/\/cvinoticias.com\/v3\/el-gobierno-declaro-la-emergencia-hidrica-ante-la-historica-bajante-en-el-rio-parana\/#article","isPartOf":{"@id":"https:\/\/cvinoticias.com\/v3\/el-gobierno-declaro-la-emergencia-hidrica-ante-la-historica-bajante-en-el-rio-parana\/"},"author":{"name":"f1000024","@id":"https:\/\/cvinoticias.com\/v3\/#\/schema\/person\/2db77e3c6bc03c538495d7b2b8be9b66"},"headline":"El Gobierno declar\u00f3 la \u00abemergencia h\u00eddrica\u00bb ante la hist\u00f3rica bajante en el R\u00edo Paran\u00e1","datePublished":"2021-07-26T10:38:21+00:00","mainEntityOfPage":{"@id":"https:\/\/cvinoticias.com\/v3\/el-gobierno-declaro-la-emergencia-hidrica-ante-la-historica-bajante-en-el-rio-parana\/"},"wordCount":452,"commentCount":0,"publisher":{"@id":"https:\/\/cvinoticias.com\/v3\/#organization"},"image":{"@id":"https:\/\/cvinoticias.com\/v3\/el-gobierno-declaro-la-emergencia-hidrica-ante-la-historica-bajante-en-el-rio-parana\/#primaryimage"},"thumbnailUrl":"https:\/\/cvinoticias.com\/wp-content\/uploads\/2021\/07\/60f9ef0de8e38-TrEPez.jpeg","articleSection":["Nacionales"],"inLanguage":"es","potentialAction":[{"@type":"CommentAction","name":"Comment","target":["https:\/\/cvinoticias.com\/v3\/el-gobierno-declaro-la-emergencia-hidrica-ante-la-historica-bajante-en-el-rio-parana\/#respond"]}]},{"@type":"WebPage","@id":"https:\/\/cvinoticias.com\/v3\/el-gobierno-declaro-la-emergencia-hidrica-ante-la-historica-bajante-en-el-rio-parana\/","url":"https:\/\/cvinoticias.com\/v3\/el-gobierno-declaro-la-emergencia-hidrica-ante-la-historica-bajante-en-el-rio-parana\/","name":"El Gobierno declar\u00f3 la \"emergencia h\u00eddrica\" ante la hist\u00f3rica bajante en el R\u00edo Paran\u00e1 | CVI NOTICIAS","isPartOf":{"@id":"https:\/\/cvinoticias.com\/v3\/#website"},"primaryImageOfPage":{"@id":"https:\/\/cvinoticias.com\/v3\/el-gobierno-declaro-la-emergencia-hidrica-ante-la-historica-bajante-en-el-rio-parana\/#primaryimage"},"image":{"@id":"https:\/\/cvinoticias.com\/v3\/el-gobierno-declaro-la-emergencia-hidrica-ante-la-historica-bajante-en-el-rio-parana\/#primaryimage"},"thumbnailUrl":"https:\/\/cvinoticias.com\/wp-content\/uploads\/2021\/07\/60f9ef0de8e38-TrEPez.jpeg","datePublished":"2021-07-26T10:38:21+00:00","breadcrumb":{"@id":"https:\/\/cvinoticias.com\/v3\/el-gobierno-declaro-la-emergencia-hidrica-ante-la-historica-bajante-en-el-rio-parana\/#breadcrumb"},"inLanguage":"es","potentialAction":[{"@type":"ReadAction","target":["https:\/\/cvinoticias.com\/v3\/el-gobierno-declaro-la-emergencia-hidrica-ante-la-historica-bajante-en-el-rio-parana\/"]}]},{"@type":"ImageObject","inLanguage":"es","@id":"https:\/\/cvinoticias.com\/v3\/el-gobierno-declaro-la-emergencia-hidrica-ante-la-historica-bajante-en-el-rio-parana\/#primaryimage","url":"https:\/\/cvinoticias.com\/wp-content\/uploads\/2021\/07\/60f9ef0de8e38-TrEPez.jpeg","contentUrl":"https:\/\/cvinoticias.com\/wp-content\/uploads\/2021\/07\/60f9ef0de8e38-TrEPez.jpeg","width":1004,"height":565},{"@type":"BreadcrumbList","@id":"https:\/\/cvinoticias.com\/v3\/el-gobierno-declaro-la-emergencia-hidrica-ante-la-historica-bajante-en-el-rio-parana\/#breadcrumb","itemListElement":[{"@type":"ListItem","position":1,"name":"Portada","item":"https:\/\/cvinoticias.com\/v3\/"},{"@type":"ListItem","position":2,"name":"El Gobierno declar\u00f3 la \u00abemergencia h\u00eddrica\u00bb ante la hist\u00f3rica bajante en el R\u00edo Paran\u00e1"}]},{"@type":"WebSite","@id":"https:\/\/cvinoticias.com\/v3\/#website","url":"https:\/\/cvinoticias.com\/v3\/","name":"CVI NOTICIAS","description":"","publisher":{"@id":"https:\/\/cvinoticias.com\/v3\/#organization"},"alternateName":"CVI","potentialAction":[{"@type":"SearchAction","target":{"@type":"EntryPoint","urlTemplate":"https:\/\/cvinoticias.com\/v3\/?s={search_term_string}"},"query-input":{"@type":"PropertyValueSpecification","valueRequired":true,"valueName":"search_term_string"}}],"inLanguage":"es"},{"@type":"Organization","@id":"https:\/\/cvinoticias.com\/v3\/#organization","name":"CVI NOTICIAS","url":"https:\/\/cvinoticias.com\/v3\/","logo":{"@type":"ImageObject","inLanguage":"es","@id":"https:\/\/cvinoticias.com\/v3\/#\/schema\/logo\/image\/","url":"https:\/\/cvinoticias.com\/wp-content\/uploads\/2023\/04\/cropped-cropped-cropped-cropped-cropped-3-1.png","contentUrl":"https:\/\/cvinoticias.com\/wp-content\/uploads\/2023\/04\/cropped-cropped-cropped-cropped-cropped-3-1.png","width":95,"height":122,"caption":"CVI NOTICIAS"},"image":{"@id":"https:\/\/cvinoticias.com\/v3\/#\/schema\/logo\/image\/"},"sameAs":["https:\/\/www.facebook.com\/cvinoticias","https:\/\/www.instagram.com\/cvinoticias\/","https:\/\/www.youtube.com\/@CVINOTICIAS"]},{"@type":"Person","@id":"https:\/\/cvinoticias.com\/v3\/#\/schema\/person\/2db77e3c6bc03c538495d7b2b8be9b66","name":"f1000024","image":{"@type":"ImageObject","inLanguage":"es","@id":"https:\/\/secure.gravatar.com\/avatar\/d4fe7459cfc51ff5129ce1a732bbef5928568b8092d412ef95611616376bbeed?s=96&d=mm&r=g","url":"https:\/\/secure.gravatar.com\/avatar\/d4fe7459cfc51ff5129ce1a732bbef5928568b8092d412ef95611616376bbeed?s=96&d=mm&r=g","contentUrl":"https:\/\/secure.gravatar.com\/avatar\/d4fe7459cfc51ff5129ce1a732bbef5928568b8092d412ef95611616376bbeed?s=96&d=mm&r=g","caption":"f1000024"},"url":"https:\/\/cvinoticias.com\/v3\/author\/f1000024\/"}]}},"_links":{"self":[{"href":"https:\/\/cvinoticias.com\/v3\/wp-json\/wp\/v2\/posts\/7104","targetHints":{"allow":["GET"]}}],"collection":[{"href":"https:\/\/cvinoticias.com\/v3\/wp-json\/wp\/v2\/posts"}],"about":[{"href":"https:\/\/cvinoticias.com\/v3\/wp-json\/wp\/v2\/types\/post"}],"author":[{"embeddable":true,"href":"https:\/\/cvinoticias.com\/v3\/wp-json\/wp\/v2\/users\/2"}],"replies":[{"embeddable":true,"href":"https:\/\/cvinoticias.com\/v3\/wp-json\/wp\/v2\/comments?post=7104"}],"version-history":[{"count":1,"href":"https:\/\/cvinoticias.com\/v3\/wp-json\/wp\/v2\/posts\/7104\/revisions"}],"predecessor-version":[{"id":7106,"href":"https:\/\/cvinoticias.com\/v3\/wp-json\/wp\/v2\/posts\/7104\/revisions\/7106"}],"wp:featuredmedia":[{"embeddable":true,"href":"https:\/\/cvinoticias.com\/v3\/wp-json\/wp\/v2\/media\/7105"}],"wp:attachment":[{"href":"https:\/\/cvinoticias.com\/v3\/wp-json\/wp\/v2\/media?parent=7104"}],"wp:term":[{"taxonomy":"category","embeddable":true,"href":"https:\/\/cvinoticias.com\/v3\/wp-json\/wp\/v2\/categories?post=7104"},{"taxonomy":"post_tag","embeddable":true,"href":"https:\/\/cvinoticias.com\/v3\/wp-json\/wp\/v2\/tags?post=7104"}],"curies":[{"name":"wp","href":"https:\/\/api.w.org\/{rel}","templated":true}]}}