{"id":7098,"date":"2021-07-26T10:20:30","date_gmt":"2021-07-26T10:20:30","guid":{"rendered":"https:\/\/cvinoticias.com\/v3\/?p=7098"},"modified":"2021-07-26T10:20:30","modified_gmt":"2021-07-26T10:20:30","slug":"espana-impuso-una-cuarentena-obligatoria-para-los-que-viajen-desde-argentina","status":"publish","type":"post","link":"https:\/\/cvinoticias.com\/v3\/espana-impuso-una-cuarentena-obligatoria-para-los-que-viajen-desde-argentina\/","title":{"rendered":"Espa\u00f1a impuso una cuarentena obligatoria para los que viajen desde Argentina"},"content":{"rendered":"\n<p><strong><em>La medida entrar\u00e1 en vigor el 27 de julio y la decisi\u00f3n se tom\u00f3 ante una \u201cevoluci\u00f3n muy desfavorable en la situaci\u00f3n epidemiol\u00f3gica\u201d en el pa\u00eds latinoamericano.<\/em><\/strong><\/p>\n\n\n\n<p>El gobierno espa\u00f1ol anunci\u00f3 este s\u00e1bado que los viajeros provenientes de la Argentina, Colombia, Bolivia y Namibia deber\u00e1n hacer una cuarentena estricta de 10 d\u00edas al ingresar al pa\u00eds, en el marco de la pandemia de Covid-19. La medida entrar\u00e1 en vigor el pr\u00f3ximo martes 27 de julio y en principio durar\u00eda por 14 d\u00edas. Deber\u00e1n permanecer en su domicilio o alojamiento y s\u00f3lo podr\u00e1n salir para la adquisici\u00f3n de alimentos, productos farmac\u00e9uticos y de primera necesidad.<br><br>La cuarentena podr\u00e1 ser reducida a siete d\u00edas si el viajero presenta un test negativo el s\u00e9ptimo d\u00eda, seg\u00fan se public\u00f3 en el Bolet\u00edn Oficial del Estado (BOE). Para tomar la decisi\u00f3n, el gobierno de Pedro S\u00e1nchez tuvo en cuenta&nbsp; las \u201caltas incidencias acumuladas, la tasa de positividad, la tasa de pruebas diagn\u00f3sticas y la tasa de poblaci\u00f3n vacunada\u201d en los territorios mencionados.<br><br>\u201cEl an\u00e1lisis de los indicadores correspondientes a determinados pa\u00edses muestra una evoluci\u00f3n muy desfavorable en su situaci\u00f3n epidemiol\u00f3gica que aconseja la adopci\u00f3n de medidas extraordinarias a las personas que procedan de los mismos, con el fin de identificar eventuales casos importados y limitar la difusi\u00f3n incontrolada a partir de ellos\u201d, dice la orden ministerial.<br><br>La norma aclara que quedar\u00e1n exceptuados los \u201cpasajeros en tr\u00e1nsito que sean residentes, o sean titulares de visados de larga duraci\u00f3n de pa\u00edses UE y Estados asociados Schengen, Andorra, M\u00f3naco, El Vaticano o San Marino, que se dirijan a ese pa\u00eds\u201d y el \u201cpersonal aeron\u00e1utico necesario para llevar a cabo las actividades de transporte a\u00e9reo\u201d.<\/p>\n","protected":false},"excerpt":{"rendered":"<p>La medida entrar\u00e1 en vigor el 27 de julio y la decisi\u00f3n se tom\u00f3 ante una \u201cevoluci\u00f3n muy desfavorable en la situaci\u00f3n epidemiol\u00f3gica\u201d en el pa\u00eds latinoamericano. El gobierno espa\u00f1ol anunci\u00f3 este s\u00e1bado que los viajeros provenientes de la Argentina, Colombia, Bolivia y Namibia deber\u00e1n hacer una cuarentena estricta de 10 d\u00edas al ingresar al [&hellip;]<\/p>\n","protected":false},"author":2,"featured_media":7099,"comment_status":"open","ping_status":"open","sticky":false,"template":"","format":"standard","meta":{"footnotes":""},"categories":[35],"tags":[],"class_list":["post-7098","post","type-post","status-publish","format-standard","has-post-thumbnail","hentry","category-informacion-general"],"yoast_head":"<!-- This site is optimized with the Yoast SEO plugin v27.5 - https:\/\/yoast.com\/product\/yoast-seo-wordpress\/ -->\n<title>Espa\u00f1a impuso una cuarentena obligatoria para los que viajen desde Argentina | CVI NOTICIAS<\/title>\n<meta name=\"robots\" content=\"index, follow, max-snippet:-1, max-image-preview:large, max-video-preview:-1\" \/>\n<link rel=\"canonical\" href=\"https:\/\/cvinoticias.com\/v3\/espana-impuso-una-cuarentena-obligatoria-para-los-que-viajen-desde-argentina\/\" \/>\n<meta property=\"og:locale\" content=\"es_ES\" \/>\n<meta property=\"og:type\" content=\"article\" \/>\n<meta property=\"og:title\" content=\"Espa\u00f1a impuso una cuarentena obligatoria para los que viajen desde Argentina | CVI NOTICIAS\" \/>\n<meta property=\"og:description\" content=\"La medida entrar\u00e1 en vigor el 27 de julio y la decisi\u00f3n se tom\u00f3 ante una \u201cevoluci\u00f3n muy desfavorable en la situaci\u00f3n epidemiol\u00f3gica\u201d en el pa\u00eds latinoamericano. El gobierno espa\u00f1ol anunci\u00f3 este s\u00e1bado que los viajeros provenientes de la Argentina, Colombia, Bolivia y Namibia deber\u00e1n hacer una cuarentena estricta de 10 d\u00edas al ingresar al [&hellip;]\" \/>\n<meta property=\"og:url\" content=\"https:\/\/cvinoticias.com\/v3\/espana-impuso-una-cuarentena-obligatoria-para-los-que-viajen-desde-argentina\/\" \/>\n<meta property=\"og:site_name\" content=\"CVI NOTICIAS\" \/>\n<meta property=\"article:publisher\" content=\"https:\/\/www.facebook.com\/cvinoticias\" \/>\n<meta property=\"article:published_time\" content=\"2021-07-26T10:20:30+00:00\" \/>\n<meta property=\"og:image\" content=\"https:\/\/cvinoticias.com\/wp-content\/uploads\/2021\/07\/la-medida-entrara-vigencia-el-27-julio.jpg\" \/>\n\t<meta property=\"og:image:width\" content=\"1200\" \/>\n\t<meta property=\"og:image:height\" content=\"675\" \/>\n\t<meta property=\"og:image:type\" content=\"image\/jpeg\" \/>\n<meta name=\"author\" content=\"f1000024\" \/>\n<meta name=\"twitter:card\" content=\"summary_large_image\" \/>\n<meta name=\"twitter:label1\" content=\"Escrito por\" \/>\n\t<meta name=\"twitter:data1\" content=\"f1000024\" \/>\n\t<meta name=\"twitter:label2\" content=\"Tiempo de lectura\" \/>\n\t<meta name=\"twitter:data2\" content=\"2 minutos\" \/>\n<script type=\"application\/ld+json\" class=\"yoast-schema-graph\">{\"@context\":\"https:\\\/\\\/schema.org\",\"@graph\":[{\"@type\":\"Article\",\"@id\":\"https:\\\/\\\/cvinoticias.com\\\/v3\\\/espana-impuso-una-cuarentena-obligatoria-para-los-que-viajen-desde-argentina\\\/#article\",\"isPartOf\":{\"@id\":\"https:\\\/\\\/cvinoticias.com\\\/v3\\\/espana-impuso-una-cuarentena-obligatoria-para-los-que-viajen-desde-argentina\\\/\"},\"author\":{\"name\":\"f1000024\",\"@id\":\"https:\\\/\\\/cvinoticias.com\\\/v3\\\/#\\\/schema\\\/person\\\/2db77e3c6bc03c538495d7b2b8be9b66\"},\"headline\":\"Espa\u00f1a impuso una cuarentena obligatoria para los que viajen desde Argentina\",\"datePublished\":\"2021-07-26T10:20:30+00:00\",\"mainEntityOfPage\":{\"@id\":\"https:\\\/\\\/cvinoticias.com\\\/v3\\\/espana-impuso-una-cuarentena-obligatoria-para-los-que-viajen-desde-argentina\\\/\"},\"wordCount\":327,\"commentCount\":0,\"publisher\":{\"@id\":\"https:\\\/\\\/cvinoticias.com\\\/v3\\\/#organization\"},\"image\":{\"@id\":\"https:\\\/\\\/cvinoticias.com\\\/v3\\\/espana-impuso-una-cuarentena-obligatoria-para-los-que-viajen-desde-argentina\\\/#primaryimage\"},\"thumbnailUrl\":\"https:\\\/\\\/cvinoticias.com\\\/wp-content\\\/uploads\\\/2021\\\/07\\\/la-medida-entrara-vigencia-el-27-julio.jpg\",\"articleSection\":[\"Informaci\u00f3n General\"],\"inLanguage\":\"es\",\"potentialAction\":[{\"@type\":\"CommentAction\",\"name\":\"Comment\",\"target\":[\"https:\\\/\\\/cvinoticias.com\\\/v3\\\/espana-impuso-una-cuarentena-obligatoria-para-los-que-viajen-desde-argentina\\\/#respond\"]}]},{\"@type\":\"WebPage\",\"@id\":\"https:\\\/\\\/cvinoticias.com\\\/v3\\\/espana-impuso-una-cuarentena-obligatoria-para-los-que-viajen-desde-argentina\\\/\",\"url\":\"https:\\\/\\\/cvinoticias.com\\\/v3\\\/espana-impuso-una-cuarentena-obligatoria-para-los-que-viajen-desde-argentina\\\/\",\"name\":\"Espa\u00f1a impuso una cuarentena obligatoria para los que viajen desde Argentina | CVI NOTICIAS\",\"isPartOf\":{\"@id\":\"https:\\\/\\\/cvinoticias.com\\\/v3\\\/#website\"},\"primaryImageOfPage\":{\"@id\":\"https:\\\/\\\/cvinoticias.com\\\/v3\\\/espana-impuso-una-cuarentena-obligatoria-para-los-que-viajen-desde-argentina\\\/#primaryimage\"},\"image\":{\"@id\":\"https:\\\/\\\/cvinoticias.com\\\/v3\\\/espana-impuso-una-cuarentena-obligatoria-para-los-que-viajen-desde-argentina\\\/#primaryimage\"},\"thumbnailUrl\":\"https:\\\/\\\/cvinoticias.com\\\/wp-content\\\/uploads\\\/2021\\\/07\\\/la-medida-entrara-vigencia-el-27-julio.jpg\",\"datePublished\":\"2021-07-26T10:20:30+00:00\",\"breadcrumb\":{\"@id\":\"https:\\\/\\\/cvinoticias.com\\\/v3\\\/espana-impuso-una-cuarentena-obligatoria-para-los-que-viajen-desde-argentina\\\/#breadcrumb\"},\"inLanguage\":\"es\",\"potentialAction\":[{\"@type\":\"ReadAction\",\"target\":[\"https:\\\/\\\/cvinoticias.com\\\/v3\\\/espana-impuso-una-cuarentena-obligatoria-para-los-que-viajen-desde-argentina\\\/\"]}]},{\"@type\":\"ImageObject\",\"inLanguage\":\"es\",\"@id\":\"https:\\\/\\\/cvinoticias.com\\\/v3\\\/espana-impuso-una-cuarentena-obligatoria-para-los-que-viajen-desde-argentina\\\/#primaryimage\",\"url\":\"https:\\\/\\\/cvinoticias.com\\\/wp-content\\\/uploads\\\/2021\\\/07\\\/la-medida-entrara-vigencia-el-27-julio.jpg\",\"contentUrl\":\"https:\\\/\\\/cvinoticias.com\\\/wp-content\\\/uploads\\\/2021\\\/07\\\/la-medida-entrara-vigencia-el-27-julio.jpg\",\"width\":1200,\"height\":675},{\"@type\":\"BreadcrumbList\",\"@id\":\"https:\\\/\\\/cvinoticias.com\\\/v3\\\/espana-impuso-una-cuarentena-obligatoria-para-los-que-viajen-desde-argentina\\\/#breadcrumb\",\"itemListElement\":[{\"@type\":\"ListItem\",\"position\":1,\"name\":\"Portada\",\"item\":\"https:\\\/\\\/cvinoticias.com\\\/v3\\\/\"},{\"@type\":\"ListItem\",\"position\":2,\"name\":\"Espa\u00f1a impuso una cuarentena obligatoria para los que viajen desde Argentina\"}]},{\"@type\":\"WebSite\",\"@id\":\"https:\\\/\\\/cvinoticias.com\\\/v3\\\/#website\",\"url\":\"https:\\\/\\\/cvinoticias.com\\\/v3\\\/\",\"name\":\"CVI NOTICIAS\",\"description\":\"\",\"publisher\":{\"@id\":\"https:\\\/\\\/cvinoticias.com\\\/v3\\\/#organization\"},\"alternateName\":\"CVI\",\"potentialAction\":[{\"@type\":\"SearchAction\",\"target\":{\"@type\":\"EntryPoint\",\"urlTemplate\":\"https:\\\/\\\/cvinoticias.com\\\/v3\\\/?s={search_term_string}\"},\"query-input\":{\"@type\":\"PropertyValueSpecification\",\"valueRequired\":true,\"valueName\":\"search_term_string\"}}],\"inLanguage\":\"es\"},{\"@type\":\"Organization\",\"@id\":\"https:\\\/\\\/cvinoticias.com\\\/v3\\\/#organization\",\"name\":\"CVI NOTICIAS\",\"url\":\"https:\\\/\\\/cvinoticias.com\\\/v3\\\/\",\"logo\":{\"@type\":\"ImageObject\",\"inLanguage\":\"es\",\"@id\":\"https:\\\/\\\/cvinoticias.com\\\/v3\\\/#\\\/schema\\\/logo\\\/image\\\/\",\"url\":\"https:\\\/\\\/cvinoticias.com\\\/wp-content\\\/uploads\\\/2023\\\/04\\\/cropped-cropped-cropped-cropped-cropped-3-1.png\",\"contentUrl\":\"https:\\\/\\\/cvinoticias.com\\\/wp-content\\\/uploads\\\/2023\\\/04\\\/cropped-cropped-cropped-cropped-cropped-3-1.png\",\"width\":95,\"height\":122,\"caption\":\"CVI NOTICIAS\"},\"image\":{\"@id\":\"https:\\\/\\\/cvinoticias.com\\\/v3\\\/#\\\/schema\\\/logo\\\/image\\\/\"},\"sameAs\":[\"https:\\\/\\\/www.facebook.com\\\/cvinoticias\",\"https:\\\/\\\/www.instagram.com\\\/cvinoticias\\\/\",\"https:\\\/\\\/www.youtube.com\\\/@CVINOTICIAS\"]},{\"@type\":\"Person\",\"@id\":\"https:\\\/\\\/cvinoticias.com\\\/v3\\\/#\\\/schema\\\/person\\\/2db77e3c6bc03c538495d7b2b8be9b66\",\"name\":\"f1000024\",\"image\":{\"@type\":\"ImageObject\",\"inLanguage\":\"es\",\"@id\":\"https:\\\/\\\/secure.gravatar.com\\\/avatar\\\/d4fe7459cfc51ff5129ce1a732bbef5928568b8092d412ef95611616376bbeed?s=96&d=mm&r=g\",\"url\":\"https:\\\/\\\/secure.gravatar.com\\\/avatar\\\/d4fe7459cfc51ff5129ce1a732bbef5928568b8092d412ef95611616376bbeed?s=96&d=mm&r=g\",\"contentUrl\":\"https:\\\/\\\/secure.gravatar.com\\\/avatar\\\/d4fe7459cfc51ff5129ce1a732bbef5928568b8092d412ef95611616376bbeed?s=96&d=mm&r=g\",\"caption\":\"f1000024\"},\"url\":\"https:\\\/\\\/cvinoticias.com\\\/v3\\\/author\\\/f1000024\\\/\"}]}<\/script>\n<!-- \/ Yoast SEO plugin. -->","yoast_head_json":{"title":"Espa\u00f1a impuso una cuarentena obligatoria para los que viajen desde Argentina | CVI NOTICIAS","robots":{"index":"index","follow":"follow","max-snippet":"max-snippet:-1","max-image-preview":"max-image-preview:large","max-video-preview":"max-video-preview:-1"},"canonical":"https:\/\/cvinoticias.com\/v3\/espana-impuso-una-cuarentena-obligatoria-para-los-que-viajen-desde-argentina\/","og_locale":"es_ES","og_type":"article","og_title":"Espa\u00f1a impuso una cuarentena obligatoria para los que viajen desde Argentina | CVI NOTICIAS","og_description":"La medida entrar\u00e1 en vigor el 27 de julio y la decisi\u00f3n se tom\u00f3 ante una \u201cevoluci\u00f3n muy desfavorable en la situaci\u00f3n epidemiol\u00f3gica\u201d en el pa\u00eds latinoamericano. El gobierno espa\u00f1ol anunci\u00f3 este s\u00e1bado que los viajeros provenientes de la Argentina, Colombia, Bolivia y Namibia deber\u00e1n hacer una cuarentena estricta de 10 d\u00edas al ingresar al [&hellip;]","og_url":"https:\/\/cvinoticias.com\/v3\/espana-impuso-una-cuarentena-obligatoria-para-los-que-viajen-desde-argentina\/","og_site_name":"CVI NOTICIAS","article_publisher":"https:\/\/www.facebook.com\/cvinoticias","article_published_time":"2021-07-26T10:20:30+00:00","og_image":[{"width":1200,"height":675,"url":"https:\/\/cvinoticias.com\/wp-content\/uploads\/2021\/07\/la-medida-entrara-vigencia-el-27-julio.jpg","type":"image\/jpeg"}],"author":"f1000024","twitter_card":"summary_large_image","twitter_misc":{"Escrito por":"f1000024","Tiempo de lectura":"2 minutos"},"schema":{"@context":"https:\/\/schema.org","@graph":[{"@type":"Article","@id":"https:\/\/cvinoticias.com\/v3\/espana-impuso-una-cuarentena-obligatoria-para-los-que-viajen-desde-argentina\/#article","isPartOf":{"@id":"https:\/\/cvinoticias.com\/v3\/espana-impuso-una-cuarentena-obligatoria-para-los-que-viajen-desde-argentina\/"},"author":{"name":"f1000024","@id":"https:\/\/cvinoticias.com\/v3\/#\/schema\/person\/2db77e3c6bc03c538495d7b2b8be9b66"},"headline":"Espa\u00f1a impuso una cuarentena obligatoria para los que viajen desde Argentina","datePublished":"2021-07-26T10:20:30+00:00","mainEntityOfPage":{"@id":"https:\/\/cvinoticias.com\/v3\/espana-impuso-una-cuarentena-obligatoria-para-los-que-viajen-desde-argentina\/"},"wordCount":327,"commentCount":0,"publisher":{"@id":"https:\/\/cvinoticias.com\/v3\/#organization"},"image":{"@id":"https:\/\/cvinoticias.com\/v3\/espana-impuso-una-cuarentena-obligatoria-para-los-que-viajen-desde-argentina\/#primaryimage"},"thumbnailUrl":"https:\/\/cvinoticias.com\/wp-content\/uploads\/2021\/07\/la-medida-entrara-vigencia-el-27-julio.jpg","articleSection":["Informaci\u00f3n General"],"inLanguage":"es","potentialAction":[{"@type":"CommentAction","name":"Comment","target":["https:\/\/cvinoticias.com\/v3\/espana-impuso-una-cuarentena-obligatoria-para-los-que-viajen-desde-argentina\/#respond"]}]},{"@type":"WebPage","@id":"https:\/\/cvinoticias.com\/v3\/espana-impuso-una-cuarentena-obligatoria-para-los-que-viajen-desde-argentina\/","url":"https:\/\/cvinoticias.com\/v3\/espana-impuso-una-cuarentena-obligatoria-para-los-que-viajen-desde-argentina\/","name":"Espa\u00f1a impuso una cuarentena obligatoria para los que viajen desde Argentina | CVI NOTICIAS","isPartOf":{"@id":"https:\/\/cvinoticias.com\/v3\/#website"},"primaryImageOfPage":{"@id":"https:\/\/cvinoticias.com\/v3\/espana-impuso-una-cuarentena-obligatoria-para-los-que-viajen-desde-argentina\/#primaryimage"},"image":{"@id":"https:\/\/cvinoticias.com\/v3\/espana-impuso-una-cuarentena-obligatoria-para-los-que-viajen-desde-argentina\/#primaryimage"},"thumbnailUrl":"https:\/\/cvinoticias.com\/wp-content\/uploads\/2021\/07\/la-medida-entrara-vigencia-el-27-julio.jpg","datePublished":"2021-07-26T10:20:30+00:00","breadcrumb":{"@id":"https:\/\/cvinoticias.com\/v3\/espana-impuso-una-cuarentena-obligatoria-para-los-que-viajen-desde-argentina\/#breadcrumb"},"inLanguage":"es","potentialAction":[{"@type":"ReadAction","target":["https:\/\/cvinoticias.com\/v3\/espana-impuso-una-cuarentena-obligatoria-para-los-que-viajen-desde-argentina\/"]}]},{"@type":"ImageObject","inLanguage":"es","@id":"https:\/\/cvinoticias.com\/v3\/espana-impuso-una-cuarentena-obligatoria-para-los-que-viajen-desde-argentina\/#primaryimage","url":"https:\/\/cvinoticias.com\/wp-content\/uploads\/2021\/07\/la-medida-entrara-vigencia-el-27-julio.jpg","contentUrl":"https:\/\/cvinoticias.com\/wp-content\/uploads\/2021\/07\/la-medida-entrara-vigencia-el-27-julio.jpg","width":1200,"height":675},{"@type":"BreadcrumbList","@id":"https:\/\/cvinoticias.com\/v3\/espana-impuso-una-cuarentena-obligatoria-para-los-que-viajen-desde-argentina\/#breadcrumb","itemListElement":[{"@type":"ListItem","position":1,"name":"Portada","item":"https:\/\/cvinoticias.com\/v3\/"},{"@type":"ListItem","position":2,"name":"Espa\u00f1a impuso una cuarentena obligatoria para los que viajen desde Argentina"}]},{"@type":"WebSite","@id":"https:\/\/cvinoticias.com\/v3\/#website","url":"https:\/\/cvinoticias.com\/v3\/","name":"CVI NOTICIAS","description":"","publisher":{"@id":"https:\/\/cvinoticias.com\/v3\/#organization"},"alternateName":"CVI","potentialAction":[{"@type":"SearchAction","target":{"@type":"EntryPoint","urlTemplate":"https:\/\/cvinoticias.com\/v3\/?s={search_term_string}"},"query-input":{"@type":"PropertyValueSpecification","valueRequired":true,"valueName":"search_term_string"}}],"inLanguage":"es"},{"@type":"Organization","@id":"https:\/\/cvinoticias.com\/v3\/#organization","name":"CVI NOTICIAS","url":"https:\/\/cvinoticias.com\/v3\/","logo":{"@type":"ImageObject","inLanguage":"es","@id":"https:\/\/cvinoticias.com\/v3\/#\/schema\/logo\/image\/","url":"https:\/\/cvinoticias.com\/wp-content\/uploads\/2023\/04\/cropped-cropped-cropped-cropped-cropped-3-1.png","contentUrl":"https:\/\/cvinoticias.com\/wp-content\/uploads\/2023\/04\/cropped-cropped-cropped-cropped-cropped-3-1.png","width":95,"height":122,"caption":"CVI NOTICIAS"},"image":{"@id":"https:\/\/cvinoticias.com\/v3\/#\/schema\/logo\/image\/"},"sameAs":["https:\/\/www.facebook.com\/cvinoticias","https:\/\/www.instagram.com\/cvinoticias\/","https:\/\/www.youtube.com\/@CVINOTICIAS"]},{"@type":"Person","@id":"https:\/\/cvinoticias.com\/v3\/#\/schema\/person\/2db77e3c6bc03c538495d7b2b8be9b66","name":"f1000024","image":{"@type":"ImageObject","inLanguage":"es","@id":"https:\/\/secure.gravatar.com\/avatar\/d4fe7459cfc51ff5129ce1a732bbef5928568b8092d412ef95611616376bbeed?s=96&d=mm&r=g","url":"https:\/\/secure.gravatar.com\/avatar\/d4fe7459cfc51ff5129ce1a732bbef5928568b8092d412ef95611616376bbeed?s=96&d=mm&r=g","contentUrl":"https:\/\/secure.gravatar.com\/avatar\/d4fe7459cfc51ff5129ce1a732bbef5928568b8092d412ef95611616376bbeed?s=96&d=mm&r=g","caption":"f1000024"},"url":"https:\/\/cvinoticias.com\/v3\/author\/f1000024\/"}]}},"_links":{"self":[{"href":"https:\/\/cvinoticias.com\/v3\/wp-json\/wp\/v2\/posts\/7098","targetHints":{"allow":["GET"]}}],"collection":[{"href":"https:\/\/cvinoticias.com\/v3\/wp-json\/wp\/v2\/posts"}],"about":[{"href":"https:\/\/cvinoticias.com\/v3\/wp-json\/wp\/v2\/types\/post"}],"author":[{"embeddable":true,"href":"https:\/\/cvinoticias.com\/v3\/wp-json\/wp\/v2\/users\/2"}],"replies":[{"embeddable":true,"href":"https:\/\/cvinoticias.com\/v3\/wp-json\/wp\/v2\/comments?post=7098"}],"version-history":[{"count":1,"href":"https:\/\/cvinoticias.com\/v3\/wp-json\/wp\/v2\/posts\/7098\/revisions"}],"predecessor-version":[{"id":7100,"href":"https:\/\/cvinoticias.com\/v3\/wp-json\/wp\/v2\/posts\/7098\/revisions\/7100"}],"wp:featuredmedia":[{"embeddable":true,"href":"https:\/\/cvinoticias.com\/v3\/wp-json\/wp\/v2\/media\/7099"}],"wp:attachment":[{"href":"https:\/\/cvinoticias.com\/v3\/wp-json\/wp\/v2\/media?parent=7098"}],"wp:term":[{"taxonomy":"category","embeddable":true,"href":"https:\/\/cvinoticias.com\/v3\/wp-json\/wp\/v2\/categories?post=7098"},{"taxonomy":"post_tag","embeddable":true,"href":"https:\/\/cvinoticias.com\/v3\/wp-json\/wp\/v2\/tags?post=7098"}],"curies":[{"name":"wp","href":"https:\/\/api.w.org\/{rel}","templated":true}]}}