{"id":7088,"date":"2021-07-25T21:30:21","date_gmt":"2021-07-25T21:30:21","guid":{"rendered":"https:\/\/cvinoticias.com\/v3\/?p=7088"},"modified":"2021-07-25T21:36:13","modified_gmt":"2021-07-25T21:36:13","slug":"profundo-dolor-por-la-muerte-de-la-joven-hija-de-patricio-di-palma-tras-estar-mas-de-5-meses-internada-por-un-hongo-en-los-pulmones","status":"publish","type":"post","link":"https:\/\/cvinoticias.com\/v3\/profundo-dolor-por-la-muerte-de-la-joven-hija-de-patricio-di-palma-tras-estar-mas-de-5-meses-internada-por-un-hongo-en-los-pulmones\/","title":{"rendered":"Profundo dolor por la muerte de la joven hija de Patricio Di Palma tras estar m\u00e1s de 5 meses internada por un hongo en los pulmones"},"content":{"rendered":"\n<p><strong><em>El mundo del automovilismo argentino est\u00e1 conmocionado despu\u00e9s de enterarse de la muerte de\u00a0Agustina Di Palma, hija de Patricio \u201cPato\u201d Di Palma y sobrina de Marcos Di Palma. La joven de 22 a\u00f1os estaba internada desde mayo en el Hospital Italiano,\u00a0luego que se le detectara un hongo denominado Pneumocystis, que ataca los pulmones<\/em><\/strong>.<\/p>\n\n\n\n<p>La joven tuvo varias altas y bajas durante el tratamiento, pero finalmente no pudo resistir. En un principio hab\u00eda mostrado leves mejor\u00eda, pero con el correr de los d\u00edas su estado se agrav\u00f3.<\/p>\n\n\n\n<p>La infecci\u00f3n le hab\u00eda causado una gran fatiga de m\u00fasculos, motivo por el cual los especialistas que la atend\u00edan resolvieron en su momento intubarla. Los \u00faltimos partes m\u00e9dicos hab\u00edan indicado que el cuadro de Agustina empeoraba.<\/p>\n\n\n\n<p>Despu\u00e9s de conocerse la tr\u00e1gica noticia, varios miembros de su familia salieron a despedirla. Su pap\u00e1, Patricio, puso una foto juntos con la frase de la pel\u00edcula Toy Story: \u201cHasta el infinito y m\u00e1s all\u00e1\u201d.<\/p>\n\n\n\n<p>Su t\u00edo Marcos escribi\u00f3 en su cuenta de Instagram:\u00a0<strong>\u201cSos libre. \u00a1Vol\u00e1 alto, lo m\u00e1s alto, mi bella!\u201d,<\/strong>\u00a0frase que grafic\u00f3 con la imagen de una paloma.<\/p>\n\n\n\n<p>El hermano de la joven, Dino, tambi\u00e9n la despidi\u00f3 con mucho amor: \u201cHasta el \u00faltimo latido de la mano. Gracias por esperarme, nadie puede haber tenido una mejor hermana. 22:31 nos fuimos juntos. Te voy a extra\u00f1ar mucho, s\u00e9 que sabes lo mucho que te amo y gracias por ser mi hermana. Nunca me voy a olvidar de vos! Te amo mi angelito\u201d.<\/p>\n\n\n\n<p>Hace tres a\u00f1os tar\u00e1s, la joven hab\u00eda tenido que someterse a un transplante de ri\u00f1on. El donante, fue su padre Patricio. Afortunadamente, la operaci\u00f3n sali\u00f3 bien y la joven pudo hacer vida normal. Sin embargo, por su situaci\u00f3n, deb\u00eda ser controlada cada cierto tiempo.<\/p>\n\n\n\n<p>\u201c<em>Mi pap\u00e1 no lo dud\u00f3 ni un segundo. Al tratarse de su hija, era el primero que quer\u00eda donar<\/em>\u201d, dijo Dino Di Palma al diario Cr\u00f3nica en aquella oportunidad.<\/p>\n","protected":false},"excerpt":{"rendered":"<p>El mundo del automovilismo argentino est\u00e1 conmocionado despu\u00e9s de enterarse de la muerte de\u00a0Agustina Di Palma, hija de Patricio \u201cPato\u201d Di Palma y sobrina de Marcos Di Palma. La joven de 22 a\u00f1os estaba internada desde mayo en el Hospital Italiano,\u00a0luego que se le detectara un hongo denominado Pneumocystis, que ataca los pulmones. La joven [&hellip;]<\/p>\n","protected":false},"author":2,"featured_media":7089,"comment_status":"open","ping_status":"open","sticky":false,"template":"","format":"standard","meta":{"footnotes":""},"categories":[35],"tags":[],"class_list":["post-7088","post","type-post","status-publish","format-standard","has-post-thumbnail","hentry","category-informacion-general"],"yoast_head":"<!-- This site is optimized with the Yoast SEO plugin v27.5 - https:\/\/yoast.com\/product\/yoast-seo-wordpress\/ -->\n<title>Profundo dolor por la muerte de la joven hija de Patricio Di Palma tras estar m\u00e1s de 5 meses internada por un hongo en los pulmones | CVI NOTICIAS<\/title>\n<meta name=\"robots\" content=\"index, follow, max-snippet:-1, max-image-preview:large, max-video-preview:-1\" \/>\n<link rel=\"canonical\" href=\"https:\/\/cvinoticias.com\/v3\/profundo-dolor-por-la-muerte-de-la-joven-hija-de-patricio-di-palma-tras-estar-mas-de-5-meses-internada-por-un-hongo-en-los-pulmones\/\" \/>\n<meta property=\"og:locale\" content=\"es_ES\" \/>\n<meta property=\"og:type\" content=\"article\" \/>\n<meta property=\"og:title\" content=\"Profundo dolor por la muerte de la joven hija de Patricio Di Palma tras estar m\u00e1s de 5 meses internada por un hongo en los pulmones | CVI NOTICIAS\" \/>\n<meta property=\"og:description\" content=\"El mundo del automovilismo argentino est\u00e1 conmocionado despu\u00e9s de enterarse de la muerte de\u00a0Agustina Di Palma, hija de Patricio \u201cPato\u201d Di Palma y sobrina de Marcos Di Palma. La joven de 22 a\u00f1os estaba internada desde mayo en el Hospital Italiano,\u00a0luego que se le detectara un hongo denominado Pneumocystis, que ataca los pulmones. La joven [&hellip;]\" \/>\n<meta property=\"og:url\" content=\"https:\/\/cvinoticias.com\/v3\/profundo-dolor-por-la-muerte-de-la-joven-hija-de-patricio-di-palma-tras-estar-mas-de-5-meses-internada-por-un-hongo-en-los-pulmones\/\" \/>\n<meta property=\"og:site_name\" content=\"CVI NOTICIAS\" \/>\n<meta property=\"article:publisher\" content=\"https:\/\/www.facebook.com\/cvinoticias\" \/>\n<meta property=\"article:published_time\" content=\"2021-07-25T21:30:21+00:00\" \/>\n<meta property=\"article:modified_time\" content=\"2021-07-25T21:36:13+00:00\" \/>\n<meta property=\"og:image\" content=\"https:\/\/cvinoticias.com\/wp-content\/uploads\/2021\/07\/Screenshot_20210725-182945_Facebook.jpg\" \/>\n\t<meta property=\"og:image:width\" content=\"969\" \/>\n\t<meta property=\"og:image:height\" content=\"547\" \/>\n\t<meta property=\"og:image:type\" content=\"image\/jpeg\" \/>\n<meta name=\"author\" content=\"f1000024\" \/>\n<meta name=\"twitter:card\" content=\"summary_large_image\" \/>\n<meta name=\"twitter:label1\" content=\"Escrito por\" \/>\n\t<meta name=\"twitter:data1\" content=\"f1000024\" \/>\n\t<meta name=\"twitter:label2\" content=\"Tiempo de lectura\" \/>\n\t<meta name=\"twitter:data2\" content=\"2 minutos\" \/>\n<script type=\"application\/ld+json\" class=\"yoast-schema-graph\">{\"@context\":\"https:\\\/\\\/schema.org\",\"@graph\":[{\"@type\":\"Article\",\"@id\":\"https:\\\/\\\/cvinoticias.com\\\/v3\\\/profundo-dolor-por-la-muerte-de-la-joven-hija-de-patricio-di-palma-tras-estar-mas-de-5-meses-internada-por-un-hongo-en-los-pulmones\\\/#article\",\"isPartOf\":{\"@id\":\"https:\\\/\\\/cvinoticias.com\\\/v3\\\/profundo-dolor-por-la-muerte-de-la-joven-hija-de-patricio-di-palma-tras-estar-mas-de-5-meses-internada-por-un-hongo-en-los-pulmones\\\/\"},\"author\":{\"name\":\"f1000024\",\"@id\":\"https:\\\/\\\/cvinoticias.com\\\/v3\\\/#\\\/schema\\\/person\\\/2db77e3c6bc03c538495d7b2b8be9b66\"},\"headline\":\"Profundo dolor por la muerte de la joven hija de Patricio Di Palma tras estar m\u00e1s de 5 meses internada por un hongo en los pulmones\",\"datePublished\":\"2021-07-25T21:30:21+00:00\",\"dateModified\":\"2021-07-25T21:36:13+00:00\",\"mainEntityOfPage\":{\"@id\":\"https:\\\/\\\/cvinoticias.com\\\/v3\\\/profundo-dolor-por-la-muerte-de-la-joven-hija-de-patricio-di-palma-tras-estar-mas-de-5-meses-internada-por-un-hongo-en-los-pulmones\\\/\"},\"wordCount\":374,\"commentCount\":0,\"publisher\":{\"@id\":\"https:\\\/\\\/cvinoticias.com\\\/v3\\\/#organization\"},\"image\":{\"@id\":\"https:\\\/\\\/cvinoticias.com\\\/v3\\\/profundo-dolor-por-la-muerte-de-la-joven-hija-de-patricio-di-palma-tras-estar-mas-de-5-meses-internada-por-un-hongo-en-los-pulmones\\\/#primaryimage\"},\"thumbnailUrl\":\"https:\\\/\\\/cvinoticias.com\\\/wp-content\\\/uploads\\\/2021\\\/07\\\/Screenshot_20210725-182945_Facebook.jpg\",\"articleSection\":[\"Informaci\u00f3n General\"],\"inLanguage\":\"es\",\"potentialAction\":[{\"@type\":\"CommentAction\",\"name\":\"Comment\",\"target\":[\"https:\\\/\\\/cvinoticias.com\\\/v3\\\/profundo-dolor-por-la-muerte-de-la-joven-hija-de-patricio-di-palma-tras-estar-mas-de-5-meses-internada-por-un-hongo-en-los-pulmones\\\/#respond\"]}]},{\"@type\":\"WebPage\",\"@id\":\"https:\\\/\\\/cvinoticias.com\\\/v3\\\/profundo-dolor-por-la-muerte-de-la-joven-hija-de-patricio-di-palma-tras-estar-mas-de-5-meses-internada-por-un-hongo-en-los-pulmones\\\/\",\"url\":\"https:\\\/\\\/cvinoticias.com\\\/v3\\\/profundo-dolor-por-la-muerte-de-la-joven-hija-de-patricio-di-palma-tras-estar-mas-de-5-meses-internada-por-un-hongo-en-los-pulmones\\\/\",\"name\":\"Profundo dolor por la muerte de la joven hija de Patricio Di Palma tras estar m\u00e1s de 5 meses internada por un hongo en los pulmones | CVI NOTICIAS\",\"isPartOf\":{\"@id\":\"https:\\\/\\\/cvinoticias.com\\\/v3\\\/#website\"},\"primaryImageOfPage\":{\"@id\":\"https:\\\/\\\/cvinoticias.com\\\/v3\\\/profundo-dolor-por-la-muerte-de-la-joven-hija-de-patricio-di-palma-tras-estar-mas-de-5-meses-internada-por-un-hongo-en-los-pulmones\\\/#primaryimage\"},\"image\":{\"@id\":\"https:\\\/\\\/cvinoticias.com\\\/v3\\\/profundo-dolor-por-la-muerte-de-la-joven-hija-de-patricio-di-palma-tras-estar-mas-de-5-meses-internada-por-un-hongo-en-los-pulmones\\\/#primaryimage\"},\"thumbnailUrl\":\"https:\\\/\\\/cvinoticias.com\\\/wp-content\\\/uploads\\\/2021\\\/07\\\/Screenshot_20210725-182945_Facebook.jpg\",\"datePublished\":\"2021-07-25T21:30:21+00:00\",\"dateModified\":\"2021-07-25T21:36:13+00:00\",\"breadcrumb\":{\"@id\":\"https:\\\/\\\/cvinoticias.com\\\/v3\\\/profundo-dolor-por-la-muerte-de-la-joven-hija-de-patricio-di-palma-tras-estar-mas-de-5-meses-internada-por-un-hongo-en-los-pulmones\\\/#breadcrumb\"},\"inLanguage\":\"es\",\"potentialAction\":[{\"@type\":\"ReadAction\",\"target\":[\"https:\\\/\\\/cvinoticias.com\\\/v3\\\/profundo-dolor-por-la-muerte-de-la-joven-hija-de-patricio-di-palma-tras-estar-mas-de-5-meses-internada-por-un-hongo-en-los-pulmones\\\/\"]}]},{\"@type\":\"ImageObject\",\"inLanguage\":\"es\",\"@id\":\"https:\\\/\\\/cvinoticias.com\\\/v3\\\/profundo-dolor-por-la-muerte-de-la-joven-hija-de-patricio-di-palma-tras-estar-mas-de-5-meses-internada-por-un-hongo-en-los-pulmones\\\/#primaryimage\",\"url\":\"https:\\\/\\\/cvinoticias.com\\\/wp-content\\\/uploads\\\/2021\\\/07\\\/Screenshot_20210725-182945_Facebook.jpg\",\"contentUrl\":\"https:\\\/\\\/cvinoticias.com\\\/wp-content\\\/uploads\\\/2021\\\/07\\\/Screenshot_20210725-182945_Facebook.jpg\",\"width\":969,\"height\":547},{\"@type\":\"BreadcrumbList\",\"@id\":\"https:\\\/\\\/cvinoticias.com\\\/v3\\\/profundo-dolor-por-la-muerte-de-la-joven-hija-de-patricio-di-palma-tras-estar-mas-de-5-meses-internada-por-un-hongo-en-los-pulmones\\\/#breadcrumb\",\"itemListElement\":[{\"@type\":\"ListItem\",\"position\":1,\"name\":\"Portada\",\"item\":\"https:\\\/\\\/cvinoticias.com\\\/v3\\\/\"},{\"@type\":\"ListItem\",\"position\":2,\"name\":\"Profundo dolor por la muerte de la joven hija de Patricio Di Palma tras estar m\u00e1s de 5 meses internada por un hongo en los pulmones\"}]},{\"@type\":\"WebSite\",\"@id\":\"https:\\\/\\\/cvinoticias.com\\\/v3\\\/#website\",\"url\":\"https:\\\/\\\/cvinoticias.com\\\/v3\\\/\",\"name\":\"CVI NOTICIAS\",\"description\":\"\",\"publisher\":{\"@id\":\"https:\\\/\\\/cvinoticias.com\\\/v3\\\/#organization\"},\"alternateName\":\"CVI\",\"potentialAction\":[{\"@type\":\"SearchAction\",\"target\":{\"@type\":\"EntryPoint\",\"urlTemplate\":\"https:\\\/\\\/cvinoticias.com\\\/v3\\\/?s={search_term_string}\"},\"query-input\":{\"@type\":\"PropertyValueSpecification\",\"valueRequired\":true,\"valueName\":\"search_term_string\"}}],\"inLanguage\":\"es\"},{\"@type\":\"Organization\",\"@id\":\"https:\\\/\\\/cvinoticias.com\\\/v3\\\/#organization\",\"name\":\"CVI NOTICIAS\",\"url\":\"https:\\\/\\\/cvinoticias.com\\\/v3\\\/\",\"logo\":{\"@type\":\"ImageObject\",\"inLanguage\":\"es\",\"@id\":\"https:\\\/\\\/cvinoticias.com\\\/v3\\\/#\\\/schema\\\/logo\\\/image\\\/\",\"url\":\"https:\\\/\\\/cvinoticias.com\\\/wp-content\\\/uploads\\\/2023\\\/04\\\/cropped-cropped-cropped-cropped-cropped-3-1.png\",\"contentUrl\":\"https:\\\/\\\/cvinoticias.com\\\/wp-content\\\/uploads\\\/2023\\\/04\\\/cropped-cropped-cropped-cropped-cropped-3-1.png\",\"width\":95,\"height\":122,\"caption\":\"CVI NOTICIAS\"},\"image\":{\"@id\":\"https:\\\/\\\/cvinoticias.com\\\/v3\\\/#\\\/schema\\\/logo\\\/image\\\/\"},\"sameAs\":[\"https:\\\/\\\/www.facebook.com\\\/cvinoticias\",\"https:\\\/\\\/www.instagram.com\\\/cvinoticias\\\/\",\"https:\\\/\\\/www.youtube.com\\\/@CVINOTICIAS\"]},{\"@type\":\"Person\",\"@id\":\"https:\\\/\\\/cvinoticias.com\\\/v3\\\/#\\\/schema\\\/person\\\/2db77e3c6bc03c538495d7b2b8be9b66\",\"name\":\"f1000024\",\"image\":{\"@type\":\"ImageObject\",\"inLanguage\":\"es\",\"@id\":\"https:\\\/\\\/secure.gravatar.com\\\/avatar\\\/d4fe7459cfc51ff5129ce1a732bbef5928568b8092d412ef95611616376bbeed?s=96&d=mm&r=g\",\"url\":\"https:\\\/\\\/secure.gravatar.com\\\/avatar\\\/d4fe7459cfc51ff5129ce1a732bbef5928568b8092d412ef95611616376bbeed?s=96&d=mm&r=g\",\"contentUrl\":\"https:\\\/\\\/secure.gravatar.com\\\/avatar\\\/d4fe7459cfc51ff5129ce1a732bbef5928568b8092d412ef95611616376bbeed?s=96&d=mm&r=g\",\"caption\":\"f1000024\"},\"url\":\"https:\\\/\\\/cvinoticias.com\\\/v3\\\/author\\\/f1000024\\\/\"}]}<\/script>\n<!-- \/ Yoast SEO plugin. -->","yoast_head_json":{"title":"Profundo dolor por la muerte de la joven hija de Patricio Di Palma tras estar m\u00e1s de 5 meses internada por un hongo en los pulmones | CVI NOTICIAS","robots":{"index":"index","follow":"follow","max-snippet":"max-snippet:-1","max-image-preview":"max-image-preview:large","max-video-preview":"max-video-preview:-1"},"canonical":"https:\/\/cvinoticias.com\/v3\/profundo-dolor-por-la-muerte-de-la-joven-hija-de-patricio-di-palma-tras-estar-mas-de-5-meses-internada-por-un-hongo-en-los-pulmones\/","og_locale":"es_ES","og_type":"article","og_title":"Profundo dolor por la muerte de la joven hija de Patricio Di Palma tras estar m\u00e1s de 5 meses internada por un hongo en los pulmones | CVI NOTICIAS","og_description":"El mundo del automovilismo argentino est\u00e1 conmocionado despu\u00e9s de enterarse de la muerte de\u00a0Agustina Di Palma, hija de Patricio \u201cPato\u201d Di Palma y sobrina de Marcos Di Palma. La joven de 22 a\u00f1os estaba internada desde mayo en el Hospital Italiano,\u00a0luego que se le detectara un hongo denominado Pneumocystis, que ataca los pulmones. La joven [&hellip;]","og_url":"https:\/\/cvinoticias.com\/v3\/profundo-dolor-por-la-muerte-de-la-joven-hija-de-patricio-di-palma-tras-estar-mas-de-5-meses-internada-por-un-hongo-en-los-pulmones\/","og_site_name":"CVI NOTICIAS","article_publisher":"https:\/\/www.facebook.com\/cvinoticias","article_published_time":"2021-07-25T21:30:21+00:00","article_modified_time":"2021-07-25T21:36:13+00:00","og_image":[{"width":969,"height":547,"url":"https:\/\/cvinoticias.com\/wp-content\/uploads\/2021\/07\/Screenshot_20210725-182945_Facebook.jpg","type":"image\/jpeg"}],"author":"f1000024","twitter_card":"summary_large_image","twitter_misc":{"Escrito por":"f1000024","Tiempo de lectura":"2 minutos"},"schema":{"@context":"https:\/\/schema.org","@graph":[{"@type":"Article","@id":"https:\/\/cvinoticias.com\/v3\/profundo-dolor-por-la-muerte-de-la-joven-hija-de-patricio-di-palma-tras-estar-mas-de-5-meses-internada-por-un-hongo-en-los-pulmones\/#article","isPartOf":{"@id":"https:\/\/cvinoticias.com\/v3\/profundo-dolor-por-la-muerte-de-la-joven-hija-de-patricio-di-palma-tras-estar-mas-de-5-meses-internada-por-un-hongo-en-los-pulmones\/"},"author":{"name":"f1000024","@id":"https:\/\/cvinoticias.com\/v3\/#\/schema\/person\/2db77e3c6bc03c538495d7b2b8be9b66"},"headline":"Profundo dolor por la muerte de la joven hija de Patricio Di Palma tras estar m\u00e1s de 5 meses internada por un hongo en los pulmones","datePublished":"2021-07-25T21:30:21+00:00","dateModified":"2021-07-25T21:36:13+00:00","mainEntityOfPage":{"@id":"https:\/\/cvinoticias.com\/v3\/profundo-dolor-por-la-muerte-de-la-joven-hija-de-patricio-di-palma-tras-estar-mas-de-5-meses-internada-por-un-hongo-en-los-pulmones\/"},"wordCount":374,"commentCount":0,"publisher":{"@id":"https:\/\/cvinoticias.com\/v3\/#organization"},"image":{"@id":"https:\/\/cvinoticias.com\/v3\/profundo-dolor-por-la-muerte-de-la-joven-hija-de-patricio-di-palma-tras-estar-mas-de-5-meses-internada-por-un-hongo-en-los-pulmones\/#primaryimage"},"thumbnailUrl":"https:\/\/cvinoticias.com\/wp-content\/uploads\/2021\/07\/Screenshot_20210725-182945_Facebook.jpg","articleSection":["Informaci\u00f3n General"],"inLanguage":"es","potentialAction":[{"@type":"CommentAction","name":"Comment","target":["https:\/\/cvinoticias.com\/v3\/profundo-dolor-por-la-muerte-de-la-joven-hija-de-patricio-di-palma-tras-estar-mas-de-5-meses-internada-por-un-hongo-en-los-pulmones\/#respond"]}]},{"@type":"WebPage","@id":"https:\/\/cvinoticias.com\/v3\/profundo-dolor-por-la-muerte-de-la-joven-hija-de-patricio-di-palma-tras-estar-mas-de-5-meses-internada-por-un-hongo-en-los-pulmones\/","url":"https:\/\/cvinoticias.com\/v3\/profundo-dolor-por-la-muerte-de-la-joven-hija-de-patricio-di-palma-tras-estar-mas-de-5-meses-internada-por-un-hongo-en-los-pulmones\/","name":"Profundo dolor por la muerte de la joven hija de Patricio Di Palma tras estar m\u00e1s de 5 meses internada por un hongo en los pulmones | CVI NOTICIAS","isPartOf":{"@id":"https:\/\/cvinoticias.com\/v3\/#website"},"primaryImageOfPage":{"@id":"https:\/\/cvinoticias.com\/v3\/profundo-dolor-por-la-muerte-de-la-joven-hija-de-patricio-di-palma-tras-estar-mas-de-5-meses-internada-por-un-hongo-en-los-pulmones\/#primaryimage"},"image":{"@id":"https:\/\/cvinoticias.com\/v3\/profundo-dolor-por-la-muerte-de-la-joven-hija-de-patricio-di-palma-tras-estar-mas-de-5-meses-internada-por-un-hongo-en-los-pulmones\/#primaryimage"},"thumbnailUrl":"https:\/\/cvinoticias.com\/wp-content\/uploads\/2021\/07\/Screenshot_20210725-182945_Facebook.jpg","datePublished":"2021-07-25T21:30:21+00:00","dateModified":"2021-07-25T21:36:13+00:00","breadcrumb":{"@id":"https:\/\/cvinoticias.com\/v3\/profundo-dolor-por-la-muerte-de-la-joven-hija-de-patricio-di-palma-tras-estar-mas-de-5-meses-internada-por-un-hongo-en-los-pulmones\/#breadcrumb"},"inLanguage":"es","potentialAction":[{"@type":"ReadAction","target":["https:\/\/cvinoticias.com\/v3\/profundo-dolor-por-la-muerte-de-la-joven-hija-de-patricio-di-palma-tras-estar-mas-de-5-meses-internada-por-un-hongo-en-los-pulmones\/"]}]},{"@type":"ImageObject","inLanguage":"es","@id":"https:\/\/cvinoticias.com\/v3\/profundo-dolor-por-la-muerte-de-la-joven-hija-de-patricio-di-palma-tras-estar-mas-de-5-meses-internada-por-un-hongo-en-los-pulmones\/#primaryimage","url":"https:\/\/cvinoticias.com\/wp-content\/uploads\/2021\/07\/Screenshot_20210725-182945_Facebook.jpg","contentUrl":"https:\/\/cvinoticias.com\/wp-content\/uploads\/2021\/07\/Screenshot_20210725-182945_Facebook.jpg","width":969,"height":547},{"@type":"BreadcrumbList","@id":"https:\/\/cvinoticias.com\/v3\/profundo-dolor-por-la-muerte-de-la-joven-hija-de-patricio-di-palma-tras-estar-mas-de-5-meses-internada-por-un-hongo-en-los-pulmones\/#breadcrumb","itemListElement":[{"@type":"ListItem","position":1,"name":"Portada","item":"https:\/\/cvinoticias.com\/v3\/"},{"@type":"ListItem","position":2,"name":"Profundo dolor por la muerte de la joven hija de Patricio Di Palma tras estar m\u00e1s de 5 meses internada por un hongo en los pulmones"}]},{"@type":"WebSite","@id":"https:\/\/cvinoticias.com\/v3\/#website","url":"https:\/\/cvinoticias.com\/v3\/","name":"CVI NOTICIAS","description":"","publisher":{"@id":"https:\/\/cvinoticias.com\/v3\/#organization"},"alternateName":"CVI","potentialAction":[{"@type":"SearchAction","target":{"@type":"EntryPoint","urlTemplate":"https:\/\/cvinoticias.com\/v3\/?s={search_term_string}"},"query-input":{"@type":"PropertyValueSpecification","valueRequired":true,"valueName":"search_term_string"}}],"inLanguage":"es"},{"@type":"Organization","@id":"https:\/\/cvinoticias.com\/v3\/#organization","name":"CVI NOTICIAS","url":"https:\/\/cvinoticias.com\/v3\/","logo":{"@type":"ImageObject","inLanguage":"es","@id":"https:\/\/cvinoticias.com\/v3\/#\/schema\/logo\/image\/","url":"https:\/\/cvinoticias.com\/wp-content\/uploads\/2023\/04\/cropped-cropped-cropped-cropped-cropped-3-1.png","contentUrl":"https:\/\/cvinoticias.com\/wp-content\/uploads\/2023\/04\/cropped-cropped-cropped-cropped-cropped-3-1.png","width":95,"height":122,"caption":"CVI NOTICIAS"},"image":{"@id":"https:\/\/cvinoticias.com\/v3\/#\/schema\/logo\/image\/"},"sameAs":["https:\/\/www.facebook.com\/cvinoticias","https:\/\/www.instagram.com\/cvinoticias\/","https:\/\/www.youtube.com\/@CVINOTICIAS"]},{"@type":"Person","@id":"https:\/\/cvinoticias.com\/v3\/#\/schema\/person\/2db77e3c6bc03c538495d7b2b8be9b66","name":"f1000024","image":{"@type":"ImageObject","inLanguage":"es","@id":"https:\/\/secure.gravatar.com\/avatar\/d4fe7459cfc51ff5129ce1a732bbef5928568b8092d412ef95611616376bbeed?s=96&d=mm&r=g","url":"https:\/\/secure.gravatar.com\/avatar\/d4fe7459cfc51ff5129ce1a732bbef5928568b8092d412ef95611616376bbeed?s=96&d=mm&r=g","contentUrl":"https:\/\/secure.gravatar.com\/avatar\/d4fe7459cfc51ff5129ce1a732bbef5928568b8092d412ef95611616376bbeed?s=96&d=mm&r=g","caption":"f1000024"},"url":"https:\/\/cvinoticias.com\/v3\/author\/f1000024\/"}]}},"_links":{"self":[{"href":"https:\/\/cvinoticias.com\/v3\/wp-json\/wp\/v2\/posts\/7088","targetHints":{"allow":["GET"]}}],"collection":[{"href":"https:\/\/cvinoticias.com\/v3\/wp-json\/wp\/v2\/posts"}],"about":[{"href":"https:\/\/cvinoticias.com\/v3\/wp-json\/wp\/v2\/types\/post"}],"author":[{"embeddable":true,"href":"https:\/\/cvinoticias.com\/v3\/wp-json\/wp\/v2\/users\/2"}],"replies":[{"embeddable":true,"href":"https:\/\/cvinoticias.com\/v3\/wp-json\/wp\/v2\/comments?post=7088"}],"version-history":[{"count":4,"href":"https:\/\/cvinoticias.com\/v3\/wp-json\/wp\/v2\/posts\/7088\/revisions"}],"predecessor-version":[{"id":7093,"href":"https:\/\/cvinoticias.com\/v3\/wp-json\/wp\/v2\/posts\/7088\/revisions\/7093"}],"wp:featuredmedia":[{"embeddable":true,"href":"https:\/\/cvinoticias.com\/v3\/wp-json\/wp\/v2\/media\/7089"}],"wp:attachment":[{"href":"https:\/\/cvinoticias.com\/v3\/wp-json\/wp\/v2\/media?parent=7088"}],"wp:term":[{"taxonomy":"category","embeddable":true,"href":"https:\/\/cvinoticias.com\/v3\/wp-json\/wp\/v2\/categories?post=7088"},{"taxonomy":"post_tag","embeddable":true,"href":"https:\/\/cvinoticias.com\/v3\/wp-json\/wp\/v2\/tags?post=7088"}],"curies":[{"name":"wp","href":"https:\/\/api.w.org\/{rel}","templated":true}]}}