{"id":7082,"date":"2021-07-25T20:27:47","date_gmt":"2021-07-25T20:27:47","guid":{"rendered":"https:\/\/cvinoticias.com\/v3\/?p=7082"},"modified":"2021-07-25T20:27:47","modified_gmt":"2021-07-25T20:27:47","slug":"el-pays-presento-lista-propia-para-competir-en-las-paso-del-frente-de-todos","status":"publish","type":"post","link":"https:\/\/cvinoticias.com\/v3\/el-pays-presento-lista-propia-para-competir-en-las-paso-del-frente-de-todos\/","title":{"rendered":"El Pays present\u00f3 lista propia para competir en las PASO del Frente de Todos"},"content":{"rendered":"\n<p><strong><em>El Partido Agrario y Social formaliz\u00f3 la presentaci\u00f3n de su lista de precandidatos a diputados nacionales que competir\u00e1n en las elecciones Primarias, Abiertas, Simult\u00e1neas y Obligatorias dentro del Frente de Todos en Misiones.<\/em><\/strong><\/p>\n\n\n\n<p>La lista&nbsp; Popular,&nbsp; Agrario y Social (Pays) est\u00e1 encabezada por el abogado y diputado provincial Isaac Lenguaza, una figura de amplio consenso dentro del espacio que lo impulsa y adem\u00e1s de &nbsp;una &nbsp;amplia trayectoria p\u00fablica.<\/p>\n\n\n\n<p>Ser\u00e1 secundado por la docente e integrante de la plataforma&nbsp; EldoTodaLaVida&nbsp; Liliana G\u00f3mez. Y el &nbsp;tercer candidato titular es el contador y docente Cristian Gabriel Castro, de San Javier.<\/p>\n\n\n\n<p>Le siguen Camila G\u00f6ring,&nbsp; militante de la juventud del Pays (Colonia Aurora); Nelson Brettin (Maneco), uno de los fundadores del Partido Agrario y Social de El Soberbio, y la dirigente social Laura De La Cruz Vargas &nbsp;(Ober\u00e1).<\/p>\n\n\n\n<p><strong>\u00abNuestro espacio est\u00e1 comprometido con los principios del modelo nacional y popular desde sus inicios. Los votos dir\u00e1n qui\u00e9nes ser\u00e1n los candidatos del Frente de Todos, que es la forma m\u00e1s sana de definir a los preferidos de la ciudadan\u00eda para disputar la verdadera representaci\u00f3n\u00bb<\/strong>&nbsp;se\u00f1al\u00f3 el presidente del Pays Cacho Barbaro.&nbsp;&nbsp;<strong>\u00abEs una instancia que nos motiva mucho porque el Pays est\u00e1 en condiciones de competir y ganar limpiamente, respetando a los dem\u00e1s espacios que conformamos este frente y que deber\u00e1n hacer lo mismo, porque as\u00ed funciona la democracia\u00bb<\/strong>&nbsp;finaliz\u00f3.<\/p>\n","protected":false},"excerpt":{"rendered":"<p>El Partido Agrario y Social formaliz\u00f3 la presentaci\u00f3n de su lista de precandidatos a diputados nacionales que competir\u00e1n en las elecciones Primarias, Abiertas, Simult\u00e1neas y Obligatorias dentro del Frente de Todos en Misiones. La lista&nbsp; Popular,&nbsp; Agrario y Social (Pays) est\u00e1 encabezada por el abogado y diputado provincial Isaac Lenguaza, una figura de amplio consenso [&hellip;]<\/p>\n","protected":false},"author":2,"featured_media":7083,"comment_status":"open","ping_status":"open","sticky":false,"template":"","format":"standard","meta":{"footnotes":""},"categories":[42],"tags":[],"class_list":["post-7082","post","type-post","status-publish","format-standard","has-post-thumbnail","hentry","category-politica"],"yoast_head":"<!-- This site is optimized with the Yoast SEO plugin v27.5 - https:\/\/yoast.com\/product\/yoast-seo-wordpress\/ -->\n<title>El Pays present\u00f3 lista propia para competir en las PASO del Frente de Todos | CVI NOTICIAS<\/title>\n<meta name=\"robots\" content=\"index, follow, max-snippet:-1, max-image-preview:large, max-video-preview:-1\" \/>\n<link rel=\"canonical\" href=\"https:\/\/cvinoticias.com\/v3\/el-pays-presento-lista-propia-para-competir-en-las-paso-del-frente-de-todos\/\" \/>\n<meta property=\"og:locale\" content=\"es_ES\" \/>\n<meta property=\"og:type\" content=\"article\" \/>\n<meta property=\"og:title\" content=\"El Pays present\u00f3 lista propia para competir en las PASO del Frente de Todos | CVI NOTICIAS\" \/>\n<meta property=\"og:description\" content=\"El Partido Agrario y Social formaliz\u00f3 la presentaci\u00f3n de su lista de precandidatos a diputados nacionales que competir\u00e1n en las elecciones Primarias, Abiertas, Simult\u00e1neas y Obligatorias dentro del Frente de Todos en Misiones. La lista&nbsp; Popular,&nbsp; Agrario y Social (Pays) est\u00e1 encabezada por el abogado y diputado provincial Isaac Lenguaza, una figura de amplio consenso [&hellip;]\" \/>\n<meta property=\"og:url\" content=\"https:\/\/cvinoticias.com\/v3\/el-pays-presento-lista-propia-para-competir-en-las-paso-del-frente-de-todos\/\" \/>\n<meta property=\"og:site_name\" content=\"CVI NOTICIAS\" \/>\n<meta property=\"article:publisher\" content=\"https:\/\/www.facebook.com\/cvinoticias\" \/>\n<meta property=\"article:published_time\" content=\"2021-07-25T20:27:47+00:00\" \/>\n<meta property=\"og:image\" content=\"https:\/\/cvinoticias.com\/wp-content\/uploads\/2021\/07\/FB_IMG_1627244841525.jpg\" \/>\n\t<meta property=\"og:image:width\" content=\"1080\" \/>\n\t<meta property=\"og:image:height\" content=\"720\" \/>\n\t<meta property=\"og:image:type\" content=\"image\/jpeg\" \/>\n<meta name=\"author\" content=\"f1000024\" \/>\n<meta name=\"twitter:card\" content=\"summary_large_image\" \/>\n<meta name=\"twitter:label1\" content=\"Escrito por\" \/>\n\t<meta name=\"twitter:data1\" content=\"f1000024\" \/>\n\t<meta name=\"twitter:label2\" content=\"Tiempo de lectura\" \/>\n\t<meta name=\"twitter:data2\" content=\"1 minuto\" \/>\n<script type=\"application\/ld+json\" class=\"yoast-schema-graph\">{\"@context\":\"https:\\\/\\\/schema.org\",\"@graph\":[{\"@type\":\"Article\",\"@id\":\"https:\\\/\\\/cvinoticias.com\\\/v3\\\/el-pays-presento-lista-propia-para-competir-en-las-paso-del-frente-de-todos\\\/#article\",\"isPartOf\":{\"@id\":\"https:\\\/\\\/cvinoticias.com\\\/v3\\\/el-pays-presento-lista-propia-para-competir-en-las-paso-del-frente-de-todos\\\/\"},\"author\":{\"name\":\"f1000024\",\"@id\":\"https:\\\/\\\/cvinoticias.com\\\/v3\\\/#\\\/schema\\\/person\\\/2db77e3c6bc03c538495d7b2b8be9b66\"},\"headline\":\"El Pays present\u00f3 lista propia para competir en las PASO del Frente de Todos\",\"datePublished\":\"2021-07-25T20:27:47+00:00\",\"mainEntityOfPage\":{\"@id\":\"https:\\\/\\\/cvinoticias.com\\\/v3\\\/el-pays-presento-lista-propia-para-competir-en-las-paso-del-frente-de-todos\\\/\"},\"wordCount\":268,\"commentCount\":0,\"publisher\":{\"@id\":\"https:\\\/\\\/cvinoticias.com\\\/v3\\\/#organization\"},\"image\":{\"@id\":\"https:\\\/\\\/cvinoticias.com\\\/v3\\\/el-pays-presento-lista-propia-para-competir-en-las-paso-del-frente-de-todos\\\/#primaryimage\"},\"thumbnailUrl\":\"https:\\\/\\\/cvinoticias.com\\\/wp-content\\\/uploads\\\/2021\\\/07\\\/FB_IMG_1627244841525.jpg\",\"articleSection\":[\"Politica\"],\"inLanguage\":\"es\",\"potentialAction\":[{\"@type\":\"CommentAction\",\"name\":\"Comment\",\"target\":[\"https:\\\/\\\/cvinoticias.com\\\/v3\\\/el-pays-presento-lista-propia-para-competir-en-las-paso-del-frente-de-todos\\\/#respond\"]}]},{\"@type\":\"WebPage\",\"@id\":\"https:\\\/\\\/cvinoticias.com\\\/v3\\\/el-pays-presento-lista-propia-para-competir-en-las-paso-del-frente-de-todos\\\/\",\"url\":\"https:\\\/\\\/cvinoticias.com\\\/v3\\\/el-pays-presento-lista-propia-para-competir-en-las-paso-del-frente-de-todos\\\/\",\"name\":\"El Pays present\u00f3 lista propia para competir en las PASO del Frente de Todos | CVI NOTICIAS\",\"isPartOf\":{\"@id\":\"https:\\\/\\\/cvinoticias.com\\\/v3\\\/#website\"},\"primaryImageOfPage\":{\"@id\":\"https:\\\/\\\/cvinoticias.com\\\/v3\\\/el-pays-presento-lista-propia-para-competir-en-las-paso-del-frente-de-todos\\\/#primaryimage\"},\"image\":{\"@id\":\"https:\\\/\\\/cvinoticias.com\\\/v3\\\/el-pays-presento-lista-propia-para-competir-en-las-paso-del-frente-de-todos\\\/#primaryimage\"},\"thumbnailUrl\":\"https:\\\/\\\/cvinoticias.com\\\/wp-content\\\/uploads\\\/2021\\\/07\\\/FB_IMG_1627244841525.jpg\",\"datePublished\":\"2021-07-25T20:27:47+00:00\",\"breadcrumb\":{\"@id\":\"https:\\\/\\\/cvinoticias.com\\\/v3\\\/el-pays-presento-lista-propia-para-competir-en-las-paso-del-frente-de-todos\\\/#breadcrumb\"},\"inLanguage\":\"es\",\"potentialAction\":[{\"@type\":\"ReadAction\",\"target\":[\"https:\\\/\\\/cvinoticias.com\\\/v3\\\/el-pays-presento-lista-propia-para-competir-en-las-paso-del-frente-de-todos\\\/\"]}]},{\"@type\":\"ImageObject\",\"inLanguage\":\"es\",\"@id\":\"https:\\\/\\\/cvinoticias.com\\\/v3\\\/el-pays-presento-lista-propia-para-competir-en-las-paso-del-frente-de-todos\\\/#primaryimage\",\"url\":\"https:\\\/\\\/cvinoticias.com\\\/wp-content\\\/uploads\\\/2021\\\/07\\\/FB_IMG_1627244841525.jpg\",\"contentUrl\":\"https:\\\/\\\/cvinoticias.com\\\/wp-content\\\/uploads\\\/2021\\\/07\\\/FB_IMG_1627244841525.jpg\",\"width\":1080,\"height\":720},{\"@type\":\"BreadcrumbList\",\"@id\":\"https:\\\/\\\/cvinoticias.com\\\/v3\\\/el-pays-presento-lista-propia-para-competir-en-las-paso-del-frente-de-todos\\\/#breadcrumb\",\"itemListElement\":[{\"@type\":\"ListItem\",\"position\":1,\"name\":\"Portada\",\"item\":\"https:\\\/\\\/cvinoticias.com\\\/v3\\\/\"},{\"@type\":\"ListItem\",\"position\":2,\"name\":\"El Pays present\u00f3 lista propia para competir en las PASO del Frente de Todos\"}]},{\"@type\":\"WebSite\",\"@id\":\"https:\\\/\\\/cvinoticias.com\\\/v3\\\/#website\",\"url\":\"https:\\\/\\\/cvinoticias.com\\\/v3\\\/\",\"name\":\"CVI NOTICIAS\",\"description\":\"\",\"publisher\":{\"@id\":\"https:\\\/\\\/cvinoticias.com\\\/v3\\\/#organization\"},\"alternateName\":\"CVI\",\"potentialAction\":[{\"@type\":\"SearchAction\",\"target\":{\"@type\":\"EntryPoint\",\"urlTemplate\":\"https:\\\/\\\/cvinoticias.com\\\/v3\\\/?s={search_term_string}\"},\"query-input\":{\"@type\":\"PropertyValueSpecification\",\"valueRequired\":true,\"valueName\":\"search_term_string\"}}],\"inLanguage\":\"es\"},{\"@type\":\"Organization\",\"@id\":\"https:\\\/\\\/cvinoticias.com\\\/v3\\\/#organization\",\"name\":\"CVI NOTICIAS\",\"url\":\"https:\\\/\\\/cvinoticias.com\\\/v3\\\/\",\"logo\":{\"@type\":\"ImageObject\",\"inLanguage\":\"es\",\"@id\":\"https:\\\/\\\/cvinoticias.com\\\/v3\\\/#\\\/schema\\\/logo\\\/image\\\/\",\"url\":\"https:\\\/\\\/cvinoticias.com\\\/wp-content\\\/uploads\\\/2023\\\/04\\\/cropped-cropped-cropped-cropped-cropped-3-1.png\",\"contentUrl\":\"https:\\\/\\\/cvinoticias.com\\\/wp-content\\\/uploads\\\/2023\\\/04\\\/cropped-cropped-cropped-cropped-cropped-3-1.png\",\"width\":95,\"height\":122,\"caption\":\"CVI NOTICIAS\"},\"image\":{\"@id\":\"https:\\\/\\\/cvinoticias.com\\\/v3\\\/#\\\/schema\\\/logo\\\/image\\\/\"},\"sameAs\":[\"https:\\\/\\\/www.facebook.com\\\/cvinoticias\",\"https:\\\/\\\/www.instagram.com\\\/cvinoticias\\\/\",\"https:\\\/\\\/www.youtube.com\\\/@CVINOTICIAS\"]},{\"@type\":\"Person\",\"@id\":\"https:\\\/\\\/cvinoticias.com\\\/v3\\\/#\\\/schema\\\/person\\\/2db77e3c6bc03c538495d7b2b8be9b66\",\"name\":\"f1000024\",\"image\":{\"@type\":\"ImageObject\",\"inLanguage\":\"es\",\"@id\":\"https:\\\/\\\/secure.gravatar.com\\\/avatar\\\/d4fe7459cfc51ff5129ce1a732bbef5928568b8092d412ef95611616376bbeed?s=96&d=mm&r=g\",\"url\":\"https:\\\/\\\/secure.gravatar.com\\\/avatar\\\/d4fe7459cfc51ff5129ce1a732bbef5928568b8092d412ef95611616376bbeed?s=96&d=mm&r=g\",\"contentUrl\":\"https:\\\/\\\/secure.gravatar.com\\\/avatar\\\/d4fe7459cfc51ff5129ce1a732bbef5928568b8092d412ef95611616376bbeed?s=96&d=mm&r=g\",\"caption\":\"f1000024\"},\"url\":\"https:\\\/\\\/cvinoticias.com\\\/v3\\\/author\\\/f1000024\\\/\"}]}<\/script>\n<!-- \/ Yoast SEO plugin. -->","yoast_head_json":{"title":"El Pays present\u00f3 lista propia para competir en las PASO del Frente de Todos | CVI NOTICIAS","robots":{"index":"index","follow":"follow","max-snippet":"max-snippet:-1","max-image-preview":"max-image-preview:large","max-video-preview":"max-video-preview:-1"},"canonical":"https:\/\/cvinoticias.com\/v3\/el-pays-presento-lista-propia-para-competir-en-las-paso-del-frente-de-todos\/","og_locale":"es_ES","og_type":"article","og_title":"El Pays present\u00f3 lista propia para competir en las PASO del Frente de Todos | CVI NOTICIAS","og_description":"El Partido Agrario y Social formaliz\u00f3 la presentaci\u00f3n de su lista de precandidatos a diputados nacionales que competir\u00e1n en las elecciones Primarias, Abiertas, Simult\u00e1neas y Obligatorias dentro del Frente de Todos en Misiones. La lista&nbsp; Popular,&nbsp; Agrario y Social (Pays) est\u00e1 encabezada por el abogado y diputado provincial Isaac Lenguaza, una figura de amplio consenso [&hellip;]","og_url":"https:\/\/cvinoticias.com\/v3\/el-pays-presento-lista-propia-para-competir-en-las-paso-del-frente-de-todos\/","og_site_name":"CVI NOTICIAS","article_publisher":"https:\/\/www.facebook.com\/cvinoticias","article_published_time":"2021-07-25T20:27:47+00:00","og_image":[{"width":1080,"height":720,"url":"https:\/\/cvinoticias.com\/wp-content\/uploads\/2021\/07\/FB_IMG_1627244841525.jpg","type":"image\/jpeg"}],"author":"f1000024","twitter_card":"summary_large_image","twitter_misc":{"Escrito por":"f1000024","Tiempo de lectura":"1 minuto"},"schema":{"@context":"https:\/\/schema.org","@graph":[{"@type":"Article","@id":"https:\/\/cvinoticias.com\/v3\/el-pays-presento-lista-propia-para-competir-en-las-paso-del-frente-de-todos\/#article","isPartOf":{"@id":"https:\/\/cvinoticias.com\/v3\/el-pays-presento-lista-propia-para-competir-en-las-paso-del-frente-de-todos\/"},"author":{"name":"f1000024","@id":"https:\/\/cvinoticias.com\/v3\/#\/schema\/person\/2db77e3c6bc03c538495d7b2b8be9b66"},"headline":"El Pays present\u00f3 lista propia para competir en las PASO del Frente de Todos","datePublished":"2021-07-25T20:27:47+00:00","mainEntityOfPage":{"@id":"https:\/\/cvinoticias.com\/v3\/el-pays-presento-lista-propia-para-competir-en-las-paso-del-frente-de-todos\/"},"wordCount":268,"commentCount":0,"publisher":{"@id":"https:\/\/cvinoticias.com\/v3\/#organization"},"image":{"@id":"https:\/\/cvinoticias.com\/v3\/el-pays-presento-lista-propia-para-competir-en-las-paso-del-frente-de-todos\/#primaryimage"},"thumbnailUrl":"https:\/\/cvinoticias.com\/wp-content\/uploads\/2021\/07\/FB_IMG_1627244841525.jpg","articleSection":["Politica"],"inLanguage":"es","potentialAction":[{"@type":"CommentAction","name":"Comment","target":["https:\/\/cvinoticias.com\/v3\/el-pays-presento-lista-propia-para-competir-en-las-paso-del-frente-de-todos\/#respond"]}]},{"@type":"WebPage","@id":"https:\/\/cvinoticias.com\/v3\/el-pays-presento-lista-propia-para-competir-en-las-paso-del-frente-de-todos\/","url":"https:\/\/cvinoticias.com\/v3\/el-pays-presento-lista-propia-para-competir-en-las-paso-del-frente-de-todos\/","name":"El Pays present\u00f3 lista propia para competir en las PASO del Frente de Todos | CVI NOTICIAS","isPartOf":{"@id":"https:\/\/cvinoticias.com\/v3\/#website"},"primaryImageOfPage":{"@id":"https:\/\/cvinoticias.com\/v3\/el-pays-presento-lista-propia-para-competir-en-las-paso-del-frente-de-todos\/#primaryimage"},"image":{"@id":"https:\/\/cvinoticias.com\/v3\/el-pays-presento-lista-propia-para-competir-en-las-paso-del-frente-de-todos\/#primaryimage"},"thumbnailUrl":"https:\/\/cvinoticias.com\/wp-content\/uploads\/2021\/07\/FB_IMG_1627244841525.jpg","datePublished":"2021-07-25T20:27:47+00:00","breadcrumb":{"@id":"https:\/\/cvinoticias.com\/v3\/el-pays-presento-lista-propia-para-competir-en-las-paso-del-frente-de-todos\/#breadcrumb"},"inLanguage":"es","potentialAction":[{"@type":"ReadAction","target":["https:\/\/cvinoticias.com\/v3\/el-pays-presento-lista-propia-para-competir-en-las-paso-del-frente-de-todos\/"]}]},{"@type":"ImageObject","inLanguage":"es","@id":"https:\/\/cvinoticias.com\/v3\/el-pays-presento-lista-propia-para-competir-en-las-paso-del-frente-de-todos\/#primaryimage","url":"https:\/\/cvinoticias.com\/wp-content\/uploads\/2021\/07\/FB_IMG_1627244841525.jpg","contentUrl":"https:\/\/cvinoticias.com\/wp-content\/uploads\/2021\/07\/FB_IMG_1627244841525.jpg","width":1080,"height":720},{"@type":"BreadcrumbList","@id":"https:\/\/cvinoticias.com\/v3\/el-pays-presento-lista-propia-para-competir-en-las-paso-del-frente-de-todos\/#breadcrumb","itemListElement":[{"@type":"ListItem","position":1,"name":"Portada","item":"https:\/\/cvinoticias.com\/v3\/"},{"@type":"ListItem","position":2,"name":"El Pays present\u00f3 lista propia para competir en las PASO del Frente de Todos"}]},{"@type":"WebSite","@id":"https:\/\/cvinoticias.com\/v3\/#website","url":"https:\/\/cvinoticias.com\/v3\/","name":"CVI NOTICIAS","description":"","publisher":{"@id":"https:\/\/cvinoticias.com\/v3\/#organization"},"alternateName":"CVI","potentialAction":[{"@type":"SearchAction","target":{"@type":"EntryPoint","urlTemplate":"https:\/\/cvinoticias.com\/v3\/?s={search_term_string}"},"query-input":{"@type":"PropertyValueSpecification","valueRequired":true,"valueName":"search_term_string"}}],"inLanguage":"es"},{"@type":"Organization","@id":"https:\/\/cvinoticias.com\/v3\/#organization","name":"CVI NOTICIAS","url":"https:\/\/cvinoticias.com\/v3\/","logo":{"@type":"ImageObject","inLanguage":"es","@id":"https:\/\/cvinoticias.com\/v3\/#\/schema\/logo\/image\/","url":"https:\/\/cvinoticias.com\/wp-content\/uploads\/2023\/04\/cropped-cropped-cropped-cropped-cropped-3-1.png","contentUrl":"https:\/\/cvinoticias.com\/wp-content\/uploads\/2023\/04\/cropped-cropped-cropped-cropped-cropped-3-1.png","width":95,"height":122,"caption":"CVI NOTICIAS"},"image":{"@id":"https:\/\/cvinoticias.com\/v3\/#\/schema\/logo\/image\/"},"sameAs":["https:\/\/www.facebook.com\/cvinoticias","https:\/\/www.instagram.com\/cvinoticias\/","https:\/\/www.youtube.com\/@CVINOTICIAS"]},{"@type":"Person","@id":"https:\/\/cvinoticias.com\/v3\/#\/schema\/person\/2db77e3c6bc03c538495d7b2b8be9b66","name":"f1000024","image":{"@type":"ImageObject","inLanguage":"es","@id":"https:\/\/secure.gravatar.com\/avatar\/d4fe7459cfc51ff5129ce1a732bbef5928568b8092d412ef95611616376bbeed?s=96&d=mm&r=g","url":"https:\/\/secure.gravatar.com\/avatar\/d4fe7459cfc51ff5129ce1a732bbef5928568b8092d412ef95611616376bbeed?s=96&d=mm&r=g","contentUrl":"https:\/\/secure.gravatar.com\/avatar\/d4fe7459cfc51ff5129ce1a732bbef5928568b8092d412ef95611616376bbeed?s=96&d=mm&r=g","caption":"f1000024"},"url":"https:\/\/cvinoticias.com\/v3\/author\/f1000024\/"}]}},"_links":{"self":[{"href":"https:\/\/cvinoticias.com\/v3\/wp-json\/wp\/v2\/posts\/7082","targetHints":{"allow":["GET"]}}],"collection":[{"href":"https:\/\/cvinoticias.com\/v3\/wp-json\/wp\/v2\/posts"}],"about":[{"href":"https:\/\/cvinoticias.com\/v3\/wp-json\/wp\/v2\/types\/post"}],"author":[{"embeddable":true,"href":"https:\/\/cvinoticias.com\/v3\/wp-json\/wp\/v2\/users\/2"}],"replies":[{"embeddable":true,"href":"https:\/\/cvinoticias.com\/v3\/wp-json\/wp\/v2\/comments?post=7082"}],"version-history":[{"count":1,"href":"https:\/\/cvinoticias.com\/v3\/wp-json\/wp\/v2\/posts\/7082\/revisions"}],"predecessor-version":[{"id":7084,"href":"https:\/\/cvinoticias.com\/v3\/wp-json\/wp\/v2\/posts\/7082\/revisions\/7084"}],"wp:featuredmedia":[{"embeddable":true,"href":"https:\/\/cvinoticias.com\/v3\/wp-json\/wp\/v2\/media\/7083"}],"wp:attachment":[{"href":"https:\/\/cvinoticias.com\/v3\/wp-json\/wp\/v2\/media?parent=7082"}],"wp:term":[{"taxonomy":"category","embeddable":true,"href":"https:\/\/cvinoticias.com\/v3\/wp-json\/wp\/v2\/categories?post=7082"},{"taxonomy":"post_tag","embeddable":true,"href":"https:\/\/cvinoticias.com\/v3\/wp-json\/wp\/v2\/tags?post=7082"}],"curies":[{"name":"wp","href":"https:\/\/api.w.org\/{rel}","templated":true}]}}