{"id":7073,"date":"2021-07-24T21:45:53","date_gmt":"2021-07-24T21:45:53","guid":{"rendered":"https:\/\/cvinoticias.com\/v3\/?p=7073"},"modified":"2021-07-24T21:45:53","modified_gmt":"2021-07-24T21:45:53","slug":"buscan-a-un-evadido-de-la-comisaria-1ra-de-puerto-rico","status":"publish","type":"post","link":"https:\/\/cvinoticias.com\/v3\/buscan-a-un-evadido-de-la-comisaria-1ra-de-puerto-rico\/","title":{"rendered":"Buscan a un evadido de la Comisar\u00eda 1ra de Puerto Rico"},"content":{"rendered":"\n<p><strong><em>La Polic\u00eda de Misiones contin\u00faa con los rastrillajes en busca de Celso Escobar Santa Cruz de 49 a\u00f1os, qui\u00e9n escap\u00f3 de la seccional 1ra de Puerto Rico donde se encontraba alojado desde abril de este a\u00f1o por infracci\u00f3n a la Ley 23.737.<\/em><\/strong><\/p>\n\n\n\n<p>La guardia de prevenci\u00f3n de la mencionada dependencia advirti\u00f3 la ausencia del detenido aproximadamente a las 8:20 horas de esta ma\u00f1ana. De acuerdo al reporte de la seccional, el preso huy\u00f3 de su celda tras violentar la seguridad del pabell\u00f3n.<\/p>\n\n\n\n<p>La Unidad Regional 4 de Puerto Rico coordina el operativo de b\u00fasqueda y paralelamente la Jefatura de Polic\u00eda investiga las circunstancias en las que se produjo la fuga.<\/p>\n\n\n\n<p>Ampliaremos<\/p>\n","protected":false},"excerpt":{"rendered":"<p>La Polic\u00eda de Misiones contin\u00faa con los rastrillajes en busca de Celso Escobar Santa Cruz de 49 a\u00f1os, qui\u00e9n escap\u00f3 de la seccional 1ra de Puerto Rico donde se encontraba alojado desde abril de este a\u00f1o por infracci\u00f3n a la Ley 23.737. La guardia de prevenci\u00f3n de la mencionada dependencia advirti\u00f3 la ausencia del detenido [&hellip;]<\/p>\n","protected":false},"author":2,"featured_media":7074,"comment_status":"open","ping_status":"open","sticky":false,"template":"","format":"standard","meta":{"footnotes":""},"categories":[41],"tags":[],"class_list":["post-7073","post","type-post","status-publish","format-standard","has-post-thumbnail","hentry","category-policiales"],"yoast_head":"<!-- This site is optimized with the Yoast SEO plugin v27.5 - https:\/\/yoast.com\/product\/yoast-seo-wordpress\/ -->\n<title>Buscan a un evadido de la Comisar\u00eda 1ra de Puerto Rico | CVI NOTICIAS<\/title>\n<meta name=\"robots\" content=\"index, follow, max-snippet:-1, max-image-preview:large, max-video-preview:-1\" \/>\n<link rel=\"canonical\" href=\"https:\/\/cvinoticias.com\/v3\/buscan-a-un-evadido-de-la-comisaria-1ra-de-puerto-rico\/\" \/>\n<meta property=\"og:locale\" content=\"es_ES\" \/>\n<meta property=\"og:type\" content=\"article\" \/>\n<meta property=\"og:title\" content=\"Buscan a un evadido de la Comisar\u00eda 1ra de Puerto Rico | CVI NOTICIAS\" \/>\n<meta property=\"og:description\" content=\"La Polic\u00eda de Misiones contin\u00faa con los rastrillajes en busca de Celso Escobar Santa Cruz de 49 a\u00f1os, qui\u00e9n escap\u00f3 de la seccional 1ra de Puerto Rico donde se encontraba alojado desde abril de este a\u00f1o por infracci\u00f3n a la Ley 23.737. La guardia de prevenci\u00f3n de la mencionada dependencia advirti\u00f3 la ausencia del detenido [&hellip;]\" \/>\n<meta property=\"og:url\" content=\"https:\/\/cvinoticias.com\/v3\/buscan-a-un-evadido-de-la-comisaria-1ra-de-puerto-rico\/\" \/>\n<meta property=\"og:site_name\" content=\"CVI NOTICIAS\" \/>\n<meta property=\"article:publisher\" content=\"https:\/\/www.facebook.com\/cvinoticias\" \/>\n<meta property=\"article:published_time\" content=\"2021-07-24T21:45:53+00:00\" \/>\n<meta property=\"og:image\" content=\"https:\/\/cvinoticias.com\/wp-content\/uploads\/2021\/07\/IMG-20210724-WA0033.jpg\" \/>\n\t<meta property=\"og:image:width\" content=\"1200\" \/>\n\t<meta property=\"og:image:height\" content=\"1600\" \/>\n\t<meta property=\"og:image:type\" content=\"image\/jpeg\" \/>\n<meta name=\"author\" content=\"f1000024\" \/>\n<meta name=\"twitter:card\" content=\"summary_large_image\" \/>\n<meta name=\"twitter:label1\" content=\"Escrito por\" \/>\n\t<meta name=\"twitter:data1\" content=\"f1000024\" \/>\n\t<meta name=\"twitter:label2\" content=\"Tiempo de lectura\" \/>\n\t<meta name=\"twitter:data2\" content=\"1 minuto\" \/>\n<script type=\"application\/ld+json\" class=\"yoast-schema-graph\">{\"@context\":\"https:\\\/\\\/schema.org\",\"@graph\":[{\"@type\":\"Article\",\"@id\":\"https:\\\/\\\/cvinoticias.com\\\/v3\\\/buscan-a-un-evadido-de-la-comisaria-1ra-de-puerto-rico\\\/#article\",\"isPartOf\":{\"@id\":\"https:\\\/\\\/cvinoticias.com\\\/v3\\\/buscan-a-un-evadido-de-la-comisaria-1ra-de-puerto-rico\\\/\"},\"author\":{\"name\":\"f1000024\",\"@id\":\"https:\\\/\\\/cvinoticias.com\\\/v3\\\/#\\\/schema\\\/person\\\/2db77e3c6bc03c538495d7b2b8be9b66\"},\"headline\":\"Buscan a un evadido de la Comisar\u00eda 1ra de Puerto Rico\",\"datePublished\":\"2021-07-24T21:45:53+00:00\",\"mainEntityOfPage\":{\"@id\":\"https:\\\/\\\/cvinoticias.com\\\/v3\\\/buscan-a-un-evadido-de-la-comisaria-1ra-de-puerto-rico\\\/\"},\"wordCount\":130,\"commentCount\":0,\"publisher\":{\"@id\":\"https:\\\/\\\/cvinoticias.com\\\/v3\\\/#organization\"},\"image\":{\"@id\":\"https:\\\/\\\/cvinoticias.com\\\/v3\\\/buscan-a-un-evadido-de-la-comisaria-1ra-de-puerto-rico\\\/#primaryimage\"},\"thumbnailUrl\":\"https:\\\/\\\/cvinoticias.com\\\/wp-content\\\/uploads\\\/2021\\\/07\\\/IMG-20210724-WA0033.jpg\",\"articleSection\":[\"Policiales\"],\"inLanguage\":\"es\",\"potentialAction\":[{\"@type\":\"CommentAction\",\"name\":\"Comment\",\"target\":[\"https:\\\/\\\/cvinoticias.com\\\/v3\\\/buscan-a-un-evadido-de-la-comisaria-1ra-de-puerto-rico\\\/#respond\"]}]},{\"@type\":\"WebPage\",\"@id\":\"https:\\\/\\\/cvinoticias.com\\\/v3\\\/buscan-a-un-evadido-de-la-comisaria-1ra-de-puerto-rico\\\/\",\"url\":\"https:\\\/\\\/cvinoticias.com\\\/v3\\\/buscan-a-un-evadido-de-la-comisaria-1ra-de-puerto-rico\\\/\",\"name\":\"Buscan a un evadido de la Comisar\u00eda 1ra de Puerto Rico | CVI NOTICIAS\",\"isPartOf\":{\"@id\":\"https:\\\/\\\/cvinoticias.com\\\/v3\\\/#website\"},\"primaryImageOfPage\":{\"@id\":\"https:\\\/\\\/cvinoticias.com\\\/v3\\\/buscan-a-un-evadido-de-la-comisaria-1ra-de-puerto-rico\\\/#primaryimage\"},\"image\":{\"@id\":\"https:\\\/\\\/cvinoticias.com\\\/v3\\\/buscan-a-un-evadido-de-la-comisaria-1ra-de-puerto-rico\\\/#primaryimage\"},\"thumbnailUrl\":\"https:\\\/\\\/cvinoticias.com\\\/wp-content\\\/uploads\\\/2021\\\/07\\\/IMG-20210724-WA0033.jpg\",\"datePublished\":\"2021-07-24T21:45:53+00:00\",\"breadcrumb\":{\"@id\":\"https:\\\/\\\/cvinoticias.com\\\/v3\\\/buscan-a-un-evadido-de-la-comisaria-1ra-de-puerto-rico\\\/#breadcrumb\"},\"inLanguage\":\"es\",\"potentialAction\":[{\"@type\":\"ReadAction\",\"target\":[\"https:\\\/\\\/cvinoticias.com\\\/v3\\\/buscan-a-un-evadido-de-la-comisaria-1ra-de-puerto-rico\\\/\"]}]},{\"@type\":\"ImageObject\",\"inLanguage\":\"es\",\"@id\":\"https:\\\/\\\/cvinoticias.com\\\/v3\\\/buscan-a-un-evadido-de-la-comisaria-1ra-de-puerto-rico\\\/#primaryimage\",\"url\":\"https:\\\/\\\/cvinoticias.com\\\/wp-content\\\/uploads\\\/2021\\\/07\\\/IMG-20210724-WA0033.jpg\",\"contentUrl\":\"https:\\\/\\\/cvinoticias.com\\\/wp-content\\\/uploads\\\/2021\\\/07\\\/IMG-20210724-WA0033.jpg\",\"width\":1200,\"height\":1600},{\"@type\":\"BreadcrumbList\",\"@id\":\"https:\\\/\\\/cvinoticias.com\\\/v3\\\/buscan-a-un-evadido-de-la-comisaria-1ra-de-puerto-rico\\\/#breadcrumb\",\"itemListElement\":[{\"@type\":\"ListItem\",\"position\":1,\"name\":\"Portada\",\"item\":\"https:\\\/\\\/cvinoticias.com\\\/v3\\\/\"},{\"@type\":\"ListItem\",\"position\":2,\"name\":\"Buscan a un evadido de la Comisar\u00eda 1ra de Puerto Rico\"}]},{\"@type\":\"WebSite\",\"@id\":\"https:\\\/\\\/cvinoticias.com\\\/v3\\\/#website\",\"url\":\"https:\\\/\\\/cvinoticias.com\\\/v3\\\/\",\"name\":\"CVI NOTICIAS\",\"description\":\"\",\"publisher\":{\"@id\":\"https:\\\/\\\/cvinoticias.com\\\/v3\\\/#organization\"},\"alternateName\":\"CVI\",\"potentialAction\":[{\"@type\":\"SearchAction\",\"target\":{\"@type\":\"EntryPoint\",\"urlTemplate\":\"https:\\\/\\\/cvinoticias.com\\\/v3\\\/?s={search_term_string}\"},\"query-input\":{\"@type\":\"PropertyValueSpecification\",\"valueRequired\":true,\"valueName\":\"search_term_string\"}}],\"inLanguage\":\"es\"},{\"@type\":\"Organization\",\"@id\":\"https:\\\/\\\/cvinoticias.com\\\/v3\\\/#organization\",\"name\":\"CVI NOTICIAS\",\"url\":\"https:\\\/\\\/cvinoticias.com\\\/v3\\\/\",\"logo\":{\"@type\":\"ImageObject\",\"inLanguage\":\"es\",\"@id\":\"https:\\\/\\\/cvinoticias.com\\\/v3\\\/#\\\/schema\\\/logo\\\/image\\\/\",\"url\":\"https:\\\/\\\/cvinoticias.com\\\/wp-content\\\/uploads\\\/2023\\\/04\\\/cropped-cropped-cropped-cropped-cropped-3-1.png\",\"contentUrl\":\"https:\\\/\\\/cvinoticias.com\\\/wp-content\\\/uploads\\\/2023\\\/04\\\/cropped-cropped-cropped-cropped-cropped-3-1.png\",\"width\":95,\"height\":122,\"caption\":\"CVI NOTICIAS\"},\"image\":{\"@id\":\"https:\\\/\\\/cvinoticias.com\\\/v3\\\/#\\\/schema\\\/logo\\\/image\\\/\"},\"sameAs\":[\"https:\\\/\\\/www.facebook.com\\\/cvinoticias\",\"https:\\\/\\\/www.instagram.com\\\/cvinoticias\\\/\",\"https:\\\/\\\/www.youtube.com\\\/@CVINOTICIAS\"]},{\"@type\":\"Person\",\"@id\":\"https:\\\/\\\/cvinoticias.com\\\/v3\\\/#\\\/schema\\\/person\\\/2db77e3c6bc03c538495d7b2b8be9b66\",\"name\":\"f1000024\",\"image\":{\"@type\":\"ImageObject\",\"inLanguage\":\"es\",\"@id\":\"https:\\\/\\\/secure.gravatar.com\\\/avatar\\\/d4fe7459cfc51ff5129ce1a732bbef5928568b8092d412ef95611616376bbeed?s=96&d=mm&r=g\",\"url\":\"https:\\\/\\\/secure.gravatar.com\\\/avatar\\\/d4fe7459cfc51ff5129ce1a732bbef5928568b8092d412ef95611616376bbeed?s=96&d=mm&r=g\",\"contentUrl\":\"https:\\\/\\\/secure.gravatar.com\\\/avatar\\\/d4fe7459cfc51ff5129ce1a732bbef5928568b8092d412ef95611616376bbeed?s=96&d=mm&r=g\",\"caption\":\"f1000024\"},\"url\":\"https:\\\/\\\/cvinoticias.com\\\/v3\\\/author\\\/f1000024\\\/\"}]}<\/script>\n<!-- \/ Yoast SEO plugin. -->","yoast_head_json":{"title":"Buscan a un evadido de la Comisar\u00eda 1ra de Puerto Rico | CVI NOTICIAS","robots":{"index":"index","follow":"follow","max-snippet":"max-snippet:-1","max-image-preview":"max-image-preview:large","max-video-preview":"max-video-preview:-1"},"canonical":"https:\/\/cvinoticias.com\/v3\/buscan-a-un-evadido-de-la-comisaria-1ra-de-puerto-rico\/","og_locale":"es_ES","og_type":"article","og_title":"Buscan a un evadido de la Comisar\u00eda 1ra de Puerto Rico | CVI NOTICIAS","og_description":"La Polic\u00eda de Misiones contin\u00faa con los rastrillajes en busca de Celso Escobar Santa Cruz de 49 a\u00f1os, qui\u00e9n escap\u00f3 de la seccional 1ra de Puerto Rico donde se encontraba alojado desde abril de este a\u00f1o por infracci\u00f3n a la Ley 23.737. La guardia de prevenci\u00f3n de la mencionada dependencia advirti\u00f3 la ausencia del detenido [&hellip;]","og_url":"https:\/\/cvinoticias.com\/v3\/buscan-a-un-evadido-de-la-comisaria-1ra-de-puerto-rico\/","og_site_name":"CVI NOTICIAS","article_publisher":"https:\/\/www.facebook.com\/cvinoticias","article_published_time":"2021-07-24T21:45:53+00:00","og_image":[{"width":1200,"height":1600,"url":"https:\/\/cvinoticias.com\/wp-content\/uploads\/2021\/07\/IMG-20210724-WA0033.jpg","type":"image\/jpeg"}],"author":"f1000024","twitter_card":"summary_large_image","twitter_misc":{"Escrito por":"f1000024","Tiempo de lectura":"1 minuto"},"schema":{"@context":"https:\/\/schema.org","@graph":[{"@type":"Article","@id":"https:\/\/cvinoticias.com\/v3\/buscan-a-un-evadido-de-la-comisaria-1ra-de-puerto-rico\/#article","isPartOf":{"@id":"https:\/\/cvinoticias.com\/v3\/buscan-a-un-evadido-de-la-comisaria-1ra-de-puerto-rico\/"},"author":{"name":"f1000024","@id":"https:\/\/cvinoticias.com\/v3\/#\/schema\/person\/2db77e3c6bc03c538495d7b2b8be9b66"},"headline":"Buscan a un evadido de la Comisar\u00eda 1ra de Puerto Rico","datePublished":"2021-07-24T21:45:53+00:00","mainEntityOfPage":{"@id":"https:\/\/cvinoticias.com\/v3\/buscan-a-un-evadido-de-la-comisaria-1ra-de-puerto-rico\/"},"wordCount":130,"commentCount":0,"publisher":{"@id":"https:\/\/cvinoticias.com\/v3\/#organization"},"image":{"@id":"https:\/\/cvinoticias.com\/v3\/buscan-a-un-evadido-de-la-comisaria-1ra-de-puerto-rico\/#primaryimage"},"thumbnailUrl":"https:\/\/cvinoticias.com\/wp-content\/uploads\/2021\/07\/IMG-20210724-WA0033.jpg","articleSection":["Policiales"],"inLanguage":"es","potentialAction":[{"@type":"CommentAction","name":"Comment","target":["https:\/\/cvinoticias.com\/v3\/buscan-a-un-evadido-de-la-comisaria-1ra-de-puerto-rico\/#respond"]}]},{"@type":"WebPage","@id":"https:\/\/cvinoticias.com\/v3\/buscan-a-un-evadido-de-la-comisaria-1ra-de-puerto-rico\/","url":"https:\/\/cvinoticias.com\/v3\/buscan-a-un-evadido-de-la-comisaria-1ra-de-puerto-rico\/","name":"Buscan a un evadido de la Comisar\u00eda 1ra de Puerto Rico | CVI NOTICIAS","isPartOf":{"@id":"https:\/\/cvinoticias.com\/v3\/#website"},"primaryImageOfPage":{"@id":"https:\/\/cvinoticias.com\/v3\/buscan-a-un-evadido-de-la-comisaria-1ra-de-puerto-rico\/#primaryimage"},"image":{"@id":"https:\/\/cvinoticias.com\/v3\/buscan-a-un-evadido-de-la-comisaria-1ra-de-puerto-rico\/#primaryimage"},"thumbnailUrl":"https:\/\/cvinoticias.com\/wp-content\/uploads\/2021\/07\/IMG-20210724-WA0033.jpg","datePublished":"2021-07-24T21:45:53+00:00","breadcrumb":{"@id":"https:\/\/cvinoticias.com\/v3\/buscan-a-un-evadido-de-la-comisaria-1ra-de-puerto-rico\/#breadcrumb"},"inLanguage":"es","potentialAction":[{"@type":"ReadAction","target":["https:\/\/cvinoticias.com\/v3\/buscan-a-un-evadido-de-la-comisaria-1ra-de-puerto-rico\/"]}]},{"@type":"ImageObject","inLanguage":"es","@id":"https:\/\/cvinoticias.com\/v3\/buscan-a-un-evadido-de-la-comisaria-1ra-de-puerto-rico\/#primaryimage","url":"https:\/\/cvinoticias.com\/wp-content\/uploads\/2021\/07\/IMG-20210724-WA0033.jpg","contentUrl":"https:\/\/cvinoticias.com\/wp-content\/uploads\/2021\/07\/IMG-20210724-WA0033.jpg","width":1200,"height":1600},{"@type":"BreadcrumbList","@id":"https:\/\/cvinoticias.com\/v3\/buscan-a-un-evadido-de-la-comisaria-1ra-de-puerto-rico\/#breadcrumb","itemListElement":[{"@type":"ListItem","position":1,"name":"Portada","item":"https:\/\/cvinoticias.com\/v3\/"},{"@type":"ListItem","position":2,"name":"Buscan a un evadido de la Comisar\u00eda 1ra de Puerto Rico"}]},{"@type":"WebSite","@id":"https:\/\/cvinoticias.com\/v3\/#website","url":"https:\/\/cvinoticias.com\/v3\/","name":"CVI NOTICIAS","description":"","publisher":{"@id":"https:\/\/cvinoticias.com\/v3\/#organization"},"alternateName":"CVI","potentialAction":[{"@type":"SearchAction","target":{"@type":"EntryPoint","urlTemplate":"https:\/\/cvinoticias.com\/v3\/?s={search_term_string}"},"query-input":{"@type":"PropertyValueSpecification","valueRequired":true,"valueName":"search_term_string"}}],"inLanguage":"es"},{"@type":"Organization","@id":"https:\/\/cvinoticias.com\/v3\/#organization","name":"CVI NOTICIAS","url":"https:\/\/cvinoticias.com\/v3\/","logo":{"@type":"ImageObject","inLanguage":"es","@id":"https:\/\/cvinoticias.com\/v3\/#\/schema\/logo\/image\/","url":"https:\/\/cvinoticias.com\/wp-content\/uploads\/2023\/04\/cropped-cropped-cropped-cropped-cropped-3-1.png","contentUrl":"https:\/\/cvinoticias.com\/wp-content\/uploads\/2023\/04\/cropped-cropped-cropped-cropped-cropped-3-1.png","width":95,"height":122,"caption":"CVI NOTICIAS"},"image":{"@id":"https:\/\/cvinoticias.com\/v3\/#\/schema\/logo\/image\/"},"sameAs":["https:\/\/www.facebook.com\/cvinoticias","https:\/\/www.instagram.com\/cvinoticias\/","https:\/\/www.youtube.com\/@CVINOTICIAS"]},{"@type":"Person","@id":"https:\/\/cvinoticias.com\/v3\/#\/schema\/person\/2db77e3c6bc03c538495d7b2b8be9b66","name":"f1000024","image":{"@type":"ImageObject","inLanguage":"es","@id":"https:\/\/secure.gravatar.com\/avatar\/d4fe7459cfc51ff5129ce1a732bbef5928568b8092d412ef95611616376bbeed?s=96&d=mm&r=g","url":"https:\/\/secure.gravatar.com\/avatar\/d4fe7459cfc51ff5129ce1a732bbef5928568b8092d412ef95611616376bbeed?s=96&d=mm&r=g","contentUrl":"https:\/\/secure.gravatar.com\/avatar\/d4fe7459cfc51ff5129ce1a732bbef5928568b8092d412ef95611616376bbeed?s=96&d=mm&r=g","caption":"f1000024"},"url":"https:\/\/cvinoticias.com\/v3\/author\/f1000024\/"}]}},"_links":{"self":[{"href":"https:\/\/cvinoticias.com\/v3\/wp-json\/wp\/v2\/posts\/7073","targetHints":{"allow":["GET"]}}],"collection":[{"href":"https:\/\/cvinoticias.com\/v3\/wp-json\/wp\/v2\/posts"}],"about":[{"href":"https:\/\/cvinoticias.com\/v3\/wp-json\/wp\/v2\/types\/post"}],"author":[{"embeddable":true,"href":"https:\/\/cvinoticias.com\/v3\/wp-json\/wp\/v2\/users\/2"}],"replies":[{"embeddable":true,"href":"https:\/\/cvinoticias.com\/v3\/wp-json\/wp\/v2\/comments?post=7073"}],"version-history":[{"count":1,"href":"https:\/\/cvinoticias.com\/v3\/wp-json\/wp\/v2\/posts\/7073\/revisions"}],"predecessor-version":[{"id":7075,"href":"https:\/\/cvinoticias.com\/v3\/wp-json\/wp\/v2\/posts\/7073\/revisions\/7075"}],"wp:featuredmedia":[{"embeddable":true,"href":"https:\/\/cvinoticias.com\/v3\/wp-json\/wp\/v2\/media\/7074"}],"wp:attachment":[{"href":"https:\/\/cvinoticias.com\/v3\/wp-json\/wp\/v2\/media?parent=7073"}],"wp:term":[{"taxonomy":"category","embeddable":true,"href":"https:\/\/cvinoticias.com\/v3\/wp-json\/wp\/v2\/categories?post=7073"},{"taxonomy":"post_tag","embeddable":true,"href":"https:\/\/cvinoticias.com\/v3\/wp-json\/wp\/v2\/tags?post=7073"}],"curies":[{"name":"wp","href":"https:\/\/api.w.org\/{rel}","templated":true}]}}