{"id":7068,"date":"2021-07-23T20:53:57","date_gmt":"2021-07-23T20:53:57","guid":{"rendered":"https:\/\/cvinoticias.com\/v3\/?p=7068"},"modified":"2021-07-23T20:53:57","modified_gmt":"2021-07-23T20:53:57","slug":"pedro-puerta-quiero-una-misiones-para-todos-los-misioneros","status":"publish","type":"post","link":"https:\/\/cvinoticias.com\/v3\/pedro-puerta-quiero-una-misiones-para-todos-los-misioneros\/","title":{"rendered":"Pedro Puerta: \u201cQuiero una Misiones para todos los misioneros\u201d"},"content":{"rendered":"\n<p><strong><em>El precandidato a diputado nacional Pedro Puerta present\u00f3 su lista \u201cJuntos\u201d que competir\u00e1 en las primarias de septiembre en el frente Juntos por el Cambio Misiones.<\/em><\/strong><\/p>\n\n\n\n<p>Este viernes por la tarde el joven abogado Pedro Puerta present\u00f3 la lista \u201cJuntos\u201d que lo lleva como cabeza en la lista de diputado nacional por las P.A.S.O de Juntos por el Cambio Misiones. Con presencia de dirigentes pol\u00edticos de toda la provincia, el precandidato enfatiz\u00f3 en \u201creconstruir el orgullo misionero y aprovechar la riqueza de nuestra provincia de manera inteligente\u201d para poder \u201csuperar las barreras del pasado, estar juntos e ir m\u00e1s all\u00e1 de las ideolog\u00edas y los colores pol\u00edticos\u201d.<\/p>\n\n\n\n<p>En ese sentido, Pedro remarc\u00f3 las consecuencias de la pandemia e hizo hincapi\u00e9 en el contexto econ\u00f3mico \u201cLa realidad es dura. Tenemos m\u00e1s de 50% de inflaci\u00f3n en el pa\u00eds, 31 millones de argentinos que dependen de los planes sociales para comer y una pandemia que no nos da tregua.\u201d y agrega \u201cAl misionero hoy la plata no le alcanza. Casi 1 de cada 2 misioneros est\u00e1n bajo la l\u00ednea de la pobreza, un golpe terrible a una realidad que nos duele en el alma.\u201d.<\/p>\n\n\n\n<p>Para finalizar el dirigente les dej\u00f3 un mensaje al electorado en vistas a las pr\u00f3ximas elecciones \u201cquiero que todos juntos podamos mirar hacia el futuro con esperanza, quiero una Misiones para todos los misioneros,\u201d. El evento se transmiti\u00f3 v\u00eda online por redes sociales y cont\u00f3 con la presencia de Florencia Klipauka Lewtak, Daniel Alberto Samudio; precandidatos a diputados nacionales por la lista \u201cJuntos\u201d, adem\u00e1s de dirigentes de Juntos por el Cambio de diferentes puntos de la provincia.<\/p>\n\n\n\n<figure class=\"wp-block-image size-large\"><a href=\"https:\/\/cvinoticias.com\/wp-content\/uploads\/2021\/07\/IMG-20210723-WA0087.jpg\"><img decoding=\"async\" width=\"1024\" height=\"682\" data-src=\"https:\/\/cvinoticias.com\/wp-content\/uploads\/2021\/07\/IMG-20210723-WA0087-1024x682.jpg\" alt=\"\" class=\"wp-image-7070 lazyload\" data-srcset=\"https:\/\/cvinoticias.com\/wp-content\/uploads\/2021\/07\/IMG-20210723-WA0087-1024x682.jpg 1024w, https:\/\/cvinoticias.com\/wp-content\/uploads\/2021\/07\/IMG-20210723-WA0087-300x200.jpg 300w, https:\/\/cvinoticias.com\/wp-content\/uploads\/2021\/07\/IMG-20210723-WA0087-768x512.jpg 768w, https:\/\/cvinoticias.com\/wp-content\/uploads\/2021\/07\/IMG-20210723-WA0087.jpg 1280w\" data-sizes=\"(max-width: 1024px) 100vw, 1024px\" src=\"data:image\/svg+xml;base64,PHN2ZyB3aWR0aD0iMSIgaGVpZ2h0PSIxIiB4bWxucz0iaHR0cDovL3d3dy53My5vcmcvMjAwMC9zdmciPjwvc3ZnPg==\" style=\"--smush-placeholder-width: 1024px; --smush-placeholder-aspect-ratio: 1024\/682;\" \/><\/a><\/figure>\n","protected":false},"excerpt":{"rendered":"<p>El precandidato a diputado nacional Pedro Puerta present\u00f3 su lista \u201cJuntos\u201d que competir\u00e1 en las primarias de septiembre en el frente Juntos por el Cambio Misiones. Este viernes por la tarde el joven abogado Pedro Puerta present\u00f3 la lista \u201cJuntos\u201d que lo lleva como cabeza en la lista de diputado nacional por las P.A.S.O de [&hellip;]<\/p>\n","protected":false},"author":2,"featured_media":7069,"comment_status":"open","ping_status":"open","sticky":false,"template":"","format":"standard","meta":{"footnotes":""},"categories":[42],"tags":[],"class_list":["post-7068","post","type-post","status-publish","format-standard","has-post-thumbnail","hentry","category-politica"],"yoast_head":"<!-- This site is optimized with the Yoast SEO plugin v27.5 - https:\/\/yoast.com\/product\/yoast-seo-wordpress\/ -->\n<title>Pedro Puerta: \u201cQuiero una Misiones para todos los misioneros\u201d | CVI NOTICIAS<\/title>\n<meta name=\"robots\" content=\"index, follow, max-snippet:-1, max-image-preview:large, max-video-preview:-1\" \/>\n<link rel=\"canonical\" href=\"https:\/\/cvinoticias.com\/v3\/pedro-puerta-quiero-una-misiones-para-todos-los-misioneros\/\" \/>\n<meta property=\"og:locale\" content=\"es_ES\" \/>\n<meta property=\"og:type\" content=\"article\" \/>\n<meta property=\"og:title\" content=\"Pedro Puerta: \u201cQuiero una Misiones para todos los misioneros\u201d | CVI NOTICIAS\" \/>\n<meta property=\"og:description\" content=\"El precandidato a diputado nacional Pedro Puerta present\u00f3 su lista \u201cJuntos\u201d que competir\u00e1 en las primarias de septiembre en el frente Juntos por el Cambio Misiones. Este viernes por la tarde el joven abogado Pedro Puerta present\u00f3 la lista \u201cJuntos\u201d que lo lleva como cabeza en la lista de diputado nacional por las P.A.S.O de [&hellip;]\" \/>\n<meta property=\"og:url\" content=\"https:\/\/cvinoticias.com\/v3\/pedro-puerta-quiero-una-misiones-para-todos-los-misioneros\/\" \/>\n<meta property=\"og:site_name\" content=\"CVI NOTICIAS\" \/>\n<meta property=\"article:publisher\" content=\"https:\/\/www.facebook.com\/cvinoticias\" \/>\n<meta property=\"article:published_time\" content=\"2021-07-23T20:53:57+00:00\" \/>\n<meta property=\"og:image\" content=\"https:\/\/cvinoticias.com\/wp-content\/uploads\/2021\/07\/IMG-20210723-WA0086.jpg\" \/>\n\t<meta property=\"og:image:width\" content=\"1280\" \/>\n\t<meta property=\"og:image:height\" content=\"855\" \/>\n\t<meta property=\"og:image:type\" content=\"image\/jpeg\" \/>\n<meta name=\"author\" content=\"f1000024\" \/>\n<meta name=\"twitter:card\" content=\"summary_large_image\" \/>\n<meta name=\"twitter:label1\" content=\"Escrito por\" \/>\n\t<meta name=\"twitter:data1\" content=\"f1000024\" \/>\n\t<meta name=\"twitter:label2\" content=\"Tiempo de lectura\" \/>\n\t<meta name=\"twitter:data2\" content=\"1 minuto\" \/>\n<script type=\"application\/ld+json\" class=\"yoast-schema-graph\">{\"@context\":\"https:\\\/\\\/schema.org\",\"@graph\":[{\"@type\":\"Article\",\"@id\":\"https:\\\/\\\/cvinoticias.com\\\/v3\\\/pedro-puerta-quiero-una-misiones-para-todos-los-misioneros\\\/#article\",\"isPartOf\":{\"@id\":\"https:\\\/\\\/cvinoticias.com\\\/v3\\\/pedro-puerta-quiero-una-misiones-para-todos-los-misioneros\\\/\"},\"author\":{\"name\":\"f1000024\",\"@id\":\"https:\\\/\\\/cvinoticias.com\\\/v3\\\/#\\\/schema\\\/person\\\/2db77e3c6bc03c538495d7b2b8be9b66\"},\"headline\":\"Pedro Puerta: \u201cQuiero una Misiones para todos los misioneros\u201d\",\"datePublished\":\"2021-07-23T20:53:57+00:00\",\"mainEntityOfPage\":{\"@id\":\"https:\\\/\\\/cvinoticias.com\\\/v3\\\/pedro-puerta-quiero-una-misiones-para-todos-los-misioneros\\\/\"},\"wordCount\":290,\"commentCount\":0,\"publisher\":{\"@id\":\"https:\\\/\\\/cvinoticias.com\\\/v3\\\/#organization\"},\"image\":{\"@id\":\"https:\\\/\\\/cvinoticias.com\\\/v3\\\/pedro-puerta-quiero-una-misiones-para-todos-los-misioneros\\\/#primaryimage\"},\"thumbnailUrl\":\"https:\\\/\\\/cvinoticias.com\\\/wp-content\\\/uploads\\\/2021\\\/07\\\/IMG-20210723-WA0086.jpg\",\"articleSection\":[\"Politica\"],\"inLanguage\":\"es\",\"potentialAction\":[{\"@type\":\"CommentAction\",\"name\":\"Comment\",\"target\":[\"https:\\\/\\\/cvinoticias.com\\\/v3\\\/pedro-puerta-quiero-una-misiones-para-todos-los-misioneros\\\/#respond\"]}]},{\"@type\":\"WebPage\",\"@id\":\"https:\\\/\\\/cvinoticias.com\\\/v3\\\/pedro-puerta-quiero-una-misiones-para-todos-los-misioneros\\\/\",\"url\":\"https:\\\/\\\/cvinoticias.com\\\/v3\\\/pedro-puerta-quiero-una-misiones-para-todos-los-misioneros\\\/\",\"name\":\"Pedro Puerta: \u201cQuiero una Misiones para todos los misioneros\u201d | CVI NOTICIAS\",\"isPartOf\":{\"@id\":\"https:\\\/\\\/cvinoticias.com\\\/v3\\\/#website\"},\"primaryImageOfPage\":{\"@id\":\"https:\\\/\\\/cvinoticias.com\\\/v3\\\/pedro-puerta-quiero-una-misiones-para-todos-los-misioneros\\\/#primaryimage\"},\"image\":{\"@id\":\"https:\\\/\\\/cvinoticias.com\\\/v3\\\/pedro-puerta-quiero-una-misiones-para-todos-los-misioneros\\\/#primaryimage\"},\"thumbnailUrl\":\"https:\\\/\\\/cvinoticias.com\\\/wp-content\\\/uploads\\\/2021\\\/07\\\/IMG-20210723-WA0086.jpg\",\"datePublished\":\"2021-07-23T20:53:57+00:00\",\"breadcrumb\":{\"@id\":\"https:\\\/\\\/cvinoticias.com\\\/v3\\\/pedro-puerta-quiero-una-misiones-para-todos-los-misioneros\\\/#breadcrumb\"},\"inLanguage\":\"es\",\"potentialAction\":[{\"@type\":\"ReadAction\",\"target\":[\"https:\\\/\\\/cvinoticias.com\\\/v3\\\/pedro-puerta-quiero-una-misiones-para-todos-los-misioneros\\\/\"]}]},{\"@type\":\"ImageObject\",\"inLanguage\":\"es\",\"@id\":\"https:\\\/\\\/cvinoticias.com\\\/v3\\\/pedro-puerta-quiero-una-misiones-para-todos-los-misioneros\\\/#primaryimage\",\"url\":\"https:\\\/\\\/cvinoticias.com\\\/wp-content\\\/uploads\\\/2021\\\/07\\\/IMG-20210723-WA0086.jpg\",\"contentUrl\":\"https:\\\/\\\/cvinoticias.com\\\/wp-content\\\/uploads\\\/2021\\\/07\\\/IMG-20210723-WA0086.jpg\",\"width\":1280,\"height\":855},{\"@type\":\"BreadcrumbList\",\"@id\":\"https:\\\/\\\/cvinoticias.com\\\/v3\\\/pedro-puerta-quiero-una-misiones-para-todos-los-misioneros\\\/#breadcrumb\",\"itemListElement\":[{\"@type\":\"ListItem\",\"position\":1,\"name\":\"Portada\",\"item\":\"https:\\\/\\\/cvinoticias.com\\\/v3\\\/\"},{\"@type\":\"ListItem\",\"position\":2,\"name\":\"Pedro Puerta: \u201cQuiero una Misiones para todos los misioneros\u201d\"}]},{\"@type\":\"WebSite\",\"@id\":\"https:\\\/\\\/cvinoticias.com\\\/v3\\\/#website\",\"url\":\"https:\\\/\\\/cvinoticias.com\\\/v3\\\/\",\"name\":\"CVI NOTICIAS\",\"description\":\"\",\"publisher\":{\"@id\":\"https:\\\/\\\/cvinoticias.com\\\/v3\\\/#organization\"},\"alternateName\":\"CVI\",\"potentialAction\":[{\"@type\":\"SearchAction\",\"target\":{\"@type\":\"EntryPoint\",\"urlTemplate\":\"https:\\\/\\\/cvinoticias.com\\\/v3\\\/?s={search_term_string}\"},\"query-input\":{\"@type\":\"PropertyValueSpecification\",\"valueRequired\":true,\"valueName\":\"search_term_string\"}}],\"inLanguage\":\"es\"},{\"@type\":\"Organization\",\"@id\":\"https:\\\/\\\/cvinoticias.com\\\/v3\\\/#organization\",\"name\":\"CVI NOTICIAS\",\"url\":\"https:\\\/\\\/cvinoticias.com\\\/v3\\\/\",\"logo\":{\"@type\":\"ImageObject\",\"inLanguage\":\"es\",\"@id\":\"https:\\\/\\\/cvinoticias.com\\\/v3\\\/#\\\/schema\\\/logo\\\/image\\\/\",\"url\":\"https:\\\/\\\/cvinoticias.com\\\/wp-content\\\/uploads\\\/2023\\\/04\\\/cropped-cropped-cropped-cropped-cropped-3-1.png\",\"contentUrl\":\"https:\\\/\\\/cvinoticias.com\\\/wp-content\\\/uploads\\\/2023\\\/04\\\/cropped-cropped-cropped-cropped-cropped-3-1.png\",\"width\":95,\"height\":122,\"caption\":\"CVI NOTICIAS\"},\"image\":{\"@id\":\"https:\\\/\\\/cvinoticias.com\\\/v3\\\/#\\\/schema\\\/logo\\\/image\\\/\"},\"sameAs\":[\"https:\\\/\\\/www.facebook.com\\\/cvinoticias\",\"https:\\\/\\\/www.instagram.com\\\/cvinoticias\\\/\",\"https:\\\/\\\/www.youtube.com\\\/@CVINOTICIAS\"]},{\"@type\":\"Person\",\"@id\":\"https:\\\/\\\/cvinoticias.com\\\/v3\\\/#\\\/schema\\\/person\\\/2db77e3c6bc03c538495d7b2b8be9b66\",\"name\":\"f1000024\",\"image\":{\"@type\":\"ImageObject\",\"inLanguage\":\"es\",\"@id\":\"https:\\\/\\\/secure.gravatar.com\\\/avatar\\\/d4fe7459cfc51ff5129ce1a732bbef5928568b8092d412ef95611616376bbeed?s=96&d=mm&r=g\",\"url\":\"https:\\\/\\\/secure.gravatar.com\\\/avatar\\\/d4fe7459cfc51ff5129ce1a732bbef5928568b8092d412ef95611616376bbeed?s=96&d=mm&r=g\",\"contentUrl\":\"https:\\\/\\\/secure.gravatar.com\\\/avatar\\\/d4fe7459cfc51ff5129ce1a732bbef5928568b8092d412ef95611616376bbeed?s=96&d=mm&r=g\",\"caption\":\"f1000024\"},\"url\":\"https:\\\/\\\/cvinoticias.com\\\/v3\\\/author\\\/f1000024\\\/\"}]}<\/script>\n<!-- \/ Yoast SEO plugin. -->","yoast_head_json":{"title":"Pedro Puerta: \u201cQuiero una Misiones para todos los misioneros\u201d | CVI NOTICIAS","robots":{"index":"index","follow":"follow","max-snippet":"max-snippet:-1","max-image-preview":"max-image-preview:large","max-video-preview":"max-video-preview:-1"},"canonical":"https:\/\/cvinoticias.com\/v3\/pedro-puerta-quiero-una-misiones-para-todos-los-misioneros\/","og_locale":"es_ES","og_type":"article","og_title":"Pedro Puerta: \u201cQuiero una Misiones para todos los misioneros\u201d | CVI NOTICIAS","og_description":"El precandidato a diputado nacional Pedro Puerta present\u00f3 su lista \u201cJuntos\u201d que competir\u00e1 en las primarias de septiembre en el frente Juntos por el Cambio Misiones. Este viernes por la tarde el joven abogado Pedro Puerta present\u00f3 la lista \u201cJuntos\u201d que lo lleva como cabeza en la lista de diputado nacional por las P.A.S.O de [&hellip;]","og_url":"https:\/\/cvinoticias.com\/v3\/pedro-puerta-quiero-una-misiones-para-todos-los-misioneros\/","og_site_name":"CVI NOTICIAS","article_publisher":"https:\/\/www.facebook.com\/cvinoticias","article_published_time":"2021-07-23T20:53:57+00:00","og_image":[{"width":1280,"height":855,"url":"https:\/\/cvinoticias.com\/wp-content\/uploads\/2021\/07\/IMG-20210723-WA0086.jpg","type":"image\/jpeg"}],"author":"f1000024","twitter_card":"summary_large_image","twitter_misc":{"Escrito por":"f1000024","Tiempo de lectura":"1 minuto"},"schema":{"@context":"https:\/\/schema.org","@graph":[{"@type":"Article","@id":"https:\/\/cvinoticias.com\/v3\/pedro-puerta-quiero-una-misiones-para-todos-los-misioneros\/#article","isPartOf":{"@id":"https:\/\/cvinoticias.com\/v3\/pedro-puerta-quiero-una-misiones-para-todos-los-misioneros\/"},"author":{"name":"f1000024","@id":"https:\/\/cvinoticias.com\/v3\/#\/schema\/person\/2db77e3c6bc03c538495d7b2b8be9b66"},"headline":"Pedro Puerta: \u201cQuiero una Misiones para todos los misioneros\u201d","datePublished":"2021-07-23T20:53:57+00:00","mainEntityOfPage":{"@id":"https:\/\/cvinoticias.com\/v3\/pedro-puerta-quiero-una-misiones-para-todos-los-misioneros\/"},"wordCount":290,"commentCount":0,"publisher":{"@id":"https:\/\/cvinoticias.com\/v3\/#organization"},"image":{"@id":"https:\/\/cvinoticias.com\/v3\/pedro-puerta-quiero-una-misiones-para-todos-los-misioneros\/#primaryimage"},"thumbnailUrl":"https:\/\/cvinoticias.com\/wp-content\/uploads\/2021\/07\/IMG-20210723-WA0086.jpg","articleSection":["Politica"],"inLanguage":"es","potentialAction":[{"@type":"CommentAction","name":"Comment","target":["https:\/\/cvinoticias.com\/v3\/pedro-puerta-quiero-una-misiones-para-todos-los-misioneros\/#respond"]}]},{"@type":"WebPage","@id":"https:\/\/cvinoticias.com\/v3\/pedro-puerta-quiero-una-misiones-para-todos-los-misioneros\/","url":"https:\/\/cvinoticias.com\/v3\/pedro-puerta-quiero-una-misiones-para-todos-los-misioneros\/","name":"Pedro Puerta: \u201cQuiero una Misiones para todos los misioneros\u201d | CVI NOTICIAS","isPartOf":{"@id":"https:\/\/cvinoticias.com\/v3\/#website"},"primaryImageOfPage":{"@id":"https:\/\/cvinoticias.com\/v3\/pedro-puerta-quiero-una-misiones-para-todos-los-misioneros\/#primaryimage"},"image":{"@id":"https:\/\/cvinoticias.com\/v3\/pedro-puerta-quiero-una-misiones-para-todos-los-misioneros\/#primaryimage"},"thumbnailUrl":"https:\/\/cvinoticias.com\/wp-content\/uploads\/2021\/07\/IMG-20210723-WA0086.jpg","datePublished":"2021-07-23T20:53:57+00:00","breadcrumb":{"@id":"https:\/\/cvinoticias.com\/v3\/pedro-puerta-quiero-una-misiones-para-todos-los-misioneros\/#breadcrumb"},"inLanguage":"es","potentialAction":[{"@type":"ReadAction","target":["https:\/\/cvinoticias.com\/v3\/pedro-puerta-quiero-una-misiones-para-todos-los-misioneros\/"]}]},{"@type":"ImageObject","inLanguage":"es","@id":"https:\/\/cvinoticias.com\/v3\/pedro-puerta-quiero-una-misiones-para-todos-los-misioneros\/#primaryimage","url":"https:\/\/cvinoticias.com\/wp-content\/uploads\/2021\/07\/IMG-20210723-WA0086.jpg","contentUrl":"https:\/\/cvinoticias.com\/wp-content\/uploads\/2021\/07\/IMG-20210723-WA0086.jpg","width":1280,"height":855},{"@type":"BreadcrumbList","@id":"https:\/\/cvinoticias.com\/v3\/pedro-puerta-quiero-una-misiones-para-todos-los-misioneros\/#breadcrumb","itemListElement":[{"@type":"ListItem","position":1,"name":"Portada","item":"https:\/\/cvinoticias.com\/v3\/"},{"@type":"ListItem","position":2,"name":"Pedro Puerta: \u201cQuiero una Misiones para todos los misioneros\u201d"}]},{"@type":"WebSite","@id":"https:\/\/cvinoticias.com\/v3\/#website","url":"https:\/\/cvinoticias.com\/v3\/","name":"CVI NOTICIAS","description":"","publisher":{"@id":"https:\/\/cvinoticias.com\/v3\/#organization"},"alternateName":"CVI","potentialAction":[{"@type":"SearchAction","target":{"@type":"EntryPoint","urlTemplate":"https:\/\/cvinoticias.com\/v3\/?s={search_term_string}"},"query-input":{"@type":"PropertyValueSpecification","valueRequired":true,"valueName":"search_term_string"}}],"inLanguage":"es"},{"@type":"Organization","@id":"https:\/\/cvinoticias.com\/v3\/#organization","name":"CVI NOTICIAS","url":"https:\/\/cvinoticias.com\/v3\/","logo":{"@type":"ImageObject","inLanguage":"es","@id":"https:\/\/cvinoticias.com\/v3\/#\/schema\/logo\/image\/","url":"https:\/\/cvinoticias.com\/wp-content\/uploads\/2023\/04\/cropped-cropped-cropped-cropped-cropped-3-1.png","contentUrl":"https:\/\/cvinoticias.com\/wp-content\/uploads\/2023\/04\/cropped-cropped-cropped-cropped-cropped-3-1.png","width":95,"height":122,"caption":"CVI NOTICIAS"},"image":{"@id":"https:\/\/cvinoticias.com\/v3\/#\/schema\/logo\/image\/"},"sameAs":["https:\/\/www.facebook.com\/cvinoticias","https:\/\/www.instagram.com\/cvinoticias\/","https:\/\/www.youtube.com\/@CVINOTICIAS"]},{"@type":"Person","@id":"https:\/\/cvinoticias.com\/v3\/#\/schema\/person\/2db77e3c6bc03c538495d7b2b8be9b66","name":"f1000024","image":{"@type":"ImageObject","inLanguage":"es","@id":"https:\/\/secure.gravatar.com\/avatar\/d4fe7459cfc51ff5129ce1a732bbef5928568b8092d412ef95611616376bbeed?s=96&d=mm&r=g","url":"https:\/\/secure.gravatar.com\/avatar\/d4fe7459cfc51ff5129ce1a732bbef5928568b8092d412ef95611616376bbeed?s=96&d=mm&r=g","contentUrl":"https:\/\/secure.gravatar.com\/avatar\/d4fe7459cfc51ff5129ce1a732bbef5928568b8092d412ef95611616376bbeed?s=96&d=mm&r=g","caption":"f1000024"},"url":"https:\/\/cvinoticias.com\/v3\/author\/f1000024\/"}]}},"_links":{"self":[{"href":"https:\/\/cvinoticias.com\/v3\/wp-json\/wp\/v2\/posts\/7068","targetHints":{"allow":["GET"]}}],"collection":[{"href":"https:\/\/cvinoticias.com\/v3\/wp-json\/wp\/v2\/posts"}],"about":[{"href":"https:\/\/cvinoticias.com\/v3\/wp-json\/wp\/v2\/types\/post"}],"author":[{"embeddable":true,"href":"https:\/\/cvinoticias.com\/v3\/wp-json\/wp\/v2\/users\/2"}],"replies":[{"embeddable":true,"href":"https:\/\/cvinoticias.com\/v3\/wp-json\/wp\/v2\/comments?post=7068"}],"version-history":[{"count":1,"href":"https:\/\/cvinoticias.com\/v3\/wp-json\/wp\/v2\/posts\/7068\/revisions"}],"predecessor-version":[{"id":7071,"href":"https:\/\/cvinoticias.com\/v3\/wp-json\/wp\/v2\/posts\/7068\/revisions\/7071"}],"wp:featuredmedia":[{"embeddable":true,"href":"https:\/\/cvinoticias.com\/v3\/wp-json\/wp\/v2\/media\/7069"}],"wp:attachment":[{"href":"https:\/\/cvinoticias.com\/v3\/wp-json\/wp\/v2\/media?parent=7068"}],"wp:term":[{"taxonomy":"category","embeddable":true,"href":"https:\/\/cvinoticias.com\/v3\/wp-json\/wp\/v2\/categories?post=7068"},{"taxonomy":"post_tag","embeddable":true,"href":"https:\/\/cvinoticias.com\/v3\/wp-json\/wp\/v2\/tags?post=7068"}],"curies":[{"name":"wp","href":"https:\/\/api.w.org\/{rel}","templated":true}]}}