{"id":7059,"date":"2021-07-23T13:32:31","date_gmt":"2021-07-23T13:32:31","guid":{"rendered":"https:\/\/cvinoticias.com\/v3\/?p=7059"},"modified":"2021-07-23T13:32:31","modified_gmt":"2021-07-23T13:32:31","slug":"pedido-de-informacion-al-intendente-de-parques-sobre-el-circuito-inferior","status":"publish","type":"post","link":"https:\/\/cvinoticias.com\/v3\/pedido-de-informacion-al-intendente-de-parques-sobre-el-circuito-inferior\/","title":{"rendered":"Pedido de informaci\u00f3n al Intendente de Parques sobre el Circuito Inferior."},"content":{"rendered":"\n<p><strong><em>De la c\u00e1mara de transporte terrestre de Pasajeros de Puerto Iguaz\u00fa, a trav\u00e9s de esta nota pedimos a usted, brindarnos o solicitar informaci\u00f3n relacionada a la habilitaci\u00f3n\u00a0del circuito inferior por el problema de derrumbes. <\/em><\/strong><\/p>\n\n\n\n<p>Hace 1 a\u00f1o y 4 meses que este paseo se encuentra cerrado para el ingreso de turistas, consideramos este paseo uno de los circuitos con mejor vista panor\u00e1mica de la garganta del diablo, ca\u00f1\u00f3n del Rio Iguaz\u00fa, \u00a0y la experiencia de sentir el salto Bosetti desde este nivel es inigualable.<\/p>\n\n\n\n<p>Quedando habilitados para los visitantes el circuito superior y el circuito Garganta del Diablo.<br>Es preocupante la falta de informaci\u00f3n y de trabajos o proyectos (que si los hay no estamos al tanto)&nbsp;para volver a habilitar este sector del Parque, que adem\u00e1s se complementa con el paseo superior y Garganta del Diablo.<\/p>\n\n\n\n<p>Actualmente el ingreso al Parque Nacional Iguaz\u00fa&nbsp; se sigue cobrando como si todos los paseos estuviesen habilitados.<\/p>\n\n\n\n<p>Para los trabajadores de traslados tur\u00edsticos es de suma importancia que el kiParque Nacional Iguaz\u00fa cuente lo m\u00e1s pronto posible con este recorrido y si no es posible contar con el mismo recorrido buscar opciones, tales como permitir el ingreso por la salida del circuito inferior hasta el Salto Bosetti para que nuestros visitantes puedan disfrutarlo.<\/p>\n\n\n\n<p>Tambi\u00e9n entendemos que Parques Nacionales cuentan con profesionales que esperamos que hayan podido trabajar en el circuito con los estudios geol\u00f3gicos correspondientes.<\/p>\n","protected":false},"excerpt":{"rendered":"<p>De la c\u00e1mara de transporte terrestre de Pasajeros de Puerto Iguaz\u00fa, a trav\u00e9s de esta nota pedimos a usted, brindarnos o solicitar informaci\u00f3n relacionada a la habilitaci\u00f3n\u00a0del circuito inferior por el problema de derrumbes. Hace 1 a\u00f1o y 4 meses que este paseo se encuentra cerrado para el ingreso de turistas, consideramos este paseo uno [&hellip;]<\/p>\n","protected":false},"author":2,"featured_media":7060,"comment_status":"open","ping_status":"open","sticky":false,"template":"","format":"standard","meta":{"footnotes":""},"categories":[29],"tags":[],"class_list":["post-7059","post","type-post","status-publish","format-standard","has-post-thumbnail","hentry","category-locales"],"yoast_head":"<!-- This site is optimized with the Yoast SEO plugin v27.4 - https:\/\/yoast.com\/product\/yoast-seo-wordpress\/ -->\n<title>Pedido de informaci\u00f3n al Intendente de Parques sobre el Circuito Inferior. | CVI NOTICIAS<\/title>\n<meta name=\"robots\" content=\"index, follow, max-snippet:-1, max-image-preview:large, max-video-preview:-1\" \/>\n<link rel=\"canonical\" href=\"https:\/\/cvinoticias.com\/v3\/pedido-de-informacion-al-intendente-de-parques-sobre-el-circuito-inferior\/\" \/>\n<meta property=\"og:locale\" content=\"es_ES\" \/>\n<meta property=\"og:type\" content=\"article\" \/>\n<meta property=\"og:title\" content=\"Pedido de informaci\u00f3n al Intendente de Parques sobre el Circuito Inferior. | CVI NOTICIAS\" \/>\n<meta property=\"og:description\" content=\"De la c\u00e1mara de transporte terrestre de Pasajeros de Puerto Iguaz\u00fa, a trav\u00e9s de esta nota pedimos a usted, brindarnos o solicitar informaci\u00f3n relacionada a la habilitaci\u00f3n\u00a0del circuito inferior por el problema de derrumbes. Hace 1 a\u00f1o y 4 meses que este paseo se encuentra cerrado para el ingreso de turistas, consideramos este paseo uno [&hellip;]\" \/>\n<meta property=\"og:url\" content=\"https:\/\/cvinoticias.com\/v3\/pedido-de-informacion-al-intendente-de-parques-sobre-el-circuito-inferior\/\" \/>\n<meta property=\"og:site_name\" content=\"CVI NOTICIAS\" \/>\n<meta property=\"article:publisher\" content=\"https:\/\/www.facebook.com\/cvinoticias\" \/>\n<meta property=\"article:published_time\" content=\"2021-07-23T13:32:31+00:00\" \/>\n<meta property=\"og:image\" content=\"https:\/\/cvinoticias.com\/wp-content\/uploads\/2021\/07\/parque-nacional-iguazu-e1521466991377.jpg\" \/>\n\t<meta property=\"og:image:width\" content=\"1038\" \/>\n\t<meta property=\"og:image:height\" content=\"633\" \/>\n\t<meta property=\"og:image:type\" content=\"image\/jpeg\" \/>\n<meta name=\"author\" content=\"f1000024\" \/>\n<meta name=\"twitter:card\" content=\"summary_large_image\" \/>\n<meta name=\"twitter:label1\" content=\"Escrito por\" \/>\n\t<meta name=\"twitter:data1\" content=\"f1000024\" \/>\n\t<meta name=\"twitter:label2\" content=\"Tiempo de lectura\" \/>\n\t<meta name=\"twitter:data2\" content=\"1 minuto\" \/>\n<script type=\"application\/ld+json\" class=\"yoast-schema-graph\">{\"@context\":\"https:\\\/\\\/schema.org\",\"@graph\":[{\"@type\":\"Article\",\"@id\":\"https:\\\/\\\/cvinoticias.com\\\/v3\\\/pedido-de-informacion-al-intendente-de-parques-sobre-el-circuito-inferior\\\/#article\",\"isPartOf\":{\"@id\":\"https:\\\/\\\/cvinoticias.com\\\/v3\\\/pedido-de-informacion-al-intendente-de-parques-sobre-el-circuito-inferior\\\/\"},\"author\":{\"name\":\"f1000024\",\"@id\":\"https:\\\/\\\/cvinoticias.com\\\/v3\\\/#\\\/schema\\\/person\\\/2db77e3c6bc03c538495d7b2b8be9b66\"},\"headline\":\"Pedido de informaci\u00f3n al Intendente de Parques sobre el Circuito Inferior.\",\"datePublished\":\"2021-07-23T13:32:31+00:00\",\"mainEntityOfPage\":{\"@id\":\"https:\\\/\\\/cvinoticias.com\\\/v3\\\/pedido-de-informacion-al-intendente-de-parques-sobre-el-circuito-inferior\\\/\"},\"wordCount\":258,\"commentCount\":0,\"publisher\":{\"@id\":\"https:\\\/\\\/cvinoticias.com\\\/v3\\\/#organization\"},\"image\":{\"@id\":\"https:\\\/\\\/cvinoticias.com\\\/v3\\\/pedido-de-informacion-al-intendente-de-parques-sobre-el-circuito-inferior\\\/#primaryimage\"},\"thumbnailUrl\":\"https:\\\/\\\/cvinoticias.com\\\/wp-content\\\/uploads\\\/2021\\\/07\\\/parque-nacional-iguazu-e1521466991377.jpg\",\"articleSection\":[\"Locales\"],\"inLanguage\":\"es\",\"potentialAction\":[{\"@type\":\"CommentAction\",\"name\":\"Comment\",\"target\":[\"https:\\\/\\\/cvinoticias.com\\\/v3\\\/pedido-de-informacion-al-intendente-de-parques-sobre-el-circuito-inferior\\\/#respond\"]}]},{\"@type\":\"WebPage\",\"@id\":\"https:\\\/\\\/cvinoticias.com\\\/v3\\\/pedido-de-informacion-al-intendente-de-parques-sobre-el-circuito-inferior\\\/\",\"url\":\"https:\\\/\\\/cvinoticias.com\\\/v3\\\/pedido-de-informacion-al-intendente-de-parques-sobre-el-circuito-inferior\\\/\",\"name\":\"Pedido de informaci\u00f3n al Intendente de Parques sobre el Circuito Inferior. | CVI NOTICIAS\",\"isPartOf\":{\"@id\":\"https:\\\/\\\/cvinoticias.com\\\/v3\\\/#website\"},\"primaryImageOfPage\":{\"@id\":\"https:\\\/\\\/cvinoticias.com\\\/v3\\\/pedido-de-informacion-al-intendente-de-parques-sobre-el-circuito-inferior\\\/#primaryimage\"},\"image\":{\"@id\":\"https:\\\/\\\/cvinoticias.com\\\/v3\\\/pedido-de-informacion-al-intendente-de-parques-sobre-el-circuito-inferior\\\/#primaryimage\"},\"thumbnailUrl\":\"https:\\\/\\\/cvinoticias.com\\\/wp-content\\\/uploads\\\/2021\\\/07\\\/parque-nacional-iguazu-e1521466991377.jpg\",\"datePublished\":\"2021-07-23T13:32:31+00:00\",\"breadcrumb\":{\"@id\":\"https:\\\/\\\/cvinoticias.com\\\/v3\\\/pedido-de-informacion-al-intendente-de-parques-sobre-el-circuito-inferior\\\/#breadcrumb\"},\"inLanguage\":\"es\",\"potentialAction\":[{\"@type\":\"ReadAction\",\"target\":[\"https:\\\/\\\/cvinoticias.com\\\/v3\\\/pedido-de-informacion-al-intendente-de-parques-sobre-el-circuito-inferior\\\/\"]}]},{\"@type\":\"ImageObject\",\"inLanguage\":\"es\",\"@id\":\"https:\\\/\\\/cvinoticias.com\\\/v3\\\/pedido-de-informacion-al-intendente-de-parques-sobre-el-circuito-inferior\\\/#primaryimage\",\"url\":\"https:\\\/\\\/cvinoticias.com\\\/wp-content\\\/uploads\\\/2021\\\/07\\\/parque-nacional-iguazu-e1521466991377.jpg\",\"contentUrl\":\"https:\\\/\\\/cvinoticias.com\\\/wp-content\\\/uploads\\\/2021\\\/07\\\/parque-nacional-iguazu-e1521466991377.jpg\",\"width\":1038,\"height\":633},{\"@type\":\"BreadcrumbList\",\"@id\":\"https:\\\/\\\/cvinoticias.com\\\/v3\\\/pedido-de-informacion-al-intendente-de-parques-sobre-el-circuito-inferior\\\/#breadcrumb\",\"itemListElement\":[{\"@type\":\"ListItem\",\"position\":1,\"name\":\"Portada\",\"item\":\"https:\\\/\\\/cvinoticias.com\\\/v3\\\/\"},{\"@type\":\"ListItem\",\"position\":2,\"name\":\"Pedido de informaci\u00f3n al Intendente de Parques sobre el Circuito Inferior.\"}]},{\"@type\":\"WebSite\",\"@id\":\"https:\\\/\\\/cvinoticias.com\\\/v3\\\/#website\",\"url\":\"https:\\\/\\\/cvinoticias.com\\\/v3\\\/\",\"name\":\"CVI NOTICIAS\",\"description\":\"\",\"publisher\":{\"@id\":\"https:\\\/\\\/cvinoticias.com\\\/v3\\\/#organization\"},\"alternateName\":\"CVI\",\"potentialAction\":[{\"@type\":\"SearchAction\",\"target\":{\"@type\":\"EntryPoint\",\"urlTemplate\":\"https:\\\/\\\/cvinoticias.com\\\/v3\\\/?s={search_term_string}\"},\"query-input\":{\"@type\":\"PropertyValueSpecification\",\"valueRequired\":true,\"valueName\":\"search_term_string\"}}],\"inLanguage\":\"es\"},{\"@type\":\"Organization\",\"@id\":\"https:\\\/\\\/cvinoticias.com\\\/v3\\\/#organization\",\"name\":\"CVI NOTICIAS\",\"url\":\"https:\\\/\\\/cvinoticias.com\\\/v3\\\/\",\"logo\":{\"@type\":\"ImageObject\",\"inLanguage\":\"es\",\"@id\":\"https:\\\/\\\/cvinoticias.com\\\/v3\\\/#\\\/schema\\\/logo\\\/image\\\/\",\"url\":\"https:\\\/\\\/cvinoticias.com\\\/wp-content\\\/uploads\\\/2023\\\/04\\\/cropped-cropped-cropped-cropped-cropped-3-1.png\",\"contentUrl\":\"https:\\\/\\\/cvinoticias.com\\\/wp-content\\\/uploads\\\/2023\\\/04\\\/cropped-cropped-cropped-cropped-cropped-3-1.png\",\"width\":95,\"height\":122,\"caption\":\"CVI NOTICIAS\"},\"image\":{\"@id\":\"https:\\\/\\\/cvinoticias.com\\\/v3\\\/#\\\/schema\\\/logo\\\/image\\\/\"},\"sameAs\":[\"https:\\\/\\\/www.facebook.com\\\/cvinoticias\",\"https:\\\/\\\/www.instagram.com\\\/cvinoticias\\\/\",\"https:\\\/\\\/www.youtube.com\\\/@CVINOTICIAS\"]},{\"@type\":\"Person\",\"@id\":\"https:\\\/\\\/cvinoticias.com\\\/v3\\\/#\\\/schema\\\/person\\\/2db77e3c6bc03c538495d7b2b8be9b66\",\"name\":\"f1000024\",\"image\":{\"@type\":\"ImageObject\",\"inLanguage\":\"es\",\"@id\":\"https:\\\/\\\/secure.gravatar.com\\\/avatar\\\/d4fe7459cfc51ff5129ce1a732bbef5928568b8092d412ef95611616376bbeed?s=96&d=mm&r=g\",\"url\":\"https:\\\/\\\/secure.gravatar.com\\\/avatar\\\/d4fe7459cfc51ff5129ce1a732bbef5928568b8092d412ef95611616376bbeed?s=96&d=mm&r=g\",\"contentUrl\":\"https:\\\/\\\/secure.gravatar.com\\\/avatar\\\/d4fe7459cfc51ff5129ce1a732bbef5928568b8092d412ef95611616376bbeed?s=96&d=mm&r=g\",\"caption\":\"f1000024\"},\"url\":\"https:\\\/\\\/cvinoticias.com\\\/v3\\\/author\\\/f1000024\\\/\"}]}<\/script>\n<!-- \/ Yoast SEO plugin. -->","yoast_head_json":{"title":"Pedido de informaci\u00f3n al Intendente de Parques sobre el Circuito Inferior. | CVI NOTICIAS","robots":{"index":"index","follow":"follow","max-snippet":"max-snippet:-1","max-image-preview":"max-image-preview:large","max-video-preview":"max-video-preview:-1"},"canonical":"https:\/\/cvinoticias.com\/v3\/pedido-de-informacion-al-intendente-de-parques-sobre-el-circuito-inferior\/","og_locale":"es_ES","og_type":"article","og_title":"Pedido de informaci\u00f3n al Intendente de Parques sobre el Circuito Inferior. | CVI NOTICIAS","og_description":"De la c\u00e1mara de transporte terrestre de Pasajeros de Puerto Iguaz\u00fa, a trav\u00e9s de esta nota pedimos a usted, brindarnos o solicitar informaci\u00f3n relacionada a la habilitaci\u00f3n\u00a0del circuito inferior por el problema de derrumbes. Hace 1 a\u00f1o y 4 meses que este paseo se encuentra cerrado para el ingreso de turistas, consideramos este paseo uno [&hellip;]","og_url":"https:\/\/cvinoticias.com\/v3\/pedido-de-informacion-al-intendente-de-parques-sobre-el-circuito-inferior\/","og_site_name":"CVI NOTICIAS","article_publisher":"https:\/\/www.facebook.com\/cvinoticias","article_published_time":"2021-07-23T13:32:31+00:00","og_image":[{"width":1038,"height":633,"url":"https:\/\/cvinoticias.com\/wp-content\/uploads\/2021\/07\/parque-nacional-iguazu-e1521466991377.jpg","type":"image\/jpeg"}],"author":"f1000024","twitter_card":"summary_large_image","twitter_misc":{"Escrito por":"f1000024","Tiempo de lectura":"1 minuto"},"schema":{"@context":"https:\/\/schema.org","@graph":[{"@type":"Article","@id":"https:\/\/cvinoticias.com\/v3\/pedido-de-informacion-al-intendente-de-parques-sobre-el-circuito-inferior\/#article","isPartOf":{"@id":"https:\/\/cvinoticias.com\/v3\/pedido-de-informacion-al-intendente-de-parques-sobre-el-circuito-inferior\/"},"author":{"name":"f1000024","@id":"https:\/\/cvinoticias.com\/v3\/#\/schema\/person\/2db77e3c6bc03c538495d7b2b8be9b66"},"headline":"Pedido de informaci\u00f3n al Intendente de Parques sobre el Circuito Inferior.","datePublished":"2021-07-23T13:32:31+00:00","mainEntityOfPage":{"@id":"https:\/\/cvinoticias.com\/v3\/pedido-de-informacion-al-intendente-de-parques-sobre-el-circuito-inferior\/"},"wordCount":258,"commentCount":0,"publisher":{"@id":"https:\/\/cvinoticias.com\/v3\/#organization"},"image":{"@id":"https:\/\/cvinoticias.com\/v3\/pedido-de-informacion-al-intendente-de-parques-sobre-el-circuito-inferior\/#primaryimage"},"thumbnailUrl":"https:\/\/cvinoticias.com\/wp-content\/uploads\/2021\/07\/parque-nacional-iguazu-e1521466991377.jpg","articleSection":["Locales"],"inLanguage":"es","potentialAction":[{"@type":"CommentAction","name":"Comment","target":["https:\/\/cvinoticias.com\/v3\/pedido-de-informacion-al-intendente-de-parques-sobre-el-circuito-inferior\/#respond"]}]},{"@type":"WebPage","@id":"https:\/\/cvinoticias.com\/v3\/pedido-de-informacion-al-intendente-de-parques-sobre-el-circuito-inferior\/","url":"https:\/\/cvinoticias.com\/v3\/pedido-de-informacion-al-intendente-de-parques-sobre-el-circuito-inferior\/","name":"Pedido de informaci\u00f3n al Intendente de Parques sobre el Circuito Inferior. | CVI NOTICIAS","isPartOf":{"@id":"https:\/\/cvinoticias.com\/v3\/#website"},"primaryImageOfPage":{"@id":"https:\/\/cvinoticias.com\/v3\/pedido-de-informacion-al-intendente-de-parques-sobre-el-circuito-inferior\/#primaryimage"},"image":{"@id":"https:\/\/cvinoticias.com\/v3\/pedido-de-informacion-al-intendente-de-parques-sobre-el-circuito-inferior\/#primaryimage"},"thumbnailUrl":"https:\/\/cvinoticias.com\/wp-content\/uploads\/2021\/07\/parque-nacional-iguazu-e1521466991377.jpg","datePublished":"2021-07-23T13:32:31+00:00","breadcrumb":{"@id":"https:\/\/cvinoticias.com\/v3\/pedido-de-informacion-al-intendente-de-parques-sobre-el-circuito-inferior\/#breadcrumb"},"inLanguage":"es","potentialAction":[{"@type":"ReadAction","target":["https:\/\/cvinoticias.com\/v3\/pedido-de-informacion-al-intendente-de-parques-sobre-el-circuito-inferior\/"]}]},{"@type":"ImageObject","inLanguage":"es","@id":"https:\/\/cvinoticias.com\/v3\/pedido-de-informacion-al-intendente-de-parques-sobre-el-circuito-inferior\/#primaryimage","url":"https:\/\/cvinoticias.com\/wp-content\/uploads\/2021\/07\/parque-nacional-iguazu-e1521466991377.jpg","contentUrl":"https:\/\/cvinoticias.com\/wp-content\/uploads\/2021\/07\/parque-nacional-iguazu-e1521466991377.jpg","width":1038,"height":633},{"@type":"BreadcrumbList","@id":"https:\/\/cvinoticias.com\/v3\/pedido-de-informacion-al-intendente-de-parques-sobre-el-circuito-inferior\/#breadcrumb","itemListElement":[{"@type":"ListItem","position":1,"name":"Portada","item":"https:\/\/cvinoticias.com\/v3\/"},{"@type":"ListItem","position":2,"name":"Pedido de informaci\u00f3n al Intendente de Parques sobre el Circuito Inferior."}]},{"@type":"WebSite","@id":"https:\/\/cvinoticias.com\/v3\/#website","url":"https:\/\/cvinoticias.com\/v3\/","name":"CVI NOTICIAS","description":"","publisher":{"@id":"https:\/\/cvinoticias.com\/v3\/#organization"},"alternateName":"CVI","potentialAction":[{"@type":"SearchAction","target":{"@type":"EntryPoint","urlTemplate":"https:\/\/cvinoticias.com\/v3\/?s={search_term_string}"},"query-input":{"@type":"PropertyValueSpecification","valueRequired":true,"valueName":"search_term_string"}}],"inLanguage":"es"},{"@type":"Organization","@id":"https:\/\/cvinoticias.com\/v3\/#organization","name":"CVI NOTICIAS","url":"https:\/\/cvinoticias.com\/v3\/","logo":{"@type":"ImageObject","inLanguage":"es","@id":"https:\/\/cvinoticias.com\/v3\/#\/schema\/logo\/image\/","url":"https:\/\/cvinoticias.com\/wp-content\/uploads\/2023\/04\/cropped-cropped-cropped-cropped-cropped-3-1.png","contentUrl":"https:\/\/cvinoticias.com\/wp-content\/uploads\/2023\/04\/cropped-cropped-cropped-cropped-cropped-3-1.png","width":95,"height":122,"caption":"CVI NOTICIAS"},"image":{"@id":"https:\/\/cvinoticias.com\/v3\/#\/schema\/logo\/image\/"},"sameAs":["https:\/\/www.facebook.com\/cvinoticias","https:\/\/www.instagram.com\/cvinoticias\/","https:\/\/www.youtube.com\/@CVINOTICIAS"]},{"@type":"Person","@id":"https:\/\/cvinoticias.com\/v3\/#\/schema\/person\/2db77e3c6bc03c538495d7b2b8be9b66","name":"f1000024","image":{"@type":"ImageObject","inLanguage":"es","@id":"https:\/\/secure.gravatar.com\/avatar\/d4fe7459cfc51ff5129ce1a732bbef5928568b8092d412ef95611616376bbeed?s=96&d=mm&r=g","url":"https:\/\/secure.gravatar.com\/avatar\/d4fe7459cfc51ff5129ce1a732bbef5928568b8092d412ef95611616376bbeed?s=96&d=mm&r=g","contentUrl":"https:\/\/secure.gravatar.com\/avatar\/d4fe7459cfc51ff5129ce1a732bbef5928568b8092d412ef95611616376bbeed?s=96&d=mm&r=g","caption":"f1000024"},"url":"https:\/\/cvinoticias.com\/v3\/author\/f1000024\/"}]}},"_links":{"self":[{"href":"https:\/\/cvinoticias.com\/v3\/wp-json\/wp\/v2\/posts\/7059","targetHints":{"allow":["GET"]}}],"collection":[{"href":"https:\/\/cvinoticias.com\/v3\/wp-json\/wp\/v2\/posts"}],"about":[{"href":"https:\/\/cvinoticias.com\/v3\/wp-json\/wp\/v2\/types\/post"}],"author":[{"embeddable":true,"href":"https:\/\/cvinoticias.com\/v3\/wp-json\/wp\/v2\/users\/2"}],"replies":[{"embeddable":true,"href":"https:\/\/cvinoticias.com\/v3\/wp-json\/wp\/v2\/comments?post=7059"}],"version-history":[{"count":1,"href":"https:\/\/cvinoticias.com\/v3\/wp-json\/wp\/v2\/posts\/7059\/revisions"}],"predecessor-version":[{"id":7061,"href":"https:\/\/cvinoticias.com\/v3\/wp-json\/wp\/v2\/posts\/7059\/revisions\/7061"}],"wp:featuredmedia":[{"embeddable":true,"href":"https:\/\/cvinoticias.com\/v3\/wp-json\/wp\/v2\/media\/7060"}],"wp:attachment":[{"href":"https:\/\/cvinoticias.com\/v3\/wp-json\/wp\/v2\/media?parent=7059"}],"wp:term":[{"taxonomy":"category","embeddable":true,"href":"https:\/\/cvinoticias.com\/v3\/wp-json\/wp\/v2\/categories?post=7059"},{"taxonomy":"post_tag","embeddable":true,"href":"https:\/\/cvinoticias.com\/v3\/wp-json\/wp\/v2\/tags?post=7059"}],"curies":[{"name":"wp","href":"https:\/\/api.w.org\/{rel}","templated":true}]}}