{"id":7047,"date":"2021-07-22T23:17:38","date_gmt":"2021-07-22T23:17:38","guid":{"rendered":"https:\/\/cvinoticias.com\/v3\/?p=7047"},"modified":"2021-07-22T23:17:38","modified_gmt":"2021-07-22T23:17:38","slug":"el-gobernador-gestiono-ante-nacion-obras-para-deporte-y-acuerdos-por-tecnologia","status":"publish","type":"post","link":"https:\/\/cvinoticias.com\/v3\/el-gobernador-gestiono-ante-nacion-obras-para-deporte-y-acuerdos-por-tecnologia\/","title":{"rendered":"El Gobernador gestion\u00f3 ante Naci\u00f3n obras para Deporte y acuerdos por Tecnolog\u00eda"},"content":{"rendered":"\n<p><strong><em>El Gobernador viaj\u00f3 a Buenos Aires donde mantiene una intensa agenda de gesti\u00f3n. Por la ma\u00f1ana mantuvo un importante encuentro en el Ministerio de Ciencia y Tecnolog\u00eda y por la tarde se reuni\u00f3 con el ministro Lammens para mejorar la infraestructura tur\u00edstica y deportiva en Misiones.<\/em><\/strong><\/p>\n\n\n\n<p>El gobernador Oscar Herrera Ahuad acompa\u00f1ado por el ministro de Deportes de Misiones, H\u00e9ctor Corti, mantuvo esta tarde una reuni\u00f3n de trabajo con el ministro de Turismo y Deportes de la Naci\u00f3n, Mat\u00edas Lammens. El funcionario nacional los recibi\u00f3 en su despacho donde analizaron programas puntuales que mejorar\u00e1n la infraestructura deportiva en la provincia de Misiones.<\/p>\n\n\n\n<p>Desde la provincia se vienen gestionando en conjunto con el ministro Lammens acciones muy importantes, tanto en el \u00e1rea deportiva como a nivel tur\u00edstico. \u201cEstamos muy agradecidos porque nos da a los misioneros la posibilidad de tener obras de infraestructura de alta calidad\u201d, dijo el Gobernador al finalizar el encuentro.<\/p>\n\n\n\n<p>Por su parte, Lammens puntualiz\u00f3 que \u00abestamos llevando adelante proyectos muy ambiciosos, como el plan para ampliar el CePARD en Posadas. Con una gran inversi\u00f3n en obra p\u00fablica, renovamos el compromiso de impulsar el desarrollo a nivel federal\u201d.<\/p>\n\n\n\n<p>Durante el encuentro, se trat\u00f3 el proyecto de ampliaci\u00f3n del Centro Provincial de Alto Rendimiento Deportivo (CePARD) ubicado en Posadas, y otros trabajos vinculados con infraestructura para hockey en las localidades de Ober\u00e1, Puerto Rico y Puerto Iguaz\u00fa. Tambi\u00e9n se convers\u00f3 sobre los cerca de 50 clubes de barrio y pueblo que est\u00e1n mejorando su infraestructura mediante el programa \u201cClubes en Obra\u201d.<\/p>\n\n\n\n<p>Adem\u00e1s, Herrera Ahuad y Lammens repasaron los trabajos realizados durante la primera etapa de \u201c50 Destinos\u201d en las localidades de Ober\u00e1, Campo Ram\u00f3n, Ap\u00f3stoles, Itacuar\u00e9, Garuhape, El Soberbio y Posadas y en los parques provinciales Ca\u00f1ad\u00f3n de Profundidad, Mocon\u00e1 y Salto Encantado, en tanto que adem\u00e1s proyectaron las obras que se realizar\u00e1n en diversos destinos emergentes de la provincia de cara a la segunda etapa del plan.<\/p>\n\n\n\n<p>Finalmente, los funcionarios analizaron iniciativas para fomentar el turismo de naturaleza enmarcados en el programa \u201cLa Ruta Natural\u201d y conversaron sobre los impactos que tuvo \u201cPreViaje\u201d en la provincia, que est\u00e1 pr\u00f3xima a lanzar su segunda edici\u00f3n para seguir impulsando la reactivaci\u00f3n del sector.<\/p>\n\n\n\n<p>CON CIENCIA Y TECNOLOG\u00cdA<\/p>\n\n\n\n<p>M\u00e1s temprano, el gobernador Oscar Herrera Ahuad visit\u00f3 el despacho del ministro de Ciencia, Tecnolog\u00eda e Innovaci\u00f3n de la Naci\u00f3n, Rodrigo Salvarezza, donde repasaron los avances de los proyectos en ejecuci\u00f3n y abordaron nuevos temas que ser\u00e1n incorporados a la agenda conjunta, como Polo Cient\u00edfico-Tecnol\u00f3gico, hidr\u00f3geno y envasado, desarrollo respecto a la rob\u00f3tica.<\/p>\n\n\n\n<figure class=\"wp-block-image size-large is-resized\"><a href=\"https:\/\/cvinoticias.com\/wp-content\/uploads\/2021\/07\/FB_IMG_1626995393080.jpg\"><img decoding=\"async\" data-src=\"https:\/\/cvinoticias.com\/wp-content\/uploads\/2021\/07\/FB_IMG_1626995393080-1024x683.jpg\" alt=\"\" class=\"wp-image-7049 lazyload\" width=\"803\" height=\"535\" data-srcset=\"https:\/\/cvinoticias.com\/wp-content\/uploads\/2021\/07\/FB_IMG_1626995393080-1024x683.jpg 1024w, https:\/\/cvinoticias.com\/wp-content\/uploads\/2021\/07\/FB_IMG_1626995393080-300x200.jpg 300w, https:\/\/cvinoticias.com\/wp-content\/uploads\/2021\/07\/FB_IMG_1626995393080-768x512.jpg 768w, https:\/\/cvinoticias.com\/wp-content\/uploads\/2021\/07\/FB_IMG_1626995393080.jpg 1080w\" data-sizes=\"(max-width: 803px) 100vw, 803px\" src=\"data:image\/svg+xml;base64,PHN2ZyB3aWR0aD0iMSIgaGVpZ2h0PSIxIiB4bWxucz0iaHR0cDovL3d3dy53My5vcmcvMjAwMC9zdmciPjwvc3ZnPg==\" style=\"--smush-placeholder-width: 803px; --smush-placeholder-aspect-ratio: 803\/535;\" \/><\/a><\/figure>\n\n\n\n<figure class=\"wp-block-image size-large\"><a href=\"https:\/\/cvinoticias.com\/wp-content\/uploads\/2021\/07\/FB_IMG_1626995390190.jpg\"><img decoding=\"async\" width=\"1024\" height=\"683\" data-src=\"https:\/\/cvinoticias.com\/wp-content\/uploads\/2021\/07\/FB_IMG_1626995390190-1024x683.jpg\" alt=\"\" class=\"wp-image-7050 lazyload\" data-srcset=\"https:\/\/cvinoticias.com\/wp-content\/uploads\/2021\/07\/FB_IMG_1626995390190-1024x683.jpg 1024w, https:\/\/cvinoticias.com\/wp-content\/uploads\/2021\/07\/FB_IMG_1626995390190-300x200.jpg 300w, https:\/\/cvinoticias.com\/wp-content\/uploads\/2021\/07\/FB_IMG_1626995390190-768x512.jpg 768w, https:\/\/cvinoticias.com\/wp-content\/uploads\/2021\/07\/FB_IMG_1626995390190.jpg 1080w\" data-sizes=\"(max-width: 1024px) 100vw, 1024px\" src=\"data:image\/svg+xml;base64,PHN2ZyB3aWR0aD0iMSIgaGVpZ2h0PSIxIiB4bWxucz0iaHR0cDovL3d3dy53My5vcmcvMjAwMC9zdmciPjwvc3ZnPg==\" style=\"--smush-placeholder-width: 1024px; --smush-placeholder-aspect-ratio: 1024\/683;\" \/><\/a><\/figure>\n","protected":false},"excerpt":{"rendered":"<p>El Gobernador viaj\u00f3 a Buenos Aires donde mantiene una intensa agenda de gesti\u00f3n. Por la ma\u00f1ana mantuvo un importante encuentro en el Ministerio de Ciencia y Tecnolog\u00eda y por la tarde se reuni\u00f3 con el ministro Lammens para mejorar la infraestructura tur\u00edstica y deportiva en Misiones. El gobernador Oscar Herrera Ahuad acompa\u00f1ado por el ministro [&hellip;]<\/p>\n","protected":false},"author":2,"featured_media":7048,"comment_status":"open","ping_status":"open","sticky":false,"template":"","format":"standard","meta":{"footnotes":""},"categories":[35],"tags":[],"class_list":["post-7047","post","type-post","status-publish","format-standard","has-post-thumbnail","hentry","category-informacion-general"],"yoast_head":"<!-- This site is optimized with the Yoast SEO plugin v27.5 - https:\/\/yoast.com\/product\/yoast-seo-wordpress\/ -->\n<title>El Gobernador gestion\u00f3 ante Naci\u00f3n obras para Deporte y acuerdos por Tecnolog\u00eda | CVI NOTICIAS<\/title>\n<meta name=\"robots\" content=\"index, follow, max-snippet:-1, max-image-preview:large, max-video-preview:-1\" \/>\n<link rel=\"canonical\" href=\"https:\/\/cvinoticias.com\/v3\/el-gobernador-gestiono-ante-nacion-obras-para-deporte-y-acuerdos-por-tecnologia\/\" \/>\n<meta property=\"og:locale\" content=\"es_ES\" \/>\n<meta property=\"og:type\" content=\"article\" \/>\n<meta property=\"og:title\" content=\"El Gobernador gestion\u00f3 ante Naci\u00f3n obras para Deporte y acuerdos por Tecnolog\u00eda | CVI NOTICIAS\" \/>\n<meta property=\"og:description\" content=\"El Gobernador viaj\u00f3 a Buenos Aires donde mantiene una intensa agenda de gesti\u00f3n. Por la ma\u00f1ana mantuvo un importante encuentro en el Ministerio de Ciencia y Tecnolog\u00eda y por la tarde se reuni\u00f3 con el ministro Lammens para mejorar la infraestructura tur\u00edstica y deportiva en Misiones. El gobernador Oscar Herrera Ahuad acompa\u00f1ado por el ministro [&hellip;]\" \/>\n<meta property=\"og:url\" content=\"https:\/\/cvinoticias.com\/v3\/el-gobernador-gestiono-ante-nacion-obras-para-deporte-y-acuerdos-por-tecnologia\/\" \/>\n<meta property=\"og:site_name\" content=\"CVI NOTICIAS\" \/>\n<meta property=\"article:publisher\" content=\"https:\/\/www.facebook.com\/cvinoticias\" \/>\n<meta property=\"article:published_time\" content=\"2021-07-22T23:17:38+00:00\" \/>\n<meta property=\"og:image\" content=\"https:\/\/cvinoticias.com\/wp-content\/uploads\/2021\/07\/FB_IMG_1626995396326.jpg\" \/>\n\t<meta property=\"og:image:width\" content=\"1080\" \/>\n\t<meta property=\"og:image:height\" content=\"720\" \/>\n\t<meta property=\"og:image:type\" content=\"image\/jpeg\" \/>\n<meta name=\"author\" content=\"f1000024\" \/>\n<meta name=\"twitter:card\" content=\"summary_large_image\" \/>\n<meta name=\"twitter:label1\" content=\"Escrito por\" \/>\n\t<meta name=\"twitter:data1\" content=\"f1000024\" \/>\n\t<meta name=\"twitter:label2\" content=\"Tiempo de lectura\" \/>\n\t<meta name=\"twitter:data2\" content=\"2 minutos\" \/>\n<script type=\"application\/ld+json\" class=\"yoast-schema-graph\">{\"@context\":\"https:\\\/\\\/schema.org\",\"@graph\":[{\"@type\":\"Article\",\"@id\":\"https:\\\/\\\/cvinoticias.com\\\/v3\\\/el-gobernador-gestiono-ante-nacion-obras-para-deporte-y-acuerdos-por-tecnologia\\\/#article\",\"isPartOf\":{\"@id\":\"https:\\\/\\\/cvinoticias.com\\\/v3\\\/el-gobernador-gestiono-ante-nacion-obras-para-deporte-y-acuerdos-por-tecnologia\\\/\"},\"author\":{\"name\":\"f1000024\",\"@id\":\"https:\\\/\\\/cvinoticias.com\\\/v3\\\/#\\\/schema\\\/person\\\/2db77e3c6bc03c538495d7b2b8be9b66\"},\"headline\":\"El Gobernador gestion\u00f3 ante Naci\u00f3n obras para Deporte y acuerdos por Tecnolog\u00eda\",\"datePublished\":\"2021-07-22T23:17:38+00:00\",\"mainEntityOfPage\":{\"@id\":\"https:\\\/\\\/cvinoticias.com\\\/v3\\\/el-gobernador-gestiono-ante-nacion-obras-para-deporte-y-acuerdos-por-tecnologia\\\/\"},\"wordCount\":469,\"commentCount\":0,\"publisher\":{\"@id\":\"https:\\\/\\\/cvinoticias.com\\\/v3\\\/#organization\"},\"image\":{\"@id\":\"https:\\\/\\\/cvinoticias.com\\\/v3\\\/el-gobernador-gestiono-ante-nacion-obras-para-deporte-y-acuerdos-por-tecnologia\\\/#primaryimage\"},\"thumbnailUrl\":\"https:\\\/\\\/cvinoticias.com\\\/wp-content\\\/uploads\\\/2021\\\/07\\\/FB_IMG_1626995396326.jpg\",\"articleSection\":[\"Informaci\u00f3n General\"],\"inLanguage\":\"es\",\"potentialAction\":[{\"@type\":\"CommentAction\",\"name\":\"Comment\",\"target\":[\"https:\\\/\\\/cvinoticias.com\\\/v3\\\/el-gobernador-gestiono-ante-nacion-obras-para-deporte-y-acuerdos-por-tecnologia\\\/#respond\"]}]},{\"@type\":\"WebPage\",\"@id\":\"https:\\\/\\\/cvinoticias.com\\\/v3\\\/el-gobernador-gestiono-ante-nacion-obras-para-deporte-y-acuerdos-por-tecnologia\\\/\",\"url\":\"https:\\\/\\\/cvinoticias.com\\\/v3\\\/el-gobernador-gestiono-ante-nacion-obras-para-deporte-y-acuerdos-por-tecnologia\\\/\",\"name\":\"El Gobernador gestion\u00f3 ante Naci\u00f3n obras para Deporte y acuerdos por Tecnolog\u00eda | CVI NOTICIAS\",\"isPartOf\":{\"@id\":\"https:\\\/\\\/cvinoticias.com\\\/v3\\\/#website\"},\"primaryImageOfPage\":{\"@id\":\"https:\\\/\\\/cvinoticias.com\\\/v3\\\/el-gobernador-gestiono-ante-nacion-obras-para-deporte-y-acuerdos-por-tecnologia\\\/#primaryimage\"},\"image\":{\"@id\":\"https:\\\/\\\/cvinoticias.com\\\/v3\\\/el-gobernador-gestiono-ante-nacion-obras-para-deporte-y-acuerdos-por-tecnologia\\\/#primaryimage\"},\"thumbnailUrl\":\"https:\\\/\\\/cvinoticias.com\\\/wp-content\\\/uploads\\\/2021\\\/07\\\/FB_IMG_1626995396326.jpg\",\"datePublished\":\"2021-07-22T23:17:38+00:00\",\"breadcrumb\":{\"@id\":\"https:\\\/\\\/cvinoticias.com\\\/v3\\\/el-gobernador-gestiono-ante-nacion-obras-para-deporte-y-acuerdos-por-tecnologia\\\/#breadcrumb\"},\"inLanguage\":\"es\",\"potentialAction\":[{\"@type\":\"ReadAction\",\"target\":[\"https:\\\/\\\/cvinoticias.com\\\/v3\\\/el-gobernador-gestiono-ante-nacion-obras-para-deporte-y-acuerdos-por-tecnologia\\\/\"]}]},{\"@type\":\"ImageObject\",\"inLanguage\":\"es\",\"@id\":\"https:\\\/\\\/cvinoticias.com\\\/v3\\\/el-gobernador-gestiono-ante-nacion-obras-para-deporte-y-acuerdos-por-tecnologia\\\/#primaryimage\",\"url\":\"https:\\\/\\\/cvinoticias.com\\\/wp-content\\\/uploads\\\/2021\\\/07\\\/FB_IMG_1626995396326.jpg\",\"contentUrl\":\"https:\\\/\\\/cvinoticias.com\\\/wp-content\\\/uploads\\\/2021\\\/07\\\/FB_IMG_1626995396326.jpg\",\"width\":1080,\"height\":720},{\"@type\":\"BreadcrumbList\",\"@id\":\"https:\\\/\\\/cvinoticias.com\\\/v3\\\/el-gobernador-gestiono-ante-nacion-obras-para-deporte-y-acuerdos-por-tecnologia\\\/#breadcrumb\",\"itemListElement\":[{\"@type\":\"ListItem\",\"position\":1,\"name\":\"Portada\",\"item\":\"https:\\\/\\\/cvinoticias.com\\\/v3\\\/\"},{\"@type\":\"ListItem\",\"position\":2,\"name\":\"El Gobernador gestion\u00f3 ante Naci\u00f3n obras para Deporte y acuerdos por Tecnolog\u00eda\"}]},{\"@type\":\"WebSite\",\"@id\":\"https:\\\/\\\/cvinoticias.com\\\/v3\\\/#website\",\"url\":\"https:\\\/\\\/cvinoticias.com\\\/v3\\\/\",\"name\":\"CVI NOTICIAS\",\"description\":\"\",\"publisher\":{\"@id\":\"https:\\\/\\\/cvinoticias.com\\\/v3\\\/#organization\"},\"alternateName\":\"CVI\",\"potentialAction\":[{\"@type\":\"SearchAction\",\"target\":{\"@type\":\"EntryPoint\",\"urlTemplate\":\"https:\\\/\\\/cvinoticias.com\\\/v3\\\/?s={search_term_string}\"},\"query-input\":{\"@type\":\"PropertyValueSpecification\",\"valueRequired\":true,\"valueName\":\"search_term_string\"}}],\"inLanguage\":\"es\"},{\"@type\":\"Organization\",\"@id\":\"https:\\\/\\\/cvinoticias.com\\\/v3\\\/#organization\",\"name\":\"CVI NOTICIAS\",\"url\":\"https:\\\/\\\/cvinoticias.com\\\/v3\\\/\",\"logo\":{\"@type\":\"ImageObject\",\"inLanguage\":\"es\",\"@id\":\"https:\\\/\\\/cvinoticias.com\\\/v3\\\/#\\\/schema\\\/logo\\\/image\\\/\",\"url\":\"https:\\\/\\\/cvinoticias.com\\\/wp-content\\\/uploads\\\/2023\\\/04\\\/cropped-cropped-cropped-cropped-cropped-3-1.png\",\"contentUrl\":\"https:\\\/\\\/cvinoticias.com\\\/wp-content\\\/uploads\\\/2023\\\/04\\\/cropped-cropped-cropped-cropped-cropped-3-1.png\",\"width\":95,\"height\":122,\"caption\":\"CVI NOTICIAS\"},\"image\":{\"@id\":\"https:\\\/\\\/cvinoticias.com\\\/v3\\\/#\\\/schema\\\/logo\\\/image\\\/\"},\"sameAs\":[\"https:\\\/\\\/www.facebook.com\\\/cvinoticias\",\"https:\\\/\\\/www.instagram.com\\\/cvinoticias\\\/\",\"https:\\\/\\\/www.youtube.com\\\/@CVINOTICIAS\"]},{\"@type\":\"Person\",\"@id\":\"https:\\\/\\\/cvinoticias.com\\\/v3\\\/#\\\/schema\\\/person\\\/2db77e3c6bc03c538495d7b2b8be9b66\",\"name\":\"f1000024\",\"image\":{\"@type\":\"ImageObject\",\"inLanguage\":\"es\",\"@id\":\"https:\\\/\\\/secure.gravatar.com\\\/avatar\\\/d4fe7459cfc51ff5129ce1a732bbef5928568b8092d412ef95611616376bbeed?s=96&d=mm&r=g\",\"url\":\"https:\\\/\\\/secure.gravatar.com\\\/avatar\\\/d4fe7459cfc51ff5129ce1a732bbef5928568b8092d412ef95611616376bbeed?s=96&d=mm&r=g\",\"contentUrl\":\"https:\\\/\\\/secure.gravatar.com\\\/avatar\\\/d4fe7459cfc51ff5129ce1a732bbef5928568b8092d412ef95611616376bbeed?s=96&d=mm&r=g\",\"caption\":\"f1000024\"},\"url\":\"https:\\\/\\\/cvinoticias.com\\\/v3\\\/author\\\/f1000024\\\/\"}]}<\/script>\n<!-- \/ Yoast SEO plugin. -->","yoast_head_json":{"title":"El Gobernador gestion\u00f3 ante Naci\u00f3n obras para Deporte y acuerdos por Tecnolog\u00eda | CVI NOTICIAS","robots":{"index":"index","follow":"follow","max-snippet":"max-snippet:-1","max-image-preview":"max-image-preview:large","max-video-preview":"max-video-preview:-1"},"canonical":"https:\/\/cvinoticias.com\/v3\/el-gobernador-gestiono-ante-nacion-obras-para-deporte-y-acuerdos-por-tecnologia\/","og_locale":"es_ES","og_type":"article","og_title":"El Gobernador gestion\u00f3 ante Naci\u00f3n obras para Deporte y acuerdos por Tecnolog\u00eda | CVI NOTICIAS","og_description":"El Gobernador viaj\u00f3 a Buenos Aires donde mantiene una intensa agenda de gesti\u00f3n. Por la ma\u00f1ana mantuvo un importante encuentro en el Ministerio de Ciencia y Tecnolog\u00eda y por la tarde se reuni\u00f3 con el ministro Lammens para mejorar la infraestructura tur\u00edstica y deportiva en Misiones. El gobernador Oscar Herrera Ahuad acompa\u00f1ado por el ministro [&hellip;]","og_url":"https:\/\/cvinoticias.com\/v3\/el-gobernador-gestiono-ante-nacion-obras-para-deporte-y-acuerdos-por-tecnologia\/","og_site_name":"CVI NOTICIAS","article_publisher":"https:\/\/www.facebook.com\/cvinoticias","article_published_time":"2021-07-22T23:17:38+00:00","og_image":[{"width":1080,"height":720,"url":"https:\/\/cvinoticias.com\/wp-content\/uploads\/2021\/07\/FB_IMG_1626995396326.jpg","type":"image\/jpeg"}],"author":"f1000024","twitter_card":"summary_large_image","twitter_misc":{"Escrito por":"f1000024","Tiempo de lectura":"2 minutos"},"schema":{"@context":"https:\/\/schema.org","@graph":[{"@type":"Article","@id":"https:\/\/cvinoticias.com\/v3\/el-gobernador-gestiono-ante-nacion-obras-para-deporte-y-acuerdos-por-tecnologia\/#article","isPartOf":{"@id":"https:\/\/cvinoticias.com\/v3\/el-gobernador-gestiono-ante-nacion-obras-para-deporte-y-acuerdos-por-tecnologia\/"},"author":{"name":"f1000024","@id":"https:\/\/cvinoticias.com\/v3\/#\/schema\/person\/2db77e3c6bc03c538495d7b2b8be9b66"},"headline":"El Gobernador gestion\u00f3 ante Naci\u00f3n obras para Deporte y acuerdos por Tecnolog\u00eda","datePublished":"2021-07-22T23:17:38+00:00","mainEntityOfPage":{"@id":"https:\/\/cvinoticias.com\/v3\/el-gobernador-gestiono-ante-nacion-obras-para-deporte-y-acuerdos-por-tecnologia\/"},"wordCount":469,"commentCount":0,"publisher":{"@id":"https:\/\/cvinoticias.com\/v3\/#organization"},"image":{"@id":"https:\/\/cvinoticias.com\/v3\/el-gobernador-gestiono-ante-nacion-obras-para-deporte-y-acuerdos-por-tecnologia\/#primaryimage"},"thumbnailUrl":"https:\/\/cvinoticias.com\/wp-content\/uploads\/2021\/07\/FB_IMG_1626995396326.jpg","articleSection":["Informaci\u00f3n General"],"inLanguage":"es","potentialAction":[{"@type":"CommentAction","name":"Comment","target":["https:\/\/cvinoticias.com\/v3\/el-gobernador-gestiono-ante-nacion-obras-para-deporte-y-acuerdos-por-tecnologia\/#respond"]}]},{"@type":"WebPage","@id":"https:\/\/cvinoticias.com\/v3\/el-gobernador-gestiono-ante-nacion-obras-para-deporte-y-acuerdos-por-tecnologia\/","url":"https:\/\/cvinoticias.com\/v3\/el-gobernador-gestiono-ante-nacion-obras-para-deporte-y-acuerdos-por-tecnologia\/","name":"El Gobernador gestion\u00f3 ante Naci\u00f3n obras para Deporte y acuerdos por Tecnolog\u00eda | CVI NOTICIAS","isPartOf":{"@id":"https:\/\/cvinoticias.com\/v3\/#website"},"primaryImageOfPage":{"@id":"https:\/\/cvinoticias.com\/v3\/el-gobernador-gestiono-ante-nacion-obras-para-deporte-y-acuerdos-por-tecnologia\/#primaryimage"},"image":{"@id":"https:\/\/cvinoticias.com\/v3\/el-gobernador-gestiono-ante-nacion-obras-para-deporte-y-acuerdos-por-tecnologia\/#primaryimage"},"thumbnailUrl":"https:\/\/cvinoticias.com\/wp-content\/uploads\/2021\/07\/FB_IMG_1626995396326.jpg","datePublished":"2021-07-22T23:17:38+00:00","breadcrumb":{"@id":"https:\/\/cvinoticias.com\/v3\/el-gobernador-gestiono-ante-nacion-obras-para-deporte-y-acuerdos-por-tecnologia\/#breadcrumb"},"inLanguage":"es","potentialAction":[{"@type":"ReadAction","target":["https:\/\/cvinoticias.com\/v3\/el-gobernador-gestiono-ante-nacion-obras-para-deporte-y-acuerdos-por-tecnologia\/"]}]},{"@type":"ImageObject","inLanguage":"es","@id":"https:\/\/cvinoticias.com\/v3\/el-gobernador-gestiono-ante-nacion-obras-para-deporte-y-acuerdos-por-tecnologia\/#primaryimage","url":"https:\/\/cvinoticias.com\/wp-content\/uploads\/2021\/07\/FB_IMG_1626995396326.jpg","contentUrl":"https:\/\/cvinoticias.com\/wp-content\/uploads\/2021\/07\/FB_IMG_1626995396326.jpg","width":1080,"height":720},{"@type":"BreadcrumbList","@id":"https:\/\/cvinoticias.com\/v3\/el-gobernador-gestiono-ante-nacion-obras-para-deporte-y-acuerdos-por-tecnologia\/#breadcrumb","itemListElement":[{"@type":"ListItem","position":1,"name":"Portada","item":"https:\/\/cvinoticias.com\/v3\/"},{"@type":"ListItem","position":2,"name":"El Gobernador gestion\u00f3 ante Naci\u00f3n obras para Deporte y acuerdos por Tecnolog\u00eda"}]},{"@type":"WebSite","@id":"https:\/\/cvinoticias.com\/v3\/#website","url":"https:\/\/cvinoticias.com\/v3\/","name":"CVI NOTICIAS","description":"","publisher":{"@id":"https:\/\/cvinoticias.com\/v3\/#organization"},"alternateName":"CVI","potentialAction":[{"@type":"SearchAction","target":{"@type":"EntryPoint","urlTemplate":"https:\/\/cvinoticias.com\/v3\/?s={search_term_string}"},"query-input":{"@type":"PropertyValueSpecification","valueRequired":true,"valueName":"search_term_string"}}],"inLanguage":"es"},{"@type":"Organization","@id":"https:\/\/cvinoticias.com\/v3\/#organization","name":"CVI NOTICIAS","url":"https:\/\/cvinoticias.com\/v3\/","logo":{"@type":"ImageObject","inLanguage":"es","@id":"https:\/\/cvinoticias.com\/v3\/#\/schema\/logo\/image\/","url":"https:\/\/cvinoticias.com\/wp-content\/uploads\/2023\/04\/cropped-cropped-cropped-cropped-cropped-3-1.png","contentUrl":"https:\/\/cvinoticias.com\/wp-content\/uploads\/2023\/04\/cropped-cropped-cropped-cropped-cropped-3-1.png","width":95,"height":122,"caption":"CVI NOTICIAS"},"image":{"@id":"https:\/\/cvinoticias.com\/v3\/#\/schema\/logo\/image\/"},"sameAs":["https:\/\/www.facebook.com\/cvinoticias","https:\/\/www.instagram.com\/cvinoticias\/","https:\/\/www.youtube.com\/@CVINOTICIAS"]},{"@type":"Person","@id":"https:\/\/cvinoticias.com\/v3\/#\/schema\/person\/2db77e3c6bc03c538495d7b2b8be9b66","name":"f1000024","image":{"@type":"ImageObject","inLanguage":"es","@id":"https:\/\/secure.gravatar.com\/avatar\/d4fe7459cfc51ff5129ce1a732bbef5928568b8092d412ef95611616376bbeed?s=96&d=mm&r=g","url":"https:\/\/secure.gravatar.com\/avatar\/d4fe7459cfc51ff5129ce1a732bbef5928568b8092d412ef95611616376bbeed?s=96&d=mm&r=g","contentUrl":"https:\/\/secure.gravatar.com\/avatar\/d4fe7459cfc51ff5129ce1a732bbef5928568b8092d412ef95611616376bbeed?s=96&d=mm&r=g","caption":"f1000024"},"url":"https:\/\/cvinoticias.com\/v3\/author\/f1000024\/"}]}},"_links":{"self":[{"href":"https:\/\/cvinoticias.com\/v3\/wp-json\/wp\/v2\/posts\/7047","targetHints":{"allow":["GET"]}}],"collection":[{"href":"https:\/\/cvinoticias.com\/v3\/wp-json\/wp\/v2\/posts"}],"about":[{"href":"https:\/\/cvinoticias.com\/v3\/wp-json\/wp\/v2\/types\/post"}],"author":[{"embeddable":true,"href":"https:\/\/cvinoticias.com\/v3\/wp-json\/wp\/v2\/users\/2"}],"replies":[{"embeddable":true,"href":"https:\/\/cvinoticias.com\/v3\/wp-json\/wp\/v2\/comments?post=7047"}],"version-history":[{"count":1,"href":"https:\/\/cvinoticias.com\/v3\/wp-json\/wp\/v2\/posts\/7047\/revisions"}],"predecessor-version":[{"id":7051,"href":"https:\/\/cvinoticias.com\/v3\/wp-json\/wp\/v2\/posts\/7047\/revisions\/7051"}],"wp:featuredmedia":[{"embeddable":true,"href":"https:\/\/cvinoticias.com\/v3\/wp-json\/wp\/v2\/media\/7048"}],"wp:attachment":[{"href":"https:\/\/cvinoticias.com\/v3\/wp-json\/wp\/v2\/media?parent=7047"}],"wp:term":[{"taxonomy":"category","embeddable":true,"href":"https:\/\/cvinoticias.com\/v3\/wp-json\/wp\/v2\/categories?post=7047"},{"taxonomy":"post_tag","embeddable":true,"href":"https:\/\/cvinoticias.com\/v3\/wp-json\/wp\/v2\/tags?post=7047"}],"curies":[{"name":"wp","href":"https:\/\/api.w.org\/{rel}","templated":true}]}}