{"id":7036,"date":"2021-07-22T19:49:29","date_gmt":"2021-07-22T19:49:29","guid":{"rendered":"https:\/\/cvinoticias.com\/v3\/?p=7036"},"modified":"2021-07-22T21:09:46","modified_gmt":"2021-07-22T21:09:46","slug":"el-proximo-lunes-se-realizara-la-entrega-de-la-nueva-tarjeta-alimentar-en-iguazu","status":"publish","type":"post","link":"https:\/\/cvinoticias.com\/v3\/el-proximo-lunes-se-realizara-la-entrega-de-la-nueva-tarjeta-alimentar-en-iguazu\/","title":{"rendered":"El pr\u00f3ximo lunes se realizar\u00e1 la entrega de la Nueva Tarjeta Alimentar en Iguaz\u00fa"},"content":{"rendered":"\n<p><strong><em>Con el objetivo de seguir acompa\u00f1ando a las familias que m\u00e1s lo necesitan y garantizar el acceso a una alimentaci\u00f3n saludable, el Intendente Dr. Claudio Ra\u00fal Filippa anunci\u00f3 que desde el Gobierno Nacional ampl\u00edan el alcance de cobertura con la nueva Tarjeta Alimentar.<\/em><\/strong><\/p>\n\n\n\n<p>Es una tarjeta para que todos los argentinos puedan acceder a la canasta b\u00e1sica alimentaria. Permite a las familias en situaci\u00f3n de vulnerabilidad social comprar todo tipo de alimentos en cualquier comercio, almac\u00e9n, supermercado, feria o mercado popular.<\/p>\n\n\n\n<p><strong>La tarjeta Alimentar llega a :<\/strong><br>&#8211; Personas que cobren la Asignaci\u00f3n Universal por Hijo\/a con hijos\/as de hasta 14 a\u00f1os inclusive<br>&#8211; Embarazadas a partir de los 3 meses que cobren la Asignaci\u00f3n por Embarazo para Protecci\u00f3n Social<br>&#8211; Personas con discapacidad que cobren la Asignaci\u00f3n Universal por Hijo\/a, sin l\u00edmite de edad<br>&#8211; Madres con 7 hijos\/as o m\u00e1s que perciben Pensiones No Contributivas<\/p>\n\n\n\n<p>La tarjeta no sirve para extraer dinero en efectivo. Solo puede ser usada para la compra de alimentos de la canasta b\u00e1sica, excluyendo bebidas alcoh\u00f3licas.<\/p>\n\n\n\n<p>La entrega de las 5082 tarjetas en nuestra localidad se realizar\u00e1 desde este lunes 26 hasta el viernes 30 de julio, en la siguiente modalidad:<\/p>\n\n\n\n<p>Los apellidos de la A hasta la letra G deber\u00e1n acercarse al Polideportivo Municipal en el horario<br>de 07.00 a 13.00 horas<\/p>\n\n\n\n<p>Mientras que los apellidos de H hasta la letra Z tendr\u00e1n que concurrir a la Liga Regional de F\u00fatbol<br>en el horario de 07.00 a 13.00 horas<\/p>\n\n\n\n<p>Las beneficiarias deben concurrir con DNI y se deber\u00e1 respetar las medidas de bioseguridad.<\/p>\n\n\n\n<p><strong>\u00bfC\u00f3mo me entero si me corresponde o no?<\/strong><\/p>\n\n\n\n<p>No es necesario tramitar la tarjeta porque su implementaci\u00f3n es autom\u00e1tica, cruzando bases de datos del ANSES y de AUH.<br>El ANSES ser\u00e1 quien notifique al titular que est\u00e1 en condiciones de retirar su tarjeta por el banco que determine cada provincia. Las notificaciones se realizar\u00e1n v\u00eda telef\u00f3nica o por SMS, al n\u00famero registrado en la base de ANSES.<\/p>\n\n\n\n<p><strong>\u00bfCu\u00e1l es el monto que otorga la tarjeta?<\/strong><\/p>\n\n\n\n<p>Seis mil pesos ($6.000) para la embarazadas a partir de los 3 meses de gestaci\u00f3n, que cobren la Asignaci\u00f3n por Embarazo para Protecci\u00f3n Social.&nbsp;Y personas con discapacidad que cobren la Asignaci\u00f3n Universal por Hijo, sin l\u00edmite de edad.<br>&#8211; Seis mil pesos ($6.000) para las madres con un hijo de hasta 14 a\u00f1os.<br>&#8211; Nueve mil pesos ($9.000) para las familias con dos hijos de hasta 14 a\u00f1os de edad o discapacitado.<br>&#8211; Doce mil pesos ($12.000) en el caso de familias que tienen tres o m\u00e1s hijos en la misma franja etaria.<br>&#8211; Doce mil pesos&nbsp;($12.000) para las madres que tengan siete o m\u00e1s hijos que perciban una&nbsp;Pensi\u00f3n No Contributiva.<\/p>\n\n\n\n<p><strong>\u00bfQu\u00e9 se puede comprar con la tarjeta?<\/strong><\/p>\n\n\n\n<p>La tarjeta est\u00e1 destinada exclusivamente para la compra de alimentos. Est\u00e1 denegada la posibilidad de adquirir bebidas alcoh\u00f3licas.<br>No se puede extraer dinero.<br>En el caso en que se realice un consumo de alguno de los productos prohibidos el Ministerio de Desarrollo Social podr\u00e1 bloquear la tarjeta.<br>Ning\u00fan comercio puede retener la tarjeta ni cobrar ning\u00fan tipo de comisi\u00f3n.<\/p>\n\n\n\n<p><strong>\u00bfEn qu\u00e9 lugares se puede usar la tarjeta?<\/strong><\/p>\n\n\n\n<p>Se puede utilizar en cualquier tipo de comercio, almac\u00e9n, supermercado, feria o mercado popular que cuente con posnet. Desde el Ministerio de Desarrollo Social se est\u00e1n organizando ferias itinerantes de la econom\u00eda popular y la agricultura familiar que cuenta con ese medio de pago.<\/p>\n\n\n\n<p><strong>\u00bfSi no gasto el dinero de la tarjeta en el mes, se pierde?<\/strong><\/p>\n\n\n\n<p>La Tarjeta Alimentar no es un instrumento de ahorro, por esta raz\u00f3n los saldos mensuales no son acumulativos. Esto quiere decir que el monto disponible en la tarjeta vuelve autom\u00e1ticamente a cero pesos ($) antes de recibir la siguiente carga.<br><br><br><br><br><\/p>\n","protected":false},"excerpt":{"rendered":"<p>Con el objetivo de seguir acompa\u00f1ando a las familias que m\u00e1s lo necesitan y garantizar el acceso a una alimentaci\u00f3n saludable, el Intendente Dr. Claudio Ra\u00fal Filippa anunci\u00f3 que desde el Gobierno Nacional ampl\u00edan el alcance de cobertura con la nueva Tarjeta Alimentar. Es una tarjeta para que todos los argentinos puedan acceder a la [&hellip;]<\/p>\n","protected":false},"author":2,"featured_media":7037,"comment_status":"open","ping_status":"open","sticky":false,"template":"","format":"standard","meta":{"footnotes":""},"categories":[32,29],"tags":[],"class_list":["post-7036","post","type-post","status-publish","format-standard","has-post-thumbnail","hentry","category-economia","category-locales"],"yoast_head":"<!-- This site is optimized with the Yoast SEO plugin v27.4 - https:\/\/yoast.com\/product\/yoast-seo-wordpress\/ -->\n<title>El pr\u00f3ximo lunes se realizar\u00e1 la entrega de la Nueva Tarjeta Alimentar en Iguaz\u00fa | CVI NOTICIAS<\/title>\n<meta name=\"robots\" content=\"index, follow, max-snippet:-1, max-image-preview:large, max-video-preview:-1\" \/>\n<link rel=\"canonical\" href=\"https:\/\/cvinoticias.com\/v3\/el-proximo-lunes-se-realizara-la-entrega-de-la-nueva-tarjeta-alimentar-en-iguazu\/\" \/>\n<meta property=\"og:locale\" content=\"es_ES\" \/>\n<meta property=\"og:type\" content=\"article\" \/>\n<meta property=\"og:title\" content=\"El pr\u00f3ximo lunes se realizar\u00e1 la entrega de la Nueva Tarjeta Alimentar en Iguaz\u00fa | CVI NOTICIAS\" \/>\n<meta property=\"og:description\" content=\"Con el objetivo de seguir acompa\u00f1ando a las familias que m\u00e1s lo necesitan y garantizar el acceso a una alimentaci\u00f3n saludable, el Intendente Dr. Claudio Ra\u00fal Filippa anunci\u00f3 que desde el Gobierno Nacional ampl\u00edan el alcance de cobertura con la nueva Tarjeta Alimentar. Es una tarjeta para que todos los argentinos puedan acceder a la [&hellip;]\" \/>\n<meta property=\"og:url\" content=\"https:\/\/cvinoticias.com\/v3\/el-proximo-lunes-se-realizara-la-entrega-de-la-nueva-tarjeta-alimentar-en-iguazu\/\" \/>\n<meta property=\"og:site_name\" content=\"CVI NOTICIAS\" \/>\n<meta property=\"article:publisher\" content=\"https:\/\/www.facebook.com\/cvinoticias\" \/>\n<meta property=\"article:published_time\" content=\"2021-07-22T19:49:29+00:00\" \/>\n<meta property=\"article:modified_time\" content=\"2021-07-22T21:09:46+00:00\" \/>\n<meta property=\"og:image\" content=\"https:\/\/cvinoticias.com\/wp-content\/uploads\/2021\/07\/IMG-20210722-WA0032.jpg\" \/>\n\t<meta property=\"og:image:width\" content=\"1032\" \/>\n\t<meta property=\"og:image:height\" content=\"774\" \/>\n\t<meta property=\"og:image:type\" content=\"image\/jpeg\" \/>\n<meta name=\"author\" content=\"f1000024\" \/>\n<meta name=\"twitter:card\" content=\"summary_large_image\" \/>\n<meta name=\"twitter:label1\" content=\"Escrito por\" \/>\n\t<meta name=\"twitter:data1\" content=\"f1000024\" \/>\n\t<meta name=\"twitter:label2\" content=\"Tiempo de lectura\" \/>\n\t<meta name=\"twitter:data2\" content=\"3 minutos\" \/>\n<script type=\"application\/ld+json\" class=\"yoast-schema-graph\">{\"@context\":\"https:\\\/\\\/schema.org\",\"@graph\":[{\"@type\":\"Article\",\"@id\":\"https:\\\/\\\/cvinoticias.com\\\/v3\\\/el-proximo-lunes-se-realizara-la-entrega-de-la-nueva-tarjeta-alimentar-en-iguazu\\\/#article\",\"isPartOf\":{\"@id\":\"https:\\\/\\\/cvinoticias.com\\\/v3\\\/el-proximo-lunes-se-realizara-la-entrega-de-la-nueva-tarjeta-alimentar-en-iguazu\\\/\"},\"author\":{\"name\":\"f1000024\",\"@id\":\"https:\\\/\\\/cvinoticias.com\\\/v3\\\/#\\\/schema\\\/person\\\/2db77e3c6bc03c538495d7b2b8be9b66\"},\"headline\":\"El pr\u00f3ximo lunes se realizar\u00e1 la entrega de la Nueva Tarjeta Alimentar en Iguaz\u00fa\",\"datePublished\":\"2021-07-22T19:49:29+00:00\",\"dateModified\":\"2021-07-22T21:09:46+00:00\",\"mainEntityOfPage\":{\"@id\":\"https:\\\/\\\/cvinoticias.com\\\/v3\\\/el-proximo-lunes-se-realizara-la-entrega-de-la-nueva-tarjeta-alimentar-en-iguazu\\\/\"},\"wordCount\":664,\"commentCount\":0,\"publisher\":{\"@id\":\"https:\\\/\\\/cvinoticias.com\\\/v3\\\/#organization\"},\"image\":{\"@id\":\"https:\\\/\\\/cvinoticias.com\\\/v3\\\/el-proximo-lunes-se-realizara-la-entrega-de-la-nueva-tarjeta-alimentar-en-iguazu\\\/#primaryimage\"},\"thumbnailUrl\":\"https:\\\/\\\/cvinoticias.com\\\/wp-content\\\/uploads\\\/2021\\\/07\\\/IMG-20210722-WA0032.jpg\",\"articleSection\":[\"Econom\u00eda\",\"Locales\"],\"inLanguage\":\"es\",\"potentialAction\":[{\"@type\":\"CommentAction\",\"name\":\"Comment\",\"target\":[\"https:\\\/\\\/cvinoticias.com\\\/v3\\\/el-proximo-lunes-se-realizara-la-entrega-de-la-nueva-tarjeta-alimentar-en-iguazu\\\/#respond\"]}]},{\"@type\":\"WebPage\",\"@id\":\"https:\\\/\\\/cvinoticias.com\\\/v3\\\/el-proximo-lunes-se-realizara-la-entrega-de-la-nueva-tarjeta-alimentar-en-iguazu\\\/\",\"url\":\"https:\\\/\\\/cvinoticias.com\\\/v3\\\/el-proximo-lunes-se-realizara-la-entrega-de-la-nueva-tarjeta-alimentar-en-iguazu\\\/\",\"name\":\"El pr\u00f3ximo lunes se realizar\u00e1 la entrega de la Nueva Tarjeta Alimentar en Iguaz\u00fa | CVI NOTICIAS\",\"isPartOf\":{\"@id\":\"https:\\\/\\\/cvinoticias.com\\\/v3\\\/#website\"},\"primaryImageOfPage\":{\"@id\":\"https:\\\/\\\/cvinoticias.com\\\/v3\\\/el-proximo-lunes-se-realizara-la-entrega-de-la-nueva-tarjeta-alimentar-en-iguazu\\\/#primaryimage\"},\"image\":{\"@id\":\"https:\\\/\\\/cvinoticias.com\\\/v3\\\/el-proximo-lunes-se-realizara-la-entrega-de-la-nueva-tarjeta-alimentar-en-iguazu\\\/#primaryimage\"},\"thumbnailUrl\":\"https:\\\/\\\/cvinoticias.com\\\/wp-content\\\/uploads\\\/2021\\\/07\\\/IMG-20210722-WA0032.jpg\",\"datePublished\":\"2021-07-22T19:49:29+00:00\",\"dateModified\":\"2021-07-22T21:09:46+00:00\",\"breadcrumb\":{\"@id\":\"https:\\\/\\\/cvinoticias.com\\\/v3\\\/el-proximo-lunes-se-realizara-la-entrega-de-la-nueva-tarjeta-alimentar-en-iguazu\\\/#breadcrumb\"},\"inLanguage\":\"es\",\"potentialAction\":[{\"@type\":\"ReadAction\",\"target\":[\"https:\\\/\\\/cvinoticias.com\\\/v3\\\/el-proximo-lunes-se-realizara-la-entrega-de-la-nueva-tarjeta-alimentar-en-iguazu\\\/\"]}]},{\"@type\":\"ImageObject\",\"inLanguage\":\"es\",\"@id\":\"https:\\\/\\\/cvinoticias.com\\\/v3\\\/el-proximo-lunes-se-realizara-la-entrega-de-la-nueva-tarjeta-alimentar-en-iguazu\\\/#primaryimage\",\"url\":\"https:\\\/\\\/cvinoticias.com\\\/wp-content\\\/uploads\\\/2021\\\/07\\\/IMG-20210722-WA0032.jpg\",\"contentUrl\":\"https:\\\/\\\/cvinoticias.com\\\/wp-content\\\/uploads\\\/2021\\\/07\\\/IMG-20210722-WA0032.jpg\",\"width\":1032,\"height\":774},{\"@type\":\"BreadcrumbList\",\"@id\":\"https:\\\/\\\/cvinoticias.com\\\/v3\\\/el-proximo-lunes-se-realizara-la-entrega-de-la-nueva-tarjeta-alimentar-en-iguazu\\\/#breadcrumb\",\"itemListElement\":[{\"@type\":\"ListItem\",\"position\":1,\"name\":\"Portada\",\"item\":\"https:\\\/\\\/cvinoticias.com\\\/v3\\\/\"},{\"@type\":\"ListItem\",\"position\":2,\"name\":\"El pr\u00f3ximo lunes se realizar\u00e1 la entrega de la Nueva Tarjeta Alimentar en Iguaz\u00fa\"}]},{\"@type\":\"WebSite\",\"@id\":\"https:\\\/\\\/cvinoticias.com\\\/v3\\\/#website\",\"url\":\"https:\\\/\\\/cvinoticias.com\\\/v3\\\/\",\"name\":\"CVI NOTICIAS\",\"description\":\"\",\"publisher\":{\"@id\":\"https:\\\/\\\/cvinoticias.com\\\/v3\\\/#organization\"},\"alternateName\":\"CVI\",\"potentialAction\":[{\"@type\":\"SearchAction\",\"target\":{\"@type\":\"EntryPoint\",\"urlTemplate\":\"https:\\\/\\\/cvinoticias.com\\\/v3\\\/?s={search_term_string}\"},\"query-input\":{\"@type\":\"PropertyValueSpecification\",\"valueRequired\":true,\"valueName\":\"search_term_string\"}}],\"inLanguage\":\"es\"},{\"@type\":\"Organization\",\"@id\":\"https:\\\/\\\/cvinoticias.com\\\/v3\\\/#organization\",\"name\":\"CVI NOTICIAS\",\"url\":\"https:\\\/\\\/cvinoticias.com\\\/v3\\\/\",\"logo\":{\"@type\":\"ImageObject\",\"inLanguage\":\"es\",\"@id\":\"https:\\\/\\\/cvinoticias.com\\\/v3\\\/#\\\/schema\\\/logo\\\/image\\\/\",\"url\":\"https:\\\/\\\/cvinoticias.com\\\/wp-content\\\/uploads\\\/2023\\\/04\\\/cropped-cropped-cropped-cropped-cropped-3-1.png\",\"contentUrl\":\"https:\\\/\\\/cvinoticias.com\\\/wp-content\\\/uploads\\\/2023\\\/04\\\/cropped-cropped-cropped-cropped-cropped-3-1.png\",\"width\":95,\"height\":122,\"caption\":\"CVI NOTICIAS\"},\"image\":{\"@id\":\"https:\\\/\\\/cvinoticias.com\\\/v3\\\/#\\\/schema\\\/logo\\\/image\\\/\"},\"sameAs\":[\"https:\\\/\\\/www.facebook.com\\\/cvinoticias\",\"https:\\\/\\\/www.instagram.com\\\/cvinoticias\\\/\",\"https:\\\/\\\/www.youtube.com\\\/@CVINOTICIAS\"]},{\"@type\":\"Person\",\"@id\":\"https:\\\/\\\/cvinoticias.com\\\/v3\\\/#\\\/schema\\\/person\\\/2db77e3c6bc03c538495d7b2b8be9b66\",\"name\":\"f1000024\",\"image\":{\"@type\":\"ImageObject\",\"inLanguage\":\"es\",\"@id\":\"https:\\\/\\\/secure.gravatar.com\\\/avatar\\\/d4fe7459cfc51ff5129ce1a732bbef5928568b8092d412ef95611616376bbeed?s=96&d=mm&r=g\",\"url\":\"https:\\\/\\\/secure.gravatar.com\\\/avatar\\\/d4fe7459cfc51ff5129ce1a732bbef5928568b8092d412ef95611616376bbeed?s=96&d=mm&r=g\",\"contentUrl\":\"https:\\\/\\\/secure.gravatar.com\\\/avatar\\\/d4fe7459cfc51ff5129ce1a732bbef5928568b8092d412ef95611616376bbeed?s=96&d=mm&r=g\",\"caption\":\"f1000024\"},\"url\":\"https:\\\/\\\/cvinoticias.com\\\/v3\\\/author\\\/f1000024\\\/\"}]}<\/script>\n<!-- \/ Yoast SEO plugin. -->","yoast_head_json":{"title":"El pr\u00f3ximo lunes se realizar\u00e1 la entrega de la Nueva Tarjeta Alimentar en Iguaz\u00fa | CVI NOTICIAS","robots":{"index":"index","follow":"follow","max-snippet":"max-snippet:-1","max-image-preview":"max-image-preview:large","max-video-preview":"max-video-preview:-1"},"canonical":"https:\/\/cvinoticias.com\/v3\/el-proximo-lunes-se-realizara-la-entrega-de-la-nueva-tarjeta-alimentar-en-iguazu\/","og_locale":"es_ES","og_type":"article","og_title":"El pr\u00f3ximo lunes se realizar\u00e1 la entrega de la Nueva Tarjeta Alimentar en Iguaz\u00fa | CVI NOTICIAS","og_description":"Con el objetivo de seguir acompa\u00f1ando a las familias que m\u00e1s lo necesitan y garantizar el acceso a una alimentaci\u00f3n saludable, el Intendente Dr. Claudio Ra\u00fal Filippa anunci\u00f3 que desde el Gobierno Nacional ampl\u00edan el alcance de cobertura con la nueva Tarjeta Alimentar. Es una tarjeta para que todos los argentinos puedan acceder a la [&hellip;]","og_url":"https:\/\/cvinoticias.com\/v3\/el-proximo-lunes-se-realizara-la-entrega-de-la-nueva-tarjeta-alimentar-en-iguazu\/","og_site_name":"CVI NOTICIAS","article_publisher":"https:\/\/www.facebook.com\/cvinoticias","article_published_time":"2021-07-22T19:49:29+00:00","article_modified_time":"2021-07-22T21:09:46+00:00","og_image":[{"width":1032,"height":774,"url":"https:\/\/cvinoticias.com\/wp-content\/uploads\/2021\/07\/IMG-20210722-WA0032.jpg","type":"image\/jpeg"}],"author":"f1000024","twitter_card":"summary_large_image","twitter_misc":{"Escrito por":"f1000024","Tiempo de lectura":"3 minutos"},"schema":{"@context":"https:\/\/schema.org","@graph":[{"@type":"Article","@id":"https:\/\/cvinoticias.com\/v3\/el-proximo-lunes-se-realizara-la-entrega-de-la-nueva-tarjeta-alimentar-en-iguazu\/#article","isPartOf":{"@id":"https:\/\/cvinoticias.com\/v3\/el-proximo-lunes-se-realizara-la-entrega-de-la-nueva-tarjeta-alimentar-en-iguazu\/"},"author":{"name":"f1000024","@id":"https:\/\/cvinoticias.com\/v3\/#\/schema\/person\/2db77e3c6bc03c538495d7b2b8be9b66"},"headline":"El pr\u00f3ximo lunes se realizar\u00e1 la entrega de la Nueva Tarjeta Alimentar en Iguaz\u00fa","datePublished":"2021-07-22T19:49:29+00:00","dateModified":"2021-07-22T21:09:46+00:00","mainEntityOfPage":{"@id":"https:\/\/cvinoticias.com\/v3\/el-proximo-lunes-se-realizara-la-entrega-de-la-nueva-tarjeta-alimentar-en-iguazu\/"},"wordCount":664,"commentCount":0,"publisher":{"@id":"https:\/\/cvinoticias.com\/v3\/#organization"},"image":{"@id":"https:\/\/cvinoticias.com\/v3\/el-proximo-lunes-se-realizara-la-entrega-de-la-nueva-tarjeta-alimentar-en-iguazu\/#primaryimage"},"thumbnailUrl":"https:\/\/cvinoticias.com\/wp-content\/uploads\/2021\/07\/IMG-20210722-WA0032.jpg","articleSection":["Econom\u00eda","Locales"],"inLanguage":"es","potentialAction":[{"@type":"CommentAction","name":"Comment","target":["https:\/\/cvinoticias.com\/v3\/el-proximo-lunes-se-realizara-la-entrega-de-la-nueva-tarjeta-alimentar-en-iguazu\/#respond"]}]},{"@type":"WebPage","@id":"https:\/\/cvinoticias.com\/v3\/el-proximo-lunes-se-realizara-la-entrega-de-la-nueva-tarjeta-alimentar-en-iguazu\/","url":"https:\/\/cvinoticias.com\/v3\/el-proximo-lunes-se-realizara-la-entrega-de-la-nueva-tarjeta-alimentar-en-iguazu\/","name":"El pr\u00f3ximo lunes se realizar\u00e1 la entrega de la Nueva Tarjeta Alimentar en Iguaz\u00fa | CVI NOTICIAS","isPartOf":{"@id":"https:\/\/cvinoticias.com\/v3\/#website"},"primaryImageOfPage":{"@id":"https:\/\/cvinoticias.com\/v3\/el-proximo-lunes-se-realizara-la-entrega-de-la-nueva-tarjeta-alimentar-en-iguazu\/#primaryimage"},"image":{"@id":"https:\/\/cvinoticias.com\/v3\/el-proximo-lunes-se-realizara-la-entrega-de-la-nueva-tarjeta-alimentar-en-iguazu\/#primaryimage"},"thumbnailUrl":"https:\/\/cvinoticias.com\/wp-content\/uploads\/2021\/07\/IMG-20210722-WA0032.jpg","datePublished":"2021-07-22T19:49:29+00:00","dateModified":"2021-07-22T21:09:46+00:00","breadcrumb":{"@id":"https:\/\/cvinoticias.com\/v3\/el-proximo-lunes-se-realizara-la-entrega-de-la-nueva-tarjeta-alimentar-en-iguazu\/#breadcrumb"},"inLanguage":"es","potentialAction":[{"@type":"ReadAction","target":["https:\/\/cvinoticias.com\/v3\/el-proximo-lunes-se-realizara-la-entrega-de-la-nueva-tarjeta-alimentar-en-iguazu\/"]}]},{"@type":"ImageObject","inLanguage":"es","@id":"https:\/\/cvinoticias.com\/v3\/el-proximo-lunes-se-realizara-la-entrega-de-la-nueva-tarjeta-alimentar-en-iguazu\/#primaryimage","url":"https:\/\/cvinoticias.com\/wp-content\/uploads\/2021\/07\/IMG-20210722-WA0032.jpg","contentUrl":"https:\/\/cvinoticias.com\/wp-content\/uploads\/2021\/07\/IMG-20210722-WA0032.jpg","width":1032,"height":774},{"@type":"BreadcrumbList","@id":"https:\/\/cvinoticias.com\/v3\/el-proximo-lunes-se-realizara-la-entrega-de-la-nueva-tarjeta-alimentar-en-iguazu\/#breadcrumb","itemListElement":[{"@type":"ListItem","position":1,"name":"Portada","item":"https:\/\/cvinoticias.com\/v3\/"},{"@type":"ListItem","position":2,"name":"El pr\u00f3ximo lunes se realizar\u00e1 la entrega de la Nueva Tarjeta Alimentar en Iguaz\u00fa"}]},{"@type":"WebSite","@id":"https:\/\/cvinoticias.com\/v3\/#website","url":"https:\/\/cvinoticias.com\/v3\/","name":"CVI NOTICIAS","description":"","publisher":{"@id":"https:\/\/cvinoticias.com\/v3\/#organization"},"alternateName":"CVI","potentialAction":[{"@type":"SearchAction","target":{"@type":"EntryPoint","urlTemplate":"https:\/\/cvinoticias.com\/v3\/?s={search_term_string}"},"query-input":{"@type":"PropertyValueSpecification","valueRequired":true,"valueName":"search_term_string"}}],"inLanguage":"es"},{"@type":"Organization","@id":"https:\/\/cvinoticias.com\/v3\/#organization","name":"CVI NOTICIAS","url":"https:\/\/cvinoticias.com\/v3\/","logo":{"@type":"ImageObject","inLanguage":"es","@id":"https:\/\/cvinoticias.com\/v3\/#\/schema\/logo\/image\/","url":"https:\/\/cvinoticias.com\/wp-content\/uploads\/2023\/04\/cropped-cropped-cropped-cropped-cropped-3-1.png","contentUrl":"https:\/\/cvinoticias.com\/wp-content\/uploads\/2023\/04\/cropped-cropped-cropped-cropped-cropped-3-1.png","width":95,"height":122,"caption":"CVI NOTICIAS"},"image":{"@id":"https:\/\/cvinoticias.com\/v3\/#\/schema\/logo\/image\/"},"sameAs":["https:\/\/www.facebook.com\/cvinoticias","https:\/\/www.instagram.com\/cvinoticias\/","https:\/\/www.youtube.com\/@CVINOTICIAS"]},{"@type":"Person","@id":"https:\/\/cvinoticias.com\/v3\/#\/schema\/person\/2db77e3c6bc03c538495d7b2b8be9b66","name":"f1000024","image":{"@type":"ImageObject","inLanguage":"es","@id":"https:\/\/secure.gravatar.com\/avatar\/d4fe7459cfc51ff5129ce1a732bbef5928568b8092d412ef95611616376bbeed?s=96&d=mm&r=g","url":"https:\/\/secure.gravatar.com\/avatar\/d4fe7459cfc51ff5129ce1a732bbef5928568b8092d412ef95611616376bbeed?s=96&d=mm&r=g","contentUrl":"https:\/\/secure.gravatar.com\/avatar\/d4fe7459cfc51ff5129ce1a732bbef5928568b8092d412ef95611616376bbeed?s=96&d=mm&r=g","caption":"f1000024"},"url":"https:\/\/cvinoticias.com\/v3\/author\/f1000024\/"}]}},"_links":{"self":[{"href":"https:\/\/cvinoticias.com\/v3\/wp-json\/wp\/v2\/posts\/7036","targetHints":{"allow":["GET"]}}],"collection":[{"href":"https:\/\/cvinoticias.com\/v3\/wp-json\/wp\/v2\/posts"}],"about":[{"href":"https:\/\/cvinoticias.com\/v3\/wp-json\/wp\/v2\/types\/post"}],"author":[{"embeddable":true,"href":"https:\/\/cvinoticias.com\/v3\/wp-json\/wp\/v2\/users\/2"}],"replies":[{"embeddable":true,"href":"https:\/\/cvinoticias.com\/v3\/wp-json\/wp\/v2\/comments?post=7036"}],"version-history":[{"count":3,"href":"https:\/\/cvinoticias.com\/v3\/wp-json\/wp\/v2\/posts\/7036\/revisions"}],"predecessor-version":[{"id":7046,"href":"https:\/\/cvinoticias.com\/v3\/wp-json\/wp\/v2\/posts\/7036\/revisions\/7046"}],"wp:featuredmedia":[{"embeddable":true,"href":"https:\/\/cvinoticias.com\/v3\/wp-json\/wp\/v2\/media\/7037"}],"wp:attachment":[{"href":"https:\/\/cvinoticias.com\/v3\/wp-json\/wp\/v2\/media?parent=7036"}],"wp:term":[{"taxonomy":"category","embeddable":true,"href":"https:\/\/cvinoticias.com\/v3\/wp-json\/wp\/v2\/categories?post=7036"},{"taxonomy":"post_tag","embeddable":true,"href":"https:\/\/cvinoticias.com\/v3\/wp-json\/wp\/v2\/tags?post=7036"}],"curies":[{"name":"wp","href":"https:\/\/api.w.org\/{rel}","templated":true}]}}