{"id":7019,"date":"2021-07-22T12:41:04","date_gmt":"2021-07-22T12:41:04","guid":{"rendered":"https:\/\/cvinoticias.com\/v3\/?p=7019"},"modified":"2021-07-22T12:41:04","modified_gmt":"2021-07-22T12:41:04","slug":"presentan-el-mapa-federal-del-cuidado-un-proyecto-sin-antecedentes","status":"publish","type":"post","link":"https:\/\/cvinoticias.com\/v3\/presentan-el-mapa-federal-del-cuidado-un-proyecto-sin-antecedentes\/","title":{"rendered":"Presentan el Mapa Federal del Cuidado, un proyecto sin antecedentes"},"content":{"rendered":"\n<p><strong><em>La ministra de las Mujeres, G\u00e9neros y Diversidad de la Naci\u00f3n, Elizabeth G\u00f3mez Alcorta encabezar\u00e1 este jueves a las 11 la presentaci\u00f3n del Mapa Federal del Cuidado en el Sal\u00f3n Norte de la Casa Rosada.<\/em><\/strong><\/p>\n\n\n\n<p>El Mapa Federal del Cuidado es un\u00a0portal web interactivo\u00a0que permite localizar la oferta de espacios y servicios de\u00a0cuidado para primeras infancias, personas mayores y con discapacidad en todo el pa\u00eds, indic\u00f3 esa cartera en un comunicado.<\/p>\n\n\n\n<p>Tambi\u00e9n\u00a0cuenta con espacios de formaci\u00f3n para quienes deseen capacitarse y trabajar en este \u00e1mbito.<\/p>\n\n\n\n<p>El Mapa cuenta actualmente con m\u00e1s de 32.000 espacios, instituciones educativas y servicios que brindan cuidados, as\u00ed como tambi\u00e9n espacios de formaci\u00f3n en el tema y la informaci\u00f3n se ir\u00e1 actualizando con frecuencia.<\/p>\n\n\n\n<p>Seg\u00fan se inform\u00f3, \u00abse trata de un proyecto sin antecedentes en la regi\u00f3n\u00a0que incorpora una visi\u00f3n integral sobre la organizaci\u00f3n social de los cuidados\u00bb.<\/p>\n\n\n\n<p>Para el desarrollo del Mapa se estableci\u00f3 un acuerdo de colaboraci\u00f3n con la Comisi\u00f3n Econ\u00f3mica para Am\u00e9rica Latina y el Caribe (Cepal) en el marco del programa Primera Infancia y Sistema Integral de Cuidados, del Fondo Conjunto para los Objetivos de Desarrollo Sostenible de las Naciones Unidas.<\/p>\n","protected":false},"excerpt":{"rendered":"<p>La ministra de las Mujeres, G\u00e9neros y Diversidad de la Naci\u00f3n, Elizabeth G\u00f3mez Alcorta encabezar\u00e1 este jueves a las 11 la presentaci\u00f3n del Mapa Federal del Cuidado en el Sal\u00f3n Norte de la Casa Rosada. El Mapa Federal del Cuidado es un\u00a0portal web interactivo\u00a0que permite localizar la oferta de espacios y servicios de\u00a0cuidado para primeras [&hellip;]<\/p>\n","protected":false},"author":2,"featured_media":7020,"comment_status":"open","ping_status":"open","sticky":false,"template":"","format":"standard","meta":{"footnotes":""},"categories":[39],"tags":[],"class_list":["post-7019","post","type-post","status-publish","format-standard","has-post-thumbnail","hentry","category-nacionales"],"yoast_head":"<!-- This site is optimized with the Yoast SEO plugin v27.4 - https:\/\/yoast.com\/product\/yoast-seo-wordpress\/ -->\n<title>Presentan el Mapa Federal del Cuidado, un proyecto sin antecedentes | CVI NOTICIAS<\/title>\n<meta name=\"robots\" content=\"index, follow, max-snippet:-1, max-image-preview:large, max-video-preview:-1\" \/>\n<link rel=\"canonical\" href=\"https:\/\/cvinoticias.com\/v3\/presentan-el-mapa-federal-del-cuidado-un-proyecto-sin-antecedentes\/\" \/>\n<meta property=\"og:locale\" content=\"es_ES\" \/>\n<meta property=\"og:type\" content=\"article\" \/>\n<meta property=\"og:title\" content=\"Presentan el Mapa Federal del Cuidado, un proyecto sin antecedentes | CVI NOTICIAS\" \/>\n<meta property=\"og:description\" content=\"La ministra de las Mujeres, G\u00e9neros y Diversidad de la Naci\u00f3n, Elizabeth G\u00f3mez Alcorta encabezar\u00e1 este jueves a las 11 la presentaci\u00f3n del Mapa Federal del Cuidado en el Sal\u00f3n Norte de la Casa Rosada. El Mapa Federal del Cuidado es un\u00a0portal web interactivo\u00a0que permite localizar la oferta de espacios y servicios de\u00a0cuidado para primeras [&hellip;]\" \/>\n<meta property=\"og:url\" content=\"https:\/\/cvinoticias.com\/v3\/presentan-el-mapa-federal-del-cuidado-un-proyecto-sin-antecedentes\/\" \/>\n<meta property=\"og:site_name\" content=\"CVI NOTICIAS\" \/>\n<meta property=\"article:publisher\" content=\"https:\/\/www.facebook.com\/cvinoticias\" \/>\n<meta property=\"article:published_time\" content=\"2021-07-22T12:41:04+00:00\" \/>\n<meta property=\"og:image\" content=\"https:\/\/cvinoticias.com\/wp-content\/uploads\/2021\/07\/Screenshot_20210722-094024_Facebook.jpg\" \/>\n\t<meta property=\"og:image:width\" content=\"902\" \/>\n\t<meta property=\"og:image:height\" content=\"443\" \/>\n\t<meta property=\"og:image:type\" content=\"image\/jpeg\" \/>\n<meta name=\"author\" content=\"f1000024\" \/>\n<meta name=\"twitter:card\" content=\"summary_large_image\" \/>\n<meta name=\"twitter:label1\" content=\"Escrito por\" \/>\n\t<meta name=\"twitter:data1\" content=\"f1000024\" \/>\n\t<meta name=\"twitter:label2\" content=\"Tiempo de lectura\" \/>\n\t<meta name=\"twitter:data2\" content=\"1 minuto\" \/>\n<script type=\"application\/ld+json\" class=\"yoast-schema-graph\">{\"@context\":\"https:\\\/\\\/schema.org\",\"@graph\":[{\"@type\":\"Article\",\"@id\":\"https:\\\/\\\/cvinoticias.com\\\/v3\\\/presentan-el-mapa-federal-del-cuidado-un-proyecto-sin-antecedentes\\\/#article\",\"isPartOf\":{\"@id\":\"https:\\\/\\\/cvinoticias.com\\\/v3\\\/presentan-el-mapa-federal-del-cuidado-un-proyecto-sin-antecedentes\\\/\"},\"author\":{\"name\":\"f1000024\",\"@id\":\"https:\\\/\\\/cvinoticias.com\\\/v3\\\/#\\\/schema\\\/person\\\/2db77e3c6bc03c538495d7b2b8be9b66\"},\"headline\":\"Presentan el Mapa Federal del Cuidado, un proyecto sin antecedentes\",\"datePublished\":\"2021-07-22T12:41:04+00:00\",\"mainEntityOfPage\":{\"@id\":\"https:\\\/\\\/cvinoticias.com\\\/v3\\\/presentan-el-mapa-federal-del-cuidado-un-proyecto-sin-antecedentes\\\/\"},\"wordCount\":222,\"commentCount\":0,\"publisher\":{\"@id\":\"https:\\\/\\\/cvinoticias.com\\\/v3\\\/#organization\"},\"image\":{\"@id\":\"https:\\\/\\\/cvinoticias.com\\\/v3\\\/presentan-el-mapa-federal-del-cuidado-un-proyecto-sin-antecedentes\\\/#primaryimage\"},\"thumbnailUrl\":\"https:\\\/\\\/cvinoticias.com\\\/wp-content\\\/uploads\\\/2021\\\/07\\\/Screenshot_20210722-094024_Facebook.jpg\",\"articleSection\":[\"Nacionales\"],\"inLanguage\":\"es\",\"potentialAction\":[{\"@type\":\"CommentAction\",\"name\":\"Comment\",\"target\":[\"https:\\\/\\\/cvinoticias.com\\\/v3\\\/presentan-el-mapa-federal-del-cuidado-un-proyecto-sin-antecedentes\\\/#respond\"]}]},{\"@type\":\"WebPage\",\"@id\":\"https:\\\/\\\/cvinoticias.com\\\/v3\\\/presentan-el-mapa-federal-del-cuidado-un-proyecto-sin-antecedentes\\\/\",\"url\":\"https:\\\/\\\/cvinoticias.com\\\/v3\\\/presentan-el-mapa-federal-del-cuidado-un-proyecto-sin-antecedentes\\\/\",\"name\":\"Presentan el Mapa Federal del Cuidado, un proyecto sin antecedentes | CVI NOTICIAS\",\"isPartOf\":{\"@id\":\"https:\\\/\\\/cvinoticias.com\\\/v3\\\/#website\"},\"primaryImageOfPage\":{\"@id\":\"https:\\\/\\\/cvinoticias.com\\\/v3\\\/presentan-el-mapa-federal-del-cuidado-un-proyecto-sin-antecedentes\\\/#primaryimage\"},\"image\":{\"@id\":\"https:\\\/\\\/cvinoticias.com\\\/v3\\\/presentan-el-mapa-federal-del-cuidado-un-proyecto-sin-antecedentes\\\/#primaryimage\"},\"thumbnailUrl\":\"https:\\\/\\\/cvinoticias.com\\\/wp-content\\\/uploads\\\/2021\\\/07\\\/Screenshot_20210722-094024_Facebook.jpg\",\"datePublished\":\"2021-07-22T12:41:04+00:00\",\"breadcrumb\":{\"@id\":\"https:\\\/\\\/cvinoticias.com\\\/v3\\\/presentan-el-mapa-federal-del-cuidado-un-proyecto-sin-antecedentes\\\/#breadcrumb\"},\"inLanguage\":\"es\",\"potentialAction\":[{\"@type\":\"ReadAction\",\"target\":[\"https:\\\/\\\/cvinoticias.com\\\/v3\\\/presentan-el-mapa-federal-del-cuidado-un-proyecto-sin-antecedentes\\\/\"]}]},{\"@type\":\"ImageObject\",\"inLanguage\":\"es\",\"@id\":\"https:\\\/\\\/cvinoticias.com\\\/v3\\\/presentan-el-mapa-federal-del-cuidado-un-proyecto-sin-antecedentes\\\/#primaryimage\",\"url\":\"https:\\\/\\\/cvinoticias.com\\\/wp-content\\\/uploads\\\/2021\\\/07\\\/Screenshot_20210722-094024_Facebook.jpg\",\"contentUrl\":\"https:\\\/\\\/cvinoticias.com\\\/wp-content\\\/uploads\\\/2021\\\/07\\\/Screenshot_20210722-094024_Facebook.jpg\",\"width\":902,\"height\":443},{\"@type\":\"BreadcrumbList\",\"@id\":\"https:\\\/\\\/cvinoticias.com\\\/v3\\\/presentan-el-mapa-federal-del-cuidado-un-proyecto-sin-antecedentes\\\/#breadcrumb\",\"itemListElement\":[{\"@type\":\"ListItem\",\"position\":1,\"name\":\"Portada\",\"item\":\"https:\\\/\\\/cvinoticias.com\\\/v3\\\/\"},{\"@type\":\"ListItem\",\"position\":2,\"name\":\"Presentan el Mapa Federal del Cuidado, un proyecto sin antecedentes\"}]},{\"@type\":\"WebSite\",\"@id\":\"https:\\\/\\\/cvinoticias.com\\\/v3\\\/#website\",\"url\":\"https:\\\/\\\/cvinoticias.com\\\/v3\\\/\",\"name\":\"CVI NOTICIAS\",\"description\":\"\",\"publisher\":{\"@id\":\"https:\\\/\\\/cvinoticias.com\\\/v3\\\/#organization\"},\"alternateName\":\"CVI\",\"potentialAction\":[{\"@type\":\"SearchAction\",\"target\":{\"@type\":\"EntryPoint\",\"urlTemplate\":\"https:\\\/\\\/cvinoticias.com\\\/v3\\\/?s={search_term_string}\"},\"query-input\":{\"@type\":\"PropertyValueSpecification\",\"valueRequired\":true,\"valueName\":\"search_term_string\"}}],\"inLanguage\":\"es\"},{\"@type\":\"Organization\",\"@id\":\"https:\\\/\\\/cvinoticias.com\\\/v3\\\/#organization\",\"name\":\"CVI NOTICIAS\",\"url\":\"https:\\\/\\\/cvinoticias.com\\\/v3\\\/\",\"logo\":{\"@type\":\"ImageObject\",\"inLanguage\":\"es\",\"@id\":\"https:\\\/\\\/cvinoticias.com\\\/v3\\\/#\\\/schema\\\/logo\\\/image\\\/\",\"url\":\"https:\\\/\\\/cvinoticias.com\\\/wp-content\\\/uploads\\\/2023\\\/04\\\/cropped-cropped-cropped-cropped-cropped-3-1.png\",\"contentUrl\":\"https:\\\/\\\/cvinoticias.com\\\/wp-content\\\/uploads\\\/2023\\\/04\\\/cropped-cropped-cropped-cropped-cropped-3-1.png\",\"width\":95,\"height\":122,\"caption\":\"CVI NOTICIAS\"},\"image\":{\"@id\":\"https:\\\/\\\/cvinoticias.com\\\/v3\\\/#\\\/schema\\\/logo\\\/image\\\/\"},\"sameAs\":[\"https:\\\/\\\/www.facebook.com\\\/cvinoticias\",\"https:\\\/\\\/www.instagram.com\\\/cvinoticias\\\/\",\"https:\\\/\\\/www.youtube.com\\\/@CVINOTICIAS\"]},{\"@type\":\"Person\",\"@id\":\"https:\\\/\\\/cvinoticias.com\\\/v3\\\/#\\\/schema\\\/person\\\/2db77e3c6bc03c538495d7b2b8be9b66\",\"name\":\"f1000024\",\"image\":{\"@type\":\"ImageObject\",\"inLanguage\":\"es\",\"@id\":\"https:\\\/\\\/secure.gravatar.com\\\/avatar\\\/d4fe7459cfc51ff5129ce1a732bbef5928568b8092d412ef95611616376bbeed?s=96&d=mm&r=g\",\"url\":\"https:\\\/\\\/secure.gravatar.com\\\/avatar\\\/d4fe7459cfc51ff5129ce1a732bbef5928568b8092d412ef95611616376bbeed?s=96&d=mm&r=g\",\"contentUrl\":\"https:\\\/\\\/secure.gravatar.com\\\/avatar\\\/d4fe7459cfc51ff5129ce1a732bbef5928568b8092d412ef95611616376bbeed?s=96&d=mm&r=g\",\"caption\":\"f1000024\"},\"url\":\"https:\\\/\\\/cvinoticias.com\\\/v3\\\/author\\\/f1000024\\\/\"}]}<\/script>\n<!-- \/ Yoast SEO plugin. -->","yoast_head_json":{"title":"Presentan el Mapa Federal del Cuidado, un proyecto sin antecedentes | CVI NOTICIAS","robots":{"index":"index","follow":"follow","max-snippet":"max-snippet:-1","max-image-preview":"max-image-preview:large","max-video-preview":"max-video-preview:-1"},"canonical":"https:\/\/cvinoticias.com\/v3\/presentan-el-mapa-federal-del-cuidado-un-proyecto-sin-antecedentes\/","og_locale":"es_ES","og_type":"article","og_title":"Presentan el Mapa Federal del Cuidado, un proyecto sin antecedentes | CVI NOTICIAS","og_description":"La ministra de las Mujeres, G\u00e9neros y Diversidad de la Naci\u00f3n, Elizabeth G\u00f3mez Alcorta encabezar\u00e1 este jueves a las 11 la presentaci\u00f3n del Mapa Federal del Cuidado en el Sal\u00f3n Norte de la Casa Rosada. El Mapa Federal del Cuidado es un\u00a0portal web interactivo\u00a0que permite localizar la oferta de espacios y servicios de\u00a0cuidado para primeras [&hellip;]","og_url":"https:\/\/cvinoticias.com\/v3\/presentan-el-mapa-federal-del-cuidado-un-proyecto-sin-antecedentes\/","og_site_name":"CVI NOTICIAS","article_publisher":"https:\/\/www.facebook.com\/cvinoticias","article_published_time":"2021-07-22T12:41:04+00:00","og_image":[{"width":902,"height":443,"url":"https:\/\/cvinoticias.com\/wp-content\/uploads\/2021\/07\/Screenshot_20210722-094024_Facebook.jpg","type":"image\/jpeg"}],"author":"f1000024","twitter_card":"summary_large_image","twitter_misc":{"Escrito por":"f1000024","Tiempo de lectura":"1 minuto"},"schema":{"@context":"https:\/\/schema.org","@graph":[{"@type":"Article","@id":"https:\/\/cvinoticias.com\/v3\/presentan-el-mapa-federal-del-cuidado-un-proyecto-sin-antecedentes\/#article","isPartOf":{"@id":"https:\/\/cvinoticias.com\/v3\/presentan-el-mapa-federal-del-cuidado-un-proyecto-sin-antecedentes\/"},"author":{"name":"f1000024","@id":"https:\/\/cvinoticias.com\/v3\/#\/schema\/person\/2db77e3c6bc03c538495d7b2b8be9b66"},"headline":"Presentan el Mapa Federal del Cuidado, un proyecto sin antecedentes","datePublished":"2021-07-22T12:41:04+00:00","mainEntityOfPage":{"@id":"https:\/\/cvinoticias.com\/v3\/presentan-el-mapa-federal-del-cuidado-un-proyecto-sin-antecedentes\/"},"wordCount":222,"commentCount":0,"publisher":{"@id":"https:\/\/cvinoticias.com\/v3\/#organization"},"image":{"@id":"https:\/\/cvinoticias.com\/v3\/presentan-el-mapa-federal-del-cuidado-un-proyecto-sin-antecedentes\/#primaryimage"},"thumbnailUrl":"https:\/\/cvinoticias.com\/wp-content\/uploads\/2021\/07\/Screenshot_20210722-094024_Facebook.jpg","articleSection":["Nacionales"],"inLanguage":"es","potentialAction":[{"@type":"CommentAction","name":"Comment","target":["https:\/\/cvinoticias.com\/v3\/presentan-el-mapa-federal-del-cuidado-un-proyecto-sin-antecedentes\/#respond"]}]},{"@type":"WebPage","@id":"https:\/\/cvinoticias.com\/v3\/presentan-el-mapa-federal-del-cuidado-un-proyecto-sin-antecedentes\/","url":"https:\/\/cvinoticias.com\/v3\/presentan-el-mapa-federal-del-cuidado-un-proyecto-sin-antecedentes\/","name":"Presentan el Mapa Federal del Cuidado, un proyecto sin antecedentes | CVI NOTICIAS","isPartOf":{"@id":"https:\/\/cvinoticias.com\/v3\/#website"},"primaryImageOfPage":{"@id":"https:\/\/cvinoticias.com\/v3\/presentan-el-mapa-federal-del-cuidado-un-proyecto-sin-antecedentes\/#primaryimage"},"image":{"@id":"https:\/\/cvinoticias.com\/v3\/presentan-el-mapa-federal-del-cuidado-un-proyecto-sin-antecedentes\/#primaryimage"},"thumbnailUrl":"https:\/\/cvinoticias.com\/wp-content\/uploads\/2021\/07\/Screenshot_20210722-094024_Facebook.jpg","datePublished":"2021-07-22T12:41:04+00:00","breadcrumb":{"@id":"https:\/\/cvinoticias.com\/v3\/presentan-el-mapa-federal-del-cuidado-un-proyecto-sin-antecedentes\/#breadcrumb"},"inLanguage":"es","potentialAction":[{"@type":"ReadAction","target":["https:\/\/cvinoticias.com\/v3\/presentan-el-mapa-federal-del-cuidado-un-proyecto-sin-antecedentes\/"]}]},{"@type":"ImageObject","inLanguage":"es","@id":"https:\/\/cvinoticias.com\/v3\/presentan-el-mapa-federal-del-cuidado-un-proyecto-sin-antecedentes\/#primaryimage","url":"https:\/\/cvinoticias.com\/wp-content\/uploads\/2021\/07\/Screenshot_20210722-094024_Facebook.jpg","contentUrl":"https:\/\/cvinoticias.com\/wp-content\/uploads\/2021\/07\/Screenshot_20210722-094024_Facebook.jpg","width":902,"height":443},{"@type":"BreadcrumbList","@id":"https:\/\/cvinoticias.com\/v3\/presentan-el-mapa-federal-del-cuidado-un-proyecto-sin-antecedentes\/#breadcrumb","itemListElement":[{"@type":"ListItem","position":1,"name":"Portada","item":"https:\/\/cvinoticias.com\/v3\/"},{"@type":"ListItem","position":2,"name":"Presentan el Mapa Federal del Cuidado, un proyecto sin antecedentes"}]},{"@type":"WebSite","@id":"https:\/\/cvinoticias.com\/v3\/#website","url":"https:\/\/cvinoticias.com\/v3\/","name":"CVI NOTICIAS","description":"","publisher":{"@id":"https:\/\/cvinoticias.com\/v3\/#organization"},"alternateName":"CVI","potentialAction":[{"@type":"SearchAction","target":{"@type":"EntryPoint","urlTemplate":"https:\/\/cvinoticias.com\/v3\/?s={search_term_string}"},"query-input":{"@type":"PropertyValueSpecification","valueRequired":true,"valueName":"search_term_string"}}],"inLanguage":"es"},{"@type":"Organization","@id":"https:\/\/cvinoticias.com\/v3\/#organization","name":"CVI NOTICIAS","url":"https:\/\/cvinoticias.com\/v3\/","logo":{"@type":"ImageObject","inLanguage":"es","@id":"https:\/\/cvinoticias.com\/v3\/#\/schema\/logo\/image\/","url":"https:\/\/cvinoticias.com\/wp-content\/uploads\/2023\/04\/cropped-cropped-cropped-cropped-cropped-3-1.png","contentUrl":"https:\/\/cvinoticias.com\/wp-content\/uploads\/2023\/04\/cropped-cropped-cropped-cropped-cropped-3-1.png","width":95,"height":122,"caption":"CVI NOTICIAS"},"image":{"@id":"https:\/\/cvinoticias.com\/v3\/#\/schema\/logo\/image\/"},"sameAs":["https:\/\/www.facebook.com\/cvinoticias","https:\/\/www.instagram.com\/cvinoticias\/","https:\/\/www.youtube.com\/@CVINOTICIAS"]},{"@type":"Person","@id":"https:\/\/cvinoticias.com\/v3\/#\/schema\/person\/2db77e3c6bc03c538495d7b2b8be9b66","name":"f1000024","image":{"@type":"ImageObject","inLanguage":"es","@id":"https:\/\/secure.gravatar.com\/avatar\/d4fe7459cfc51ff5129ce1a732bbef5928568b8092d412ef95611616376bbeed?s=96&d=mm&r=g","url":"https:\/\/secure.gravatar.com\/avatar\/d4fe7459cfc51ff5129ce1a732bbef5928568b8092d412ef95611616376bbeed?s=96&d=mm&r=g","contentUrl":"https:\/\/secure.gravatar.com\/avatar\/d4fe7459cfc51ff5129ce1a732bbef5928568b8092d412ef95611616376bbeed?s=96&d=mm&r=g","caption":"f1000024"},"url":"https:\/\/cvinoticias.com\/v3\/author\/f1000024\/"}]}},"_links":{"self":[{"href":"https:\/\/cvinoticias.com\/v3\/wp-json\/wp\/v2\/posts\/7019","targetHints":{"allow":["GET"]}}],"collection":[{"href":"https:\/\/cvinoticias.com\/v3\/wp-json\/wp\/v2\/posts"}],"about":[{"href":"https:\/\/cvinoticias.com\/v3\/wp-json\/wp\/v2\/types\/post"}],"author":[{"embeddable":true,"href":"https:\/\/cvinoticias.com\/v3\/wp-json\/wp\/v2\/users\/2"}],"replies":[{"embeddable":true,"href":"https:\/\/cvinoticias.com\/v3\/wp-json\/wp\/v2\/comments?post=7019"}],"version-history":[{"count":1,"href":"https:\/\/cvinoticias.com\/v3\/wp-json\/wp\/v2\/posts\/7019\/revisions"}],"predecessor-version":[{"id":7021,"href":"https:\/\/cvinoticias.com\/v3\/wp-json\/wp\/v2\/posts\/7019\/revisions\/7021"}],"wp:featuredmedia":[{"embeddable":true,"href":"https:\/\/cvinoticias.com\/v3\/wp-json\/wp\/v2\/media\/7020"}],"wp:attachment":[{"href":"https:\/\/cvinoticias.com\/v3\/wp-json\/wp\/v2\/media?parent=7019"}],"wp:term":[{"taxonomy":"category","embeddable":true,"href":"https:\/\/cvinoticias.com\/v3\/wp-json\/wp\/v2\/categories?post=7019"},{"taxonomy":"post_tag","embeddable":true,"href":"https:\/\/cvinoticias.com\/v3\/wp-json\/wp\/v2\/tags?post=7019"}],"curies":[{"name":"wp","href":"https:\/\/api.w.org\/{rel}","templated":true}]}}