{"id":7013,"date":"2021-07-21T23:41:27","date_gmt":"2021-07-21T23:41:27","guid":{"rendered":"https:\/\/cvinoticias.com\/v3\/?p=7013"},"modified":"2021-07-21T23:41:27","modified_gmt":"2021-07-21T23:41:27","slug":"alarmante-incendio-forestal-a-metros-de-la-autopista-cordoba-carlos-paz","status":"publish","type":"post","link":"https:\/\/cvinoticias.com\/v3\/alarmante-incendio-forestal-a-metros-de-la-autopista-cordoba-carlos-paz\/","title":{"rendered":"Alarmante incendio forestal a metros de la autopista C\u00f3rdoba-Carlos Paz"},"content":{"rendered":"\n<p><strong><em>Comenz\u00f3 en las cercan\u00edas del museo Espacio para la Memoria \u201cLa Perla\u201d, en la localidad cordobesa de Malague\u00f1o. En el lugar trabajan dos aviones hidrantes y siete dotaciones de bomberos<\/em><\/strong><\/p>\n\n\n\n<p>Un&nbsp;incendio forestal&nbsp;se desat\u00f3 este mi\u00e9rcoles en la localidad cordobesa de&nbsp;Malague\u00f1o, ubicada en el departamento de Santa Mar\u00eda, y&nbsp;a metros de la autopista que une las ciudades de C\u00f3rdoba y Villa Carlos Paz. En el lugar&nbsp;trabajan dos aviones hidrantes y siete dotaciones de bomberos.<br>El fuego se origin\u00f3 alrededor de las 16 de esta tarde por motivos que todav\u00eda se desconocen. Las llamas se expandieron con celeridad&nbsp;en las cercan\u00edas del museo Espacio para la Memoria \u201cLa Perla\u201d&nbsp;y hacia el Paraje La Ochoa, a la vera de la autopista Justiniano Allende Posse.<\/p>\n\n\n\n<p>Minutos despu\u00e9s, varias dotaciones de bomberos voluntarios se acercaron para combatir las llamas. Participan del operativo efectivos de los cuarteles de Malague\u00f1o, Carlos Paz, Santa Mar\u00eda de Punilla, Bialet Mass\u00e9 y La Calera. Tambi\u00e9n se encuentran en el lugar miembros de&nbsp;Equipos T\u00e9cnicos de Acci\u00f3n ante Cat\u00e1strofes (ETAC), una brigada de agentes del gobierno provincial especialmente preparados para este tipo de siniestros.<\/p>\n\n\n\n<p>A la labor por tierra para apagar el fuego se sumaron dos aviones hidrantes del Plan Provincial de Manejo del Fuego, mientras que hay \u201cun tercer avi\u00f3n en alerta amarilla\u201d, indic\u00f3&nbsp;Diego Concha, director de Defensa Civil de la provincia. Tambi\u00e9n \u201cest\u00e1n al apresto m\u00e1s dotaciones de bomberos en caso que sea necesario\u201d, inform\u00f3.<\/p>\n\n\n\n<p>El funcionario precis\u00f3 que&nbsp;lo que se quemaba, por el momento, era pastizal fino, un material ligero: \u201cHay un frente de dos mil metros aproximadamente y una cabeza de unos 300 metros\u201d.&nbsp;El terreno, de monte nativo, representa una superficie que complica las posibilidades de controlar el fuego con rapidez.<\/p>\n\n\n\n<p>La enorme columna de humo se pudo ver desde distintos sectores de Villa Carlos Paz. Transe\u00fantes que pasaron por el lugar filmaron las llamas aproxim\u00e1ndose a la ruta, que podr\u00eda ser cortada al tr\u00e1nsito en caso de ser necesario. Hacia las 19.15 la autopista se encontraba habilitada en ambos sentidos de circulaci\u00f3n.<br>\u201cPese al incendio hay visibilidad para el tr\u00e1nsito vehicular sobre la autopista C\u00f3rdoba &#8211; Carlos Paz. Se recomienda hacerlo con m\u00e1xima precauci\u00f3n respetando las indicaciones de las autoridades\u201d, aconsejaron desde el Ministerio de Seguridad de C\u00f3rdoba. El titular de esa cartera, Alfonso Fernando Mosquera, se dirigi\u00f3 a la zona para interiorizarse de la situaci\u00f3n.<\/p>\n\n\n\n<p>En tanto, seg\u00fan el Servicio Meteorol\u00f3gico Nacional,&nbsp;no se esperan lluvias en la zona al menos hasta el lunes.<\/p>\n","protected":false},"excerpt":{"rendered":"<p>Comenz\u00f3 en las cercan\u00edas del museo Espacio para la Memoria \u201cLa Perla\u201d, en la localidad cordobesa de Malague\u00f1o. En el lugar trabajan dos aviones hidrantes y siete dotaciones de bomberos Un&nbsp;incendio forestal&nbsp;se desat\u00f3 este mi\u00e9rcoles en la localidad cordobesa de&nbsp;Malague\u00f1o, ubicada en el departamento de Santa Mar\u00eda, y&nbsp;a metros de la autopista que une las [&hellip;]<\/p>\n","protected":false},"author":2,"featured_media":7014,"comment_status":"open","ping_status":"open","sticky":false,"template":"","format":"standard","meta":{"footnotes":""},"categories":[35],"tags":[],"class_list":["post-7013","post","type-post","status-publish","format-standard","has-post-thumbnail","hentry","category-informacion-general"],"yoast_head":"<!-- This site is optimized with the Yoast SEO plugin v27.5 - https:\/\/yoast.com\/product\/yoast-seo-wordpress\/ -->\n<title>Alarmante incendio forestal a metros de la autopista C\u00f3rdoba-Carlos Paz | CVI NOTICIAS<\/title>\n<meta name=\"robots\" content=\"index, follow, max-snippet:-1, max-image-preview:large, max-video-preview:-1\" \/>\n<link rel=\"canonical\" href=\"https:\/\/cvinoticias.com\/v3\/alarmante-incendio-forestal-a-metros-de-la-autopista-cordoba-carlos-paz\/\" \/>\n<meta property=\"og:locale\" content=\"es_ES\" \/>\n<meta property=\"og:type\" content=\"article\" \/>\n<meta property=\"og:title\" content=\"Alarmante incendio forestal a metros de la autopista C\u00f3rdoba-Carlos Paz | CVI NOTICIAS\" \/>\n<meta property=\"og:description\" content=\"Comenz\u00f3 en las cercan\u00edas del museo Espacio para la Memoria \u201cLa Perla\u201d, en la localidad cordobesa de Malague\u00f1o. En el lugar trabajan dos aviones hidrantes y siete dotaciones de bomberos Un&nbsp;incendio forestal&nbsp;se desat\u00f3 este mi\u00e9rcoles en la localidad cordobesa de&nbsp;Malague\u00f1o, ubicada en el departamento de Santa Mar\u00eda, y&nbsp;a metros de la autopista que une las [&hellip;]\" \/>\n<meta property=\"og:url\" content=\"https:\/\/cvinoticias.com\/v3\/alarmante-incendio-forestal-a-metros-de-la-autopista-cordoba-carlos-paz\/\" \/>\n<meta property=\"og:site_name\" content=\"CVI NOTICIAS\" \/>\n<meta property=\"article:publisher\" content=\"https:\/\/www.facebook.com\/cvinoticias\" \/>\n<meta property=\"article:published_time\" content=\"2021-07-21T23:41:27+00:00\" \/>\n<meta property=\"og:image\" content=\"https:\/\/cvinoticias.com\/wp-content\/uploads\/2021\/07\/Screenshot_20210721-203713_Facebook.jpg\" \/>\n\t<meta property=\"og:image:width\" content=\"1079\" \/>\n\t<meta property=\"og:image:height\" content=\"893\" \/>\n\t<meta property=\"og:image:type\" content=\"image\/jpeg\" \/>\n<meta name=\"author\" content=\"f1000024\" \/>\n<meta name=\"twitter:card\" content=\"summary_large_image\" \/>\n<meta name=\"twitter:label1\" content=\"Escrito por\" \/>\n\t<meta name=\"twitter:data1\" content=\"f1000024\" \/>\n\t<meta name=\"twitter:label2\" content=\"Tiempo de lectura\" \/>\n\t<meta name=\"twitter:data2\" content=\"2 minutos\" \/>\n<script type=\"application\/ld+json\" class=\"yoast-schema-graph\">{\"@context\":\"https:\\\/\\\/schema.org\",\"@graph\":[{\"@type\":\"Article\",\"@id\":\"https:\\\/\\\/cvinoticias.com\\\/v3\\\/alarmante-incendio-forestal-a-metros-de-la-autopista-cordoba-carlos-paz\\\/#article\",\"isPartOf\":{\"@id\":\"https:\\\/\\\/cvinoticias.com\\\/v3\\\/alarmante-incendio-forestal-a-metros-de-la-autopista-cordoba-carlos-paz\\\/\"},\"author\":{\"name\":\"f1000024\",\"@id\":\"https:\\\/\\\/cvinoticias.com\\\/v3\\\/#\\\/schema\\\/person\\\/2db77e3c6bc03c538495d7b2b8be9b66\"},\"headline\":\"Alarmante incendio forestal a metros de la autopista C\u00f3rdoba-Carlos Paz\",\"datePublished\":\"2021-07-21T23:41:27+00:00\",\"mainEntityOfPage\":{\"@id\":\"https:\\\/\\\/cvinoticias.com\\\/v3\\\/alarmante-incendio-forestal-a-metros-de-la-autopista-cordoba-carlos-paz\\\/\"},\"wordCount\":470,\"commentCount\":0,\"publisher\":{\"@id\":\"https:\\\/\\\/cvinoticias.com\\\/v3\\\/#organization\"},\"image\":{\"@id\":\"https:\\\/\\\/cvinoticias.com\\\/v3\\\/alarmante-incendio-forestal-a-metros-de-la-autopista-cordoba-carlos-paz\\\/#primaryimage\"},\"thumbnailUrl\":\"https:\\\/\\\/cvinoticias.com\\\/wp-content\\\/uploads\\\/2021\\\/07\\\/Screenshot_20210721-203713_Facebook.jpg\",\"articleSection\":[\"Informaci\u00f3n General\"],\"inLanguage\":\"es\",\"potentialAction\":[{\"@type\":\"CommentAction\",\"name\":\"Comment\",\"target\":[\"https:\\\/\\\/cvinoticias.com\\\/v3\\\/alarmante-incendio-forestal-a-metros-de-la-autopista-cordoba-carlos-paz\\\/#respond\"]}]},{\"@type\":\"WebPage\",\"@id\":\"https:\\\/\\\/cvinoticias.com\\\/v3\\\/alarmante-incendio-forestal-a-metros-de-la-autopista-cordoba-carlos-paz\\\/\",\"url\":\"https:\\\/\\\/cvinoticias.com\\\/v3\\\/alarmante-incendio-forestal-a-metros-de-la-autopista-cordoba-carlos-paz\\\/\",\"name\":\"Alarmante incendio forestal a metros de la autopista C\u00f3rdoba-Carlos Paz | CVI NOTICIAS\",\"isPartOf\":{\"@id\":\"https:\\\/\\\/cvinoticias.com\\\/v3\\\/#website\"},\"primaryImageOfPage\":{\"@id\":\"https:\\\/\\\/cvinoticias.com\\\/v3\\\/alarmante-incendio-forestal-a-metros-de-la-autopista-cordoba-carlos-paz\\\/#primaryimage\"},\"image\":{\"@id\":\"https:\\\/\\\/cvinoticias.com\\\/v3\\\/alarmante-incendio-forestal-a-metros-de-la-autopista-cordoba-carlos-paz\\\/#primaryimage\"},\"thumbnailUrl\":\"https:\\\/\\\/cvinoticias.com\\\/wp-content\\\/uploads\\\/2021\\\/07\\\/Screenshot_20210721-203713_Facebook.jpg\",\"datePublished\":\"2021-07-21T23:41:27+00:00\",\"breadcrumb\":{\"@id\":\"https:\\\/\\\/cvinoticias.com\\\/v3\\\/alarmante-incendio-forestal-a-metros-de-la-autopista-cordoba-carlos-paz\\\/#breadcrumb\"},\"inLanguage\":\"es\",\"potentialAction\":[{\"@type\":\"ReadAction\",\"target\":[\"https:\\\/\\\/cvinoticias.com\\\/v3\\\/alarmante-incendio-forestal-a-metros-de-la-autopista-cordoba-carlos-paz\\\/\"]}]},{\"@type\":\"ImageObject\",\"inLanguage\":\"es\",\"@id\":\"https:\\\/\\\/cvinoticias.com\\\/v3\\\/alarmante-incendio-forestal-a-metros-de-la-autopista-cordoba-carlos-paz\\\/#primaryimage\",\"url\":\"https:\\\/\\\/cvinoticias.com\\\/wp-content\\\/uploads\\\/2021\\\/07\\\/Screenshot_20210721-203713_Facebook.jpg\",\"contentUrl\":\"https:\\\/\\\/cvinoticias.com\\\/wp-content\\\/uploads\\\/2021\\\/07\\\/Screenshot_20210721-203713_Facebook.jpg\",\"width\":1079,\"height\":893},{\"@type\":\"BreadcrumbList\",\"@id\":\"https:\\\/\\\/cvinoticias.com\\\/v3\\\/alarmante-incendio-forestal-a-metros-de-la-autopista-cordoba-carlos-paz\\\/#breadcrumb\",\"itemListElement\":[{\"@type\":\"ListItem\",\"position\":1,\"name\":\"Portada\",\"item\":\"https:\\\/\\\/cvinoticias.com\\\/v3\\\/\"},{\"@type\":\"ListItem\",\"position\":2,\"name\":\"Alarmante incendio forestal a metros de la autopista C\u00f3rdoba-Carlos Paz\"}]},{\"@type\":\"WebSite\",\"@id\":\"https:\\\/\\\/cvinoticias.com\\\/v3\\\/#website\",\"url\":\"https:\\\/\\\/cvinoticias.com\\\/v3\\\/\",\"name\":\"CVI NOTICIAS\",\"description\":\"\",\"publisher\":{\"@id\":\"https:\\\/\\\/cvinoticias.com\\\/v3\\\/#organization\"},\"alternateName\":\"CVI\",\"potentialAction\":[{\"@type\":\"SearchAction\",\"target\":{\"@type\":\"EntryPoint\",\"urlTemplate\":\"https:\\\/\\\/cvinoticias.com\\\/v3\\\/?s={search_term_string}\"},\"query-input\":{\"@type\":\"PropertyValueSpecification\",\"valueRequired\":true,\"valueName\":\"search_term_string\"}}],\"inLanguage\":\"es\"},{\"@type\":\"Organization\",\"@id\":\"https:\\\/\\\/cvinoticias.com\\\/v3\\\/#organization\",\"name\":\"CVI NOTICIAS\",\"url\":\"https:\\\/\\\/cvinoticias.com\\\/v3\\\/\",\"logo\":{\"@type\":\"ImageObject\",\"inLanguage\":\"es\",\"@id\":\"https:\\\/\\\/cvinoticias.com\\\/v3\\\/#\\\/schema\\\/logo\\\/image\\\/\",\"url\":\"https:\\\/\\\/cvinoticias.com\\\/wp-content\\\/uploads\\\/2023\\\/04\\\/cropped-cropped-cropped-cropped-cropped-3-1.png\",\"contentUrl\":\"https:\\\/\\\/cvinoticias.com\\\/wp-content\\\/uploads\\\/2023\\\/04\\\/cropped-cropped-cropped-cropped-cropped-3-1.png\",\"width\":95,\"height\":122,\"caption\":\"CVI NOTICIAS\"},\"image\":{\"@id\":\"https:\\\/\\\/cvinoticias.com\\\/v3\\\/#\\\/schema\\\/logo\\\/image\\\/\"},\"sameAs\":[\"https:\\\/\\\/www.facebook.com\\\/cvinoticias\",\"https:\\\/\\\/www.instagram.com\\\/cvinoticias\\\/\",\"https:\\\/\\\/www.youtube.com\\\/@CVINOTICIAS\"]},{\"@type\":\"Person\",\"@id\":\"https:\\\/\\\/cvinoticias.com\\\/v3\\\/#\\\/schema\\\/person\\\/2db77e3c6bc03c538495d7b2b8be9b66\",\"name\":\"f1000024\",\"image\":{\"@type\":\"ImageObject\",\"inLanguage\":\"es\",\"@id\":\"https:\\\/\\\/secure.gravatar.com\\\/avatar\\\/d4fe7459cfc51ff5129ce1a732bbef5928568b8092d412ef95611616376bbeed?s=96&d=mm&r=g\",\"url\":\"https:\\\/\\\/secure.gravatar.com\\\/avatar\\\/d4fe7459cfc51ff5129ce1a732bbef5928568b8092d412ef95611616376bbeed?s=96&d=mm&r=g\",\"contentUrl\":\"https:\\\/\\\/secure.gravatar.com\\\/avatar\\\/d4fe7459cfc51ff5129ce1a732bbef5928568b8092d412ef95611616376bbeed?s=96&d=mm&r=g\",\"caption\":\"f1000024\"},\"url\":\"https:\\\/\\\/cvinoticias.com\\\/v3\\\/author\\\/f1000024\\\/\"}]}<\/script>\n<!-- \/ Yoast SEO plugin. -->","yoast_head_json":{"title":"Alarmante incendio forestal a metros de la autopista C\u00f3rdoba-Carlos Paz | CVI NOTICIAS","robots":{"index":"index","follow":"follow","max-snippet":"max-snippet:-1","max-image-preview":"max-image-preview:large","max-video-preview":"max-video-preview:-1"},"canonical":"https:\/\/cvinoticias.com\/v3\/alarmante-incendio-forestal-a-metros-de-la-autopista-cordoba-carlos-paz\/","og_locale":"es_ES","og_type":"article","og_title":"Alarmante incendio forestal a metros de la autopista C\u00f3rdoba-Carlos Paz | CVI NOTICIAS","og_description":"Comenz\u00f3 en las cercan\u00edas del museo Espacio para la Memoria \u201cLa Perla\u201d, en la localidad cordobesa de Malague\u00f1o. En el lugar trabajan dos aviones hidrantes y siete dotaciones de bomberos Un&nbsp;incendio forestal&nbsp;se desat\u00f3 este mi\u00e9rcoles en la localidad cordobesa de&nbsp;Malague\u00f1o, ubicada en el departamento de Santa Mar\u00eda, y&nbsp;a metros de la autopista que une las [&hellip;]","og_url":"https:\/\/cvinoticias.com\/v3\/alarmante-incendio-forestal-a-metros-de-la-autopista-cordoba-carlos-paz\/","og_site_name":"CVI NOTICIAS","article_publisher":"https:\/\/www.facebook.com\/cvinoticias","article_published_time":"2021-07-21T23:41:27+00:00","og_image":[{"width":1079,"height":893,"url":"https:\/\/cvinoticias.com\/wp-content\/uploads\/2021\/07\/Screenshot_20210721-203713_Facebook.jpg","type":"image\/jpeg"}],"author":"f1000024","twitter_card":"summary_large_image","twitter_misc":{"Escrito por":"f1000024","Tiempo de lectura":"2 minutos"},"schema":{"@context":"https:\/\/schema.org","@graph":[{"@type":"Article","@id":"https:\/\/cvinoticias.com\/v3\/alarmante-incendio-forestal-a-metros-de-la-autopista-cordoba-carlos-paz\/#article","isPartOf":{"@id":"https:\/\/cvinoticias.com\/v3\/alarmante-incendio-forestal-a-metros-de-la-autopista-cordoba-carlos-paz\/"},"author":{"name":"f1000024","@id":"https:\/\/cvinoticias.com\/v3\/#\/schema\/person\/2db77e3c6bc03c538495d7b2b8be9b66"},"headline":"Alarmante incendio forestal a metros de la autopista C\u00f3rdoba-Carlos Paz","datePublished":"2021-07-21T23:41:27+00:00","mainEntityOfPage":{"@id":"https:\/\/cvinoticias.com\/v3\/alarmante-incendio-forestal-a-metros-de-la-autopista-cordoba-carlos-paz\/"},"wordCount":470,"commentCount":0,"publisher":{"@id":"https:\/\/cvinoticias.com\/v3\/#organization"},"image":{"@id":"https:\/\/cvinoticias.com\/v3\/alarmante-incendio-forestal-a-metros-de-la-autopista-cordoba-carlos-paz\/#primaryimage"},"thumbnailUrl":"https:\/\/cvinoticias.com\/wp-content\/uploads\/2021\/07\/Screenshot_20210721-203713_Facebook.jpg","articleSection":["Informaci\u00f3n General"],"inLanguage":"es","potentialAction":[{"@type":"CommentAction","name":"Comment","target":["https:\/\/cvinoticias.com\/v3\/alarmante-incendio-forestal-a-metros-de-la-autopista-cordoba-carlos-paz\/#respond"]}]},{"@type":"WebPage","@id":"https:\/\/cvinoticias.com\/v3\/alarmante-incendio-forestal-a-metros-de-la-autopista-cordoba-carlos-paz\/","url":"https:\/\/cvinoticias.com\/v3\/alarmante-incendio-forestal-a-metros-de-la-autopista-cordoba-carlos-paz\/","name":"Alarmante incendio forestal a metros de la autopista C\u00f3rdoba-Carlos Paz | CVI NOTICIAS","isPartOf":{"@id":"https:\/\/cvinoticias.com\/v3\/#website"},"primaryImageOfPage":{"@id":"https:\/\/cvinoticias.com\/v3\/alarmante-incendio-forestal-a-metros-de-la-autopista-cordoba-carlos-paz\/#primaryimage"},"image":{"@id":"https:\/\/cvinoticias.com\/v3\/alarmante-incendio-forestal-a-metros-de-la-autopista-cordoba-carlos-paz\/#primaryimage"},"thumbnailUrl":"https:\/\/cvinoticias.com\/wp-content\/uploads\/2021\/07\/Screenshot_20210721-203713_Facebook.jpg","datePublished":"2021-07-21T23:41:27+00:00","breadcrumb":{"@id":"https:\/\/cvinoticias.com\/v3\/alarmante-incendio-forestal-a-metros-de-la-autopista-cordoba-carlos-paz\/#breadcrumb"},"inLanguage":"es","potentialAction":[{"@type":"ReadAction","target":["https:\/\/cvinoticias.com\/v3\/alarmante-incendio-forestal-a-metros-de-la-autopista-cordoba-carlos-paz\/"]}]},{"@type":"ImageObject","inLanguage":"es","@id":"https:\/\/cvinoticias.com\/v3\/alarmante-incendio-forestal-a-metros-de-la-autopista-cordoba-carlos-paz\/#primaryimage","url":"https:\/\/cvinoticias.com\/wp-content\/uploads\/2021\/07\/Screenshot_20210721-203713_Facebook.jpg","contentUrl":"https:\/\/cvinoticias.com\/wp-content\/uploads\/2021\/07\/Screenshot_20210721-203713_Facebook.jpg","width":1079,"height":893},{"@type":"BreadcrumbList","@id":"https:\/\/cvinoticias.com\/v3\/alarmante-incendio-forestal-a-metros-de-la-autopista-cordoba-carlos-paz\/#breadcrumb","itemListElement":[{"@type":"ListItem","position":1,"name":"Portada","item":"https:\/\/cvinoticias.com\/v3\/"},{"@type":"ListItem","position":2,"name":"Alarmante incendio forestal a metros de la autopista C\u00f3rdoba-Carlos Paz"}]},{"@type":"WebSite","@id":"https:\/\/cvinoticias.com\/v3\/#website","url":"https:\/\/cvinoticias.com\/v3\/","name":"CVI NOTICIAS","description":"","publisher":{"@id":"https:\/\/cvinoticias.com\/v3\/#organization"},"alternateName":"CVI","potentialAction":[{"@type":"SearchAction","target":{"@type":"EntryPoint","urlTemplate":"https:\/\/cvinoticias.com\/v3\/?s={search_term_string}"},"query-input":{"@type":"PropertyValueSpecification","valueRequired":true,"valueName":"search_term_string"}}],"inLanguage":"es"},{"@type":"Organization","@id":"https:\/\/cvinoticias.com\/v3\/#organization","name":"CVI NOTICIAS","url":"https:\/\/cvinoticias.com\/v3\/","logo":{"@type":"ImageObject","inLanguage":"es","@id":"https:\/\/cvinoticias.com\/v3\/#\/schema\/logo\/image\/","url":"https:\/\/cvinoticias.com\/wp-content\/uploads\/2023\/04\/cropped-cropped-cropped-cropped-cropped-3-1.png","contentUrl":"https:\/\/cvinoticias.com\/wp-content\/uploads\/2023\/04\/cropped-cropped-cropped-cropped-cropped-3-1.png","width":95,"height":122,"caption":"CVI NOTICIAS"},"image":{"@id":"https:\/\/cvinoticias.com\/v3\/#\/schema\/logo\/image\/"},"sameAs":["https:\/\/www.facebook.com\/cvinoticias","https:\/\/www.instagram.com\/cvinoticias\/","https:\/\/www.youtube.com\/@CVINOTICIAS"]},{"@type":"Person","@id":"https:\/\/cvinoticias.com\/v3\/#\/schema\/person\/2db77e3c6bc03c538495d7b2b8be9b66","name":"f1000024","image":{"@type":"ImageObject","inLanguage":"es","@id":"https:\/\/secure.gravatar.com\/avatar\/d4fe7459cfc51ff5129ce1a732bbef5928568b8092d412ef95611616376bbeed?s=96&d=mm&r=g","url":"https:\/\/secure.gravatar.com\/avatar\/d4fe7459cfc51ff5129ce1a732bbef5928568b8092d412ef95611616376bbeed?s=96&d=mm&r=g","contentUrl":"https:\/\/secure.gravatar.com\/avatar\/d4fe7459cfc51ff5129ce1a732bbef5928568b8092d412ef95611616376bbeed?s=96&d=mm&r=g","caption":"f1000024"},"url":"https:\/\/cvinoticias.com\/v3\/author\/f1000024\/"}]}},"_links":{"self":[{"href":"https:\/\/cvinoticias.com\/v3\/wp-json\/wp\/v2\/posts\/7013","targetHints":{"allow":["GET"]}}],"collection":[{"href":"https:\/\/cvinoticias.com\/v3\/wp-json\/wp\/v2\/posts"}],"about":[{"href":"https:\/\/cvinoticias.com\/v3\/wp-json\/wp\/v2\/types\/post"}],"author":[{"embeddable":true,"href":"https:\/\/cvinoticias.com\/v3\/wp-json\/wp\/v2\/users\/2"}],"replies":[{"embeddable":true,"href":"https:\/\/cvinoticias.com\/v3\/wp-json\/wp\/v2\/comments?post=7013"}],"version-history":[{"count":1,"href":"https:\/\/cvinoticias.com\/v3\/wp-json\/wp\/v2\/posts\/7013\/revisions"}],"predecessor-version":[{"id":7015,"href":"https:\/\/cvinoticias.com\/v3\/wp-json\/wp\/v2\/posts\/7013\/revisions\/7015"}],"wp:featuredmedia":[{"embeddable":true,"href":"https:\/\/cvinoticias.com\/v3\/wp-json\/wp\/v2\/media\/7014"}],"wp:attachment":[{"href":"https:\/\/cvinoticias.com\/v3\/wp-json\/wp\/v2\/media?parent=7013"}],"wp:term":[{"taxonomy":"category","embeddable":true,"href":"https:\/\/cvinoticias.com\/v3\/wp-json\/wp\/v2\/categories?post=7013"},{"taxonomy":"post_tag","embeddable":true,"href":"https:\/\/cvinoticias.com\/v3\/wp-json\/wp\/v2\/tags?post=7013"}],"curies":[{"name":"wp","href":"https:\/\/api.w.org\/{rel}","templated":true}]}}