{"id":6989,"date":"2021-07-21T14:45:02","date_gmt":"2021-07-21T14:45:02","guid":{"rendered":"https:\/\/cvinoticias.com\/v3\/?p=6989"},"modified":"2021-07-21T14:45:02","modified_gmt":"2021-07-21T14:45:02","slug":"lanzan-convocatoria-para-el-primer-fomento-para-industrias-culturales-en-misiones","status":"publish","type":"post","link":"https:\/\/cvinoticias.com\/v3\/lanzan-convocatoria-para-el-primer-fomento-para-industrias-culturales-en-misiones\/","title":{"rendered":"Lanzan convocatoria para el primer Fomento para Industrias Culturales en Misiones"},"content":{"rendered":"\n<p><strong><em>El Gobernador y el Ministro de Cultura lanzaron la convocatoria para participar en el 1\u00b0 Fomento Cultural Misionero, una acci\u00f3n para promover las industrias culturales de la provincia.<\/em><\/strong><\/p>\n\n\n\n<p>La convocatoria abarca a mayores de 18 a\u00f1os inscriptos en el Registro de Trabajadores de la Cultura y consiste en 100 subsidios de $100 mil a distribuirse entre las cinco Regiones Culturales, permitiendo que los trabajadores de cualquier punto de la provincia puedan acceder a los fondos.<\/p>\n\n\n\n<p>Esta ma\u00f1ana, se lanz\u00f3 la convocatoria para participar en el 1er Fomento Cultural Misionero, se trata de 100 subsidios de car\u00e1cter no reembolsable destinados a proyectos culturales, tanto colectivos como individuales, como as\u00ed tambi\u00e9n espacios de la cultura independiente. Desde la Sala de Situaci\u00f3n, el gobernador Oscar Herrera Ahuad acompa\u00f1ado por el ministro de Cultura, Joselo Schuap, present\u00f3 esta herramienta de gesti\u00f3n que tiene por finalidad promover las industrias culturales de la provincia.<\/p>\n\n\n\n<p>La convocatoria, en la que podr\u00e1n participar mayores de 18 a\u00f1os inscriptos en el Registro de Trabajadores de la Cultura, apunta a fortalecer y estimular la concreci\u00f3n de proyectos art\u00edsticos-culturales. Durante el lanzamiento, el Gobernador se\u00f1al\u00f3 que \u201ccon este proyecto de fomento estamos abriendo la posibilidad de que en un tiempo cercano puedan haber eventos culturales con presencia del p\u00fablico\u201d, siempre siguiendo los protocolos necesarios. \u201cVamos prepar\u00e1ndonos y generando las herramientas necesarias para potenciar la cultura\u201d, agreg\u00f3.<\/p>\n\n\n\n<p>De la misma manera, Herrera Ahuad se\u00f1al\u00f3 que la medida es \u201cun complemento del resto de los programas que ya est\u00e1n instalados en la provincia\u201d y reconoci\u00f3 que el \u00e1rea cultural es uno \u201cde los sectores m\u00e1s afectados por la pandemia, por lo que hemos tratado de dar respuestas en la mayor\u00eda de los casos que se tuvieron que resolver\u201d. Adem\u00e1s indic\u00f3 que este programa viene a \u201ccomplementar todas esas actividades que la provincia ya tiene diagramadas y pensadas de acuerdo a c\u00f3mo se va dando la epidemiolog\u00eda en este tiempo\u201d.<\/p>\n\n\n\n<p>Respecto de la injerencia del programa, sostuvo que \u201cse har\u00e1 una distribuci\u00f3n equitativa de los proyectos y todos los municipios est\u00e1n involucrados\u201d. Tanto los coordinadores regionales del ministerio de Cultura como los responsables del \u00e1rea de cada municipio \u201cvan a evaluar en forma regional los proyectos presentados, proyectos que est\u00e1n destinados a todo el mundo cultural, es decir que no hay sesgo de ning\u00fan tipo m\u00e1s all\u00e1 del cumplimiento con la documentaci\u00f3n necesaria\u201d.<\/p>\n\n\n\n<p>Igualmente, sostuvo que la medida va de la mano con otras acciones en beneficio de la cultura misionera, como la reciente puesta en valor de la Casa Museo de Horacio Quiroga en San Ignacio y la cesi\u00f3n del \u00abSal\u00f3n de los Escritores Misioneros\u00bb a la Sade Misiones. En tono general, subray\u00f3 que \u201cvamos dando la importancia que corresponde a los diferentes sectores de la sociedad misionera y de esta manera, como gobernantes, tratamos de dar esas respuestas necesarias en tiempos complejos\u201d. Por \u00faltimo, augur\u00f3 que la medida ser\u00e1 un \u00e9xito y \u201csabemos que va a generar una gran expectativa en el ambiente cultural de Misiones\u201d.<br>Schuap habl\u00f3 de un d\u00eda hist\u00f3rico.<\/p>\n\n\n\n<p>En su intervenci\u00f3n, el ministro Schuap recalc\u00f3 que es un d\u00eda hist\u00f3rico en materia cultural de la provincia y que el programa tiene representatividad en los 77 municipios. Asimismo, sostuvo \u201ccon esto democratizamos, federalizamos y ponemos la decisi\u00f3n en manos de los directores de cultura de cada municipio\u201d, que son los lugares en donde un artista, un trabajador de la cultura ahora tiene las mismas posibilidades de acceder al beneficio independientemente del lugar de la provincia en donde resida. En tanto, el ministro de Hacienda, Adolfo Safr\u00e1n, enfatiz\u00f3 que la medida \u201ctambi\u00e9n tiene una contraprestaci\u00f3n, es decir no se trata simplemente de un subsidio, sino que hay una contraprestaci\u00f3n por parte de quienes son los beneficiarios de este programa\u201d.<\/p>\n\n\n\n<p>El Programa de Fomento<\/p>\n\n\n\n<p>El Ministerio de Cultura anunci\u00f3 anunci\u00f3 hoy el lanzamiento de la convocatoria para participar en el 1\u00b0 Fomento Cultural Misionero, una acci\u00f3n in\u00e9dita que refleja el inter\u00e9s del Estado en apuntalar las industrias culturales de la provincia. Se trata de una nueva herramienta que va en l\u00ednea con la concepci\u00f3n de la actual gesti\u00f3n, que es lograr que la mayor cantidad del presupuesto sea distribuida de manera federal y equitativa, permitiendo que cualquier trabajador de la cultura de cualquier municipio, pueda acceder al mismo.<\/p>\n\n\n\n<p>El beneficio es de car\u00e1cter no reembolsable, podr\u00e1 ser destinado a proyectos culturales tanto colectivos como individuales, como as\u00ed tambi\u00e9n espacios de la cultura independiente. El foco estar\u00e1 puesto en fortalecer, fomentar y estimular la concreci\u00f3n de proyectos art\u00edsticos-culturales con una mirada amplia y federal. No obstante, los que accedan al subsidio deber\u00e1n brindar una contraprestaci\u00f3n a su comunidad, quedando en manos de la Direcci\u00f3n de Cultura del municipio correspondiente, los ajustes y detalles del mismo. Dicha contraprestaci\u00f3n deber\u00e1 ser de car\u00e1cter libre y gratuito para la comunidad.<\/p>\n\n\n\n<p>En cuanto a las bases y condiciones consistir\u00e1 en 100 subsidios de $100 mil, distribuidos entre las cinco Regiones Culturales. Entre ella zona Norte con sede en Eldorado, zona en R\u00edo Paran\u00e1 con sede Puerto Rico-, zona R\u00edo Uruguay con sede en Campo Grande, zona Sur con sede: Ap\u00f3stoles y zona Capital con sede Posadas. Cada divisi\u00f3n tendr\u00e1 20 fomentos para cada una de ellas.<\/p>\n\n\n\n<p>La inscripci\u00f3n estar\u00e1 abierta hasta la medianoche del 31 de julio y podr\u00e1n participar personas mayores de 18 a\u00f1os inscriptas en el Registro de Trabajadores de la Cultura de la Provincia de Misiones (RTCM). En el caso de no estar incorporado a dicho padr\u00f3n podr\u00e1n hacerlo previo a la inscripci\u00f3n para el fomento. Desde el ministerio y los directores de cultura de cada municipio brindar\u00e1n asistencia a aquellos que no puedan inscribirse de forma online y asesoramiento en la presentaci\u00f3n de los proyectos.<\/p>\n\n\n\n<p>Para m\u00e1s informaci\u00f3n y acceder al registro consultar a https:\/\/cultura.misiones.gob.ar\/rtcm2021\/<\/p>\n\n\n\n<figure class=\"wp-block-image size-large\"><a href=\"https:\/\/cvinoticias.com\/wp-content\/uploads\/2021\/07\/FB_IMG_1626877996904.jpg\"><img decoding=\"async\" width=\"1024\" height=\"683\" data-src=\"https:\/\/cvinoticias.com\/wp-content\/uploads\/2021\/07\/FB_IMG_1626877996904-1024x683.jpg\" alt=\"\" class=\"wp-image-6991 lazyload\" data-srcset=\"https:\/\/cvinoticias.com\/wp-content\/uploads\/2021\/07\/FB_IMG_1626877996904-1024x683.jpg 1024w, https:\/\/cvinoticias.com\/wp-content\/uploads\/2021\/07\/FB_IMG_1626877996904-300x200.jpg 300w, https:\/\/cvinoticias.com\/wp-content\/uploads\/2021\/07\/FB_IMG_1626877996904-768x512.jpg 768w, https:\/\/cvinoticias.com\/wp-content\/uploads\/2021\/07\/FB_IMG_1626877996904.jpg 1080w\" data-sizes=\"(max-width: 1024px) 100vw, 1024px\" src=\"data:image\/svg+xml;base64,PHN2ZyB3aWR0aD0iMSIgaGVpZ2h0PSIxIiB4bWxucz0iaHR0cDovL3d3dy53My5vcmcvMjAwMC9zdmciPjwvc3ZnPg==\" style=\"--smush-placeholder-width: 1024px; --smush-placeholder-aspect-ratio: 1024\/683;\" \/><\/a><\/figure>\n\n\n\n<figure class=\"wp-block-image size-large\"><a href=\"https:\/\/cvinoticias.com\/wp-content\/uploads\/2021\/07\/FB_IMG_1626878002355.jpg\"><img decoding=\"async\" width=\"1024\" height=\"683\" data-src=\"https:\/\/cvinoticias.com\/wp-content\/uploads\/2021\/07\/FB_IMG_1626878002355-1024x683.jpg\" alt=\"\" class=\"wp-image-6992 lazyload\" data-srcset=\"https:\/\/cvinoticias.com\/wp-content\/uploads\/2021\/07\/FB_IMG_1626878002355-1024x683.jpg 1024w, https:\/\/cvinoticias.com\/wp-content\/uploads\/2021\/07\/FB_IMG_1626878002355-300x200.jpg 300w, https:\/\/cvinoticias.com\/wp-content\/uploads\/2021\/07\/FB_IMG_1626878002355-768x512.jpg 768w, https:\/\/cvinoticias.com\/wp-content\/uploads\/2021\/07\/FB_IMG_1626878002355.jpg 1080w\" data-sizes=\"(max-width: 1024px) 100vw, 1024px\" src=\"data:image\/svg+xml;base64,PHN2ZyB3aWR0aD0iMSIgaGVpZ2h0PSIxIiB4bWxucz0iaHR0cDovL3d3dy53My5vcmcvMjAwMC9zdmciPjwvc3ZnPg==\" style=\"--smush-placeholder-width: 1024px; --smush-placeholder-aspect-ratio: 1024\/683;\" \/><\/a><\/figure>\n","protected":false},"excerpt":{"rendered":"<p>El Gobernador y el Ministro de Cultura lanzaron la convocatoria para participar en el 1\u00b0 Fomento Cultural Misionero, una acci\u00f3n para promover las industrias culturales de la provincia. La convocatoria abarca a mayores de 18 a\u00f1os inscriptos en el Registro de Trabajadores de la Cultura y consiste en 100 subsidios de $100 mil a distribuirse [&hellip;]<\/p>\n","protected":false},"author":2,"featured_media":6990,"comment_status":"open","ping_status":"open","sticky":false,"template":"","format":"standard","meta":{"footnotes":""},"categories":[43],"tags":[],"class_list":["post-6989","post","type-post","status-publish","format-standard","has-post-thumbnail","hentry","category-provinciales"],"yoast_head":"<!-- This site is optimized with the Yoast SEO plugin v27.5 - https:\/\/yoast.com\/product\/yoast-seo-wordpress\/ -->\n<title>Lanzan convocatoria para el primer Fomento para Industrias Culturales en Misiones | CVI NOTICIAS<\/title>\n<meta name=\"robots\" content=\"index, follow, max-snippet:-1, max-image-preview:large, max-video-preview:-1\" \/>\n<link rel=\"canonical\" href=\"https:\/\/cvinoticias.com\/v3\/lanzan-convocatoria-para-el-primer-fomento-para-industrias-culturales-en-misiones\/\" \/>\n<meta property=\"og:locale\" content=\"es_ES\" \/>\n<meta property=\"og:type\" content=\"article\" \/>\n<meta property=\"og:title\" content=\"Lanzan convocatoria para el primer Fomento para Industrias Culturales en Misiones | CVI NOTICIAS\" \/>\n<meta property=\"og:description\" content=\"El Gobernador y el Ministro de Cultura lanzaron la convocatoria para participar en el 1\u00b0 Fomento Cultural Misionero, una acci\u00f3n para promover las industrias culturales de la provincia. La convocatoria abarca a mayores de 18 a\u00f1os inscriptos en el Registro de Trabajadores de la Cultura y consiste en 100 subsidios de $100 mil a distribuirse [&hellip;]\" \/>\n<meta property=\"og:url\" content=\"https:\/\/cvinoticias.com\/v3\/lanzan-convocatoria-para-el-primer-fomento-para-industrias-culturales-en-misiones\/\" \/>\n<meta property=\"og:site_name\" content=\"CVI NOTICIAS\" \/>\n<meta property=\"article:publisher\" content=\"https:\/\/www.facebook.com\/cvinoticias\" \/>\n<meta property=\"article:published_time\" content=\"2021-07-21T14:45:02+00:00\" \/>\n<meta property=\"og:image\" content=\"https:\/\/cvinoticias.com\/wp-content\/uploads\/2021\/07\/FB_IMG_1626877999643.jpg\" \/>\n\t<meta property=\"og:image:width\" content=\"1080\" \/>\n\t<meta property=\"og:image:height\" content=\"720\" \/>\n\t<meta property=\"og:image:type\" content=\"image\/jpeg\" \/>\n<meta name=\"author\" content=\"f1000024\" \/>\n<meta name=\"twitter:card\" content=\"summary_large_image\" \/>\n<meta name=\"twitter:label1\" content=\"Escrito por\" \/>\n\t<meta name=\"twitter:data1\" content=\"f1000024\" \/>\n\t<meta name=\"twitter:label2\" content=\"Tiempo de lectura\" \/>\n\t<meta name=\"twitter:data2\" content=\"5 minutos\" \/>\n<script type=\"application\/ld+json\" class=\"yoast-schema-graph\">{\"@context\":\"https:\\\/\\\/schema.org\",\"@graph\":[{\"@type\":\"Article\",\"@id\":\"https:\\\/\\\/cvinoticias.com\\\/v3\\\/lanzan-convocatoria-para-el-primer-fomento-para-industrias-culturales-en-misiones\\\/#article\",\"isPartOf\":{\"@id\":\"https:\\\/\\\/cvinoticias.com\\\/v3\\\/lanzan-convocatoria-para-el-primer-fomento-para-industrias-culturales-en-misiones\\\/\"},\"author\":{\"name\":\"f1000024\",\"@id\":\"https:\\\/\\\/cvinoticias.com\\\/v3\\\/#\\\/schema\\\/person\\\/2db77e3c6bc03c538495d7b2b8be9b66\"},\"headline\":\"Lanzan convocatoria para el primer Fomento para Industrias Culturales en Misiones\",\"datePublished\":\"2021-07-21T14:45:02+00:00\",\"mainEntityOfPage\":{\"@id\":\"https:\\\/\\\/cvinoticias.com\\\/v3\\\/lanzan-convocatoria-para-el-primer-fomento-para-industrias-culturales-en-misiones\\\/\"},\"wordCount\":1025,\"commentCount\":0,\"publisher\":{\"@id\":\"https:\\\/\\\/cvinoticias.com\\\/v3\\\/#organization\"},\"image\":{\"@id\":\"https:\\\/\\\/cvinoticias.com\\\/v3\\\/lanzan-convocatoria-para-el-primer-fomento-para-industrias-culturales-en-misiones\\\/#primaryimage\"},\"thumbnailUrl\":\"https:\\\/\\\/cvinoticias.com\\\/wp-content\\\/uploads\\\/2021\\\/07\\\/FB_IMG_1626877999643.jpg\",\"articleSection\":[\"Provinciales\"],\"inLanguage\":\"es\",\"potentialAction\":[{\"@type\":\"CommentAction\",\"name\":\"Comment\",\"target\":[\"https:\\\/\\\/cvinoticias.com\\\/v3\\\/lanzan-convocatoria-para-el-primer-fomento-para-industrias-culturales-en-misiones\\\/#respond\"]}]},{\"@type\":\"WebPage\",\"@id\":\"https:\\\/\\\/cvinoticias.com\\\/v3\\\/lanzan-convocatoria-para-el-primer-fomento-para-industrias-culturales-en-misiones\\\/\",\"url\":\"https:\\\/\\\/cvinoticias.com\\\/v3\\\/lanzan-convocatoria-para-el-primer-fomento-para-industrias-culturales-en-misiones\\\/\",\"name\":\"Lanzan convocatoria para el primer Fomento para Industrias Culturales en Misiones | CVI NOTICIAS\",\"isPartOf\":{\"@id\":\"https:\\\/\\\/cvinoticias.com\\\/v3\\\/#website\"},\"primaryImageOfPage\":{\"@id\":\"https:\\\/\\\/cvinoticias.com\\\/v3\\\/lanzan-convocatoria-para-el-primer-fomento-para-industrias-culturales-en-misiones\\\/#primaryimage\"},\"image\":{\"@id\":\"https:\\\/\\\/cvinoticias.com\\\/v3\\\/lanzan-convocatoria-para-el-primer-fomento-para-industrias-culturales-en-misiones\\\/#primaryimage\"},\"thumbnailUrl\":\"https:\\\/\\\/cvinoticias.com\\\/wp-content\\\/uploads\\\/2021\\\/07\\\/FB_IMG_1626877999643.jpg\",\"datePublished\":\"2021-07-21T14:45:02+00:00\",\"breadcrumb\":{\"@id\":\"https:\\\/\\\/cvinoticias.com\\\/v3\\\/lanzan-convocatoria-para-el-primer-fomento-para-industrias-culturales-en-misiones\\\/#breadcrumb\"},\"inLanguage\":\"es\",\"potentialAction\":[{\"@type\":\"ReadAction\",\"target\":[\"https:\\\/\\\/cvinoticias.com\\\/v3\\\/lanzan-convocatoria-para-el-primer-fomento-para-industrias-culturales-en-misiones\\\/\"]}]},{\"@type\":\"ImageObject\",\"inLanguage\":\"es\",\"@id\":\"https:\\\/\\\/cvinoticias.com\\\/v3\\\/lanzan-convocatoria-para-el-primer-fomento-para-industrias-culturales-en-misiones\\\/#primaryimage\",\"url\":\"https:\\\/\\\/cvinoticias.com\\\/wp-content\\\/uploads\\\/2021\\\/07\\\/FB_IMG_1626877999643.jpg\",\"contentUrl\":\"https:\\\/\\\/cvinoticias.com\\\/wp-content\\\/uploads\\\/2021\\\/07\\\/FB_IMG_1626877999643.jpg\",\"width\":1080,\"height\":720},{\"@type\":\"BreadcrumbList\",\"@id\":\"https:\\\/\\\/cvinoticias.com\\\/v3\\\/lanzan-convocatoria-para-el-primer-fomento-para-industrias-culturales-en-misiones\\\/#breadcrumb\",\"itemListElement\":[{\"@type\":\"ListItem\",\"position\":1,\"name\":\"Portada\",\"item\":\"https:\\\/\\\/cvinoticias.com\\\/v3\\\/\"},{\"@type\":\"ListItem\",\"position\":2,\"name\":\"Lanzan convocatoria para el primer Fomento para Industrias Culturales en Misiones\"}]},{\"@type\":\"WebSite\",\"@id\":\"https:\\\/\\\/cvinoticias.com\\\/v3\\\/#website\",\"url\":\"https:\\\/\\\/cvinoticias.com\\\/v3\\\/\",\"name\":\"CVI NOTICIAS\",\"description\":\"\",\"publisher\":{\"@id\":\"https:\\\/\\\/cvinoticias.com\\\/v3\\\/#organization\"},\"alternateName\":\"CVI\",\"potentialAction\":[{\"@type\":\"SearchAction\",\"target\":{\"@type\":\"EntryPoint\",\"urlTemplate\":\"https:\\\/\\\/cvinoticias.com\\\/v3\\\/?s={search_term_string}\"},\"query-input\":{\"@type\":\"PropertyValueSpecification\",\"valueRequired\":true,\"valueName\":\"search_term_string\"}}],\"inLanguage\":\"es\"},{\"@type\":\"Organization\",\"@id\":\"https:\\\/\\\/cvinoticias.com\\\/v3\\\/#organization\",\"name\":\"CVI NOTICIAS\",\"url\":\"https:\\\/\\\/cvinoticias.com\\\/v3\\\/\",\"logo\":{\"@type\":\"ImageObject\",\"inLanguage\":\"es\",\"@id\":\"https:\\\/\\\/cvinoticias.com\\\/v3\\\/#\\\/schema\\\/logo\\\/image\\\/\",\"url\":\"https:\\\/\\\/cvinoticias.com\\\/wp-content\\\/uploads\\\/2023\\\/04\\\/cropped-cropped-cropped-cropped-cropped-3-1.png\",\"contentUrl\":\"https:\\\/\\\/cvinoticias.com\\\/wp-content\\\/uploads\\\/2023\\\/04\\\/cropped-cropped-cropped-cropped-cropped-3-1.png\",\"width\":95,\"height\":122,\"caption\":\"CVI NOTICIAS\"},\"image\":{\"@id\":\"https:\\\/\\\/cvinoticias.com\\\/v3\\\/#\\\/schema\\\/logo\\\/image\\\/\"},\"sameAs\":[\"https:\\\/\\\/www.facebook.com\\\/cvinoticias\",\"https:\\\/\\\/www.instagram.com\\\/cvinoticias\\\/\",\"https:\\\/\\\/www.youtube.com\\\/@CVINOTICIAS\"]},{\"@type\":\"Person\",\"@id\":\"https:\\\/\\\/cvinoticias.com\\\/v3\\\/#\\\/schema\\\/person\\\/2db77e3c6bc03c538495d7b2b8be9b66\",\"name\":\"f1000024\",\"image\":{\"@type\":\"ImageObject\",\"inLanguage\":\"es\",\"@id\":\"https:\\\/\\\/secure.gravatar.com\\\/avatar\\\/d4fe7459cfc51ff5129ce1a732bbef5928568b8092d412ef95611616376bbeed?s=96&d=mm&r=g\",\"url\":\"https:\\\/\\\/secure.gravatar.com\\\/avatar\\\/d4fe7459cfc51ff5129ce1a732bbef5928568b8092d412ef95611616376bbeed?s=96&d=mm&r=g\",\"contentUrl\":\"https:\\\/\\\/secure.gravatar.com\\\/avatar\\\/d4fe7459cfc51ff5129ce1a732bbef5928568b8092d412ef95611616376bbeed?s=96&d=mm&r=g\",\"caption\":\"f1000024\"},\"url\":\"https:\\\/\\\/cvinoticias.com\\\/v3\\\/author\\\/f1000024\\\/\"}]}<\/script>\n<!-- \/ Yoast SEO plugin. -->","yoast_head_json":{"title":"Lanzan convocatoria para el primer Fomento para Industrias Culturales en Misiones | CVI NOTICIAS","robots":{"index":"index","follow":"follow","max-snippet":"max-snippet:-1","max-image-preview":"max-image-preview:large","max-video-preview":"max-video-preview:-1"},"canonical":"https:\/\/cvinoticias.com\/v3\/lanzan-convocatoria-para-el-primer-fomento-para-industrias-culturales-en-misiones\/","og_locale":"es_ES","og_type":"article","og_title":"Lanzan convocatoria para el primer Fomento para Industrias Culturales en Misiones | CVI NOTICIAS","og_description":"El Gobernador y el Ministro de Cultura lanzaron la convocatoria para participar en el 1\u00b0 Fomento Cultural Misionero, una acci\u00f3n para promover las industrias culturales de la provincia. La convocatoria abarca a mayores de 18 a\u00f1os inscriptos en el Registro de Trabajadores de la Cultura y consiste en 100 subsidios de $100 mil a distribuirse [&hellip;]","og_url":"https:\/\/cvinoticias.com\/v3\/lanzan-convocatoria-para-el-primer-fomento-para-industrias-culturales-en-misiones\/","og_site_name":"CVI NOTICIAS","article_publisher":"https:\/\/www.facebook.com\/cvinoticias","article_published_time":"2021-07-21T14:45:02+00:00","og_image":[{"width":1080,"height":720,"url":"https:\/\/cvinoticias.com\/wp-content\/uploads\/2021\/07\/FB_IMG_1626877999643.jpg","type":"image\/jpeg"}],"author":"f1000024","twitter_card":"summary_large_image","twitter_misc":{"Escrito por":"f1000024","Tiempo de lectura":"5 minutos"},"schema":{"@context":"https:\/\/schema.org","@graph":[{"@type":"Article","@id":"https:\/\/cvinoticias.com\/v3\/lanzan-convocatoria-para-el-primer-fomento-para-industrias-culturales-en-misiones\/#article","isPartOf":{"@id":"https:\/\/cvinoticias.com\/v3\/lanzan-convocatoria-para-el-primer-fomento-para-industrias-culturales-en-misiones\/"},"author":{"name":"f1000024","@id":"https:\/\/cvinoticias.com\/v3\/#\/schema\/person\/2db77e3c6bc03c538495d7b2b8be9b66"},"headline":"Lanzan convocatoria para el primer Fomento para Industrias Culturales en Misiones","datePublished":"2021-07-21T14:45:02+00:00","mainEntityOfPage":{"@id":"https:\/\/cvinoticias.com\/v3\/lanzan-convocatoria-para-el-primer-fomento-para-industrias-culturales-en-misiones\/"},"wordCount":1025,"commentCount":0,"publisher":{"@id":"https:\/\/cvinoticias.com\/v3\/#organization"},"image":{"@id":"https:\/\/cvinoticias.com\/v3\/lanzan-convocatoria-para-el-primer-fomento-para-industrias-culturales-en-misiones\/#primaryimage"},"thumbnailUrl":"https:\/\/cvinoticias.com\/wp-content\/uploads\/2021\/07\/FB_IMG_1626877999643.jpg","articleSection":["Provinciales"],"inLanguage":"es","potentialAction":[{"@type":"CommentAction","name":"Comment","target":["https:\/\/cvinoticias.com\/v3\/lanzan-convocatoria-para-el-primer-fomento-para-industrias-culturales-en-misiones\/#respond"]}]},{"@type":"WebPage","@id":"https:\/\/cvinoticias.com\/v3\/lanzan-convocatoria-para-el-primer-fomento-para-industrias-culturales-en-misiones\/","url":"https:\/\/cvinoticias.com\/v3\/lanzan-convocatoria-para-el-primer-fomento-para-industrias-culturales-en-misiones\/","name":"Lanzan convocatoria para el primer Fomento para Industrias Culturales en Misiones | CVI NOTICIAS","isPartOf":{"@id":"https:\/\/cvinoticias.com\/v3\/#website"},"primaryImageOfPage":{"@id":"https:\/\/cvinoticias.com\/v3\/lanzan-convocatoria-para-el-primer-fomento-para-industrias-culturales-en-misiones\/#primaryimage"},"image":{"@id":"https:\/\/cvinoticias.com\/v3\/lanzan-convocatoria-para-el-primer-fomento-para-industrias-culturales-en-misiones\/#primaryimage"},"thumbnailUrl":"https:\/\/cvinoticias.com\/wp-content\/uploads\/2021\/07\/FB_IMG_1626877999643.jpg","datePublished":"2021-07-21T14:45:02+00:00","breadcrumb":{"@id":"https:\/\/cvinoticias.com\/v3\/lanzan-convocatoria-para-el-primer-fomento-para-industrias-culturales-en-misiones\/#breadcrumb"},"inLanguage":"es","potentialAction":[{"@type":"ReadAction","target":["https:\/\/cvinoticias.com\/v3\/lanzan-convocatoria-para-el-primer-fomento-para-industrias-culturales-en-misiones\/"]}]},{"@type":"ImageObject","inLanguage":"es","@id":"https:\/\/cvinoticias.com\/v3\/lanzan-convocatoria-para-el-primer-fomento-para-industrias-culturales-en-misiones\/#primaryimage","url":"https:\/\/cvinoticias.com\/wp-content\/uploads\/2021\/07\/FB_IMG_1626877999643.jpg","contentUrl":"https:\/\/cvinoticias.com\/wp-content\/uploads\/2021\/07\/FB_IMG_1626877999643.jpg","width":1080,"height":720},{"@type":"BreadcrumbList","@id":"https:\/\/cvinoticias.com\/v3\/lanzan-convocatoria-para-el-primer-fomento-para-industrias-culturales-en-misiones\/#breadcrumb","itemListElement":[{"@type":"ListItem","position":1,"name":"Portada","item":"https:\/\/cvinoticias.com\/v3\/"},{"@type":"ListItem","position":2,"name":"Lanzan convocatoria para el primer Fomento para Industrias Culturales en Misiones"}]},{"@type":"WebSite","@id":"https:\/\/cvinoticias.com\/v3\/#website","url":"https:\/\/cvinoticias.com\/v3\/","name":"CVI NOTICIAS","description":"","publisher":{"@id":"https:\/\/cvinoticias.com\/v3\/#organization"},"alternateName":"CVI","potentialAction":[{"@type":"SearchAction","target":{"@type":"EntryPoint","urlTemplate":"https:\/\/cvinoticias.com\/v3\/?s={search_term_string}"},"query-input":{"@type":"PropertyValueSpecification","valueRequired":true,"valueName":"search_term_string"}}],"inLanguage":"es"},{"@type":"Organization","@id":"https:\/\/cvinoticias.com\/v3\/#organization","name":"CVI NOTICIAS","url":"https:\/\/cvinoticias.com\/v3\/","logo":{"@type":"ImageObject","inLanguage":"es","@id":"https:\/\/cvinoticias.com\/v3\/#\/schema\/logo\/image\/","url":"https:\/\/cvinoticias.com\/wp-content\/uploads\/2023\/04\/cropped-cropped-cropped-cropped-cropped-3-1.png","contentUrl":"https:\/\/cvinoticias.com\/wp-content\/uploads\/2023\/04\/cropped-cropped-cropped-cropped-cropped-3-1.png","width":95,"height":122,"caption":"CVI NOTICIAS"},"image":{"@id":"https:\/\/cvinoticias.com\/v3\/#\/schema\/logo\/image\/"},"sameAs":["https:\/\/www.facebook.com\/cvinoticias","https:\/\/www.instagram.com\/cvinoticias\/","https:\/\/www.youtube.com\/@CVINOTICIAS"]},{"@type":"Person","@id":"https:\/\/cvinoticias.com\/v3\/#\/schema\/person\/2db77e3c6bc03c538495d7b2b8be9b66","name":"f1000024","image":{"@type":"ImageObject","inLanguage":"es","@id":"https:\/\/secure.gravatar.com\/avatar\/d4fe7459cfc51ff5129ce1a732bbef5928568b8092d412ef95611616376bbeed?s=96&d=mm&r=g","url":"https:\/\/secure.gravatar.com\/avatar\/d4fe7459cfc51ff5129ce1a732bbef5928568b8092d412ef95611616376bbeed?s=96&d=mm&r=g","contentUrl":"https:\/\/secure.gravatar.com\/avatar\/d4fe7459cfc51ff5129ce1a732bbef5928568b8092d412ef95611616376bbeed?s=96&d=mm&r=g","caption":"f1000024"},"url":"https:\/\/cvinoticias.com\/v3\/author\/f1000024\/"}]}},"_links":{"self":[{"href":"https:\/\/cvinoticias.com\/v3\/wp-json\/wp\/v2\/posts\/6989","targetHints":{"allow":["GET"]}}],"collection":[{"href":"https:\/\/cvinoticias.com\/v3\/wp-json\/wp\/v2\/posts"}],"about":[{"href":"https:\/\/cvinoticias.com\/v3\/wp-json\/wp\/v2\/types\/post"}],"author":[{"embeddable":true,"href":"https:\/\/cvinoticias.com\/v3\/wp-json\/wp\/v2\/users\/2"}],"replies":[{"embeddable":true,"href":"https:\/\/cvinoticias.com\/v3\/wp-json\/wp\/v2\/comments?post=6989"}],"version-history":[{"count":1,"href":"https:\/\/cvinoticias.com\/v3\/wp-json\/wp\/v2\/posts\/6989\/revisions"}],"predecessor-version":[{"id":6993,"href":"https:\/\/cvinoticias.com\/v3\/wp-json\/wp\/v2\/posts\/6989\/revisions\/6993"}],"wp:featuredmedia":[{"embeddable":true,"href":"https:\/\/cvinoticias.com\/v3\/wp-json\/wp\/v2\/media\/6990"}],"wp:attachment":[{"href":"https:\/\/cvinoticias.com\/v3\/wp-json\/wp\/v2\/media?parent=6989"}],"wp:term":[{"taxonomy":"category","embeddable":true,"href":"https:\/\/cvinoticias.com\/v3\/wp-json\/wp\/v2\/categories?post=6989"},{"taxonomy":"post_tag","embeddable":true,"href":"https:\/\/cvinoticias.com\/v3\/wp-json\/wp\/v2\/tags?post=6989"}],"curies":[{"name":"wp","href":"https:\/\/api.w.org\/{rel}","templated":true}]}}