{"id":6974,"date":"2021-07-21T11:21:35","date_gmt":"2021-07-21T11:21:35","guid":{"rendered":"https:\/\/cvinoticias.com\/v3\/?p=6974"},"modified":"2021-07-21T11:21:35","modified_gmt":"2021-07-21T11:21:35","slug":"identidad-de-genero-alberto-fernandez-anunciara-la-puesta-en-marcha-del-dni-para-personas-no-binarias","status":"publish","type":"post","link":"https:\/\/cvinoticias.com\/v3\/identidad-de-genero-alberto-fernandez-anunciara-la-puesta-en-marcha-del-dni-para-personas-no-binarias\/","title":{"rendered":"Identidad de g\u00e9nero: Alberto Fern\u00e1ndez anunciar\u00e1 la puesta en marcha del DNI para personas no binarias"},"content":{"rendered":"\n<p><strong><em>Alberto Fern\u00e1ndez firm\u00f3 el decreto publicado en el Bolet\u00edn Oficial y por la ma\u00f1ana har\u00e1 el anuncio oficial. La medida apunta a \u201cgarantizar el derecho a la identidad de g\u00e9nero de las personas que no se autoperciben femeninas ni masculinas\u201d<\/em><\/strong><\/p>\n\n\n\n<p>La medida estar\u00e1 enmarcada dentro de la Ley de Identidad de G\u00e9nero.<\/p>\n\n\n\n<p>El acto se realizar\u00e1 a las 11.30 en el Museo del Bicentenario de la Casa Rosada, inform\u00f3 el Gobierno nacional.<\/p>\n\n\n\n<p>Fern\u00e1ndez estar\u00e1 acompa\u00f1ado por los ministros del Interior, Eduardo de Pedro; y de Mujeres, G\u00e9neros y Diversidad, Elizabeth G\u00f3mez Alcorta; y por el director del Registro Nacional de las Personas (Renaper), Santiago Rodr\u00edguez.<\/p>\n\n\n\n<p>El objetivo con este nuevo DNI es garantizar el derecho a la identidad de g\u00e9nero de las personas que no se autoperciben con ninguno de los dos g\u00e9neros com\u00fanmente asignados al nacer: femenino o masculino<\/p>\n\n\n\n<p>Hasta el momento, el documento de identidad argentino establec\u00eda dos opciones en la categor\u00eda \u201csexo\u201d: la F y la M. Era binario, aun cuando muchas personas no se reconocen en ninguna de esas dos identidades.<\/p>\n\n\n\n<p>Antes del anuncio del Presidente, la iniciativa fue publicada esta madrugada en el Bolet\u00edn Oficial. A trav\u00e9s del Decreto 476\/2021, se determin\u00f3 que \u201clas nomenclaturas a utilizarse en los Documentos Nacionales de Identidad y en los Pasaportes Ordinarios para Argentinos en el campo referido al \u2018sexo\u2019 podr\u00e1n ser \u2018F\u2019 -Femenino-, \u2018M\u2019 &#8211; Masculino- o \u2018X\u2019\u201d.<\/p>\n\n\n\n<p>La nomenclatura \u201cX\u201d en el campo \u201csexo\u201d comprender\u00e1 las siguientes acepciones: no binaria, indeterminada, no especificada, indefinida, no informada, autopercibida, no consignada; u otra acepci\u00f3n con la que pudiera identificarse la persona que no se sienta comprendida en el binomio masculino\/femenino.<\/p>\n\n\n\n<p>Con la entrega de estos primeros DNI Argentina se convertir\u00e1 en el primer pa\u00eds de la regi\u00f3n en la ampliaci\u00f3n y reconocimiento de estos derechos.<\/p>\n\n\n\n<p>Ley de identidad de G\u00e9nero<\/p>\n\n\n\n<p>La ley de Identidad de G\u00e9nero fue sancionada en 2012, es pionera en la regi\u00f3n y el mundo y reconoce, entre otros, el derecho de las personas a ser inscritas en su DNI acorde con su identidad de g\u00e9nero autopercibida.<\/p>\n\n\n\n<p>La ley entiende por identidad de g\u00e9nero a \u201cla vivencia interna e individual del g\u00e9nero tal como cada persona la siente\u00bb, es decir, como cada uno o cada una se perciba a s\u00ed mismo y s\u00ed misma m\u00e1s all\u00e1 de si fueron previamente registrados como hombre o mujer en partidas de nacimiento o documentos de identidad.<\/p>\n\n\n\n<p>En esa l\u00ednea, establece que \u201ctoda persona podr\u00e1 solicitar la rectificaci\u00f3n registral del sexo, y el cambio de nombre de pila e imagen, cuando no coincidan con su identidad de g\u00e9nero autopercibida\u201d. Sin embargo, hasta el momento los DNI continuaban rigi\u00e9ndose por la l\u00f3gica binaria de g\u00e9nero.<\/p>\n\n\n\n<p>Los anuncios de este mi\u00e9rcoles vendr\u00e1n a saldar esa deuda de tener un DNI acorde a la identidad de cada quien.<\/p>\n\n\n\n<p>D\u00edas atr\u00e1s se dio un paso en ese sentido: la provincia de Neuqu\u00e9n rectific\u00f3 seis partidas de nacimiento que en la categor\u00eda \u201csexo\u201d consignan no binario. El cambio es el primer paso para solicitarle, luego, al Renaper que cambie el DNI de esas personas.<\/p>\n","protected":false},"excerpt":{"rendered":"<p>Alberto Fern\u00e1ndez firm\u00f3 el decreto publicado en el Bolet\u00edn Oficial y por la ma\u00f1ana har\u00e1 el anuncio oficial. La medida apunta a \u201cgarantizar el derecho a la identidad de g\u00e9nero de las personas que no se autoperciben femeninas ni masculinas\u201d La medida estar\u00e1 enmarcada dentro de la Ley de Identidad de G\u00e9nero. El acto se [&hellip;]<\/p>\n","protected":false},"author":2,"featured_media":6975,"comment_status":"open","ping_status":"open","sticky":false,"template":"","format":"standard","meta":{"footnotes":""},"categories":[35],"tags":[],"class_list":["post-6974","post","type-post","status-publish","format-standard","has-post-thumbnail","hentry","category-informacion-general"],"yoast_head":"<!-- This site is optimized with the Yoast SEO plugin v27.5 - https:\/\/yoast.com\/product\/yoast-seo-wordpress\/ -->\n<title>Identidad de g\u00e9nero: Alberto Fern\u00e1ndez anunciar\u00e1 la puesta en marcha del DNI para personas no binarias | CVI NOTICIAS<\/title>\n<meta name=\"robots\" content=\"index, follow, max-snippet:-1, max-image-preview:large, max-video-preview:-1\" \/>\n<link rel=\"canonical\" href=\"https:\/\/cvinoticias.com\/v3\/identidad-de-genero-alberto-fernandez-anunciara-la-puesta-en-marcha-del-dni-para-personas-no-binarias\/\" \/>\n<meta property=\"og:locale\" content=\"es_ES\" \/>\n<meta property=\"og:type\" content=\"article\" \/>\n<meta property=\"og:title\" content=\"Identidad de g\u00e9nero: Alberto Fern\u00e1ndez anunciar\u00e1 la puesta en marcha del DNI para personas no binarias | CVI NOTICIAS\" \/>\n<meta property=\"og:description\" content=\"Alberto Fern\u00e1ndez firm\u00f3 el decreto publicado en el Bolet\u00edn Oficial y por la ma\u00f1ana har\u00e1 el anuncio oficial. La medida apunta a \u201cgarantizar el derecho a la identidad de g\u00e9nero de las personas que no se autoperciben femeninas ni masculinas\u201d La medida estar\u00e1 enmarcada dentro de la Ley de Identidad de G\u00e9nero. El acto se [&hellip;]\" \/>\n<meta property=\"og:url\" content=\"https:\/\/cvinoticias.com\/v3\/identidad-de-genero-alberto-fernandez-anunciara-la-puesta-en-marcha-del-dni-para-personas-no-binarias\/\" \/>\n<meta property=\"og:site_name\" content=\"CVI NOTICIAS\" \/>\n<meta property=\"article:publisher\" content=\"https:\/\/www.facebook.com\/cvinoticias\" \/>\n<meta property=\"article:published_time\" content=\"2021-07-21T11:21:35+00:00\" \/>\n<meta property=\"og:image\" content=\"https:\/\/cvinoticias.com\/wp-content\/uploads\/2021\/07\/Screenshot_20210721-081948_Chrome.jpg\" \/>\n\t<meta property=\"og:image:width\" content=\"1018\" \/>\n\t<meta property=\"og:image:height\" content=\"573\" \/>\n\t<meta property=\"og:image:type\" content=\"image\/jpeg\" \/>\n<meta name=\"author\" content=\"f1000024\" \/>\n<meta name=\"twitter:card\" content=\"summary_large_image\" \/>\n<meta name=\"twitter:label1\" content=\"Escrito por\" \/>\n\t<meta name=\"twitter:data1\" content=\"f1000024\" \/>\n\t<meta name=\"twitter:label2\" content=\"Tiempo de lectura\" \/>\n\t<meta name=\"twitter:data2\" content=\"3 minutos\" \/>\n<script type=\"application\/ld+json\" class=\"yoast-schema-graph\">{\"@context\":\"https:\\\/\\\/schema.org\",\"@graph\":[{\"@type\":\"Article\",\"@id\":\"https:\\\/\\\/cvinoticias.com\\\/v3\\\/identidad-de-genero-alberto-fernandez-anunciara-la-puesta-en-marcha-del-dni-para-personas-no-binarias\\\/#article\",\"isPartOf\":{\"@id\":\"https:\\\/\\\/cvinoticias.com\\\/v3\\\/identidad-de-genero-alberto-fernandez-anunciara-la-puesta-en-marcha-del-dni-para-personas-no-binarias\\\/\"},\"author\":{\"name\":\"f1000024\",\"@id\":\"https:\\\/\\\/cvinoticias.com\\\/v3\\\/#\\\/schema\\\/person\\\/2db77e3c6bc03c538495d7b2b8be9b66\"},\"headline\":\"Identidad de g\u00e9nero: Alberto Fern\u00e1ndez anunciar\u00e1 la puesta en marcha del DNI para personas no binarias\",\"datePublished\":\"2021-07-21T11:21:35+00:00\",\"mainEntityOfPage\":{\"@id\":\"https:\\\/\\\/cvinoticias.com\\\/v3\\\/identidad-de-genero-alberto-fernandez-anunciara-la-puesta-en-marcha-del-dni-para-personas-no-binarias\\\/\"},\"wordCount\":566,\"commentCount\":1,\"publisher\":{\"@id\":\"https:\\\/\\\/cvinoticias.com\\\/v3\\\/#organization\"},\"image\":{\"@id\":\"https:\\\/\\\/cvinoticias.com\\\/v3\\\/identidad-de-genero-alberto-fernandez-anunciara-la-puesta-en-marcha-del-dni-para-personas-no-binarias\\\/#primaryimage\"},\"thumbnailUrl\":\"https:\\\/\\\/cvinoticias.com\\\/wp-content\\\/uploads\\\/2021\\\/07\\\/Screenshot_20210721-081948_Chrome.jpg\",\"articleSection\":[\"Informaci\u00f3n General\"],\"inLanguage\":\"es\",\"potentialAction\":[{\"@type\":\"CommentAction\",\"name\":\"Comment\",\"target\":[\"https:\\\/\\\/cvinoticias.com\\\/v3\\\/identidad-de-genero-alberto-fernandez-anunciara-la-puesta-en-marcha-del-dni-para-personas-no-binarias\\\/#respond\"]}]},{\"@type\":\"WebPage\",\"@id\":\"https:\\\/\\\/cvinoticias.com\\\/v3\\\/identidad-de-genero-alberto-fernandez-anunciara-la-puesta-en-marcha-del-dni-para-personas-no-binarias\\\/\",\"url\":\"https:\\\/\\\/cvinoticias.com\\\/v3\\\/identidad-de-genero-alberto-fernandez-anunciara-la-puesta-en-marcha-del-dni-para-personas-no-binarias\\\/\",\"name\":\"Identidad de g\u00e9nero: Alberto Fern\u00e1ndez anunciar\u00e1 la puesta en marcha del DNI para personas no binarias | CVI NOTICIAS\",\"isPartOf\":{\"@id\":\"https:\\\/\\\/cvinoticias.com\\\/v3\\\/#website\"},\"primaryImageOfPage\":{\"@id\":\"https:\\\/\\\/cvinoticias.com\\\/v3\\\/identidad-de-genero-alberto-fernandez-anunciara-la-puesta-en-marcha-del-dni-para-personas-no-binarias\\\/#primaryimage\"},\"image\":{\"@id\":\"https:\\\/\\\/cvinoticias.com\\\/v3\\\/identidad-de-genero-alberto-fernandez-anunciara-la-puesta-en-marcha-del-dni-para-personas-no-binarias\\\/#primaryimage\"},\"thumbnailUrl\":\"https:\\\/\\\/cvinoticias.com\\\/wp-content\\\/uploads\\\/2021\\\/07\\\/Screenshot_20210721-081948_Chrome.jpg\",\"datePublished\":\"2021-07-21T11:21:35+00:00\",\"breadcrumb\":{\"@id\":\"https:\\\/\\\/cvinoticias.com\\\/v3\\\/identidad-de-genero-alberto-fernandez-anunciara-la-puesta-en-marcha-del-dni-para-personas-no-binarias\\\/#breadcrumb\"},\"inLanguage\":\"es\",\"potentialAction\":[{\"@type\":\"ReadAction\",\"target\":[\"https:\\\/\\\/cvinoticias.com\\\/v3\\\/identidad-de-genero-alberto-fernandez-anunciara-la-puesta-en-marcha-del-dni-para-personas-no-binarias\\\/\"]}]},{\"@type\":\"ImageObject\",\"inLanguage\":\"es\",\"@id\":\"https:\\\/\\\/cvinoticias.com\\\/v3\\\/identidad-de-genero-alberto-fernandez-anunciara-la-puesta-en-marcha-del-dni-para-personas-no-binarias\\\/#primaryimage\",\"url\":\"https:\\\/\\\/cvinoticias.com\\\/wp-content\\\/uploads\\\/2021\\\/07\\\/Screenshot_20210721-081948_Chrome.jpg\",\"contentUrl\":\"https:\\\/\\\/cvinoticias.com\\\/wp-content\\\/uploads\\\/2021\\\/07\\\/Screenshot_20210721-081948_Chrome.jpg\",\"width\":1018,\"height\":573},{\"@type\":\"BreadcrumbList\",\"@id\":\"https:\\\/\\\/cvinoticias.com\\\/v3\\\/identidad-de-genero-alberto-fernandez-anunciara-la-puesta-en-marcha-del-dni-para-personas-no-binarias\\\/#breadcrumb\",\"itemListElement\":[{\"@type\":\"ListItem\",\"position\":1,\"name\":\"Portada\",\"item\":\"https:\\\/\\\/cvinoticias.com\\\/v3\\\/\"},{\"@type\":\"ListItem\",\"position\":2,\"name\":\"Identidad de g\u00e9nero: Alberto Fern\u00e1ndez anunciar\u00e1 la puesta en marcha del DNI para personas no binarias\"}]},{\"@type\":\"WebSite\",\"@id\":\"https:\\\/\\\/cvinoticias.com\\\/v3\\\/#website\",\"url\":\"https:\\\/\\\/cvinoticias.com\\\/v3\\\/\",\"name\":\"CVI NOTICIAS\",\"description\":\"\",\"publisher\":{\"@id\":\"https:\\\/\\\/cvinoticias.com\\\/v3\\\/#organization\"},\"alternateName\":\"CVI\",\"potentialAction\":[{\"@type\":\"SearchAction\",\"target\":{\"@type\":\"EntryPoint\",\"urlTemplate\":\"https:\\\/\\\/cvinoticias.com\\\/v3\\\/?s={search_term_string}\"},\"query-input\":{\"@type\":\"PropertyValueSpecification\",\"valueRequired\":true,\"valueName\":\"search_term_string\"}}],\"inLanguage\":\"es\"},{\"@type\":\"Organization\",\"@id\":\"https:\\\/\\\/cvinoticias.com\\\/v3\\\/#organization\",\"name\":\"CVI NOTICIAS\",\"url\":\"https:\\\/\\\/cvinoticias.com\\\/v3\\\/\",\"logo\":{\"@type\":\"ImageObject\",\"inLanguage\":\"es\",\"@id\":\"https:\\\/\\\/cvinoticias.com\\\/v3\\\/#\\\/schema\\\/logo\\\/image\\\/\",\"url\":\"https:\\\/\\\/cvinoticias.com\\\/wp-content\\\/uploads\\\/2023\\\/04\\\/cropped-cropped-cropped-cropped-cropped-3-1.png\",\"contentUrl\":\"https:\\\/\\\/cvinoticias.com\\\/wp-content\\\/uploads\\\/2023\\\/04\\\/cropped-cropped-cropped-cropped-cropped-3-1.png\",\"width\":95,\"height\":122,\"caption\":\"CVI NOTICIAS\"},\"image\":{\"@id\":\"https:\\\/\\\/cvinoticias.com\\\/v3\\\/#\\\/schema\\\/logo\\\/image\\\/\"},\"sameAs\":[\"https:\\\/\\\/www.facebook.com\\\/cvinoticias\",\"https:\\\/\\\/www.instagram.com\\\/cvinoticias\\\/\",\"https:\\\/\\\/www.youtube.com\\\/@CVINOTICIAS\"]},{\"@type\":\"Person\",\"@id\":\"https:\\\/\\\/cvinoticias.com\\\/v3\\\/#\\\/schema\\\/person\\\/2db77e3c6bc03c538495d7b2b8be9b66\",\"name\":\"f1000024\",\"image\":{\"@type\":\"ImageObject\",\"inLanguage\":\"es\",\"@id\":\"https:\\\/\\\/secure.gravatar.com\\\/avatar\\\/d4fe7459cfc51ff5129ce1a732bbef5928568b8092d412ef95611616376bbeed?s=96&d=mm&r=g\",\"url\":\"https:\\\/\\\/secure.gravatar.com\\\/avatar\\\/d4fe7459cfc51ff5129ce1a732bbef5928568b8092d412ef95611616376bbeed?s=96&d=mm&r=g\",\"contentUrl\":\"https:\\\/\\\/secure.gravatar.com\\\/avatar\\\/d4fe7459cfc51ff5129ce1a732bbef5928568b8092d412ef95611616376bbeed?s=96&d=mm&r=g\",\"caption\":\"f1000024\"},\"url\":\"https:\\\/\\\/cvinoticias.com\\\/v3\\\/author\\\/f1000024\\\/\"}]}<\/script>\n<!-- \/ Yoast SEO plugin. -->","yoast_head_json":{"title":"Identidad de g\u00e9nero: Alberto Fern\u00e1ndez anunciar\u00e1 la puesta en marcha del DNI para personas no binarias | CVI NOTICIAS","robots":{"index":"index","follow":"follow","max-snippet":"max-snippet:-1","max-image-preview":"max-image-preview:large","max-video-preview":"max-video-preview:-1"},"canonical":"https:\/\/cvinoticias.com\/v3\/identidad-de-genero-alberto-fernandez-anunciara-la-puesta-en-marcha-del-dni-para-personas-no-binarias\/","og_locale":"es_ES","og_type":"article","og_title":"Identidad de g\u00e9nero: Alberto Fern\u00e1ndez anunciar\u00e1 la puesta en marcha del DNI para personas no binarias | CVI NOTICIAS","og_description":"Alberto Fern\u00e1ndez firm\u00f3 el decreto publicado en el Bolet\u00edn Oficial y por la ma\u00f1ana har\u00e1 el anuncio oficial. La medida apunta a \u201cgarantizar el derecho a la identidad de g\u00e9nero de las personas que no se autoperciben femeninas ni masculinas\u201d La medida estar\u00e1 enmarcada dentro de la Ley de Identidad de G\u00e9nero. El acto se [&hellip;]","og_url":"https:\/\/cvinoticias.com\/v3\/identidad-de-genero-alberto-fernandez-anunciara-la-puesta-en-marcha-del-dni-para-personas-no-binarias\/","og_site_name":"CVI NOTICIAS","article_publisher":"https:\/\/www.facebook.com\/cvinoticias","article_published_time":"2021-07-21T11:21:35+00:00","og_image":[{"width":1018,"height":573,"url":"https:\/\/cvinoticias.com\/wp-content\/uploads\/2021\/07\/Screenshot_20210721-081948_Chrome.jpg","type":"image\/jpeg"}],"author":"f1000024","twitter_card":"summary_large_image","twitter_misc":{"Escrito por":"f1000024","Tiempo de lectura":"3 minutos"},"schema":{"@context":"https:\/\/schema.org","@graph":[{"@type":"Article","@id":"https:\/\/cvinoticias.com\/v3\/identidad-de-genero-alberto-fernandez-anunciara-la-puesta-en-marcha-del-dni-para-personas-no-binarias\/#article","isPartOf":{"@id":"https:\/\/cvinoticias.com\/v3\/identidad-de-genero-alberto-fernandez-anunciara-la-puesta-en-marcha-del-dni-para-personas-no-binarias\/"},"author":{"name":"f1000024","@id":"https:\/\/cvinoticias.com\/v3\/#\/schema\/person\/2db77e3c6bc03c538495d7b2b8be9b66"},"headline":"Identidad de g\u00e9nero: Alberto Fern\u00e1ndez anunciar\u00e1 la puesta en marcha del DNI para personas no binarias","datePublished":"2021-07-21T11:21:35+00:00","mainEntityOfPage":{"@id":"https:\/\/cvinoticias.com\/v3\/identidad-de-genero-alberto-fernandez-anunciara-la-puesta-en-marcha-del-dni-para-personas-no-binarias\/"},"wordCount":566,"commentCount":1,"publisher":{"@id":"https:\/\/cvinoticias.com\/v3\/#organization"},"image":{"@id":"https:\/\/cvinoticias.com\/v3\/identidad-de-genero-alberto-fernandez-anunciara-la-puesta-en-marcha-del-dni-para-personas-no-binarias\/#primaryimage"},"thumbnailUrl":"https:\/\/cvinoticias.com\/wp-content\/uploads\/2021\/07\/Screenshot_20210721-081948_Chrome.jpg","articleSection":["Informaci\u00f3n General"],"inLanguage":"es","potentialAction":[{"@type":"CommentAction","name":"Comment","target":["https:\/\/cvinoticias.com\/v3\/identidad-de-genero-alberto-fernandez-anunciara-la-puesta-en-marcha-del-dni-para-personas-no-binarias\/#respond"]}]},{"@type":"WebPage","@id":"https:\/\/cvinoticias.com\/v3\/identidad-de-genero-alberto-fernandez-anunciara-la-puesta-en-marcha-del-dni-para-personas-no-binarias\/","url":"https:\/\/cvinoticias.com\/v3\/identidad-de-genero-alberto-fernandez-anunciara-la-puesta-en-marcha-del-dni-para-personas-no-binarias\/","name":"Identidad de g\u00e9nero: Alberto Fern\u00e1ndez anunciar\u00e1 la puesta en marcha del DNI para personas no binarias | CVI NOTICIAS","isPartOf":{"@id":"https:\/\/cvinoticias.com\/v3\/#website"},"primaryImageOfPage":{"@id":"https:\/\/cvinoticias.com\/v3\/identidad-de-genero-alberto-fernandez-anunciara-la-puesta-en-marcha-del-dni-para-personas-no-binarias\/#primaryimage"},"image":{"@id":"https:\/\/cvinoticias.com\/v3\/identidad-de-genero-alberto-fernandez-anunciara-la-puesta-en-marcha-del-dni-para-personas-no-binarias\/#primaryimage"},"thumbnailUrl":"https:\/\/cvinoticias.com\/wp-content\/uploads\/2021\/07\/Screenshot_20210721-081948_Chrome.jpg","datePublished":"2021-07-21T11:21:35+00:00","breadcrumb":{"@id":"https:\/\/cvinoticias.com\/v3\/identidad-de-genero-alberto-fernandez-anunciara-la-puesta-en-marcha-del-dni-para-personas-no-binarias\/#breadcrumb"},"inLanguage":"es","potentialAction":[{"@type":"ReadAction","target":["https:\/\/cvinoticias.com\/v3\/identidad-de-genero-alberto-fernandez-anunciara-la-puesta-en-marcha-del-dni-para-personas-no-binarias\/"]}]},{"@type":"ImageObject","inLanguage":"es","@id":"https:\/\/cvinoticias.com\/v3\/identidad-de-genero-alberto-fernandez-anunciara-la-puesta-en-marcha-del-dni-para-personas-no-binarias\/#primaryimage","url":"https:\/\/cvinoticias.com\/wp-content\/uploads\/2021\/07\/Screenshot_20210721-081948_Chrome.jpg","contentUrl":"https:\/\/cvinoticias.com\/wp-content\/uploads\/2021\/07\/Screenshot_20210721-081948_Chrome.jpg","width":1018,"height":573},{"@type":"BreadcrumbList","@id":"https:\/\/cvinoticias.com\/v3\/identidad-de-genero-alberto-fernandez-anunciara-la-puesta-en-marcha-del-dni-para-personas-no-binarias\/#breadcrumb","itemListElement":[{"@type":"ListItem","position":1,"name":"Portada","item":"https:\/\/cvinoticias.com\/v3\/"},{"@type":"ListItem","position":2,"name":"Identidad de g\u00e9nero: Alberto Fern\u00e1ndez anunciar\u00e1 la puesta en marcha del DNI para personas no binarias"}]},{"@type":"WebSite","@id":"https:\/\/cvinoticias.com\/v3\/#website","url":"https:\/\/cvinoticias.com\/v3\/","name":"CVI NOTICIAS","description":"","publisher":{"@id":"https:\/\/cvinoticias.com\/v3\/#organization"},"alternateName":"CVI","potentialAction":[{"@type":"SearchAction","target":{"@type":"EntryPoint","urlTemplate":"https:\/\/cvinoticias.com\/v3\/?s={search_term_string}"},"query-input":{"@type":"PropertyValueSpecification","valueRequired":true,"valueName":"search_term_string"}}],"inLanguage":"es"},{"@type":"Organization","@id":"https:\/\/cvinoticias.com\/v3\/#organization","name":"CVI NOTICIAS","url":"https:\/\/cvinoticias.com\/v3\/","logo":{"@type":"ImageObject","inLanguage":"es","@id":"https:\/\/cvinoticias.com\/v3\/#\/schema\/logo\/image\/","url":"https:\/\/cvinoticias.com\/wp-content\/uploads\/2023\/04\/cropped-cropped-cropped-cropped-cropped-3-1.png","contentUrl":"https:\/\/cvinoticias.com\/wp-content\/uploads\/2023\/04\/cropped-cropped-cropped-cropped-cropped-3-1.png","width":95,"height":122,"caption":"CVI NOTICIAS"},"image":{"@id":"https:\/\/cvinoticias.com\/v3\/#\/schema\/logo\/image\/"},"sameAs":["https:\/\/www.facebook.com\/cvinoticias","https:\/\/www.instagram.com\/cvinoticias\/","https:\/\/www.youtube.com\/@CVINOTICIAS"]},{"@type":"Person","@id":"https:\/\/cvinoticias.com\/v3\/#\/schema\/person\/2db77e3c6bc03c538495d7b2b8be9b66","name":"f1000024","image":{"@type":"ImageObject","inLanguage":"es","@id":"https:\/\/secure.gravatar.com\/avatar\/d4fe7459cfc51ff5129ce1a732bbef5928568b8092d412ef95611616376bbeed?s=96&d=mm&r=g","url":"https:\/\/secure.gravatar.com\/avatar\/d4fe7459cfc51ff5129ce1a732bbef5928568b8092d412ef95611616376bbeed?s=96&d=mm&r=g","contentUrl":"https:\/\/secure.gravatar.com\/avatar\/d4fe7459cfc51ff5129ce1a732bbef5928568b8092d412ef95611616376bbeed?s=96&d=mm&r=g","caption":"f1000024"},"url":"https:\/\/cvinoticias.com\/v3\/author\/f1000024\/"}]}},"_links":{"self":[{"href":"https:\/\/cvinoticias.com\/v3\/wp-json\/wp\/v2\/posts\/6974","targetHints":{"allow":["GET"]}}],"collection":[{"href":"https:\/\/cvinoticias.com\/v3\/wp-json\/wp\/v2\/posts"}],"about":[{"href":"https:\/\/cvinoticias.com\/v3\/wp-json\/wp\/v2\/types\/post"}],"author":[{"embeddable":true,"href":"https:\/\/cvinoticias.com\/v3\/wp-json\/wp\/v2\/users\/2"}],"replies":[{"embeddable":true,"href":"https:\/\/cvinoticias.com\/v3\/wp-json\/wp\/v2\/comments?post=6974"}],"version-history":[{"count":1,"href":"https:\/\/cvinoticias.com\/v3\/wp-json\/wp\/v2\/posts\/6974\/revisions"}],"predecessor-version":[{"id":6976,"href":"https:\/\/cvinoticias.com\/v3\/wp-json\/wp\/v2\/posts\/6974\/revisions\/6976"}],"wp:featuredmedia":[{"embeddable":true,"href":"https:\/\/cvinoticias.com\/v3\/wp-json\/wp\/v2\/media\/6975"}],"wp:attachment":[{"href":"https:\/\/cvinoticias.com\/v3\/wp-json\/wp\/v2\/media?parent=6974"}],"wp:term":[{"taxonomy":"category","embeddable":true,"href":"https:\/\/cvinoticias.com\/v3\/wp-json\/wp\/v2\/categories?post=6974"},{"taxonomy":"post_tag","embeddable":true,"href":"https:\/\/cvinoticias.com\/v3\/wp-json\/wp\/v2\/tags?post=6974"}],"curies":[{"name":"wp","href":"https:\/\/api.w.org\/{rel}","templated":true}]}}