{"id":6971,"date":"2021-07-21T11:05:49","date_gmt":"2021-07-21T11:05:49","guid":{"rendered":"https:\/\/cvinoticias.com\/v3\/?p=6971"},"modified":"2021-07-21T11:05:49","modified_gmt":"2021-07-21T11:05:49","slug":"elecciones-argentina-2021-que-dia-se-vota-en-las-paso-y-en-las-elecciones-generales","status":"publish","type":"post","link":"https:\/\/cvinoticias.com\/v3\/elecciones-argentina-2021-que-dia-se-vota-en-las-paso-y-en-las-elecciones-generales\/","title":{"rendered":"Elecciones Argentina 2021: qu\u00e9 d\u00eda se vota en las PASO y en las elecciones generales"},"content":{"rendered":"\n<p><strong><em>Debido a la emergencia sanitaria, las fechas de las PASO y las elecciones generales han sido postergadas. Cuando son las PASO, cuando son las generales y que necesitar para poder votar en las elecciones 2021.<\/em><\/strong><\/p>\n\n\n\n<p>El pasado mes de junio se aprob\u00f3 en el Congreso, por amplia mayor\u00eda, el proyecto que posterga las elecciones Primarias, Abiertas, Simult\u00e1neas y Obligatorias (PASO) y las elecciones generales legislativas debido a la emergencia sanitaria producto de la pandemia del Covid-19.<\/p>\n\n\n\n<p>El proyecto indica: \u00abEl aplazamiento de la celebraci\u00f3n de los comicios a meses con temperaturas m\u00e1s elevadas permitir\u00e1 optimizar la ventilaci\u00f3n de los locales de votaci\u00f3n y la implementaci\u00f3n de los protocolos sanitarios (\u2026) durante ese lapso de tiempo adicional, se continuar\u00e1 avanzando con la masiva campa\u00f1a de vacunaci\u00f3n (\u2026) coadyuvando a un mejor cuidado de la mayor cantidad posible de argentinos y argentinas que deben cumplir con su deber c\u00edvico\u00bb.<\/p>\n\n\n\n<p>De esta manera, se ha modificado el cronograma electoral de la C\u00e1mara Nacional Electoral (CNE). Las PASO, que generalmente son en agosto, se har\u00e1n el 12 de septiembre, mientras que las generales, celebradas siempre en octubre, tendr\u00e1n lugar el 14 de noviembre.<\/p>\n\n\n\n<p><strong>QU\u00c9\u00a0SE VOTA EN LAS PASO Y EN LAS ELECCIONES GENERALES 2021<\/strong><\/p>\n\n\n\n<p>Este a\u00f1o se celebran las elecciones legislativas: la C\u00e1mara de Diputados renovar\u00e1 127 de sus 257 bancas y la C\u00e1mara de Senadores renovar\u00e1 24 de sus 54 bancas.<\/p>\n\n\n\n<p>Quien m\u00e1s bancas deber\u00e1 defender en Diputados es Juntos por el Cambio, mientras que el Frente de Todos defender\u00e1 51 bancas y otros espacios pol\u00edticos se ocuparan de las 16 restantes. En tanto a la C\u00e1mara de Senadores, 15 de las bancas que se disputan pertenecen al Frente de Todos, ocho pertenecen a Juntos por el Cambio y el resto de las bancas conforman un monobloque<\/p>\n\n\n\n<p>.<\/p>\n","protected":false},"excerpt":{"rendered":"<p>Debido a la emergencia sanitaria, las fechas de las PASO y las elecciones generales han sido postergadas. Cuando son las PASO, cuando son las generales y que necesitar para poder votar en las elecciones 2021. El pasado mes de junio se aprob\u00f3 en el Congreso, por amplia mayor\u00eda, el proyecto que posterga las elecciones Primarias, [&hellip;]<\/p>\n","protected":false},"author":2,"featured_media":6972,"comment_status":"open","ping_status":"open","sticky":false,"template":"","format":"standard","meta":{"footnotes":""},"categories":[42],"tags":[],"class_list":["post-6971","post","type-post","status-publish","format-standard","has-post-thumbnail","hentry","category-politica"],"yoast_head":"<!-- This site is optimized with the Yoast SEO plugin v27.5 - https:\/\/yoast.com\/product\/yoast-seo-wordpress\/ -->\n<title>Elecciones Argentina 2021: qu\u00e9 d\u00eda se vota en las PASO y en las elecciones generales | CVI NOTICIAS<\/title>\n<meta name=\"robots\" content=\"index, follow, max-snippet:-1, max-image-preview:large, max-video-preview:-1\" \/>\n<link rel=\"canonical\" href=\"https:\/\/cvinoticias.com\/v3\/elecciones-argentina-2021-que-dia-se-vota-en-las-paso-y-en-las-elecciones-generales\/\" \/>\n<meta property=\"og:locale\" content=\"es_ES\" \/>\n<meta property=\"og:type\" content=\"article\" \/>\n<meta property=\"og:title\" content=\"Elecciones Argentina 2021: qu\u00e9 d\u00eda se vota en las PASO y en las elecciones generales | CVI NOTICIAS\" \/>\n<meta property=\"og:description\" content=\"Debido a la emergencia sanitaria, las fechas de las PASO y las elecciones generales han sido postergadas. Cuando son las PASO, cuando son las generales y que necesitar para poder votar en las elecciones 2021. El pasado mes de junio se aprob\u00f3 en el Congreso, por amplia mayor\u00eda, el proyecto que posterga las elecciones Primarias, [&hellip;]\" \/>\n<meta property=\"og:url\" content=\"https:\/\/cvinoticias.com\/v3\/elecciones-argentina-2021-que-dia-se-vota-en-las-paso-y-en-las-elecciones-generales\/\" \/>\n<meta property=\"og:site_name\" content=\"CVI NOTICIAS\" \/>\n<meta property=\"article:publisher\" content=\"https:\/\/www.facebook.com\/cvinoticias\" \/>\n<meta property=\"article:published_time\" content=\"2021-07-21T11:05:49+00:00\" \/>\n<meta property=\"og:image\" content=\"https:\/\/cvinoticias.com\/wp-content\/uploads\/2021\/07\/elecciones-urna-voto.jpg_258117318.jpg\" \/>\n\t<meta property=\"og:image:width\" content=\"829\" \/>\n\t<meta property=\"og:image:height\" content=\"466\" \/>\n\t<meta property=\"og:image:type\" content=\"image\/jpeg\" \/>\n<meta name=\"author\" content=\"f1000024\" \/>\n<meta name=\"twitter:card\" content=\"summary_large_image\" \/>\n<meta name=\"twitter:label1\" content=\"Escrito por\" \/>\n\t<meta name=\"twitter:data1\" content=\"f1000024\" \/>\n\t<meta name=\"twitter:label2\" content=\"Tiempo de lectura\" \/>\n\t<meta name=\"twitter:data2\" content=\"2 minutos\" \/>\n<script type=\"application\/ld+json\" class=\"yoast-schema-graph\">{\"@context\":\"https:\\\/\\\/schema.org\",\"@graph\":[{\"@type\":\"Article\",\"@id\":\"https:\\\/\\\/cvinoticias.com\\\/v3\\\/elecciones-argentina-2021-que-dia-se-vota-en-las-paso-y-en-las-elecciones-generales\\\/#article\",\"isPartOf\":{\"@id\":\"https:\\\/\\\/cvinoticias.com\\\/v3\\\/elecciones-argentina-2021-que-dia-se-vota-en-las-paso-y-en-las-elecciones-generales\\\/\"},\"author\":{\"name\":\"f1000024\",\"@id\":\"https:\\\/\\\/cvinoticias.com\\\/v3\\\/#\\\/schema\\\/person\\\/2db77e3c6bc03c538495d7b2b8be9b66\"},\"headline\":\"Elecciones Argentina 2021: qu\u00e9 d\u00eda se vota en las PASO y en las elecciones generales\",\"datePublished\":\"2021-07-21T11:05:49+00:00\",\"mainEntityOfPage\":{\"@id\":\"https:\\\/\\\/cvinoticias.com\\\/v3\\\/elecciones-argentina-2021-que-dia-se-vota-en-las-paso-y-en-las-elecciones-generales\\\/\"},\"wordCount\":316,\"commentCount\":0,\"publisher\":{\"@id\":\"https:\\\/\\\/cvinoticias.com\\\/v3\\\/#organization\"},\"image\":{\"@id\":\"https:\\\/\\\/cvinoticias.com\\\/v3\\\/elecciones-argentina-2021-que-dia-se-vota-en-las-paso-y-en-las-elecciones-generales\\\/#primaryimage\"},\"thumbnailUrl\":\"https:\\\/\\\/cvinoticias.com\\\/wp-content\\\/uploads\\\/2021\\\/07\\\/elecciones-urna-voto.jpg_258117318.jpg\",\"articleSection\":[\"Politica\"],\"inLanguage\":\"es\",\"potentialAction\":[{\"@type\":\"CommentAction\",\"name\":\"Comment\",\"target\":[\"https:\\\/\\\/cvinoticias.com\\\/v3\\\/elecciones-argentina-2021-que-dia-se-vota-en-las-paso-y-en-las-elecciones-generales\\\/#respond\"]}]},{\"@type\":\"WebPage\",\"@id\":\"https:\\\/\\\/cvinoticias.com\\\/v3\\\/elecciones-argentina-2021-que-dia-se-vota-en-las-paso-y-en-las-elecciones-generales\\\/\",\"url\":\"https:\\\/\\\/cvinoticias.com\\\/v3\\\/elecciones-argentina-2021-que-dia-se-vota-en-las-paso-y-en-las-elecciones-generales\\\/\",\"name\":\"Elecciones Argentina 2021: qu\u00e9 d\u00eda se vota en las PASO y en las elecciones generales | CVI NOTICIAS\",\"isPartOf\":{\"@id\":\"https:\\\/\\\/cvinoticias.com\\\/v3\\\/#website\"},\"primaryImageOfPage\":{\"@id\":\"https:\\\/\\\/cvinoticias.com\\\/v3\\\/elecciones-argentina-2021-que-dia-se-vota-en-las-paso-y-en-las-elecciones-generales\\\/#primaryimage\"},\"image\":{\"@id\":\"https:\\\/\\\/cvinoticias.com\\\/v3\\\/elecciones-argentina-2021-que-dia-se-vota-en-las-paso-y-en-las-elecciones-generales\\\/#primaryimage\"},\"thumbnailUrl\":\"https:\\\/\\\/cvinoticias.com\\\/wp-content\\\/uploads\\\/2021\\\/07\\\/elecciones-urna-voto.jpg_258117318.jpg\",\"datePublished\":\"2021-07-21T11:05:49+00:00\",\"breadcrumb\":{\"@id\":\"https:\\\/\\\/cvinoticias.com\\\/v3\\\/elecciones-argentina-2021-que-dia-se-vota-en-las-paso-y-en-las-elecciones-generales\\\/#breadcrumb\"},\"inLanguage\":\"es\",\"potentialAction\":[{\"@type\":\"ReadAction\",\"target\":[\"https:\\\/\\\/cvinoticias.com\\\/v3\\\/elecciones-argentina-2021-que-dia-se-vota-en-las-paso-y-en-las-elecciones-generales\\\/\"]}]},{\"@type\":\"ImageObject\",\"inLanguage\":\"es\",\"@id\":\"https:\\\/\\\/cvinoticias.com\\\/v3\\\/elecciones-argentina-2021-que-dia-se-vota-en-las-paso-y-en-las-elecciones-generales\\\/#primaryimage\",\"url\":\"https:\\\/\\\/cvinoticias.com\\\/wp-content\\\/uploads\\\/2021\\\/07\\\/elecciones-urna-voto.jpg_258117318.jpg\",\"contentUrl\":\"https:\\\/\\\/cvinoticias.com\\\/wp-content\\\/uploads\\\/2021\\\/07\\\/elecciones-urna-voto.jpg_258117318.jpg\",\"width\":829,\"height\":466},{\"@type\":\"BreadcrumbList\",\"@id\":\"https:\\\/\\\/cvinoticias.com\\\/v3\\\/elecciones-argentina-2021-que-dia-se-vota-en-las-paso-y-en-las-elecciones-generales\\\/#breadcrumb\",\"itemListElement\":[{\"@type\":\"ListItem\",\"position\":1,\"name\":\"Portada\",\"item\":\"https:\\\/\\\/cvinoticias.com\\\/v3\\\/\"},{\"@type\":\"ListItem\",\"position\":2,\"name\":\"Elecciones Argentina 2021: qu\u00e9 d\u00eda se vota en las PASO y en las elecciones generales\"}]},{\"@type\":\"WebSite\",\"@id\":\"https:\\\/\\\/cvinoticias.com\\\/v3\\\/#website\",\"url\":\"https:\\\/\\\/cvinoticias.com\\\/v3\\\/\",\"name\":\"CVI NOTICIAS\",\"description\":\"\",\"publisher\":{\"@id\":\"https:\\\/\\\/cvinoticias.com\\\/v3\\\/#organization\"},\"alternateName\":\"CVI\",\"potentialAction\":[{\"@type\":\"SearchAction\",\"target\":{\"@type\":\"EntryPoint\",\"urlTemplate\":\"https:\\\/\\\/cvinoticias.com\\\/v3\\\/?s={search_term_string}\"},\"query-input\":{\"@type\":\"PropertyValueSpecification\",\"valueRequired\":true,\"valueName\":\"search_term_string\"}}],\"inLanguage\":\"es\"},{\"@type\":\"Organization\",\"@id\":\"https:\\\/\\\/cvinoticias.com\\\/v3\\\/#organization\",\"name\":\"CVI NOTICIAS\",\"url\":\"https:\\\/\\\/cvinoticias.com\\\/v3\\\/\",\"logo\":{\"@type\":\"ImageObject\",\"inLanguage\":\"es\",\"@id\":\"https:\\\/\\\/cvinoticias.com\\\/v3\\\/#\\\/schema\\\/logo\\\/image\\\/\",\"url\":\"https:\\\/\\\/cvinoticias.com\\\/wp-content\\\/uploads\\\/2023\\\/04\\\/cropped-cropped-cropped-cropped-cropped-3-1.png\",\"contentUrl\":\"https:\\\/\\\/cvinoticias.com\\\/wp-content\\\/uploads\\\/2023\\\/04\\\/cropped-cropped-cropped-cropped-cropped-3-1.png\",\"width\":95,\"height\":122,\"caption\":\"CVI NOTICIAS\"},\"image\":{\"@id\":\"https:\\\/\\\/cvinoticias.com\\\/v3\\\/#\\\/schema\\\/logo\\\/image\\\/\"},\"sameAs\":[\"https:\\\/\\\/www.facebook.com\\\/cvinoticias\",\"https:\\\/\\\/www.instagram.com\\\/cvinoticias\\\/\",\"https:\\\/\\\/www.youtube.com\\\/@CVINOTICIAS\"]},{\"@type\":\"Person\",\"@id\":\"https:\\\/\\\/cvinoticias.com\\\/v3\\\/#\\\/schema\\\/person\\\/2db77e3c6bc03c538495d7b2b8be9b66\",\"name\":\"f1000024\",\"image\":{\"@type\":\"ImageObject\",\"inLanguage\":\"es\",\"@id\":\"https:\\\/\\\/secure.gravatar.com\\\/avatar\\\/d4fe7459cfc51ff5129ce1a732bbef5928568b8092d412ef95611616376bbeed?s=96&d=mm&r=g\",\"url\":\"https:\\\/\\\/secure.gravatar.com\\\/avatar\\\/d4fe7459cfc51ff5129ce1a732bbef5928568b8092d412ef95611616376bbeed?s=96&d=mm&r=g\",\"contentUrl\":\"https:\\\/\\\/secure.gravatar.com\\\/avatar\\\/d4fe7459cfc51ff5129ce1a732bbef5928568b8092d412ef95611616376bbeed?s=96&d=mm&r=g\",\"caption\":\"f1000024\"},\"url\":\"https:\\\/\\\/cvinoticias.com\\\/v3\\\/author\\\/f1000024\\\/\"}]}<\/script>\n<!-- \/ Yoast SEO plugin. -->","yoast_head_json":{"title":"Elecciones Argentina 2021: qu\u00e9 d\u00eda se vota en las PASO y en las elecciones generales | CVI NOTICIAS","robots":{"index":"index","follow":"follow","max-snippet":"max-snippet:-1","max-image-preview":"max-image-preview:large","max-video-preview":"max-video-preview:-1"},"canonical":"https:\/\/cvinoticias.com\/v3\/elecciones-argentina-2021-que-dia-se-vota-en-las-paso-y-en-las-elecciones-generales\/","og_locale":"es_ES","og_type":"article","og_title":"Elecciones Argentina 2021: qu\u00e9 d\u00eda se vota en las PASO y en las elecciones generales | CVI NOTICIAS","og_description":"Debido a la emergencia sanitaria, las fechas de las PASO y las elecciones generales han sido postergadas. Cuando son las PASO, cuando son las generales y que necesitar para poder votar en las elecciones 2021. El pasado mes de junio se aprob\u00f3 en el Congreso, por amplia mayor\u00eda, el proyecto que posterga las elecciones Primarias, [&hellip;]","og_url":"https:\/\/cvinoticias.com\/v3\/elecciones-argentina-2021-que-dia-se-vota-en-las-paso-y-en-las-elecciones-generales\/","og_site_name":"CVI NOTICIAS","article_publisher":"https:\/\/www.facebook.com\/cvinoticias","article_published_time":"2021-07-21T11:05:49+00:00","og_image":[{"width":829,"height":466,"url":"https:\/\/cvinoticias.com\/wp-content\/uploads\/2021\/07\/elecciones-urna-voto.jpg_258117318.jpg","type":"image\/jpeg"}],"author":"f1000024","twitter_card":"summary_large_image","twitter_misc":{"Escrito por":"f1000024","Tiempo de lectura":"2 minutos"},"schema":{"@context":"https:\/\/schema.org","@graph":[{"@type":"Article","@id":"https:\/\/cvinoticias.com\/v3\/elecciones-argentina-2021-que-dia-se-vota-en-las-paso-y-en-las-elecciones-generales\/#article","isPartOf":{"@id":"https:\/\/cvinoticias.com\/v3\/elecciones-argentina-2021-que-dia-se-vota-en-las-paso-y-en-las-elecciones-generales\/"},"author":{"name":"f1000024","@id":"https:\/\/cvinoticias.com\/v3\/#\/schema\/person\/2db77e3c6bc03c538495d7b2b8be9b66"},"headline":"Elecciones Argentina 2021: qu\u00e9 d\u00eda se vota en las PASO y en las elecciones generales","datePublished":"2021-07-21T11:05:49+00:00","mainEntityOfPage":{"@id":"https:\/\/cvinoticias.com\/v3\/elecciones-argentina-2021-que-dia-se-vota-en-las-paso-y-en-las-elecciones-generales\/"},"wordCount":316,"commentCount":0,"publisher":{"@id":"https:\/\/cvinoticias.com\/v3\/#organization"},"image":{"@id":"https:\/\/cvinoticias.com\/v3\/elecciones-argentina-2021-que-dia-se-vota-en-las-paso-y-en-las-elecciones-generales\/#primaryimage"},"thumbnailUrl":"https:\/\/cvinoticias.com\/wp-content\/uploads\/2021\/07\/elecciones-urna-voto.jpg_258117318.jpg","articleSection":["Politica"],"inLanguage":"es","potentialAction":[{"@type":"CommentAction","name":"Comment","target":["https:\/\/cvinoticias.com\/v3\/elecciones-argentina-2021-que-dia-se-vota-en-las-paso-y-en-las-elecciones-generales\/#respond"]}]},{"@type":"WebPage","@id":"https:\/\/cvinoticias.com\/v3\/elecciones-argentina-2021-que-dia-se-vota-en-las-paso-y-en-las-elecciones-generales\/","url":"https:\/\/cvinoticias.com\/v3\/elecciones-argentina-2021-que-dia-se-vota-en-las-paso-y-en-las-elecciones-generales\/","name":"Elecciones Argentina 2021: qu\u00e9 d\u00eda se vota en las PASO y en las elecciones generales | CVI NOTICIAS","isPartOf":{"@id":"https:\/\/cvinoticias.com\/v3\/#website"},"primaryImageOfPage":{"@id":"https:\/\/cvinoticias.com\/v3\/elecciones-argentina-2021-que-dia-se-vota-en-las-paso-y-en-las-elecciones-generales\/#primaryimage"},"image":{"@id":"https:\/\/cvinoticias.com\/v3\/elecciones-argentina-2021-que-dia-se-vota-en-las-paso-y-en-las-elecciones-generales\/#primaryimage"},"thumbnailUrl":"https:\/\/cvinoticias.com\/wp-content\/uploads\/2021\/07\/elecciones-urna-voto.jpg_258117318.jpg","datePublished":"2021-07-21T11:05:49+00:00","breadcrumb":{"@id":"https:\/\/cvinoticias.com\/v3\/elecciones-argentina-2021-que-dia-se-vota-en-las-paso-y-en-las-elecciones-generales\/#breadcrumb"},"inLanguage":"es","potentialAction":[{"@type":"ReadAction","target":["https:\/\/cvinoticias.com\/v3\/elecciones-argentina-2021-que-dia-se-vota-en-las-paso-y-en-las-elecciones-generales\/"]}]},{"@type":"ImageObject","inLanguage":"es","@id":"https:\/\/cvinoticias.com\/v3\/elecciones-argentina-2021-que-dia-se-vota-en-las-paso-y-en-las-elecciones-generales\/#primaryimage","url":"https:\/\/cvinoticias.com\/wp-content\/uploads\/2021\/07\/elecciones-urna-voto.jpg_258117318.jpg","contentUrl":"https:\/\/cvinoticias.com\/wp-content\/uploads\/2021\/07\/elecciones-urna-voto.jpg_258117318.jpg","width":829,"height":466},{"@type":"BreadcrumbList","@id":"https:\/\/cvinoticias.com\/v3\/elecciones-argentina-2021-que-dia-se-vota-en-las-paso-y-en-las-elecciones-generales\/#breadcrumb","itemListElement":[{"@type":"ListItem","position":1,"name":"Portada","item":"https:\/\/cvinoticias.com\/v3\/"},{"@type":"ListItem","position":2,"name":"Elecciones Argentina 2021: qu\u00e9 d\u00eda se vota en las PASO y en las elecciones generales"}]},{"@type":"WebSite","@id":"https:\/\/cvinoticias.com\/v3\/#website","url":"https:\/\/cvinoticias.com\/v3\/","name":"CVI NOTICIAS","description":"","publisher":{"@id":"https:\/\/cvinoticias.com\/v3\/#organization"},"alternateName":"CVI","potentialAction":[{"@type":"SearchAction","target":{"@type":"EntryPoint","urlTemplate":"https:\/\/cvinoticias.com\/v3\/?s={search_term_string}"},"query-input":{"@type":"PropertyValueSpecification","valueRequired":true,"valueName":"search_term_string"}}],"inLanguage":"es"},{"@type":"Organization","@id":"https:\/\/cvinoticias.com\/v3\/#organization","name":"CVI NOTICIAS","url":"https:\/\/cvinoticias.com\/v3\/","logo":{"@type":"ImageObject","inLanguage":"es","@id":"https:\/\/cvinoticias.com\/v3\/#\/schema\/logo\/image\/","url":"https:\/\/cvinoticias.com\/wp-content\/uploads\/2023\/04\/cropped-cropped-cropped-cropped-cropped-3-1.png","contentUrl":"https:\/\/cvinoticias.com\/wp-content\/uploads\/2023\/04\/cropped-cropped-cropped-cropped-cropped-3-1.png","width":95,"height":122,"caption":"CVI NOTICIAS"},"image":{"@id":"https:\/\/cvinoticias.com\/v3\/#\/schema\/logo\/image\/"},"sameAs":["https:\/\/www.facebook.com\/cvinoticias","https:\/\/www.instagram.com\/cvinoticias\/","https:\/\/www.youtube.com\/@CVINOTICIAS"]},{"@type":"Person","@id":"https:\/\/cvinoticias.com\/v3\/#\/schema\/person\/2db77e3c6bc03c538495d7b2b8be9b66","name":"f1000024","image":{"@type":"ImageObject","inLanguage":"es","@id":"https:\/\/secure.gravatar.com\/avatar\/d4fe7459cfc51ff5129ce1a732bbef5928568b8092d412ef95611616376bbeed?s=96&d=mm&r=g","url":"https:\/\/secure.gravatar.com\/avatar\/d4fe7459cfc51ff5129ce1a732bbef5928568b8092d412ef95611616376bbeed?s=96&d=mm&r=g","contentUrl":"https:\/\/secure.gravatar.com\/avatar\/d4fe7459cfc51ff5129ce1a732bbef5928568b8092d412ef95611616376bbeed?s=96&d=mm&r=g","caption":"f1000024"},"url":"https:\/\/cvinoticias.com\/v3\/author\/f1000024\/"}]}},"_links":{"self":[{"href":"https:\/\/cvinoticias.com\/v3\/wp-json\/wp\/v2\/posts\/6971","targetHints":{"allow":["GET"]}}],"collection":[{"href":"https:\/\/cvinoticias.com\/v3\/wp-json\/wp\/v2\/posts"}],"about":[{"href":"https:\/\/cvinoticias.com\/v3\/wp-json\/wp\/v2\/types\/post"}],"author":[{"embeddable":true,"href":"https:\/\/cvinoticias.com\/v3\/wp-json\/wp\/v2\/users\/2"}],"replies":[{"embeddable":true,"href":"https:\/\/cvinoticias.com\/v3\/wp-json\/wp\/v2\/comments?post=6971"}],"version-history":[{"count":1,"href":"https:\/\/cvinoticias.com\/v3\/wp-json\/wp\/v2\/posts\/6971\/revisions"}],"predecessor-version":[{"id":6973,"href":"https:\/\/cvinoticias.com\/v3\/wp-json\/wp\/v2\/posts\/6971\/revisions\/6973"}],"wp:featuredmedia":[{"embeddable":true,"href":"https:\/\/cvinoticias.com\/v3\/wp-json\/wp\/v2\/media\/6972"}],"wp:attachment":[{"href":"https:\/\/cvinoticias.com\/v3\/wp-json\/wp\/v2\/media?parent=6971"}],"wp:term":[{"taxonomy":"category","embeddable":true,"href":"https:\/\/cvinoticias.com\/v3\/wp-json\/wp\/v2\/categories?post=6971"},{"taxonomy":"post_tag","embeddable":true,"href":"https:\/\/cvinoticias.com\/v3\/wp-json\/wp\/v2\/tags?post=6971"}],"curies":[{"name":"wp","href":"https:\/\/api.w.org\/{rel}","templated":true}]}}