{"id":6958,"date":"2021-07-20T21:44:44","date_gmt":"2021-07-20T21:44:44","guid":{"rendered":"https:\/\/cvinoticias.com\/v3\/?p=6958"},"modified":"2021-07-20T21:44:44","modified_gmt":"2021-07-20T21:44:44","slug":"el-gobernador-recibio-a-atleta-paralimpico-que-brindara-charlas-deportivas-y-clinicas-en-la-provincia","status":"publish","type":"post","link":"https:\/\/cvinoticias.com\/v3\/el-gobernador-recibio-a-atleta-paralimpico-que-brindara-charlas-deportivas-y-clinicas-en-la-provincia\/","title":{"rendered":"El Gobernador recibi\u00f3 a atleta paral\u00edmpico que brindar\u00e1 charlas deportivas y cl\u00ednicas en la Provincia"},"content":{"rendered":"\n<p><strong><em>El Gobernador recibi\u00f3 esta ma\u00f1ana a Alejandro Maldonado, deportista paral\u00edmpico argentino de reconocida trayectoria. El atleta eligi\u00f3 el CePARD para entrenar durante 10 d\u00edas. Adem\u00e1s en el marco de su visita a la provincia, brindar\u00e1 charlas y cl\u00ednicas para deportistas misioneros.<\/em><\/strong><\/p>\n\n\n\n<p>Esta ma\u00f1ana, en Sala de Situaci\u00f3n, el gobernador Oscar Herrera Ahuad recibi\u00f3 al deportista Alejandro Maldonado, atleta paral\u00edmpico argentino de reconocida trayectoria que eligi\u00f3 el CePARD para entrenarse durante 10 d\u00edas para su pr\u00f3xima competencia. Adem\u00e1s, en el marco de su estad\u00eda, el deportista de alto rendimiento compartir\u00e1 su experiencia con deportistas misioneros a trav\u00e9s de charlas y cl\u00ednicas que se realizar\u00e1n en Posadas, Puerto Rico y Puerto Iguaz\u00fa.<\/p>\n\n\n\n<p>El Gobernador salud\u00f3 al deportista \u201ccomo un amigo de los misioneros\u201d y dijo que su visita \u201cnos ayuda much\u00edsimo, porque un misionero que se estimule con tu vivencia, con tu experiencia, con uno nom\u00e1s ya habremos ganado much\u00edsimo, porque esa persona puede transmitir el mensaje a miles\u201d, asegur\u00f3 Herrera Ahuad.<br>Por otra parte reconoci\u00f3 el esfuerzo del deportista, ya que \u201cvenir a Misiones, para quienes vienen de la gran ciudad, es muy dif\u00edcil, pero cuando hay ganas, cuando uno quiere transmitir en otras latitudes c\u00f3mo se fue superando, no hay barrera que lo impida\u201d, dijo al agradecerle su presencia en la provincia. Valor\u00f3 el Gobernador el gesto de \u201cestar en Misiones para ayudarnos, para acompa\u00f1arnos, para transmitirnos experiencias\u201d.<\/p>\n\n\n\n<p>Del mismo modo, el primer mandatario habl\u00f3 sobre las pol\u00edticas de igualdad de oportunidades para Misiones y que se busca extenderlas a todas las ciudades. \u201cNosotros tenemos un esquema de trabajo s\u00f3lido por el cual desde el lugar m\u00e1s alejado hasta la ciudad capital llegan las pol\u00edticas p\u00fablicas y tratamos de que todos se beneficien en igualdad de oportunidades\u201d, explic\u00f3 y reiter\u00f3 su alegr\u00eda por la presencia de Maldonado en la provincia. .<\/p>\n\n\n\n<p>Por su parte, Maldonado manifest\u00f3 su alegr\u00eda de estar en Misiones y reconoci\u00f3 que con acciones como la del Gobernador, intercambiando su silla convencional con la silla de ruedas del propio deportista, muestra \u201cqu\u00e9 clase de personas hay ac\u00e1, me permiti\u00f3 darme cuenta de la clase de gente que hay ac\u00e1 en Misiones y que se encuentra en muy pocos lugares. No existe que un gobernador se siente en una silla de ruedas y no existe tampoco que un atleta paral\u00edmpico ocupe su lugar, por eso queda reflejado la clase de persona que hay en Misiones\u201d, destac\u00f3. Y en ese sentido Maldonado se comprometi\u00f3 a regalar una silla de ruedas profesional de competici\u00f3n a Misiones.<\/p>\n\n\n\n<p>Adem\u00e1s compartieron la mesa de trabajo en la reuni\u00f3n, la Senadora Nacional, Magdalena Solari Quintana; el Intendente de Posadas, Leonardo Stelatto; el ministro de Deportes, Hector Corti y la Presidenta del Consejo Provincial de Discapacidad Lic. Mar\u00eda Kosinski.<\/p>\n\n\n\n<p>La trayectoria del deportista<\/p>\n\n\n\n<p>Alejandro Maldonado tiene 44 a\u00f1os y es oriundo de Mar del Plata, se desempe\u00f1a en la disciplina atletismo, en las pruebas 400, 800, 1.500 y 5.000 metros llanos. Compite en sillas de ruedas como parte de la disciplina de atletismo adaptado. Represent\u00f3 al pa\u00eds en los Juegos Paral\u00edmpicos de Atenas 2004 donde obtuvo el 4\u00ba puesto en 1.500 metros y semifinalista, llegando al podio en todas las categor\u00edas en las que compiti\u00f3 y en el Mundial de Dubai 2019.<\/p>\n\n\n\n<figure class=\"wp-block-image size-large is-resized\"><a href=\"https:\/\/cvinoticias.com\/wp-content\/uploads\/2021\/07\/FB_IMG_1626816942142.jpg\"><img decoding=\"async\" data-src=\"https:\/\/cvinoticias.com\/wp-content\/uploads\/2021\/07\/FB_IMG_1626816942142-1024x683.jpg\" alt=\"\" class=\"wp-image-6960 lazyload\" width=\"510\" height=\"339\" data-srcset=\"https:\/\/cvinoticias.com\/wp-content\/uploads\/2021\/07\/FB_IMG_1626816942142-1024x683.jpg 1024w, https:\/\/cvinoticias.com\/wp-content\/uploads\/2021\/07\/FB_IMG_1626816942142-300x200.jpg 300w, https:\/\/cvinoticias.com\/wp-content\/uploads\/2021\/07\/FB_IMG_1626816942142-768x512.jpg 768w, https:\/\/cvinoticias.com\/wp-content\/uploads\/2021\/07\/FB_IMG_1626816942142.jpg 1080w\" data-sizes=\"(max-width: 510px) 100vw, 510px\" src=\"data:image\/svg+xml;base64,PHN2ZyB3aWR0aD0iMSIgaGVpZ2h0PSIxIiB4bWxucz0iaHR0cDovL3d3dy53My5vcmcvMjAwMC9zdmciPjwvc3ZnPg==\" style=\"--smush-placeholder-width: 510px; --smush-placeholder-aspect-ratio: 510\/339;\" \/><\/a><\/figure>\n\n\n\n<figure class=\"wp-block-image size-large\"><a href=\"https:\/\/cvinoticias.com\/wp-content\/uploads\/2021\/07\/FB_IMG_1626816930277.jpg\"><img decoding=\"async\" width=\"1024\" height=\"683\" data-src=\"https:\/\/cvinoticias.com\/wp-content\/uploads\/2021\/07\/FB_IMG_1626816930277-1024x683.jpg\" alt=\"\" class=\"wp-image-6961 lazyload\" data-srcset=\"https:\/\/cvinoticias.com\/wp-content\/uploads\/2021\/07\/FB_IMG_1626816930277-1024x683.jpg 1024w, https:\/\/cvinoticias.com\/wp-content\/uploads\/2021\/07\/FB_IMG_1626816930277-300x200.jpg 300w, https:\/\/cvinoticias.com\/wp-content\/uploads\/2021\/07\/FB_IMG_1626816930277-768x512.jpg 768w, https:\/\/cvinoticias.com\/wp-content\/uploads\/2021\/07\/FB_IMG_1626816930277.jpg 1080w\" data-sizes=\"(max-width: 1024px) 100vw, 1024px\" src=\"data:image\/svg+xml;base64,PHN2ZyB3aWR0aD0iMSIgaGVpZ2h0PSIxIiB4bWxucz0iaHR0cDovL3d3dy53My5vcmcvMjAwMC9zdmciPjwvc3ZnPg==\" style=\"--smush-placeholder-width: 1024px; --smush-placeholder-aspect-ratio: 1024\/683;\" \/><\/a><\/figure>\n\n\n\n<figure class=\"wp-block-image size-large\"><a href=\"https:\/\/cvinoticias.com\/wp-content\/uploads\/2021\/07\/FB_IMG_1626816937933.jpg\"><img decoding=\"async\" width=\"1024\" height=\"683\" data-src=\"https:\/\/cvinoticias.com\/wp-content\/uploads\/2021\/07\/FB_IMG_1626816937933-1024x683.jpg\" alt=\"\" class=\"wp-image-6962 lazyload\" data-srcset=\"https:\/\/cvinoticias.com\/wp-content\/uploads\/2021\/07\/FB_IMG_1626816937933-1024x683.jpg 1024w, https:\/\/cvinoticias.com\/wp-content\/uploads\/2021\/07\/FB_IMG_1626816937933-300x200.jpg 300w, https:\/\/cvinoticias.com\/wp-content\/uploads\/2021\/07\/FB_IMG_1626816937933-768x512.jpg 768w, https:\/\/cvinoticias.com\/wp-content\/uploads\/2021\/07\/FB_IMG_1626816937933.jpg 1080w\" data-sizes=\"(max-width: 1024px) 100vw, 1024px\" src=\"data:image\/svg+xml;base64,PHN2ZyB3aWR0aD0iMSIgaGVpZ2h0PSIxIiB4bWxucz0iaHR0cDovL3d3dy53My5vcmcvMjAwMC9zdmciPjwvc3ZnPg==\" style=\"--smush-placeholder-width: 1024px; --smush-placeholder-aspect-ratio: 1024\/683;\" \/><\/a><\/figure>\n","protected":false},"excerpt":{"rendered":"<p>El Gobernador recibi\u00f3 esta ma\u00f1ana a Alejandro Maldonado, deportista paral\u00edmpico argentino de reconocida trayectoria. El atleta eligi\u00f3 el CePARD para entrenar durante 10 d\u00edas. Adem\u00e1s en el marco de su visita a la provincia, brindar\u00e1 charlas y cl\u00ednicas para deportistas misioneros. Esta ma\u00f1ana, en Sala de Situaci\u00f3n, el gobernador Oscar Herrera Ahuad recibi\u00f3 al deportista [&hellip;]<\/p>\n","protected":false},"author":2,"featured_media":6959,"comment_status":"open","ping_status":"open","sticky":false,"template":"","format":"standard","meta":{"footnotes":""},"categories":[24],"tags":[],"class_list":["post-6958","post","type-post","status-publish","format-standard","has-post-thumbnail","hentry","category-deportes"],"yoast_head":"<!-- This site is optimized with the Yoast SEO plugin v27.4 - https:\/\/yoast.com\/product\/yoast-seo-wordpress\/ -->\n<title>El Gobernador recibi\u00f3 a atleta paral\u00edmpico que brindar\u00e1 charlas deportivas y cl\u00ednicas en la Provincia | CVI NOTICIAS<\/title>\n<meta name=\"robots\" content=\"index, follow, max-snippet:-1, max-image-preview:large, max-video-preview:-1\" \/>\n<link rel=\"canonical\" href=\"https:\/\/cvinoticias.com\/v3\/el-gobernador-recibio-a-atleta-paralimpico-que-brindara-charlas-deportivas-y-clinicas-en-la-provincia\/\" \/>\n<meta property=\"og:locale\" content=\"es_ES\" \/>\n<meta property=\"og:type\" content=\"article\" \/>\n<meta property=\"og:title\" content=\"El Gobernador recibi\u00f3 a atleta paral\u00edmpico que brindar\u00e1 charlas deportivas y cl\u00ednicas en la Provincia | CVI NOTICIAS\" \/>\n<meta property=\"og:description\" content=\"El Gobernador recibi\u00f3 esta ma\u00f1ana a Alejandro Maldonado, deportista paral\u00edmpico argentino de reconocida trayectoria. El atleta eligi\u00f3 el CePARD para entrenar durante 10 d\u00edas. Adem\u00e1s en el marco de su visita a la provincia, brindar\u00e1 charlas y cl\u00ednicas para deportistas misioneros. Esta ma\u00f1ana, en Sala de Situaci\u00f3n, el gobernador Oscar Herrera Ahuad recibi\u00f3 al deportista [&hellip;]\" \/>\n<meta property=\"og:url\" content=\"https:\/\/cvinoticias.com\/v3\/el-gobernador-recibio-a-atleta-paralimpico-que-brindara-charlas-deportivas-y-clinicas-en-la-provincia\/\" \/>\n<meta property=\"og:site_name\" content=\"CVI NOTICIAS\" \/>\n<meta property=\"article:publisher\" content=\"https:\/\/www.facebook.com\/cvinoticias\" \/>\n<meta property=\"article:published_time\" content=\"2021-07-20T21:44:44+00:00\" \/>\n<meta property=\"og:image\" content=\"https:\/\/cvinoticias.com\/wp-content\/uploads\/2021\/07\/FB_IMG_1626816925880.jpg\" \/>\n\t<meta property=\"og:image:width\" content=\"1080\" \/>\n\t<meta property=\"og:image:height\" content=\"720\" \/>\n\t<meta property=\"og:image:type\" content=\"image\/jpeg\" \/>\n<meta name=\"author\" content=\"f1000024\" \/>\n<meta name=\"twitter:card\" content=\"summary_large_image\" \/>\n<meta name=\"twitter:label1\" content=\"Escrito por\" \/>\n\t<meta name=\"twitter:data1\" content=\"f1000024\" \/>\n\t<meta name=\"twitter:label2\" content=\"Tiempo de lectura\" \/>\n\t<meta name=\"twitter:data2\" content=\"3 minutos\" \/>\n<script type=\"application\/ld+json\" class=\"yoast-schema-graph\">{\"@context\":\"https:\\\/\\\/schema.org\",\"@graph\":[{\"@type\":\"Article\",\"@id\":\"https:\\\/\\\/cvinoticias.com\\\/v3\\\/el-gobernador-recibio-a-atleta-paralimpico-que-brindara-charlas-deportivas-y-clinicas-en-la-provincia\\\/#article\",\"isPartOf\":{\"@id\":\"https:\\\/\\\/cvinoticias.com\\\/v3\\\/el-gobernador-recibio-a-atleta-paralimpico-que-brindara-charlas-deportivas-y-clinicas-en-la-provincia\\\/\"},\"author\":{\"name\":\"f1000024\",\"@id\":\"https:\\\/\\\/cvinoticias.com\\\/v3\\\/#\\\/schema\\\/person\\\/2db77e3c6bc03c538495d7b2b8be9b66\"},\"headline\":\"El Gobernador recibi\u00f3 a atleta paral\u00edmpico que brindar\u00e1 charlas deportivas y cl\u00ednicas en la Provincia\",\"datePublished\":\"2021-07-20T21:44:44+00:00\",\"mainEntityOfPage\":{\"@id\":\"https:\\\/\\\/cvinoticias.com\\\/v3\\\/el-gobernador-recibio-a-atleta-paralimpico-que-brindara-charlas-deportivas-y-clinicas-en-la-provincia\\\/\"},\"wordCount\":580,\"commentCount\":0,\"publisher\":{\"@id\":\"https:\\\/\\\/cvinoticias.com\\\/v3\\\/#organization\"},\"image\":{\"@id\":\"https:\\\/\\\/cvinoticias.com\\\/v3\\\/el-gobernador-recibio-a-atleta-paralimpico-que-brindara-charlas-deportivas-y-clinicas-en-la-provincia\\\/#primaryimage\"},\"thumbnailUrl\":\"https:\\\/\\\/cvinoticias.com\\\/wp-content\\\/uploads\\\/2021\\\/07\\\/FB_IMG_1626816925880.jpg\",\"articleSection\":[\"Deportes\"],\"inLanguage\":\"es\",\"potentialAction\":[{\"@type\":\"CommentAction\",\"name\":\"Comment\",\"target\":[\"https:\\\/\\\/cvinoticias.com\\\/v3\\\/el-gobernador-recibio-a-atleta-paralimpico-que-brindara-charlas-deportivas-y-clinicas-en-la-provincia\\\/#respond\"]}]},{\"@type\":\"WebPage\",\"@id\":\"https:\\\/\\\/cvinoticias.com\\\/v3\\\/el-gobernador-recibio-a-atleta-paralimpico-que-brindara-charlas-deportivas-y-clinicas-en-la-provincia\\\/\",\"url\":\"https:\\\/\\\/cvinoticias.com\\\/v3\\\/el-gobernador-recibio-a-atleta-paralimpico-que-brindara-charlas-deportivas-y-clinicas-en-la-provincia\\\/\",\"name\":\"El Gobernador recibi\u00f3 a atleta paral\u00edmpico que brindar\u00e1 charlas deportivas y cl\u00ednicas en la Provincia | CVI NOTICIAS\",\"isPartOf\":{\"@id\":\"https:\\\/\\\/cvinoticias.com\\\/v3\\\/#website\"},\"primaryImageOfPage\":{\"@id\":\"https:\\\/\\\/cvinoticias.com\\\/v3\\\/el-gobernador-recibio-a-atleta-paralimpico-que-brindara-charlas-deportivas-y-clinicas-en-la-provincia\\\/#primaryimage\"},\"image\":{\"@id\":\"https:\\\/\\\/cvinoticias.com\\\/v3\\\/el-gobernador-recibio-a-atleta-paralimpico-que-brindara-charlas-deportivas-y-clinicas-en-la-provincia\\\/#primaryimage\"},\"thumbnailUrl\":\"https:\\\/\\\/cvinoticias.com\\\/wp-content\\\/uploads\\\/2021\\\/07\\\/FB_IMG_1626816925880.jpg\",\"datePublished\":\"2021-07-20T21:44:44+00:00\",\"breadcrumb\":{\"@id\":\"https:\\\/\\\/cvinoticias.com\\\/v3\\\/el-gobernador-recibio-a-atleta-paralimpico-que-brindara-charlas-deportivas-y-clinicas-en-la-provincia\\\/#breadcrumb\"},\"inLanguage\":\"es\",\"potentialAction\":[{\"@type\":\"ReadAction\",\"target\":[\"https:\\\/\\\/cvinoticias.com\\\/v3\\\/el-gobernador-recibio-a-atleta-paralimpico-que-brindara-charlas-deportivas-y-clinicas-en-la-provincia\\\/\"]}]},{\"@type\":\"ImageObject\",\"inLanguage\":\"es\",\"@id\":\"https:\\\/\\\/cvinoticias.com\\\/v3\\\/el-gobernador-recibio-a-atleta-paralimpico-que-brindara-charlas-deportivas-y-clinicas-en-la-provincia\\\/#primaryimage\",\"url\":\"https:\\\/\\\/cvinoticias.com\\\/wp-content\\\/uploads\\\/2021\\\/07\\\/FB_IMG_1626816925880.jpg\",\"contentUrl\":\"https:\\\/\\\/cvinoticias.com\\\/wp-content\\\/uploads\\\/2021\\\/07\\\/FB_IMG_1626816925880.jpg\",\"width\":1080,\"height\":720},{\"@type\":\"BreadcrumbList\",\"@id\":\"https:\\\/\\\/cvinoticias.com\\\/v3\\\/el-gobernador-recibio-a-atleta-paralimpico-que-brindara-charlas-deportivas-y-clinicas-en-la-provincia\\\/#breadcrumb\",\"itemListElement\":[{\"@type\":\"ListItem\",\"position\":1,\"name\":\"Portada\",\"item\":\"https:\\\/\\\/cvinoticias.com\\\/v3\\\/\"},{\"@type\":\"ListItem\",\"position\":2,\"name\":\"El Gobernador recibi\u00f3 a atleta paral\u00edmpico que brindar\u00e1 charlas deportivas y cl\u00ednicas en la Provincia\"}]},{\"@type\":\"WebSite\",\"@id\":\"https:\\\/\\\/cvinoticias.com\\\/v3\\\/#website\",\"url\":\"https:\\\/\\\/cvinoticias.com\\\/v3\\\/\",\"name\":\"CVI NOTICIAS\",\"description\":\"\",\"publisher\":{\"@id\":\"https:\\\/\\\/cvinoticias.com\\\/v3\\\/#organization\"},\"alternateName\":\"CVI\",\"potentialAction\":[{\"@type\":\"SearchAction\",\"target\":{\"@type\":\"EntryPoint\",\"urlTemplate\":\"https:\\\/\\\/cvinoticias.com\\\/v3\\\/?s={search_term_string}\"},\"query-input\":{\"@type\":\"PropertyValueSpecification\",\"valueRequired\":true,\"valueName\":\"search_term_string\"}}],\"inLanguage\":\"es\"},{\"@type\":\"Organization\",\"@id\":\"https:\\\/\\\/cvinoticias.com\\\/v3\\\/#organization\",\"name\":\"CVI NOTICIAS\",\"url\":\"https:\\\/\\\/cvinoticias.com\\\/v3\\\/\",\"logo\":{\"@type\":\"ImageObject\",\"inLanguage\":\"es\",\"@id\":\"https:\\\/\\\/cvinoticias.com\\\/v3\\\/#\\\/schema\\\/logo\\\/image\\\/\",\"url\":\"https:\\\/\\\/cvinoticias.com\\\/wp-content\\\/uploads\\\/2023\\\/04\\\/cropped-cropped-cropped-cropped-cropped-3-1.png\",\"contentUrl\":\"https:\\\/\\\/cvinoticias.com\\\/wp-content\\\/uploads\\\/2023\\\/04\\\/cropped-cropped-cropped-cropped-cropped-3-1.png\",\"width\":95,\"height\":122,\"caption\":\"CVI NOTICIAS\"},\"image\":{\"@id\":\"https:\\\/\\\/cvinoticias.com\\\/v3\\\/#\\\/schema\\\/logo\\\/image\\\/\"},\"sameAs\":[\"https:\\\/\\\/www.facebook.com\\\/cvinoticias\",\"https:\\\/\\\/www.instagram.com\\\/cvinoticias\\\/\",\"https:\\\/\\\/www.youtube.com\\\/@CVINOTICIAS\"]},{\"@type\":\"Person\",\"@id\":\"https:\\\/\\\/cvinoticias.com\\\/v3\\\/#\\\/schema\\\/person\\\/2db77e3c6bc03c538495d7b2b8be9b66\",\"name\":\"f1000024\",\"image\":{\"@type\":\"ImageObject\",\"inLanguage\":\"es\",\"@id\":\"https:\\\/\\\/secure.gravatar.com\\\/avatar\\\/d4fe7459cfc51ff5129ce1a732bbef5928568b8092d412ef95611616376bbeed?s=96&d=mm&r=g\",\"url\":\"https:\\\/\\\/secure.gravatar.com\\\/avatar\\\/d4fe7459cfc51ff5129ce1a732bbef5928568b8092d412ef95611616376bbeed?s=96&d=mm&r=g\",\"contentUrl\":\"https:\\\/\\\/secure.gravatar.com\\\/avatar\\\/d4fe7459cfc51ff5129ce1a732bbef5928568b8092d412ef95611616376bbeed?s=96&d=mm&r=g\",\"caption\":\"f1000024\"},\"url\":\"https:\\\/\\\/cvinoticias.com\\\/v3\\\/author\\\/f1000024\\\/\"}]}<\/script>\n<!-- \/ Yoast SEO plugin. -->","yoast_head_json":{"title":"El Gobernador recibi\u00f3 a atleta paral\u00edmpico que brindar\u00e1 charlas deportivas y cl\u00ednicas en la Provincia | CVI NOTICIAS","robots":{"index":"index","follow":"follow","max-snippet":"max-snippet:-1","max-image-preview":"max-image-preview:large","max-video-preview":"max-video-preview:-1"},"canonical":"https:\/\/cvinoticias.com\/v3\/el-gobernador-recibio-a-atleta-paralimpico-que-brindara-charlas-deportivas-y-clinicas-en-la-provincia\/","og_locale":"es_ES","og_type":"article","og_title":"El Gobernador recibi\u00f3 a atleta paral\u00edmpico que brindar\u00e1 charlas deportivas y cl\u00ednicas en la Provincia | CVI NOTICIAS","og_description":"El Gobernador recibi\u00f3 esta ma\u00f1ana a Alejandro Maldonado, deportista paral\u00edmpico argentino de reconocida trayectoria. El atleta eligi\u00f3 el CePARD para entrenar durante 10 d\u00edas. Adem\u00e1s en el marco de su visita a la provincia, brindar\u00e1 charlas y cl\u00ednicas para deportistas misioneros. Esta ma\u00f1ana, en Sala de Situaci\u00f3n, el gobernador Oscar Herrera Ahuad recibi\u00f3 al deportista [&hellip;]","og_url":"https:\/\/cvinoticias.com\/v3\/el-gobernador-recibio-a-atleta-paralimpico-que-brindara-charlas-deportivas-y-clinicas-en-la-provincia\/","og_site_name":"CVI NOTICIAS","article_publisher":"https:\/\/www.facebook.com\/cvinoticias","article_published_time":"2021-07-20T21:44:44+00:00","og_image":[{"width":1080,"height":720,"url":"https:\/\/cvinoticias.com\/wp-content\/uploads\/2021\/07\/FB_IMG_1626816925880.jpg","type":"image\/jpeg"}],"author":"f1000024","twitter_card":"summary_large_image","twitter_misc":{"Escrito por":"f1000024","Tiempo de lectura":"3 minutos"},"schema":{"@context":"https:\/\/schema.org","@graph":[{"@type":"Article","@id":"https:\/\/cvinoticias.com\/v3\/el-gobernador-recibio-a-atleta-paralimpico-que-brindara-charlas-deportivas-y-clinicas-en-la-provincia\/#article","isPartOf":{"@id":"https:\/\/cvinoticias.com\/v3\/el-gobernador-recibio-a-atleta-paralimpico-que-brindara-charlas-deportivas-y-clinicas-en-la-provincia\/"},"author":{"name":"f1000024","@id":"https:\/\/cvinoticias.com\/v3\/#\/schema\/person\/2db77e3c6bc03c538495d7b2b8be9b66"},"headline":"El Gobernador recibi\u00f3 a atleta paral\u00edmpico que brindar\u00e1 charlas deportivas y cl\u00ednicas en la Provincia","datePublished":"2021-07-20T21:44:44+00:00","mainEntityOfPage":{"@id":"https:\/\/cvinoticias.com\/v3\/el-gobernador-recibio-a-atleta-paralimpico-que-brindara-charlas-deportivas-y-clinicas-en-la-provincia\/"},"wordCount":580,"commentCount":0,"publisher":{"@id":"https:\/\/cvinoticias.com\/v3\/#organization"},"image":{"@id":"https:\/\/cvinoticias.com\/v3\/el-gobernador-recibio-a-atleta-paralimpico-que-brindara-charlas-deportivas-y-clinicas-en-la-provincia\/#primaryimage"},"thumbnailUrl":"https:\/\/cvinoticias.com\/wp-content\/uploads\/2021\/07\/FB_IMG_1626816925880.jpg","articleSection":["Deportes"],"inLanguage":"es","potentialAction":[{"@type":"CommentAction","name":"Comment","target":["https:\/\/cvinoticias.com\/v3\/el-gobernador-recibio-a-atleta-paralimpico-que-brindara-charlas-deportivas-y-clinicas-en-la-provincia\/#respond"]}]},{"@type":"WebPage","@id":"https:\/\/cvinoticias.com\/v3\/el-gobernador-recibio-a-atleta-paralimpico-que-brindara-charlas-deportivas-y-clinicas-en-la-provincia\/","url":"https:\/\/cvinoticias.com\/v3\/el-gobernador-recibio-a-atleta-paralimpico-que-brindara-charlas-deportivas-y-clinicas-en-la-provincia\/","name":"El Gobernador recibi\u00f3 a atleta paral\u00edmpico que brindar\u00e1 charlas deportivas y cl\u00ednicas en la Provincia | CVI NOTICIAS","isPartOf":{"@id":"https:\/\/cvinoticias.com\/v3\/#website"},"primaryImageOfPage":{"@id":"https:\/\/cvinoticias.com\/v3\/el-gobernador-recibio-a-atleta-paralimpico-que-brindara-charlas-deportivas-y-clinicas-en-la-provincia\/#primaryimage"},"image":{"@id":"https:\/\/cvinoticias.com\/v3\/el-gobernador-recibio-a-atleta-paralimpico-que-brindara-charlas-deportivas-y-clinicas-en-la-provincia\/#primaryimage"},"thumbnailUrl":"https:\/\/cvinoticias.com\/wp-content\/uploads\/2021\/07\/FB_IMG_1626816925880.jpg","datePublished":"2021-07-20T21:44:44+00:00","breadcrumb":{"@id":"https:\/\/cvinoticias.com\/v3\/el-gobernador-recibio-a-atleta-paralimpico-que-brindara-charlas-deportivas-y-clinicas-en-la-provincia\/#breadcrumb"},"inLanguage":"es","potentialAction":[{"@type":"ReadAction","target":["https:\/\/cvinoticias.com\/v3\/el-gobernador-recibio-a-atleta-paralimpico-que-brindara-charlas-deportivas-y-clinicas-en-la-provincia\/"]}]},{"@type":"ImageObject","inLanguage":"es","@id":"https:\/\/cvinoticias.com\/v3\/el-gobernador-recibio-a-atleta-paralimpico-que-brindara-charlas-deportivas-y-clinicas-en-la-provincia\/#primaryimage","url":"https:\/\/cvinoticias.com\/wp-content\/uploads\/2021\/07\/FB_IMG_1626816925880.jpg","contentUrl":"https:\/\/cvinoticias.com\/wp-content\/uploads\/2021\/07\/FB_IMG_1626816925880.jpg","width":1080,"height":720},{"@type":"BreadcrumbList","@id":"https:\/\/cvinoticias.com\/v3\/el-gobernador-recibio-a-atleta-paralimpico-que-brindara-charlas-deportivas-y-clinicas-en-la-provincia\/#breadcrumb","itemListElement":[{"@type":"ListItem","position":1,"name":"Portada","item":"https:\/\/cvinoticias.com\/v3\/"},{"@type":"ListItem","position":2,"name":"El Gobernador recibi\u00f3 a atleta paral\u00edmpico que brindar\u00e1 charlas deportivas y cl\u00ednicas en la Provincia"}]},{"@type":"WebSite","@id":"https:\/\/cvinoticias.com\/v3\/#website","url":"https:\/\/cvinoticias.com\/v3\/","name":"CVI NOTICIAS","description":"","publisher":{"@id":"https:\/\/cvinoticias.com\/v3\/#organization"},"alternateName":"CVI","potentialAction":[{"@type":"SearchAction","target":{"@type":"EntryPoint","urlTemplate":"https:\/\/cvinoticias.com\/v3\/?s={search_term_string}"},"query-input":{"@type":"PropertyValueSpecification","valueRequired":true,"valueName":"search_term_string"}}],"inLanguage":"es"},{"@type":"Organization","@id":"https:\/\/cvinoticias.com\/v3\/#organization","name":"CVI NOTICIAS","url":"https:\/\/cvinoticias.com\/v3\/","logo":{"@type":"ImageObject","inLanguage":"es","@id":"https:\/\/cvinoticias.com\/v3\/#\/schema\/logo\/image\/","url":"https:\/\/cvinoticias.com\/wp-content\/uploads\/2023\/04\/cropped-cropped-cropped-cropped-cropped-3-1.png","contentUrl":"https:\/\/cvinoticias.com\/wp-content\/uploads\/2023\/04\/cropped-cropped-cropped-cropped-cropped-3-1.png","width":95,"height":122,"caption":"CVI NOTICIAS"},"image":{"@id":"https:\/\/cvinoticias.com\/v3\/#\/schema\/logo\/image\/"},"sameAs":["https:\/\/www.facebook.com\/cvinoticias","https:\/\/www.instagram.com\/cvinoticias\/","https:\/\/www.youtube.com\/@CVINOTICIAS"]},{"@type":"Person","@id":"https:\/\/cvinoticias.com\/v3\/#\/schema\/person\/2db77e3c6bc03c538495d7b2b8be9b66","name":"f1000024","image":{"@type":"ImageObject","inLanguage":"es","@id":"https:\/\/secure.gravatar.com\/avatar\/d4fe7459cfc51ff5129ce1a732bbef5928568b8092d412ef95611616376bbeed?s=96&d=mm&r=g","url":"https:\/\/secure.gravatar.com\/avatar\/d4fe7459cfc51ff5129ce1a732bbef5928568b8092d412ef95611616376bbeed?s=96&d=mm&r=g","contentUrl":"https:\/\/secure.gravatar.com\/avatar\/d4fe7459cfc51ff5129ce1a732bbef5928568b8092d412ef95611616376bbeed?s=96&d=mm&r=g","caption":"f1000024"},"url":"https:\/\/cvinoticias.com\/v3\/author\/f1000024\/"}]}},"_links":{"self":[{"href":"https:\/\/cvinoticias.com\/v3\/wp-json\/wp\/v2\/posts\/6958","targetHints":{"allow":["GET"]}}],"collection":[{"href":"https:\/\/cvinoticias.com\/v3\/wp-json\/wp\/v2\/posts"}],"about":[{"href":"https:\/\/cvinoticias.com\/v3\/wp-json\/wp\/v2\/types\/post"}],"author":[{"embeddable":true,"href":"https:\/\/cvinoticias.com\/v3\/wp-json\/wp\/v2\/users\/2"}],"replies":[{"embeddable":true,"href":"https:\/\/cvinoticias.com\/v3\/wp-json\/wp\/v2\/comments?post=6958"}],"version-history":[{"count":1,"href":"https:\/\/cvinoticias.com\/v3\/wp-json\/wp\/v2\/posts\/6958\/revisions"}],"predecessor-version":[{"id":6963,"href":"https:\/\/cvinoticias.com\/v3\/wp-json\/wp\/v2\/posts\/6958\/revisions\/6963"}],"wp:featuredmedia":[{"embeddable":true,"href":"https:\/\/cvinoticias.com\/v3\/wp-json\/wp\/v2\/media\/6959"}],"wp:attachment":[{"href":"https:\/\/cvinoticias.com\/v3\/wp-json\/wp\/v2\/media?parent=6958"}],"wp:term":[{"taxonomy":"category","embeddable":true,"href":"https:\/\/cvinoticias.com\/v3\/wp-json\/wp\/v2\/categories?post=6958"},{"taxonomy":"post_tag","embeddable":true,"href":"https:\/\/cvinoticias.com\/v3\/wp-json\/wp\/v2\/tags?post=6958"}],"curies":[{"name":"wp","href":"https:\/\/api.w.org\/{rel}","templated":true}]}}