{"id":6952,"date":"2021-07-20T11:24:22","date_gmt":"2021-07-20T11:24:22","guid":{"rendered":"https:\/\/cvinoticias.com\/v3\/?p=6952"},"modified":"2021-07-20T11:24:22","modified_gmt":"2021-07-20T11:24:22","slug":"sin-ife-un-grupo-recibira-en-agosto-17-000-pesos-extra-por-unica-vez","status":"publish","type":"post","link":"https:\/\/cvinoticias.com\/v3\/sin-ife-un-grupo-recibira-en-agosto-17-000-pesos-extra-por-unica-vez\/","title":{"rendered":"Sin IFE, un grupo recibir\u00e1 en agosto 17.000 pesos extra por \u00fanica vez"},"content":{"rendered":"\n<p><strong><em>Anses junto al Ministerio de Desarrollo Social avanzan con los pagos para los beneficiarios de la AUH, AUE, jubilados y pensionados, mientras se ultiman\u00a0los detalles para activar el cronograma de pago de octavo mes del a\u00f1o con anticipos\u00a0<\/em><\/strong><\/p>\n\n\n\n<p>La\u00a0Administraci\u00f3n Nacional de la Seguridad Social (\u00a0Anses)\u00a0junto al\u00a0Ministerio de Desarrollo Social\u00a0retoman este martes\u00a020 de julio\u00a0con el calendario de pago del s\u00e9ptimo mes del a\u00f1o para los titulares de la Asignaci\u00f3n Universal por Hijo (AUH), Asignaci\u00f3n Universal por Embarazo (AUE), jubilados y pensionados, mientras que ya se anticiparon algunos\u00a0cobros extra\u00a0de agosto.<\/p>\n\n\n\n<p>Sin un cuarto\u00a0Ingreso Familiar de Emergencia (\u00a0IFE\u00a02021)\u00a0ni\u00a0plus de 15000 pesos\u00a0que se activ\u00f3 en el marco de la segunda ola de contagios de\u00a0Covid 19, el lanzamiento del\u00a0bono de 5000 pesos\u00a0anunciado por la titular del organismo previsional,\u00a0Fernanda Raverta, prev\u00e9 como resultado un saldo de\u00a017.000 pesos a cobrar por \u00fanica vez\u00a0por\u00a0un grupo determinado:\u00a0las madres de siete hijos que cobren la Pensi\u00f3n No Contributiva (PNC).\u00a0<\/p>\n\n\n\n<p>La suma extra de 17.000 pesos que cobrar\u00e1n las beneficiarias de la pensi\u00f3n por madre de 7 hijos en agosto se compone del\u00a0bono de 5000 pesos para jubilados y pensionados\u00a0junto con el inicio de la\u00a0recarga de saldo de la Tarjeta Alimentar\u00a0del programa Argentina contra el Hambre.\u00a0<\/p>\n\n\n\n<p>\u00abFinalmente tenemos el padr\u00f3n de las madres con 7 hijos que son\u00a0pensionadas con la PNC, y\u00a0ahora\u00a0en agosto\u00a0las incorporaremos a la\u00a0\u00a0Tarjeta Alimentar\u00bb, anunci\u00f3 el\u00a0ministro Daniel Arroyo, d\u00edas atr\u00e1s\u00a0en di\u00e1logo con\u00a0<em>Cr\u00f3nica HD.<\/em>\u00a0<\/p>\n\n\n\n<p>As\u00ed,\u00a0este grupo ver\u00e1 en sus cuentas bancarias la transferencia de 12.000 pesos, de acuerdo a la \u00faltima actualizaci\u00f3n de los valores que tuvo lugar en mayo.\u00a0<\/p>\n\n\n\n<p>El\u00a0bono de 5000 pesos se comenzar\u00e1 a pagar a partir del 2 de agosto, mientras que la recarga de saldo de la\u00a0Tarjeta Alimentar se inicia todos los tercer viernes de cada mes\u00a0para quienes cuenten con el pl\u00e1stico, y d\u00edas posteriores, para quienes perciban el beneficio por transferencia.\u00a0<\/p>\n","protected":false},"excerpt":{"rendered":"<p>Anses junto al Ministerio de Desarrollo Social avanzan con los pagos para los beneficiarios de la AUH, AUE, jubilados y pensionados, mientras se ultiman\u00a0los detalles para activar el cronograma de pago de octavo mes del a\u00f1o con anticipos\u00a0 La\u00a0Administraci\u00f3n Nacional de la Seguridad Social (\u00a0Anses)\u00a0junto al\u00a0Ministerio de Desarrollo Social\u00a0retoman este martes\u00a020 de julio\u00a0con el calendario [&hellip;]<\/p>\n","protected":false},"author":2,"featured_media":6953,"comment_status":"open","ping_status":"open","sticky":false,"template":"","format":"standard","meta":{"footnotes":""},"categories":[35],"tags":[],"class_list":["post-6952","post","type-post","status-publish","format-standard","has-post-thumbnail","hentry","category-informacion-general"],"yoast_head":"<!-- This site is optimized with the Yoast SEO plugin v27.5 - https:\/\/yoast.com\/product\/yoast-seo-wordpress\/ -->\n<title>Sin IFE, un grupo recibir\u00e1 en agosto 17.000 pesos extra por \u00fanica vez | CVI NOTICIAS<\/title>\n<meta name=\"robots\" content=\"index, follow, max-snippet:-1, max-image-preview:large, max-video-preview:-1\" \/>\n<link rel=\"canonical\" href=\"https:\/\/cvinoticias.com\/v3\/sin-ife-un-grupo-recibira-en-agosto-17-000-pesos-extra-por-unica-vez\/\" \/>\n<meta property=\"og:locale\" content=\"es_ES\" \/>\n<meta property=\"og:type\" content=\"article\" \/>\n<meta property=\"og:title\" content=\"Sin IFE, un grupo recibir\u00e1 en agosto 17.000 pesos extra por \u00fanica vez | CVI NOTICIAS\" \/>\n<meta property=\"og:description\" content=\"Anses junto al Ministerio de Desarrollo Social avanzan con los pagos para los beneficiarios de la AUH, AUE, jubilados y pensionados, mientras se ultiman\u00a0los detalles para activar el cronograma de pago de octavo mes del a\u00f1o con anticipos\u00a0 La\u00a0Administraci\u00f3n Nacional de la Seguridad Social (\u00a0Anses)\u00a0junto al\u00a0Ministerio de Desarrollo Social\u00a0retoman este martes\u00a020 de julio\u00a0con el calendario [&hellip;]\" \/>\n<meta property=\"og:url\" content=\"https:\/\/cvinoticias.com\/v3\/sin-ife-un-grupo-recibira-en-agosto-17-000-pesos-extra-por-unica-vez\/\" \/>\n<meta property=\"og:site_name\" content=\"CVI NOTICIAS\" \/>\n<meta property=\"article:publisher\" content=\"https:\/\/www.facebook.com\/cvinoticias\" \/>\n<meta property=\"article:published_time\" content=\"2021-07-20T11:24:22+00:00\" \/>\n<meta property=\"og:image\" content=\"https:\/\/cvinoticias.com\/wp-content\/uploads\/2021\/07\/Screenshot_20210720-082328_Facebook.jpg\" \/>\n\t<meta property=\"og:image:width\" content=\"1079\" \/>\n\t<meta property=\"og:image:height\" content=\"644\" \/>\n\t<meta property=\"og:image:type\" content=\"image\/jpeg\" \/>\n<meta name=\"author\" content=\"f1000024\" \/>\n<meta name=\"twitter:card\" content=\"summary_large_image\" \/>\n<meta name=\"twitter:label1\" content=\"Escrito por\" \/>\n\t<meta name=\"twitter:data1\" content=\"f1000024\" \/>\n\t<meta name=\"twitter:label2\" content=\"Tiempo de lectura\" \/>\n\t<meta name=\"twitter:data2\" content=\"2 minutos\" \/>\n<script type=\"application\/ld+json\" class=\"yoast-schema-graph\">{\"@context\":\"https:\\\/\\\/schema.org\",\"@graph\":[{\"@type\":\"Article\",\"@id\":\"https:\\\/\\\/cvinoticias.com\\\/v3\\\/sin-ife-un-grupo-recibira-en-agosto-17-000-pesos-extra-por-unica-vez\\\/#article\",\"isPartOf\":{\"@id\":\"https:\\\/\\\/cvinoticias.com\\\/v3\\\/sin-ife-un-grupo-recibira-en-agosto-17-000-pesos-extra-por-unica-vez\\\/\"},\"author\":{\"name\":\"f1000024\",\"@id\":\"https:\\\/\\\/cvinoticias.com\\\/v3\\\/#\\\/schema\\\/person\\\/2db77e3c6bc03c538495d7b2b8be9b66\"},\"headline\":\"Sin IFE, un grupo recibir\u00e1 en agosto 17.000 pesos extra por \u00fanica vez\",\"datePublished\":\"2021-07-20T11:24:22+00:00\",\"mainEntityOfPage\":{\"@id\":\"https:\\\/\\\/cvinoticias.com\\\/v3\\\/sin-ife-un-grupo-recibira-en-agosto-17-000-pesos-extra-por-unica-vez\\\/\"},\"wordCount\":352,\"commentCount\":0,\"publisher\":{\"@id\":\"https:\\\/\\\/cvinoticias.com\\\/v3\\\/#organization\"},\"image\":{\"@id\":\"https:\\\/\\\/cvinoticias.com\\\/v3\\\/sin-ife-un-grupo-recibira-en-agosto-17-000-pesos-extra-por-unica-vez\\\/#primaryimage\"},\"thumbnailUrl\":\"https:\\\/\\\/cvinoticias.com\\\/wp-content\\\/uploads\\\/2021\\\/07\\\/Screenshot_20210720-082328_Facebook.jpg\",\"articleSection\":[\"Informaci\u00f3n General\"],\"inLanguage\":\"es\",\"potentialAction\":[{\"@type\":\"CommentAction\",\"name\":\"Comment\",\"target\":[\"https:\\\/\\\/cvinoticias.com\\\/v3\\\/sin-ife-un-grupo-recibira-en-agosto-17-000-pesos-extra-por-unica-vez\\\/#respond\"]}]},{\"@type\":\"WebPage\",\"@id\":\"https:\\\/\\\/cvinoticias.com\\\/v3\\\/sin-ife-un-grupo-recibira-en-agosto-17-000-pesos-extra-por-unica-vez\\\/\",\"url\":\"https:\\\/\\\/cvinoticias.com\\\/v3\\\/sin-ife-un-grupo-recibira-en-agosto-17-000-pesos-extra-por-unica-vez\\\/\",\"name\":\"Sin IFE, un grupo recibir\u00e1 en agosto 17.000 pesos extra por \u00fanica vez | CVI NOTICIAS\",\"isPartOf\":{\"@id\":\"https:\\\/\\\/cvinoticias.com\\\/v3\\\/#website\"},\"primaryImageOfPage\":{\"@id\":\"https:\\\/\\\/cvinoticias.com\\\/v3\\\/sin-ife-un-grupo-recibira-en-agosto-17-000-pesos-extra-por-unica-vez\\\/#primaryimage\"},\"image\":{\"@id\":\"https:\\\/\\\/cvinoticias.com\\\/v3\\\/sin-ife-un-grupo-recibira-en-agosto-17-000-pesos-extra-por-unica-vez\\\/#primaryimage\"},\"thumbnailUrl\":\"https:\\\/\\\/cvinoticias.com\\\/wp-content\\\/uploads\\\/2021\\\/07\\\/Screenshot_20210720-082328_Facebook.jpg\",\"datePublished\":\"2021-07-20T11:24:22+00:00\",\"breadcrumb\":{\"@id\":\"https:\\\/\\\/cvinoticias.com\\\/v3\\\/sin-ife-un-grupo-recibira-en-agosto-17-000-pesos-extra-por-unica-vez\\\/#breadcrumb\"},\"inLanguage\":\"es\",\"potentialAction\":[{\"@type\":\"ReadAction\",\"target\":[\"https:\\\/\\\/cvinoticias.com\\\/v3\\\/sin-ife-un-grupo-recibira-en-agosto-17-000-pesos-extra-por-unica-vez\\\/\"]}]},{\"@type\":\"ImageObject\",\"inLanguage\":\"es\",\"@id\":\"https:\\\/\\\/cvinoticias.com\\\/v3\\\/sin-ife-un-grupo-recibira-en-agosto-17-000-pesos-extra-por-unica-vez\\\/#primaryimage\",\"url\":\"https:\\\/\\\/cvinoticias.com\\\/wp-content\\\/uploads\\\/2021\\\/07\\\/Screenshot_20210720-082328_Facebook.jpg\",\"contentUrl\":\"https:\\\/\\\/cvinoticias.com\\\/wp-content\\\/uploads\\\/2021\\\/07\\\/Screenshot_20210720-082328_Facebook.jpg\",\"width\":1079,\"height\":644},{\"@type\":\"BreadcrumbList\",\"@id\":\"https:\\\/\\\/cvinoticias.com\\\/v3\\\/sin-ife-un-grupo-recibira-en-agosto-17-000-pesos-extra-por-unica-vez\\\/#breadcrumb\",\"itemListElement\":[{\"@type\":\"ListItem\",\"position\":1,\"name\":\"Portada\",\"item\":\"https:\\\/\\\/cvinoticias.com\\\/v3\\\/\"},{\"@type\":\"ListItem\",\"position\":2,\"name\":\"Sin IFE, un grupo recibir\u00e1 en agosto 17.000 pesos extra por \u00fanica vez\"}]},{\"@type\":\"WebSite\",\"@id\":\"https:\\\/\\\/cvinoticias.com\\\/v3\\\/#website\",\"url\":\"https:\\\/\\\/cvinoticias.com\\\/v3\\\/\",\"name\":\"CVI NOTICIAS\",\"description\":\"\",\"publisher\":{\"@id\":\"https:\\\/\\\/cvinoticias.com\\\/v3\\\/#organization\"},\"alternateName\":\"CVI\",\"potentialAction\":[{\"@type\":\"SearchAction\",\"target\":{\"@type\":\"EntryPoint\",\"urlTemplate\":\"https:\\\/\\\/cvinoticias.com\\\/v3\\\/?s={search_term_string}\"},\"query-input\":{\"@type\":\"PropertyValueSpecification\",\"valueRequired\":true,\"valueName\":\"search_term_string\"}}],\"inLanguage\":\"es\"},{\"@type\":\"Organization\",\"@id\":\"https:\\\/\\\/cvinoticias.com\\\/v3\\\/#organization\",\"name\":\"CVI NOTICIAS\",\"url\":\"https:\\\/\\\/cvinoticias.com\\\/v3\\\/\",\"logo\":{\"@type\":\"ImageObject\",\"inLanguage\":\"es\",\"@id\":\"https:\\\/\\\/cvinoticias.com\\\/v3\\\/#\\\/schema\\\/logo\\\/image\\\/\",\"url\":\"https:\\\/\\\/cvinoticias.com\\\/wp-content\\\/uploads\\\/2023\\\/04\\\/cropped-cropped-cropped-cropped-cropped-3-1.png\",\"contentUrl\":\"https:\\\/\\\/cvinoticias.com\\\/wp-content\\\/uploads\\\/2023\\\/04\\\/cropped-cropped-cropped-cropped-cropped-3-1.png\",\"width\":95,\"height\":122,\"caption\":\"CVI NOTICIAS\"},\"image\":{\"@id\":\"https:\\\/\\\/cvinoticias.com\\\/v3\\\/#\\\/schema\\\/logo\\\/image\\\/\"},\"sameAs\":[\"https:\\\/\\\/www.facebook.com\\\/cvinoticias\",\"https:\\\/\\\/www.instagram.com\\\/cvinoticias\\\/\",\"https:\\\/\\\/www.youtube.com\\\/@CVINOTICIAS\"]},{\"@type\":\"Person\",\"@id\":\"https:\\\/\\\/cvinoticias.com\\\/v3\\\/#\\\/schema\\\/person\\\/2db77e3c6bc03c538495d7b2b8be9b66\",\"name\":\"f1000024\",\"image\":{\"@type\":\"ImageObject\",\"inLanguage\":\"es\",\"@id\":\"https:\\\/\\\/secure.gravatar.com\\\/avatar\\\/d4fe7459cfc51ff5129ce1a732bbef5928568b8092d412ef95611616376bbeed?s=96&d=mm&r=g\",\"url\":\"https:\\\/\\\/secure.gravatar.com\\\/avatar\\\/d4fe7459cfc51ff5129ce1a732bbef5928568b8092d412ef95611616376bbeed?s=96&d=mm&r=g\",\"contentUrl\":\"https:\\\/\\\/secure.gravatar.com\\\/avatar\\\/d4fe7459cfc51ff5129ce1a732bbef5928568b8092d412ef95611616376bbeed?s=96&d=mm&r=g\",\"caption\":\"f1000024\"},\"url\":\"https:\\\/\\\/cvinoticias.com\\\/v3\\\/author\\\/f1000024\\\/\"}]}<\/script>\n<!-- \/ Yoast SEO plugin. -->","yoast_head_json":{"title":"Sin IFE, un grupo recibir\u00e1 en agosto 17.000 pesos extra por \u00fanica vez | CVI NOTICIAS","robots":{"index":"index","follow":"follow","max-snippet":"max-snippet:-1","max-image-preview":"max-image-preview:large","max-video-preview":"max-video-preview:-1"},"canonical":"https:\/\/cvinoticias.com\/v3\/sin-ife-un-grupo-recibira-en-agosto-17-000-pesos-extra-por-unica-vez\/","og_locale":"es_ES","og_type":"article","og_title":"Sin IFE, un grupo recibir\u00e1 en agosto 17.000 pesos extra por \u00fanica vez | CVI NOTICIAS","og_description":"Anses junto al Ministerio de Desarrollo Social avanzan con los pagos para los beneficiarios de la AUH, AUE, jubilados y pensionados, mientras se ultiman\u00a0los detalles para activar el cronograma de pago de octavo mes del a\u00f1o con anticipos\u00a0 La\u00a0Administraci\u00f3n Nacional de la Seguridad Social (\u00a0Anses)\u00a0junto al\u00a0Ministerio de Desarrollo Social\u00a0retoman este martes\u00a020 de julio\u00a0con el calendario [&hellip;]","og_url":"https:\/\/cvinoticias.com\/v3\/sin-ife-un-grupo-recibira-en-agosto-17-000-pesos-extra-por-unica-vez\/","og_site_name":"CVI NOTICIAS","article_publisher":"https:\/\/www.facebook.com\/cvinoticias","article_published_time":"2021-07-20T11:24:22+00:00","og_image":[{"width":1079,"height":644,"url":"https:\/\/cvinoticias.com\/wp-content\/uploads\/2021\/07\/Screenshot_20210720-082328_Facebook.jpg","type":"image\/jpeg"}],"author":"f1000024","twitter_card":"summary_large_image","twitter_misc":{"Escrito por":"f1000024","Tiempo de lectura":"2 minutos"},"schema":{"@context":"https:\/\/schema.org","@graph":[{"@type":"Article","@id":"https:\/\/cvinoticias.com\/v3\/sin-ife-un-grupo-recibira-en-agosto-17-000-pesos-extra-por-unica-vez\/#article","isPartOf":{"@id":"https:\/\/cvinoticias.com\/v3\/sin-ife-un-grupo-recibira-en-agosto-17-000-pesos-extra-por-unica-vez\/"},"author":{"name":"f1000024","@id":"https:\/\/cvinoticias.com\/v3\/#\/schema\/person\/2db77e3c6bc03c538495d7b2b8be9b66"},"headline":"Sin IFE, un grupo recibir\u00e1 en agosto 17.000 pesos extra por \u00fanica vez","datePublished":"2021-07-20T11:24:22+00:00","mainEntityOfPage":{"@id":"https:\/\/cvinoticias.com\/v3\/sin-ife-un-grupo-recibira-en-agosto-17-000-pesos-extra-por-unica-vez\/"},"wordCount":352,"commentCount":0,"publisher":{"@id":"https:\/\/cvinoticias.com\/v3\/#organization"},"image":{"@id":"https:\/\/cvinoticias.com\/v3\/sin-ife-un-grupo-recibira-en-agosto-17-000-pesos-extra-por-unica-vez\/#primaryimage"},"thumbnailUrl":"https:\/\/cvinoticias.com\/wp-content\/uploads\/2021\/07\/Screenshot_20210720-082328_Facebook.jpg","articleSection":["Informaci\u00f3n General"],"inLanguage":"es","potentialAction":[{"@type":"CommentAction","name":"Comment","target":["https:\/\/cvinoticias.com\/v3\/sin-ife-un-grupo-recibira-en-agosto-17-000-pesos-extra-por-unica-vez\/#respond"]}]},{"@type":"WebPage","@id":"https:\/\/cvinoticias.com\/v3\/sin-ife-un-grupo-recibira-en-agosto-17-000-pesos-extra-por-unica-vez\/","url":"https:\/\/cvinoticias.com\/v3\/sin-ife-un-grupo-recibira-en-agosto-17-000-pesos-extra-por-unica-vez\/","name":"Sin IFE, un grupo recibir\u00e1 en agosto 17.000 pesos extra por \u00fanica vez | CVI NOTICIAS","isPartOf":{"@id":"https:\/\/cvinoticias.com\/v3\/#website"},"primaryImageOfPage":{"@id":"https:\/\/cvinoticias.com\/v3\/sin-ife-un-grupo-recibira-en-agosto-17-000-pesos-extra-por-unica-vez\/#primaryimage"},"image":{"@id":"https:\/\/cvinoticias.com\/v3\/sin-ife-un-grupo-recibira-en-agosto-17-000-pesos-extra-por-unica-vez\/#primaryimage"},"thumbnailUrl":"https:\/\/cvinoticias.com\/wp-content\/uploads\/2021\/07\/Screenshot_20210720-082328_Facebook.jpg","datePublished":"2021-07-20T11:24:22+00:00","breadcrumb":{"@id":"https:\/\/cvinoticias.com\/v3\/sin-ife-un-grupo-recibira-en-agosto-17-000-pesos-extra-por-unica-vez\/#breadcrumb"},"inLanguage":"es","potentialAction":[{"@type":"ReadAction","target":["https:\/\/cvinoticias.com\/v3\/sin-ife-un-grupo-recibira-en-agosto-17-000-pesos-extra-por-unica-vez\/"]}]},{"@type":"ImageObject","inLanguage":"es","@id":"https:\/\/cvinoticias.com\/v3\/sin-ife-un-grupo-recibira-en-agosto-17-000-pesos-extra-por-unica-vez\/#primaryimage","url":"https:\/\/cvinoticias.com\/wp-content\/uploads\/2021\/07\/Screenshot_20210720-082328_Facebook.jpg","contentUrl":"https:\/\/cvinoticias.com\/wp-content\/uploads\/2021\/07\/Screenshot_20210720-082328_Facebook.jpg","width":1079,"height":644},{"@type":"BreadcrumbList","@id":"https:\/\/cvinoticias.com\/v3\/sin-ife-un-grupo-recibira-en-agosto-17-000-pesos-extra-por-unica-vez\/#breadcrumb","itemListElement":[{"@type":"ListItem","position":1,"name":"Portada","item":"https:\/\/cvinoticias.com\/v3\/"},{"@type":"ListItem","position":2,"name":"Sin IFE, un grupo recibir\u00e1 en agosto 17.000 pesos extra por \u00fanica vez"}]},{"@type":"WebSite","@id":"https:\/\/cvinoticias.com\/v3\/#website","url":"https:\/\/cvinoticias.com\/v3\/","name":"CVI NOTICIAS","description":"","publisher":{"@id":"https:\/\/cvinoticias.com\/v3\/#organization"},"alternateName":"CVI","potentialAction":[{"@type":"SearchAction","target":{"@type":"EntryPoint","urlTemplate":"https:\/\/cvinoticias.com\/v3\/?s={search_term_string}"},"query-input":{"@type":"PropertyValueSpecification","valueRequired":true,"valueName":"search_term_string"}}],"inLanguage":"es"},{"@type":"Organization","@id":"https:\/\/cvinoticias.com\/v3\/#organization","name":"CVI NOTICIAS","url":"https:\/\/cvinoticias.com\/v3\/","logo":{"@type":"ImageObject","inLanguage":"es","@id":"https:\/\/cvinoticias.com\/v3\/#\/schema\/logo\/image\/","url":"https:\/\/cvinoticias.com\/wp-content\/uploads\/2023\/04\/cropped-cropped-cropped-cropped-cropped-3-1.png","contentUrl":"https:\/\/cvinoticias.com\/wp-content\/uploads\/2023\/04\/cropped-cropped-cropped-cropped-cropped-3-1.png","width":95,"height":122,"caption":"CVI NOTICIAS"},"image":{"@id":"https:\/\/cvinoticias.com\/v3\/#\/schema\/logo\/image\/"},"sameAs":["https:\/\/www.facebook.com\/cvinoticias","https:\/\/www.instagram.com\/cvinoticias\/","https:\/\/www.youtube.com\/@CVINOTICIAS"]},{"@type":"Person","@id":"https:\/\/cvinoticias.com\/v3\/#\/schema\/person\/2db77e3c6bc03c538495d7b2b8be9b66","name":"f1000024","image":{"@type":"ImageObject","inLanguage":"es","@id":"https:\/\/secure.gravatar.com\/avatar\/d4fe7459cfc51ff5129ce1a732bbef5928568b8092d412ef95611616376bbeed?s=96&d=mm&r=g","url":"https:\/\/secure.gravatar.com\/avatar\/d4fe7459cfc51ff5129ce1a732bbef5928568b8092d412ef95611616376bbeed?s=96&d=mm&r=g","contentUrl":"https:\/\/secure.gravatar.com\/avatar\/d4fe7459cfc51ff5129ce1a732bbef5928568b8092d412ef95611616376bbeed?s=96&d=mm&r=g","caption":"f1000024"},"url":"https:\/\/cvinoticias.com\/v3\/author\/f1000024\/"}]}},"_links":{"self":[{"href":"https:\/\/cvinoticias.com\/v3\/wp-json\/wp\/v2\/posts\/6952","targetHints":{"allow":["GET"]}}],"collection":[{"href":"https:\/\/cvinoticias.com\/v3\/wp-json\/wp\/v2\/posts"}],"about":[{"href":"https:\/\/cvinoticias.com\/v3\/wp-json\/wp\/v2\/types\/post"}],"author":[{"embeddable":true,"href":"https:\/\/cvinoticias.com\/v3\/wp-json\/wp\/v2\/users\/2"}],"replies":[{"embeddable":true,"href":"https:\/\/cvinoticias.com\/v3\/wp-json\/wp\/v2\/comments?post=6952"}],"version-history":[{"count":1,"href":"https:\/\/cvinoticias.com\/v3\/wp-json\/wp\/v2\/posts\/6952\/revisions"}],"predecessor-version":[{"id":6954,"href":"https:\/\/cvinoticias.com\/v3\/wp-json\/wp\/v2\/posts\/6952\/revisions\/6954"}],"wp:featuredmedia":[{"embeddable":true,"href":"https:\/\/cvinoticias.com\/v3\/wp-json\/wp\/v2\/media\/6953"}],"wp:attachment":[{"href":"https:\/\/cvinoticias.com\/v3\/wp-json\/wp\/v2\/media?parent=6952"}],"wp:term":[{"taxonomy":"category","embeddable":true,"href":"https:\/\/cvinoticias.com\/v3\/wp-json\/wp\/v2\/categories?post=6952"},{"taxonomy":"post_tag","embeddable":true,"href":"https:\/\/cvinoticias.com\/v3\/wp-json\/wp\/v2\/tags?post=6952"}],"curies":[{"name":"wp","href":"https:\/\/api.w.org\/{rel}","templated":true}]}}