{"id":6944,"date":"2021-07-20T07:08:47","date_gmt":"2021-07-20T07:08:47","guid":{"rendered":"https:\/\/cvinoticias.com\/v3\/?p=6944"},"modified":"2021-07-20T07:08:47","modified_gmt":"2021-07-20T07:08:47","slug":"mesa-paritaria-docente-a-partir-del-segundo-semestre-del-ano-el-aumento-sera-de-un-70","status":"publish","type":"post","link":"https:\/\/cvinoticias.com\/v3\/mesa-paritaria-docente-a-partir-del-segundo-semestre-del-ano-el-aumento-sera-de-un-70\/","title":{"rendered":"Mesa paritaria docente: A partir del segundo semestre del a\u00f1o el aument\u00f3 ser\u00e1 de un 70%"},"content":{"rendered":"\n<p><strong><em>El ministro de Educaci\u00f3n de la provincia, Miguel Sedoff, se reuni\u00f3 con representantes de los distintos sindicatos y gremios en la tarde de este lunes. Las partes acordaron que el piso para el maestro de grado ser\u00e1 de 17.741,77 pesos.<\/em><\/strong><\/p>\n\n\n\n<p>El ministro de Educaci\u00f3n de Misiones, Miguel Sedoff encabez\u00f3 este lunes por la tarde, en el sal\u00f3n Oval de esa cartera, una reuni\u00f3n con representantes de los distintos sindicatos y gremios. En ella las partes acordaron elevar desde este mes el b\u00e1sico al 70%, por lo cual el piso para el maestro de grado ser\u00e1 de 17.741,77 pesos.<br><br>Del encuentro tambi\u00e9n participaron los ministros Adolfo Safr\u00e1n (de Hacienda) y Silvina Gim\u00e9nez (de Trabajo) y el presidente del Consejo General de Educaci\u00f3n (CGE), Alberto \u201cColita\u201d Galarza, entre otras autoridades.<br><br>De esta manera, el b\u00e1sico pas\u00f3 de ser 13.650,77 pesos a $17.741,77 y eso incluye la incorporaci\u00f3n de dos adicionales. As\u00ed la Garant\u00eda Salarial se eleva de 40 a 48 mil pesos.<\/p>\n\n\n\n<p><\/p>\n\n\n\n<figure class=\"wp-block-image size-large\"><a href=\"https:\/\/cvinoticias.com\/wp-content\/uploads\/2021\/07\/PicsArt_07-20-04.06.12.jpg\"><img decoding=\"async\" width=\"721\" height=\"1024\" data-src=\"https:\/\/cvinoticias.com\/wp-content\/uploads\/2021\/07\/PicsArt_07-20-04.06.12-721x1024.jpg\" alt=\"\" class=\"wp-image-6946 lazyload\" data-srcset=\"https:\/\/cvinoticias.com\/wp-content\/uploads\/2021\/07\/PicsArt_07-20-04.06.12-721x1024.jpg 721w, https:\/\/cvinoticias.com\/wp-content\/uploads\/2021\/07\/PicsArt_07-20-04.06.12-211x300.jpg 211w, https:\/\/cvinoticias.com\/wp-content\/uploads\/2021\/07\/PicsArt_07-20-04.06.12-768x1091.jpg 768w, https:\/\/cvinoticias.com\/wp-content\/uploads\/2021\/07\/PicsArt_07-20-04.06.12.jpg 1080w\" data-sizes=\"(max-width: 721px) 100vw, 721px\" src=\"data:image\/svg+xml;base64,PHN2ZyB3aWR0aD0iMSIgaGVpZ2h0PSIxIiB4bWxucz0iaHR0cDovL3d3dy53My5vcmcvMjAwMC9zdmciPjwvc3ZnPg==\" style=\"--smush-placeholder-width: 721px; --smush-placeholder-aspect-ratio: 721\/1024;\" \/><\/a><\/figure>\n","protected":false},"excerpt":{"rendered":"<p>El ministro de Educaci\u00f3n de la provincia, Miguel Sedoff, se reuni\u00f3 con representantes de los distintos sindicatos y gremios en la tarde de este lunes. Las partes acordaron que el piso para el maestro de grado ser\u00e1 de 17.741,77 pesos. El ministro de Educaci\u00f3n de Misiones, Miguel Sedoff encabez\u00f3 este lunes por la tarde, en [&hellip;]<\/p>\n","protected":false},"author":2,"featured_media":6945,"comment_status":"open","ping_status":"open","sticky":false,"template":"","format":"standard","meta":{"footnotes":""},"categories":[26],"tags":[],"class_list":["post-6944","post","type-post","status-publish","format-standard","has-post-thumbnail","hentry","category-educacion"],"yoast_head":"<!-- This site is optimized with the Yoast SEO plugin v27.4 - https:\/\/yoast.com\/product\/yoast-seo-wordpress\/ -->\n<title>Mesa paritaria docente: A partir del segundo semestre del a\u00f1o el aument\u00f3 ser\u00e1 de un 70% | CVI NOTICIAS<\/title>\n<meta name=\"robots\" content=\"index, follow, max-snippet:-1, max-image-preview:large, max-video-preview:-1\" \/>\n<link rel=\"canonical\" href=\"https:\/\/cvinoticias.com\/v3\/mesa-paritaria-docente-a-partir-del-segundo-semestre-del-ano-el-aumento-sera-de-un-70\/\" \/>\n<meta property=\"og:locale\" content=\"es_ES\" \/>\n<meta property=\"og:type\" content=\"article\" \/>\n<meta property=\"og:title\" content=\"Mesa paritaria docente: A partir del segundo semestre del a\u00f1o el aument\u00f3 ser\u00e1 de un 70% | CVI NOTICIAS\" \/>\n<meta property=\"og:description\" content=\"El ministro de Educaci\u00f3n de la provincia, Miguel Sedoff, se reuni\u00f3 con representantes de los distintos sindicatos y gremios en la tarde de este lunes. Las partes acordaron que el piso para el maestro de grado ser\u00e1 de 17.741,77 pesos. El ministro de Educaci\u00f3n de Misiones, Miguel Sedoff encabez\u00f3 este lunes por la tarde, en [&hellip;]\" \/>\n<meta property=\"og:url\" content=\"https:\/\/cvinoticias.com\/v3\/mesa-paritaria-docente-a-partir-del-segundo-semestre-del-ano-el-aumento-sera-de-un-70\/\" \/>\n<meta property=\"og:site_name\" content=\"CVI NOTICIAS\" \/>\n<meta property=\"article:publisher\" content=\"https:\/\/www.facebook.com\/cvinoticias\" \/>\n<meta property=\"article:published_time\" content=\"2021-07-20T07:08:47+00:00\" \/>\n<meta property=\"og:image\" content=\"https:\/\/cvinoticias.com\/wp-content\/uploads\/2021\/07\/PicsArt_07-20-03.59.46.jpg\" \/>\n\t<meta property=\"og:image:width\" content=\"1080\" \/>\n\t<meta property=\"og:image:height\" content=\"1566\" \/>\n\t<meta property=\"og:image:type\" content=\"image\/jpeg\" \/>\n<meta name=\"author\" content=\"f1000024\" \/>\n<meta name=\"twitter:card\" content=\"summary_large_image\" \/>\n<meta name=\"twitter:label1\" content=\"Escrito por\" \/>\n\t<meta name=\"twitter:data1\" content=\"f1000024\" \/>\n\t<meta name=\"twitter:label2\" content=\"Tiempo de lectura\" \/>\n\t<meta name=\"twitter:data2\" content=\"1 minuto\" \/>\n<script type=\"application\/ld+json\" class=\"yoast-schema-graph\">{\"@context\":\"https:\\\/\\\/schema.org\",\"@graph\":[{\"@type\":\"Article\",\"@id\":\"https:\\\/\\\/cvinoticias.com\\\/v3\\\/mesa-paritaria-docente-a-partir-del-segundo-semestre-del-ano-el-aumento-sera-de-un-70\\\/#article\",\"isPartOf\":{\"@id\":\"https:\\\/\\\/cvinoticias.com\\\/v3\\\/mesa-paritaria-docente-a-partir-del-segundo-semestre-del-ano-el-aumento-sera-de-un-70\\\/\"},\"author\":{\"name\":\"f1000024\",\"@id\":\"https:\\\/\\\/cvinoticias.com\\\/v3\\\/#\\\/schema\\\/person\\\/2db77e3c6bc03c538495d7b2b8be9b66\"},\"headline\":\"Mesa paritaria docente: A partir del segundo semestre del a\u00f1o el aument\u00f3 ser\u00e1 de un 70%\",\"datePublished\":\"2021-07-20T07:08:47+00:00\",\"mainEntityOfPage\":{\"@id\":\"https:\\\/\\\/cvinoticias.com\\\/v3\\\/mesa-paritaria-docente-a-partir-del-segundo-semestre-del-ano-el-aumento-sera-de-un-70\\\/\"},\"wordCount\":181,\"commentCount\":0,\"publisher\":{\"@id\":\"https:\\\/\\\/cvinoticias.com\\\/v3\\\/#organization\"},\"image\":{\"@id\":\"https:\\\/\\\/cvinoticias.com\\\/v3\\\/mesa-paritaria-docente-a-partir-del-segundo-semestre-del-ano-el-aumento-sera-de-un-70\\\/#primaryimage\"},\"thumbnailUrl\":\"https:\\\/\\\/cvinoticias.com\\\/wp-content\\\/uploads\\\/2021\\\/07\\\/PicsArt_07-20-03.59.46.jpg\",\"articleSection\":[\"Educacion\"],\"inLanguage\":\"es\",\"potentialAction\":[{\"@type\":\"CommentAction\",\"name\":\"Comment\",\"target\":[\"https:\\\/\\\/cvinoticias.com\\\/v3\\\/mesa-paritaria-docente-a-partir-del-segundo-semestre-del-ano-el-aumento-sera-de-un-70\\\/#respond\"]}]},{\"@type\":\"WebPage\",\"@id\":\"https:\\\/\\\/cvinoticias.com\\\/v3\\\/mesa-paritaria-docente-a-partir-del-segundo-semestre-del-ano-el-aumento-sera-de-un-70\\\/\",\"url\":\"https:\\\/\\\/cvinoticias.com\\\/v3\\\/mesa-paritaria-docente-a-partir-del-segundo-semestre-del-ano-el-aumento-sera-de-un-70\\\/\",\"name\":\"Mesa paritaria docente: A partir del segundo semestre del a\u00f1o el aument\u00f3 ser\u00e1 de un 70% | CVI NOTICIAS\",\"isPartOf\":{\"@id\":\"https:\\\/\\\/cvinoticias.com\\\/v3\\\/#website\"},\"primaryImageOfPage\":{\"@id\":\"https:\\\/\\\/cvinoticias.com\\\/v3\\\/mesa-paritaria-docente-a-partir-del-segundo-semestre-del-ano-el-aumento-sera-de-un-70\\\/#primaryimage\"},\"image\":{\"@id\":\"https:\\\/\\\/cvinoticias.com\\\/v3\\\/mesa-paritaria-docente-a-partir-del-segundo-semestre-del-ano-el-aumento-sera-de-un-70\\\/#primaryimage\"},\"thumbnailUrl\":\"https:\\\/\\\/cvinoticias.com\\\/wp-content\\\/uploads\\\/2021\\\/07\\\/PicsArt_07-20-03.59.46.jpg\",\"datePublished\":\"2021-07-20T07:08:47+00:00\",\"breadcrumb\":{\"@id\":\"https:\\\/\\\/cvinoticias.com\\\/v3\\\/mesa-paritaria-docente-a-partir-del-segundo-semestre-del-ano-el-aumento-sera-de-un-70\\\/#breadcrumb\"},\"inLanguage\":\"es\",\"potentialAction\":[{\"@type\":\"ReadAction\",\"target\":[\"https:\\\/\\\/cvinoticias.com\\\/v3\\\/mesa-paritaria-docente-a-partir-del-segundo-semestre-del-ano-el-aumento-sera-de-un-70\\\/\"]}]},{\"@type\":\"ImageObject\",\"inLanguage\":\"es\",\"@id\":\"https:\\\/\\\/cvinoticias.com\\\/v3\\\/mesa-paritaria-docente-a-partir-del-segundo-semestre-del-ano-el-aumento-sera-de-un-70\\\/#primaryimage\",\"url\":\"https:\\\/\\\/cvinoticias.com\\\/wp-content\\\/uploads\\\/2021\\\/07\\\/PicsArt_07-20-03.59.46.jpg\",\"contentUrl\":\"https:\\\/\\\/cvinoticias.com\\\/wp-content\\\/uploads\\\/2021\\\/07\\\/PicsArt_07-20-03.59.46.jpg\",\"width\":1080,\"height\":1566},{\"@type\":\"BreadcrumbList\",\"@id\":\"https:\\\/\\\/cvinoticias.com\\\/v3\\\/mesa-paritaria-docente-a-partir-del-segundo-semestre-del-ano-el-aumento-sera-de-un-70\\\/#breadcrumb\",\"itemListElement\":[{\"@type\":\"ListItem\",\"position\":1,\"name\":\"Portada\",\"item\":\"https:\\\/\\\/cvinoticias.com\\\/v3\\\/\"},{\"@type\":\"ListItem\",\"position\":2,\"name\":\"Mesa paritaria docente: A partir del segundo semestre del a\u00f1o el aument\u00f3 ser\u00e1 de un 70%\"}]},{\"@type\":\"WebSite\",\"@id\":\"https:\\\/\\\/cvinoticias.com\\\/v3\\\/#website\",\"url\":\"https:\\\/\\\/cvinoticias.com\\\/v3\\\/\",\"name\":\"CVI NOTICIAS\",\"description\":\"\",\"publisher\":{\"@id\":\"https:\\\/\\\/cvinoticias.com\\\/v3\\\/#organization\"},\"alternateName\":\"CVI\",\"potentialAction\":[{\"@type\":\"SearchAction\",\"target\":{\"@type\":\"EntryPoint\",\"urlTemplate\":\"https:\\\/\\\/cvinoticias.com\\\/v3\\\/?s={search_term_string}\"},\"query-input\":{\"@type\":\"PropertyValueSpecification\",\"valueRequired\":true,\"valueName\":\"search_term_string\"}}],\"inLanguage\":\"es\"},{\"@type\":\"Organization\",\"@id\":\"https:\\\/\\\/cvinoticias.com\\\/v3\\\/#organization\",\"name\":\"CVI NOTICIAS\",\"url\":\"https:\\\/\\\/cvinoticias.com\\\/v3\\\/\",\"logo\":{\"@type\":\"ImageObject\",\"inLanguage\":\"es\",\"@id\":\"https:\\\/\\\/cvinoticias.com\\\/v3\\\/#\\\/schema\\\/logo\\\/image\\\/\",\"url\":\"https:\\\/\\\/cvinoticias.com\\\/wp-content\\\/uploads\\\/2023\\\/04\\\/cropped-cropped-cropped-cropped-cropped-3-1.png\",\"contentUrl\":\"https:\\\/\\\/cvinoticias.com\\\/wp-content\\\/uploads\\\/2023\\\/04\\\/cropped-cropped-cropped-cropped-cropped-3-1.png\",\"width\":95,\"height\":122,\"caption\":\"CVI NOTICIAS\"},\"image\":{\"@id\":\"https:\\\/\\\/cvinoticias.com\\\/v3\\\/#\\\/schema\\\/logo\\\/image\\\/\"},\"sameAs\":[\"https:\\\/\\\/www.facebook.com\\\/cvinoticias\",\"https:\\\/\\\/www.instagram.com\\\/cvinoticias\\\/\",\"https:\\\/\\\/www.youtube.com\\\/@CVINOTICIAS\"]},{\"@type\":\"Person\",\"@id\":\"https:\\\/\\\/cvinoticias.com\\\/v3\\\/#\\\/schema\\\/person\\\/2db77e3c6bc03c538495d7b2b8be9b66\",\"name\":\"f1000024\",\"image\":{\"@type\":\"ImageObject\",\"inLanguage\":\"es\",\"@id\":\"https:\\\/\\\/secure.gravatar.com\\\/avatar\\\/d4fe7459cfc51ff5129ce1a732bbef5928568b8092d412ef95611616376bbeed?s=96&d=mm&r=g\",\"url\":\"https:\\\/\\\/secure.gravatar.com\\\/avatar\\\/d4fe7459cfc51ff5129ce1a732bbef5928568b8092d412ef95611616376bbeed?s=96&d=mm&r=g\",\"contentUrl\":\"https:\\\/\\\/secure.gravatar.com\\\/avatar\\\/d4fe7459cfc51ff5129ce1a732bbef5928568b8092d412ef95611616376bbeed?s=96&d=mm&r=g\",\"caption\":\"f1000024\"},\"url\":\"https:\\\/\\\/cvinoticias.com\\\/v3\\\/author\\\/f1000024\\\/\"}]}<\/script>\n<!-- \/ Yoast SEO plugin. -->","yoast_head_json":{"title":"Mesa paritaria docente: A partir del segundo semestre del a\u00f1o el aument\u00f3 ser\u00e1 de un 70% | CVI NOTICIAS","robots":{"index":"index","follow":"follow","max-snippet":"max-snippet:-1","max-image-preview":"max-image-preview:large","max-video-preview":"max-video-preview:-1"},"canonical":"https:\/\/cvinoticias.com\/v3\/mesa-paritaria-docente-a-partir-del-segundo-semestre-del-ano-el-aumento-sera-de-un-70\/","og_locale":"es_ES","og_type":"article","og_title":"Mesa paritaria docente: A partir del segundo semestre del a\u00f1o el aument\u00f3 ser\u00e1 de un 70% | CVI NOTICIAS","og_description":"El ministro de Educaci\u00f3n de la provincia, Miguel Sedoff, se reuni\u00f3 con representantes de los distintos sindicatos y gremios en la tarde de este lunes. Las partes acordaron que el piso para el maestro de grado ser\u00e1 de 17.741,77 pesos. El ministro de Educaci\u00f3n de Misiones, Miguel Sedoff encabez\u00f3 este lunes por la tarde, en [&hellip;]","og_url":"https:\/\/cvinoticias.com\/v3\/mesa-paritaria-docente-a-partir-del-segundo-semestre-del-ano-el-aumento-sera-de-un-70\/","og_site_name":"CVI NOTICIAS","article_publisher":"https:\/\/www.facebook.com\/cvinoticias","article_published_time":"2021-07-20T07:08:47+00:00","og_image":[{"width":1080,"height":1566,"url":"https:\/\/cvinoticias.com\/wp-content\/uploads\/2021\/07\/PicsArt_07-20-03.59.46.jpg","type":"image\/jpeg"}],"author":"f1000024","twitter_card":"summary_large_image","twitter_misc":{"Escrito por":"f1000024","Tiempo de lectura":"1 minuto"},"schema":{"@context":"https:\/\/schema.org","@graph":[{"@type":"Article","@id":"https:\/\/cvinoticias.com\/v3\/mesa-paritaria-docente-a-partir-del-segundo-semestre-del-ano-el-aumento-sera-de-un-70\/#article","isPartOf":{"@id":"https:\/\/cvinoticias.com\/v3\/mesa-paritaria-docente-a-partir-del-segundo-semestre-del-ano-el-aumento-sera-de-un-70\/"},"author":{"name":"f1000024","@id":"https:\/\/cvinoticias.com\/v3\/#\/schema\/person\/2db77e3c6bc03c538495d7b2b8be9b66"},"headline":"Mesa paritaria docente: A partir del segundo semestre del a\u00f1o el aument\u00f3 ser\u00e1 de un 70%","datePublished":"2021-07-20T07:08:47+00:00","mainEntityOfPage":{"@id":"https:\/\/cvinoticias.com\/v3\/mesa-paritaria-docente-a-partir-del-segundo-semestre-del-ano-el-aumento-sera-de-un-70\/"},"wordCount":181,"commentCount":0,"publisher":{"@id":"https:\/\/cvinoticias.com\/v3\/#organization"},"image":{"@id":"https:\/\/cvinoticias.com\/v3\/mesa-paritaria-docente-a-partir-del-segundo-semestre-del-ano-el-aumento-sera-de-un-70\/#primaryimage"},"thumbnailUrl":"https:\/\/cvinoticias.com\/wp-content\/uploads\/2021\/07\/PicsArt_07-20-03.59.46.jpg","articleSection":["Educacion"],"inLanguage":"es","potentialAction":[{"@type":"CommentAction","name":"Comment","target":["https:\/\/cvinoticias.com\/v3\/mesa-paritaria-docente-a-partir-del-segundo-semestre-del-ano-el-aumento-sera-de-un-70\/#respond"]}]},{"@type":"WebPage","@id":"https:\/\/cvinoticias.com\/v3\/mesa-paritaria-docente-a-partir-del-segundo-semestre-del-ano-el-aumento-sera-de-un-70\/","url":"https:\/\/cvinoticias.com\/v3\/mesa-paritaria-docente-a-partir-del-segundo-semestre-del-ano-el-aumento-sera-de-un-70\/","name":"Mesa paritaria docente: A partir del segundo semestre del a\u00f1o el aument\u00f3 ser\u00e1 de un 70% | CVI NOTICIAS","isPartOf":{"@id":"https:\/\/cvinoticias.com\/v3\/#website"},"primaryImageOfPage":{"@id":"https:\/\/cvinoticias.com\/v3\/mesa-paritaria-docente-a-partir-del-segundo-semestre-del-ano-el-aumento-sera-de-un-70\/#primaryimage"},"image":{"@id":"https:\/\/cvinoticias.com\/v3\/mesa-paritaria-docente-a-partir-del-segundo-semestre-del-ano-el-aumento-sera-de-un-70\/#primaryimage"},"thumbnailUrl":"https:\/\/cvinoticias.com\/wp-content\/uploads\/2021\/07\/PicsArt_07-20-03.59.46.jpg","datePublished":"2021-07-20T07:08:47+00:00","breadcrumb":{"@id":"https:\/\/cvinoticias.com\/v3\/mesa-paritaria-docente-a-partir-del-segundo-semestre-del-ano-el-aumento-sera-de-un-70\/#breadcrumb"},"inLanguage":"es","potentialAction":[{"@type":"ReadAction","target":["https:\/\/cvinoticias.com\/v3\/mesa-paritaria-docente-a-partir-del-segundo-semestre-del-ano-el-aumento-sera-de-un-70\/"]}]},{"@type":"ImageObject","inLanguage":"es","@id":"https:\/\/cvinoticias.com\/v3\/mesa-paritaria-docente-a-partir-del-segundo-semestre-del-ano-el-aumento-sera-de-un-70\/#primaryimage","url":"https:\/\/cvinoticias.com\/wp-content\/uploads\/2021\/07\/PicsArt_07-20-03.59.46.jpg","contentUrl":"https:\/\/cvinoticias.com\/wp-content\/uploads\/2021\/07\/PicsArt_07-20-03.59.46.jpg","width":1080,"height":1566},{"@type":"BreadcrumbList","@id":"https:\/\/cvinoticias.com\/v3\/mesa-paritaria-docente-a-partir-del-segundo-semestre-del-ano-el-aumento-sera-de-un-70\/#breadcrumb","itemListElement":[{"@type":"ListItem","position":1,"name":"Portada","item":"https:\/\/cvinoticias.com\/v3\/"},{"@type":"ListItem","position":2,"name":"Mesa paritaria docente: A partir del segundo semestre del a\u00f1o el aument\u00f3 ser\u00e1 de un 70%"}]},{"@type":"WebSite","@id":"https:\/\/cvinoticias.com\/v3\/#website","url":"https:\/\/cvinoticias.com\/v3\/","name":"CVI NOTICIAS","description":"","publisher":{"@id":"https:\/\/cvinoticias.com\/v3\/#organization"},"alternateName":"CVI","potentialAction":[{"@type":"SearchAction","target":{"@type":"EntryPoint","urlTemplate":"https:\/\/cvinoticias.com\/v3\/?s={search_term_string}"},"query-input":{"@type":"PropertyValueSpecification","valueRequired":true,"valueName":"search_term_string"}}],"inLanguage":"es"},{"@type":"Organization","@id":"https:\/\/cvinoticias.com\/v3\/#organization","name":"CVI NOTICIAS","url":"https:\/\/cvinoticias.com\/v3\/","logo":{"@type":"ImageObject","inLanguage":"es","@id":"https:\/\/cvinoticias.com\/v3\/#\/schema\/logo\/image\/","url":"https:\/\/cvinoticias.com\/wp-content\/uploads\/2023\/04\/cropped-cropped-cropped-cropped-cropped-3-1.png","contentUrl":"https:\/\/cvinoticias.com\/wp-content\/uploads\/2023\/04\/cropped-cropped-cropped-cropped-cropped-3-1.png","width":95,"height":122,"caption":"CVI NOTICIAS"},"image":{"@id":"https:\/\/cvinoticias.com\/v3\/#\/schema\/logo\/image\/"},"sameAs":["https:\/\/www.facebook.com\/cvinoticias","https:\/\/www.instagram.com\/cvinoticias\/","https:\/\/www.youtube.com\/@CVINOTICIAS"]},{"@type":"Person","@id":"https:\/\/cvinoticias.com\/v3\/#\/schema\/person\/2db77e3c6bc03c538495d7b2b8be9b66","name":"f1000024","image":{"@type":"ImageObject","inLanguage":"es","@id":"https:\/\/secure.gravatar.com\/avatar\/d4fe7459cfc51ff5129ce1a732bbef5928568b8092d412ef95611616376bbeed?s=96&d=mm&r=g","url":"https:\/\/secure.gravatar.com\/avatar\/d4fe7459cfc51ff5129ce1a732bbef5928568b8092d412ef95611616376bbeed?s=96&d=mm&r=g","contentUrl":"https:\/\/secure.gravatar.com\/avatar\/d4fe7459cfc51ff5129ce1a732bbef5928568b8092d412ef95611616376bbeed?s=96&d=mm&r=g","caption":"f1000024"},"url":"https:\/\/cvinoticias.com\/v3\/author\/f1000024\/"}]}},"_links":{"self":[{"href":"https:\/\/cvinoticias.com\/v3\/wp-json\/wp\/v2\/posts\/6944","targetHints":{"allow":["GET"]}}],"collection":[{"href":"https:\/\/cvinoticias.com\/v3\/wp-json\/wp\/v2\/posts"}],"about":[{"href":"https:\/\/cvinoticias.com\/v3\/wp-json\/wp\/v2\/types\/post"}],"author":[{"embeddable":true,"href":"https:\/\/cvinoticias.com\/v3\/wp-json\/wp\/v2\/users\/2"}],"replies":[{"embeddable":true,"href":"https:\/\/cvinoticias.com\/v3\/wp-json\/wp\/v2\/comments?post=6944"}],"version-history":[{"count":1,"href":"https:\/\/cvinoticias.com\/v3\/wp-json\/wp\/v2\/posts\/6944\/revisions"}],"predecessor-version":[{"id":6947,"href":"https:\/\/cvinoticias.com\/v3\/wp-json\/wp\/v2\/posts\/6944\/revisions\/6947"}],"wp:featuredmedia":[{"embeddable":true,"href":"https:\/\/cvinoticias.com\/v3\/wp-json\/wp\/v2\/media\/6945"}],"wp:attachment":[{"href":"https:\/\/cvinoticias.com\/v3\/wp-json\/wp\/v2\/media?parent=6944"}],"wp:term":[{"taxonomy":"category","embeddable":true,"href":"https:\/\/cvinoticias.com\/v3\/wp-json\/wp\/v2\/categories?post=6944"},{"taxonomy":"post_tag","embeddable":true,"href":"https:\/\/cvinoticias.com\/v3\/wp-json\/wp\/v2\/tags?post=6944"}],"curies":[{"name":"wp","href":"https:\/\/api.w.org\/{rel}","templated":true}]}}