{"id":6932,"date":"2021-07-19T12:34:39","date_gmt":"2021-07-19T12:34:39","guid":{"rendered":"https:\/\/cvinoticias.com\/v3\/?p=6932"},"modified":"2021-07-19T12:34:39","modified_gmt":"2021-07-19T12:34:39","slug":"nacion-oficializo-el-plan-que-permite-a-mujeres-jubilarse-sin-aportes","status":"publish","type":"post","link":"https:\/\/cvinoticias.com\/v3\/nacion-oficializo-el-plan-que-permite-a-mujeres-jubilarse-sin-aportes\/","title":{"rendered":"Naci\u00f3n oficializ\u00f3 el plan que permite a mujeres jubilarse sin aportes"},"content":{"rendered":"\n<p><strong><em>A trav\u00e9s del Decreto 475\/2021 publicado en el Bolet\u00edn Oficial, el Gobierno comenz\u00f3 a implementar el Programa de Reconocimiento de Aportes por Tareas de Cuidado, que les permite acceder a una jubilaci\u00f3n a mujeres que tengan m\u00e1s de 60 a\u00f1os y que sean madres, pero que no cuenten con los 30 a\u00f1os de aportes necesarios.<\/em><\/strong><\/p>\n\n\n\n<p>La norma, que fue anticipada por el presidente Alberto Fern\u00e1ndez y la titular de Anses, Fernanda Raverta, establece que a partir de ahora este grupo podr\u00e1 computar \u201cun a\u00f1o de servicio por cada hijo y\/o hija que haya nacido con vida\u201d, con el \u00fanico fin \u201cde acreditar el m\u00ednimo de servicios necesarios para el logro de la Prestaci\u00f3n B\u00e1sica Universal (PBU)\u201d.<\/p>\n\n\n\n<p>El reconocimiento computar\u00e1 1 a\u00f1o por hijo o hija, 2 a\u00f1os por hijo o hija adoptado o adoptada siendo menor de edad, 2 a\u00f1os por hijo o hija con discapacidad y 3 a\u00f1os en caso de que haya accedido a una Asignaci\u00f3n Universal por Hijo (AUH) por al menos 12 meses, detall\u00f3 el organismo.<\/p>\n\n\n\n<p>Por otro lado, las autoridades nacionales tambi\u00e9n decretaron que \u201cel per\u00edodo correspondiente a la licencia por maternidad establecida por las leyes de alcance nacional y Convenios Colectivos de Trabajo respectivos\u201d, ser\u00e1 tenido en cuenta para calcular \u201clas Prestaciones de Retiro Transitorio por Invalidez o de la Pensi\u00f3n por Fallecimiento del afiliado o de la afiliada en actividad\u201d.<\/p>\n\n\n\n<p>No obstante, se aclar\u00f3 que \u201clos plazos de licencia por maternidad y de estado de excedencia se computar\u00e1n\u201d para todos los reg\u00edmenes previsionales que da la ANSES, solamente cuando se verifique \u201cque la mujer y\/o persona gestante haya retornado a la misma actividad que realizaba\u201d antes, una vez que finaliz\u00f3 el correspondiente permiso.<\/p>\n\n\n\n<p>El Gobierno Nacional calcul\u00f3 que hay cerca de 155.000 mujeres en edad de jubilarse pero que no alcanzan a cumplir con los 30 a\u00f1os de aportes y que, a partir de este programa, podr\u00e1n completar este requisito.<\/p>\n\n\n\n<p><strong>Requisitos para jubilarse sin aportes suficientes<\/strong><\/p>\n\n\n\n<p>*Mujeres en edad de jubilarse (con 60 a\u00f1os o m\u00e1s)<\/p>\n\n\n\n<p>*Sean madres<\/p>\n\n\n\n<p>*No cuenten con los 30 a\u00f1os de aportes necesarios para acceder a una jubilaci\u00f3n.<\/p>\n\n\n\n<p>El organismo invit\u00f3 a las mujeres que forman parte de este grupo a que ingresen con su CUIL y Clave de la Seguridad Social a la solapa de \u201cMi Anses\u201d en su web y verifiquen si los v\u00ednculos familiares est\u00e1n actualizados en la solapa de \u201cInformaci\u00f3n Personal\u201d y, luego, en \u201cRelaciones Familiares\u201d.<\/p>\n\n\n\n<p>En el caso de que no figuren los datos de alguno de los hijos o hijas de esta persona deber\u00e1n solicitar un turno para actualizar esa informaci\u00f3n y presentar el DNI y la partida de nacimiento de cada uno de los hijos o hijas que no figuren en el registro.<\/p>\n","protected":false},"excerpt":{"rendered":"<p>A trav\u00e9s del Decreto 475\/2021 publicado en el Bolet\u00edn Oficial, el Gobierno comenz\u00f3 a implementar el Programa de Reconocimiento de Aportes por Tareas de Cuidado, que les permite acceder a una jubilaci\u00f3n a mujeres que tengan m\u00e1s de 60 a\u00f1os y que sean madres, pero que no cuenten con los 30 a\u00f1os de aportes necesarios. [&hellip;]<\/p>\n","protected":false},"author":2,"featured_media":6933,"comment_status":"open","ping_status":"open","sticky":false,"template":"","format":"standard","meta":{"footnotes":""},"categories":[35],"tags":[],"class_list":["post-6932","post","type-post","status-publish","format-standard","has-post-thumbnail","hentry","category-informacion-general"],"yoast_head":"<!-- This site is optimized with the Yoast SEO plugin v27.5 - https:\/\/yoast.com\/product\/yoast-seo-wordpress\/ -->\n<title>Naci\u00f3n oficializ\u00f3 el plan que permite a mujeres jubilarse sin aportes | CVI NOTICIAS<\/title>\n<meta name=\"robots\" content=\"index, follow, max-snippet:-1, max-image-preview:large, max-video-preview:-1\" \/>\n<link rel=\"canonical\" href=\"https:\/\/cvinoticias.com\/v3\/nacion-oficializo-el-plan-que-permite-a-mujeres-jubilarse-sin-aportes\/\" \/>\n<meta property=\"og:locale\" content=\"es_ES\" \/>\n<meta property=\"og:type\" content=\"article\" \/>\n<meta property=\"og:title\" content=\"Naci\u00f3n oficializ\u00f3 el plan que permite a mujeres jubilarse sin aportes | CVI NOTICIAS\" \/>\n<meta property=\"og:description\" content=\"A trav\u00e9s del Decreto 475\/2021 publicado en el Bolet\u00edn Oficial, el Gobierno comenz\u00f3 a implementar el Programa de Reconocimiento de Aportes por Tareas de Cuidado, que les permite acceder a una jubilaci\u00f3n a mujeres que tengan m\u00e1s de 60 a\u00f1os y que sean madres, pero que no cuenten con los 30 a\u00f1os de aportes necesarios. [&hellip;]\" \/>\n<meta property=\"og:url\" content=\"https:\/\/cvinoticias.com\/v3\/nacion-oficializo-el-plan-que-permite-a-mujeres-jubilarse-sin-aportes\/\" \/>\n<meta property=\"og:site_name\" content=\"CVI NOTICIAS\" \/>\n<meta property=\"article:publisher\" content=\"https:\/\/www.facebook.com\/cvinoticias\" \/>\n<meta property=\"article:published_time\" content=\"2021-07-19T12:34:39+00:00\" \/>\n<meta property=\"og:image\" content=\"https:\/\/cvinoticias.com\/wp-content\/uploads\/2021\/07\/jubilacion_mujeres_anses.jpg\" \/>\n\t<meta property=\"og:image:width\" content=\"1105\" \/>\n\t<meta property=\"og:image:height\" content=\"829\" \/>\n\t<meta property=\"og:image:type\" content=\"image\/jpeg\" \/>\n<meta name=\"author\" content=\"f1000024\" \/>\n<meta name=\"twitter:card\" content=\"summary_large_image\" \/>\n<meta name=\"twitter:label1\" content=\"Escrito por\" \/>\n\t<meta name=\"twitter:data1\" content=\"f1000024\" \/>\n\t<meta name=\"twitter:label2\" content=\"Tiempo de lectura\" \/>\n\t<meta name=\"twitter:data2\" content=\"2 minutos\" \/>\n<script type=\"application\/ld+json\" class=\"yoast-schema-graph\">{\"@context\":\"https:\\\/\\\/schema.org\",\"@graph\":[{\"@type\":\"Article\",\"@id\":\"https:\\\/\\\/cvinoticias.com\\\/v3\\\/nacion-oficializo-el-plan-que-permite-a-mujeres-jubilarse-sin-aportes\\\/#article\",\"isPartOf\":{\"@id\":\"https:\\\/\\\/cvinoticias.com\\\/v3\\\/nacion-oficializo-el-plan-que-permite-a-mujeres-jubilarse-sin-aportes\\\/\"},\"author\":{\"name\":\"f1000024\",\"@id\":\"https:\\\/\\\/cvinoticias.com\\\/v3\\\/#\\\/schema\\\/person\\\/2db77e3c6bc03c538495d7b2b8be9b66\"},\"headline\":\"Naci\u00f3n oficializ\u00f3 el plan que permite a mujeres jubilarse sin aportes\",\"datePublished\":\"2021-07-19T12:34:39+00:00\",\"mainEntityOfPage\":{\"@id\":\"https:\\\/\\\/cvinoticias.com\\\/v3\\\/nacion-oficializo-el-plan-que-permite-a-mujeres-jubilarse-sin-aportes\\\/\"},\"wordCount\":485,\"commentCount\":0,\"publisher\":{\"@id\":\"https:\\\/\\\/cvinoticias.com\\\/v3\\\/#organization\"},\"image\":{\"@id\":\"https:\\\/\\\/cvinoticias.com\\\/v3\\\/nacion-oficializo-el-plan-que-permite-a-mujeres-jubilarse-sin-aportes\\\/#primaryimage\"},\"thumbnailUrl\":\"https:\\\/\\\/cvinoticias.com\\\/wp-content\\\/uploads\\\/2021\\\/07\\\/jubilacion_mujeres_anses.jpg\",\"articleSection\":[\"Informaci\u00f3n General\"],\"inLanguage\":\"es\",\"potentialAction\":[{\"@type\":\"CommentAction\",\"name\":\"Comment\",\"target\":[\"https:\\\/\\\/cvinoticias.com\\\/v3\\\/nacion-oficializo-el-plan-que-permite-a-mujeres-jubilarse-sin-aportes\\\/#respond\"]}]},{\"@type\":\"WebPage\",\"@id\":\"https:\\\/\\\/cvinoticias.com\\\/v3\\\/nacion-oficializo-el-plan-que-permite-a-mujeres-jubilarse-sin-aportes\\\/\",\"url\":\"https:\\\/\\\/cvinoticias.com\\\/v3\\\/nacion-oficializo-el-plan-que-permite-a-mujeres-jubilarse-sin-aportes\\\/\",\"name\":\"Naci\u00f3n oficializ\u00f3 el plan que permite a mujeres jubilarse sin aportes | CVI NOTICIAS\",\"isPartOf\":{\"@id\":\"https:\\\/\\\/cvinoticias.com\\\/v3\\\/#website\"},\"primaryImageOfPage\":{\"@id\":\"https:\\\/\\\/cvinoticias.com\\\/v3\\\/nacion-oficializo-el-plan-que-permite-a-mujeres-jubilarse-sin-aportes\\\/#primaryimage\"},\"image\":{\"@id\":\"https:\\\/\\\/cvinoticias.com\\\/v3\\\/nacion-oficializo-el-plan-que-permite-a-mujeres-jubilarse-sin-aportes\\\/#primaryimage\"},\"thumbnailUrl\":\"https:\\\/\\\/cvinoticias.com\\\/wp-content\\\/uploads\\\/2021\\\/07\\\/jubilacion_mujeres_anses.jpg\",\"datePublished\":\"2021-07-19T12:34:39+00:00\",\"breadcrumb\":{\"@id\":\"https:\\\/\\\/cvinoticias.com\\\/v3\\\/nacion-oficializo-el-plan-que-permite-a-mujeres-jubilarse-sin-aportes\\\/#breadcrumb\"},\"inLanguage\":\"es\",\"potentialAction\":[{\"@type\":\"ReadAction\",\"target\":[\"https:\\\/\\\/cvinoticias.com\\\/v3\\\/nacion-oficializo-el-plan-que-permite-a-mujeres-jubilarse-sin-aportes\\\/\"]}]},{\"@type\":\"ImageObject\",\"inLanguage\":\"es\",\"@id\":\"https:\\\/\\\/cvinoticias.com\\\/v3\\\/nacion-oficializo-el-plan-que-permite-a-mujeres-jubilarse-sin-aportes\\\/#primaryimage\",\"url\":\"https:\\\/\\\/cvinoticias.com\\\/wp-content\\\/uploads\\\/2021\\\/07\\\/jubilacion_mujeres_anses.jpg\",\"contentUrl\":\"https:\\\/\\\/cvinoticias.com\\\/wp-content\\\/uploads\\\/2021\\\/07\\\/jubilacion_mujeres_anses.jpg\",\"width\":1105,\"height\":829},{\"@type\":\"BreadcrumbList\",\"@id\":\"https:\\\/\\\/cvinoticias.com\\\/v3\\\/nacion-oficializo-el-plan-que-permite-a-mujeres-jubilarse-sin-aportes\\\/#breadcrumb\",\"itemListElement\":[{\"@type\":\"ListItem\",\"position\":1,\"name\":\"Portada\",\"item\":\"https:\\\/\\\/cvinoticias.com\\\/v3\\\/\"},{\"@type\":\"ListItem\",\"position\":2,\"name\":\"Naci\u00f3n oficializ\u00f3 el plan que permite a mujeres jubilarse sin aportes\"}]},{\"@type\":\"WebSite\",\"@id\":\"https:\\\/\\\/cvinoticias.com\\\/v3\\\/#website\",\"url\":\"https:\\\/\\\/cvinoticias.com\\\/v3\\\/\",\"name\":\"CVI NOTICIAS\",\"description\":\"\",\"publisher\":{\"@id\":\"https:\\\/\\\/cvinoticias.com\\\/v3\\\/#organization\"},\"alternateName\":\"CVI\",\"potentialAction\":[{\"@type\":\"SearchAction\",\"target\":{\"@type\":\"EntryPoint\",\"urlTemplate\":\"https:\\\/\\\/cvinoticias.com\\\/v3\\\/?s={search_term_string}\"},\"query-input\":{\"@type\":\"PropertyValueSpecification\",\"valueRequired\":true,\"valueName\":\"search_term_string\"}}],\"inLanguage\":\"es\"},{\"@type\":\"Organization\",\"@id\":\"https:\\\/\\\/cvinoticias.com\\\/v3\\\/#organization\",\"name\":\"CVI NOTICIAS\",\"url\":\"https:\\\/\\\/cvinoticias.com\\\/v3\\\/\",\"logo\":{\"@type\":\"ImageObject\",\"inLanguage\":\"es\",\"@id\":\"https:\\\/\\\/cvinoticias.com\\\/v3\\\/#\\\/schema\\\/logo\\\/image\\\/\",\"url\":\"https:\\\/\\\/cvinoticias.com\\\/wp-content\\\/uploads\\\/2023\\\/04\\\/cropped-cropped-cropped-cropped-cropped-3-1.png\",\"contentUrl\":\"https:\\\/\\\/cvinoticias.com\\\/wp-content\\\/uploads\\\/2023\\\/04\\\/cropped-cropped-cropped-cropped-cropped-3-1.png\",\"width\":95,\"height\":122,\"caption\":\"CVI NOTICIAS\"},\"image\":{\"@id\":\"https:\\\/\\\/cvinoticias.com\\\/v3\\\/#\\\/schema\\\/logo\\\/image\\\/\"},\"sameAs\":[\"https:\\\/\\\/www.facebook.com\\\/cvinoticias\",\"https:\\\/\\\/www.instagram.com\\\/cvinoticias\\\/\",\"https:\\\/\\\/www.youtube.com\\\/@CVINOTICIAS\"]},{\"@type\":\"Person\",\"@id\":\"https:\\\/\\\/cvinoticias.com\\\/v3\\\/#\\\/schema\\\/person\\\/2db77e3c6bc03c538495d7b2b8be9b66\",\"name\":\"f1000024\",\"image\":{\"@type\":\"ImageObject\",\"inLanguage\":\"es\",\"@id\":\"https:\\\/\\\/secure.gravatar.com\\\/avatar\\\/d4fe7459cfc51ff5129ce1a732bbef5928568b8092d412ef95611616376bbeed?s=96&d=mm&r=g\",\"url\":\"https:\\\/\\\/secure.gravatar.com\\\/avatar\\\/d4fe7459cfc51ff5129ce1a732bbef5928568b8092d412ef95611616376bbeed?s=96&d=mm&r=g\",\"contentUrl\":\"https:\\\/\\\/secure.gravatar.com\\\/avatar\\\/d4fe7459cfc51ff5129ce1a732bbef5928568b8092d412ef95611616376bbeed?s=96&d=mm&r=g\",\"caption\":\"f1000024\"},\"url\":\"https:\\\/\\\/cvinoticias.com\\\/v3\\\/author\\\/f1000024\\\/\"}]}<\/script>\n<!-- \/ Yoast SEO plugin. -->","yoast_head_json":{"title":"Naci\u00f3n oficializ\u00f3 el plan que permite a mujeres jubilarse sin aportes | CVI NOTICIAS","robots":{"index":"index","follow":"follow","max-snippet":"max-snippet:-1","max-image-preview":"max-image-preview:large","max-video-preview":"max-video-preview:-1"},"canonical":"https:\/\/cvinoticias.com\/v3\/nacion-oficializo-el-plan-que-permite-a-mujeres-jubilarse-sin-aportes\/","og_locale":"es_ES","og_type":"article","og_title":"Naci\u00f3n oficializ\u00f3 el plan que permite a mujeres jubilarse sin aportes | CVI NOTICIAS","og_description":"A trav\u00e9s del Decreto 475\/2021 publicado en el Bolet\u00edn Oficial, el Gobierno comenz\u00f3 a implementar el Programa de Reconocimiento de Aportes por Tareas de Cuidado, que les permite acceder a una jubilaci\u00f3n a mujeres que tengan m\u00e1s de 60 a\u00f1os y que sean madres, pero que no cuenten con los 30 a\u00f1os de aportes necesarios. [&hellip;]","og_url":"https:\/\/cvinoticias.com\/v3\/nacion-oficializo-el-plan-que-permite-a-mujeres-jubilarse-sin-aportes\/","og_site_name":"CVI NOTICIAS","article_publisher":"https:\/\/www.facebook.com\/cvinoticias","article_published_time":"2021-07-19T12:34:39+00:00","og_image":[{"width":1105,"height":829,"url":"https:\/\/cvinoticias.com\/wp-content\/uploads\/2021\/07\/jubilacion_mujeres_anses.jpg","type":"image\/jpeg"}],"author":"f1000024","twitter_card":"summary_large_image","twitter_misc":{"Escrito por":"f1000024","Tiempo de lectura":"2 minutos"},"schema":{"@context":"https:\/\/schema.org","@graph":[{"@type":"Article","@id":"https:\/\/cvinoticias.com\/v3\/nacion-oficializo-el-plan-que-permite-a-mujeres-jubilarse-sin-aportes\/#article","isPartOf":{"@id":"https:\/\/cvinoticias.com\/v3\/nacion-oficializo-el-plan-que-permite-a-mujeres-jubilarse-sin-aportes\/"},"author":{"name":"f1000024","@id":"https:\/\/cvinoticias.com\/v3\/#\/schema\/person\/2db77e3c6bc03c538495d7b2b8be9b66"},"headline":"Naci\u00f3n oficializ\u00f3 el plan que permite a mujeres jubilarse sin aportes","datePublished":"2021-07-19T12:34:39+00:00","mainEntityOfPage":{"@id":"https:\/\/cvinoticias.com\/v3\/nacion-oficializo-el-plan-que-permite-a-mujeres-jubilarse-sin-aportes\/"},"wordCount":485,"commentCount":0,"publisher":{"@id":"https:\/\/cvinoticias.com\/v3\/#organization"},"image":{"@id":"https:\/\/cvinoticias.com\/v3\/nacion-oficializo-el-plan-que-permite-a-mujeres-jubilarse-sin-aportes\/#primaryimage"},"thumbnailUrl":"https:\/\/cvinoticias.com\/wp-content\/uploads\/2021\/07\/jubilacion_mujeres_anses.jpg","articleSection":["Informaci\u00f3n General"],"inLanguage":"es","potentialAction":[{"@type":"CommentAction","name":"Comment","target":["https:\/\/cvinoticias.com\/v3\/nacion-oficializo-el-plan-que-permite-a-mujeres-jubilarse-sin-aportes\/#respond"]}]},{"@type":"WebPage","@id":"https:\/\/cvinoticias.com\/v3\/nacion-oficializo-el-plan-que-permite-a-mujeres-jubilarse-sin-aportes\/","url":"https:\/\/cvinoticias.com\/v3\/nacion-oficializo-el-plan-que-permite-a-mujeres-jubilarse-sin-aportes\/","name":"Naci\u00f3n oficializ\u00f3 el plan que permite a mujeres jubilarse sin aportes | CVI NOTICIAS","isPartOf":{"@id":"https:\/\/cvinoticias.com\/v3\/#website"},"primaryImageOfPage":{"@id":"https:\/\/cvinoticias.com\/v3\/nacion-oficializo-el-plan-que-permite-a-mujeres-jubilarse-sin-aportes\/#primaryimage"},"image":{"@id":"https:\/\/cvinoticias.com\/v3\/nacion-oficializo-el-plan-que-permite-a-mujeres-jubilarse-sin-aportes\/#primaryimage"},"thumbnailUrl":"https:\/\/cvinoticias.com\/wp-content\/uploads\/2021\/07\/jubilacion_mujeres_anses.jpg","datePublished":"2021-07-19T12:34:39+00:00","breadcrumb":{"@id":"https:\/\/cvinoticias.com\/v3\/nacion-oficializo-el-plan-que-permite-a-mujeres-jubilarse-sin-aportes\/#breadcrumb"},"inLanguage":"es","potentialAction":[{"@type":"ReadAction","target":["https:\/\/cvinoticias.com\/v3\/nacion-oficializo-el-plan-que-permite-a-mujeres-jubilarse-sin-aportes\/"]}]},{"@type":"ImageObject","inLanguage":"es","@id":"https:\/\/cvinoticias.com\/v3\/nacion-oficializo-el-plan-que-permite-a-mujeres-jubilarse-sin-aportes\/#primaryimage","url":"https:\/\/cvinoticias.com\/wp-content\/uploads\/2021\/07\/jubilacion_mujeres_anses.jpg","contentUrl":"https:\/\/cvinoticias.com\/wp-content\/uploads\/2021\/07\/jubilacion_mujeres_anses.jpg","width":1105,"height":829},{"@type":"BreadcrumbList","@id":"https:\/\/cvinoticias.com\/v3\/nacion-oficializo-el-plan-que-permite-a-mujeres-jubilarse-sin-aportes\/#breadcrumb","itemListElement":[{"@type":"ListItem","position":1,"name":"Portada","item":"https:\/\/cvinoticias.com\/v3\/"},{"@type":"ListItem","position":2,"name":"Naci\u00f3n oficializ\u00f3 el plan que permite a mujeres jubilarse sin aportes"}]},{"@type":"WebSite","@id":"https:\/\/cvinoticias.com\/v3\/#website","url":"https:\/\/cvinoticias.com\/v3\/","name":"CVI NOTICIAS","description":"","publisher":{"@id":"https:\/\/cvinoticias.com\/v3\/#organization"},"alternateName":"CVI","potentialAction":[{"@type":"SearchAction","target":{"@type":"EntryPoint","urlTemplate":"https:\/\/cvinoticias.com\/v3\/?s={search_term_string}"},"query-input":{"@type":"PropertyValueSpecification","valueRequired":true,"valueName":"search_term_string"}}],"inLanguage":"es"},{"@type":"Organization","@id":"https:\/\/cvinoticias.com\/v3\/#organization","name":"CVI NOTICIAS","url":"https:\/\/cvinoticias.com\/v3\/","logo":{"@type":"ImageObject","inLanguage":"es","@id":"https:\/\/cvinoticias.com\/v3\/#\/schema\/logo\/image\/","url":"https:\/\/cvinoticias.com\/wp-content\/uploads\/2023\/04\/cropped-cropped-cropped-cropped-cropped-3-1.png","contentUrl":"https:\/\/cvinoticias.com\/wp-content\/uploads\/2023\/04\/cropped-cropped-cropped-cropped-cropped-3-1.png","width":95,"height":122,"caption":"CVI NOTICIAS"},"image":{"@id":"https:\/\/cvinoticias.com\/v3\/#\/schema\/logo\/image\/"},"sameAs":["https:\/\/www.facebook.com\/cvinoticias","https:\/\/www.instagram.com\/cvinoticias\/","https:\/\/www.youtube.com\/@CVINOTICIAS"]},{"@type":"Person","@id":"https:\/\/cvinoticias.com\/v3\/#\/schema\/person\/2db77e3c6bc03c538495d7b2b8be9b66","name":"f1000024","image":{"@type":"ImageObject","inLanguage":"es","@id":"https:\/\/secure.gravatar.com\/avatar\/d4fe7459cfc51ff5129ce1a732bbef5928568b8092d412ef95611616376bbeed?s=96&d=mm&r=g","url":"https:\/\/secure.gravatar.com\/avatar\/d4fe7459cfc51ff5129ce1a732bbef5928568b8092d412ef95611616376bbeed?s=96&d=mm&r=g","contentUrl":"https:\/\/secure.gravatar.com\/avatar\/d4fe7459cfc51ff5129ce1a732bbef5928568b8092d412ef95611616376bbeed?s=96&d=mm&r=g","caption":"f1000024"},"url":"https:\/\/cvinoticias.com\/v3\/author\/f1000024\/"}]}},"_links":{"self":[{"href":"https:\/\/cvinoticias.com\/v3\/wp-json\/wp\/v2\/posts\/6932","targetHints":{"allow":["GET"]}}],"collection":[{"href":"https:\/\/cvinoticias.com\/v3\/wp-json\/wp\/v2\/posts"}],"about":[{"href":"https:\/\/cvinoticias.com\/v3\/wp-json\/wp\/v2\/types\/post"}],"author":[{"embeddable":true,"href":"https:\/\/cvinoticias.com\/v3\/wp-json\/wp\/v2\/users\/2"}],"replies":[{"embeddable":true,"href":"https:\/\/cvinoticias.com\/v3\/wp-json\/wp\/v2\/comments?post=6932"}],"version-history":[{"count":1,"href":"https:\/\/cvinoticias.com\/v3\/wp-json\/wp\/v2\/posts\/6932\/revisions"}],"predecessor-version":[{"id":6934,"href":"https:\/\/cvinoticias.com\/v3\/wp-json\/wp\/v2\/posts\/6932\/revisions\/6934"}],"wp:featuredmedia":[{"embeddable":true,"href":"https:\/\/cvinoticias.com\/v3\/wp-json\/wp\/v2\/media\/6933"}],"wp:attachment":[{"href":"https:\/\/cvinoticias.com\/v3\/wp-json\/wp\/v2\/media?parent=6932"}],"wp:term":[{"taxonomy":"category","embeddable":true,"href":"https:\/\/cvinoticias.com\/v3\/wp-json\/wp\/v2\/categories?post=6932"},{"taxonomy":"post_tag","embeddable":true,"href":"https:\/\/cvinoticias.com\/v3\/wp-json\/wp\/v2\/tags?post=6932"}],"curies":[{"name":"wp","href":"https:\/\/api.w.org\/{rel}","templated":true}]}}