{"id":6901,"date":"2021-07-18T16:01:40","date_gmt":"2021-07-18T16:01:40","guid":{"rendered":"https:\/\/cvinoticias.com\/v3\/?p=6901"},"modified":"2021-07-18T16:01:40","modified_gmt":"2021-07-18T16:01:40","slug":"con-satisfaccion-podemos-decir-que-la-fuerza-de-alberto-y-cristina-tiene-su-representacion-en-misiones","status":"publish","type":"post","link":"https:\/\/cvinoticias.com\/v3\/con-satisfaccion-podemos-decir-que-la-fuerza-de-alberto-y-cristina-tiene-su-representacion-en-misiones\/","title":{"rendered":"\u201cCon satisfacci\u00f3n podemos decir que la fuerza de Alberto y Cristina tiene su representaci\u00f3n en Misiones\u00bb"},"content":{"rendered":"\n<p><strong>Lo expres\u00f3 Cristina Britez luego que el pasado miercoles a medianoche cerraran las inscripciones para el 12 de septiembre, y el Frente de Todos en Misiones quedara inscripto. En tanto que durante el d\u00eda de hoy, s\u00e1bado,\u00a0 obtuvo autorizaci\u00f3n de autoridades del Frente de Todos Nacional para competir en las elecciones 2021.<\/strong><\/p>\n\n\n\n<p>Esta semana qued\u00f3 superada la primera etapa establecida en el camino electoral 2021, el que reconoce las alianzas transitorias y confederaciones para participar en las elecciones Primarias Abiertas y Simult\u00e1neas y Obligatorias (PASO) del pr\u00f3ximo 12 de septiembre, y luego las legislativas del 14 de noviembre.<\/p>\n\n\n\n<p>En este sentido, en Misiones de acuerdo al calendario electoral, qued\u00f3 formalizada la participaci\u00f3n del Frente de Todos a partir de que los partidos que lo integran, entre ellos el Partido para la Victoria que lidera la Diputada Nacional, Cristina Britez, anotara la denominaci\u00f3n Frente de Todos para las pr\u00f3ximas elecciones, y durante el d\u00eda de hoy s\u00e1bado obtuvo la autorizaci\u00f3n de autoridades nacionales. \u00a0<em>\u201cEn los plazos establecidos por ley electoral, y con la aprobaci\u00f3n de los apoderados del Frente de Todos a nivel nacional, podemos decir con<\/em> <em>satisfacci\u00f3n que la fuerza de Alberto y Cristina tiene su representaci\u00f3n en Misiones<\/em>\u201d, remarc\u00f3 Britez.<\/p>\n\n\n\n<p>Sobre esto la Diputada Nacional, Cristina Britez se\u00f1al\u00f3 que \u201c<em>hay frente de todos en nuestra provincia de Misiones, y es un logro poder consolidar una fuerza de representaci\u00f3n nacional, la fuerza de Alberto y Cristina. Y vamos a trabajar en la provincia para seguir consolid\u00e1ndola<\/em>\u201d.<\/p>\n\n\n\n<p>Y agreg\u00f3 adem\u00e1s que \u201c<em>con orgullo y compromiso recibimos la aprobaci\u00f3n de los apoderados del Frente de Todos a nivel nacional<\/em>\u201d, para competir en las pr\u00f3ximas elecciones 2021. \u201c<em>Seguiremos trabajando para que Misiones pueda ser m\u00e1s justa e igualitaria<\/em>\u201d, a\u00f1adi\u00f3 Britez. &nbsp;<\/p>\n\n\n\n<p>Al ser consultada sobre el Frente de Todos en Misiones agreg\u00f3 que \u201cel Frente es una alianza de partidos que se inscribe en el proyecto nacional y popular, y de referencia en el gobierno nacional de Alberto y Cristina\u201d. En este mismo sentido Cristina Britez resalt\u00f3 que el peronismo no es un partido sino una manera de pensar y so\u00f1ar la Patria. \u201c<em>Y detr\u00e1s de eso vamos en Misiones<\/em>\u201d, cerr\u00f3.<\/p>\n\n\n\n<figure class=\"wp-block-image size-large is-resized\"><a href=\"https:\/\/cvinoticias.com\/wp-content\/uploads\/2021\/07\/IMG-20210718-WA0027.jpg\"><img decoding=\"async\" data-src=\"https:\/\/cvinoticias.com\/wp-content\/uploads\/2021\/07\/IMG-20210718-WA0027.jpg\" alt=\"\" class=\"wp-image-6903 lazyload\" width=\"1074\" height=\"712\" data-srcset=\"https:\/\/cvinoticias.com\/wp-content\/uploads\/2021\/07\/IMG-20210718-WA0027.jpg 720w, https:\/\/cvinoticias.com\/wp-content\/uploads\/2021\/07\/IMG-20210718-WA0027-300x199.jpg 300w\" data-sizes=\"(max-width: 1074px) 100vw, 1074px\" src=\"data:image\/svg+xml;base64,PHN2ZyB3aWR0aD0iMSIgaGVpZ2h0PSIxIiB4bWxucz0iaHR0cDovL3d3dy53My5vcmcvMjAwMC9zdmciPjwvc3ZnPg==\" style=\"--smush-placeholder-width: 1074px; --smush-placeholder-aspect-ratio: 1074\/712;\" \/><\/a><\/figure>\n","protected":false},"excerpt":{"rendered":"<p>Lo expres\u00f3 Cristina Britez luego que el pasado miercoles a medianoche cerraran las inscripciones para el 12 de septiembre, y el Frente de Todos en Misiones quedara inscripto. En tanto que durante el d\u00eda de hoy, s\u00e1bado,\u00a0 obtuvo autorizaci\u00f3n de autoridades del Frente de Todos Nacional para competir en las elecciones 2021. Esta semana qued\u00f3 [&hellip;]<\/p>\n","protected":false},"author":2,"featured_media":6902,"comment_status":"open","ping_status":"open","sticky":false,"template":"","format":"standard","meta":{"footnotes":""},"categories":[42],"tags":[],"class_list":["post-6901","post","type-post","status-publish","format-standard","has-post-thumbnail","hentry","category-politica"],"yoast_head":"<!-- This site is optimized with the Yoast SEO plugin v27.5 - https:\/\/yoast.com\/product\/yoast-seo-wordpress\/ -->\n<title>\u201cCon satisfacci\u00f3n podemos decir que la fuerza de Alberto y Cristina tiene su representaci\u00f3n en Misiones&quot; | CVI NOTICIAS<\/title>\n<meta name=\"robots\" content=\"index, follow, max-snippet:-1, max-image-preview:large, max-video-preview:-1\" \/>\n<link rel=\"canonical\" href=\"https:\/\/cvinoticias.com\/v3\/con-satisfaccion-podemos-decir-que-la-fuerza-de-alberto-y-cristina-tiene-su-representacion-en-misiones\/\" \/>\n<meta property=\"og:locale\" content=\"es_ES\" \/>\n<meta property=\"og:type\" content=\"article\" \/>\n<meta property=\"og:title\" content=\"\u201cCon satisfacci\u00f3n podemos decir que la fuerza de Alberto y Cristina tiene su representaci\u00f3n en Misiones&quot; | CVI NOTICIAS\" \/>\n<meta property=\"og:description\" content=\"Lo expres\u00f3 Cristina Britez luego que el pasado miercoles a medianoche cerraran las inscripciones para el 12 de septiembre, y el Frente de Todos en Misiones quedara inscripto. En tanto que durante el d\u00eda de hoy, s\u00e1bado,\u00a0 obtuvo autorizaci\u00f3n de autoridades del Frente de Todos Nacional para competir en las elecciones 2021. Esta semana qued\u00f3 [&hellip;]\" \/>\n<meta property=\"og:url\" content=\"https:\/\/cvinoticias.com\/v3\/con-satisfaccion-podemos-decir-que-la-fuerza-de-alberto-y-cristina-tiene-su-representacion-en-misiones\/\" \/>\n<meta property=\"og:site_name\" content=\"CVI NOTICIAS\" \/>\n<meta property=\"article:publisher\" content=\"https:\/\/www.facebook.com\/cvinoticias\" \/>\n<meta property=\"article:published_time\" content=\"2021-07-18T16:01:40+00:00\" \/>\n<meta property=\"og:image\" content=\"https:\/\/cvinoticias.com\/wp-content\/uploads\/2021\/07\/IMG-20210718-WA0028.jpg\" \/>\n\t<meta property=\"og:image:width\" content=\"719\" \/>\n\t<meta property=\"og:image:height\" content=\"507\" \/>\n\t<meta property=\"og:image:type\" content=\"image\/jpeg\" \/>\n<meta name=\"author\" content=\"f1000024\" \/>\n<meta name=\"twitter:card\" content=\"summary_large_image\" \/>\n<meta name=\"twitter:label1\" content=\"Escrito por\" \/>\n\t<meta name=\"twitter:data1\" content=\"f1000024\" \/>\n\t<meta name=\"twitter:label2\" content=\"Tiempo de lectura\" \/>\n\t<meta name=\"twitter:data2\" content=\"2 minutos\" \/>\n<script type=\"application\/ld+json\" class=\"yoast-schema-graph\">{\"@context\":\"https:\\\/\\\/schema.org\",\"@graph\":[{\"@type\":\"Article\",\"@id\":\"https:\\\/\\\/cvinoticias.com\\\/v3\\\/con-satisfaccion-podemos-decir-que-la-fuerza-de-alberto-y-cristina-tiene-su-representacion-en-misiones\\\/#article\",\"isPartOf\":{\"@id\":\"https:\\\/\\\/cvinoticias.com\\\/v3\\\/con-satisfaccion-podemos-decir-que-la-fuerza-de-alberto-y-cristina-tiene-su-representacion-en-misiones\\\/\"},\"author\":{\"name\":\"f1000024\",\"@id\":\"https:\\\/\\\/cvinoticias.com\\\/v3\\\/#\\\/schema\\\/person\\\/2db77e3c6bc03c538495d7b2b8be9b66\"},\"headline\":\"\u201cCon satisfacci\u00f3n podemos decir que la fuerza de Alberto y Cristina tiene su representaci\u00f3n en Misiones\u00bb\",\"datePublished\":\"2021-07-18T16:01:40+00:00\",\"mainEntityOfPage\":{\"@id\":\"https:\\\/\\\/cvinoticias.com\\\/v3\\\/con-satisfaccion-podemos-decir-que-la-fuerza-de-alberto-y-cristina-tiene-su-representacion-en-misiones\\\/\"},\"wordCount\":394,\"commentCount\":0,\"publisher\":{\"@id\":\"https:\\\/\\\/cvinoticias.com\\\/v3\\\/#organization\"},\"image\":{\"@id\":\"https:\\\/\\\/cvinoticias.com\\\/v3\\\/con-satisfaccion-podemos-decir-que-la-fuerza-de-alberto-y-cristina-tiene-su-representacion-en-misiones\\\/#primaryimage\"},\"thumbnailUrl\":\"https:\\\/\\\/cvinoticias.com\\\/wp-content\\\/uploads\\\/2021\\\/07\\\/IMG-20210718-WA0028.jpg\",\"articleSection\":[\"Politica\"],\"inLanguage\":\"es\",\"potentialAction\":[{\"@type\":\"CommentAction\",\"name\":\"Comment\",\"target\":[\"https:\\\/\\\/cvinoticias.com\\\/v3\\\/con-satisfaccion-podemos-decir-que-la-fuerza-de-alberto-y-cristina-tiene-su-representacion-en-misiones\\\/#respond\"]}]},{\"@type\":\"WebPage\",\"@id\":\"https:\\\/\\\/cvinoticias.com\\\/v3\\\/con-satisfaccion-podemos-decir-que-la-fuerza-de-alberto-y-cristina-tiene-su-representacion-en-misiones\\\/\",\"url\":\"https:\\\/\\\/cvinoticias.com\\\/v3\\\/con-satisfaccion-podemos-decir-que-la-fuerza-de-alberto-y-cristina-tiene-su-representacion-en-misiones\\\/\",\"name\":\"\u201cCon satisfacci\u00f3n podemos decir que la fuerza de Alberto y Cristina tiene su representaci\u00f3n en Misiones\\\" | CVI NOTICIAS\",\"isPartOf\":{\"@id\":\"https:\\\/\\\/cvinoticias.com\\\/v3\\\/#website\"},\"primaryImageOfPage\":{\"@id\":\"https:\\\/\\\/cvinoticias.com\\\/v3\\\/con-satisfaccion-podemos-decir-que-la-fuerza-de-alberto-y-cristina-tiene-su-representacion-en-misiones\\\/#primaryimage\"},\"image\":{\"@id\":\"https:\\\/\\\/cvinoticias.com\\\/v3\\\/con-satisfaccion-podemos-decir-que-la-fuerza-de-alberto-y-cristina-tiene-su-representacion-en-misiones\\\/#primaryimage\"},\"thumbnailUrl\":\"https:\\\/\\\/cvinoticias.com\\\/wp-content\\\/uploads\\\/2021\\\/07\\\/IMG-20210718-WA0028.jpg\",\"datePublished\":\"2021-07-18T16:01:40+00:00\",\"breadcrumb\":{\"@id\":\"https:\\\/\\\/cvinoticias.com\\\/v3\\\/con-satisfaccion-podemos-decir-que-la-fuerza-de-alberto-y-cristina-tiene-su-representacion-en-misiones\\\/#breadcrumb\"},\"inLanguage\":\"es\",\"potentialAction\":[{\"@type\":\"ReadAction\",\"target\":[\"https:\\\/\\\/cvinoticias.com\\\/v3\\\/con-satisfaccion-podemos-decir-que-la-fuerza-de-alberto-y-cristina-tiene-su-representacion-en-misiones\\\/\"]}]},{\"@type\":\"ImageObject\",\"inLanguage\":\"es\",\"@id\":\"https:\\\/\\\/cvinoticias.com\\\/v3\\\/con-satisfaccion-podemos-decir-que-la-fuerza-de-alberto-y-cristina-tiene-su-representacion-en-misiones\\\/#primaryimage\",\"url\":\"https:\\\/\\\/cvinoticias.com\\\/wp-content\\\/uploads\\\/2021\\\/07\\\/IMG-20210718-WA0028.jpg\",\"contentUrl\":\"https:\\\/\\\/cvinoticias.com\\\/wp-content\\\/uploads\\\/2021\\\/07\\\/IMG-20210718-WA0028.jpg\",\"width\":719,\"height\":507},{\"@type\":\"BreadcrumbList\",\"@id\":\"https:\\\/\\\/cvinoticias.com\\\/v3\\\/con-satisfaccion-podemos-decir-que-la-fuerza-de-alberto-y-cristina-tiene-su-representacion-en-misiones\\\/#breadcrumb\",\"itemListElement\":[{\"@type\":\"ListItem\",\"position\":1,\"name\":\"Portada\",\"item\":\"https:\\\/\\\/cvinoticias.com\\\/v3\\\/\"},{\"@type\":\"ListItem\",\"position\":2,\"name\":\"\u201cCon satisfacci\u00f3n podemos decir que la fuerza de Alberto y Cristina tiene su representaci\u00f3n en Misiones\u00bb\"}]},{\"@type\":\"WebSite\",\"@id\":\"https:\\\/\\\/cvinoticias.com\\\/v3\\\/#website\",\"url\":\"https:\\\/\\\/cvinoticias.com\\\/v3\\\/\",\"name\":\"CVI NOTICIAS\",\"description\":\"\",\"publisher\":{\"@id\":\"https:\\\/\\\/cvinoticias.com\\\/v3\\\/#organization\"},\"alternateName\":\"CVI\",\"potentialAction\":[{\"@type\":\"SearchAction\",\"target\":{\"@type\":\"EntryPoint\",\"urlTemplate\":\"https:\\\/\\\/cvinoticias.com\\\/v3\\\/?s={search_term_string}\"},\"query-input\":{\"@type\":\"PropertyValueSpecification\",\"valueRequired\":true,\"valueName\":\"search_term_string\"}}],\"inLanguage\":\"es\"},{\"@type\":\"Organization\",\"@id\":\"https:\\\/\\\/cvinoticias.com\\\/v3\\\/#organization\",\"name\":\"CVI NOTICIAS\",\"url\":\"https:\\\/\\\/cvinoticias.com\\\/v3\\\/\",\"logo\":{\"@type\":\"ImageObject\",\"inLanguage\":\"es\",\"@id\":\"https:\\\/\\\/cvinoticias.com\\\/v3\\\/#\\\/schema\\\/logo\\\/image\\\/\",\"url\":\"https:\\\/\\\/cvinoticias.com\\\/wp-content\\\/uploads\\\/2023\\\/04\\\/cropped-cropped-cropped-cropped-cropped-3-1.png\",\"contentUrl\":\"https:\\\/\\\/cvinoticias.com\\\/wp-content\\\/uploads\\\/2023\\\/04\\\/cropped-cropped-cropped-cropped-cropped-3-1.png\",\"width\":95,\"height\":122,\"caption\":\"CVI NOTICIAS\"},\"image\":{\"@id\":\"https:\\\/\\\/cvinoticias.com\\\/v3\\\/#\\\/schema\\\/logo\\\/image\\\/\"},\"sameAs\":[\"https:\\\/\\\/www.facebook.com\\\/cvinoticias\",\"https:\\\/\\\/www.instagram.com\\\/cvinoticias\\\/\",\"https:\\\/\\\/www.youtube.com\\\/@CVINOTICIAS\"]},{\"@type\":\"Person\",\"@id\":\"https:\\\/\\\/cvinoticias.com\\\/v3\\\/#\\\/schema\\\/person\\\/2db77e3c6bc03c538495d7b2b8be9b66\",\"name\":\"f1000024\",\"image\":{\"@type\":\"ImageObject\",\"inLanguage\":\"es\",\"@id\":\"https:\\\/\\\/secure.gravatar.com\\\/avatar\\\/d4fe7459cfc51ff5129ce1a732bbef5928568b8092d412ef95611616376bbeed?s=96&d=mm&r=g\",\"url\":\"https:\\\/\\\/secure.gravatar.com\\\/avatar\\\/d4fe7459cfc51ff5129ce1a732bbef5928568b8092d412ef95611616376bbeed?s=96&d=mm&r=g\",\"contentUrl\":\"https:\\\/\\\/secure.gravatar.com\\\/avatar\\\/d4fe7459cfc51ff5129ce1a732bbef5928568b8092d412ef95611616376bbeed?s=96&d=mm&r=g\",\"caption\":\"f1000024\"},\"url\":\"https:\\\/\\\/cvinoticias.com\\\/v3\\\/author\\\/f1000024\\\/\"}]}<\/script>\n<!-- \/ Yoast SEO plugin. -->","yoast_head_json":{"title":"\u201cCon satisfacci\u00f3n podemos decir que la fuerza de Alberto y Cristina tiene su representaci\u00f3n en Misiones\" | CVI NOTICIAS","robots":{"index":"index","follow":"follow","max-snippet":"max-snippet:-1","max-image-preview":"max-image-preview:large","max-video-preview":"max-video-preview:-1"},"canonical":"https:\/\/cvinoticias.com\/v3\/con-satisfaccion-podemos-decir-que-la-fuerza-de-alberto-y-cristina-tiene-su-representacion-en-misiones\/","og_locale":"es_ES","og_type":"article","og_title":"\u201cCon satisfacci\u00f3n podemos decir que la fuerza de Alberto y Cristina tiene su representaci\u00f3n en Misiones\" | CVI NOTICIAS","og_description":"Lo expres\u00f3 Cristina Britez luego que el pasado miercoles a medianoche cerraran las inscripciones para el 12 de septiembre, y el Frente de Todos en Misiones quedara inscripto. En tanto que durante el d\u00eda de hoy, s\u00e1bado,\u00a0 obtuvo autorizaci\u00f3n de autoridades del Frente de Todos Nacional para competir en las elecciones 2021. Esta semana qued\u00f3 [&hellip;]","og_url":"https:\/\/cvinoticias.com\/v3\/con-satisfaccion-podemos-decir-que-la-fuerza-de-alberto-y-cristina-tiene-su-representacion-en-misiones\/","og_site_name":"CVI NOTICIAS","article_publisher":"https:\/\/www.facebook.com\/cvinoticias","article_published_time":"2021-07-18T16:01:40+00:00","og_image":[{"width":719,"height":507,"url":"https:\/\/cvinoticias.com\/wp-content\/uploads\/2021\/07\/IMG-20210718-WA0028.jpg","type":"image\/jpeg"}],"author":"f1000024","twitter_card":"summary_large_image","twitter_misc":{"Escrito por":"f1000024","Tiempo de lectura":"2 minutos"},"schema":{"@context":"https:\/\/schema.org","@graph":[{"@type":"Article","@id":"https:\/\/cvinoticias.com\/v3\/con-satisfaccion-podemos-decir-que-la-fuerza-de-alberto-y-cristina-tiene-su-representacion-en-misiones\/#article","isPartOf":{"@id":"https:\/\/cvinoticias.com\/v3\/con-satisfaccion-podemos-decir-que-la-fuerza-de-alberto-y-cristina-tiene-su-representacion-en-misiones\/"},"author":{"name":"f1000024","@id":"https:\/\/cvinoticias.com\/v3\/#\/schema\/person\/2db77e3c6bc03c538495d7b2b8be9b66"},"headline":"\u201cCon satisfacci\u00f3n podemos decir que la fuerza de Alberto y Cristina tiene su representaci\u00f3n en Misiones\u00bb","datePublished":"2021-07-18T16:01:40+00:00","mainEntityOfPage":{"@id":"https:\/\/cvinoticias.com\/v3\/con-satisfaccion-podemos-decir-que-la-fuerza-de-alberto-y-cristina-tiene-su-representacion-en-misiones\/"},"wordCount":394,"commentCount":0,"publisher":{"@id":"https:\/\/cvinoticias.com\/v3\/#organization"},"image":{"@id":"https:\/\/cvinoticias.com\/v3\/con-satisfaccion-podemos-decir-que-la-fuerza-de-alberto-y-cristina-tiene-su-representacion-en-misiones\/#primaryimage"},"thumbnailUrl":"https:\/\/cvinoticias.com\/wp-content\/uploads\/2021\/07\/IMG-20210718-WA0028.jpg","articleSection":["Politica"],"inLanguage":"es","potentialAction":[{"@type":"CommentAction","name":"Comment","target":["https:\/\/cvinoticias.com\/v3\/con-satisfaccion-podemos-decir-que-la-fuerza-de-alberto-y-cristina-tiene-su-representacion-en-misiones\/#respond"]}]},{"@type":"WebPage","@id":"https:\/\/cvinoticias.com\/v3\/con-satisfaccion-podemos-decir-que-la-fuerza-de-alberto-y-cristina-tiene-su-representacion-en-misiones\/","url":"https:\/\/cvinoticias.com\/v3\/con-satisfaccion-podemos-decir-que-la-fuerza-de-alberto-y-cristina-tiene-su-representacion-en-misiones\/","name":"\u201cCon satisfacci\u00f3n podemos decir que la fuerza de Alberto y Cristina tiene su representaci\u00f3n en Misiones\" | CVI NOTICIAS","isPartOf":{"@id":"https:\/\/cvinoticias.com\/v3\/#website"},"primaryImageOfPage":{"@id":"https:\/\/cvinoticias.com\/v3\/con-satisfaccion-podemos-decir-que-la-fuerza-de-alberto-y-cristina-tiene-su-representacion-en-misiones\/#primaryimage"},"image":{"@id":"https:\/\/cvinoticias.com\/v3\/con-satisfaccion-podemos-decir-que-la-fuerza-de-alberto-y-cristina-tiene-su-representacion-en-misiones\/#primaryimage"},"thumbnailUrl":"https:\/\/cvinoticias.com\/wp-content\/uploads\/2021\/07\/IMG-20210718-WA0028.jpg","datePublished":"2021-07-18T16:01:40+00:00","breadcrumb":{"@id":"https:\/\/cvinoticias.com\/v3\/con-satisfaccion-podemos-decir-que-la-fuerza-de-alberto-y-cristina-tiene-su-representacion-en-misiones\/#breadcrumb"},"inLanguage":"es","potentialAction":[{"@type":"ReadAction","target":["https:\/\/cvinoticias.com\/v3\/con-satisfaccion-podemos-decir-que-la-fuerza-de-alberto-y-cristina-tiene-su-representacion-en-misiones\/"]}]},{"@type":"ImageObject","inLanguage":"es","@id":"https:\/\/cvinoticias.com\/v3\/con-satisfaccion-podemos-decir-que-la-fuerza-de-alberto-y-cristina-tiene-su-representacion-en-misiones\/#primaryimage","url":"https:\/\/cvinoticias.com\/wp-content\/uploads\/2021\/07\/IMG-20210718-WA0028.jpg","contentUrl":"https:\/\/cvinoticias.com\/wp-content\/uploads\/2021\/07\/IMG-20210718-WA0028.jpg","width":719,"height":507},{"@type":"BreadcrumbList","@id":"https:\/\/cvinoticias.com\/v3\/con-satisfaccion-podemos-decir-que-la-fuerza-de-alberto-y-cristina-tiene-su-representacion-en-misiones\/#breadcrumb","itemListElement":[{"@type":"ListItem","position":1,"name":"Portada","item":"https:\/\/cvinoticias.com\/v3\/"},{"@type":"ListItem","position":2,"name":"\u201cCon satisfacci\u00f3n podemos decir que la fuerza de Alberto y Cristina tiene su representaci\u00f3n en Misiones\u00bb"}]},{"@type":"WebSite","@id":"https:\/\/cvinoticias.com\/v3\/#website","url":"https:\/\/cvinoticias.com\/v3\/","name":"CVI NOTICIAS","description":"","publisher":{"@id":"https:\/\/cvinoticias.com\/v3\/#organization"},"alternateName":"CVI","potentialAction":[{"@type":"SearchAction","target":{"@type":"EntryPoint","urlTemplate":"https:\/\/cvinoticias.com\/v3\/?s={search_term_string}"},"query-input":{"@type":"PropertyValueSpecification","valueRequired":true,"valueName":"search_term_string"}}],"inLanguage":"es"},{"@type":"Organization","@id":"https:\/\/cvinoticias.com\/v3\/#organization","name":"CVI NOTICIAS","url":"https:\/\/cvinoticias.com\/v3\/","logo":{"@type":"ImageObject","inLanguage":"es","@id":"https:\/\/cvinoticias.com\/v3\/#\/schema\/logo\/image\/","url":"https:\/\/cvinoticias.com\/wp-content\/uploads\/2023\/04\/cropped-cropped-cropped-cropped-cropped-3-1.png","contentUrl":"https:\/\/cvinoticias.com\/wp-content\/uploads\/2023\/04\/cropped-cropped-cropped-cropped-cropped-3-1.png","width":95,"height":122,"caption":"CVI NOTICIAS"},"image":{"@id":"https:\/\/cvinoticias.com\/v3\/#\/schema\/logo\/image\/"},"sameAs":["https:\/\/www.facebook.com\/cvinoticias","https:\/\/www.instagram.com\/cvinoticias\/","https:\/\/www.youtube.com\/@CVINOTICIAS"]},{"@type":"Person","@id":"https:\/\/cvinoticias.com\/v3\/#\/schema\/person\/2db77e3c6bc03c538495d7b2b8be9b66","name":"f1000024","image":{"@type":"ImageObject","inLanguage":"es","@id":"https:\/\/secure.gravatar.com\/avatar\/d4fe7459cfc51ff5129ce1a732bbef5928568b8092d412ef95611616376bbeed?s=96&d=mm&r=g","url":"https:\/\/secure.gravatar.com\/avatar\/d4fe7459cfc51ff5129ce1a732bbef5928568b8092d412ef95611616376bbeed?s=96&d=mm&r=g","contentUrl":"https:\/\/secure.gravatar.com\/avatar\/d4fe7459cfc51ff5129ce1a732bbef5928568b8092d412ef95611616376bbeed?s=96&d=mm&r=g","caption":"f1000024"},"url":"https:\/\/cvinoticias.com\/v3\/author\/f1000024\/"}]}},"_links":{"self":[{"href":"https:\/\/cvinoticias.com\/v3\/wp-json\/wp\/v2\/posts\/6901","targetHints":{"allow":["GET"]}}],"collection":[{"href":"https:\/\/cvinoticias.com\/v3\/wp-json\/wp\/v2\/posts"}],"about":[{"href":"https:\/\/cvinoticias.com\/v3\/wp-json\/wp\/v2\/types\/post"}],"author":[{"embeddable":true,"href":"https:\/\/cvinoticias.com\/v3\/wp-json\/wp\/v2\/users\/2"}],"replies":[{"embeddable":true,"href":"https:\/\/cvinoticias.com\/v3\/wp-json\/wp\/v2\/comments?post=6901"}],"version-history":[{"count":1,"href":"https:\/\/cvinoticias.com\/v3\/wp-json\/wp\/v2\/posts\/6901\/revisions"}],"predecessor-version":[{"id":6904,"href":"https:\/\/cvinoticias.com\/v3\/wp-json\/wp\/v2\/posts\/6901\/revisions\/6904"}],"wp:featuredmedia":[{"embeddable":true,"href":"https:\/\/cvinoticias.com\/v3\/wp-json\/wp\/v2\/media\/6902"}],"wp:attachment":[{"href":"https:\/\/cvinoticias.com\/v3\/wp-json\/wp\/v2\/media?parent=6901"}],"wp:term":[{"taxonomy":"category","embeddable":true,"href":"https:\/\/cvinoticias.com\/v3\/wp-json\/wp\/v2\/categories?post=6901"},{"taxonomy":"post_tag","embeddable":true,"href":"https:\/\/cvinoticias.com\/v3\/wp-json\/wp\/v2\/tags?post=6901"}],"curies":[{"name":"wp","href":"https:\/\/api.w.org\/{rel}","templated":true}]}}