{"id":6895,"date":"2021-07-18T14:44:36","date_gmt":"2021-07-18T14:44:36","guid":{"rendered":"https:\/\/cvinoticias.com\/v3\/?p=6895"},"modified":"2021-07-18T14:44:36","modified_gmt":"2021-07-18T14:44:36","slug":"aprobaron-proyecto-de-closs-que-aumentara-los-seguros-de-autos-para-financiar-forestacion","status":"publish","type":"post","link":"https:\/\/cvinoticias.com\/v3\/aprobaron-proyecto-de-closs-que-aumentara-los-seguros-de-autos-para-financiar-forestacion\/","title":{"rendered":"Aprobaron proyecto de Closs que aumentar\u00e1 los seguros de autos para financiar forestaci\u00f3n"},"content":{"rendered":"\n<p><strong><em>La C\u00e1mara alta aprob\u00f3 y gir\u00f3 a Diputados el Programa de Sustentabilidad Ambiental y Seguros que crea en el \u00e1mbito de la Superintendencia de Seguros de la Naci\u00f3n, el Programa de Sustentabilidad Ambiental y Seguros (PROSAS), con el objeto de promover las inversiones en nuevos emprendimientos forestales y en las ampliaciones de los bosques existentes que se efect\u00faen en el marco de lo dispuesto por la Ley N\u00ba 25.080, de Inversiones para Bosques Cultivados.<\/em><\/strong><\/p>\n\n\n\n<p>El Programa se integrar\u00e1 con el\u00a0aporte obligatorio\u00a0que deber\u00e1n realizar los asegurados del\u00a0seguro automotor\u00a0en una proporci\u00f3n de la prima que determine la Superintendencia de Seguros de la Naci\u00f3n. Ser\u00e1 de entre\u00a0el 0,5% y hasta un 1%\u00a0y significar\u00e1 un\u00a0aumento m\u00e1s en las cuotas que abona cada asegurado.<\/p>\n\n\n\n<p>\u201cEs muy bueno que hayamos dado media sanci\u00f3n al Prosas. Esto es garantizar los fondos para financiar la 25080 y darle continuidad y previsibilidad al sector forestal. Esta ley favorece de manera inapelable el cuidado del medio ambiente y el desarrollo de una actividad econ\u00f3mica fundamental\u201d, explic\u00f3 el senador Maurice Closs, autor de la iniciativa que se aprob\u00f3 en el Senado en la sesi\u00f3n de este jueves.<\/p>\n\n\n\n<p>\u201cEste proyecto busca financiar una pol\u00edtica de Estado que es promover al sector forestal, necesitamos este financiamiento por la sencilla raz\u00f3n de que las inversiones forestales son de mediano y largo plazo, debemos fomentar la implantaci\u00f3n de bosques\u201d, expres\u00f3 el representante misionero al defender la iniciativa que fue acompa\u00f1ada por representantes de la oposici\u00f3n.<\/p>\n\n\n\n<p>La iniciativa propuesta por Closs prev\u00e9 que el Prosas destinar\u00e1 el 10 por ciento de los aportes recibidos para ser aplicados por la Direcci\u00f3n Nacional de Desarrollo Forestal Industrial con el objeto de atender los gastos necesarios para la implementaci\u00f3n de las acciones asignadas en la Ley N\u00b0 25.080, modificada por sus similares N\u00b0 26.432 y N\u00b0 27.487.<\/p>\n","protected":false},"excerpt":{"rendered":"<p>La C\u00e1mara alta aprob\u00f3 y gir\u00f3 a Diputados el Programa de Sustentabilidad Ambiental y Seguros que crea en el \u00e1mbito de la Superintendencia de Seguros de la Naci\u00f3n, el Programa de Sustentabilidad Ambiental y Seguros (PROSAS), con el objeto de promover las inversiones en nuevos emprendimientos forestales y en las ampliaciones de los bosques existentes [&hellip;]<\/p>\n","protected":false},"author":2,"featured_media":6896,"comment_status":"open","ping_status":"open","sticky":false,"template":"","format":"standard","meta":{"footnotes":""},"categories":[39],"tags":[],"class_list":["post-6895","post","type-post","status-publish","format-standard","has-post-thumbnail","hentry","category-nacionales"],"yoast_head":"<!-- This site is optimized with the Yoast SEO plugin v27.5 - https:\/\/yoast.com\/product\/yoast-seo-wordpress\/ -->\n<title>Aprobaron proyecto de Closs que aumentar\u00e1 los seguros de autos para financiar forestaci\u00f3n | CVI NOTICIAS<\/title>\n<meta name=\"robots\" content=\"index, follow, max-snippet:-1, max-image-preview:large, max-video-preview:-1\" \/>\n<link rel=\"canonical\" href=\"https:\/\/cvinoticias.com\/v3\/aprobaron-proyecto-de-closs-que-aumentara-los-seguros-de-autos-para-financiar-forestacion\/\" \/>\n<meta property=\"og:locale\" content=\"es_ES\" \/>\n<meta property=\"og:type\" content=\"article\" \/>\n<meta property=\"og:title\" content=\"Aprobaron proyecto de Closs que aumentar\u00e1 los seguros de autos para financiar forestaci\u00f3n | CVI NOTICIAS\" \/>\n<meta property=\"og:description\" content=\"La C\u00e1mara alta aprob\u00f3 y gir\u00f3 a Diputados el Programa de Sustentabilidad Ambiental y Seguros que crea en el \u00e1mbito de la Superintendencia de Seguros de la Naci\u00f3n, el Programa de Sustentabilidad Ambiental y Seguros (PROSAS), con el objeto de promover las inversiones en nuevos emprendimientos forestales y en las ampliaciones de los bosques existentes [&hellip;]\" \/>\n<meta property=\"og:url\" content=\"https:\/\/cvinoticias.com\/v3\/aprobaron-proyecto-de-closs-que-aumentara-los-seguros-de-autos-para-financiar-forestacion\/\" \/>\n<meta property=\"og:site_name\" content=\"CVI NOTICIAS\" \/>\n<meta property=\"article:publisher\" content=\"https:\/\/www.facebook.com\/cvinoticias\" \/>\n<meta property=\"article:published_time\" content=\"2021-07-18T14:44:36+00:00\" \/>\n<meta property=\"og:image\" content=\"https:\/\/cvinoticias.com\/wp-content\/uploads\/2021\/07\/75328573_744971659355520_3630810209229733888_n-730x424-730x424-1.jpg\" \/>\n\t<meta property=\"og:image:width\" content=\"501\" \/>\n\t<meta property=\"og:image:height\" content=\"424\" \/>\n\t<meta property=\"og:image:type\" content=\"image\/jpeg\" \/>\n<meta name=\"author\" content=\"f1000024\" \/>\n<meta name=\"twitter:card\" content=\"summary_large_image\" \/>\n<meta name=\"twitter:label1\" content=\"Escrito por\" \/>\n\t<meta name=\"twitter:data1\" content=\"f1000024\" \/>\n\t<meta name=\"twitter:label2\" content=\"Tiempo de lectura\" \/>\n\t<meta name=\"twitter:data2\" content=\"2 minutos\" \/>\n<script type=\"application\/ld+json\" class=\"yoast-schema-graph\">{\"@context\":\"https:\\\/\\\/schema.org\",\"@graph\":[{\"@type\":\"Article\",\"@id\":\"https:\\\/\\\/cvinoticias.com\\\/v3\\\/aprobaron-proyecto-de-closs-que-aumentara-los-seguros-de-autos-para-financiar-forestacion\\\/#article\",\"isPartOf\":{\"@id\":\"https:\\\/\\\/cvinoticias.com\\\/v3\\\/aprobaron-proyecto-de-closs-que-aumentara-los-seguros-de-autos-para-financiar-forestacion\\\/\"},\"author\":{\"name\":\"f1000024\",\"@id\":\"https:\\\/\\\/cvinoticias.com\\\/v3\\\/#\\\/schema\\\/person\\\/2db77e3c6bc03c538495d7b2b8be9b66\"},\"headline\":\"Aprobaron proyecto de Closs que aumentar\u00e1 los seguros de autos para financiar forestaci\u00f3n\",\"datePublished\":\"2021-07-18T14:44:36+00:00\",\"mainEntityOfPage\":{\"@id\":\"https:\\\/\\\/cvinoticias.com\\\/v3\\\/aprobaron-proyecto-de-closs-que-aumentara-los-seguros-de-autos-para-financiar-forestacion\\\/\"},\"wordCount\":328,\"commentCount\":0,\"publisher\":{\"@id\":\"https:\\\/\\\/cvinoticias.com\\\/v3\\\/#organization\"},\"image\":{\"@id\":\"https:\\\/\\\/cvinoticias.com\\\/v3\\\/aprobaron-proyecto-de-closs-que-aumentara-los-seguros-de-autos-para-financiar-forestacion\\\/#primaryimage\"},\"thumbnailUrl\":\"https:\\\/\\\/cvinoticias.com\\\/wp-content\\\/uploads\\\/2021\\\/07\\\/75328573_744971659355520_3630810209229733888_n-730x424-730x424-1.jpg\",\"articleSection\":[\"Nacionales\"],\"inLanguage\":\"es\",\"potentialAction\":[{\"@type\":\"CommentAction\",\"name\":\"Comment\",\"target\":[\"https:\\\/\\\/cvinoticias.com\\\/v3\\\/aprobaron-proyecto-de-closs-que-aumentara-los-seguros-de-autos-para-financiar-forestacion\\\/#respond\"]}]},{\"@type\":\"WebPage\",\"@id\":\"https:\\\/\\\/cvinoticias.com\\\/v3\\\/aprobaron-proyecto-de-closs-que-aumentara-los-seguros-de-autos-para-financiar-forestacion\\\/\",\"url\":\"https:\\\/\\\/cvinoticias.com\\\/v3\\\/aprobaron-proyecto-de-closs-que-aumentara-los-seguros-de-autos-para-financiar-forestacion\\\/\",\"name\":\"Aprobaron proyecto de Closs que aumentar\u00e1 los seguros de autos para financiar forestaci\u00f3n | CVI NOTICIAS\",\"isPartOf\":{\"@id\":\"https:\\\/\\\/cvinoticias.com\\\/v3\\\/#website\"},\"primaryImageOfPage\":{\"@id\":\"https:\\\/\\\/cvinoticias.com\\\/v3\\\/aprobaron-proyecto-de-closs-que-aumentara-los-seguros-de-autos-para-financiar-forestacion\\\/#primaryimage\"},\"image\":{\"@id\":\"https:\\\/\\\/cvinoticias.com\\\/v3\\\/aprobaron-proyecto-de-closs-que-aumentara-los-seguros-de-autos-para-financiar-forestacion\\\/#primaryimage\"},\"thumbnailUrl\":\"https:\\\/\\\/cvinoticias.com\\\/wp-content\\\/uploads\\\/2021\\\/07\\\/75328573_744971659355520_3630810209229733888_n-730x424-730x424-1.jpg\",\"datePublished\":\"2021-07-18T14:44:36+00:00\",\"breadcrumb\":{\"@id\":\"https:\\\/\\\/cvinoticias.com\\\/v3\\\/aprobaron-proyecto-de-closs-que-aumentara-los-seguros-de-autos-para-financiar-forestacion\\\/#breadcrumb\"},\"inLanguage\":\"es\",\"potentialAction\":[{\"@type\":\"ReadAction\",\"target\":[\"https:\\\/\\\/cvinoticias.com\\\/v3\\\/aprobaron-proyecto-de-closs-que-aumentara-los-seguros-de-autos-para-financiar-forestacion\\\/\"]}]},{\"@type\":\"ImageObject\",\"inLanguage\":\"es\",\"@id\":\"https:\\\/\\\/cvinoticias.com\\\/v3\\\/aprobaron-proyecto-de-closs-que-aumentara-los-seguros-de-autos-para-financiar-forestacion\\\/#primaryimage\",\"url\":\"https:\\\/\\\/cvinoticias.com\\\/wp-content\\\/uploads\\\/2021\\\/07\\\/75328573_744971659355520_3630810209229733888_n-730x424-730x424-1.jpg\",\"contentUrl\":\"https:\\\/\\\/cvinoticias.com\\\/wp-content\\\/uploads\\\/2021\\\/07\\\/75328573_744971659355520_3630810209229733888_n-730x424-730x424-1.jpg\",\"width\":501,\"height\":424},{\"@type\":\"BreadcrumbList\",\"@id\":\"https:\\\/\\\/cvinoticias.com\\\/v3\\\/aprobaron-proyecto-de-closs-que-aumentara-los-seguros-de-autos-para-financiar-forestacion\\\/#breadcrumb\",\"itemListElement\":[{\"@type\":\"ListItem\",\"position\":1,\"name\":\"Portada\",\"item\":\"https:\\\/\\\/cvinoticias.com\\\/v3\\\/\"},{\"@type\":\"ListItem\",\"position\":2,\"name\":\"Aprobaron proyecto de Closs que aumentar\u00e1 los seguros de autos para financiar forestaci\u00f3n\"}]},{\"@type\":\"WebSite\",\"@id\":\"https:\\\/\\\/cvinoticias.com\\\/v3\\\/#website\",\"url\":\"https:\\\/\\\/cvinoticias.com\\\/v3\\\/\",\"name\":\"CVI NOTICIAS\",\"description\":\"\",\"publisher\":{\"@id\":\"https:\\\/\\\/cvinoticias.com\\\/v3\\\/#organization\"},\"alternateName\":\"CVI\",\"potentialAction\":[{\"@type\":\"SearchAction\",\"target\":{\"@type\":\"EntryPoint\",\"urlTemplate\":\"https:\\\/\\\/cvinoticias.com\\\/v3\\\/?s={search_term_string}\"},\"query-input\":{\"@type\":\"PropertyValueSpecification\",\"valueRequired\":true,\"valueName\":\"search_term_string\"}}],\"inLanguage\":\"es\"},{\"@type\":\"Organization\",\"@id\":\"https:\\\/\\\/cvinoticias.com\\\/v3\\\/#organization\",\"name\":\"CVI NOTICIAS\",\"url\":\"https:\\\/\\\/cvinoticias.com\\\/v3\\\/\",\"logo\":{\"@type\":\"ImageObject\",\"inLanguage\":\"es\",\"@id\":\"https:\\\/\\\/cvinoticias.com\\\/v3\\\/#\\\/schema\\\/logo\\\/image\\\/\",\"url\":\"https:\\\/\\\/cvinoticias.com\\\/wp-content\\\/uploads\\\/2023\\\/04\\\/cropped-cropped-cropped-cropped-cropped-3-1.png\",\"contentUrl\":\"https:\\\/\\\/cvinoticias.com\\\/wp-content\\\/uploads\\\/2023\\\/04\\\/cropped-cropped-cropped-cropped-cropped-3-1.png\",\"width\":95,\"height\":122,\"caption\":\"CVI NOTICIAS\"},\"image\":{\"@id\":\"https:\\\/\\\/cvinoticias.com\\\/v3\\\/#\\\/schema\\\/logo\\\/image\\\/\"},\"sameAs\":[\"https:\\\/\\\/www.facebook.com\\\/cvinoticias\",\"https:\\\/\\\/www.instagram.com\\\/cvinoticias\\\/\",\"https:\\\/\\\/www.youtube.com\\\/@CVINOTICIAS\"]},{\"@type\":\"Person\",\"@id\":\"https:\\\/\\\/cvinoticias.com\\\/v3\\\/#\\\/schema\\\/person\\\/2db77e3c6bc03c538495d7b2b8be9b66\",\"name\":\"f1000024\",\"image\":{\"@type\":\"ImageObject\",\"inLanguage\":\"es\",\"@id\":\"https:\\\/\\\/secure.gravatar.com\\\/avatar\\\/d4fe7459cfc51ff5129ce1a732bbef5928568b8092d412ef95611616376bbeed?s=96&d=mm&r=g\",\"url\":\"https:\\\/\\\/secure.gravatar.com\\\/avatar\\\/d4fe7459cfc51ff5129ce1a732bbef5928568b8092d412ef95611616376bbeed?s=96&d=mm&r=g\",\"contentUrl\":\"https:\\\/\\\/secure.gravatar.com\\\/avatar\\\/d4fe7459cfc51ff5129ce1a732bbef5928568b8092d412ef95611616376bbeed?s=96&d=mm&r=g\",\"caption\":\"f1000024\"},\"url\":\"https:\\\/\\\/cvinoticias.com\\\/v3\\\/author\\\/f1000024\\\/\"}]}<\/script>\n<!-- \/ Yoast SEO plugin. -->","yoast_head_json":{"title":"Aprobaron proyecto de Closs que aumentar\u00e1 los seguros de autos para financiar forestaci\u00f3n | CVI NOTICIAS","robots":{"index":"index","follow":"follow","max-snippet":"max-snippet:-1","max-image-preview":"max-image-preview:large","max-video-preview":"max-video-preview:-1"},"canonical":"https:\/\/cvinoticias.com\/v3\/aprobaron-proyecto-de-closs-que-aumentara-los-seguros-de-autos-para-financiar-forestacion\/","og_locale":"es_ES","og_type":"article","og_title":"Aprobaron proyecto de Closs que aumentar\u00e1 los seguros de autos para financiar forestaci\u00f3n | CVI NOTICIAS","og_description":"La C\u00e1mara alta aprob\u00f3 y gir\u00f3 a Diputados el Programa de Sustentabilidad Ambiental y Seguros que crea en el \u00e1mbito de la Superintendencia de Seguros de la Naci\u00f3n, el Programa de Sustentabilidad Ambiental y Seguros (PROSAS), con el objeto de promover las inversiones en nuevos emprendimientos forestales y en las ampliaciones de los bosques existentes [&hellip;]","og_url":"https:\/\/cvinoticias.com\/v3\/aprobaron-proyecto-de-closs-que-aumentara-los-seguros-de-autos-para-financiar-forestacion\/","og_site_name":"CVI NOTICIAS","article_publisher":"https:\/\/www.facebook.com\/cvinoticias","article_published_time":"2021-07-18T14:44:36+00:00","og_image":[{"width":501,"height":424,"url":"https:\/\/cvinoticias.com\/wp-content\/uploads\/2021\/07\/75328573_744971659355520_3630810209229733888_n-730x424-730x424-1.jpg","type":"image\/jpeg"}],"author":"f1000024","twitter_card":"summary_large_image","twitter_misc":{"Escrito por":"f1000024","Tiempo de lectura":"2 minutos"},"schema":{"@context":"https:\/\/schema.org","@graph":[{"@type":"Article","@id":"https:\/\/cvinoticias.com\/v3\/aprobaron-proyecto-de-closs-que-aumentara-los-seguros-de-autos-para-financiar-forestacion\/#article","isPartOf":{"@id":"https:\/\/cvinoticias.com\/v3\/aprobaron-proyecto-de-closs-que-aumentara-los-seguros-de-autos-para-financiar-forestacion\/"},"author":{"name":"f1000024","@id":"https:\/\/cvinoticias.com\/v3\/#\/schema\/person\/2db77e3c6bc03c538495d7b2b8be9b66"},"headline":"Aprobaron proyecto de Closs que aumentar\u00e1 los seguros de autos para financiar forestaci\u00f3n","datePublished":"2021-07-18T14:44:36+00:00","mainEntityOfPage":{"@id":"https:\/\/cvinoticias.com\/v3\/aprobaron-proyecto-de-closs-que-aumentara-los-seguros-de-autos-para-financiar-forestacion\/"},"wordCount":328,"commentCount":0,"publisher":{"@id":"https:\/\/cvinoticias.com\/v3\/#organization"},"image":{"@id":"https:\/\/cvinoticias.com\/v3\/aprobaron-proyecto-de-closs-que-aumentara-los-seguros-de-autos-para-financiar-forestacion\/#primaryimage"},"thumbnailUrl":"https:\/\/cvinoticias.com\/wp-content\/uploads\/2021\/07\/75328573_744971659355520_3630810209229733888_n-730x424-730x424-1.jpg","articleSection":["Nacionales"],"inLanguage":"es","potentialAction":[{"@type":"CommentAction","name":"Comment","target":["https:\/\/cvinoticias.com\/v3\/aprobaron-proyecto-de-closs-que-aumentara-los-seguros-de-autos-para-financiar-forestacion\/#respond"]}]},{"@type":"WebPage","@id":"https:\/\/cvinoticias.com\/v3\/aprobaron-proyecto-de-closs-que-aumentara-los-seguros-de-autos-para-financiar-forestacion\/","url":"https:\/\/cvinoticias.com\/v3\/aprobaron-proyecto-de-closs-que-aumentara-los-seguros-de-autos-para-financiar-forestacion\/","name":"Aprobaron proyecto de Closs que aumentar\u00e1 los seguros de autos para financiar forestaci\u00f3n | CVI NOTICIAS","isPartOf":{"@id":"https:\/\/cvinoticias.com\/v3\/#website"},"primaryImageOfPage":{"@id":"https:\/\/cvinoticias.com\/v3\/aprobaron-proyecto-de-closs-que-aumentara-los-seguros-de-autos-para-financiar-forestacion\/#primaryimage"},"image":{"@id":"https:\/\/cvinoticias.com\/v3\/aprobaron-proyecto-de-closs-que-aumentara-los-seguros-de-autos-para-financiar-forestacion\/#primaryimage"},"thumbnailUrl":"https:\/\/cvinoticias.com\/wp-content\/uploads\/2021\/07\/75328573_744971659355520_3630810209229733888_n-730x424-730x424-1.jpg","datePublished":"2021-07-18T14:44:36+00:00","breadcrumb":{"@id":"https:\/\/cvinoticias.com\/v3\/aprobaron-proyecto-de-closs-que-aumentara-los-seguros-de-autos-para-financiar-forestacion\/#breadcrumb"},"inLanguage":"es","potentialAction":[{"@type":"ReadAction","target":["https:\/\/cvinoticias.com\/v3\/aprobaron-proyecto-de-closs-que-aumentara-los-seguros-de-autos-para-financiar-forestacion\/"]}]},{"@type":"ImageObject","inLanguage":"es","@id":"https:\/\/cvinoticias.com\/v3\/aprobaron-proyecto-de-closs-que-aumentara-los-seguros-de-autos-para-financiar-forestacion\/#primaryimage","url":"https:\/\/cvinoticias.com\/wp-content\/uploads\/2021\/07\/75328573_744971659355520_3630810209229733888_n-730x424-730x424-1.jpg","contentUrl":"https:\/\/cvinoticias.com\/wp-content\/uploads\/2021\/07\/75328573_744971659355520_3630810209229733888_n-730x424-730x424-1.jpg","width":501,"height":424},{"@type":"BreadcrumbList","@id":"https:\/\/cvinoticias.com\/v3\/aprobaron-proyecto-de-closs-que-aumentara-los-seguros-de-autos-para-financiar-forestacion\/#breadcrumb","itemListElement":[{"@type":"ListItem","position":1,"name":"Portada","item":"https:\/\/cvinoticias.com\/v3\/"},{"@type":"ListItem","position":2,"name":"Aprobaron proyecto de Closs que aumentar\u00e1 los seguros de autos para financiar forestaci\u00f3n"}]},{"@type":"WebSite","@id":"https:\/\/cvinoticias.com\/v3\/#website","url":"https:\/\/cvinoticias.com\/v3\/","name":"CVI NOTICIAS","description":"","publisher":{"@id":"https:\/\/cvinoticias.com\/v3\/#organization"},"alternateName":"CVI","potentialAction":[{"@type":"SearchAction","target":{"@type":"EntryPoint","urlTemplate":"https:\/\/cvinoticias.com\/v3\/?s={search_term_string}"},"query-input":{"@type":"PropertyValueSpecification","valueRequired":true,"valueName":"search_term_string"}}],"inLanguage":"es"},{"@type":"Organization","@id":"https:\/\/cvinoticias.com\/v3\/#organization","name":"CVI NOTICIAS","url":"https:\/\/cvinoticias.com\/v3\/","logo":{"@type":"ImageObject","inLanguage":"es","@id":"https:\/\/cvinoticias.com\/v3\/#\/schema\/logo\/image\/","url":"https:\/\/cvinoticias.com\/wp-content\/uploads\/2023\/04\/cropped-cropped-cropped-cropped-cropped-3-1.png","contentUrl":"https:\/\/cvinoticias.com\/wp-content\/uploads\/2023\/04\/cropped-cropped-cropped-cropped-cropped-3-1.png","width":95,"height":122,"caption":"CVI NOTICIAS"},"image":{"@id":"https:\/\/cvinoticias.com\/v3\/#\/schema\/logo\/image\/"},"sameAs":["https:\/\/www.facebook.com\/cvinoticias","https:\/\/www.instagram.com\/cvinoticias\/","https:\/\/www.youtube.com\/@CVINOTICIAS"]},{"@type":"Person","@id":"https:\/\/cvinoticias.com\/v3\/#\/schema\/person\/2db77e3c6bc03c538495d7b2b8be9b66","name":"f1000024","image":{"@type":"ImageObject","inLanguage":"es","@id":"https:\/\/secure.gravatar.com\/avatar\/d4fe7459cfc51ff5129ce1a732bbef5928568b8092d412ef95611616376bbeed?s=96&d=mm&r=g","url":"https:\/\/secure.gravatar.com\/avatar\/d4fe7459cfc51ff5129ce1a732bbef5928568b8092d412ef95611616376bbeed?s=96&d=mm&r=g","contentUrl":"https:\/\/secure.gravatar.com\/avatar\/d4fe7459cfc51ff5129ce1a732bbef5928568b8092d412ef95611616376bbeed?s=96&d=mm&r=g","caption":"f1000024"},"url":"https:\/\/cvinoticias.com\/v3\/author\/f1000024\/"}]}},"_links":{"self":[{"href":"https:\/\/cvinoticias.com\/v3\/wp-json\/wp\/v2\/posts\/6895","targetHints":{"allow":["GET"]}}],"collection":[{"href":"https:\/\/cvinoticias.com\/v3\/wp-json\/wp\/v2\/posts"}],"about":[{"href":"https:\/\/cvinoticias.com\/v3\/wp-json\/wp\/v2\/types\/post"}],"author":[{"embeddable":true,"href":"https:\/\/cvinoticias.com\/v3\/wp-json\/wp\/v2\/users\/2"}],"replies":[{"embeddable":true,"href":"https:\/\/cvinoticias.com\/v3\/wp-json\/wp\/v2\/comments?post=6895"}],"version-history":[{"count":1,"href":"https:\/\/cvinoticias.com\/v3\/wp-json\/wp\/v2\/posts\/6895\/revisions"}],"predecessor-version":[{"id":6897,"href":"https:\/\/cvinoticias.com\/v3\/wp-json\/wp\/v2\/posts\/6895\/revisions\/6897"}],"wp:featuredmedia":[{"embeddable":true,"href":"https:\/\/cvinoticias.com\/v3\/wp-json\/wp\/v2\/media\/6896"}],"wp:attachment":[{"href":"https:\/\/cvinoticias.com\/v3\/wp-json\/wp\/v2\/media?parent=6895"}],"wp:term":[{"taxonomy":"category","embeddable":true,"href":"https:\/\/cvinoticias.com\/v3\/wp-json\/wp\/v2\/categories?post=6895"},{"taxonomy":"post_tag","embeddable":true,"href":"https:\/\/cvinoticias.com\/v3\/wp-json\/wp\/v2\/tags?post=6895"}],"curies":[{"name":"wp","href":"https:\/\/api.w.org\/{rel}","templated":true}]}}